{"id":339246,"date":"2023-04-26T17:35:30","date_gmt":"2023-04-26T20:35:30","guid":{"rendered":"https:\/\/blogdofarnesio.com.br\/?p=339246"},"modified":"2023-04-26T17:03:08","modified_gmt":"2023-04-26T20:03:08","slug":"apos-anos-ser-eleito-finalmente-professor-telio-assume-reitoria-da-univasf","status":"publish","type":"post","link":"https:\/\/blogdofarnesio.com.br\/?p=339246","title":{"rendered":"Ap\u00f3s anos ser eleito finalmente professor Telio assume reitoria da univasf"},"content":{"rendered":"<header class=\"entry-header\">\n<h1 class=\"entry-title\">Novo reitor da Univasf ser\u00e1 empossado nesta quarta-feira no Minist\u00e9rio da Educa\u00e7\u00e3o<\/h1>\n<\/header>\n<div class=\"entry-meta-bar clearfix\">\n<div class=\"entry-meta\"><span class=\"author\">Por\u00a0<a href=\"https:\/\/www.alvinhopatriota.com.br\/author\/chico-gomes\/\">Chico Gomes<\/a><\/span>\u00a0<span class=\"date\"><a title=\"07:35\" href=\"https:\/\/www.alvinhopatriota.com.br\/novo-reitor-da-univasf-sera-empossado-nesta-quarta-feira-no-ministerio-da-educacao\/\">26 de abril de 2023<\/a><\/span>\u00a0<span class=\"category\"><a href=\"https:\/\/www.alvinhopatriota.com.br\/noticias\/\" rel=\"category tag\">Geral<\/a><\/span>\u00a0<span class=\"comments\"><a href=\"https:\/\/www.alvinhopatriota.com.br\/novo-reitor-da-univasf-sera-empossado-nesta-quarta-feira-no-ministerio-da-educacao\/#respond\">Sem Coment\u00e1rios<\/a><\/span><\/div>\n<\/div>\n<div class=\"entry-content clearfix\">\n<p>&nbsp;<\/p>\n<p>Toma posse nesta quarta-feira, 26, na sede do Minist\u00e9rio da Educa\u00e7\u00e3o (MEC), em Bras\u00edlia, o novo reitor da Universidade Federal do Vale do S\u00e3o Francisco (Univasf), professor T\u00e9lio Nobre Leite.<\/p>\n<p>A solenidade contar\u00e1 com a presen\u00e7a da secret\u00e1ria executiva do MEC, Izolda Cela, que est\u00e1 no cargo de ministra; e do reitor pro tempore da Univasf, Julianeli Tolentino. O evento ser\u00e1 transmitido ao vivo pelo YouTube, na TV Caatinga.<\/p>\n<p>Vereadores salgueirenses que est\u00e3o em Bras\u00edlia, acompanhando a Marcha dos Legislativos, podem participar da solenidade. A institui\u00e7\u00e3o tem um campus em Salgueiro e est\u00e1 tentando construir sua sede definitiva na cidade, em terreno doado pela prefeitura na antiga esta\u00e7\u00e3o ferrovi\u00e1ria. A obra chegou a ser iniciada, mas foi paralisada pelo governo municipal.\u00a0 A expectativa \u00e9 que os trabalhos sejam retomados em breve.<\/p>\n<p>Na tarde no dia 5 de maio, \u00e0s 15h, haver\u00e1 a solenidade de transmiss\u00e3o de cargo, no Complexo Multieventos, no Campus Juazeiro-BA da universidade. Professor Julianeli, que desempenha a fun\u00e7\u00e3o de reitor pro tempore da Univasf desde que Lula assumiu em janeiro deste ano, passar\u00e1 o cargo ao novo reitor para o quadri\u00eanio 2023-2027. Na ocasi\u00e3o tamb\u00e9m ser\u00e1 empossada a professora L\u00facia Marisy Souza Ribeiro, no cargo de vice-reitora.<\/p>\n<\/div>\n","protected":false},"excerpt":{"rendered":"<p>Novo reitor da Univasf ser\u00e1 empossado nesta quarta-feira no Minist\u00e9rio da Educa\u00e7\u00e3o Por\u00a0Chico Gomes\u00a026 de abril de 2023\u00a0Geral\u00a0Sem Coment\u00e1rios &nbsp; Toma posse nesta quarta-feira, 26, na sede do Minist\u00e9rio da Educa\u00e7\u00e3o (MEC), em Bras\u00edlia, o novo reitor da Universidade Federal do Vale do S\u00e3o Francisco (Univasf), professor T\u00e9lio Nobre Leite. A solenidade contar\u00e1 com a presen\u00e7a da secret\u00e1ria executiva do MEC, Izolda Cela, que est\u00e1 no cargo de ministra; e do reitor pro tempore da Univasf, Julianeli Tolentino. O evento ser\u00e1 transmitido ao vivo pelo YouTube, na TV Caatinga. Vereadores salgueirenses que est\u00e3o em Bras\u00edlia, acompanhando a Marcha dos Legislativos, podem participar da solenidade. A institui\u00e7\u00e3o tem um campus em Salgueiro e est\u00e1 tentando construir sua sede definitiva na cidade,&hellip; <\/p>\n","protected":false},"author":2,"featured_media":294164,"comment_status":"open","ping_status":"open","sticky":false,"template":"","format":"standard","meta":{"_acf_changed":false,"footnotes":""},"categories":[6],"tags":[],"class_list":["post-339246","post","type-post","status-publish","format-standard","has-post-thumbnail","hentry","category-educacao"],"acf":[],"yoast_head":"<!-- This site is optimized with the Yoast SEO plugin v27.4 - https:\/\/yoast.com\/product\/yoast-seo-wordpress\/ -->\n<title>Ap\u00f3s anos ser eleito finalmente professor Telio assume reitoria da univasf - Blog do Farn\u00e9sio<\/title>\n<meta name=\"robots\" content=\"index, follow, max-snippet:-1, max-image-preview:large, max-video-preview:-1\" \/>\n<link rel=\"canonical\" href=\"https:\/\/blogdofarnesio.com.br\/?p=339246\" \/>\n<meta property=\"og:locale\" content=\"pt_BR\" \/>\n<meta property=\"og:type\" content=\"article\" \/>\n<meta property=\"og:title\" content=\"Ap\u00f3s anos ser eleito finalmente professor Telio assume reitoria da univasf - Blog do Farn\u00e9sio\" \/>\n<meta property=\"og:description\" content=\"Novo reitor da Univasf ser\u00e1 empossado nesta quarta-feira no Minist\u00e9rio da Educa\u00e7\u00e3o Por\u00a0Chico Gomes\u00a026 de abril de 2023\u00a0Geral\u00a0Sem Coment\u00e1rios &nbsp; Toma posse nesta quarta-feira, 26, na sede do Minist\u00e9rio da Educa\u00e7\u00e3o (MEC), em Bras\u00edlia, o novo reitor da Universidade Federal do Vale do S\u00e3o Francisco (Univasf), professor T\u00e9lio Nobre Leite. A solenidade contar\u00e1 com a presen\u00e7a da secret\u00e1ria executiva do MEC, Izolda Cela, que est\u00e1 no cargo de ministra; e do reitor pro tempore da Univasf, Julianeli Tolentino. O evento ser\u00e1 transmitido ao vivo pelo YouTube, na TV Caatinga. Vereadores salgueirenses que est\u00e3o em Bras\u00edlia, acompanhando a Marcha dos Legislativos, podem participar da solenidade. A institui\u00e7\u00e3o tem um campus em Salgueiro e est\u00e1 tentando construir sua sede definitiva na cidade,&hellip;\" \/>\n<meta property=\"og:url\" content=\"https:\/\/blogdofarnesio.com.br\/?p=339246\" \/>\n<meta property=\"og:site_name\" content=\"Blog do Farn\u00e9sio\" \/>\n<meta property=\"article:publisher\" content=\"https:\/\/www.facebook.com\/BlogQuerSaberPolitica\/\" \/>\n<meta property=\"article:author\" content=\"https:\/\/www.facebook.com\/?ref=tn_tnmn\" \/>\n<meta property=\"article:published_time\" content=\"2023-04-26T20:35:30+00:00\" \/>\n<meta property=\"og:image\" content=\"https:\/\/blogdofarnesio.com.br\/wp-content\/uploads\/2021\/08\/blogqspunivasf-Telio-Nobre-Leite.jpeg\" \/>\n\t<meta property=\"og:image:width\" content=\"678\" \/>\n\t<meta property=\"og:image:height\" content=\"452\" \/>\n\t<meta property=\"og:image:type\" content=\"image\/jpeg\" \/>\n<meta name=\"author\" content=\"Farn\u00e9sio\" \/>\n<meta name=\"twitter:card\" content=\"summary_large_image\" \/>\n<meta name=\"twitter:label1\" content=\"Escrito por\" \/>\n\t<meta name=\"twitter:data1\" content=\"Farn\u00e9sio\" \/>\n\t<meta name=\"twitter:label2\" content=\"Est. tempo de leitura\" \/>\n\t<meta name=\"twitter:data2\" content=\"2 minutos\" \/>\n<script type=\"application\/ld+json\" class=\"yoast-schema-graph\">{\"@context\":\"https:\\\/\\\/schema.org\",\"@graph\":[{\"@type\":\"Article\",\"@id\":\"https:\\\/\\\/blogdofarnesio.com.br\\\/?p=339246#article\",\"isPartOf\":{\"@id\":\"https:\\\/\\\/blogdofarnesio.com.br\\\/?p=339246\"},\"author\":{\"name\":\"Farn\u00e9sio\",\"@id\":\"https:\\\/\\\/blogdofarnesio.com.br\\\/#\\\/schema\\\/person\\\/bb9b23ae3ad0609ce8df7b6c9e76824d\"},\"headline\":\"Ap\u00f3s anos ser eleito finalmente professor Telio assume reitoria da univasf\",\"datePublished\":\"2023-04-26T20:35:30+00:00\",\"mainEntityOfPage\":{\"@id\":\"https:\\\/\\\/blogdofarnesio.com.br\\\/?p=339246\"},\"wordCount\":252,\"commentCount\":0,\"publisher\":{\"@id\":\"https:\\\/\\\/blogdofarnesio.com.br\\\/#organization\"},\"image\":{\"@id\":\"https:\\\/\\\/blogdofarnesio.com.br\\\/?p=339246#primaryimage\"},\"thumbnailUrl\":\"https:\\\/\\\/blogdofarnesio.com.br\\\/wp-content\\\/uploads\\\/2021\\\/08\\\/blogqspunivasf-Telio-Nobre-Leite.jpeg\",\"articleSection\":[\"Educa\u00e7\u00e3o\"],\"inLanguage\":\"pt-BR\",\"potentialAction\":[{\"@type\":\"CommentAction\",\"name\":\"Comment\",\"target\":[\"https:\\\/\\\/blogdofarnesio.com.br\\\/?p=339246#respond\"]}]},{\"@type\":\"WebPage\",\"@id\":\"https:\\\/\\\/blogdofarnesio.com.br\\\/?p=339246\",\"url\":\"https:\\\/\\\/blogdofarnesio.com.br\\\/?p=339246\",\"name\":\"Ap\u00f3s anos ser eleito finalmente professor Telio assume reitoria da univasf - Blog do Farn\u00e9sio\",\"isPartOf\":{\"@id\":\"https:\\\/\\\/blogdofarnesio.com.br\\\/#website\"},\"primaryImageOfPage\":{\"@id\":\"https:\\\/\\\/blogdofarnesio.com.br\\\/?p=339246#primaryimage\"},\"image\":{\"@id\":\"https:\\\/\\\/blogdofarnesio.com.br\\\/?p=339246#primaryimage\"},\"thumbnailUrl\":\"https:\\\/\\\/blogdofarnesio.com.br\\\/wp-content\\\/uploads\\\/2021\\\/08\\\/blogqspunivasf-Telio-Nobre-Leite.jpeg\",\"datePublished\":\"2023-04-26T20:35:30+00:00\",\"breadcrumb\":{\"@id\":\"https:\\\/\\\/blogdofarnesio.com.br\\\/?p=339246#breadcrumb\"},\"inLanguage\":\"pt-BR\",\"potentialAction\":[{\"@type\":\"ReadAction\",\"target\":[\"https:\\\/\\\/blogdofarnesio.com.br\\\/?p=339246\"]}]},{\"@type\":\"ImageObject\",\"inLanguage\":\"pt-BR\",\"@id\":\"https:\\\/\\\/blogdofarnesio.com.br\\\/?p=339246#primaryimage\",\"url\":\"https:\\\/\\\/blogdofarnesio.com.br\\\/wp-content\\\/uploads\\\/2021\\\/08\\\/blogqspunivasf-Telio-Nobre-Leite.jpeg\",\"contentUrl\":\"https:\\\/\\\/blogdofarnesio.com.br\\\/wp-content\\\/uploads\\\/2021\\\/08\\\/blogqspunivasf-Telio-Nobre-Leite.jpeg\",\"width\":678,\"height\":452},{\"@type\":\"BreadcrumbList\",\"@id\":\"https:\\\/\\\/blogdofarnesio.com.br\\\/?p=339246#breadcrumb\",\"itemListElement\":[{\"@type\":\"ListItem\",\"position\":1,\"name\":\"In\u00edcio\",\"item\":\"https:\\\/\\\/blogdofarnesio.com.br\\\/\"},{\"@type\":\"ListItem\",\"position\":2,\"name\":\"Ap\u00f3s anos ser eleito finalmente professor Telio assume reitoria da univasf\"}]},{\"@type\":\"WebSite\",\"@id\":\"https:\\\/\\\/blogdofarnesio.com.br\\\/#website\",\"url\":\"https:\\\/\\\/blogdofarnesio.com.br\\\/\",\"name\":\"Blog do Farn\u00e9sio\",\"description\":\"Quer Saber Pol\u00edtica?\",\"publisher\":{\"@id\":\"https:\\\/\\\/blogdofarnesio.com.br\\\/#organization\"},\"potentialAction\":[{\"@type\":\"SearchAction\",\"target\":{\"@type\":\"EntryPoint\",\"urlTemplate\":\"https:\\\/\\\/blogdofarnesio.com.br\\\/?s={search_term_string}\"},\"query-input\":{\"@type\":\"PropertyValueSpecification\",\"valueRequired\":true,\"valueName\":\"search_term_string\"}}],\"inLanguage\":\"pt-BR\"},{\"@type\":\"Organization\",\"@id\":\"https:\\\/\\\/blogdofarnesio.com.br\\\/#organization\",\"name\":\"Blog do Farn\u00e9sio\",\"url\":\"https:\\\/\\\/blogdofarnesio.com.br\\\/\",\"logo\":{\"@type\":\"ImageObject\",\"inLanguage\":\"pt-BR\",\"@id\":\"https:\\\/\\\/blogdofarnesio.com.br\\\/#\\\/schema\\\/logo\\\/image\\\/\",\"url\":\"https:\\\/\\\/blogdofarnesio.com.br\\\/wp-content\\\/uploads\\\/2026\\\/03\\\/cropped-logo_new-1.png\",\"contentUrl\":\"https:\\\/\\\/blogdofarnesio.com.br\\\/wp-content\\\/uploads\\\/2026\\\/03\\\/cropped-logo_new-1.png\",\"width\":881,\"height\":685,\"caption\":\"Blog do Farn\u00e9sio\"},\"image\":{\"@id\":\"https:\\\/\\\/blogdofarnesio.com.br\\\/#\\\/schema\\\/logo\\\/image\\\/\"},\"sameAs\":[\"https:\\\/\\\/www.facebook.com\\\/BlogQuerSaberPolitica\\\/\"]},{\"@type\":\"Person\",\"@id\":\"https:\\\/\\\/blogdofarnesio.com.br\\\/#\\\/schema\\\/person\\\/bb9b23ae3ad0609ce8df7b6c9e76824d\",\"name\":\"Farn\u00e9sio\",\"image\":{\"@type\":\"ImageObject\",\"inLanguage\":\"pt-BR\",\"@id\":\"https:\\\/\\\/secure.gravatar.com\\\/avatar\\\/986aa4c61ccdb66f8555bf88fc2a65609d00bcabd4d2d94377a727547345cbca?s=96&d=mm&r=g\",\"url\":\"https:\\\/\\\/secure.gravatar.com\\\/avatar\\\/986aa4c61ccdb66f8555bf88fc2a65609d00bcabd4d2d94377a727547345cbca?s=96&d=mm&r=g\",\"contentUrl\":\"https:\\\/\\\/secure.gravatar.com\\\/avatar\\\/986aa4c61ccdb66f8555bf88fc2a65609d00bcabd4d2d94377a727547345cbca?s=96&d=mm&r=g\",\"caption\":\"Farn\u00e9sio\"},\"description\":\"Radialista blogueiro, chegou a Petrolina\\\/Juazeiro em setembro de 1980, Farn\u00e9sio Silva \u00e9 de Arapiraca-Alagoas.\",\"sameAs\":[\"http:\\\/\\\/blogdofarnesio.com.br\",\"https:\\\/\\\/www.facebook.com\\\/?ref=tn_tnmn\",\"https:\\\/\\\/www.instagram.com\\\/?utm_source=pwa_homescreen\",\"https:\\\/\\\/youtube.com.br\\\/\"],\"url\":\"https:\\\/\\\/blogdofarnesio.com.br\\\/?author=2\"}]}<\/script>\n<!-- \/ Yoast SEO plugin. -->","yoast_head_json":{"title":"Ap\u00f3s anos ser eleito finalmente professor Telio assume reitoria da univasf - Blog do Farn\u00e9sio","robots":{"index":"index","follow":"follow","max-snippet":"max-snippet:-1","max-image-preview":"max-image-preview:large","max-video-preview":"max-video-preview:-1"},"canonical":"https:\/\/blogdofarnesio.com.br\/?p=339246","og_locale":"pt_BR","og_type":"article","og_title":"Ap\u00f3s anos ser eleito finalmente professor Telio assume reitoria da univasf - Blog do Farn\u00e9sio","og_description":"Novo reitor da Univasf ser\u00e1 empossado nesta quarta-feira no Minist\u00e9rio da Educa\u00e7\u00e3o Por\u00a0Chico Gomes\u00a026 de abril de 2023\u00a0Geral\u00a0Sem Coment\u00e1rios &nbsp; Toma posse nesta quarta-feira, 26, na sede do Minist\u00e9rio da Educa\u00e7\u00e3o (MEC), em Bras\u00edlia, o novo reitor da Universidade Federal do Vale do S\u00e3o Francisco (Univasf), professor T\u00e9lio Nobre Leite. A solenidade contar\u00e1 com a presen\u00e7a da secret\u00e1ria executiva do MEC, Izolda Cela, que est\u00e1 no cargo de ministra; e do reitor pro tempore da Univasf, Julianeli Tolentino. O evento ser\u00e1 transmitido ao vivo pelo YouTube, na TV Caatinga. Vereadores salgueirenses que est\u00e3o em Bras\u00edlia, acompanhando a Marcha dos Legislativos, podem participar da solenidade. A institui\u00e7\u00e3o tem um campus em Salgueiro e est\u00e1 tentando construir sua sede definitiva na cidade,&hellip;","og_url":"https:\/\/blogdofarnesio.com.br\/?p=339246","og_site_name":"Blog do Farn\u00e9sio","article_publisher":"https:\/\/www.facebook.com\/BlogQuerSaberPolitica\/","article_author":"https:\/\/www.facebook.com\/?ref=tn_tnmn","article_published_time":"2023-04-26T20:35:30+00:00","og_image":[{"width":678,"height":452,"url":"https:\/\/blogdofarnesio.com.br\/wp-content\/uploads\/2021\/08\/blogqspunivasf-Telio-Nobre-Leite.jpeg","type":"image\/jpeg"}],"author":"Farn\u00e9sio","twitter_card":"summary_large_image","twitter_misc":{"Escrito por":"Farn\u00e9sio","Est. tempo de leitura":"2 minutos"},"schema":{"@context":"https:\/\/schema.org","@graph":[{"@type":"Article","@id":"https:\/\/blogdofarnesio.com.br\/?p=339246#article","isPartOf":{"@id":"https:\/\/blogdofarnesio.com.br\/?p=339246"},"author":{"name":"Farn\u00e9sio","@id":"https:\/\/blogdofarnesio.com.br\/#\/schema\/person\/bb9b23ae3ad0609ce8df7b6c9e76824d"},"headline":"Ap\u00f3s anos ser eleito finalmente professor Telio assume reitoria da univasf","datePublished":"2023-04-26T20:35:30+00:00","mainEntityOfPage":{"@id":"https:\/\/blogdofarnesio.com.br\/?p=339246"},"wordCount":252,"commentCount":0,"publisher":{"@id":"https:\/\/blogdofarnesio.com.br\/#organization"},"image":{"@id":"https:\/\/blogdofarnesio.com.br\/?p=339246#primaryimage"},"thumbnailUrl":"https:\/\/blogdofarnesio.com.br\/wp-content\/uploads\/2021\/08\/blogqspunivasf-Telio-Nobre-Leite.jpeg","articleSection":["Educa\u00e7\u00e3o"],"inLanguage":"pt-BR","potentialAction":[{"@type":"CommentAction","name":"Comment","target":["https:\/\/blogdofarnesio.com.br\/?p=339246#respond"]}]},{"@type":"WebPage","@id":"https:\/\/blogdofarnesio.com.br\/?p=339246","url":"https:\/\/blogdofarnesio.com.br\/?p=339246","name":"Ap\u00f3s anos ser eleito finalmente professor Telio assume reitoria da univasf - Blog do Farn\u00e9sio","isPartOf":{"@id":"https:\/\/blogdofarnesio.com.br\/#website"},"primaryImageOfPage":{"@id":"https:\/\/blogdofarnesio.com.br\/?p=339246#primaryimage"},"image":{"@id":"https:\/\/blogdofarnesio.com.br\/?p=339246#primaryimage"},"thumbnailUrl":"https:\/\/blogdofarnesio.com.br\/wp-content\/uploads\/2021\/08\/blogqspunivasf-Telio-Nobre-Leite.jpeg","datePublished":"2023-04-26T20:35:30+00:00","breadcrumb":{"@id":"https:\/\/blogdofarnesio.com.br\/?p=339246#breadcrumb"},"inLanguage":"pt-BR","potentialAction":[{"@type":"ReadAction","target":["https:\/\/blogdofarnesio.com.br\/?p=339246"]}]},{"@type":"ImageObject","inLanguage":"pt-BR","@id":"https:\/\/blogdofarnesio.com.br\/?p=339246#primaryimage","url":"https:\/\/blogdofarnesio.com.br\/wp-content\/uploads\/2021\/08\/blogqspunivasf-Telio-Nobre-Leite.jpeg","contentUrl":"https:\/\/blogdofarnesio.com.br\/wp-content\/uploads\/2021\/08\/blogqspunivasf-Telio-Nobre-Leite.jpeg","width":678,"height":452},{"@type":"BreadcrumbList","@id":"https:\/\/blogdofarnesio.com.br\/?p=339246#breadcrumb","itemListElement":[{"@type":"ListItem","position":1,"name":"In\u00edcio","item":"https:\/\/blogdofarnesio.com.br\/"},{"@type":"ListItem","position":2,"name":"Ap\u00f3s anos ser eleito finalmente professor Telio assume reitoria da univasf"}]},{"@type":"WebSite","@id":"https:\/\/blogdofarnesio.com.br\/#website","url":"https:\/\/blogdofarnesio.com.br\/","name":"Blog do Farn\u00e9sio","description":"Quer Saber Pol\u00edtica?","publisher":{"@id":"https:\/\/blogdofarnesio.com.br\/#organization"},"potentialAction":[{"@type":"SearchAction","target":{"@type":"EntryPoint","urlTemplate":"https:\/\/blogdofarnesio.com.br\/?s={search_term_string}"},"query-input":{"@type":"PropertyValueSpecification","valueRequired":true,"valueName":"search_term_string"}}],"inLanguage":"pt-BR"},{"@type":"Organization","@id":"https:\/\/blogdofarnesio.com.br\/#organization","name":"Blog do Farn\u00e9sio","url":"https:\/\/blogdofarnesio.com.br\/","logo":{"@type":"ImageObject","inLanguage":"pt-BR","@id":"https:\/\/blogdofarnesio.com.br\/#\/schema\/logo\/image\/","url":"https:\/\/blogdofarnesio.com.br\/wp-content\/uploads\/2026\/03\/cropped-logo_new-1.png","contentUrl":"https:\/\/blogdofarnesio.com.br\/wp-content\/uploads\/2026\/03\/cropped-logo_new-1.png","width":881,"height":685,"caption":"Blog do Farn\u00e9sio"},"image":{"@id":"https:\/\/blogdofarnesio.com.br\/#\/schema\/logo\/image\/"},"sameAs":["https:\/\/www.facebook.com\/BlogQuerSaberPolitica\/"]},{"@type":"Person","@id":"https:\/\/blogdofarnesio.com.br\/#\/schema\/person\/bb9b23ae3ad0609ce8df7b6c9e76824d","name":"Farn\u00e9sio","image":{"@type":"ImageObject","inLanguage":"pt-BR","@id":"https:\/\/secure.gravatar.com\/avatar\/986aa4c61ccdb66f8555bf88fc2a65609d00bcabd4d2d94377a727547345cbca?s=96&d=mm&r=g","url":"https:\/\/secure.gravatar.com\/avatar\/986aa4c61ccdb66f8555bf88fc2a65609d00bcabd4d2d94377a727547345cbca?s=96&d=mm&r=g","contentUrl":"https:\/\/secure.gravatar.com\/avatar\/986aa4c61ccdb66f8555bf88fc2a65609d00bcabd4d2d94377a727547345cbca?s=96&d=mm&r=g","caption":"Farn\u00e9sio"},"description":"Radialista blogueiro, chegou a Petrolina\/Juazeiro em setembro de 1980, Farn\u00e9sio Silva \u00e9 de Arapiraca-Alagoas.","sameAs":["http:\/\/blogdofarnesio.com.br","https:\/\/www.facebook.com\/?ref=tn_tnmn","https:\/\/www.instagram.com\/?utm_source=pwa_homescreen","https:\/\/youtube.com.br\/"],"url":"https:\/\/blogdofarnesio.com.br\/?author=2"}]}},"_links":{"self":[{"href":"https:\/\/blogdofarnesio.com.br\/index.php?rest_route=\/wp\/v2\/posts\/339246","targetHints":{"allow":["GET"]}}],"collection":[{"href":"https:\/\/blogdofarnesio.com.br\/index.php?rest_route=\/wp\/v2\/posts"}],"about":[{"href":"https:\/\/blogdofarnesio.com.br\/index.php?rest_route=\/wp\/v2\/types\/post"}],"author":[{"embeddable":true,"href":"https:\/\/blogdofarnesio.com.br\/index.php?rest_route=\/wp\/v2\/users\/2"}],"replies":[{"embeddable":true,"href":"https:\/\/blogdofarnesio.com.br\/index.php?rest_route=%2Fwp%2Fv2%2Fcomments&post=339246"}],"version-history":[{"count":0,"href":"https:\/\/blogdofarnesio.com.br\/index.php?rest_route=\/wp\/v2\/posts\/339246\/revisions"}],"wp:featuredmedia":[{"embeddable":true,"href":"https:\/\/blogdofarnesio.com.br\/index.php?rest_route=\/wp\/v2\/media\/294164"}],"wp:attachment":[{"href":"https:\/\/blogdofarnesio.com.br\/index.php?rest_route=%2Fwp%2Fv2%2Fmedia&parent=339246"}],"wp:term":[{"taxonomy":"category","embeddable":true,"href":"https:\/\/blogdofarnesio.com.br\/index.php?rest_route=%2Fwp%2Fv2%2Fcategories&post=339246"},{"taxonomy":"post_tag","embeddable":true,"href":"https:\/\/blogdofarnesio.com.br\/index.php?rest_route=%2Fwp%2Fv2%2Ftags&post=339246"}],"curies":[{"name":"wp","href":"https:\/\/api.w.org\/{rel}","templated":true}]}}