{"id":339244,"date":"2023-04-26T17:04:55","date_gmt":"2023-04-26T20:04:55","guid":{"rendered":"https:\/\/blogdofarnesio.com.br\/?p=339244"},"modified":"2023-04-26T16:56:38","modified_gmt":"2023-04-26T19:56:38","slug":"alepe-aprova-votacao-secreta-para-a-escolha-de-membros-do-tce-pe","status":"publish","type":"post","link":"https:\/\/blogdofarnesio.com.br\/?p=339244","title":{"rendered":"Alepe aprova vota\u00e7\u00e3o secreta para a escolha de membros do TCE-PE"},"content":{"rendered":"<header class=\"entry-header\">\n<h2 class=\"entry-title\"><\/h2>\n<\/header>\n<div class=\"entry-content clearfix\">\n<p>&nbsp;<\/p>\n<p>De olho no preenchimento da vaga que ser\u00e1 aberta com a aposentadoria de Teresa Duere em julho, a Assembleia Legislativa de Pernambuco (Alepe) aprovou nessa ter\u00e7a-feira, 25, em primeira discuss\u00e3o, uma resolu\u00e7\u00e3o que permite vota\u00e7\u00e3o secreta para a escolha de membros do Tribunal de Contas do Estado (TCE). Atualmente o Regimento Interno da Casa determina que a vota\u00e7\u00e3o deve ser aberta. Uma emenda apresentada pelo deputado Waldemar Borges (PSB) tamb\u00e9m retira a limita\u00e7\u00e3o de duas indica\u00e7\u00f5es de candidaturas por parlamentar.<\/p>\n<p>A proposta de vota\u00e7\u00e3o secreta, apresentada pela Mesa Diretora, tem como principal argumento o entendimento do Supremo Tribunal Federal (STF) que \u201cem casos an\u00e1logos, \u00e0 luz do Princ\u00edpio da Simetria, manifestou-se no sentido de que a delibera\u00e7\u00e3o acerca do nome dos Conselheiros escolhidos pelo Governador do Estado deve dar-se mediante processo de\u00a0vota\u00e7\u00e3o secreta, na respectiva Assembleia Legislativa\u201d.<\/p>\n<p>Os deputados que votaram a favor da resolu\u00e7\u00e3o ainda defendem uma maior independ\u00eancia do Poder Legislativo, que apreciar\u00e1 o nome indicado pela governadora Raquel Lyra sem press\u00f5es externas. Ela j\u00e1 deu sinais que pretende indicar a deputada D\u00e9bora Almeida (PSDB), mas o nome n\u00e3o tem apoio na Alepe. Outros cotados s\u00e3o: Rodrigo Novaes (PSB), Francismar Pontes (PSB), Guilherme Uchoa Jr (PSB), Kaio Mani\u00e7oba (PP), Joaquim Lira (PV) e o ex-deputado Tony Gel.<\/p>\n<p>O Art. 32 da Constitui\u00e7\u00e3o de Pernambuco estabelece que o TCE-PE deve ser composto por sete membros, sendo quatro escolhidos pela Alepe e tr\u00eas de indica\u00e7\u00e3o do Poder Executivo. A vaga que ser\u00e1 aberta com a aposentadoria de Teresa \u00e9 de indica\u00e7\u00e3o do governo, mas precisa do respaldo da Alepe<\/p>\n<\/div>\n","protected":false},"excerpt":{"rendered":"<p>&nbsp; De olho no preenchimento da vaga que ser\u00e1 aberta com a aposentadoria de Teresa Duere em julho, a Assembleia Legislativa de Pernambuco (Alepe) aprovou nessa ter\u00e7a-feira, 25, em primeira discuss\u00e3o, uma resolu\u00e7\u00e3o que permite vota\u00e7\u00e3o secreta para a escolha de membros do Tribunal de Contas do Estado (TCE). Atualmente o Regimento Interno da Casa determina que a vota\u00e7\u00e3o deve ser aberta. Uma emenda apresentada pelo deputado Waldemar Borges (PSB) tamb\u00e9m retira a limita\u00e7\u00e3o de duas indica\u00e7\u00f5es de candidaturas por parlamentar. A proposta de vota\u00e7\u00e3o secreta, apresentada pela Mesa Diretora, tem como principal argumento o entendimento do Supremo Tribunal Federal (STF) que \u201cem casos an\u00e1logos, \u00e0 luz do Princ\u00edpio da Simetria, manifestou-se no sentido de que a delibera\u00e7\u00e3o acerca do&hellip; <\/p>\n","protected":false},"author":2,"featured_media":286230,"comment_status":"open","ping_status":"open","sticky":false,"template":"","format":"standard","meta":{"_acf_changed":false,"footnotes":""},"categories":[23],"tags":[],"class_list":["post-339244","post","type-post","status-publish","format-standard","has-post-thumbnail","hentry","category-justica"],"acf":[],"yoast_head":"<!-- This site is optimized with the Yoast SEO plugin v27.4 - https:\/\/yoast.com\/product\/yoast-seo-wordpress\/ -->\n<title>Alepe aprova vota\u00e7\u00e3o secreta para a escolha de membros do TCE-PE - Blog do Farn\u00e9sio<\/title>\n<meta name=\"robots\" content=\"index, follow, max-snippet:-1, max-image-preview:large, max-video-preview:-1\" \/>\n<link rel=\"canonical\" href=\"https:\/\/blogdofarnesio.com.br\/?p=339244\" \/>\n<meta property=\"og:locale\" content=\"pt_BR\" \/>\n<meta property=\"og:type\" content=\"article\" \/>\n<meta property=\"og:title\" content=\"Alepe aprova vota\u00e7\u00e3o secreta para a escolha de membros do TCE-PE - Blog do Farn\u00e9sio\" \/>\n<meta property=\"og:description\" content=\"&nbsp; De olho no preenchimento da vaga que ser\u00e1 aberta com a aposentadoria de Teresa Duere em julho, a Assembleia Legislativa de Pernambuco (Alepe) aprovou nessa ter\u00e7a-feira, 25, em primeira discuss\u00e3o, uma resolu\u00e7\u00e3o que permite vota\u00e7\u00e3o secreta para a escolha de membros do Tribunal de Contas do Estado (TCE). Atualmente o Regimento Interno da Casa determina que a vota\u00e7\u00e3o deve ser aberta. Uma emenda apresentada pelo deputado Waldemar Borges (PSB) tamb\u00e9m retira a limita\u00e7\u00e3o de duas indica\u00e7\u00f5es de candidaturas por parlamentar. A proposta de vota\u00e7\u00e3o secreta, apresentada pela Mesa Diretora, tem como principal argumento o entendimento do Supremo Tribunal Federal (STF) que \u201cem casos an\u00e1logos, \u00e0 luz do Princ\u00edpio da Simetria, manifestou-se no sentido de que a delibera\u00e7\u00e3o acerca do&hellip;\" \/>\n<meta property=\"og:url\" content=\"https:\/\/blogdofarnesio.com.br\/?p=339244\" \/>\n<meta property=\"og:site_name\" content=\"Blog do Farn\u00e9sio\" \/>\n<meta property=\"article:publisher\" content=\"https:\/\/www.facebook.com\/BlogQuerSaberPolitica\/\" \/>\n<meta property=\"article:author\" content=\"https:\/\/www.facebook.com\/?ref=tn_tnmn\" \/>\n<meta property=\"article:published_time\" content=\"2023-04-26T20:04:55+00:00\" \/>\n<meta property=\"og:image\" content=\"https:\/\/blogdofarnesio.com.br\/wp-content\/uploads\/2021\/05\/blogqspTCE-PE.jpg\" \/>\n\t<meta property=\"og:image:width\" content=\"600\" \/>\n\t<meta property=\"og:image:height\" content=\"364\" \/>\n\t<meta property=\"og:image:type\" content=\"image\/jpeg\" \/>\n<meta name=\"author\" content=\"Farn\u00e9sio\" \/>\n<meta name=\"twitter:card\" content=\"summary_large_image\" \/>\n<meta name=\"twitter:label1\" content=\"Escrito por\" \/>\n\t<meta name=\"twitter:data1\" content=\"Farn\u00e9sio\" \/>\n\t<meta name=\"twitter:label2\" content=\"Est. tempo de leitura\" \/>\n\t<meta name=\"twitter:data2\" content=\"2 minutos\" \/>\n<script type=\"application\/ld+json\" class=\"yoast-schema-graph\">{\"@context\":\"https:\\\/\\\/schema.org\",\"@graph\":[{\"@type\":\"Article\",\"@id\":\"https:\\\/\\\/blogdofarnesio.com.br\\\/?p=339244#article\",\"isPartOf\":{\"@id\":\"https:\\\/\\\/blogdofarnesio.com.br\\\/?p=339244\"},\"author\":{\"name\":\"Farn\u00e9sio\",\"@id\":\"https:\\\/\\\/blogdofarnesio.com.br\\\/#\\\/schema\\\/person\\\/bb9b23ae3ad0609ce8df7b6c9e76824d\"},\"headline\":\"Alepe aprova vota\u00e7\u00e3o secreta para a escolha de membros do TCE-PE\",\"datePublished\":\"2023-04-26T20:04:55+00:00\",\"mainEntityOfPage\":{\"@id\":\"https:\\\/\\\/blogdofarnesio.com.br\\\/?p=339244\"},\"wordCount\":293,\"commentCount\":0,\"publisher\":{\"@id\":\"https:\\\/\\\/blogdofarnesio.com.br\\\/#organization\"},\"image\":{\"@id\":\"https:\\\/\\\/blogdofarnesio.com.br\\\/?p=339244#primaryimage\"},\"thumbnailUrl\":\"https:\\\/\\\/blogdofarnesio.com.br\\\/wp-content\\\/uploads\\\/2021\\\/05\\\/blogqspTCE-PE.jpg\",\"articleSection\":[\"Justi\u00e7a\"],\"inLanguage\":\"pt-BR\",\"potentialAction\":[{\"@type\":\"CommentAction\",\"name\":\"Comment\",\"target\":[\"https:\\\/\\\/blogdofarnesio.com.br\\\/?p=339244#respond\"]}]},{\"@type\":\"WebPage\",\"@id\":\"https:\\\/\\\/blogdofarnesio.com.br\\\/?p=339244\",\"url\":\"https:\\\/\\\/blogdofarnesio.com.br\\\/?p=339244\",\"name\":\"Alepe aprova vota\u00e7\u00e3o secreta para a escolha de membros do TCE-PE - Blog do Farn\u00e9sio\",\"isPartOf\":{\"@id\":\"https:\\\/\\\/blogdofarnesio.com.br\\\/#website\"},\"primaryImageOfPage\":{\"@id\":\"https:\\\/\\\/blogdofarnesio.com.br\\\/?p=339244#primaryimage\"},\"image\":{\"@id\":\"https:\\\/\\\/blogdofarnesio.com.br\\\/?p=339244#primaryimage\"},\"thumbnailUrl\":\"https:\\\/\\\/blogdofarnesio.com.br\\\/wp-content\\\/uploads\\\/2021\\\/05\\\/blogqspTCE-PE.jpg\",\"datePublished\":\"2023-04-26T20:04:55+00:00\",\"breadcrumb\":{\"@id\":\"https:\\\/\\\/blogdofarnesio.com.br\\\/?p=339244#breadcrumb\"},\"inLanguage\":\"pt-BR\",\"potentialAction\":[{\"@type\":\"ReadAction\",\"target\":[\"https:\\\/\\\/blogdofarnesio.com.br\\\/?p=339244\"]}]},{\"@type\":\"ImageObject\",\"inLanguage\":\"pt-BR\",\"@id\":\"https:\\\/\\\/blogdofarnesio.com.br\\\/?p=339244#primaryimage\",\"url\":\"https:\\\/\\\/blogdofarnesio.com.br\\\/wp-content\\\/uploads\\\/2021\\\/05\\\/blogqspTCE-PE.jpg\",\"contentUrl\":\"https:\\\/\\\/blogdofarnesio.com.br\\\/wp-content\\\/uploads\\\/2021\\\/05\\\/blogqspTCE-PE.jpg\",\"width\":600,\"height\":364},{\"@type\":\"BreadcrumbList\",\"@id\":\"https:\\\/\\\/blogdofarnesio.com.br\\\/?p=339244#breadcrumb\",\"itemListElement\":[{\"@type\":\"ListItem\",\"position\":1,\"name\":\"In\u00edcio\",\"item\":\"https:\\\/\\\/blogdofarnesio.com.br\\\/\"},{\"@type\":\"ListItem\",\"position\":2,\"name\":\"Alepe aprova vota\u00e7\u00e3o secreta para a escolha de membros do TCE-PE\"}]},{\"@type\":\"WebSite\",\"@id\":\"https:\\\/\\\/blogdofarnesio.com.br\\\/#website\",\"url\":\"https:\\\/\\\/blogdofarnesio.com.br\\\/\",\"name\":\"Blog do Farn\u00e9sio\",\"description\":\"Quer Saber Pol\u00edtica?\",\"publisher\":{\"@id\":\"https:\\\/\\\/blogdofarnesio.com.br\\\/#organization\"},\"potentialAction\":[{\"@type\":\"SearchAction\",\"target\":{\"@type\":\"EntryPoint\",\"urlTemplate\":\"https:\\\/\\\/blogdofarnesio.com.br\\\/?s={search_term_string}\"},\"query-input\":{\"@type\":\"PropertyValueSpecification\",\"valueRequired\":true,\"valueName\":\"search_term_string\"}}],\"inLanguage\":\"pt-BR\"},{\"@type\":\"Organization\",\"@id\":\"https:\\\/\\\/blogdofarnesio.com.br\\\/#organization\",\"name\":\"Blog do Farn\u00e9sio\",\"url\":\"https:\\\/\\\/blogdofarnesio.com.br\\\/\",\"logo\":{\"@type\":\"ImageObject\",\"inLanguage\":\"pt-BR\",\"@id\":\"https:\\\/\\\/blogdofarnesio.com.br\\\/#\\\/schema\\\/logo\\\/image\\\/\",\"url\":\"https:\\\/\\\/blogdofarnesio.com.br\\\/wp-content\\\/uploads\\\/2026\\\/03\\\/cropped-logo_new-1.png\",\"contentUrl\":\"https:\\\/\\\/blogdofarnesio.com.br\\\/wp-content\\\/uploads\\\/2026\\\/03\\\/cropped-logo_new-1.png\",\"width\":881,\"height\":685,\"caption\":\"Blog do Farn\u00e9sio\"},\"image\":{\"@id\":\"https:\\\/\\\/blogdofarnesio.com.br\\\/#\\\/schema\\\/logo\\\/image\\\/\"},\"sameAs\":[\"https:\\\/\\\/www.facebook.com\\\/BlogQuerSaberPolitica\\\/\"]},{\"@type\":\"Person\",\"@id\":\"https:\\\/\\\/blogdofarnesio.com.br\\\/#\\\/schema\\\/person\\\/bb9b23ae3ad0609ce8df7b6c9e76824d\",\"name\":\"Farn\u00e9sio\",\"image\":{\"@type\":\"ImageObject\",\"inLanguage\":\"pt-BR\",\"@id\":\"https:\\\/\\\/secure.gravatar.com\\\/avatar\\\/986aa4c61ccdb66f8555bf88fc2a65609d00bcabd4d2d94377a727547345cbca?s=96&d=mm&r=g\",\"url\":\"https:\\\/\\\/secure.gravatar.com\\\/avatar\\\/986aa4c61ccdb66f8555bf88fc2a65609d00bcabd4d2d94377a727547345cbca?s=96&d=mm&r=g\",\"contentUrl\":\"https:\\\/\\\/secure.gravatar.com\\\/avatar\\\/986aa4c61ccdb66f8555bf88fc2a65609d00bcabd4d2d94377a727547345cbca?s=96&d=mm&r=g\",\"caption\":\"Farn\u00e9sio\"},\"description\":\"Radialista blogueiro, chegou a Petrolina\\\/Juazeiro em setembro de 1980, Farn\u00e9sio Silva \u00e9 de Arapiraca-Alagoas.\",\"sameAs\":[\"http:\\\/\\\/blogdofarnesio.com.br\",\"https:\\\/\\\/www.facebook.com\\\/?ref=tn_tnmn\",\"https:\\\/\\\/www.instagram.com\\\/?utm_source=pwa_homescreen\",\"https:\\\/\\\/youtube.com.br\\\/\"],\"url\":\"https:\\\/\\\/blogdofarnesio.com.br\\\/?author=2\"}]}<\/script>\n<!-- \/ Yoast SEO plugin. -->","yoast_head_json":{"title":"Alepe aprova vota\u00e7\u00e3o secreta para a escolha de membros do TCE-PE - Blog do Farn\u00e9sio","robots":{"index":"index","follow":"follow","max-snippet":"max-snippet:-1","max-image-preview":"max-image-preview:large","max-video-preview":"max-video-preview:-1"},"canonical":"https:\/\/blogdofarnesio.com.br\/?p=339244","og_locale":"pt_BR","og_type":"article","og_title":"Alepe aprova vota\u00e7\u00e3o secreta para a escolha de membros do TCE-PE - Blog do Farn\u00e9sio","og_description":"&nbsp; De olho no preenchimento da vaga que ser\u00e1 aberta com a aposentadoria de Teresa Duere em julho, a Assembleia Legislativa de Pernambuco (Alepe) aprovou nessa ter\u00e7a-feira, 25, em primeira discuss\u00e3o, uma resolu\u00e7\u00e3o que permite vota\u00e7\u00e3o secreta para a escolha de membros do Tribunal de Contas do Estado (TCE). Atualmente o Regimento Interno da Casa determina que a vota\u00e7\u00e3o deve ser aberta. Uma emenda apresentada pelo deputado Waldemar Borges (PSB) tamb\u00e9m retira a limita\u00e7\u00e3o de duas indica\u00e7\u00f5es de candidaturas por parlamentar. A proposta de vota\u00e7\u00e3o secreta, apresentada pela Mesa Diretora, tem como principal argumento o entendimento do Supremo Tribunal Federal (STF) que \u201cem casos an\u00e1logos, \u00e0 luz do Princ\u00edpio da Simetria, manifestou-se no sentido de que a delibera\u00e7\u00e3o acerca do&hellip;","og_url":"https:\/\/blogdofarnesio.com.br\/?p=339244","og_site_name":"Blog do Farn\u00e9sio","article_publisher":"https:\/\/www.facebook.com\/BlogQuerSaberPolitica\/","article_author":"https:\/\/www.facebook.com\/?ref=tn_tnmn","article_published_time":"2023-04-26T20:04:55+00:00","og_image":[{"width":600,"height":364,"url":"https:\/\/blogdofarnesio.com.br\/wp-content\/uploads\/2021\/05\/blogqspTCE-PE.jpg","type":"image\/jpeg"}],"author":"Farn\u00e9sio","twitter_card":"summary_large_image","twitter_misc":{"Escrito por":"Farn\u00e9sio","Est. tempo de leitura":"2 minutos"},"schema":{"@context":"https:\/\/schema.org","@graph":[{"@type":"Article","@id":"https:\/\/blogdofarnesio.com.br\/?p=339244#article","isPartOf":{"@id":"https:\/\/blogdofarnesio.com.br\/?p=339244"},"author":{"name":"Farn\u00e9sio","@id":"https:\/\/blogdofarnesio.com.br\/#\/schema\/person\/bb9b23ae3ad0609ce8df7b6c9e76824d"},"headline":"Alepe aprova vota\u00e7\u00e3o secreta para a escolha de membros do TCE-PE","datePublished":"2023-04-26T20:04:55+00:00","mainEntityOfPage":{"@id":"https:\/\/blogdofarnesio.com.br\/?p=339244"},"wordCount":293,"commentCount":0,"publisher":{"@id":"https:\/\/blogdofarnesio.com.br\/#organization"},"image":{"@id":"https:\/\/blogdofarnesio.com.br\/?p=339244#primaryimage"},"thumbnailUrl":"https:\/\/blogdofarnesio.com.br\/wp-content\/uploads\/2021\/05\/blogqspTCE-PE.jpg","articleSection":["Justi\u00e7a"],"inLanguage":"pt-BR","potentialAction":[{"@type":"CommentAction","name":"Comment","target":["https:\/\/blogdofarnesio.com.br\/?p=339244#respond"]}]},{"@type":"WebPage","@id":"https:\/\/blogdofarnesio.com.br\/?p=339244","url":"https:\/\/blogdofarnesio.com.br\/?p=339244","name":"Alepe aprova vota\u00e7\u00e3o secreta para a escolha de membros do TCE-PE - Blog do Farn\u00e9sio","isPartOf":{"@id":"https:\/\/blogdofarnesio.com.br\/#website"},"primaryImageOfPage":{"@id":"https:\/\/blogdofarnesio.com.br\/?p=339244#primaryimage"},"image":{"@id":"https:\/\/blogdofarnesio.com.br\/?p=339244#primaryimage"},"thumbnailUrl":"https:\/\/blogdofarnesio.com.br\/wp-content\/uploads\/2021\/05\/blogqspTCE-PE.jpg","datePublished":"2023-04-26T20:04:55+00:00","breadcrumb":{"@id":"https:\/\/blogdofarnesio.com.br\/?p=339244#breadcrumb"},"inLanguage":"pt-BR","potentialAction":[{"@type":"ReadAction","target":["https:\/\/blogdofarnesio.com.br\/?p=339244"]}]},{"@type":"ImageObject","inLanguage":"pt-BR","@id":"https:\/\/blogdofarnesio.com.br\/?p=339244#primaryimage","url":"https:\/\/blogdofarnesio.com.br\/wp-content\/uploads\/2021\/05\/blogqspTCE-PE.jpg","contentUrl":"https:\/\/blogdofarnesio.com.br\/wp-content\/uploads\/2021\/05\/blogqspTCE-PE.jpg","width":600,"height":364},{"@type":"BreadcrumbList","@id":"https:\/\/blogdofarnesio.com.br\/?p=339244#breadcrumb","itemListElement":[{"@type":"ListItem","position":1,"name":"In\u00edcio","item":"https:\/\/blogdofarnesio.com.br\/"},{"@type":"ListItem","position":2,"name":"Alepe aprova vota\u00e7\u00e3o secreta para a escolha de membros do TCE-PE"}]},{"@type":"WebSite","@id":"https:\/\/blogdofarnesio.com.br\/#website","url":"https:\/\/blogdofarnesio.com.br\/","name":"Blog do Farn\u00e9sio","description":"Quer Saber Pol\u00edtica?","publisher":{"@id":"https:\/\/blogdofarnesio.com.br\/#organization"},"potentialAction":[{"@type":"SearchAction","target":{"@type":"EntryPoint","urlTemplate":"https:\/\/blogdofarnesio.com.br\/?s={search_term_string}"},"query-input":{"@type":"PropertyValueSpecification","valueRequired":true,"valueName":"search_term_string"}}],"inLanguage":"pt-BR"},{"@type":"Organization","@id":"https:\/\/blogdofarnesio.com.br\/#organization","name":"Blog do Farn\u00e9sio","url":"https:\/\/blogdofarnesio.com.br\/","logo":{"@type":"ImageObject","inLanguage":"pt-BR","@id":"https:\/\/blogdofarnesio.com.br\/#\/schema\/logo\/image\/","url":"https:\/\/blogdofarnesio.com.br\/wp-content\/uploads\/2026\/03\/cropped-logo_new-1.png","contentUrl":"https:\/\/blogdofarnesio.com.br\/wp-content\/uploads\/2026\/03\/cropped-logo_new-1.png","width":881,"height":685,"caption":"Blog do Farn\u00e9sio"},"image":{"@id":"https:\/\/blogdofarnesio.com.br\/#\/schema\/logo\/image\/"},"sameAs":["https:\/\/www.facebook.com\/BlogQuerSaberPolitica\/"]},{"@type":"Person","@id":"https:\/\/blogdofarnesio.com.br\/#\/schema\/person\/bb9b23ae3ad0609ce8df7b6c9e76824d","name":"Farn\u00e9sio","image":{"@type":"ImageObject","inLanguage":"pt-BR","@id":"https:\/\/secure.gravatar.com\/avatar\/986aa4c61ccdb66f8555bf88fc2a65609d00bcabd4d2d94377a727547345cbca?s=96&d=mm&r=g","url":"https:\/\/secure.gravatar.com\/avatar\/986aa4c61ccdb66f8555bf88fc2a65609d00bcabd4d2d94377a727547345cbca?s=96&d=mm&r=g","contentUrl":"https:\/\/secure.gravatar.com\/avatar\/986aa4c61ccdb66f8555bf88fc2a65609d00bcabd4d2d94377a727547345cbca?s=96&d=mm&r=g","caption":"Farn\u00e9sio"},"description":"Radialista blogueiro, chegou a Petrolina\/Juazeiro em setembro de 1980, Farn\u00e9sio Silva \u00e9 de Arapiraca-Alagoas.","sameAs":["http:\/\/blogdofarnesio.com.br","https:\/\/www.facebook.com\/?ref=tn_tnmn","https:\/\/www.instagram.com\/?utm_source=pwa_homescreen","https:\/\/youtube.com.br\/"],"url":"https:\/\/blogdofarnesio.com.br\/?author=2"}]}},"_links":{"self":[{"href":"https:\/\/blogdofarnesio.com.br\/index.php?rest_route=\/wp\/v2\/posts\/339244","targetHints":{"allow":["GET"]}}],"collection":[{"href":"https:\/\/blogdofarnesio.com.br\/index.php?rest_route=\/wp\/v2\/posts"}],"about":[{"href":"https:\/\/blogdofarnesio.com.br\/index.php?rest_route=\/wp\/v2\/types\/post"}],"author":[{"embeddable":true,"href":"https:\/\/blogdofarnesio.com.br\/index.php?rest_route=\/wp\/v2\/users\/2"}],"replies":[{"embeddable":true,"href":"https:\/\/blogdofarnesio.com.br\/index.php?rest_route=%2Fwp%2Fv2%2Fcomments&post=339244"}],"version-history":[{"count":0,"href":"https:\/\/blogdofarnesio.com.br\/index.php?rest_route=\/wp\/v2\/posts\/339244\/revisions"}],"wp:featuredmedia":[{"embeddable":true,"href":"https:\/\/blogdofarnesio.com.br\/index.php?rest_route=\/wp\/v2\/media\/286230"}],"wp:attachment":[{"href":"https:\/\/blogdofarnesio.com.br\/index.php?rest_route=%2Fwp%2Fv2%2Fmedia&parent=339244"}],"wp:term":[{"taxonomy":"category","embeddable":true,"href":"https:\/\/blogdofarnesio.com.br\/index.php?rest_route=%2Fwp%2Fv2%2Fcategories&post=339244"},{"taxonomy":"post_tag","embeddable":true,"href":"https:\/\/blogdofarnesio.com.br\/index.php?rest_route=%2Fwp%2Fv2%2Ftags&post=339244"}],"curies":[{"name":"wp","href":"https:\/\/api.w.org\/{rel}","templated":true}]}}