{"id":339219,"date":"2023-04-26T15:43:38","date_gmt":"2023-04-26T18:43:38","guid":{"rendered":"https:\/\/blogdofarnesio.com.br\/?p=339219"},"modified":"2023-04-26T13:38:21","modified_gmt":"2023-04-26T16:38:21","slug":"conselho-municipal-de-defesa-dos-direitos-da-crianca-e-do-adolescente-prorroga-inscricoes-para-novos-membros-da-sociedade-civil","status":"publish","type":"post","link":"https:\/\/blogdofarnesio.com.br\/?p=339219","title":{"rendered":"Conselho Municipal de Defesa dos Direitos da Crian\u00e7a e do Adolescente prorroga inscri\u00e7\u00f5es para novos membros da sociedade civil"},"content":{"rendered":"<p>A Prefeitura de Juazeiro e o Conselho Municipal de Defesa dos Direitos da Crian\u00e7a (CMDCA) seguem com inscri\u00e7\u00f5es abertas para a sociedade civil organizada participar da Assembleia de Elei\u00e7\u00e3o de Entidades N\u00e3o Governamentais que ir\u00e3o compor o colegiado no bi\u00eanio 2023\/2034.<\/p>\n<p>A Assembleia ser\u00e1 realizada no dia 19 de maio e para participar as entidades devem realizar a sua inscri\u00e7\u00e3o entre os dias 25 e 28 de abril, das 8h \u00e0s 14h, na Casa do Conselhos, localizada na Pra\u00e7a Imaculada Concei\u00e7\u00e3o, 12 \u2013 Centro.<\/p>\n<p>Poder\u00e3o concorrer \u00e0s cinco vagas destinadas \u00e0 sociedade civil, entidades com atua\u00e7\u00e3o comprovada de pelo menos dois anos, no atendimento, promo\u00e7\u00e3o, defesa e garantia dos direitos da crian\u00e7a e do adolescente, em efetivo funcionamento no munic\u00edpio. Haver\u00e1 duas formas de inscri\u00e7\u00e3o no processo: candidata\/eleitora, quando a organiza\u00e7\u00e3o se habilita a votar e receber votos, e apenas eleitora, habilitada apenas para votar.<\/p>\n<p>Para mais informa\u00e7\u00f5es sobre o certame basta acessar o edital do processo ou entrar em contato com a Casa dos Conselhos, atrav\u00e9s do telefone (74) 3612-1483 ou por e-mail:\u00a0<a href=\"mailto:aai.casadosconselhos@gmail.com\">aai.casadosconselhos@gmail.com<\/a>.<\/p>\n<p><strong>CMDCA<\/strong><\/p>\n<p>O CMDCA \u00e9 um \u00f3rg\u00e3o deliberativo, controlador e fiscalizador das a\u00e7\u00f5es da pol\u00edtica municipal de atendimento \u00e0 crian\u00e7a e ao adolescente. O colegiado, composto por cinco representantes governamentais e cinco n\u00e3o governamentais, est\u00e1 vinculado \u00e0 Secretaria Municipal de Desenvolvimento Social, Mulher e Diversidade e garante a participa\u00e7\u00e3o parit\u00e1ria da sociedade civil<\/p>\n<p>&nbsp;<\/p>\n<p>Texto: Eneida Trindade \u2013 Ascom \/PMJ<\/p>\n<p>Foto: Pedro \u00c2ngelo<\/p>\n","protected":false},"excerpt":{"rendered":"<p>A Prefeitura de Juazeiro e o Conselho Municipal de Defesa dos Direitos da Crian\u00e7a (CMDCA) seguem com inscri\u00e7\u00f5es abertas para a sociedade civil organizada participar da Assembleia de Elei\u00e7\u00e3o de Entidades N\u00e3o Governamentais que ir\u00e3o compor o colegiado no bi\u00eanio 2023\/2034. A Assembleia ser\u00e1 realizada no dia 19 de maio e para participar as entidades devem realizar a sua inscri\u00e7\u00e3o entre os dias 25 e 28 de abril, das 8h \u00e0s 14h, na Casa do Conselhos, localizada na Pra\u00e7a Imaculada Concei\u00e7\u00e3o, 12 \u2013 Centro. Poder\u00e3o concorrer \u00e0s cinco vagas destinadas \u00e0 sociedade civil, entidades com atua\u00e7\u00e3o comprovada de pelo menos dois anos, no atendimento, promo\u00e7\u00e3o, defesa e garantia dos direitos da crian\u00e7a e do adolescente, em efetivo funcionamento no munic\u00edpio.&hellip; <\/p>\n","protected":false},"author":2,"featured_media":128195,"comment_status":"open","ping_status":"open","sticky":false,"template":"","format":"standard","meta":{"_acf_changed":false,"footnotes":""},"categories":[34],"tags":[],"class_list":["post-339219","post","type-post","status-publish","format-standard","has-post-thumbnail","hentry","category-eleicoes"],"acf":[],"yoast_head":"<!-- This site is optimized with the Yoast SEO plugin v27.4 - https:\/\/yoast.com\/product\/yoast-seo-wordpress\/ -->\n<title>Conselho Municipal de Defesa dos Direitos da Crian\u00e7a e do Adolescente prorroga inscri\u00e7\u00f5es para novos membros da sociedade civil - Blog do Farn\u00e9sio<\/title>\n<meta name=\"robots\" content=\"index, follow, max-snippet:-1, max-image-preview:large, max-video-preview:-1\" \/>\n<link rel=\"canonical\" href=\"https:\/\/blogdofarnesio.com.br\/?p=339219\" \/>\n<meta property=\"og:locale\" content=\"pt_BR\" \/>\n<meta property=\"og:type\" content=\"article\" \/>\n<meta property=\"og:title\" content=\"Conselho Municipal de Defesa dos Direitos da Crian\u00e7a e do Adolescente prorroga inscri\u00e7\u00f5es para novos membros da sociedade civil - Blog do Farn\u00e9sio\" \/>\n<meta property=\"og:description\" content=\"A Prefeitura de Juazeiro e o Conselho Municipal de Defesa dos Direitos da Crian\u00e7a (CMDCA) seguem com inscri\u00e7\u00f5es abertas para a sociedade civil organizada participar da Assembleia de Elei\u00e7\u00e3o de Entidades N\u00e3o Governamentais que ir\u00e3o compor o colegiado no bi\u00eanio 2023\/2034. A Assembleia ser\u00e1 realizada no dia 19 de maio e para participar as entidades devem realizar a sua inscri\u00e7\u00e3o entre os dias 25 e 28 de abril, das 8h \u00e0s 14h, na Casa do Conselhos, localizada na Pra\u00e7a Imaculada Concei\u00e7\u00e3o, 12 \u2013 Centro. Poder\u00e3o concorrer \u00e0s cinco vagas destinadas \u00e0 sociedade civil, entidades com atua\u00e7\u00e3o comprovada de pelo menos dois anos, no atendimento, promo\u00e7\u00e3o, defesa e garantia dos direitos da crian\u00e7a e do adolescente, em efetivo funcionamento no munic\u00edpio.&hellip;\" \/>\n<meta property=\"og:url\" content=\"https:\/\/blogdofarnesio.com.br\/?p=339219\" \/>\n<meta property=\"og:site_name\" content=\"Blog do Farn\u00e9sio\" \/>\n<meta property=\"article:publisher\" content=\"https:\/\/www.facebook.com\/BlogQuerSaberPolitica\/\" \/>\n<meta property=\"article:author\" content=\"https:\/\/www.facebook.com\/?ref=tn_tnmn\" \/>\n<meta property=\"article:published_time\" content=\"2023-04-26T18:43:38+00:00\" \/>\n<meta property=\"og:image\" content=\"https:\/\/blogdofarnesio.com.br\/wp-content\/uploads\/2015\/08\/blogqsp-Logo-Conselho-Tutelar-1.png\" \/>\n\t<meta property=\"og:image:width\" content=\"448\" \/>\n\t<meta property=\"og:image:height\" content=\"179\" \/>\n\t<meta property=\"og:image:type\" content=\"image\/png\" \/>\n<meta name=\"author\" content=\"Farn\u00e9sio\" \/>\n<meta name=\"twitter:card\" content=\"summary_large_image\" \/>\n<meta name=\"twitter:label1\" content=\"Escrito por\" \/>\n\t<meta name=\"twitter:data1\" content=\"Farn\u00e9sio\" \/>\n\t<meta name=\"twitter:label2\" content=\"Est. tempo de leitura\" \/>\n\t<meta name=\"twitter:data2\" content=\"2 minutos\" \/>\n<script type=\"application\/ld+json\" class=\"yoast-schema-graph\">{\"@context\":\"https:\\\/\\\/schema.org\",\"@graph\":[{\"@type\":\"Article\",\"@id\":\"https:\\\/\\\/blogdofarnesio.com.br\\\/?p=339219#article\",\"isPartOf\":{\"@id\":\"https:\\\/\\\/blogdofarnesio.com.br\\\/?p=339219\"},\"author\":{\"name\":\"Farn\u00e9sio\",\"@id\":\"https:\\\/\\\/blogdofarnesio.com.br\\\/#\\\/schema\\\/person\\\/bb9b23ae3ad0609ce8df7b6c9e76824d\"},\"headline\":\"Conselho Municipal de Defesa dos Direitos da Crian\u00e7a e do Adolescente prorroga inscri\u00e7\u00f5es para novos membros da sociedade civil\",\"datePublished\":\"2023-04-26T18:43:38+00:00\",\"mainEntityOfPage\":{\"@id\":\"https:\\\/\\\/blogdofarnesio.com.br\\\/?p=339219\"},\"wordCount\":275,\"commentCount\":0,\"publisher\":{\"@id\":\"https:\\\/\\\/blogdofarnesio.com.br\\\/#organization\"},\"image\":{\"@id\":\"https:\\\/\\\/blogdofarnesio.com.br\\\/?p=339219#primaryimage\"},\"thumbnailUrl\":\"https:\\\/\\\/blogdofarnesio.com.br\\\/wp-content\\\/uploads\\\/2015\\\/08\\\/blogqsp-Logo-Conselho-Tutelar-1.png\",\"articleSection\":[\"Elei\u00e7\u00f5es\"],\"inLanguage\":\"pt-BR\",\"potentialAction\":[{\"@type\":\"CommentAction\",\"name\":\"Comment\",\"target\":[\"https:\\\/\\\/blogdofarnesio.com.br\\\/?p=339219#respond\"]}]},{\"@type\":\"WebPage\",\"@id\":\"https:\\\/\\\/blogdofarnesio.com.br\\\/?p=339219\",\"url\":\"https:\\\/\\\/blogdofarnesio.com.br\\\/?p=339219\",\"name\":\"Conselho Municipal de Defesa dos Direitos da Crian\u00e7a e do Adolescente prorroga inscri\u00e7\u00f5es para novos membros da sociedade civil - Blog do Farn\u00e9sio\",\"isPartOf\":{\"@id\":\"https:\\\/\\\/blogdofarnesio.com.br\\\/#website\"},\"primaryImageOfPage\":{\"@id\":\"https:\\\/\\\/blogdofarnesio.com.br\\\/?p=339219#primaryimage\"},\"image\":{\"@id\":\"https:\\\/\\\/blogdofarnesio.com.br\\\/?p=339219#primaryimage\"},\"thumbnailUrl\":\"https:\\\/\\\/blogdofarnesio.com.br\\\/wp-content\\\/uploads\\\/2015\\\/08\\\/blogqsp-Logo-Conselho-Tutelar-1.png\",\"datePublished\":\"2023-04-26T18:43:38+00:00\",\"breadcrumb\":{\"@id\":\"https:\\\/\\\/blogdofarnesio.com.br\\\/?p=339219#breadcrumb\"},\"inLanguage\":\"pt-BR\",\"potentialAction\":[{\"@type\":\"ReadAction\",\"target\":[\"https:\\\/\\\/blogdofarnesio.com.br\\\/?p=339219\"]}]},{\"@type\":\"ImageObject\",\"inLanguage\":\"pt-BR\",\"@id\":\"https:\\\/\\\/blogdofarnesio.com.br\\\/?p=339219#primaryimage\",\"url\":\"https:\\\/\\\/blogdofarnesio.com.br\\\/wp-content\\\/uploads\\\/2015\\\/08\\\/blogqsp-Logo-Conselho-Tutelar-1.png\",\"contentUrl\":\"https:\\\/\\\/blogdofarnesio.com.br\\\/wp-content\\\/uploads\\\/2015\\\/08\\\/blogqsp-Logo-Conselho-Tutelar-1.png\",\"width\":448,\"height\":179},{\"@type\":\"BreadcrumbList\",\"@id\":\"https:\\\/\\\/blogdofarnesio.com.br\\\/?p=339219#breadcrumb\",\"itemListElement\":[{\"@type\":\"ListItem\",\"position\":1,\"name\":\"In\u00edcio\",\"item\":\"https:\\\/\\\/blogdofarnesio.com.br\\\/\"},{\"@type\":\"ListItem\",\"position\":2,\"name\":\"Conselho Municipal de Defesa dos Direitos da Crian\u00e7a e do Adolescente prorroga inscri\u00e7\u00f5es para novos membros da sociedade civil\"}]},{\"@type\":\"WebSite\",\"@id\":\"https:\\\/\\\/blogdofarnesio.com.br\\\/#website\",\"url\":\"https:\\\/\\\/blogdofarnesio.com.br\\\/\",\"name\":\"Blog do Farn\u00e9sio\",\"description\":\"Quer Saber Pol\u00edtica?\",\"publisher\":{\"@id\":\"https:\\\/\\\/blogdofarnesio.com.br\\\/#organization\"},\"potentialAction\":[{\"@type\":\"SearchAction\",\"target\":{\"@type\":\"EntryPoint\",\"urlTemplate\":\"https:\\\/\\\/blogdofarnesio.com.br\\\/?s={search_term_string}\"},\"query-input\":{\"@type\":\"PropertyValueSpecification\",\"valueRequired\":true,\"valueName\":\"search_term_string\"}}],\"inLanguage\":\"pt-BR\"},{\"@type\":\"Organization\",\"@id\":\"https:\\\/\\\/blogdofarnesio.com.br\\\/#organization\",\"name\":\"Blog do Farn\u00e9sio\",\"url\":\"https:\\\/\\\/blogdofarnesio.com.br\\\/\",\"logo\":{\"@type\":\"ImageObject\",\"inLanguage\":\"pt-BR\",\"@id\":\"https:\\\/\\\/blogdofarnesio.com.br\\\/#\\\/schema\\\/logo\\\/image\\\/\",\"url\":\"https:\\\/\\\/blogdofarnesio.com.br\\\/wp-content\\\/uploads\\\/2026\\\/03\\\/cropped-logo_new-1.png\",\"contentUrl\":\"https:\\\/\\\/blogdofarnesio.com.br\\\/wp-content\\\/uploads\\\/2026\\\/03\\\/cropped-logo_new-1.png\",\"width\":881,\"height\":685,\"caption\":\"Blog do Farn\u00e9sio\"},\"image\":{\"@id\":\"https:\\\/\\\/blogdofarnesio.com.br\\\/#\\\/schema\\\/logo\\\/image\\\/\"},\"sameAs\":[\"https:\\\/\\\/www.facebook.com\\\/BlogQuerSaberPolitica\\\/\"]},{\"@type\":\"Person\",\"@id\":\"https:\\\/\\\/blogdofarnesio.com.br\\\/#\\\/schema\\\/person\\\/bb9b23ae3ad0609ce8df7b6c9e76824d\",\"name\":\"Farn\u00e9sio\",\"image\":{\"@type\":\"ImageObject\",\"inLanguage\":\"pt-BR\",\"@id\":\"https:\\\/\\\/secure.gravatar.com\\\/avatar\\\/986aa4c61ccdb66f8555bf88fc2a65609d00bcabd4d2d94377a727547345cbca?s=96&d=mm&r=g\",\"url\":\"https:\\\/\\\/secure.gravatar.com\\\/avatar\\\/986aa4c61ccdb66f8555bf88fc2a65609d00bcabd4d2d94377a727547345cbca?s=96&d=mm&r=g\",\"contentUrl\":\"https:\\\/\\\/secure.gravatar.com\\\/avatar\\\/986aa4c61ccdb66f8555bf88fc2a65609d00bcabd4d2d94377a727547345cbca?s=96&d=mm&r=g\",\"caption\":\"Farn\u00e9sio\"},\"description\":\"Radialista blogueiro, chegou a Petrolina\\\/Juazeiro em setembro de 1980, Farn\u00e9sio Silva \u00e9 de Arapiraca-Alagoas.\",\"sameAs\":[\"http:\\\/\\\/blogdofarnesio.com.br\",\"https:\\\/\\\/www.facebook.com\\\/?ref=tn_tnmn\",\"https:\\\/\\\/www.instagram.com\\\/?utm_source=pwa_homescreen\",\"https:\\\/\\\/youtube.com.br\\\/\"],\"url\":\"https:\\\/\\\/blogdofarnesio.com.br\\\/?author=2\"}]}<\/script>\n<!-- \/ Yoast SEO plugin. -->","yoast_head_json":{"title":"Conselho Municipal de Defesa dos Direitos da Crian\u00e7a e do Adolescente prorroga inscri\u00e7\u00f5es para novos membros da sociedade civil - Blog do Farn\u00e9sio","robots":{"index":"index","follow":"follow","max-snippet":"max-snippet:-1","max-image-preview":"max-image-preview:large","max-video-preview":"max-video-preview:-1"},"canonical":"https:\/\/blogdofarnesio.com.br\/?p=339219","og_locale":"pt_BR","og_type":"article","og_title":"Conselho Municipal de Defesa dos Direitos da Crian\u00e7a e do Adolescente prorroga inscri\u00e7\u00f5es para novos membros da sociedade civil - Blog do Farn\u00e9sio","og_description":"A Prefeitura de Juazeiro e o Conselho Municipal de Defesa dos Direitos da Crian\u00e7a (CMDCA) seguem com inscri\u00e7\u00f5es abertas para a sociedade civil organizada participar da Assembleia de Elei\u00e7\u00e3o de Entidades N\u00e3o Governamentais que ir\u00e3o compor o colegiado no bi\u00eanio 2023\/2034. A Assembleia ser\u00e1 realizada no dia 19 de maio e para participar as entidades devem realizar a sua inscri\u00e7\u00e3o entre os dias 25 e 28 de abril, das 8h \u00e0s 14h, na Casa do Conselhos, localizada na Pra\u00e7a Imaculada Concei\u00e7\u00e3o, 12 \u2013 Centro. Poder\u00e3o concorrer \u00e0s cinco vagas destinadas \u00e0 sociedade civil, entidades com atua\u00e7\u00e3o comprovada de pelo menos dois anos, no atendimento, promo\u00e7\u00e3o, defesa e garantia dos direitos da crian\u00e7a e do adolescente, em efetivo funcionamento no munic\u00edpio.&hellip;","og_url":"https:\/\/blogdofarnesio.com.br\/?p=339219","og_site_name":"Blog do Farn\u00e9sio","article_publisher":"https:\/\/www.facebook.com\/BlogQuerSaberPolitica\/","article_author":"https:\/\/www.facebook.com\/?ref=tn_tnmn","article_published_time":"2023-04-26T18:43:38+00:00","og_image":[{"width":448,"height":179,"url":"https:\/\/blogdofarnesio.com.br\/wp-content\/uploads\/2015\/08\/blogqsp-Logo-Conselho-Tutelar-1.png","type":"image\/png"}],"author":"Farn\u00e9sio","twitter_card":"summary_large_image","twitter_misc":{"Escrito por":"Farn\u00e9sio","Est. tempo de leitura":"2 minutos"},"schema":{"@context":"https:\/\/schema.org","@graph":[{"@type":"Article","@id":"https:\/\/blogdofarnesio.com.br\/?p=339219#article","isPartOf":{"@id":"https:\/\/blogdofarnesio.com.br\/?p=339219"},"author":{"name":"Farn\u00e9sio","@id":"https:\/\/blogdofarnesio.com.br\/#\/schema\/person\/bb9b23ae3ad0609ce8df7b6c9e76824d"},"headline":"Conselho Municipal de Defesa dos Direitos da Crian\u00e7a e do Adolescente prorroga inscri\u00e7\u00f5es para novos membros da sociedade civil","datePublished":"2023-04-26T18:43:38+00:00","mainEntityOfPage":{"@id":"https:\/\/blogdofarnesio.com.br\/?p=339219"},"wordCount":275,"commentCount":0,"publisher":{"@id":"https:\/\/blogdofarnesio.com.br\/#organization"},"image":{"@id":"https:\/\/blogdofarnesio.com.br\/?p=339219#primaryimage"},"thumbnailUrl":"https:\/\/blogdofarnesio.com.br\/wp-content\/uploads\/2015\/08\/blogqsp-Logo-Conselho-Tutelar-1.png","articleSection":["Elei\u00e7\u00f5es"],"inLanguage":"pt-BR","potentialAction":[{"@type":"CommentAction","name":"Comment","target":["https:\/\/blogdofarnesio.com.br\/?p=339219#respond"]}]},{"@type":"WebPage","@id":"https:\/\/blogdofarnesio.com.br\/?p=339219","url":"https:\/\/blogdofarnesio.com.br\/?p=339219","name":"Conselho Municipal de Defesa dos Direitos da Crian\u00e7a e do Adolescente prorroga inscri\u00e7\u00f5es para novos membros da sociedade civil - Blog do Farn\u00e9sio","isPartOf":{"@id":"https:\/\/blogdofarnesio.com.br\/#website"},"primaryImageOfPage":{"@id":"https:\/\/blogdofarnesio.com.br\/?p=339219#primaryimage"},"image":{"@id":"https:\/\/blogdofarnesio.com.br\/?p=339219#primaryimage"},"thumbnailUrl":"https:\/\/blogdofarnesio.com.br\/wp-content\/uploads\/2015\/08\/blogqsp-Logo-Conselho-Tutelar-1.png","datePublished":"2023-04-26T18:43:38+00:00","breadcrumb":{"@id":"https:\/\/blogdofarnesio.com.br\/?p=339219#breadcrumb"},"inLanguage":"pt-BR","potentialAction":[{"@type":"ReadAction","target":["https:\/\/blogdofarnesio.com.br\/?p=339219"]}]},{"@type":"ImageObject","inLanguage":"pt-BR","@id":"https:\/\/blogdofarnesio.com.br\/?p=339219#primaryimage","url":"https:\/\/blogdofarnesio.com.br\/wp-content\/uploads\/2015\/08\/blogqsp-Logo-Conselho-Tutelar-1.png","contentUrl":"https:\/\/blogdofarnesio.com.br\/wp-content\/uploads\/2015\/08\/blogqsp-Logo-Conselho-Tutelar-1.png","width":448,"height":179},{"@type":"BreadcrumbList","@id":"https:\/\/blogdofarnesio.com.br\/?p=339219#breadcrumb","itemListElement":[{"@type":"ListItem","position":1,"name":"In\u00edcio","item":"https:\/\/blogdofarnesio.com.br\/"},{"@type":"ListItem","position":2,"name":"Conselho Municipal de Defesa dos Direitos da Crian\u00e7a e do Adolescente prorroga inscri\u00e7\u00f5es para novos membros da sociedade civil"}]},{"@type":"WebSite","@id":"https:\/\/blogdofarnesio.com.br\/#website","url":"https:\/\/blogdofarnesio.com.br\/","name":"Blog do Farn\u00e9sio","description":"Quer Saber Pol\u00edtica?","publisher":{"@id":"https:\/\/blogdofarnesio.com.br\/#organization"},"potentialAction":[{"@type":"SearchAction","target":{"@type":"EntryPoint","urlTemplate":"https:\/\/blogdofarnesio.com.br\/?s={search_term_string}"},"query-input":{"@type":"PropertyValueSpecification","valueRequired":true,"valueName":"search_term_string"}}],"inLanguage":"pt-BR"},{"@type":"Organization","@id":"https:\/\/blogdofarnesio.com.br\/#organization","name":"Blog do Farn\u00e9sio","url":"https:\/\/blogdofarnesio.com.br\/","logo":{"@type":"ImageObject","inLanguage":"pt-BR","@id":"https:\/\/blogdofarnesio.com.br\/#\/schema\/logo\/image\/","url":"https:\/\/blogdofarnesio.com.br\/wp-content\/uploads\/2026\/03\/cropped-logo_new-1.png","contentUrl":"https:\/\/blogdofarnesio.com.br\/wp-content\/uploads\/2026\/03\/cropped-logo_new-1.png","width":881,"height":685,"caption":"Blog do Farn\u00e9sio"},"image":{"@id":"https:\/\/blogdofarnesio.com.br\/#\/schema\/logo\/image\/"},"sameAs":["https:\/\/www.facebook.com\/BlogQuerSaberPolitica\/"]},{"@type":"Person","@id":"https:\/\/blogdofarnesio.com.br\/#\/schema\/person\/bb9b23ae3ad0609ce8df7b6c9e76824d","name":"Farn\u00e9sio","image":{"@type":"ImageObject","inLanguage":"pt-BR","@id":"https:\/\/secure.gravatar.com\/avatar\/986aa4c61ccdb66f8555bf88fc2a65609d00bcabd4d2d94377a727547345cbca?s=96&d=mm&r=g","url":"https:\/\/secure.gravatar.com\/avatar\/986aa4c61ccdb66f8555bf88fc2a65609d00bcabd4d2d94377a727547345cbca?s=96&d=mm&r=g","contentUrl":"https:\/\/secure.gravatar.com\/avatar\/986aa4c61ccdb66f8555bf88fc2a65609d00bcabd4d2d94377a727547345cbca?s=96&d=mm&r=g","caption":"Farn\u00e9sio"},"description":"Radialista blogueiro, chegou a Petrolina\/Juazeiro em setembro de 1980, Farn\u00e9sio Silva \u00e9 de Arapiraca-Alagoas.","sameAs":["http:\/\/blogdofarnesio.com.br","https:\/\/www.facebook.com\/?ref=tn_tnmn","https:\/\/www.instagram.com\/?utm_source=pwa_homescreen","https:\/\/youtube.com.br\/"],"url":"https:\/\/blogdofarnesio.com.br\/?author=2"}]}},"_links":{"self":[{"href":"https:\/\/blogdofarnesio.com.br\/index.php?rest_route=\/wp\/v2\/posts\/339219","targetHints":{"allow":["GET"]}}],"collection":[{"href":"https:\/\/blogdofarnesio.com.br\/index.php?rest_route=\/wp\/v2\/posts"}],"about":[{"href":"https:\/\/blogdofarnesio.com.br\/index.php?rest_route=\/wp\/v2\/types\/post"}],"author":[{"embeddable":true,"href":"https:\/\/blogdofarnesio.com.br\/index.php?rest_route=\/wp\/v2\/users\/2"}],"replies":[{"embeddable":true,"href":"https:\/\/blogdofarnesio.com.br\/index.php?rest_route=%2Fwp%2Fv2%2Fcomments&post=339219"}],"version-history":[{"count":0,"href":"https:\/\/blogdofarnesio.com.br\/index.php?rest_route=\/wp\/v2\/posts\/339219\/revisions"}],"wp:featuredmedia":[{"embeddable":true,"href":"https:\/\/blogdofarnesio.com.br\/index.php?rest_route=\/wp\/v2\/media\/128195"}],"wp:attachment":[{"href":"https:\/\/blogdofarnesio.com.br\/index.php?rest_route=%2Fwp%2Fv2%2Fmedia&parent=339219"}],"wp:term":[{"taxonomy":"category","embeddable":true,"href":"https:\/\/blogdofarnesio.com.br\/index.php?rest_route=%2Fwp%2Fv2%2Fcategories&post=339219"},{"taxonomy":"post_tag","embeddable":true,"href":"https:\/\/blogdofarnesio.com.br\/index.php?rest_route=%2Fwp%2Fv2%2Ftags&post=339219"}],"curies":[{"name":"wp","href":"https:\/\/api.w.org\/{rel}","templated":true}]}}