{"id":33903,"date":"2013-03-28T16:31:34","date_gmt":"2013-03-28T19:31:34","guid":{"rendered":"http:\/\/www.quersaberpolitica.com.br\/?p=33903"},"modified":"2013-03-28T16:31:34","modified_gmt":"2013-03-28T19:31:34","slug":"isaac-carvalho-visita-canteiro-de-obra-de-mais-1500-casas","status":"publish","type":"post","link":"https:\/\/blogdofarnesio.com.br\/?p=33903","title":{"rendered":"ISAAC CARVALHO VISITA CANTEIRO DE OBRA DE MAIS 1500 CASAS"},"content":{"rendered":"<p style=\"text-align: justify\"><a href=\"http:\/\/www.quersaberpolitica.com.br\/2016\/wp-content\/uploads\/2013\/03\/blogqspbrisadaserra-Foto-Farn\u00e9sio-Silva-2.jpg\"><img loading=\"lazy\" decoding=\"async\" class=\"aligncenter  wp-image-33910\" title=\"blogqspbrisadaserra Foto Farn\u00e9sio Silva (2)\" alt=\"blogqspbrisadaserra Foto Farn\u00e9sio Silva (2)\" src=\"http:\/\/www.quersaberpolitica.com.br\/2016\/wp-content\/uploads\/2013\/03\/blogqspbrisadaserra-Foto-Farn\u00e9sio-Silva-2.jpg\" width=\"518\" height=\"254\" srcset=\"https:\/\/blogdofarnesio.com.br\/wp-content\/uploads\/2013\/03\/blogqspbrisadaserra-Foto-Farn\u00e9sio-Silva-2.jpg 640w, https:\/\/blogdofarnesio.com.br\/wp-content\/uploads\/2013\/03\/blogqspbrisadaserra-Foto-Farn\u00e9sio-Silva-2-300x146.jpg 300w, https:\/\/blogdofarnesio.com.br\/wp-content\/uploads\/2013\/03\/blogqspbrisadaserra-Foto-Farn\u00e9sio-Silva-2-500x244.jpg 500w\" sizes=\"auto, (max-width: 518px) 100vw, 518px\" \/><\/a>Cumprindo a promessa de diminuir o d\u00e9ficit habitacional de Juazeiro, o prefeito Isaac Carvalho, visitou na manh\u00e3 desta quinta-feira de P\u00e1scoa, 28 de mar\u00e7o, o canteiro de obras do novo empreendimento imobili\u00e1rio do Programa Minha Casa, Minha Vida, o residencial Brisa da Serra, pr\u00f3ximo ao bairro Jo\u00e3o Paulo II. O residencial atender\u00e1 a 1.500 fam\u00edlias de baixa renda, na faixa de zero a 3 sal\u00e1rios m\u00ednimos.<\/p>\n<figure id=\"attachment_33911\" aria-describedby=\"caption-attachment-33911\" style=\"width: 240px\" class=\"wp-caption alignleft\"><a href=\"http:\/\/www.quersaberpolitica.com.br\/2016\/wp-content\/uploads\/2013\/03\/blogqspbrisadaserra-Foto-Farn\u00e9sio-Silva-21.jpg\"><img loading=\"lazy\" decoding=\"async\" class=\" wp-image-33911 \" title=\"blogqspbrisadaserra Foto Farn\u00e9sio Silva (21)\" alt=\"blogqspbrisadaserra Foto Farn\u00e9sio Silva (21)\" src=\"http:\/\/www.quersaberpolitica.com.br\/2016\/wp-content\/uploads\/2013\/03\/blogqspbrisadaserra-Foto-Farn\u00e9sio-Silva-21-300x168.jpg\" width=\"240\" height=\"134\" srcset=\"https:\/\/blogdofarnesio.com.br\/wp-content\/uploads\/2013\/03\/blogqspbrisadaserra-Foto-Farn\u00e9sio-Silva-21-300x168.jpg 300w, https:\/\/blogdofarnesio.com.br\/wp-content\/uploads\/2013\/03\/blogqspbrisadaserra-Foto-Farn\u00e9sio-Silva-21.jpg 448w\" sizes=\"auto, (max-width: 240px) 100vw, 240px\" \/><\/a><figcaption id=\"caption-attachment-33911\" class=\"wp-caption-text\">Pref Isaac Eng da Obra Fc\u00ba<\/figcaption><\/figure>\n<figure id=\"attachment_33912\" aria-describedby=\"caption-attachment-33912\" style=\"width: 240px\" class=\"wp-caption alignright\"><a href=\"http:\/\/www.quersaberpolitica.com.br\/2016\/wp-content\/uploads\/2013\/03\/blogqspbrisadaserra-Foto-Farn\u00e9sio-Silva-27.jpg\"><img loading=\"lazy\" decoding=\"async\" class=\" wp-image-33912 \" title=\"blogqspbrisadaserra Foto Farn\u00e9sio Silva (27)\" alt=\"blogqspbrisadaserra Foto Farn\u00e9sio Silva (27)\" src=\"http:\/\/www.quersaberpolitica.com.br\/2016\/wp-content\/uploads\/2013\/03\/blogqspbrisadaserra-Foto-Farn\u00e9sio-Silva-27-300x168.jpg\" width=\"240\" height=\"134\" srcset=\"https:\/\/blogdofarnesio.com.br\/wp-content\/uploads\/2013\/03\/blogqspbrisadaserra-Foto-Farn\u00e9sio-Silva-27-300x168.jpg 300w, https:\/\/blogdofarnesio.com.br\/wp-content\/uploads\/2013\/03\/blogqspbrisadaserra-Foto-Farn\u00e9sio-Silva-27.jpg 448w\" sizes=\"auto, (max-width: 240px) 100vw, 240px\" \/><\/a><figcaption id=\"caption-attachment-33912\" class=\"wp-caption-text\">Gerente Caixa e o prefeito<\/figcaption><\/figure>\n<p style=\"text-align: justify\">Somados, ser\u00e3o mais de oito mil casas populares constru\u00eddas. O novo residencial ir\u00e1 contar com uma creche, posto de sa\u00fade, quadra poliesportiva e escola. \u201cTemos uma perspectiva que at\u00e9 o final desse mandato possamos ultrapassar o n\u00famero de 10 mil novas resid\u00eancias, diminuindo o grande d\u00e9ficit habitacional da nossa cidade\u201d, colocou o prefeito, destacando que essa \u00e9 uma obra que tamb\u00e9m possibilita a gera\u00e7\u00e3o de emprego e renda.<\/p>\n<p style=\"text-align: justify\">Na oportunidade, o prefeito Isaac assinou (foto) o Termo de Ades\u00e3o ao programa Minha Casa Minha Vida, junto ao representante da Caixa Econ\u00f4mica Federal. Essa \u00e9 mais uma obra em parceria com o governo federal.<\/p>\n<p style=\"text-align: justify\"><strong>Gera\u00e7\u00e3o de emprego<!--more--><\/strong><\/p>\n<p style=\"text-align: justify\">O gerente de obras, engenheiro Francisco Menezes, declarou que est\u00e1 previsto para mar\u00e7o de 2014 a conclus\u00e3o do novo residencial. Falou tamb\u00e9m do apoio que a Prefeitura de Juazeiro tem oferecido. \u201cToda a infraestrutura depende da contra-partida que o munic\u00edpio oferece. E a prefeitura tem cumprido com o que foi acordado, demonstrando a import\u00e2ncia de uma obra como esta para a cidade\u201d, declarou, ressaltando a gera\u00e7\u00e3o de emprego, que est\u00e1 com 400 empregos diretos, com possibilidade de disponibilizar mais vagas.<\/p>\n<p style=\"text-align: justify\">As novas resid\u00eancias, que tem a frente a construtora Gr\u00e1fico, est\u00e3o sendo constru\u00eddas de modo mais qualificado, al\u00e9m de buscarem adequar \u00e0s condi\u00e7\u00f5es clim\u00e1ticas da regi\u00e3o. \u201cAqui as casas s\u00e3o iniciadas pela funda\u00e7\u00e3o e contra-piso, para que em seguida seja montada com placas ciment\u00edcias. Al\u00e9m disso, o revestimento interno \u00e9 feito de gesso, diminuindo o calor que faz aqui na regi\u00e3o\u201d, disse o t\u00e9cnico em edifica\u00e7\u00f5es da empresa, Jeferson Vinicius.<\/p>\n<p style=\"text-align: justify\">Acompanharam o prefeito os secret\u00e1rios Fernando Dantas (Rela\u00e7\u00f5es Institucionais), C\u00e9lia Regina (Desenvolvimento Urbano), o diretor da CMTT, Coronel Rubem Arouca, a assessora de projetos sociais, Maria Gorete Castro, os vereadores Caf\u00e9 e Sargento Bastos, al\u00e9m de lideran\u00e7as comunit\u00e1rias.<\/p>\n<p style=\"text-align: justify\">\n","protected":false},"excerpt":{"rendered":"<p>Cumprindo a promessa de diminuir o d\u00e9ficit habitacional de Juazeiro, o prefeito Isaac Carvalho, visitou na manh\u00e3 desta quinta-feira de P\u00e1scoa, 28 de mar\u00e7o, o canteiro de obras do novo empreendimento imobili\u00e1rio do Programa Minha Casa, Minha Vida, o residencial Brisa da Serra, pr\u00f3ximo ao bairro Jo\u00e3o Paulo II. O residencial atender\u00e1 a 1.500 fam\u00edlias de baixa renda, na faixa de zero a 3 sal\u00e1rios m\u00ednimos. Somados, ser\u00e3o mais de oito mil casas populares constru\u00eddas. O novo residencial ir\u00e1 contar com uma creche, posto de sa\u00fade, quadra poliesportiva e escola. \u201cTemos uma perspectiva que at\u00e9 o final desse mandato possamos ultrapassar o n\u00famero de 10 mil novas resid\u00eancias, diminuindo o grande d\u00e9ficit habitacional da nossa cidade\u201d, colocou o prefeito, destacando&hellip; <\/p>\n","protected":false},"author":3,"featured_media":0,"comment_status":"open","ping_status":"open","sticky":false,"template":"","format":"standard","meta":{"_acf_changed":false,"footnotes":""},"categories":[1],"tags":[],"class_list":["post-33903","post","type-post","status-publish","format-standard","hentry","category-politica"],"acf":[],"yoast_head":"<!-- This site is optimized with the Yoast SEO plugin v27.4 - https:\/\/yoast.com\/product\/yoast-seo-wordpress\/ -->\n<title>ISAAC CARVALHO VISITA CANTEIRO DE OBRA DE MAIS 1500 CASAS - Blog do Farn\u00e9sio<\/title>\n<meta name=\"robots\" content=\"index, follow, max-snippet:-1, max-image-preview:large, max-video-preview:-1\" \/>\n<link rel=\"canonical\" href=\"https:\/\/blogdofarnesio.com.br\/?p=33903\" \/>\n<meta property=\"og:locale\" content=\"pt_BR\" \/>\n<meta property=\"og:type\" content=\"article\" \/>\n<meta property=\"og:title\" content=\"ISAAC CARVALHO VISITA CANTEIRO DE OBRA DE MAIS 1500 CASAS - Blog do Farn\u00e9sio\" \/>\n<meta property=\"og:description\" content=\"Cumprindo a promessa de diminuir o d\u00e9ficit habitacional de Juazeiro, o prefeito Isaac Carvalho, visitou na manh\u00e3 desta quinta-feira de P\u00e1scoa, 28 de mar\u00e7o, o canteiro de obras do novo empreendimento imobili\u00e1rio do Programa Minha Casa, Minha Vida, o residencial Brisa da Serra, pr\u00f3ximo ao bairro Jo\u00e3o Paulo II. O residencial atender\u00e1 a 1.500 fam\u00edlias de baixa renda, na faixa de zero a 3 sal\u00e1rios m\u00ednimos. Somados, ser\u00e3o mais de oito mil casas populares constru\u00eddas. O novo residencial ir\u00e1 contar com uma creche, posto de sa\u00fade, quadra poliesportiva e escola. \u201cTemos uma perspectiva que at\u00e9 o final desse mandato possamos ultrapassar o n\u00famero de 10 mil novas resid\u00eancias, diminuindo o grande d\u00e9ficit habitacional da nossa cidade\u201d, colocou o prefeito, destacando&hellip;\" \/>\n<meta property=\"og:url\" content=\"https:\/\/blogdofarnesio.com.br\/?p=33903\" \/>\n<meta property=\"og:site_name\" content=\"Blog do Farn\u00e9sio\" \/>\n<meta property=\"article:publisher\" content=\"https:\/\/www.facebook.com\/BlogQuerSaberPolitica\/\" \/>\n<meta property=\"article:published_time\" content=\"2013-03-28T19:31:34+00:00\" \/>\n<meta name=\"author\" content=\"teste\" \/>\n<meta name=\"twitter:card\" content=\"summary_large_image\" \/>\n<meta name=\"twitter:label1\" content=\"Escrito por\" \/>\n\t<meta name=\"twitter:data1\" content=\"teste\" \/>\n\t<meta name=\"twitter:label2\" content=\"Est. tempo de leitura\" \/>\n\t<meta name=\"twitter:data2\" content=\"2 minutos\" \/>\n<script type=\"application\/ld+json\" class=\"yoast-schema-graph\">{\"@context\":\"https:\\\/\\\/schema.org\",\"@graph\":[{\"@type\":\"Article\",\"@id\":\"https:\\\/\\\/blogdofarnesio.com.br\\\/?p=33903#article\",\"isPartOf\":{\"@id\":\"https:\\\/\\\/blogdofarnesio.com.br\\\/?p=33903\"},\"author\":{\"name\":\"teste\",\"@id\":\"https:\\\/\\\/blogdofarnesio.com.br\\\/#\\\/schema\\\/person\\\/dd1bf5eba40b687199ba45ca6b97dff9\"},\"headline\":\"ISAAC CARVALHO VISITA CANTEIRO DE OBRA DE MAIS 1500 CASAS\",\"datePublished\":\"2013-03-28T19:31:34+00:00\",\"mainEntityOfPage\":{\"@id\":\"https:\\\/\\\/blogdofarnesio.com.br\\\/?p=33903\"},\"wordCount\":432,\"commentCount\":0,\"publisher\":{\"@id\":\"https:\\\/\\\/blogdofarnesio.com.br\\\/#organization\"},\"articleSection\":[\"Pol\u00edtica\"],\"inLanguage\":\"pt-BR\",\"potentialAction\":[{\"@type\":\"CommentAction\",\"name\":\"Comment\",\"target\":[\"https:\\\/\\\/blogdofarnesio.com.br\\\/?p=33903#respond\"]}]},{\"@type\":\"WebPage\",\"@id\":\"https:\\\/\\\/blogdofarnesio.com.br\\\/?p=33903\",\"url\":\"https:\\\/\\\/blogdofarnesio.com.br\\\/?p=33903\",\"name\":\"ISAAC CARVALHO VISITA CANTEIRO DE OBRA DE MAIS 1500 CASAS - Blog do Farn\u00e9sio\",\"isPartOf\":{\"@id\":\"https:\\\/\\\/blogdofarnesio.com.br\\\/#website\"},\"datePublished\":\"2013-03-28T19:31:34+00:00\",\"breadcrumb\":{\"@id\":\"https:\\\/\\\/blogdofarnesio.com.br\\\/?p=33903#breadcrumb\"},\"inLanguage\":\"pt-BR\",\"potentialAction\":[{\"@type\":\"ReadAction\",\"target\":[\"https:\\\/\\\/blogdofarnesio.com.br\\\/?p=33903\"]}]},{\"@type\":\"BreadcrumbList\",\"@id\":\"https:\\\/\\\/blogdofarnesio.com.br\\\/?p=33903#breadcrumb\",\"itemListElement\":[{\"@type\":\"ListItem\",\"position\":1,\"name\":\"In\u00edcio\",\"item\":\"https:\\\/\\\/blogdofarnesio.com.br\\\/\"},{\"@type\":\"ListItem\",\"position\":2,\"name\":\"ISAAC CARVALHO VISITA CANTEIRO DE OBRA DE MAIS 1500 CASAS\"}]},{\"@type\":\"WebSite\",\"@id\":\"https:\\\/\\\/blogdofarnesio.com.br\\\/#website\",\"url\":\"https:\\\/\\\/blogdofarnesio.com.br\\\/\",\"name\":\"Blog do Farn\u00e9sio\",\"description\":\"Quer Saber Pol\u00edtica?\",\"publisher\":{\"@id\":\"https:\\\/\\\/blogdofarnesio.com.br\\\/#organization\"},\"potentialAction\":[{\"@type\":\"SearchAction\",\"target\":{\"@type\":\"EntryPoint\",\"urlTemplate\":\"https:\\\/\\\/blogdofarnesio.com.br\\\/?s={search_term_string}\"},\"query-input\":{\"@type\":\"PropertyValueSpecification\",\"valueRequired\":true,\"valueName\":\"search_term_string\"}}],\"inLanguage\":\"pt-BR\"},{\"@type\":\"Organization\",\"@id\":\"https:\\\/\\\/blogdofarnesio.com.br\\\/#organization\",\"name\":\"Blog do Farn\u00e9sio\",\"url\":\"https:\\\/\\\/blogdofarnesio.com.br\\\/\",\"logo\":{\"@type\":\"ImageObject\",\"inLanguage\":\"pt-BR\",\"@id\":\"https:\\\/\\\/blogdofarnesio.com.br\\\/#\\\/schema\\\/logo\\\/image\\\/\",\"url\":\"https:\\\/\\\/blogdofarnesio.com.br\\\/wp-content\\\/uploads\\\/2026\\\/03\\\/cropped-logo_new-1.png\",\"contentUrl\":\"https:\\\/\\\/blogdofarnesio.com.br\\\/wp-content\\\/uploads\\\/2026\\\/03\\\/cropped-logo_new-1.png\",\"width\":881,\"height\":685,\"caption\":\"Blog do Farn\u00e9sio\"},\"image\":{\"@id\":\"https:\\\/\\\/blogdofarnesio.com.br\\\/#\\\/schema\\\/logo\\\/image\\\/\"},\"sameAs\":[\"https:\\\/\\\/www.facebook.com\\\/BlogQuerSaberPolitica\\\/\"]},{\"@type\":\"Person\",\"@id\":\"https:\\\/\\\/blogdofarnesio.com.br\\\/#\\\/schema\\\/person\\\/dd1bf5eba40b687199ba45ca6b97dff9\",\"name\":\"teste\",\"image\":{\"@type\":\"ImageObject\",\"inLanguage\":\"pt-BR\",\"@id\":\"https:\\\/\\\/secure.gravatar.com\\\/avatar\\\/2172498d4914b51e1d89a0f97957b035ac4938723a5cac208135d389b6972a6d?s=96&d=mm&r=g\",\"url\":\"https:\\\/\\\/secure.gravatar.com\\\/avatar\\\/2172498d4914b51e1d89a0f97957b035ac4938723a5cac208135d389b6972a6d?s=96&d=mm&r=g\",\"contentUrl\":\"https:\\\/\\\/secure.gravatar.com\\\/avatar\\\/2172498d4914b51e1d89a0f97957b035ac4938723a5cac208135d389b6972a6d?s=96&d=mm&r=g\",\"caption\":\"teste\"},\"url\":\"https:\\\/\\\/blogdofarnesio.com.br\\\/?author=3\"}]}<\/script>\n<!-- \/ Yoast SEO plugin. -->","yoast_head_json":{"title":"ISAAC CARVALHO VISITA CANTEIRO DE OBRA DE MAIS 1500 CASAS - Blog do Farn\u00e9sio","robots":{"index":"index","follow":"follow","max-snippet":"max-snippet:-1","max-image-preview":"max-image-preview:large","max-video-preview":"max-video-preview:-1"},"canonical":"https:\/\/blogdofarnesio.com.br\/?p=33903","og_locale":"pt_BR","og_type":"article","og_title":"ISAAC CARVALHO VISITA CANTEIRO DE OBRA DE MAIS 1500 CASAS - Blog do Farn\u00e9sio","og_description":"Cumprindo a promessa de diminuir o d\u00e9ficit habitacional de Juazeiro, o prefeito Isaac Carvalho, visitou na manh\u00e3 desta quinta-feira de P\u00e1scoa, 28 de mar\u00e7o, o canteiro de obras do novo empreendimento imobili\u00e1rio do Programa Minha Casa, Minha Vida, o residencial Brisa da Serra, pr\u00f3ximo ao bairro Jo\u00e3o Paulo II. O residencial atender\u00e1 a 1.500 fam\u00edlias de baixa renda, na faixa de zero a 3 sal\u00e1rios m\u00ednimos. Somados, ser\u00e3o mais de oito mil casas populares constru\u00eddas. O novo residencial ir\u00e1 contar com uma creche, posto de sa\u00fade, quadra poliesportiva e escola. \u201cTemos uma perspectiva que at\u00e9 o final desse mandato possamos ultrapassar o n\u00famero de 10 mil novas resid\u00eancias, diminuindo o grande d\u00e9ficit habitacional da nossa cidade\u201d, colocou o prefeito, destacando&hellip;","og_url":"https:\/\/blogdofarnesio.com.br\/?p=33903","og_site_name":"Blog do Farn\u00e9sio","article_publisher":"https:\/\/www.facebook.com\/BlogQuerSaberPolitica\/","article_published_time":"2013-03-28T19:31:34+00:00","author":"teste","twitter_card":"summary_large_image","twitter_misc":{"Escrito por":"teste","Est. tempo de leitura":"2 minutos"},"schema":{"@context":"https:\/\/schema.org","@graph":[{"@type":"Article","@id":"https:\/\/blogdofarnesio.com.br\/?p=33903#article","isPartOf":{"@id":"https:\/\/blogdofarnesio.com.br\/?p=33903"},"author":{"name":"teste","@id":"https:\/\/blogdofarnesio.com.br\/#\/schema\/person\/dd1bf5eba40b687199ba45ca6b97dff9"},"headline":"ISAAC CARVALHO VISITA CANTEIRO DE OBRA DE MAIS 1500 CASAS","datePublished":"2013-03-28T19:31:34+00:00","mainEntityOfPage":{"@id":"https:\/\/blogdofarnesio.com.br\/?p=33903"},"wordCount":432,"commentCount":0,"publisher":{"@id":"https:\/\/blogdofarnesio.com.br\/#organization"},"articleSection":["Pol\u00edtica"],"inLanguage":"pt-BR","potentialAction":[{"@type":"CommentAction","name":"Comment","target":["https:\/\/blogdofarnesio.com.br\/?p=33903#respond"]}]},{"@type":"WebPage","@id":"https:\/\/blogdofarnesio.com.br\/?p=33903","url":"https:\/\/blogdofarnesio.com.br\/?p=33903","name":"ISAAC CARVALHO VISITA CANTEIRO DE OBRA DE MAIS 1500 CASAS - Blog do Farn\u00e9sio","isPartOf":{"@id":"https:\/\/blogdofarnesio.com.br\/#website"},"datePublished":"2013-03-28T19:31:34+00:00","breadcrumb":{"@id":"https:\/\/blogdofarnesio.com.br\/?p=33903#breadcrumb"},"inLanguage":"pt-BR","potentialAction":[{"@type":"ReadAction","target":["https:\/\/blogdofarnesio.com.br\/?p=33903"]}]},{"@type":"BreadcrumbList","@id":"https:\/\/blogdofarnesio.com.br\/?p=33903#breadcrumb","itemListElement":[{"@type":"ListItem","position":1,"name":"In\u00edcio","item":"https:\/\/blogdofarnesio.com.br\/"},{"@type":"ListItem","position":2,"name":"ISAAC CARVALHO VISITA CANTEIRO DE OBRA DE MAIS 1500 CASAS"}]},{"@type":"WebSite","@id":"https:\/\/blogdofarnesio.com.br\/#website","url":"https:\/\/blogdofarnesio.com.br\/","name":"Blog do Farn\u00e9sio","description":"Quer Saber Pol\u00edtica?","publisher":{"@id":"https:\/\/blogdofarnesio.com.br\/#organization"},"potentialAction":[{"@type":"SearchAction","target":{"@type":"EntryPoint","urlTemplate":"https:\/\/blogdofarnesio.com.br\/?s={search_term_string}"},"query-input":{"@type":"PropertyValueSpecification","valueRequired":true,"valueName":"search_term_string"}}],"inLanguage":"pt-BR"},{"@type":"Organization","@id":"https:\/\/blogdofarnesio.com.br\/#organization","name":"Blog do Farn\u00e9sio","url":"https:\/\/blogdofarnesio.com.br\/","logo":{"@type":"ImageObject","inLanguage":"pt-BR","@id":"https:\/\/blogdofarnesio.com.br\/#\/schema\/logo\/image\/","url":"https:\/\/blogdofarnesio.com.br\/wp-content\/uploads\/2026\/03\/cropped-logo_new-1.png","contentUrl":"https:\/\/blogdofarnesio.com.br\/wp-content\/uploads\/2026\/03\/cropped-logo_new-1.png","width":881,"height":685,"caption":"Blog do Farn\u00e9sio"},"image":{"@id":"https:\/\/blogdofarnesio.com.br\/#\/schema\/logo\/image\/"},"sameAs":["https:\/\/www.facebook.com\/BlogQuerSaberPolitica\/"]},{"@type":"Person","@id":"https:\/\/blogdofarnesio.com.br\/#\/schema\/person\/dd1bf5eba40b687199ba45ca6b97dff9","name":"teste","image":{"@type":"ImageObject","inLanguage":"pt-BR","@id":"https:\/\/secure.gravatar.com\/avatar\/2172498d4914b51e1d89a0f97957b035ac4938723a5cac208135d389b6972a6d?s=96&d=mm&r=g","url":"https:\/\/secure.gravatar.com\/avatar\/2172498d4914b51e1d89a0f97957b035ac4938723a5cac208135d389b6972a6d?s=96&d=mm&r=g","contentUrl":"https:\/\/secure.gravatar.com\/avatar\/2172498d4914b51e1d89a0f97957b035ac4938723a5cac208135d389b6972a6d?s=96&d=mm&r=g","caption":"teste"},"url":"https:\/\/blogdofarnesio.com.br\/?author=3"}]}},"_links":{"self":[{"href":"https:\/\/blogdofarnesio.com.br\/index.php?rest_route=\/wp\/v2\/posts\/33903","targetHints":{"allow":["GET"]}}],"collection":[{"href":"https:\/\/blogdofarnesio.com.br\/index.php?rest_route=\/wp\/v2\/posts"}],"about":[{"href":"https:\/\/blogdofarnesio.com.br\/index.php?rest_route=\/wp\/v2\/types\/post"}],"author":[{"embeddable":true,"href":"https:\/\/blogdofarnesio.com.br\/index.php?rest_route=\/wp\/v2\/users\/3"}],"replies":[{"embeddable":true,"href":"https:\/\/blogdofarnesio.com.br\/index.php?rest_route=%2Fwp%2Fv2%2Fcomments&post=33903"}],"version-history":[{"count":0,"href":"https:\/\/blogdofarnesio.com.br\/index.php?rest_route=\/wp\/v2\/posts\/33903\/revisions"}],"wp:attachment":[{"href":"https:\/\/blogdofarnesio.com.br\/index.php?rest_route=%2Fwp%2Fv2%2Fmedia&parent=33903"}],"wp:term":[{"taxonomy":"category","embeddable":true,"href":"https:\/\/blogdofarnesio.com.br\/index.php?rest_route=%2Fwp%2Fv2%2Fcategories&post=33903"},{"taxonomy":"post_tag","embeddable":true,"href":"https:\/\/blogdofarnesio.com.br\/index.php?rest_route=%2Fwp%2Fv2%2Ftags&post=33903"}],"curies":[{"name":"wp","href":"https:\/\/api.w.org\/{rel}","templated":true}]}}