{"id":337846,"date":"2023-04-08T17:00:04","date_gmt":"2023-04-08T20:00:04","guid":{"rendered":"https:\/\/blogdofarnesio.com.br\/?p=337846"},"modified":"2023-04-08T16:26:26","modified_gmt":"2023-04-08T19:26:26","slug":"comunidade-de-manicoba-aprova-e-se-emociona-com-espetaculo-sacro-realizado-com-fomento-da-prefeitura-de-juazeiro","status":"publish","type":"post","link":"https:\/\/blogdofarnesio.com.br\/?p=337846","title":{"rendered":"Comunidade de Mani\u00e7oba aprova e se emociona com Espet\u00e1culo sacro realizado com fomento da Prefeitura de Juazeiro"},"content":{"rendered":"<p style=\"font-weight: 400;\">Nesta Sexta-feira Santa (07) foi a vez do distrito de Mani\u00e7oba receber a apresenta\u00e7\u00e3o da Paix\u00e3o de Cristo. A tradicional encena\u00e7\u00e3o da vida, morte e ressurrei\u00e7\u00e3o de Jesus Cristo conta com incentivo financeiro da Prefeitura de Juazeiro, atrav\u00e9s da Secretaria de Cultura, Turismo e Esportes (Seculte), e vem acontecendo na sede e na zona rural do munic\u00edpio.<\/p>\n<p style=\"font-weight: 400;\">\n<p style=\"font-weight: 400;\">Em Mani\u00e7oba, um grande p\u00fablico se reuniu para prestigiar o espet\u00e1culo e se emocionar com a hist\u00f3ria de Cristo. \u201cEu fico muito feliz em ver o resultado desses trabalhos e poder contribuir com uma tradi\u00e7\u00e3o t\u00e3o antiga em nosso munic\u00edpio. Enquanto os artistas emocionam o p\u00fablico com as apresenta\u00e7\u00f5es, n\u00f3s temos a satisfa\u00e7\u00e3o de fortalecer essa tradi\u00e7\u00e3o, a nossa f\u00e9 e a valoriza\u00e7\u00e3o da cultura juazeirense\u201d, disse a prefeita Suzana Ramos.<\/p>\n<p style=\"font-weight: 400;\">\n<p style=\"font-weight: 400;\">No distrito, o evento contou com a presen\u00e7a do vereador Amadeus dos Santos Silva e do deputado estadual Jord\u00e1vio Ramos. \u201cMani\u00e7oba est\u00e1 de parab\u00e9ns. \u00c9 um prazer prestigiar uma apresenta\u00e7\u00e3o t\u00e3o bonita, que j\u00e1 \u00e9 uma marca do nosso munic\u00edpio. \u00c9 uma satisfa\u00e7\u00e3o enorme saber que estamos contribuindo para a valoriza\u00e7\u00e3o dessa tradi\u00e7\u00e3o e da cultura da f\u00e9 em nossa cidade\u201d, pontuou o parlamentar.<\/p>\n<p style=\"font-weight: 400;\">\n<p style=\"font-weight: 400;\">Um dos atores do espet\u00e1culo, Rob\u00e9rio falou da sua emo\u00e7\u00e3o em representar a Paix\u00e3o de Cristo. \u201cMe sinto com a sensa\u00e7\u00e3o de dever cumprido e o meu desejo \u00e9 que essa encena\u00e7\u00e3o possa mostrar \u00e0s pessoas o que Cristo fez por cada um de n\u00f3s. Agrade\u00e7o a todos os amigos, \u00e0 Prefeitura de Juazeiro e a Igreja de Mani\u00e7oba que nos apoiaram\u201d, declarou o ator.<\/p>\n<p style=\"font-weight: 400;\">\n<p style=\"font-weight: 400;\">Na plateia, a espectadora Elen se surpreendeu com o resultado do espet\u00e1culo. \u201cEu achei muito surpreendente. N\u00e3o imaginava que seria dessa forma, mas achei maravilhoso. O espet\u00e1culo superou todas as minhas expectativas\u201d, avaliou.<\/p>\n<p style=\"font-weight: 400;\">\n<p style=\"font-weight: 400;\">O edital de Espet\u00e1culos Sacros 2023 premiou, ao todo, cinco trabalhos na \u00e1rea urbana e na zona rural de Juazeiro. O valor do incentivo financeiro variou entre R$ 5 e R$ 10 mil reais, para espet\u00e1culos de m\u00e9dio e grande porte. A \u00faltima apresenta\u00e7\u00e3o acontecer\u00e1 neste s\u00e1bado (08), \u00e0s 19h, em Bara\u00fana das Caba\u00e7as, na regi\u00e3o de Itamotinga.<\/p>\n<p style=\"font-weight: 400;\">\n<p style=\"font-weight: 400;\">Ascom\/PMJ<\/p>\n<p style=\"font-weight: 400;\">Fotos: Luan Medrado<\/p>\n","protected":false},"excerpt":{"rendered":"<p>Nesta Sexta-feira Santa (07) foi a vez do distrito de Mani\u00e7oba receber a apresenta\u00e7\u00e3o da Paix\u00e3o de Cristo. A tradicional encena\u00e7\u00e3o da vida, morte e ressurrei\u00e7\u00e3o de Jesus Cristo conta com incentivo financeiro da Prefeitura de Juazeiro, atrav\u00e9s da Secretaria de Cultura, Turismo e Esportes (Seculte), e vem acontecendo na sede e na zona rural do munic\u00edpio. Em Mani\u00e7oba, um grande p\u00fablico se reuniu para prestigiar o espet\u00e1culo e se emocionar com a hist\u00f3ria de Cristo. \u201cEu fico muito feliz em ver o resultado desses trabalhos e poder contribuir com uma tradi\u00e7\u00e3o t\u00e3o antiga em nosso munic\u00edpio. Enquanto os artistas emocionam o p\u00fablico com as apresenta\u00e7\u00f5es, n\u00f3s temos a satisfa\u00e7\u00e3o de fortalecer essa tradi\u00e7\u00e3o, a nossa f\u00e9 e a valoriza\u00e7\u00e3o&hellip; <\/p>\n","protected":false},"author":2,"featured_media":337847,"comment_status":"open","ping_status":"open","sticky":false,"template":"","format":"standard","meta":{"_acf_changed":false,"footnotes":""},"categories":[10],"tags":[],"class_list":["post-337846","post","type-post","status-publish","format-standard","has-post-thumbnail","hentry","category-cultura"],"acf":[],"yoast_head":"<!-- This site is optimized with the Yoast SEO plugin v27.4 - https:\/\/yoast.com\/product\/yoast-seo-wordpress\/ -->\n<title>Comunidade de Mani\u00e7oba aprova e se emociona com Espet\u00e1culo sacro realizado com fomento da Prefeitura de Juazeiro - Blog do Farn\u00e9sio<\/title>\n<meta name=\"robots\" content=\"index, follow, max-snippet:-1, max-image-preview:large, max-video-preview:-1\" \/>\n<link rel=\"canonical\" href=\"https:\/\/blogdofarnesio.com.br\/?p=337846\" \/>\n<meta property=\"og:locale\" content=\"pt_BR\" \/>\n<meta property=\"og:type\" content=\"article\" \/>\n<meta property=\"og:title\" content=\"Comunidade de Mani\u00e7oba aprova e se emociona com Espet\u00e1culo sacro realizado com fomento da Prefeitura de Juazeiro - Blog do Farn\u00e9sio\" \/>\n<meta property=\"og:description\" content=\"Nesta Sexta-feira Santa (07) foi a vez do distrito de Mani\u00e7oba receber a apresenta\u00e7\u00e3o da Paix\u00e3o de Cristo. A tradicional encena\u00e7\u00e3o da vida, morte e ressurrei\u00e7\u00e3o de Jesus Cristo conta com incentivo financeiro da Prefeitura de Juazeiro, atrav\u00e9s da Secretaria de Cultura, Turismo e Esportes (Seculte), e vem acontecendo na sede e na zona rural do munic\u00edpio. Em Mani\u00e7oba, um grande p\u00fablico se reuniu para prestigiar o espet\u00e1culo e se emocionar com a hist\u00f3ria de Cristo. \u201cEu fico muito feliz em ver o resultado desses trabalhos e poder contribuir com uma tradi\u00e7\u00e3o t\u00e3o antiga em nosso munic\u00edpio. Enquanto os artistas emocionam o p\u00fablico com as apresenta\u00e7\u00f5es, n\u00f3s temos a satisfa\u00e7\u00e3o de fortalecer essa tradi\u00e7\u00e3o, a nossa f\u00e9 e a valoriza\u00e7\u00e3o&hellip;\" \/>\n<meta property=\"og:url\" content=\"https:\/\/blogdofarnesio.com.br\/?p=337846\" \/>\n<meta property=\"og:site_name\" content=\"Blog do Farn\u00e9sio\" \/>\n<meta property=\"article:publisher\" content=\"https:\/\/www.facebook.com\/BlogQuerSaberPolitica\/\" \/>\n<meta property=\"article:author\" content=\"https:\/\/www.facebook.com\/?ref=tn_tnmn\" \/>\n<meta property=\"article:published_time\" content=\"2023-04-08T20:00:04+00:00\" \/>\n<meta property=\"og:image\" content=\"https:\/\/blogdofarnesio.com.br\/wp-content\/uploads\/2023\/04\/blogqspjua-manicoba-paixao-1-e1680981954193.jpg\" \/>\n\t<meta property=\"og:image:width\" content=\"620\" \/>\n\t<meta property=\"og:image:height\" content=\"413\" \/>\n\t<meta property=\"og:image:type\" content=\"image\/jpeg\" \/>\n<meta name=\"author\" content=\"Farn\u00e9sio\" \/>\n<meta name=\"twitter:card\" content=\"summary_large_image\" \/>\n<meta name=\"twitter:label1\" content=\"Escrito por\" \/>\n\t<meta name=\"twitter:data1\" content=\"Farn\u00e9sio\" \/>\n\t<meta name=\"twitter:label2\" content=\"Est. tempo de leitura\" \/>\n\t<meta name=\"twitter:data2\" content=\"2 minutos\" \/>\n<script type=\"application\/ld+json\" class=\"yoast-schema-graph\">{\"@context\":\"https:\\\/\\\/schema.org\",\"@graph\":[{\"@type\":\"Article\",\"@id\":\"https:\\\/\\\/blogdofarnesio.com.br\\\/?p=337846#article\",\"isPartOf\":{\"@id\":\"https:\\\/\\\/blogdofarnesio.com.br\\\/?p=337846\"},\"author\":{\"name\":\"Farn\u00e9sio\",\"@id\":\"https:\\\/\\\/blogdofarnesio.com.br\\\/#\\\/schema\\\/person\\\/bb9b23ae3ad0609ce8df7b6c9e76824d\"},\"headline\":\"Comunidade de Mani\u00e7oba aprova e se emociona com Espet\u00e1culo sacro realizado com fomento da Prefeitura de Juazeiro\",\"datePublished\":\"2023-04-08T20:00:04+00:00\",\"mainEntityOfPage\":{\"@id\":\"https:\\\/\\\/blogdofarnesio.com.br\\\/?p=337846\"},\"wordCount\":412,\"commentCount\":0,\"publisher\":{\"@id\":\"https:\\\/\\\/blogdofarnesio.com.br\\\/#organization\"},\"image\":{\"@id\":\"https:\\\/\\\/blogdofarnesio.com.br\\\/?p=337846#primaryimage\"},\"thumbnailUrl\":\"https:\\\/\\\/blogdofarnesio.com.br\\\/wp-content\\\/uploads\\\/2023\\\/04\\\/blogqspjua-manicoba-paixao-1-e1680981954193.jpg\",\"articleSection\":[\"Cultura\"],\"inLanguage\":\"pt-BR\",\"potentialAction\":[{\"@type\":\"CommentAction\",\"name\":\"Comment\",\"target\":[\"https:\\\/\\\/blogdofarnesio.com.br\\\/?p=337846#respond\"]}]},{\"@type\":\"WebPage\",\"@id\":\"https:\\\/\\\/blogdofarnesio.com.br\\\/?p=337846\",\"url\":\"https:\\\/\\\/blogdofarnesio.com.br\\\/?p=337846\",\"name\":\"Comunidade de Mani\u00e7oba aprova e se emociona com Espet\u00e1culo sacro realizado com fomento da Prefeitura de Juazeiro - Blog do Farn\u00e9sio\",\"isPartOf\":{\"@id\":\"https:\\\/\\\/blogdofarnesio.com.br\\\/#website\"},\"primaryImageOfPage\":{\"@id\":\"https:\\\/\\\/blogdofarnesio.com.br\\\/?p=337846#primaryimage\"},\"image\":{\"@id\":\"https:\\\/\\\/blogdofarnesio.com.br\\\/?p=337846#primaryimage\"},\"thumbnailUrl\":\"https:\\\/\\\/blogdofarnesio.com.br\\\/wp-content\\\/uploads\\\/2023\\\/04\\\/blogqspjua-manicoba-paixao-1-e1680981954193.jpg\",\"datePublished\":\"2023-04-08T20:00:04+00:00\",\"breadcrumb\":{\"@id\":\"https:\\\/\\\/blogdofarnesio.com.br\\\/?p=337846#breadcrumb\"},\"inLanguage\":\"pt-BR\",\"potentialAction\":[{\"@type\":\"ReadAction\",\"target\":[\"https:\\\/\\\/blogdofarnesio.com.br\\\/?p=337846\"]}]},{\"@type\":\"ImageObject\",\"inLanguage\":\"pt-BR\",\"@id\":\"https:\\\/\\\/blogdofarnesio.com.br\\\/?p=337846#primaryimage\",\"url\":\"https:\\\/\\\/blogdofarnesio.com.br\\\/wp-content\\\/uploads\\\/2023\\\/04\\\/blogqspjua-manicoba-paixao-1-e1680981954193.jpg\",\"contentUrl\":\"https:\\\/\\\/blogdofarnesio.com.br\\\/wp-content\\\/uploads\\\/2023\\\/04\\\/blogqspjua-manicoba-paixao-1-e1680981954193.jpg\",\"width\":620,\"height\":413},{\"@type\":\"BreadcrumbList\",\"@id\":\"https:\\\/\\\/blogdofarnesio.com.br\\\/?p=337846#breadcrumb\",\"itemListElement\":[{\"@type\":\"ListItem\",\"position\":1,\"name\":\"In\u00edcio\",\"item\":\"https:\\\/\\\/blogdofarnesio.com.br\\\/\"},{\"@type\":\"ListItem\",\"position\":2,\"name\":\"Comunidade de Mani\u00e7oba aprova e se emociona com Espet\u00e1culo sacro realizado com fomento da Prefeitura de Juazeiro\"}]},{\"@type\":\"WebSite\",\"@id\":\"https:\\\/\\\/blogdofarnesio.com.br\\\/#website\",\"url\":\"https:\\\/\\\/blogdofarnesio.com.br\\\/\",\"name\":\"Blog do Farn\u00e9sio\",\"description\":\"Quer Saber Pol\u00edtica?\",\"publisher\":{\"@id\":\"https:\\\/\\\/blogdofarnesio.com.br\\\/#organization\"},\"potentialAction\":[{\"@type\":\"SearchAction\",\"target\":{\"@type\":\"EntryPoint\",\"urlTemplate\":\"https:\\\/\\\/blogdofarnesio.com.br\\\/?s={search_term_string}\"},\"query-input\":{\"@type\":\"PropertyValueSpecification\",\"valueRequired\":true,\"valueName\":\"search_term_string\"}}],\"inLanguage\":\"pt-BR\"},{\"@type\":\"Organization\",\"@id\":\"https:\\\/\\\/blogdofarnesio.com.br\\\/#organization\",\"name\":\"Blog do Farn\u00e9sio\",\"url\":\"https:\\\/\\\/blogdofarnesio.com.br\\\/\",\"logo\":{\"@type\":\"ImageObject\",\"inLanguage\":\"pt-BR\",\"@id\":\"https:\\\/\\\/blogdofarnesio.com.br\\\/#\\\/schema\\\/logo\\\/image\\\/\",\"url\":\"https:\\\/\\\/blogdofarnesio.com.br\\\/wp-content\\\/uploads\\\/2026\\\/03\\\/cropped-logo_new-1.png\",\"contentUrl\":\"https:\\\/\\\/blogdofarnesio.com.br\\\/wp-content\\\/uploads\\\/2026\\\/03\\\/cropped-logo_new-1.png\",\"width\":881,\"height\":685,\"caption\":\"Blog do Farn\u00e9sio\"},\"image\":{\"@id\":\"https:\\\/\\\/blogdofarnesio.com.br\\\/#\\\/schema\\\/logo\\\/image\\\/\"},\"sameAs\":[\"https:\\\/\\\/www.facebook.com\\\/BlogQuerSaberPolitica\\\/\"]},{\"@type\":\"Person\",\"@id\":\"https:\\\/\\\/blogdofarnesio.com.br\\\/#\\\/schema\\\/person\\\/bb9b23ae3ad0609ce8df7b6c9e76824d\",\"name\":\"Farn\u00e9sio\",\"image\":{\"@type\":\"ImageObject\",\"inLanguage\":\"pt-BR\",\"@id\":\"https:\\\/\\\/secure.gravatar.com\\\/avatar\\\/986aa4c61ccdb66f8555bf88fc2a65609d00bcabd4d2d94377a727547345cbca?s=96&d=mm&r=g\",\"url\":\"https:\\\/\\\/secure.gravatar.com\\\/avatar\\\/986aa4c61ccdb66f8555bf88fc2a65609d00bcabd4d2d94377a727547345cbca?s=96&d=mm&r=g\",\"contentUrl\":\"https:\\\/\\\/secure.gravatar.com\\\/avatar\\\/986aa4c61ccdb66f8555bf88fc2a65609d00bcabd4d2d94377a727547345cbca?s=96&d=mm&r=g\",\"caption\":\"Farn\u00e9sio\"},\"description\":\"Radialista blogueiro, chegou a Petrolina\\\/Juazeiro em setembro de 1980, Farn\u00e9sio Silva \u00e9 de Arapiraca-Alagoas.\",\"sameAs\":[\"http:\\\/\\\/blogdofarnesio.com.br\",\"https:\\\/\\\/www.facebook.com\\\/?ref=tn_tnmn\",\"https:\\\/\\\/www.instagram.com\\\/?utm_source=pwa_homescreen\",\"https:\\\/\\\/youtube.com.br\\\/\"],\"url\":\"https:\\\/\\\/blogdofarnesio.com.br\\\/?author=2\"}]}<\/script>\n<!-- \/ Yoast SEO plugin. -->","yoast_head_json":{"title":"Comunidade de Mani\u00e7oba aprova e se emociona com Espet\u00e1culo sacro realizado com fomento da Prefeitura de Juazeiro - Blog do Farn\u00e9sio","robots":{"index":"index","follow":"follow","max-snippet":"max-snippet:-1","max-image-preview":"max-image-preview:large","max-video-preview":"max-video-preview:-1"},"canonical":"https:\/\/blogdofarnesio.com.br\/?p=337846","og_locale":"pt_BR","og_type":"article","og_title":"Comunidade de Mani\u00e7oba aprova e se emociona com Espet\u00e1culo sacro realizado com fomento da Prefeitura de Juazeiro - Blog do Farn\u00e9sio","og_description":"Nesta Sexta-feira Santa (07) foi a vez do distrito de Mani\u00e7oba receber a apresenta\u00e7\u00e3o da Paix\u00e3o de Cristo. A tradicional encena\u00e7\u00e3o da vida, morte e ressurrei\u00e7\u00e3o de Jesus Cristo conta com incentivo financeiro da Prefeitura de Juazeiro, atrav\u00e9s da Secretaria de Cultura, Turismo e Esportes (Seculte), e vem acontecendo na sede e na zona rural do munic\u00edpio. Em Mani\u00e7oba, um grande p\u00fablico se reuniu para prestigiar o espet\u00e1culo e se emocionar com a hist\u00f3ria de Cristo. \u201cEu fico muito feliz em ver o resultado desses trabalhos e poder contribuir com uma tradi\u00e7\u00e3o t\u00e3o antiga em nosso munic\u00edpio. Enquanto os artistas emocionam o p\u00fablico com as apresenta\u00e7\u00f5es, n\u00f3s temos a satisfa\u00e7\u00e3o de fortalecer essa tradi\u00e7\u00e3o, a nossa f\u00e9 e a valoriza\u00e7\u00e3o&hellip;","og_url":"https:\/\/blogdofarnesio.com.br\/?p=337846","og_site_name":"Blog do Farn\u00e9sio","article_publisher":"https:\/\/www.facebook.com\/BlogQuerSaberPolitica\/","article_author":"https:\/\/www.facebook.com\/?ref=tn_tnmn","article_published_time":"2023-04-08T20:00:04+00:00","og_image":[{"width":620,"height":413,"url":"https:\/\/blogdofarnesio.com.br\/wp-content\/uploads\/2023\/04\/blogqspjua-manicoba-paixao-1-e1680981954193.jpg","type":"image\/jpeg"}],"author":"Farn\u00e9sio","twitter_card":"summary_large_image","twitter_misc":{"Escrito por":"Farn\u00e9sio","Est. tempo de leitura":"2 minutos"},"schema":{"@context":"https:\/\/schema.org","@graph":[{"@type":"Article","@id":"https:\/\/blogdofarnesio.com.br\/?p=337846#article","isPartOf":{"@id":"https:\/\/blogdofarnesio.com.br\/?p=337846"},"author":{"name":"Farn\u00e9sio","@id":"https:\/\/blogdofarnesio.com.br\/#\/schema\/person\/bb9b23ae3ad0609ce8df7b6c9e76824d"},"headline":"Comunidade de Mani\u00e7oba aprova e se emociona com Espet\u00e1culo sacro realizado com fomento da Prefeitura de Juazeiro","datePublished":"2023-04-08T20:00:04+00:00","mainEntityOfPage":{"@id":"https:\/\/blogdofarnesio.com.br\/?p=337846"},"wordCount":412,"commentCount":0,"publisher":{"@id":"https:\/\/blogdofarnesio.com.br\/#organization"},"image":{"@id":"https:\/\/blogdofarnesio.com.br\/?p=337846#primaryimage"},"thumbnailUrl":"https:\/\/blogdofarnesio.com.br\/wp-content\/uploads\/2023\/04\/blogqspjua-manicoba-paixao-1-e1680981954193.jpg","articleSection":["Cultura"],"inLanguage":"pt-BR","potentialAction":[{"@type":"CommentAction","name":"Comment","target":["https:\/\/blogdofarnesio.com.br\/?p=337846#respond"]}]},{"@type":"WebPage","@id":"https:\/\/blogdofarnesio.com.br\/?p=337846","url":"https:\/\/blogdofarnesio.com.br\/?p=337846","name":"Comunidade de Mani\u00e7oba aprova e se emociona com Espet\u00e1culo sacro realizado com fomento da Prefeitura de Juazeiro - Blog do Farn\u00e9sio","isPartOf":{"@id":"https:\/\/blogdofarnesio.com.br\/#website"},"primaryImageOfPage":{"@id":"https:\/\/blogdofarnesio.com.br\/?p=337846#primaryimage"},"image":{"@id":"https:\/\/blogdofarnesio.com.br\/?p=337846#primaryimage"},"thumbnailUrl":"https:\/\/blogdofarnesio.com.br\/wp-content\/uploads\/2023\/04\/blogqspjua-manicoba-paixao-1-e1680981954193.jpg","datePublished":"2023-04-08T20:00:04+00:00","breadcrumb":{"@id":"https:\/\/blogdofarnesio.com.br\/?p=337846#breadcrumb"},"inLanguage":"pt-BR","potentialAction":[{"@type":"ReadAction","target":["https:\/\/blogdofarnesio.com.br\/?p=337846"]}]},{"@type":"ImageObject","inLanguage":"pt-BR","@id":"https:\/\/blogdofarnesio.com.br\/?p=337846#primaryimage","url":"https:\/\/blogdofarnesio.com.br\/wp-content\/uploads\/2023\/04\/blogqspjua-manicoba-paixao-1-e1680981954193.jpg","contentUrl":"https:\/\/blogdofarnesio.com.br\/wp-content\/uploads\/2023\/04\/blogqspjua-manicoba-paixao-1-e1680981954193.jpg","width":620,"height":413},{"@type":"BreadcrumbList","@id":"https:\/\/blogdofarnesio.com.br\/?p=337846#breadcrumb","itemListElement":[{"@type":"ListItem","position":1,"name":"In\u00edcio","item":"https:\/\/blogdofarnesio.com.br\/"},{"@type":"ListItem","position":2,"name":"Comunidade de Mani\u00e7oba aprova e se emociona com Espet\u00e1culo sacro realizado com fomento da Prefeitura de Juazeiro"}]},{"@type":"WebSite","@id":"https:\/\/blogdofarnesio.com.br\/#website","url":"https:\/\/blogdofarnesio.com.br\/","name":"Blog do Farn\u00e9sio","description":"Quer Saber Pol\u00edtica?","publisher":{"@id":"https:\/\/blogdofarnesio.com.br\/#organization"},"potentialAction":[{"@type":"SearchAction","target":{"@type":"EntryPoint","urlTemplate":"https:\/\/blogdofarnesio.com.br\/?s={search_term_string}"},"query-input":{"@type":"PropertyValueSpecification","valueRequired":true,"valueName":"search_term_string"}}],"inLanguage":"pt-BR"},{"@type":"Organization","@id":"https:\/\/blogdofarnesio.com.br\/#organization","name":"Blog do Farn\u00e9sio","url":"https:\/\/blogdofarnesio.com.br\/","logo":{"@type":"ImageObject","inLanguage":"pt-BR","@id":"https:\/\/blogdofarnesio.com.br\/#\/schema\/logo\/image\/","url":"https:\/\/blogdofarnesio.com.br\/wp-content\/uploads\/2026\/03\/cropped-logo_new-1.png","contentUrl":"https:\/\/blogdofarnesio.com.br\/wp-content\/uploads\/2026\/03\/cropped-logo_new-1.png","width":881,"height":685,"caption":"Blog do Farn\u00e9sio"},"image":{"@id":"https:\/\/blogdofarnesio.com.br\/#\/schema\/logo\/image\/"},"sameAs":["https:\/\/www.facebook.com\/BlogQuerSaberPolitica\/"]},{"@type":"Person","@id":"https:\/\/blogdofarnesio.com.br\/#\/schema\/person\/bb9b23ae3ad0609ce8df7b6c9e76824d","name":"Farn\u00e9sio","image":{"@type":"ImageObject","inLanguage":"pt-BR","@id":"https:\/\/secure.gravatar.com\/avatar\/986aa4c61ccdb66f8555bf88fc2a65609d00bcabd4d2d94377a727547345cbca?s=96&d=mm&r=g","url":"https:\/\/secure.gravatar.com\/avatar\/986aa4c61ccdb66f8555bf88fc2a65609d00bcabd4d2d94377a727547345cbca?s=96&d=mm&r=g","contentUrl":"https:\/\/secure.gravatar.com\/avatar\/986aa4c61ccdb66f8555bf88fc2a65609d00bcabd4d2d94377a727547345cbca?s=96&d=mm&r=g","caption":"Farn\u00e9sio"},"description":"Radialista blogueiro, chegou a Petrolina\/Juazeiro em setembro de 1980, Farn\u00e9sio Silva \u00e9 de Arapiraca-Alagoas.","sameAs":["http:\/\/blogdofarnesio.com.br","https:\/\/www.facebook.com\/?ref=tn_tnmn","https:\/\/www.instagram.com\/?utm_source=pwa_homescreen","https:\/\/youtube.com.br\/"],"url":"https:\/\/blogdofarnesio.com.br\/?author=2"}]}},"_links":{"self":[{"href":"https:\/\/blogdofarnesio.com.br\/index.php?rest_route=\/wp\/v2\/posts\/337846","targetHints":{"allow":["GET"]}}],"collection":[{"href":"https:\/\/blogdofarnesio.com.br\/index.php?rest_route=\/wp\/v2\/posts"}],"about":[{"href":"https:\/\/blogdofarnesio.com.br\/index.php?rest_route=\/wp\/v2\/types\/post"}],"author":[{"embeddable":true,"href":"https:\/\/blogdofarnesio.com.br\/index.php?rest_route=\/wp\/v2\/users\/2"}],"replies":[{"embeddable":true,"href":"https:\/\/blogdofarnesio.com.br\/index.php?rest_route=%2Fwp%2Fv2%2Fcomments&post=337846"}],"version-history":[{"count":0,"href":"https:\/\/blogdofarnesio.com.br\/index.php?rest_route=\/wp\/v2\/posts\/337846\/revisions"}],"wp:featuredmedia":[{"embeddable":true,"href":"https:\/\/blogdofarnesio.com.br\/index.php?rest_route=\/wp\/v2\/media\/337847"}],"wp:attachment":[{"href":"https:\/\/blogdofarnesio.com.br\/index.php?rest_route=%2Fwp%2Fv2%2Fmedia&parent=337846"}],"wp:term":[{"taxonomy":"category","embeddable":true,"href":"https:\/\/blogdofarnesio.com.br\/index.php?rest_route=%2Fwp%2Fv2%2Fcategories&post=337846"},{"taxonomy":"post_tag","embeddable":true,"href":"https:\/\/blogdofarnesio.com.br\/index.php?rest_route=%2Fwp%2Fv2%2Ftags&post=337846"}],"curies":[{"name":"wp","href":"https:\/\/api.w.org\/{rel}","templated":true}]}}