{"id":337808,"date":"2023-04-08T11:31:09","date_gmt":"2023-04-08T14:31:09","guid":{"rendered":"https:\/\/blogdofarnesio.com.br\/?p=337808"},"modified":"2023-04-08T08:00:49","modified_gmt":"2023-04-08T11:00:49","slug":"medalhoes-da-tv-chorando-os-bastidores-do-2-dia-de-demissoes-na-globo","status":"publish","type":"post","link":"https:\/\/blogdofarnesio.com.br\/?p=337808","title":{"rendered":"Medalh\u00f5es da TV chorando: os bastidores do 2\u00b0 dia de demiss\u00f5es na Globo"},"content":{"rendered":"<div id=\"terra-1155982963\" class=\"terra-video\">\n<div id=\"aries_div_1662360058\" class=\"aries_div\">\n<div id=\"adSlot_5143_8754_16809043336430908d6daa3\">\n<div class=\"aries_stage aries_horizontalAxis\">\n<div class=\"aries_proscenium aries_hcenter aries_vcenter aries_rollAnimation\">\n<div class=\"aries_videoWrapper\">\n<div class=\"vidverto vidverto__playlist-wrapper vidverto-hide-controls vidverto-type_video vidverto-provider_html5 vidverto__playlist_type_playlist vidverto-is_android vidverto-is_mobile vidverto-show-play-pause-button vidverto-ui_enabled vidverto__ratio__16_9 mw-script vidverto__playlist_position_bottom mw_size_400 vidverto-playing\" tabindex=\"0\">\n<div class=\"vidverto-player-container\" tabindex=\"1\">\n<div class=\"vidverto__keyboard-hint-container\">\n<div class=\"cm-post-meta\">\n<ul class=\"post_meta\">\n<li class=\"post_author\"><a href=\"https:\/\/terrabrasilnoticias.com\/author\/jornalistasterra\/\">Terra Brasil Not\u00edcias<\/a><time class=\"entry-date published\" datetime=\"2023-04-06T11:12:29-03:00\"><\/time>.\u00a0 &#8211;<\/li>\n<\/ul>\n<\/div>\n<div class=\"the_content\">\n<p>O jornalismo da Globo viveu mais um dia de cortes. Ap\u00f3s desligamentos no Rio, diversos profissionais de S\u00e3o Paulo, Belo Horizonte, Recife e Bras\u00edlia foram demitidos hoje em um novo dia tenso nos corredores da emissora<\/p>\n<\/div>\n<\/div>\n<\/div>\n<\/div>\n<\/div>\n<\/div>\n<\/div>\n<\/div>\n<\/div>\n<\/div>\n<p>O colunista Lucas Pasin, de Splash, que relatou os bastidores do primeiro dia de demiss\u00f5es, conversou tamb\u00e9m com pessoas de S\u00e3o Paulo envolvidas diretamente nos desligamentos. O que se via nos corredores era medalh\u00f5es do jornalismo, com anos de trabalho, chorando: ou pela pr\u00f3pria demiss\u00e3o, ou por desligamento de amigos<\/p>\n<p>Muito do clima de tens\u00e3o acontece por conta das \u201clistas\u201d que circulam nos pr\u00f3prios grupos de WhatsApp dos jornalistas. Nessas listas s\u00e3o publicados nomes que supostamente ser\u00e3o desligados. Colegas passam a prestar condol\u00eancias antes mesmo de saber se o desligamento foi confirmado.<\/p>\n<p>As \u201clistas\u201d s\u00e3o formadas a partir dos quesitos j\u00e1 apontados internamente por gestores da Globo: funcion\u00e1rios com alto sal\u00e1rio, que possuem plano de sa\u00fade diferente do novo modelo e que recebem b\u00f4nus por participa\u00e7\u00e3o.<\/p>\n<p>Na Globo SP, as demiss\u00f5es come\u00e7aram \u00e0s 7h, com o desligamento de M\u00e1rcia Correa, editora-chefe do Bom Dia S\u00e3o Paulo. Durante todo o dia, at\u00e9 aproximadamente 16h, outros nomes foram avisados sobre o desligamento.<\/p>\n<p>Quem trabalha no local j\u00e1 sabe: primeiro o gestor da \u00e1rea de jornalismo chama para uma conversa, e depois direciona o funcion\u00e1rio para o pr\u00e9dio da \u00e1rea de RH da Globo. Neste percurso, colegas pr\u00f3ximos percebem a movimenta\u00e7\u00e3o e j\u00e1 entendem que mais um nome foi demitido.<\/p>\n<p>\u201cN\u00e3o existe um sorriso na TV Globo hoje. Todos passam o dia esperando a sua vez. Muitas pessoas ficam chorando nas \u00e1reas comuns, no caf\u00e9, em pequenas rodas de colegas\u201d, contou uma fonte \u00e0 coluna.<\/p>\n<p>Em Recife e Belo Horizonte, com a demiss\u00e3o de diretores, jornalistas temem ficar sem autonomia. \u00c9 esperado que a gest\u00e3o dessas emissoras passe a ser do Rio de Janeiro, sendo assim, eles n\u00e3o ter\u00e3o mais diretores locais.<\/p>\n<p>Al\u00e9m das demiss\u00f5es, a Globo tamb\u00e9m bloqueou vagas que estavam abertas na edi\u00e7\u00e3o do Jornal Hoje e no portal G1 de S\u00e3o Paulo. Essas vagas n\u00e3o ser\u00e3o preenchidas em raz\u00e3o dos cortes no jornalismo.<\/p>\n<p>No primeiro dia de demiss\u00f5es, cerca de 20 profissionais, incluindo rep\u00f3rteres, editores, produtores e apresentadores, foram demitidos no Rio de Janeiro.<\/p>\n<p>Os rep\u00f3rteres Eduardo Tchao, M\u00f4nica Sanches, Flavia Jannuzzi e Marcelo Canellas foram os primeiros nomes desligados da emissora ontem. Al\u00e9m deles, o diretor art\u00edstico do Fant\u00e1stico Jorge Esp\u00edrito Santo, o Jorj\u00e3o, e o rep\u00f3rter investigativo Arthur Guimar\u00e3es tamb\u00e9m foram demitidos. Marcos Serra Lima, Alba Val\u00e9ria Mendon\u00e7a e Rodrigo Melo, profissionais que trabalhavam no portal G1 tamb\u00e9m est\u00e3o na lista de desligados.<\/p>\n<p>Na manh\u00e3 de quarta-feira, Marcia Correa, editora-chefe do \u201cBom Dia S\u00e3o Paulo\u201d, foi demitida. Al\u00e9m dela, outros nomes foram desligados hoje: M\u00e1rcia Witczak, editora e apresentadora do DF1, F\u00e1bio Turci, L\u00facia Carneiro, da GloboNews, S\u00e1vio Ladeira, Marta Cavallini, Olivia Henriques e Dennis Barbosa, do portal G1.<\/p>\n<p>O que diz a Globo?<\/p>\n<p>A Globo, assim como as demais empresas de refer\u00eancia do mercado, tem um compromisso permanente com a busca de efici\u00eancia e evolu\u00e7\u00e3o, mas lamenta quando se despede de profissionais que ajudaram a escrever e a contar a sua hist\u00f3ria. Isso, no entanto, faz parte da din\u00e2mica de qualquer empresa. Os resultados da Globo refletem a boa performance do conjunto das suas opera\u00e7\u00f5es e uma constante avalia\u00e7\u00e3o do cen\u00e1rio econ\u00f4mico do pa\u00eds e dos neg\u00f3cios. Como parte do processo de transforma\u00e7\u00e3o pela qual vem passando nos \u00faltimos anos e alinhada \u00e0 sua estrat\u00e9gia, a empresa mant\u00e9m a disciplina de custos e investimentos em iniciativas importantes de crescimento.<\/p>\n<p>Com informa\u00e7\u00f5es de Splash \u2013 UOL<\/p>\n","protected":false},"excerpt":{"rendered":"<p>Terra Brasil Not\u00edcias.\u00a0 &#8211; O jornalismo da Globo viveu mais um dia de cortes. Ap\u00f3s desligamentos no Rio, diversos profissionais de S\u00e3o Paulo, Belo Horizonte, Recife e Bras\u00edlia foram demitidos hoje em um novo dia tenso nos corredores da emissora O colunista Lucas Pasin, de Splash, que relatou os bastidores do primeiro dia de demiss\u00f5es, conversou tamb\u00e9m com pessoas de S\u00e3o Paulo envolvidas diretamente nos desligamentos. O que se via nos corredores era medalh\u00f5es do jornalismo, com anos de trabalho, chorando: ou pela pr\u00f3pria demiss\u00e3o, ou por desligamento de amigos Muito do clima de tens\u00e3o acontece por conta das \u201clistas\u201d que circulam nos pr\u00f3prios grupos de WhatsApp dos jornalistas. Nessas listas s\u00e3o publicados nomes que supostamente ser\u00e3o desligados. Colegas passam&hellip; <\/p>\n","protected":false},"author":2,"featured_media":243824,"comment_status":"open","ping_status":"open","sticky":false,"template":"","format":"standard","meta":{"_acf_changed":false,"footnotes":""},"categories":[3],"tags":[],"class_list":["post-337808","post","type-post","status-publish","format-standard","has-post-thumbnail","hentry","category-entretenimento"],"acf":[],"yoast_head":"<!-- This site is optimized with the Yoast SEO plugin v27.4 - https:\/\/yoast.com\/product\/yoast-seo-wordpress\/ -->\n<title>Medalh\u00f5es da TV chorando: os bastidores do 2\u00b0 dia de demiss\u00f5es na Globo - Blog do Farn\u00e9sio<\/title>\n<meta name=\"robots\" content=\"index, follow, max-snippet:-1, max-image-preview:large, max-video-preview:-1\" \/>\n<link rel=\"canonical\" href=\"https:\/\/blogdofarnesio.com.br\/?p=337808\" \/>\n<meta property=\"og:locale\" content=\"pt_BR\" \/>\n<meta property=\"og:type\" content=\"article\" \/>\n<meta property=\"og:title\" content=\"Medalh\u00f5es da TV chorando: os bastidores do 2\u00b0 dia de demiss\u00f5es na Globo - Blog do Farn\u00e9sio\" \/>\n<meta property=\"og:description\" content=\"Terra Brasil Not\u00edcias.\u00a0 &#8211; O jornalismo da Globo viveu mais um dia de cortes. Ap\u00f3s desligamentos no Rio, diversos profissionais de S\u00e3o Paulo, Belo Horizonte, Recife e Bras\u00edlia foram demitidos hoje em um novo dia tenso nos corredores da emissora O colunista Lucas Pasin, de Splash, que relatou os bastidores do primeiro dia de demiss\u00f5es, conversou tamb\u00e9m com pessoas de S\u00e3o Paulo envolvidas diretamente nos desligamentos. O que se via nos corredores era medalh\u00f5es do jornalismo, com anos de trabalho, chorando: ou pela pr\u00f3pria demiss\u00e3o, ou por desligamento de amigos Muito do clima de tens\u00e3o acontece por conta das \u201clistas\u201d que circulam nos pr\u00f3prios grupos de WhatsApp dos jornalistas. Nessas listas s\u00e3o publicados nomes que supostamente ser\u00e3o desligados. Colegas passam&hellip;\" \/>\n<meta property=\"og:url\" content=\"https:\/\/blogdofarnesio.com.br\/?p=337808\" \/>\n<meta property=\"og:site_name\" content=\"Blog do Farn\u00e9sio\" \/>\n<meta property=\"article:publisher\" content=\"https:\/\/www.facebook.com\/BlogQuerSaberPolitica\/\" \/>\n<meta property=\"article:author\" content=\"https:\/\/www.facebook.com\/?ref=tn_tnmn\" \/>\n<meta property=\"article:published_time\" content=\"2023-04-08T14:31:09+00:00\" \/>\n<meta property=\"og:image\" content=\"https:\/\/blogdofarnesio.com.br\/wp-content\/uploads\/2019\/11\/blogqsptvglobo-logo-thumb.jpg\" \/>\n\t<meta property=\"og:image:width\" content=\"572\" \/>\n\t<meta property=\"og:image:height\" content=\"394\" \/>\n\t<meta property=\"og:image:type\" content=\"image\/jpeg\" \/>\n<meta name=\"author\" content=\"Farn\u00e9sio\" \/>\n<meta name=\"twitter:card\" content=\"summary_large_image\" \/>\n<meta name=\"twitter:label1\" content=\"Escrito por\" \/>\n\t<meta name=\"twitter:data1\" content=\"Farn\u00e9sio\" \/>\n\t<meta name=\"twitter:label2\" content=\"Est. tempo de leitura\" \/>\n\t<meta name=\"twitter:data2\" content=\"4 minutos\" \/>\n<script type=\"application\/ld+json\" class=\"yoast-schema-graph\">{\"@context\":\"https:\\\/\\\/schema.org\",\"@graph\":[{\"@type\":\"Article\",\"@id\":\"https:\\\/\\\/blogdofarnesio.com.br\\\/?p=337808#article\",\"isPartOf\":{\"@id\":\"https:\\\/\\\/blogdofarnesio.com.br\\\/?p=337808\"},\"author\":{\"name\":\"Farn\u00e9sio\",\"@id\":\"https:\\\/\\\/blogdofarnesio.com.br\\\/#\\\/schema\\\/person\\\/bb9b23ae3ad0609ce8df7b6c9e76824d\"},\"headline\":\"Medalh\u00f5es da TV chorando: os bastidores do 2\u00b0 dia de demiss\u00f5es na Globo\",\"datePublished\":\"2023-04-08T14:31:09+00:00\",\"mainEntityOfPage\":{\"@id\":\"https:\\\/\\\/blogdofarnesio.com.br\\\/?p=337808\"},\"wordCount\":686,\"commentCount\":0,\"publisher\":{\"@id\":\"https:\\\/\\\/blogdofarnesio.com.br\\\/#organization\"},\"image\":{\"@id\":\"https:\\\/\\\/blogdofarnesio.com.br\\\/?p=337808#primaryimage\"},\"thumbnailUrl\":\"https:\\\/\\\/blogdofarnesio.com.br\\\/wp-content\\\/uploads\\\/2019\\\/11\\\/blogqsptvglobo-logo-thumb.jpg\",\"articleSection\":[\"Entretenimento\"],\"inLanguage\":\"pt-BR\",\"potentialAction\":[{\"@type\":\"CommentAction\",\"name\":\"Comment\",\"target\":[\"https:\\\/\\\/blogdofarnesio.com.br\\\/?p=337808#respond\"]}]},{\"@type\":\"WebPage\",\"@id\":\"https:\\\/\\\/blogdofarnesio.com.br\\\/?p=337808\",\"url\":\"https:\\\/\\\/blogdofarnesio.com.br\\\/?p=337808\",\"name\":\"Medalh\u00f5es da TV chorando: os bastidores do 2\u00b0 dia de demiss\u00f5es na Globo - Blog do Farn\u00e9sio\",\"isPartOf\":{\"@id\":\"https:\\\/\\\/blogdofarnesio.com.br\\\/#website\"},\"primaryImageOfPage\":{\"@id\":\"https:\\\/\\\/blogdofarnesio.com.br\\\/?p=337808#primaryimage\"},\"image\":{\"@id\":\"https:\\\/\\\/blogdofarnesio.com.br\\\/?p=337808#primaryimage\"},\"thumbnailUrl\":\"https:\\\/\\\/blogdofarnesio.com.br\\\/wp-content\\\/uploads\\\/2019\\\/11\\\/blogqsptvglobo-logo-thumb.jpg\",\"datePublished\":\"2023-04-08T14:31:09+00:00\",\"breadcrumb\":{\"@id\":\"https:\\\/\\\/blogdofarnesio.com.br\\\/?p=337808#breadcrumb\"},\"inLanguage\":\"pt-BR\",\"potentialAction\":[{\"@type\":\"ReadAction\",\"target\":[\"https:\\\/\\\/blogdofarnesio.com.br\\\/?p=337808\"]}]},{\"@type\":\"ImageObject\",\"inLanguage\":\"pt-BR\",\"@id\":\"https:\\\/\\\/blogdofarnesio.com.br\\\/?p=337808#primaryimage\",\"url\":\"https:\\\/\\\/blogdofarnesio.com.br\\\/wp-content\\\/uploads\\\/2019\\\/11\\\/blogqsptvglobo-logo-thumb.jpg\",\"contentUrl\":\"https:\\\/\\\/blogdofarnesio.com.br\\\/wp-content\\\/uploads\\\/2019\\\/11\\\/blogqsptvglobo-logo-thumb.jpg\",\"width\":572,\"height\":394},{\"@type\":\"BreadcrumbList\",\"@id\":\"https:\\\/\\\/blogdofarnesio.com.br\\\/?p=337808#breadcrumb\",\"itemListElement\":[{\"@type\":\"ListItem\",\"position\":1,\"name\":\"In\u00edcio\",\"item\":\"https:\\\/\\\/blogdofarnesio.com.br\\\/\"},{\"@type\":\"ListItem\",\"position\":2,\"name\":\"Medalh\u00f5es da TV chorando: os bastidores do 2\u00b0 dia de demiss\u00f5es na Globo\"}]},{\"@type\":\"WebSite\",\"@id\":\"https:\\\/\\\/blogdofarnesio.com.br\\\/#website\",\"url\":\"https:\\\/\\\/blogdofarnesio.com.br\\\/\",\"name\":\"Blog do Farn\u00e9sio\",\"description\":\"Quer Saber Pol\u00edtica?\",\"publisher\":{\"@id\":\"https:\\\/\\\/blogdofarnesio.com.br\\\/#organization\"},\"potentialAction\":[{\"@type\":\"SearchAction\",\"target\":{\"@type\":\"EntryPoint\",\"urlTemplate\":\"https:\\\/\\\/blogdofarnesio.com.br\\\/?s={search_term_string}\"},\"query-input\":{\"@type\":\"PropertyValueSpecification\",\"valueRequired\":true,\"valueName\":\"search_term_string\"}}],\"inLanguage\":\"pt-BR\"},{\"@type\":\"Organization\",\"@id\":\"https:\\\/\\\/blogdofarnesio.com.br\\\/#organization\",\"name\":\"Blog do Farn\u00e9sio\",\"url\":\"https:\\\/\\\/blogdofarnesio.com.br\\\/\",\"logo\":{\"@type\":\"ImageObject\",\"inLanguage\":\"pt-BR\",\"@id\":\"https:\\\/\\\/blogdofarnesio.com.br\\\/#\\\/schema\\\/logo\\\/image\\\/\",\"url\":\"https:\\\/\\\/blogdofarnesio.com.br\\\/wp-content\\\/uploads\\\/2026\\\/03\\\/cropped-logo_new-1.png\",\"contentUrl\":\"https:\\\/\\\/blogdofarnesio.com.br\\\/wp-content\\\/uploads\\\/2026\\\/03\\\/cropped-logo_new-1.png\",\"width\":881,\"height\":685,\"caption\":\"Blog do Farn\u00e9sio\"},\"image\":{\"@id\":\"https:\\\/\\\/blogdofarnesio.com.br\\\/#\\\/schema\\\/logo\\\/image\\\/\"},\"sameAs\":[\"https:\\\/\\\/www.facebook.com\\\/BlogQuerSaberPolitica\\\/\"]},{\"@type\":\"Person\",\"@id\":\"https:\\\/\\\/blogdofarnesio.com.br\\\/#\\\/schema\\\/person\\\/bb9b23ae3ad0609ce8df7b6c9e76824d\",\"name\":\"Farn\u00e9sio\",\"image\":{\"@type\":\"ImageObject\",\"inLanguage\":\"pt-BR\",\"@id\":\"https:\\\/\\\/secure.gravatar.com\\\/avatar\\\/986aa4c61ccdb66f8555bf88fc2a65609d00bcabd4d2d94377a727547345cbca?s=96&d=mm&r=g\",\"url\":\"https:\\\/\\\/secure.gravatar.com\\\/avatar\\\/986aa4c61ccdb66f8555bf88fc2a65609d00bcabd4d2d94377a727547345cbca?s=96&d=mm&r=g\",\"contentUrl\":\"https:\\\/\\\/secure.gravatar.com\\\/avatar\\\/986aa4c61ccdb66f8555bf88fc2a65609d00bcabd4d2d94377a727547345cbca?s=96&d=mm&r=g\",\"caption\":\"Farn\u00e9sio\"},\"description\":\"Radialista blogueiro, chegou a Petrolina\\\/Juazeiro em setembro de 1980, Farn\u00e9sio Silva \u00e9 de Arapiraca-Alagoas.\",\"sameAs\":[\"http:\\\/\\\/blogdofarnesio.com.br\",\"https:\\\/\\\/www.facebook.com\\\/?ref=tn_tnmn\",\"https:\\\/\\\/www.instagram.com\\\/?utm_source=pwa_homescreen\",\"https:\\\/\\\/youtube.com.br\\\/\"],\"url\":\"https:\\\/\\\/blogdofarnesio.com.br\\\/?author=2\"}]}<\/script>\n<!-- \/ Yoast SEO plugin. -->","yoast_head_json":{"title":"Medalh\u00f5es da TV chorando: os bastidores do 2\u00b0 dia de demiss\u00f5es na Globo - Blog do Farn\u00e9sio","robots":{"index":"index","follow":"follow","max-snippet":"max-snippet:-1","max-image-preview":"max-image-preview:large","max-video-preview":"max-video-preview:-1"},"canonical":"https:\/\/blogdofarnesio.com.br\/?p=337808","og_locale":"pt_BR","og_type":"article","og_title":"Medalh\u00f5es da TV chorando: os bastidores do 2\u00b0 dia de demiss\u00f5es na Globo - Blog do Farn\u00e9sio","og_description":"Terra Brasil Not\u00edcias.\u00a0 &#8211; O jornalismo da Globo viveu mais um dia de cortes. Ap\u00f3s desligamentos no Rio, diversos profissionais de S\u00e3o Paulo, Belo Horizonte, Recife e Bras\u00edlia foram demitidos hoje em um novo dia tenso nos corredores da emissora O colunista Lucas Pasin, de Splash, que relatou os bastidores do primeiro dia de demiss\u00f5es, conversou tamb\u00e9m com pessoas de S\u00e3o Paulo envolvidas diretamente nos desligamentos. O que se via nos corredores era medalh\u00f5es do jornalismo, com anos de trabalho, chorando: ou pela pr\u00f3pria demiss\u00e3o, ou por desligamento de amigos Muito do clima de tens\u00e3o acontece por conta das \u201clistas\u201d que circulam nos pr\u00f3prios grupos de WhatsApp dos jornalistas. Nessas listas s\u00e3o publicados nomes que supostamente ser\u00e3o desligados. Colegas passam&hellip;","og_url":"https:\/\/blogdofarnesio.com.br\/?p=337808","og_site_name":"Blog do Farn\u00e9sio","article_publisher":"https:\/\/www.facebook.com\/BlogQuerSaberPolitica\/","article_author":"https:\/\/www.facebook.com\/?ref=tn_tnmn","article_published_time":"2023-04-08T14:31:09+00:00","og_image":[{"width":572,"height":394,"url":"https:\/\/blogdofarnesio.com.br\/wp-content\/uploads\/2019\/11\/blogqsptvglobo-logo-thumb.jpg","type":"image\/jpeg"}],"author":"Farn\u00e9sio","twitter_card":"summary_large_image","twitter_misc":{"Escrito por":"Farn\u00e9sio","Est. tempo de leitura":"4 minutos"},"schema":{"@context":"https:\/\/schema.org","@graph":[{"@type":"Article","@id":"https:\/\/blogdofarnesio.com.br\/?p=337808#article","isPartOf":{"@id":"https:\/\/blogdofarnesio.com.br\/?p=337808"},"author":{"name":"Farn\u00e9sio","@id":"https:\/\/blogdofarnesio.com.br\/#\/schema\/person\/bb9b23ae3ad0609ce8df7b6c9e76824d"},"headline":"Medalh\u00f5es da TV chorando: os bastidores do 2\u00b0 dia de demiss\u00f5es na Globo","datePublished":"2023-04-08T14:31:09+00:00","mainEntityOfPage":{"@id":"https:\/\/blogdofarnesio.com.br\/?p=337808"},"wordCount":686,"commentCount":0,"publisher":{"@id":"https:\/\/blogdofarnesio.com.br\/#organization"},"image":{"@id":"https:\/\/blogdofarnesio.com.br\/?p=337808#primaryimage"},"thumbnailUrl":"https:\/\/blogdofarnesio.com.br\/wp-content\/uploads\/2019\/11\/blogqsptvglobo-logo-thumb.jpg","articleSection":["Entretenimento"],"inLanguage":"pt-BR","potentialAction":[{"@type":"CommentAction","name":"Comment","target":["https:\/\/blogdofarnesio.com.br\/?p=337808#respond"]}]},{"@type":"WebPage","@id":"https:\/\/blogdofarnesio.com.br\/?p=337808","url":"https:\/\/blogdofarnesio.com.br\/?p=337808","name":"Medalh\u00f5es da TV chorando: os bastidores do 2\u00b0 dia de demiss\u00f5es na Globo - Blog do Farn\u00e9sio","isPartOf":{"@id":"https:\/\/blogdofarnesio.com.br\/#website"},"primaryImageOfPage":{"@id":"https:\/\/blogdofarnesio.com.br\/?p=337808#primaryimage"},"image":{"@id":"https:\/\/blogdofarnesio.com.br\/?p=337808#primaryimage"},"thumbnailUrl":"https:\/\/blogdofarnesio.com.br\/wp-content\/uploads\/2019\/11\/blogqsptvglobo-logo-thumb.jpg","datePublished":"2023-04-08T14:31:09+00:00","breadcrumb":{"@id":"https:\/\/blogdofarnesio.com.br\/?p=337808#breadcrumb"},"inLanguage":"pt-BR","potentialAction":[{"@type":"ReadAction","target":["https:\/\/blogdofarnesio.com.br\/?p=337808"]}]},{"@type":"ImageObject","inLanguage":"pt-BR","@id":"https:\/\/blogdofarnesio.com.br\/?p=337808#primaryimage","url":"https:\/\/blogdofarnesio.com.br\/wp-content\/uploads\/2019\/11\/blogqsptvglobo-logo-thumb.jpg","contentUrl":"https:\/\/blogdofarnesio.com.br\/wp-content\/uploads\/2019\/11\/blogqsptvglobo-logo-thumb.jpg","width":572,"height":394},{"@type":"BreadcrumbList","@id":"https:\/\/blogdofarnesio.com.br\/?p=337808#breadcrumb","itemListElement":[{"@type":"ListItem","position":1,"name":"In\u00edcio","item":"https:\/\/blogdofarnesio.com.br\/"},{"@type":"ListItem","position":2,"name":"Medalh\u00f5es da TV chorando: os bastidores do 2\u00b0 dia de demiss\u00f5es na Globo"}]},{"@type":"WebSite","@id":"https:\/\/blogdofarnesio.com.br\/#website","url":"https:\/\/blogdofarnesio.com.br\/","name":"Blog do Farn\u00e9sio","description":"Quer Saber Pol\u00edtica?","publisher":{"@id":"https:\/\/blogdofarnesio.com.br\/#organization"},"potentialAction":[{"@type":"SearchAction","target":{"@type":"EntryPoint","urlTemplate":"https:\/\/blogdofarnesio.com.br\/?s={search_term_string}"},"query-input":{"@type":"PropertyValueSpecification","valueRequired":true,"valueName":"search_term_string"}}],"inLanguage":"pt-BR"},{"@type":"Organization","@id":"https:\/\/blogdofarnesio.com.br\/#organization","name":"Blog do Farn\u00e9sio","url":"https:\/\/blogdofarnesio.com.br\/","logo":{"@type":"ImageObject","inLanguage":"pt-BR","@id":"https:\/\/blogdofarnesio.com.br\/#\/schema\/logo\/image\/","url":"https:\/\/blogdofarnesio.com.br\/wp-content\/uploads\/2026\/03\/cropped-logo_new-1.png","contentUrl":"https:\/\/blogdofarnesio.com.br\/wp-content\/uploads\/2026\/03\/cropped-logo_new-1.png","width":881,"height":685,"caption":"Blog do Farn\u00e9sio"},"image":{"@id":"https:\/\/blogdofarnesio.com.br\/#\/schema\/logo\/image\/"},"sameAs":["https:\/\/www.facebook.com\/BlogQuerSaberPolitica\/"]},{"@type":"Person","@id":"https:\/\/blogdofarnesio.com.br\/#\/schema\/person\/bb9b23ae3ad0609ce8df7b6c9e76824d","name":"Farn\u00e9sio","image":{"@type":"ImageObject","inLanguage":"pt-BR","@id":"https:\/\/secure.gravatar.com\/avatar\/986aa4c61ccdb66f8555bf88fc2a65609d00bcabd4d2d94377a727547345cbca?s=96&d=mm&r=g","url":"https:\/\/secure.gravatar.com\/avatar\/986aa4c61ccdb66f8555bf88fc2a65609d00bcabd4d2d94377a727547345cbca?s=96&d=mm&r=g","contentUrl":"https:\/\/secure.gravatar.com\/avatar\/986aa4c61ccdb66f8555bf88fc2a65609d00bcabd4d2d94377a727547345cbca?s=96&d=mm&r=g","caption":"Farn\u00e9sio"},"description":"Radialista blogueiro, chegou a Petrolina\/Juazeiro em setembro de 1980, Farn\u00e9sio Silva \u00e9 de Arapiraca-Alagoas.","sameAs":["http:\/\/blogdofarnesio.com.br","https:\/\/www.facebook.com\/?ref=tn_tnmn","https:\/\/www.instagram.com\/?utm_source=pwa_homescreen","https:\/\/youtube.com.br\/"],"url":"https:\/\/blogdofarnesio.com.br\/?author=2"}]}},"_links":{"self":[{"href":"https:\/\/blogdofarnesio.com.br\/index.php?rest_route=\/wp\/v2\/posts\/337808","targetHints":{"allow":["GET"]}}],"collection":[{"href":"https:\/\/blogdofarnesio.com.br\/index.php?rest_route=\/wp\/v2\/posts"}],"about":[{"href":"https:\/\/blogdofarnesio.com.br\/index.php?rest_route=\/wp\/v2\/types\/post"}],"author":[{"embeddable":true,"href":"https:\/\/blogdofarnesio.com.br\/index.php?rest_route=\/wp\/v2\/users\/2"}],"replies":[{"embeddable":true,"href":"https:\/\/blogdofarnesio.com.br\/index.php?rest_route=%2Fwp%2Fv2%2Fcomments&post=337808"}],"version-history":[{"count":0,"href":"https:\/\/blogdofarnesio.com.br\/index.php?rest_route=\/wp\/v2\/posts\/337808\/revisions"}],"wp:featuredmedia":[{"embeddable":true,"href":"https:\/\/blogdofarnesio.com.br\/index.php?rest_route=\/wp\/v2\/media\/243824"}],"wp:attachment":[{"href":"https:\/\/blogdofarnesio.com.br\/index.php?rest_route=%2Fwp%2Fv2%2Fmedia&parent=337808"}],"wp:term":[{"taxonomy":"category","embeddable":true,"href":"https:\/\/blogdofarnesio.com.br\/index.php?rest_route=%2Fwp%2Fv2%2Fcategories&post=337808"},{"taxonomy":"post_tag","embeddable":true,"href":"https:\/\/blogdofarnesio.com.br\/index.php?rest_route=%2Fwp%2Fv2%2Ftags&post=337808"}],"curies":[{"name":"wp","href":"https:\/\/api.w.org\/{rel}","templated":true}]}}