{"id":337792,"date":"2023-04-10T08:22:05","date_gmt":"2023-04-10T11:22:05","guid":{"rendered":"https:\/\/blogdofarnesio.com.br\/?p=337792"},"modified":"2023-04-07T15:53:31","modified_gmt":"2023-04-07T18:53:31","slug":"gonzaga-patriota-pode-reassumir-mandato-no-congresso","status":"publish","type":"post","link":"https:\/\/blogdofarnesio.com.br\/?p=337792","title":{"rendered":"Gonzaga Patriota pode reassumir mandato no congresso"},"content":{"rendered":"<p>Um dos parlamentares cuja n\u00e3o reelei\u00e7\u00e3o foi mais lamentada no estado, Gonzaga Patriota (PSB) pode reassumir o mandato. Hoje na supl\u00eancia, o decano espera a aposentadoria de Teresa Duere no TCE. A vaga ser\u00e1 provavelmente preenchida pelo Federal Guilherme Uch\u00f4a J\u00fanior.<\/p>\n<p>Assim, ser\u00e1 aberto espa\u00e7o para Gonzaga. Registre-se, ele segue em plena atividade. Na Marcha dos Prefeitos, entregou equipamentos e emendas destinadas em 2022.<\/p>\n<p>Ano passado, Gonzaga Patriota viu sua vota\u00e7\u00e3o reduzir para 67.328 votos. O decano n\u00e3o conseguiu a reelei\u00e7\u00e3o. Um dos fatores, a estrat\u00e9gia do pr\u00f3prio PSB priorizando nomes como Jo\u00e3o Campos e minando suas bases. Apesar do rev\u00e9s, se queixou apenas timidamente e seguiu na legenda.<\/p>\n<p>Recentemente, disse que n\u00e3o se aposentou da pol\u00edtica. E afirmou ainda que \u00e9 pr\u00e9-canidato a preeito de Petrolina em 2024.<\/p>\n<p>\u201cEu continuo na pol\u00edtica, obviamente que agora nesses quatro anos sem mandato, ou dois anos porque temos elei\u00e7\u00f5es municipais e quem sabe se eu n\u00e3o serei prefeito de Petrolina. Eu disputei a prefeitura quando tinha mandato e agora sem mandato de deputado \u00e9 que eu posso disputar mesmo\u201d<\/p>\n","protected":false},"excerpt":{"rendered":"<p>Um dos parlamentares cuja n\u00e3o reelei\u00e7\u00e3o foi mais lamentada no estado, Gonzaga Patriota (PSB) pode reassumir o mandato. Hoje na supl\u00eancia, o decano espera a aposentadoria de Teresa Duere no TCE. A vaga ser\u00e1 provavelmente preenchida pelo Federal Guilherme Uch\u00f4a J\u00fanior. Assim, ser\u00e1 aberto espa\u00e7o para Gonzaga. Registre-se, ele segue em plena atividade. Na Marcha dos Prefeitos, entregou equipamentos e emendas destinadas em 2022. Ano passado, Gonzaga Patriota viu sua vota\u00e7\u00e3o reduzir para 67.328 votos. O decano n\u00e3o conseguiu a reelei\u00e7\u00e3o. Um dos fatores, a estrat\u00e9gia do pr\u00f3prio PSB priorizando nomes como Jo\u00e3o Campos e minando suas bases. Apesar do rev\u00e9s, se queixou apenas timidamente e seguiu na legenda. Recentemente, disse que n\u00e3o se aposentou da pol\u00edtica. E afirmou ainda&hellip; <\/p>\n","protected":false},"author":2,"featured_media":310345,"comment_status":"open","ping_status":"open","sticky":false,"template":"","format":"standard","meta":{"_acf_changed":false,"footnotes":""},"categories":[9],"tags":[],"class_list":["post-337792","post","type-post","status-publish","format-standard","has-post-thumbnail","hentry","category-policia"],"acf":[],"yoast_head":"<!-- This site is optimized with the Yoast SEO plugin v27.4 - https:\/\/yoast.com\/product\/yoast-seo-wordpress\/ -->\n<title>Gonzaga Patriota pode reassumir mandato no congresso - Blog do Farn\u00e9sio<\/title>\n<meta name=\"robots\" content=\"index, follow, max-snippet:-1, max-image-preview:large, max-video-preview:-1\" \/>\n<link rel=\"canonical\" href=\"https:\/\/blogdofarnesio.com.br\/?p=337792\" \/>\n<meta property=\"og:locale\" content=\"pt_BR\" \/>\n<meta property=\"og:type\" content=\"article\" \/>\n<meta property=\"og:title\" content=\"Gonzaga Patriota pode reassumir mandato no congresso - Blog do Farn\u00e9sio\" \/>\n<meta property=\"og:description\" content=\"Um dos parlamentares cuja n\u00e3o reelei\u00e7\u00e3o foi mais lamentada no estado, Gonzaga Patriota (PSB) pode reassumir o mandato. Hoje na supl\u00eancia, o decano espera a aposentadoria de Teresa Duere no TCE. A vaga ser\u00e1 provavelmente preenchida pelo Federal Guilherme Uch\u00f4a J\u00fanior. Assim, ser\u00e1 aberto espa\u00e7o para Gonzaga. Registre-se, ele segue em plena atividade. Na Marcha dos Prefeitos, entregou equipamentos e emendas destinadas em 2022. Ano passado, Gonzaga Patriota viu sua vota\u00e7\u00e3o reduzir para 67.328 votos. O decano n\u00e3o conseguiu a reelei\u00e7\u00e3o. Um dos fatores, a estrat\u00e9gia do pr\u00f3prio PSB priorizando nomes como Jo\u00e3o Campos e minando suas bases. Apesar do rev\u00e9s, se queixou apenas timidamente e seguiu na legenda. Recentemente, disse que n\u00e3o se aposentou da pol\u00edtica. E afirmou ainda&hellip;\" \/>\n<meta property=\"og:url\" content=\"https:\/\/blogdofarnesio.com.br\/?p=337792\" \/>\n<meta property=\"og:site_name\" content=\"Blog do Farn\u00e9sio\" \/>\n<meta property=\"article:publisher\" content=\"https:\/\/www.facebook.com\/BlogQuerSaberPolitica\/\" \/>\n<meta property=\"article:author\" content=\"https:\/\/www.facebook.com\/?ref=tn_tnmn\" \/>\n<meta property=\"article:published_time\" content=\"2023-04-10T11:22:05+00:00\" \/>\n<meta property=\"og:image\" content=\"https:\/\/blogdofarnesio.com.br\/wp-content\/uploads\/2022\/04\/blogqspgonzaga-06-e1649161081542.jpeg\" \/>\n\t<meta property=\"og:image:width\" content=\"680\" \/>\n\t<meta property=\"og:image:height\" content=\"383\" \/>\n\t<meta property=\"og:image:type\" content=\"image\/jpeg\" \/>\n<meta name=\"author\" content=\"Farn\u00e9sio\" \/>\n<meta name=\"twitter:card\" content=\"summary_large_image\" \/>\n<meta name=\"twitter:label1\" content=\"Escrito por\" \/>\n\t<meta name=\"twitter:data1\" content=\"Farn\u00e9sio\" \/>\n\t<meta name=\"twitter:label2\" content=\"Est. tempo de leitura\" \/>\n\t<meta name=\"twitter:data2\" content=\"1 minuto\" \/>\n<script type=\"application\/ld+json\" class=\"yoast-schema-graph\">{\"@context\":\"https:\\\/\\\/schema.org\",\"@graph\":[{\"@type\":\"Article\",\"@id\":\"https:\\\/\\\/blogdofarnesio.com.br\\\/?p=337792#article\",\"isPartOf\":{\"@id\":\"https:\\\/\\\/blogdofarnesio.com.br\\\/?p=337792\"},\"author\":{\"name\":\"Farn\u00e9sio\",\"@id\":\"https:\\\/\\\/blogdofarnesio.com.br\\\/#\\\/schema\\\/person\\\/bb9b23ae3ad0609ce8df7b6c9e76824d\"},\"headline\":\"Gonzaga Patriota pode reassumir mandato no congresso\",\"datePublished\":\"2023-04-10T11:22:05+00:00\",\"mainEntityOfPage\":{\"@id\":\"https:\\\/\\\/blogdofarnesio.com.br\\\/?p=337792\"},\"wordCount\":198,\"commentCount\":0,\"publisher\":{\"@id\":\"https:\\\/\\\/blogdofarnesio.com.br\\\/#organization\"},\"image\":{\"@id\":\"https:\\\/\\\/blogdofarnesio.com.br\\\/?p=337792#primaryimage\"},\"thumbnailUrl\":\"https:\\\/\\\/blogdofarnesio.com.br\\\/wp-content\\\/uploads\\\/2022\\\/04\\\/blogqspgonzaga-06-e1649161081542.jpeg\",\"articleSection\":[\"Pol\u00edcia\"],\"inLanguage\":\"pt-BR\",\"potentialAction\":[{\"@type\":\"CommentAction\",\"name\":\"Comment\",\"target\":[\"https:\\\/\\\/blogdofarnesio.com.br\\\/?p=337792#respond\"]}]},{\"@type\":\"WebPage\",\"@id\":\"https:\\\/\\\/blogdofarnesio.com.br\\\/?p=337792\",\"url\":\"https:\\\/\\\/blogdofarnesio.com.br\\\/?p=337792\",\"name\":\"Gonzaga Patriota pode reassumir mandato no congresso - Blog do Farn\u00e9sio\",\"isPartOf\":{\"@id\":\"https:\\\/\\\/blogdofarnesio.com.br\\\/#website\"},\"primaryImageOfPage\":{\"@id\":\"https:\\\/\\\/blogdofarnesio.com.br\\\/?p=337792#primaryimage\"},\"image\":{\"@id\":\"https:\\\/\\\/blogdofarnesio.com.br\\\/?p=337792#primaryimage\"},\"thumbnailUrl\":\"https:\\\/\\\/blogdofarnesio.com.br\\\/wp-content\\\/uploads\\\/2022\\\/04\\\/blogqspgonzaga-06-e1649161081542.jpeg\",\"datePublished\":\"2023-04-10T11:22:05+00:00\",\"breadcrumb\":{\"@id\":\"https:\\\/\\\/blogdofarnesio.com.br\\\/?p=337792#breadcrumb\"},\"inLanguage\":\"pt-BR\",\"potentialAction\":[{\"@type\":\"ReadAction\",\"target\":[\"https:\\\/\\\/blogdofarnesio.com.br\\\/?p=337792\"]}]},{\"@type\":\"ImageObject\",\"inLanguage\":\"pt-BR\",\"@id\":\"https:\\\/\\\/blogdofarnesio.com.br\\\/?p=337792#primaryimage\",\"url\":\"https:\\\/\\\/blogdofarnesio.com.br\\\/wp-content\\\/uploads\\\/2022\\\/04\\\/blogqspgonzaga-06-e1649161081542.jpeg\",\"contentUrl\":\"https:\\\/\\\/blogdofarnesio.com.br\\\/wp-content\\\/uploads\\\/2022\\\/04\\\/blogqspgonzaga-06-e1649161081542.jpeg\",\"width\":680,\"height\":383},{\"@type\":\"BreadcrumbList\",\"@id\":\"https:\\\/\\\/blogdofarnesio.com.br\\\/?p=337792#breadcrumb\",\"itemListElement\":[{\"@type\":\"ListItem\",\"position\":1,\"name\":\"In\u00edcio\",\"item\":\"https:\\\/\\\/blogdofarnesio.com.br\\\/\"},{\"@type\":\"ListItem\",\"position\":2,\"name\":\"Gonzaga Patriota pode reassumir mandato no congresso\"}]},{\"@type\":\"WebSite\",\"@id\":\"https:\\\/\\\/blogdofarnesio.com.br\\\/#website\",\"url\":\"https:\\\/\\\/blogdofarnesio.com.br\\\/\",\"name\":\"Blog do Farn\u00e9sio\",\"description\":\"Quer Saber Pol\u00edtica?\",\"publisher\":{\"@id\":\"https:\\\/\\\/blogdofarnesio.com.br\\\/#organization\"},\"potentialAction\":[{\"@type\":\"SearchAction\",\"target\":{\"@type\":\"EntryPoint\",\"urlTemplate\":\"https:\\\/\\\/blogdofarnesio.com.br\\\/?s={search_term_string}\"},\"query-input\":{\"@type\":\"PropertyValueSpecification\",\"valueRequired\":true,\"valueName\":\"search_term_string\"}}],\"inLanguage\":\"pt-BR\"},{\"@type\":\"Organization\",\"@id\":\"https:\\\/\\\/blogdofarnesio.com.br\\\/#organization\",\"name\":\"Blog do Farn\u00e9sio\",\"url\":\"https:\\\/\\\/blogdofarnesio.com.br\\\/\",\"logo\":{\"@type\":\"ImageObject\",\"inLanguage\":\"pt-BR\",\"@id\":\"https:\\\/\\\/blogdofarnesio.com.br\\\/#\\\/schema\\\/logo\\\/image\\\/\",\"url\":\"https:\\\/\\\/blogdofarnesio.com.br\\\/wp-content\\\/uploads\\\/2026\\\/03\\\/cropped-logo_new-1.png\",\"contentUrl\":\"https:\\\/\\\/blogdofarnesio.com.br\\\/wp-content\\\/uploads\\\/2026\\\/03\\\/cropped-logo_new-1.png\",\"width\":881,\"height\":685,\"caption\":\"Blog do Farn\u00e9sio\"},\"image\":{\"@id\":\"https:\\\/\\\/blogdofarnesio.com.br\\\/#\\\/schema\\\/logo\\\/image\\\/\"},\"sameAs\":[\"https:\\\/\\\/www.facebook.com\\\/BlogQuerSaberPolitica\\\/\"]},{\"@type\":\"Person\",\"@id\":\"https:\\\/\\\/blogdofarnesio.com.br\\\/#\\\/schema\\\/person\\\/bb9b23ae3ad0609ce8df7b6c9e76824d\",\"name\":\"Farn\u00e9sio\",\"image\":{\"@type\":\"ImageObject\",\"inLanguage\":\"pt-BR\",\"@id\":\"https:\\\/\\\/secure.gravatar.com\\\/avatar\\\/986aa4c61ccdb66f8555bf88fc2a65609d00bcabd4d2d94377a727547345cbca?s=96&d=mm&r=g\",\"url\":\"https:\\\/\\\/secure.gravatar.com\\\/avatar\\\/986aa4c61ccdb66f8555bf88fc2a65609d00bcabd4d2d94377a727547345cbca?s=96&d=mm&r=g\",\"contentUrl\":\"https:\\\/\\\/secure.gravatar.com\\\/avatar\\\/986aa4c61ccdb66f8555bf88fc2a65609d00bcabd4d2d94377a727547345cbca?s=96&d=mm&r=g\",\"caption\":\"Farn\u00e9sio\"},\"description\":\"Radialista blogueiro, chegou a Petrolina\\\/Juazeiro em setembro de 1980, Farn\u00e9sio Silva \u00e9 de Arapiraca-Alagoas.\",\"sameAs\":[\"http:\\\/\\\/blogdofarnesio.com.br\",\"https:\\\/\\\/www.facebook.com\\\/?ref=tn_tnmn\",\"https:\\\/\\\/www.instagram.com\\\/?utm_source=pwa_homescreen\",\"https:\\\/\\\/youtube.com.br\\\/\"],\"url\":\"https:\\\/\\\/blogdofarnesio.com.br\\\/?author=2\"}]}<\/script>\n<!-- \/ Yoast SEO plugin. -->","yoast_head_json":{"title":"Gonzaga Patriota pode reassumir mandato no congresso - Blog do Farn\u00e9sio","robots":{"index":"index","follow":"follow","max-snippet":"max-snippet:-1","max-image-preview":"max-image-preview:large","max-video-preview":"max-video-preview:-1"},"canonical":"https:\/\/blogdofarnesio.com.br\/?p=337792","og_locale":"pt_BR","og_type":"article","og_title":"Gonzaga Patriota pode reassumir mandato no congresso - Blog do Farn\u00e9sio","og_description":"Um dos parlamentares cuja n\u00e3o reelei\u00e7\u00e3o foi mais lamentada no estado, Gonzaga Patriota (PSB) pode reassumir o mandato. Hoje na supl\u00eancia, o decano espera a aposentadoria de Teresa Duere no TCE. A vaga ser\u00e1 provavelmente preenchida pelo Federal Guilherme Uch\u00f4a J\u00fanior. Assim, ser\u00e1 aberto espa\u00e7o para Gonzaga. Registre-se, ele segue em plena atividade. Na Marcha dos Prefeitos, entregou equipamentos e emendas destinadas em 2022. Ano passado, Gonzaga Patriota viu sua vota\u00e7\u00e3o reduzir para 67.328 votos. O decano n\u00e3o conseguiu a reelei\u00e7\u00e3o. Um dos fatores, a estrat\u00e9gia do pr\u00f3prio PSB priorizando nomes como Jo\u00e3o Campos e minando suas bases. Apesar do rev\u00e9s, se queixou apenas timidamente e seguiu na legenda. Recentemente, disse que n\u00e3o se aposentou da pol\u00edtica. E afirmou ainda&hellip;","og_url":"https:\/\/blogdofarnesio.com.br\/?p=337792","og_site_name":"Blog do Farn\u00e9sio","article_publisher":"https:\/\/www.facebook.com\/BlogQuerSaberPolitica\/","article_author":"https:\/\/www.facebook.com\/?ref=tn_tnmn","article_published_time":"2023-04-10T11:22:05+00:00","og_image":[{"width":680,"height":383,"url":"https:\/\/blogdofarnesio.com.br\/wp-content\/uploads\/2022\/04\/blogqspgonzaga-06-e1649161081542.jpeg","type":"image\/jpeg"}],"author":"Farn\u00e9sio","twitter_card":"summary_large_image","twitter_misc":{"Escrito por":"Farn\u00e9sio","Est. tempo de leitura":"1 minuto"},"schema":{"@context":"https:\/\/schema.org","@graph":[{"@type":"Article","@id":"https:\/\/blogdofarnesio.com.br\/?p=337792#article","isPartOf":{"@id":"https:\/\/blogdofarnesio.com.br\/?p=337792"},"author":{"name":"Farn\u00e9sio","@id":"https:\/\/blogdofarnesio.com.br\/#\/schema\/person\/bb9b23ae3ad0609ce8df7b6c9e76824d"},"headline":"Gonzaga Patriota pode reassumir mandato no congresso","datePublished":"2023-04-10T11:22:05+00:00","mainEntityOfPage":{"@id":"https:\/\/blogdofarnesio.com.br\/?p=337792"},"wordCount":198,"commentCount":0,"publisher":{"@id":"https:\/\/blogdofarnesio.com.br\/#organization"},"image":{"@id":"https:\/\/blogdofarnesio.com.br\/?p=337792#primaryimage"},"thumbnailUrl":"https:\/\/blogdofarnesio.com.br\/wp-content\/uploads\/2022\/04\/blogqspgonzaga-06-e1649161081542.jpeg","articleSection":["Pol\u00edcia"],"inLanguage":"pt-BR","potentialAction":[{"@type":"CommentAction","name":"Comment","target":["https:\/\/blogdofarnesio.com.br\/?p=337792#respond"]}]},{"@type":"WebPage","@id":"https:\/\/blogdofarnesio.com.br\/?p=337792","url":"https:\/\/blogdofarnesio.com.br\/?p=337792","name":"Gonzaga Patriota pode reassumir mandato no congresso - Blog do Farn\u00e9sio","isPartOf":{"@id":"https:\/\/blogdofarnesio.com.br\/#website"},"primaryImageOfPage":{"@id":"https:\/\/blogdofarnesio.com.br\/?p=337792#primaryimage"},"image":{"@id":"https:\/\/blogdofarnesio.com.br\/?p=337792#primaryimage"},"thumbnailUrl":"https:\/\/blogdofarnesio.com.br\/wp-content\/uploads\/2022\/04\/blogqspgonzaga-06-e1649161081542.jpeg","datePublished":"2023-04-10T11:22:05+00:00","breadcrumb":{"@id":"https:\/\/blogdofarnesio.com.br\/?p=337792#breadcrumb"},"inLanguage":"pt-BR","potentialAction":[{"@type":"ReadAction","target":["https:\/\/blogdofarnesio.com.br\/?p=337792"]}]},{"@type":"ImageObject","inLanguage":"pt-BR","@id":"https:\/\/blogdofarnesio.com.br\/?p=337792#primaryimage","url":"https:\/\/blogdofarnesio.com.br\/wp-content\/uploads\/2022\/04\/blogqspgonzaga-06-e1649161081542.jpeg","contentUrl":"https:\/\/blogdofarnesio.com.br\/wp-content\/uploads\/2022\/04\/blogqspgonzaga-06-e1649161081542.jpeg","width":680,"height":383},{"@type":"BreadcrumbList","@id":"https:\/\/blogdofarnesio.com.br\/?p=337792#breadcrumb","itemListElement":[{"@type":"ListItem","position":1,"name":"In\u00edcio","item":"https:\/\/blogdofarnesio.com.br\/"},{"@type":"ListItem","position":2,"name":"Gonzaga Patriota pode reassumir mandato no congresso"}]},{"@type":"WebSite","@id":"https:\/\/blogdofarnesio.com.br\/#website","url":"https:\/\/blogdofarnesio.com.br\/","name":"Blog do Farn\u00e9sio","description":"Quer Saber Pol\u00edtica?","publisher":{"@id":"https:\/\/blogdofarnesio.com.br\/#organization"},"potentialAction":[{"@type":"SearchAction","target":{"@type":"EntryPoint","urlTemplate":"https:\/\/blogdofarnesio.com.br\/?s={search_term_string}"},"query-input":{"@type":"PropertyValueSpecification","valueRequired":true,"valueName":"search_term_string"}}],"inLanguage":"pt-BR"},{"@type":"Organization","@id":"https:\/\/blogdofarnesio.com.br\/#organization","name":"Blog do Farn\u00e9sio","url":"https:\/\/blogdofarnesio.com.br\/","logo":{"@type":"ImageObject","inLanguage":"pt-BR","@id":"https:\/\/blogdofarnesio.com.br\/#\/schema\/logo\/image\/","url":"https:\/\/blogdofarnesio.com.br\/wp-content\/uploads\/2026\/03\/cropped-logo_new-1.png","contentUrl":"https:\/\/blogdofarnesio.com.br\/wp-content\/uploads\/2026\/03\/cropped-logo_new-1.png","width":881,"height":685,"caption":"Blog do Farn\u00e9sio"},"image":{"@id":"https:\/\/blogdofarnesio.com.br\/#\/schema\/logo\/image\/"},"sameAs":["https:\/\/www.facebook.com\/BlogQuerSaberPolitica\/"]},{"@type":"Person","@id":"https:\/\/blogdofarnesio.com.br\/#\/schema\/person\/bb9b23ae3ad0609ce8df7b6c9e76824d","name":"Farn\u00e9sio","image":{"@type":"ImageObject","inLanguage":"pt-BR","@id":"https:\/\/secure.gravatar.com\/avatar\/986aa4c61ccdb66f8555bf88fc2a65609d00bcabd4d2d94377a727547345cbca?s=96&d=mm&r=g","url":"https:\/\/secure.gravatar.com\/avatar\/986aa4c61ccdb66f8555bf88fc2a65609d00bcabd4d2d94377a727547345cbca?s=96&d=mm&r=g","contentUrl":"https:\/\/secure.gravatar.com\/avatar\/986aa4c61ccdb66f8555bf88fc2a65609d00bcabd4d2d94377a727547345cbca?s=96&d=mm&r=g","caption":"Farn\u00e9sio"},"description":"Radialista blogueiro, chegou a Petrolina\/Juazeiro em setembro de 1980, Farn\u00e9sio Silva \u00e9 de Arapiraca-Alagoas.","sameAs":["http:\/\/blogdofarnesio.com.br","https:\/\/www.facebook.com\/?ref=tn_tnmn","https:\/\/www.instagram.com\/?utm_source=pwa_homescreen","https:\/\/youtube.com.br\/"],"url":"https:\/\/blogdofarnesio.com.br\/?author=2"}]}},"_links":{"self":[{"href":"https:\/\/blogdofarnesio.com.br\/index.php?rest_route=\/wp\/v2\/posts\/337792","targetHints":{"allow":["GET"]}}],"collection":[{"href":"https:\/\/blogdofarnesio.com.br\/index.php?rest_route=\/wp\/v2\/posts"}],"about":[{"href":"https:\/\/blogdofarnesio.com.br\/index.php?rest_route=\/wp\/v2\/types\/post"}],"author":[{"embeddable":true,"href":"https:\/\/blogdofarnesio.com.br\/index.php?rest_route=\/wp\/v2\/users\/2"}],"replies":[{"embeddable":true,"href":"https:\/\/blogdofarnesio.com.br\/index.php?rest_route=%2Fwp%2Fv2%2Fcomments&post=337792"}],"version-history":[{"count":0,"href":"https:\/\/blogdofarnesio.com.br\/index.php?rest_route=\/wp\/v2\/posts\/337792\/revisions"}],"wp:featuredmedia":[{"embeddable":true,"href":"https:\/\/blogdofarnesio.com.br\/index.php?rest_route=\/wp\/v2\/media\/310345"}],"wp:attachment":[{"href":"https:\/\/blogdofarnesio.com.br\/index.php?rest_route=%2Fwp%2Fv2%2Fmedia&parent=337792"}],"wp:term":[{"taxonomy":"category","embeddable":true,"href":"https:\/\/blogdofarnesio.com.br\/index.php?rest_route=%2Fwp%2Fv2%2Fcategories&post=337792"},{"taxonomy":"post_tag","embeddable":true,"href":"https:\/\/blogdofarnesio.com.br\/index.php?rest_route=%2Fwp%2Fv2%2Ftags&post=337792"}],"curies":[{"name":"wp","href":"https:\/\/api.w.org\/{rel}","templated":true}]}}