{"id":337746,"date":"2023-04-07T09:00:14","date_gmt":"2023-04-07T12:00:14","guid":{"rendered":"https:\/\/blogdofarnesio.com.br\/?p=337746"},"modified":"2023-04-06T15:58:32","modified_gmt":"2023-04-06T18:58:32","slug":"mais-de-1-500-familias-de-petrolina-receberam-titulos-de-posse-de-suas-moradias-no-ultimo-ano","status":"publish","type":"post","link":"https:\/\/blogdofarnesio.com.br\/?p=337746","title":{"rendered":"Mais de 1.500 fam\u00edlias de Petrolina receberam t\u00edtulos de posse de suas moradias no \u00faltimo ano"},"content":{"rendered":"<p style=\"font-weight: 400;\"><em>A previs\u00e3o \u00e9 que 10 mil t\u00edtulos sejam entregues at\u00e9 o final de 2023\u00a0<\/em><strong>\u00a0<\/strong><\/p>\n<p style=\"font-weight: 400;\">Ter em m\u00e3os o t\u00edtulo de posse do local onde mora \u00e9 mais do que conquistar um endere\u00e7o oficial, \u00e9 tamb\u00e9m conseguir a seguran\u00e7a e valoriza\u00e7\u00e3o do im\u00f3vel. Por isso, a legaliza\u00e7\u00e3o \u00e9 muito comemorada pelos petrolinenses. O &#8220;Petrolina Legal&#8221; \u00e9 o maior programa de regulariza\u00e7\u00e3o fundi\u00e1ria da regi\u00e3o do Vale do S\u00e3o Francisco, e durante o ano de 2022 j\u00e1 entregou mais de 1.500 t\u00edtulos de posse, a previs\u00e3o ainda \u00e9 entregar 10 mil t\u00edtulos at\u00e9 o final deste ano.<\/p>\n<p style=\"font-weight: 400;\">\u201cO objetivo do prefeito Sim\u00e3o Durando \u00e9 dar dignidade as pessoas de forma que elas possam ter garantias legais de que s\u00e3o donos dos seus im\u00f3veis conquistados, certamente, com muita luta e suor\u201d, destacou o secret\u00e1rio da Secretaria de Desenvolvimento Urbano, Habita\u00e7\u00e3o e Sustentabilidade (SEDURBHS), Emicio J\u00fanior. Ele ressaltou ainda que \u00e9 uma \u00f3tima oportunidade para a popula\u00e7\u00e3o que ainda n\u00e3o possui sua moradia regularizada conseguir de forma gratuita.<\/p>\n<p style=\"font-weight: 400;\"><img loading=\"lazy\" decoding=\"async\" class=\"aligncenter wp-image-337747 size-full\" src=\"https:\/\/blogdofarnesio.com.br\/wp-content\/uploads\/2023\/04\/blogqsppet-REGULARIZACAO-FUNDIARIA-2-e1680805535832.jpeg\" alt=\"\" width=\"628\" height=\"391\" srcset=\"https:\/\/blogdofarnesio.com.br\/wp-content\/uploads\/2023\/04\/blogqsppet-REGULARIZACAO-FUNDIARIA-2-e1680805535832.jpeg 628w, https:\/\/blogdofarnesio.com.br\/wp-content\/uploads\/2023\/04\/blogqsppet-REGULARIZACAO-FUNDIARIA-2-e1680805535832-300x187.jpeg 300w\" sizes=\"auto, (max-width: 628px) 100vw, 628px\" \/>A aposentada Terezinha Leite de Barros faz parte dos 1.500 petrolinenses beneficiados pelo programa e fala sobre a felicidade que sentiu ao conseguir o t\u00edtulo. \u201cA import\u00e2ncia \u00e9 que agora eu tenho a garantia de que eu posso dizer algo que \u00e9 meu, n\u00e9? Com esse documento, que h\u00e1 tanto tempo eu estava atr\u00e1s para conseguir, hoje estou com ele em m\u00e3os e me sinto feliz. Quero agradecer a gest\u00e3o municipal, que est\u00e1 fazendo um \u00f3timo trabalho na regulariza\u00e7\u00e3o dos bairros da cidade\u201d, disse Terezinha.<\/p>\n<p style=\"font-weight: 400;\">As d\u00favidas podem ser tiradas no setor de Regulariza\u00e7\u00e3o Fundi\u00e1ria da SEDURBHS, localizado na Avenida da Integra\u00e7\u00e3o, n\u00ba 948, bairro Dom Malan. O atendimento acontece de segunda a sexta-feira, das 7h \u00e0s 13h.<\/p>\n<p style=\"font-weight: 400;\">Texto: Luzete Nobre<\/p>\n<p style=\"font-weight: 400;\">Assessora de Imprensa<\/p>\n","protected":false},"excerpt":{"rendered":"<p>A previs\u00e3o \u00e9 que 10 mil t\u00edtulos sejam entregues at\u00e9 o final de 2023\u00a0\u00a0 Ter em m\u00e3os o t\u00edtulo de posse do local onde mora \u00e9 mais do que conquistar um endere\u00e7o oficial, \u00e9 tamb\u00e9m conseguir a seguran\u00e7a e valoriza\u00e7\u00e3o do im\u00f3vel. Por isso, a legaliza\u00e7\u00e3o \u00e9 muito comemorada pelos petrolinenses. O &#8220;Petrolina Legal&#8221; \u00e9 o maior programa de regulariza\u00e7\u00e3o fundi\u00e1ria da regi\u00e3o do Vale do S\u00e3o Francisco, e durante o ano de 2022 j\u00e1 entregou mais de 1.500 t\u00edtulos de posse, a previs\u00e3o ainda \u00e9 entregar 10 mil t\u00edtulos at\u00e9 o final deste ano. \u201cO objetivo do prefeito Sim\u00e3o Durando \u00e9 dar dignidade as pessoas de forma que elas possam ter garantias legais de que s\u00e3o donos dos seus&hellip; <\/p>\n","protected":false},"author":2,"featured_media":337749,"comment_status":"open","ping_status":"open","sticky":false,"template":"","format":"standard","meta":{"_acf_changed":false,"footnotes":""},"categories":[22],"tags":[],"class_list":["post-337746","post","type-post","status-publish","format-standard","has-post-thumbnail","hentry","category-acao-social"],"acf":[],"yoast_head":"<!-- This site is optimized with the Yoast SEO plugin v27.4 - https:\/\/yoast.com\/product\/yoast-seo-wordpress\/ -->\n<title>Mais de 1.500 fam\u00edlias de Petrolina receberam t\u00edtulos de posse de suas moradias no \u00faltimo ano - Blog do Farn\u00e9sio<\/title>\n<meta name=\"robots\" content=\"index, follow, max-snippet:-1, max-image-preview:large, max-video-preview:-1\" \/>\n<link rel=\"canonical\" href=\"https:\/\/blogdofarnesio.com.br\/?p=337746\" \/>\n<meta property=\"og:locale\" content=\"pt_BR\" \/>\n<meta property=\"og:type\" content=\"article\" \/>\n<meta property=\"og:title\" content=\"Mais de 1.500 fam\u00edlias de Petrolina receberam t\u00edtulos de posse de suas moradias no \u00faltimo ano - Blog do Farn\u00e9sio\" \/>\n<meta property=\"og:description\" content=\"A previs\u00e3o \u00e9 que 10 mil t\u00edtulos sejam entregues at\u00e9 o final de 2023\u00a0\u00a0 Ter em m\u00e3os o t\u00edtulo de posse do local onde mora \u00e9 mais do que conquistar um endere\u00e7o oficial, \u00e9 tamb\u00e9m conseguir a seguran\u00e7a e valoriza\u00e7\u00e3o do im\u00f3vel. Por isso, a legaliza\u00e7\u00e3o \u00e9 muito comemorada pelos petrolinenses. O &#8220;Petrolina Legal&#8221; \u00e9 o maior programa de regulariza\u00e7\u00e3o fundi\u00e1ria da regi\u00e3o do Vale do S\u00e3o Francisco, e durante o ano de 2022 j\u00e1 entregou mais de 1.500 t\u00edtulos de posse, a previs\u00e3o ainda \u00e9 entregar 10 mil t\u00edtulos at\u00e9 o final deste ano. \u201cO objetivo do prefeito Sim\u00e3o Durando \u00e9 dar dignidade as pessoas de forma que elas possam ter garantias legais de que s\u00e3o donos dos seus&hellip;\" \/>\n<meta property=\"og:url\" content=\"https:\/\/blogdofarnesio.com.br\/?p=337746\" \/>\n<meta property=\"og:site_name\" content=\"Blog do Farn\u00e9sio\" \/>\n<meta property=\"article:publisher\" content=\"https:\/\/www.facebook.com\/BlogQuerSaberPolitica\/\" \/>\n<meta property=\"article:author\" content=\"https:\/\/www.facebook.com\/?ref=tn_tnmn\" \/>\n<meta property=\"article:published_time\" content=\"2023-04-07T12:00:14+00:00\" \/>\n<meta property=\"og:image\" content=\"https:\/\/blogdofarnesio.com.br\/wp-content\/uploads\/2023\/04\/blogqsppet-REGULARIZACAO-FUNDIARIA-1-e1680805506457.jpeg\" \/>\n\t<meta property=\"og:image:width\" content=\"625\" \/>\n\t<meta property=\"og:image:height\" content=\"492\" \/>\n\t<meta property=\"og:image:type\" content=\"image\/jpeg\" \/>\n<meta name=\"author\" content=\"Farn\u00e9sio\" \/>\n<meta name=\"twitter:card\" content=\"summary_large_image\" \/>\n<meta name=\"twitter:label1\" content=\"Escrito por\" \/>\n\t<meta name=\"twitter:data1\" content=\"Farn\u00e9sio\" \/>\n\t<meta name=\"twitter:label2\" content=\"Est. tempo de leitura\" \/>\n\t<meta name=\"twitter:data2\" content=\"2 minutos\" \/>\n<script type=\"application\/ld+json\" class=\"yoast-schema-graph\">{\"@context\":\"https:\\\/\\\/schema.org\",\"@graph\":[{\"@type\":\"Article\",\"@id\":\"https:\\\/\\\/blogdofarnesio.com.br\\\/?p=337746#article\",\"isPartOf\":{\"@id\":\"https:\\\/\\\/blogdofarnesio.com.br\\\/?p=337746\"},\"author\":{\"name\":\"Farn\u00e9sio\",\"@id\":\"https:\\\/\\\/blogdofarnesio.com.br\\\/#\\\/schema\\\/person\\\/bb9b23ae3ad0609ce8df7b6c9e76824d\"},\"headline\":\"Mais de 1.500 fam\u00edlias de Petrolina receberam t\u00edtulos de posse de suas moradias no \u00faltimo ano\",\"datePublished\":\"2023-04-07T12:00:14+00:00\",\"mainEntityOfPage\":{\"@id\":\"https:\\\/\\\/blogdofarnesio.com.br\\\/?p=337746\"},\"wordCount\":323,\"commentCount\":0,\"publisher\":{\"@id\":\"https:\\\/\\\/blogdofarnesio.com.br\\\/#organization\"},\"image\":{\"@id\":\"https:\\\/\\\/blogdofarnesio.com.br\\\/?p=337746#primaryimage\"},\"thumbnailUrl\":\"https:\\\/\\\/blogdofarnesio.com.br\\\/wp-content\\\/uploads\\\/2023\\\/04\\\/blogqsppet-REGULARIZACAO-FUNDIARIA-1-e1680805506457.jpeg\",\"articleSection\":[\"A\u00e7\u00e3o Social\"],\"inLanguage\":\"pt-BR\",\"potentialAction\":[{\"@type\":\"CommentAction\",\"name\":\"Comment\",\"target\":[\"https:\\\/\\\/blogdofarnesio.com.br\\\/?p=337746#respond\"]}]},{\"@type\":\"WebPage\",\"@id\":\"https:\\\/\\\/blogdofarnesio.com.br\\\/?p=337746\",\"url\":\"https:\\\/\\\/blogdofarnesio.com.br\\\/?p=337746\",\"name\":\"Mais de 1.500 fam\u00edlias de Petrolina receberam t\u00edtulos de posse de suas moradias no \u00faltimo ano - Blog do Farn\u00e9sio\",\"isPartOf\":{\"@id\":\"https:\\\/\\\/blogdofarnesio.com.br\\\/#website\"},\"primaryImageOfPage\":{\"@id\":\"https:\\\/\\\/blogdofarnesio.com.br\\\/?p=337746#primaryimage\"},\"image\":{\"@id\":\"https:\\\/\\\/blogdofarnesio.com.br\\\/?p=337746#primaryimage\"},\"thumbnailUrl\":\"https:\\\/\\\/blogdofarnesio.com.br\\\/wp-content\\\/uploads\\\/2023\\\/04\\\/blogqsppet-REGULARIZACAO-FUNDIARIA-1-e1680805506457.jpeg\",\"datePublished\":\"2023-04-07T12:00:14+00:00\",\"breadcrumb\":{\"@id\":\"https:\\\/\\\/blogdofarnesio.com.br\\\/?p=337746#breadcrumb\"},\"inLanguage\":\"pt-BR\",\"potentialAction\":[{\"@type\":\"ReadAction\",\"target\":[\"https:\\\/\\\/blogdofarnesio.com.br\\\/?p=337746\"]}]},{\"@type\":\"ImageObject\",\"inLanguage\":\"pt-BR\",\"@id\":\"https:\\\/\\\/blogdofarnesio.com.br\\\/?p=337746#primaryimage\",\"url\":\"https:\\\/\\\/blogdofarnesio.com.br\\\/wp-content\\\/uploads\\\/2023\\\/04\\\/blogqsppet-REGULARIZACAO-FUNDIARIA-1-e1680805506457.jpeg\",\"contentUrl\":\"https:\\\/\\\/blogdofarnesio.com.br\\\/wp-content\\\/uploads\\\/2023\\\/04\\\/blogqsppet-REGULARIZACAO-FUNDIARIA-1-e1680805506457.jpeg\",\"width\":625,\"height\":492},{\"@type\":\"BreadcrumbList\",\"@id\":\"https:\\\/\\\/blogdofarnesio.com.br\\\/?p=337746#breadcrumb\",\"itemListElement\":[{\"@type\":\"ListItem\",\"position\":1,\"name\":\"In\u00edcio\",\"item\":\"https:\\\/\\\/blogdofarnesio.com.br\\\/\"},{\"@type\":\"ListItem\",\"position\":2,\"name\":\"Mais de 1.500 fam\u00edlias de Petrolina receberam t\u00edtulos de posse de suas moradias no \u00faltimo ano\"}]},{\"@type\":\"WebSite\",\"@id\":\"https:\\\/\\\/blogdofarnesio.com.br\\\/#website\",\"url\":\"https:\\\/\\\/blogdofarnesio.com.br\\\/\",\"name\":\"Blog do Farn\u00e9sio\",\"description\":\"Quer Saber Pol\u00edtica?\",\"publisher\":{\"@id\":\"https:\\\/\\\/blogdofarnesio.com.br\\\/#organization\"},\"potentialAction\":[{\"@type\":\"SearchAction\",\"target\":{\"@type\":\"EntryPoint\",\"urlTemplate\":\"https:\\\/\\\/blogdofarnesio.com.br\\\/?s={search_term_string}\"},\"query-input\":{\"@type\":\"PropertyValueSpecification\",\"valueRequired\":true,\"valueName\":\"search_term_string\"}}],\"inLanguage\":\"pt-BR\"},{\"@type\":\"Organization\",\"@id\":\"https:\\\/\\\/blogdofarnesio.com.br\\\/#organization\",\"name\":\"Blog do Farn\u00e9sio\",\"url\":\"https:\\\/\\\/blogdofarnesio.com.br\\\/\",\"logo\":{\"@type\":\"ImageObject\",\"inLanguage\":\"pt-BR\",\"@id\":\"https:\\\/\\\/blogdofarnesio.com.br\\\/#\\\/schema\\\/logo\\\/image\\\/\",\"url\":\"https:\\\/\\\/blogdofarnesio.com.br\\\/wp-content\\\/uploads\\\/2026\\\/03\\\/cropped-logo_new-1.png\",\"contentUrl\":\"https:\\\/\\\/blogdofarnesio.com.br\\\/wp-content\\\/uploads\\\/2026\\\/03\\\/cropped-logo_new-1.png\",\"width\":881,\"height\":685,\"caption\":\"Blog do Farn\u00e9sio\"},\"image\":{\"@id\":\"https:\\\/\\\/blogdofarnesio.com.br\\\/#\\\/schema\\\/logo\\\/image\\\/\"},\"sameAs\":[\"https:\\\/\\\/www.facebook.com\\\/BlogQuerSaberPolitica\\\/\"]},{\"@type\":\"Person\",\"@id\":\"https:\\\/\\\/blogdofarnesio.com.br\\\/#\\\/schema\\\/person\\\/bb9b23ae3ad0609ce8df7b6c9e76824d\",\"name\":\"Farn\u00e9sio\",\"image\":{\"@type\":\"ImageObject\",\"inLanguage\":\"pt-BR\",\"@id\":\"https:\\\/\\\/secure.gravatar.com\\\/avatar\\\/986aa4c61ccdb66f8555bf88fc2a65609d00bcabd4d2d94377a727547345cbca?s=96&d=mm&r=g\",\"url\":\"https:\\\/\\\/secure.gravatar.com\\\/avatar\\\/986aa4c61ccdb66f8555bf88fc2a65609d00bcabd4d2d94377a727547345cbca?s=96&d=mm&r=g\",\"contentUrl\":\"https:\\\/\\\/secure.gravatar.com\\\/avatar\\\/986aa4c61ccdb66f8555bf88fc2a65609d00bcabd4d2d94377a727547345cbca?s=96&d=mm&r=g\",\"caption\":\"Farn\u00e9sio\"},\"description\":\"Radialista blogueiro, chegou a Petrolina\\\/Juazeiro em setembro de 1980, Farn\u00e9sio Silva \u00e9 de Arapiraca-Alagoas.\",\"sameAs\":[\"http:\\\/\\\/blogdofarnesio.com.br\",\"https:\\\/\\\/www.facebook.com\\\/?ref=tn_tnmn\",\"https:\\\/\\\/www.instagram.com\\\/?utm_source=pwa_homescreen\",\"https:\\\/\\\/youtube.com.br\\\/\"],\"url\":\"https:\\\/\\\/blogdofarnesio.com.br\\\/?author=2\"}]}<\/script>\n<!-- \/ Yoast SEO plugin. -->","yoast_head_json":{"title":"Mais de 1.500 fam\u00edlias de Petrolina receberam t\u00edtulos de posse de suas moradias no \u00faltimo ano - Blog do Farn\u00e9sio","robots":{"index":"index","follow":"follow","max-snippet":"max-snippet:-1","max-image-preview":"max-image-preview:large","max-video-preview":"max-video-preview:-1"},"canonical":"https:\/\/blogdofarnesio.com.br\/?p=337746","og_locale":"pt_BR","og_type":"article","og_title":"Mais de 1.500 fam\u00edlias de Petrolina receberam t\u00edtulos de posse de suas moradias no \u00faltimo ano - Blog do Farn\u00e9sio","og_description":"A previs\u00e3o \u00e9 que 10 mil t\u00edtulos sejam entregues at\u00e9 o final de 2023\u00a0\u00a0 Ter em m\u00e3os o t\u00edtulo de posse do local onde mora \u00e9 mais do que conquistar um endere\u00e7o oficial, \u00e9 tamb\u00e9m conseguir a seguran\u00e7a e valoriza\u00e7\u00e3o do im\u00f3vel. Por isso, a legaliza\u00e7\u00e3o \u00e9 muito comemorada pelos petrolinenses. O &#8220;Petrolina Legal&#8221; \u00e9 o maior programa de regulariza\u00e7\u00e3o fundi\u00e1ria da regi\u00e3o do Vale do S\u00e3o Francisco, e durante o ano de 2022 j\u00e1 entregou mais de 1.500 t\u00edtulos de posse, a previs\u00e3o ainda \u00e9 entregar 10 mil t\u00edtulos at\u00e9 o final deste ano. \u201cO objetivo do prefeito Sim\u00e3o Durando \u00e9 dar dignidade as pessoas de forma que elas possam ter garantias legais de que s\u00e3o donos dos seus&hellip;","og_url":"https:\/\/blogdofarnesio.com.br\/?p=337746","og_site_name":"Blog do Farn\u00e9sio","article_publisher":"https:\/\/www.facebook.com\/BlogQuerSaberPolitica\/","article_author":"https:\/\/www.facebook.com\/?ref=tn_tnmn","article_published_time":"2023-04-07T12:00:14+00:00","og_image":[{"width":625,"height":492,"url":"https:\/\/blogdofarnesio.com.br\/wp-content\/uploads\/2023\/04\/blogqsppet-REGULARIZACAO-FUNDIARIA-1-e1680805506457.jpeg","type":"image\/jpeg"}],"author":"Farn\u00e9sio","twitter_card":"summary_large_image","twitter_misc":{"Escrito por":"Farn\u00e9sio","Est. tempo de leitura":"2 minutos"},"schema":{"@context":"https:\/\/schema.org","@graph":[{"@type":"Article","@id":"https:\/\/blogdofarnesio.com.br\/?p=337746#article","isPartOf":{"@id":"https:\/\/blogdofarnesio.com.br\/?p=337746"},"author":{"name":"Farn\u00e9sio","@id":"https:\/\/blogdofarnesio.com.br\/#\/schema\/person\/bb9b23ae3ad0609ce8df7b6c9e76824d"},"headline":"Mais de 1.500 fam\u00edlias de Petrolina receberam t\u00edtulos de posse de suas moradias no \u00faltimo ano","datePublished":"2023-04-07T12:00:14+00:00","mainEntityOfPage":{"@id":"https:\/\/blogdofarnesio.com.br\/?p=337746"},"wordCount":323,"commentCount":0,"publisher":{"@id":"https:\/\/blogdofarnesio.com.br\/#organization"},"image":{"@id":"https:\/\/blogdofarnesio.com.br\/?p=337746#primaryimage"},"thumbnailUrl":"https:\/\/blogdofarnesio.com.br\/wp-content\/uploads\/2023\/04\/blogqsppet-REGULARIZACAO-FUNDIARIA-1-e1680805506457.jpeg","articleSection":["A\u00e7\u00e3o Social"],"inLanguage":"pt-BR","potentialAction":[{"@type":"CommentAction","name":"Comment","target":["https:\/\/blogdofarnesio.com.br\/?p=337746#respond"]}]},{"@type":"WebPage","@id":"https:\/\/blogdofarnesio.com.br\/?p=337746","url":"https:\/\/blogdofarnesio.com.br\/?p=337746","name":"Mais de 1.500 fam\u00edlias de Petrolina receberam t\u00edtulos de posse de suas moradias no \u00faltimo ano - Blog do Farn\u00e9sio","isPartOf":{"@id":"https:\/\/blogdofarnesio.com.br\/#website"},"primaryImageOfPage":{"@id":"https:\/\/blogdofarnesio.com.br\/?p=337746#primaryimage"},"image":{"@id":"https:\/\/blogdofarnesio.com.br\/?p=337746#primaryimage"},"thumbnailUrl":"https:\/\/blogdofarnesio.com.br\/wp-content\/uploads\/2023\/04\/blogqsppet-REGULARIZACAO-FUNDIARIA-1-e1680805506457.jpeg","datePublished":"2023-04-07T12:00:14+00:00","breadcrumb":{"@id":"https:\/\/blogdofarnesio.com.br\/?p=337746#breadcrumb"},"inLanguage":"pt-BR","potentialAction":[{"@type":"ReadAction","target":["https:\/\/blogdofarnesio.com.br\/?p=337746"]}]},{"@type":"ImageObject","inLanguage":"pt-BR","@id":"https:\/\/blogdofarnesio.com.br\/?p=337746#primaryimage","url":"https:\/\/blogdofarnesio.com.br\/wp-content\/uploads\/2023\/04\/blogqsppet-REGULARIZACAO-FUNDIARIA-1-e1680805506457.jpeg","contentUrl":"https:\/\/blogdofarnesio.com.br\/wp-content\/uploads\/2023\/04\/blogqsppet-REGULARIZACAO-FUNDIARIA-1-e1680805506457.jpeg","width":625,"height":492},{"@type":"BreadcrumbList","@id":"https:\/\/blogdofarnesio.com.br\/?p=337746#breadcrumb","itemListElement":[{"@type":"ListItem","position":1,"name":"In\u00edcio","item":"https:\/\/blogdofarnesio.com.br\/"},{"@type":"ListItem","position":2,"name":"Mais de 1.500 fam\u00edlias de Petrolina receberam t\u00edtulos de posse de suas moradias no \u00faltimo ano"}]},{"@type":"WebSite","@id":"https:\/\/blogdofarnesio.com.br\/#website","url":"https:\/\/blogdofarnesio.com.br\/","name":"Blog do Farn\u00e9sio","description":"Quer Saber Pol\u00edtica?","publisher":{"@id":"https:\/\/blogdofarnesio.com.br\/#organization"},"potentialAction":[{"@type":"SearchAction","target":{"@type":"EntryPoint","urlTemplate":"https:\/\/blogdofarnesio.com.br\/?s={search_term_string}"},"query-input":{"@type":"PropertyValueSpecification","valueRequired":true,"valueName":"search_term_string"}}],"inLanguage":"pt-BR"},{"@type":"Organization","@id":"https:\/\/blogdofarnesio.com.br\/#organization","name":"Blog do Farn\u00e9sio","url":"https:\/\/blogdofarnesio.com.br\/","logo":{"@type":"ImageObject","inLanguage":"pt-BR","@id":"https:\/\/blogdofarnesio.com.br\/#\/schema\/logo\/image\/","url":"https:\/\/blogdofarnesio.com.br\/wp-content\/uploads\/2026\/03\/cropped-logo_new-1.png","contentUrl":"https:\/\/blogdofarnesio.com.br\/wp-content\/uploads\/2026\/03\/cropped-logo_new-1.png","width":881,"height":685,"caption":"Blog do Farn\u00e9sio"},"image":{"@id":"https:\/\/blogdofarnesio.com.br\/#\/schema\/logo\/image\/"},"sameAs":["https:\/\/www.facebook.com\/BlogQuerSaberPolitica\/"]},{"@type":"Person","@id":"https:\/\/blogdofarnesio.com.br\/#\/schema\/person\/bb9b23ae3ad0609ce8df7b6c9e76824d","name":"Farn\u00e9sio","image":{"@type":"ImageObject","inLanguage":"pt-BR","@id":"https:\/\/secure.gravatar.com\/avatar\/986aa4c61ccdb66f8555bf88fc2a65609d00bcabd4d2d94377a727547345cbca?s=96&d=mm&r=g","url":"https:\/\/secure.gravatar.com\/avatar\/986aa4c61ccdb66f8555bf88fc2a65609d00bcabd4d2d94377a727547345cbca?s=96&d=mm&r=g","contentUrl":"https:\/\/secure.gravatar.com\/avatar\/986aa4c61ccdb66f8555bf88fc2a65609d00bcabd4d2d94377a727547345cbca?s=96&d=mm&r=g","caption":"Farn\u00e9sio"},"description":"Radialista blogueiro, chegou a Petrolina\/Juazeiro em setembro de 1980, Farn\u00e9sio Silva \u00e9 de Arapiraca-Alagoas.","sameAs":["http:\/\/blogdofarnesio.com.br","https:\/\/www.facebook.com\/?ref=tn_tnmn","https:\/\/www.instagram.com\/?utm_source=pwa_homescreen","https:\/\/youtube.com.br\/"],"url":"https:\/\/blogdofarnesio.com.br\/?author=2"}]}},"_links":{"self":[{"href":"https:\/\/blogdofarnesio.com.br\/index.php?rest_route=\/wp\/v2\/posts\/337746","targetHints":{"allow":["GET"]}}],"collection":[{"href":"https:\/\/blogdofarnesio.com.br\/index.php?rest_route=\/wp\/v2\/posts"}],"about":[{"href":"https:\/\/blogdofarnesio.com.br\/index.php?rest_route=\/wp\/v2\/types\/post"}],"author":[{"embeddable":true,"href":"https:\/\/blogdofarnesio.com.br\/index.php?rest_route=\/wp\/v2\/users\/2"}],"replies":[{"embeddable":true,"href":"https:\/\/blogdofarnesio.com.br\/index.php?rest_route=%2Fwp%2Fv2%2Fcomments&post=337746"}],"version-history":[{"count":0,"href":"https:\/\/blogdofarnesio.com.br\/index.php?rest_route=\/wp\/v2\/posts\/337746\/revisions"}],"wp:featuredmedia":[{"embeddable":true,"href":"https:\/\/blogdofarnesio.com.br\/index.php?rest_route=\/wp\/v2\/media\/337749"}],"wp:attachment":[{"href":"https:\/\/blogdofarnesio.com.br\/index.php?rest_route=%2Fwp%2Fv2%2Fmedia&parent=337746"}],"wp:term":[{"taxonomy":"category","embeddable":true,"href":"https:\/\/blogdofarnesio.com.br\/index.php?rest_route=%2Fwp%2Fv2%2Fcategories&post=337746"},{"taxonomy":"post_tag","embeddable":true,"href":"https:\/\/blogdofarnesio.com.br\/index.php?rest_route=%2Fwp%2Fv2%2Ftags&post=337746"}],"curies":[{"name":"wp","href":"https:\/\/api.w.org\/{rel}","templated":true}]}}