{"id":337721,"date":"2023-04-08T15:00:01","date_gmt":"2023-04-08T18:00:01","guid":{"rendered":"https:\/\/blogdofarnesio.com.br\/?p=337721"},"modified":"2023-04-08T14:41:18","modified_gmt":"2023-04-08T17:41:18","slug":"prefeitura-de-petrolina-entrega-mais-de-3-mil-kits-aos-professores-e-equipes-gestoras","status":"publish","type":"post","link":"https:\/\/blogdofarnesio.com.br\/?p=337721","title":{"rendered":"Prefeitura de Petrolina entrega mais de 3 mil kits aos professores e equipes gestoras"},"content":{"rendered":"<p style=\"font-weight: 400;\">A Prefeitura de Petrolina, por meio da Secretaria de Educa\u00e7\u00e3o, Cultura e Esportes, iniciou a entrega de mais de tr\u00eas mil kits destinados aos professores e equipes gestoras (gestores, vice-gestores, coordenadores e secret\u00e1rios escolares) da Rede de Ensino.<\/p>\n<p style=\"font-weight: 400;\">Composto por uma squeeze t\u00e9rmica e uma mochila para notebook com rodinha, o kit representa o compromisso e reconhecimento da atual gest\u00e3o com aqueles que se dedicam diariamente a educa\u00e7\u00e3o e que desempenham um papel que vai muito al\u00e9m do conte\u00fado ensinado dentro das salas de aula. Nos \u00faltimos dias, a gest\u00e3o j\u00e1 tinha dado in\u00edcio a distribui\u00e7\u00e3o de fardamento, mochila e material escolar para todos os alunos das escolas e creches do munic\u00edpio.<\/p>\n<p style=\"font-weight: 400;\">A secret\u00e1ria de Educa\u00e7\u00e3o, Cultura e Esportes, Rosane da Costa, destaca que esta a\u00e7\u00e3o refor\u00e7a a valoriza\u00e7\u00e3o e o respeito aos educadores de Petrolina, que muito t\u00eam se empenhado na luta por uma educa\u00e7\u00e3o p\u00fablica de qualidade. \u201c<em>Atrav\u00e9s de a\u00e7\u00f5es e investimentos na Educa\u00e7\u00e3o de Petrolina, o prefeito Sim\u00e3o Durando tem buscado valorizar e reconhecer, cada vez mais, aqueles que no exerc\u00edcio de sua profiss\u00e3o tem feito a diferen\u00e7a na vida de crian\u00e7as, adolescentes, jovens, adultos e idosos do nosso munic\u00edpio. Isso interfere diretamente na constru\u00e7\u00e3o de uma sociedade mais justa e mais digna<\/em>\u201d, destaca Rosane.<\/p>\n<p style=\"font-weight: 400;\">A professora do 4\u00b0 Ano da Escola Municipal de Educa\u00e7\u00e3o em Tempo Integral Paul Harris, Dayane Bernardes, ressalta sua gratid\u00e3o a gest\u00e3o municipal pelo kit professor. \u201c<em>Essa entrega \u00e9 muito representativa para todos n\u00f3s educadores. S\u00e3o ferramentas de trabalho importante, a mochila para n\u00e3o sobrecarregarmos a nossa coluna com nossos materiais e notebook, al\u00e9m de uma garrafa squeeze para nos ajudar ainda mais a cuidarmos do nosso principal instrumento, a voz. \u00c9 n\u00edtido como somos uma classe valorizada pelo munic\u00edpio, onde os sal\u00e1rios s\u00e3o garantidos, temos forma\u00e7\u00f5es permanentes, al\u00e9m de in\u00fameras outras a\u00e7\u00f5es. O prefeito Sim\u00e3o Durando investe muito em educa\u00e7\u00e3o e principalmente na nossa valoriza\u00e7\u00e3o profissional<\/em>\u201d, finalizou Dayane.<\/p>\n<p style=\"font-weight: 400;\">Texto: Elaine Barbosa<\/p>\n<p style=\"font-weight: 400;\">Assessora de Imprensa<\/p>\n","protected":false},"excerpt":{"rendered":"<p>A Prefeitura de Petrolina, por meio da Secretaria de Educa\u00e7\u00e3o, Cultura e Esportes, iniciou a entrega de mais de tr\u00eas mil kits destinados aos professores e equipes gestoras (gestores, vice-gestores, coordenadores e secret\u00e1rios escolares) da Rede de Ensino. Composto por uma squeeze t\u00e9rmica e uma mochila para notebook com rodinha, o kit representa o compromisso e reconhecimento da atual gest\u00e3o com aqueles que se dedicam diariamente a educa\u00e7\u00e3o e que desempenham um papel que vai muito al\u00e9m do conte\u00fado ensinado dentro das salas de aula. Nos \u00faltimos dias, a gest\u00e3o j\u00e1 tinha dado in\u00edcio a distribui\u00e7\u00e3o de fardamento, mochila e material escolar para todos os alunos das escolas e creches do munic\u00edpio. A secret\u00e1ria de Educa\u00e7\u00e3o, Cultura e Esportes, Rosane&hellip; <\/p>\n","protected":false},"author":2,"featured_media":337722,"comment_status":"open","ping_status":"open","sticky":false,"template":"","format":"standard","meta":{"_acf_changed":false,"footnotes":""},"categories":[6],"tags":[],"class_list":["post-337721","post","type-post","status-publish","format-standard","has-post-thumbnail","hentry","category-educacao"],"acf":[],"yoast_head":"<!-- This site is optimized with the Yoast SEO plugin v27.4 - https:\/\/yoast.com\/product\/yoast-seo-wordpress\/ -->\n<title>Prefeitura de Petrolina entrega mais de 3 mil kits aos professores e equipes gestoras - Blog do Farn\u00e9sio<\/title>\n<meta name=\"robots\" content=\"index, follow, max-snippet:-1, max-image-preview:large, max-video-preview:-1\" \/>\n<link rel=\"canonical\" href=\"https:\/\/blogdofarnesio.com.br\/?p=337721\" \/>\n<meta property=\"og:locale\" content=\"pt_BR\" \/>\n<meta property=\"og:type\" content=\"article\" \/>\n<meta property=\"og:title\" content=\"Prefeitura de Petrolina entrega mais de 3 mil kits aos professores e equipes gestoras - Blog do Farn\u00e9sio\" \/>\n<meta property=\"og:description\" content=\"A Prefeitura de Petrolina, por meio da Secretaria de Educa\u00e7\u00e3o, Cultura e Esportes, iniciou a entrega de mais de tr\u00eas mil kits destinados aos professores e equipes gestoras (gestores, vice-gestores, coordenadores e secret\u00e1rios escolares) da Rede de Ensino. Composto por uma squeeze t\u00e9rmica e uma mochila para notebook com rodinha, o kit representa o compromisso e reconhecimento da atual gest\u00e3o com aqueles que se dedicam diariamente a educa\u00e7\u00e3o e que desempenham um papel que vai muito al\u00e9m do conte\u00fado ensinado dentro das salas de aula. Nos \u00faltimos dias, a gest\u00e3o j\u00e1 tinha dado in\u00edcio a distribui\u00e7\u00e3o de fardamento, mochila e material escolar para todos os alunos das escolas e creches do munic\u00edpio. A secret\u00e1ria de Educa\u00e7\u00e3o, Cultura e Esportes, Rosane&hellip;\" \/>\n<meta property=\"og:url\" content=\"https:\/\/blogdofarnesio.com.br\/?p=337721\" \/>\n<meta property=\"og:site_name\" content=\"Blog do Farn\u00e9sio\" \/>\n<meta property=\"article:publisher\" content=\"https:\/\/www.facebook.com\/BlogQuerSaberPolitica\/\" \/>\n<meta property=\"article:author\" content=\"https:\/\/www.facebook.com\/?ref=tn_tnmn\" \/>\n<meta property=\"article:published_time\" content=\"2023-04-08T18:00:01+00:00\" \/>\n<meta property=\"og:image\" content=\"https:\/\/blogdofarnesio.com.br\/wp-content\/uploads\/2023\/04\/kit-professor-e1680791617765.jpeg\" \/>\n\t<meta property=\"og:image:width\" content=\"600\" \/>\n\t<meta property=\"og:image:height\" content=\"400\" \/>\n\t<meta property=\"og:image:type\" content=\"image\/jpeg\" \/>\n<meta name=\"author\" content=\"Farn\u00e9sio\" \/>\n<meta name=\"twitter:card\" content=\"summary_large_image\" \/>\n<meta name=\"twitter:label1\" content=\"Escrito por\" \/>\n\t<meta name=\"twitter:data1\" content=\"Farn\u00e9sio\" \/>\n\t<meta name=\"twitter:label2\" content=\"Est. tempo de leitura\" \/>\n\t<meta name=\"twitter:data2\" content=\"2 minutos\" \/>\n<script type=\"application\/ld+json\" class=\"yoast-schema-graph\">{\"@context\":\"https:\\\/\\\/schema.org\",\"@graph\":[{\"@type\":\"Article\",\"@id\":\"https:\\\/\\\/blogdofarnesio.com.br\\\/?p=337721#article\",\"isPartOf\":{\"@id\":\"https:\\\/\\\/blogdofarnesio.com.br\\\/?p=337721\"},\"author\":{\"name\":\"Farn\u00e9sio\",\"@id\":\"https:\\\/\\\/blogdofarnesio.com.br\\\/#\\\/schema\\\/person\\\/bb9b23ae3ad0609ce8df7b6c9e76824d\"},\"headline\":\"Prefeitura de Petrolina entrega mais de 3 mil kits aos professores e equipes gestoras\",\"datePublished\":\"2023-04-08T18:00:01+00:00\",\"mainEntityOfPage\":{\"@id\":\"https:\\\/\\\/blogdofarnesio.com.br\\\/?p=337721\"},\"wordCount\":381,\"commentCount\":0,\"publisher\":{\"@id\":\"https:\\\/\\\/blogdofarnesio.com.br\\\/#organization\"},\"image\":{\"@id\":\"https:\\\/\\\/blogdofarnesio.com.br\\\/?p=337721#primaryimage\"},\"thumbnailUrl\":\"https:\\\/\\\/blogdofarnesio.com.br\\\/wp-content\\\/uploads\\\/2023\\\/04\\\/kit-professor-e1680791617765.jpeg\",\"articleSection\":[\"Educa\u00e7\u00e3o\"],\"inLanguage\":\"pt-BR\",\"potentialAction\":[{\"@type\":\"CommentAction\",\"name\":\"Comment\",\"target\":[\"https:\\\/\\\/blogdofarnesio.com.br\\\/?p=337721#respond\"]}]},{\"@type\":\"WebPage\",\"@id\":\"https:\\\/\\\/blogdofarnesio.com.br\\\/?p=337721\",\"url\":\"https:\\\/\\\/blogdofarnesio.com.br\\\/?p=337721\",\"name\":\"Prefeitura de Petrolina entrega mais de 3 mil kits aos professores e equipes gestoras - Blog do Farn\u00e9sio\",\"isPartOf\":{\"@id\":\"https:\\\/\\\/blogdofarnesio.com.br\\\/#website\"},\"primaryImageOfPage\":{\"@id\":\"https:\\\/\\\/blogdofarnesio.com.br\\\/?p=337721#primaryimage\"},\"image\":{\"@id\":\"https:\\\/\\\/blogdofarnesio.com.br\\\/?p=337721#primaryimage\"},\"thumbnailUrl\":\"https:\\\/\\\/blogdofarnesio.com.br\\\/wp-content\\\/uploads\\\/2023\\\/04\\\/kit-professor-e1680791617765.jpeg\",\"datePublished\":\"2023-04-08T18:00:01+00:00\",\"breadcrumb\":{\"@id\":\"https:\\\/\\\/blogdofarnesio.com.br\\\/?p=337721#breadcrumb\"},\"inLanguage\":\"pt-BR\",\"potentialAction\":[{\"@type\":\"ReadAction\",\"target\":[\"https:\\\/\\\/blogdofarnesio.com.br\\\/?p=337721\"]}]},{\"@type\":\"ImageObject\",\"inLanguage\":\"pt-BR\",\"@id\":\"https:\\\/\\\/blogdofarnesio.com.br\\\/?p=337721#primaryimage\",\"url\":\"https:\\\/\\\/blogdofarnesio.com.br\\\/wp-content\\\/uploads\\\/2023\\\/04\\\/kit-professor-e1680791617765.jpeg\",\"contentUrl\":\"https:\\\/\\\/blogdofarnesio.com.br\\\/wp-content\\\/uploads\\\/2023\\\/04\\\/kit-professor-e1680791617765.jpeg\",\"width\":600,\"height\":400},{\"@type\":\"BreadcrumbList\",\"@id\":\"https:\\\/\\\/blogdofarnesio.com.br\\\/?p=337721#breadcrumb\",\"itemListElement\":[{\"@type\":\"ListItem\",\"position\":1,\"name\":\"In\u00edcio\",\"item\":\"https:\\\/\\\/blogdofarnesio.com.br\\\/\"},{\"@type\":\"ListItem\",\"position\":2,\"name\":\"Prefeitura de Petrolina entrega mais de 3 mil kits aos professores e equipes gestoras\"}]},{\"@type\":\"WebSite\",\"@id\":\"https:\\\/\\\/blogdofarnesio.com.br\\\/#website\",\"url\":\"https:\\\/\\\/blogdofarnesio.com.br\\\/\",\"name\":\"Blog do Farn\u00e9sio\",\"description\":\"Quer Saber Pol\u00edtica?\",\"publisher\":{\"@id\":\"https:\\\/\\\/blogdofarnesio.com.br\\\/#organization\"},\"potentialAction\":[{\"@type\":\"SearchAction\",\"target\":{\"@type\":\"EntryPoint\",\"urlTemplate\":\"https:\\\/\\\/blogdofarnesio.com.br\\\/?s={search_term_string}\"},\"query-input\":{\"@type\":\"PropertyValueSpecification\",\"valueRequired\":true,\"valueName\":\"search_term_string\"}}],\"inLanguage\":\"pt-BR\"},{\"@type\":\"Organization\",\"@id\":\"https:\\\/\\\/blogdofarnesio.com.br\\\/#organization\",\"name\":\"Blog do Farn\u00e9sio\",\"url\":\"https:\\\/\\\/blogdofarnesio.com.br\\\/\",\"logo\":{\"@type\":\"ImageObject\",\"inLanguage\":\"pt-BR\",\"@id\":\"https:\\\/\\\/blogdofarnesio.com.br\\\/#\\\/schema\\\/logo\\\/image\\\/\",\"url\":\"https:\\\/\\\/blogdofarnesio.com.br\\\/wp-content\\\/uploads\\\/2026\\\/03\\\/cropped-logo_new-1.png\",\"contentUrl\":\"https:\\\/\\\/blogdofarnesio.com.br\\\/wp-content\\\/uploads\\\/2026\\\/03\\\/cropped-logo_new-1.png\",\"width\":881,\"height\":685,\"caption\":\"Blog do Farn\u00e9sio\"},\"image\":{\"@id\":\"https:\\\/\\\/blogdofarnesio.com.br\\\/#\\\/schema\\\/logo\\\/image\\\/\"},\"sameAs\":[\"https:\\\/\\\/www.facebook.com\\\/BlogQuerSaberPolitica\\\/\"]},{\"@type\":\"Person\",\"@id\":\"https:\\\/\\\/blogdofarnesio.com.br\\\/#\\\/schema\\\/person\\\/bb9b23ae3ad0609ce8df7b6c9e76824d\",\"name\":\"Farn\u00e9sio\",\"image\":{\"@type\":\"ImageObject\",\"inLanguage\":\"pt-BR\",\"@id\":\"https:\\\/\\\/secure.gravatar.com\\\/avatar\\\/986aa4c61ccdb66f8555bf88fc2a65609d00bcabd4d2d94377a727547345cbca?s=96&d=mm&r=g\",\"url\":\"https:\\\/\\\/secure.gravatar.com\\\/avatar\\\/986aa4c61ccdb66f8555bf88fc2a65609d00bcabd4d2d94377a727547345cbca?s=96&d=mm&r=g\",\"contentUrl\":\"https:\\\/\\\/secure.gravatar.com\\\/avatar\\\/986aa4c61ccdb66f8555bf88fc2a65609d00bcabd4d2d94377a727547345cbca?s=96&d=mm&r=g\",\"caption\":\"Farn\u00e9sio\"},\"description\":\"Radialista blogueiro, chegou a Petrolina\\\/Juazeiro em setembro de 1980, Farn\u00e9sio Silva \u00e9 de Arapiraca-Alagoas.\",\"sameAs\":[\"http:\\\/\\\/blogdofarnesio.com.br\",\"https:\\\/\\\/www.facebook.com\\\/?ref=tn_tnmn\",\"https:\\\/\\\/www.instagram.com\\\/?utm_source=pwa_homescreen\",\"https:\\\/\\\/youtube.com.br\\\/\"],\"url\":\"https:\\\/\\\/blogdofarnesio.com.br\\\/?author=2\"}]}<\/script>\n<!-- \/ Yoast SEO plugin. -->","yoast_head_json":{"title":"Prefeitura de Petrolina entrega mais de 3 mil kits aos professores e equipes gestoras - Blog do Farn\u00e9sio","robots":{"index":"index","follow":"follow","max-snippet":"max-snippet:-1","max-image-preview":"max-image-preview:large","max-video-preview":"max-video-preview:-1"},"canonical":"https:\/\/blogdofarnesio.com.br\/?p=337721","og_locale":"pt_BR","og_type":"article","og_title":"Prefeitura de Petrolina entrega mais de 3 mil kits aos professores e equipes gestoras - Blog do Farn\u00e9sio","og_description":"A Prefeitura de Petrolina, por meio da Secretaria de Educa\u00e7\u00e3o, Cultura e Esportes, iniciou a entrega de mais de tr\u00eas mil kits destinados aos professores e equipes gestoras (gestores, vice-gestores, coordenadores e secret\u00e1rios escolares) da Rede de Ensino. Composto por uma squeeze t\u00e9rmica e uma mochila para notebook com rodinha, o kit representa o compromisso e reconhecimento da atual gest\u00e3o com aqueles que se dedicam diariamente a educa\u00e7\u00e3o e que desempenham um papel que vai muito al\u00e9m do conte\u00fado ensinado dentro das salas de aula. Nos \u00faltimos dias, a gest\u00e3o j\u00e1 tinha dado in\u00edcio a distribui\u00e7\u00e3o de fardamento, mochila e material escolar para todos os alunos das escolas e creches do munic\u00edpio. A secret\u00e1ria de Educa\u00e7\u00e3o, Cultura e Esportes, Rosane&hellip;","og_url":"https:\/\/blogdofarnesio.com.br\/?p=337721","og_site_name":"Blog do Farn\u00e9sio","article_publisher":"https:\/\/www.facebook.com\/BlogQuerSaberPolitica\/","article_author":"https:\/\/www.facebook.com\/?ref=tn_tnmn","article_published_time":"2023-04-08T18:00:01+00:00","og_image":[{"width":600,"height":400,"url":"https:\/\/blogdofarnesio.com.br\/wp-content\/uploads\/2023\/04\/kit-professor-e1680791617765.jpeg","type":"image\/jpeg"}],"author":"Farn\u00e9sio","twitter_card":"summary_large_image","twitter_misc":{"Escrito por":"Farn\u00e9sio","Est. tempo de leitura":"2 minutos"},"schema":{"@context":"https:\/\/schema.org","@graph":[{"@type":"Article","@id":"https:\/\/blogdofarnesio.com.br\/?p=337721#article","isPartOf":{"@id":"https:\/\/blogdofarnesio.com.br\/?p=337721"},"author":{"name":"Farn\u00e9sio","@id":"https:\/\/blogdofarnesio.com.br\/#\/schema\/person\/bb9b23ae3ad0609ce8df7b6c9e76824d"},"headline":"Prefeitura de Petrolina entrega mais de 3 mil kits aos professores e equipes gestoras","datePublished":"2023-04-08T18:00:01+00:00","mainEntityOfPage":{"@id":"https:\/\/blogdofarnesio.com.br\/?p=337721"},"wordCount":381,"commentCount":0,"publisher":{"@id":"https:\/\/blogdofarnesio.com.br\/#organization"},"image":{"@id":"https:\/\/blogdofarnesio.com.br\/?p=337721#primaryimage"},"thumbnailUrl":"https:\/\/blogdofarnesio.com.br\/wp-content\/uploads\/2023\/04\/kit-professor-e1680791617765.jpeg","articleSection":["Educa\u00e7\u00e3o"],"inLanguage":"pt-BR","potentialAction":[{"@type":"CommentAction","name":"Comment","target":["https:\/\/blogdofarnesio.com.br\/?p=337721#respond"]}]},{"@type":"WebPage","@id":"https:\/\/blogdofarnesio.com.br\/?p=337721","url":"https:\/\/blogdofarnesio.com.br\/?p=337721","name":"Prefeitura de Petrolina entrega mais de 3 mil kits aos professores e equipes gestoras - Blog do Farn\u00e9sio","isPartOf":{"@id":"https:\/\/blogdofarnesio.com.br\/#website"},"primaryImageOfPage":{"@id":"https:\/\/blogdofarnesio.com.br\/?p=337721#primaryimage"},"image":{"@id":"https:\/\/blogdofarnesio.com.br\/?p=337721#primaryimage"},"thumbnailUrl":"https:\/\/blogdofarnesio.com.br\/wp-content\/uploads\/2023\/04\/kit-professor-e1680791617765.jpeg","datePublished":"2023-04-08T18:00:01+00:00","breadcrumb":{"@id":"https:\/\/blogdofarnesio.com.br\/?p=337721#breadcrumb"},"inLanguage":"pt-BR","potentialAction":[{"@type":"ReadAction","target":["https:\/\/blogdofarnesio.com.br\/?p=337721"]}]},{"@type":"ImageObject","inLanguage":"pt-BR","@id":"https:\/\/blogdofarnesio.com.br\/?p=337721#primaryimage","url":"https:\/\/blogdofarnesio.com.br\/wp-content\/uploads\/2023\/04\/kit-professor-e1680791617765.jpeg","contentUrl":"https:\/\/blogdofarnesio.com.br\/wp-content\/uploads\/2023\/04\/kit-professor-e1680791617765.jpeg","width":600,"height":400},{"@type":"BreadcrumbList","@id":"https:\/\/blogdofarnesio.com.br\/?p=337721#breadcrumb","itemListElement":[{"@type":"ListItem","position":1,"name":"In\u00edcio","item":"https:\/\/blogdofarnesio.com.br\/"},{"@type":"ListItem","position":2,"name":"Prefeitura de Petrolina entrega mais de 3 mil kits aos professores e equipes gestoras"}]},{"@type":"WebSite","@id":"https:\/\/blogdofarnesio.com.br\/#website","url":"https:\/\/blogdofarnesio.com.br\/","name":"Blog do Farn\u00e9sio","description":"Quer Saber Pol\u00edtica?","publisher":{"@id":"https:\/\/blogdofarnesio.com.br\/#organization"},"potentialAction":[{"@type":"SearchAction","target":{"@type":"EntryPoint","urlTemplate":"https:\/\/blogdofarnesio.com.br\/?s={search_term_string}"},"query-input":{"@type":"PropertyValueSpecification","valueRequired":true,"valueName":"search_term_string"}}],"inLanguage":"pt-BR"},{"@type":"Organization","@id":"https:\/\/blogdofarnesio.com.br\/#organization","name":"Blog do Farn\u00e9sio","url":"https:\/\/blogdofarnesio.com.br\/","logo":{"@type":"ImageObject","inLanguage":"pt-BR","@id":"https:\/\/blogdofarnesio.com.br\/#\/schema\/logo\/image\/","url":"https:\/\/blogdofarnesio.com.br\/wp-content\/uploads\/2026\/03\/cropped-logo_new-1.png","contentUrl":"https:\/\/blogdofarnesio.com.br\/wp-content\/uploads\/2026\/03\/cropped-logo_new-1.png","width":881,"height":685,"caption":"Blog do Farn\u00e9sio"},"image":{"@id":"https:\/\/blogdofarnesio.com.br\/#\/schema\/logo\/image\/"},"sameAs":["https:\/\/www.facebook.com\/BlogQuerSaberPolitica\/"]},{"@type":"Person","@id":"https:\/\/blogdofarnesio.com.br\/#\/schema\/person\/bb9b23ae3ad0609ce8df7b6c9e76824d","name":"Farn\u00e9sio","image":{"@type":"ImageObject","inLanguage":"pt-BR","@id":"https:\/\/secure.gravatar.com\/avatar\/986aa4c61ccdb66f8555bf88fc2a65609d00bcabd4d2d94377a727547345cbca?s=96&d=mm&r=g","url":"https:\/\/secure.gravatar.com\/avatar\/986aa4c61ccdb66f8555bf88fc2a65609d00bcabd4d2d94377a727547345cbca?s=96&d=mm&r=g","contentUrl":"https:\/\/secure.gravatar.com\/avatar\/986aa4c61ccdb66f8555bf88fc2a65609d00bcabd4d2d94377a727547345cbca?s=96&d=mm&r=g","caption":"Farn\u00e9sio"},"description":"Radialista blogueiro, chegou a Petrolina\/Juazeiro em setembro de 1980, Farn\u00e9sio Silva \u00e9 de Arapiraca-Alagoas.","sameAs":["http:\/\/blogdofarnesio.com.br","https:\/\/www.facebook.com\/?ref=tn_tnmn","https:\/\/www.instagram.com\/?utm_source=pwa_homescreen","https:\/\/youtube.com.br\/"],"url":"https:\/\/blogdofarnesio.com.br\/?author=2"}]}},"_links":{"self":[{"href":"https:\/\/blogdofarnesio.com.br\/index.php?rest_route=\/wp\/v2\/posts\/337721","targetHints":{"allow":["GET"]}}],"collection":[{"href":"https:\/\/blogdofarnesio.com.br\/index.php?rest_route=\/wp\/v2\/posts"}],"about":[{"href":"https:\/\/blogdofarnesio.com.br\/index.php?rest_route=\/wp\/v2\/types\/post"}],"author":[{"embeddable":true,"href":"https:\/\/blogdofarnesio.com.br\/index.php?rest_route=\/wp\/v2\/users\/2"}],"replies":[{"embeddable":true,"href":"https:\/\/blogdofarnesio.com.br\/index.php?rest_route=%2Fwp%2Fv2%2Fcomments&post=337721"}],"version-history":[{"count":0,"href":"https:\/\/blogdofarnesio.com.br\/index.php?rest_route=\/wp\/v2\/posts\/337721\/revisions"}],"wp:featuredmedia":[{"embeddable":true,"href":"https:\/\/blogdofarnesio.com.br\/index.php?rest_route=\/wp\/v2\/media\/337722"}],"wp:attachment":[{"href":"https:\/\/blogdofarnesio.com.br\/index.php?rest_route=%2Fwp%2Fv2%2Fmedia&parent=337721"}],"wp:term":[{"taxonomy":"category","embeddable":true,"href":"https:\/\/blogdofarnesio.com.br\/index.php?rest_route=%2Fwp%2Fv2%2Fcategories&post=337721"},{"taxonomy":"post_tag","embeddable":true,"href":"https:\/\/blogdofarnesio.com.br\/index.php?rest_route=%2Fwp%2Fv2%2Ftags&post=337721"}],"curies":[{"name":"wp","href":"https:\/\/api.w.org\/{rel}","templated":true}]}}