{"id":337688,"date":"2023-04-08T16:00:38","date_gmt":"2023-04-08T19:00:38","guid":{"rendered":"https:\/\/blogdofarnesio.com.br\/?p=337688"},"modified":"2023-04-08T14:41:51","modified_gmt":"2023-04-08T17:41:51","slug":"saude-de-juazeiro-apresenta-relatorio-do-ultimo-quadrimestre-de-2022-aprovado-pelo-conselho-municipal-de-saude","status":"publish","type":"post","link":"https:\/\/blogdofarnesio.com.br\/?p=337688","title":{"rendered":"Sa\u00fade de Juazeiro apresenta relat\u00f3rio do \u00faltimo quadrimestre de 2022 aprovado pelo Conselho Municipal de Sa\u00fade"},"content":{"rendered":"<p>Durante a reuni\u00e3o ordin\u00e1ria do Conselho Municipal de Sa\u00fade de Juazeiro, realizada nesta quinta-feira (04), a Secretaria de Sa\u00fade do munic\u00edpio apresentou as a\u00e7\u00f5es e dados num\u00e9ricos referentes ao \u00faltimo quadrimestre de 2022. O relat\u00f3rio aborda informa\u00e7\u00f5es relacionadas a todos os segmentos da rede municipal de sa\u00fade da Aten\u00e7\u00e3o Prim\u00e1ria, Assist\u00eancia Especializada e Vigil\u00e2ncia em Sa\u00fade.<\/p>\n<p>A assessora de Planejamento da Sesau, Riva\u00e9rcia Esp\u00ednola, destacou que a secretaria vem melhorando e potencializando os servi\u00e7os da rede e comentou sobre o financiamento p\u00fablico da sa\u00fade. \u201cRessalto a gravidade do subfinanciamento do SUS em geral. Apesar da Prefeitura Municipal fazer um aporte de mais de R$ 140 milh\u00f5es de reais, o que corresponde a 25,35% de seu or\u00e7amento, mais do que a meta estabelecida por Lei que \u00e9 de 15% dos recursos aplicados na sa\u00fade&#8221;, disse.<\/p>\n<p><b>Aten\u00e7\u00e3o B\u00e1sica<\/b><\/p>\n<p>A\u00a0 Aten\u00e7\u00e3o B\u00e1sica do munic\u00edpio registrou, de setembro a dezembro de 2022, 86.104 atendimentos individuais e os agentes de sa\u00fade fizeram 351.002 visitas domiciliares para acompanhamento da comunidade. A Sesau tamb\u00e9m vem investindo na requalifica\u00e7\u00e3o da infraestrutura f\u00edsica das Unidades B\u00e1sicas de Sa\u00fade. Al\u00e9m de j\u00e1 ter informatizado 81% das UBS\u00b4s.<\/p>\n<div><b>Avan\u00e7os na Aten\u00e7\u00e3o Especializada<\/b>O relat\u00f3rio tamb\u00e9m constata a evolu\u00e7\u00e3o na Aten\u00e7\u00e3o Especializada do munic\u00edpio. A Policl\u00ednica passou a realizar pequenas cirurgias com a admiss\u00e3o de um m\u00e9dico cirurgi\u00e3o geral e recebeu novos aparelhos de USG e de endoscopia para potencializar a oferta de exames.<\/p>\n<p>A Unidade de Pronto Atendimento (UPA) tamb\u00e9m passou a contar com novos equipamentos a partir da instala\u00e7\u00e3o de novo Raio-X digital e de um Tom\u00f3grafo de \u00faltima gera\u00e7\u00e3o. Outro importante avan\u00e7o, foi a reforma do CAPS Ad III para que a unidade pudesse reiniciar o acolhimento 24h dos seus pacientes.<\/p>\n<p>O Servi\u00e7o de Atendimento M\u00f3vel de Urg\u00eancia (Samu) tamb\u00e9m apresentou dados substanciais, realizando 4.605 atendimentos. Um dado que precisa ser destacado, \u00e9 o n\u00famero de trotes telef\u00f4nicos que o Samu recebeu, foram 150. Fica o alerta para a popula\u00e7\u00e3o, que precisa se conscientizar que este tipo de chamada atrapalha o trabalho das equipes.<\/p>\n<p>A Maternidade Municipal executou 5.239 atendimentos, de setembro a dezembro de 2022. O n\u00famero de partos chegou a 1.304, destes 856 foram naturais e 448 ces\u00e1reos. O n\u00famero de internamentos chegou a 2.189, destes, 53% eram de pacientes provenientes de Juazeiro, 19% de Petrolina-PE e 28% de outros munic\u00edpios.<\/p>\n<p><b>Vigil\u00e2ncia em Sa\u00fade<\/b><\/p>\n<p>Os dados da Vigil\u00e2ncia em Sa\u00fade foram destaques na apresenta\u00e7\u00e3o do relat\u00f3rio. Em quatro meses, foram realizadas 77.053 vistorias para o controle de arboviroses, 238 amostras de \u00e1gua foram analisadas pelo \u201cVigi\u00e1gua\u201d e 212 alvar\u00e1s sanit\u00e1rios foram emitidos.<br \/>\n<b><br \/>\nRelat\u00f3rio Aprovado<\/b><\/p>\n<p>O presidente do Conselho Municipal de Sa\u00fade, Robson Vieira, comentou sobre o relat\u00f3rio do \u00faltimo quadrimestre da Sesau. \u201cO relat\u00f3rio foi apresentado aos conselheiros para que eles pudessem analisar detalhadamente todas as informa\u00e7\u00f5es. N\u00e3o identificamos anormalidades nos dados e por isso aprovamos por unanimidade\u201d explicou.<\/p>\n<\/div>\n<div><\/div>\n<div>Texto: Marcela Cavalcanti &#8211; Ascom Sesau<\/div>\n","protected":false},"excerpt":{"rendered":"<p>Durante a reuni\u00e3o ordin\u00e1ria do Conselho Municipal de Sa\u00fade de Juazeiro, realizada nesta quinta-feira (04), a Secretaria de Sa\u00fade do munic\u00edpio apresentou as a\u00e7\u00f5es e dados num\u00e9ricos referentes ao \u00faltimo quadrimestre de 2022. O relat\u00f3rio aborda informa\u00e7\u00f5es relacionadas a todos os segmentos da rede municipal de sa\u00fade da Aten\u00e7\u00e3o Prim\u00e1ria, Assist\u00eancia Especializada e Vigil\u00e2ncia em Sa\u00fade. A assessora de Planejamento da Sesau, Riva\u00e9rcia Esp\u00ednola, destacou que a secretaria vem melhorando e potencializando os servi\u00e7os da rede e comentou sobre o financiamento p\u00fablico da sa\u00fade. \u201cRessalto a gravidade do subfinanciamento do SUS em geral. Apesar da Prefeitura Municipal fazer um aporte de mais de R$ 140 milh\u00f5es de reais, o que corresponde a 25,35% de seu or\u00e7amento, mais do que a&hellip; <\/p>\n","protected":false},"author":2,"featured_media":337689,"comment_status":"open","ping_status":"open","sticky":false,"template":"","format":"standard","meta":{"_acf_changed":false,"footnotes":""},"categories":[44],"tags":[],"class_list":["post-337688","post","type-post","status-publish","format-standard","has-post-thumbnail","hentry","category-administracao"],"acf":[],"yoast_head":"<!-- This site is optimized with the Yoast SEO plugin v27.4 - https:\/\/yoast.com\/product\/yoast-seo-wordpress\/ -->\n<title>Sa\u00fade de Juazeiro apresenta relat\u00f3rio do \u00faltimo quadrimestre de 2022 aprovado pelo Conselho Municipal de Sa\u00fade - Blog do Farn\u00e9sio<\/title>\n<meta name=\"robots\" content=\"index, follow, max-snippet:-1, max-image-preview:large, max-video-preview:-1\" \/>\n<link rel=\"canonical\" href=\"https:\/\/blogdofarnesio.com.br\/?p=337688\" \/>\n<meta property=\"og:locale\" content=\"pt_BR\" \/>\n<meta property=\"og:type\" content=\"article\" \/>\n<meta property=\"og:title\" content=\"Sa\u00fade de Juazeiro apresenta relat\u00f3rio do \u00faltimo quadrimestre de 2022 aprovado pelo Conselho Municipal de Sa\u00fade - Blog do Farn\u00e9sio\" \/>\n<meta property=\"og:description\" content=\"Durante a reuni\u00e3o ordin\u00e1ria do Conselho Municipal de Sa\u00fade de Juazeiro, realizada nesta quinta-feira (04), a Secretaria de Sa\u00fade do munic\u00edpio apresentou as a\u00e7\u00f5es e dados num\u00e9ricos referentes ao \u00faltimo quadrimestre de 2022. O relat\u00f3rio aborda informa\u00e7\u00f5es relacionadas a todos os segmentos da rede municipal de sa\u00fade da Aten\u00e7\u00e3o Prim\u00e1ria, Assist\u00eancia Especializada e Vigil\u00e2ncia em Sa\u00fade. A assessora de Planejamento da Sesau, Riva\u00e9rcia Esp\u00ednola, destacou que a secretaria vem melhorando e potencializando os servi\u00e7os da rede e comentou sobre o financiamento p\u00fablico da sa\u00fade. \u201cRessalto a gravidade do subfinanciamento do SUS em geral. Apesar da Prefeitura Municipal fazer um aporte de mais de R$ 140 milh\u00f5es de reais, o que corresponde a 25,35% de seu or\u00e7amento, mais do que a&hellip;\" \/>\n<meta property=\"og:url\" content=\"https:\/\/blogdofarnesio.com.br\/?p=337688\" \/>\n<meta property=\"og:site_name\" content=\"Blog do Farn\u00e9sio\" \/>\n<meta property=\"article:publisher\" content=\"https:\/\/www.facebook.com\/BlogQuerSaberPolitica\/\" \/>\n<meta property=\"article:author\" content=\"https:\/\/www.facebook.com\/?ref=tn_tnmn\" \/>\n<meta property=\"article:published_time\" content=\"2023-04-08T19:00:38+00:00\" \/>\n<meta property=\"og:image\" content=\"https:\/\/blogdofarnesio.com.br\/wp-content\/uploads\/2023\/04\/blogqspjua-conselho-saude-e1680784566653.jpg\" \/>\n\t<meta property=\"og:image:width\" content=\"620\" \/>\n\t<meta property=\"og:image:height\" content=\"383\" \/>\n\t<meta property=\"og:image:type\" content=\"image\/jpeg\" \/>\n<meta name=\"author\" content=\"Farn\u00e9sio\" \/>\n<meta name=\"twitter:card\" content=\"summary_large_image\" \/>\n<meta name=\"twitter:label1\" content=\"Escrito por\" \/>\n\t<meta name=\"twitter:data1\" content=\"Farn\u00e9sio\" \/>\n\t<meta name=\"twitter:label2\" content=\"Est. tempo de leitura\" \/>\n\t<meta name=\"twitter:data2\" content=\"3 minutos\" \/>\n<script type=\"application\/ld+json\" class=\"yoast-schema-graph\">{\"@context\":\"https:\\\/\\\/schema.org\",\"@graph\":[{\"@type\":\"Article\",\"@id\":\"https:\\\/\\\/blogdofarnesio.com.br\\\/?p=337688#article\",\"isPartOf\":{\"@id\":\"https:\\\/\\\/blogdofarnesio.com.br\\\/?p=337688\"},\"author\":{\"name\":\"Farn\u00e9sio\",\"@id\":\"https:\\\/\\\/blogdofarnesio.com.br\\\/#\\\/schema\\\/person\\\/bb9b23ae3ad0609ce8df7b6c9e76824d\"},\"headline\":\"Sa\u00fade de Juazeiro apresenta relat\u00f3rio do \u00faltimo quadrimestre de 2022 aprovado pelo Conselho Municipal de Sa\u00fade\",\"datePublished\":\"2023-04-08T19:00:38+00:00\",\"mainEntityOfPage\":{\"@id\":\"https:\\\/\\\/blogdofarnesio.com.br\\\/?p=337688\"},\"wordCount\":548,\"commentCount\":0,\"publisher\":{\"@id\":\"https:\\\/\\\/blogdofarnesio.com.br\\\/#organization\"},\"image\":{\"@id\":\"https:\\\/\\\/blogdofarnesio.com.br\\\/?p=337688#primaryimage\"},\"thumbnailUrl\":\"https:\\\/\\\/blogdofarnesio.com.br\\\/wp-content\\\/uploads\\\/2023\\\/04\\\/blogqspjua-conselho-saude-e1680784566653.jpg\",\"articleSection\":[\"Administra\u00e7\u00e3o\"],\"inLanguage\":\"pt-BR\",\"potentialAction\":[{\"@type\":\"CommentAction\",\"name\":\"Comment\",\"target\":[\"https:\\\/\\\/blogdofarnesio.com.br\\\/?p=337688#respond\"]}]},{\"@type\":\"WebPage\",\"@id\":\"https:\\\/\\\/blogdofarnesio.com.br\\\/?p=337688\",\"url\":\"https:\\\/\\\/blogdofarnesio.com.br\\\/?p=337688\",\"name\":\"Sa\u00fade de Juazeiro apresenta relat\u00f3rio do \u00faltimo quadrimestre de 2022 aprovado pelo Conselho Municipal de Sa\u00fade - Blog do Farn\u00e9sio\",\"isPartOf\":{\"@id\":\"https:\\\/\\\/blogdofarnesio.com.br\\\/#website\"},\"primaryImageOfPage\":{\"@id\":\"https:\\\/\\\/blogdofarnesio.com.br\\\/?p=337688#primaryimage\"},\"image\":{\"@id\":\"https:\\\/\\\/blogdofarnesio.com.br\\\/?p=337688#primaryimage\"},\"thumbnailUrl\":\"https:\\\/\\\/blogdofarnesio.com.br\\\/wp-content\\\/uploads\\\/2023\\\/04\\\/blogqspjua-conselho-saude-e1680784566653.jpg\",\"datePublished\":\"2023-04-08T19:00:38+00:00\",\"breadcrumb\":{\"@id\":\"https:\\\/\\\/blogdofarnesio.com.br\\\/?p=337688#breadcrumb\"},\"inLanguage\":\"pt-BR\",\"potentialAction\":[{\"@type\":\"ReadAction\",\"target\":[\"https:\\\/\\\/blogdofarnesio.com.br\\\/?p=337688\"]}]},{\"@type\":\"ImageObject\",\"inLanguage\":\"pt-BR\",\"@id\":\"https:\\\/\\\/blogdofarnesio.com.br\\\/?p=337688#primaryimage\",\"url\":\"https:\\\/\\\/blogdofarnesio.com.br\\\/wp-content\\\/uploads\\\/2023\\\/04\\\/blogqspjua-conselho-saude-e1680784566653.jpg\",\"contentUrl\":\"https:\\\/\\\/blogdofarnesio.com.br\\\/wp-content\\\/uploads\\\/2023\\\/04\\\/blogqspjua-conselho-saude-e1680784566653.jpg\",\"width\":620,\"height\":383},{\"@type\":\"BreadcrumbList\",\"@id\":\"https:\\\/\\\/blogdofarnesio.com.br\\\/?p=337688#breadcrumb\",\"itemListElement\":[{\"@type\":\"ListItem\",\"position\":1,\"name\":\"In\u00edcio\",\"item\":\"https:\\\/\\\/blogdofarnesio.com.br\\\/\"},{\"@type\":\"ListItem\",\"position\":2,\"name\":\"Sa\u00fade de Juazeiro apresenta relat\u00f3rio do \u00faltimo quadrimestre de 2022 aprovado pelo Conselho Municipal de Sa\u00fade\"}]},{\"@type\":\"WebSite\",\"@id\":\"https:\\\/\\\/blogdofarnesio.com.br\\\/#website\",\"url\":\"https:\\\/\\\/blogdofarnesio.com.br\\\/\",\"name\":\"Blog do Farn\u00e9sio\",\"description\":\"Quer Saber Pol\u00edtica?\",\"publisher\":{\"@id\":\"https:\\\/\\\/blogdofarnesio.com.br\\\/#organization\"},\"potentialAction\":[{\"@type\":\"SearchAction\",\"target\":{\"@type\":\"EntryPoint\",\"urlTemplate\":\"https:\\\/\\\/blogdofarnesio.com.br\\\/?s={search_term_string}\"},\"query-input\":{\"@type\":\"PropertyValueSpecification\",\"valueRequired\":true,\"valueName\":\"search_term_string\"}}],\"inLanguage\":\"pt-BR\"},{\"@type\":\"Organization\",\"@id\":\"https:\\\/\\\/blogdofarnesio.com.br\\\/#organization\",\"name\":\"Blog do Farn\u00e9sio\",\"url\":\"https:\\\/\\\/blogdofarnesio.com.br\\\/\",\"logo\":{\"@type\":\"ImageObject\",\"inLanguage\":\"pt-BR\",\"@id\":\"https:\\\/\\\/blogdofarnesio.com.br\\\/#\\\/schema\\\/logo\\\/image\\\/\",\"url\":\"https:\\\/\\\/blogdofarnesio.com.br\\\/wp-content\\\/uploads\\\/2026\\\/03\\\/cropped-logo_new-1.png\",\"contentUrl\":\"https:\\\/\\\/blogdofarnesio.com.br\\\/wp-content\\\/uploads\\\/2026\\\/03\\\/cropped-logo_new-1.png\",\"width\":881,\"height\":685,\"caption\":\"Blog do Farn\u00e9sio\"},\"image\":{\"@id\":\"https:\\\/\\\/blogdofarnesio.com.br\\\/#\\\/schema\\\/logo\\\/image\\\/\"},\"sameAs\":[\"https:\\\/\\\/www.facebook.com\\\/BlogQuerSaberPolitica\\\/\"]},{\"@type\":\"Person\",\"@id\":\"https:\\\/\\\/blogdofarnesio.com.br\\\/#\\\/schema\\\/person\\\/bb9b23ae3ad0609ce8df7b6c9e76824d\",\"name\":\"Farn\u00e9sio\",\"image\":{\"@type\":\"ImageObject\",\"inLanguage\":\"pt-BR\",\"@id\":\"https:\\\/\\\/secure.gravatar.com\\\/avatar\\\/986aa4c61ccdb66f8555bf88fc2a65609d00bcabd4d2d94377a727547345cbca?s=96&d=mm&r=g\",\"url\":\"https:\\\/\\\/secure.gravatar.com\\\/avatar\\\/986aa4c61ccdb66f8555bf88fc2a65609d00bcabd4d2d94377a727547345cbca?s=96&d=mm&r=g\",\"contentUrl\":\"https:\\\/\\\/secure.gravatar.com\\\/avatar\\\/986aa4c61ccdb66f8555bf88fc2a65609d00bcabd4d2d94377a727547345cbca?s=96&d=mm&r=g\",\"caption\":\"Farn\u00e9sio\"},\"description\":\"Radialista blogueiro, chegou a Petrolina\\\/Juazeiro em setembro de 1980, Farn\u00e9sio Silva \u00e9 de Arapiraca-Alagoas.\",\"sameAs\":[\"http:\\\/\\\/blogdofarnesio.com.br\",\"https:\\\/\\\/www.facebook.com\\\/?ref=tn_tnmn\",\"https:\\\/\\\/www.instagram.com\\\/?utm_source=pwa_homescreen\",\"https:\\\/\\\/youtube.com.br\\\/\"],\"url\":\"https:\\\/\\\/blogdofarnesio.com.br\\\/?author=2\"}]}<\/script>\n<!-- \/ Yoast SEO plugin. -->","yoast_head_json":{"title":"Sa\u00fade de Juazeiro apresenta relat\u00f3rio do \u00faltimo quadrimestre de 2022 aprovado pelo Conselho Municipal de Sa\u00fade - Blog do Farn\u00e9sio","robots":{"index":"index","follow":"follow","max-snippet":"max-snippet:-1","max-image-preview":"max-image-preview:large","max-video-preview":"max-video-preview:-1"},"canonical":"https:\/\/blogdofarnesio.com.br\/?p=337688","og_locale":"pt_BR","og_type":"article","og_title":"Sa\u00fade de Juazeiro apresenta relat\u00f3rio do \u00faltimo quadrimestre de 2022 aprovado pelo Conselho Municipal de Sa\u00fade - Blog do Farn\u00e9sio","og_description":"Durante a reuni\u00e3o ordin\u00e1ria do Conselho Municipal de Sa\u00fade de Juazeiro, realizada nesta quinta-feira (04), a Secretaria de Sa\u00fade do munic\u00edpio apresentou as a\u00e7\u00f5es e dados num\u00e9ricos referentes ao \u00faltimo quadrimestre de 2022. O relat\u00f3rio aborda informa\u00e7\u00f5es relacionadas a todos os segmentos da rede municipal de sa\u00fade da Aten\u00e7\u00e3o Prim\u00e1ria, Assist\u00eancia Especializada e Vigil\u00e2ncia em Sa\u00fade. A assessora de Planejamento da Sesau, Riva\u00e9rcia Esp\u00ednola, destacou que a secretaria vem melhorando e potencializando os servi\u00e7os da rede e comentou sobre o financiamento p\u00fablico da sa\u00fade. \u201cRessalto a gravidade do subfinanciamento do SUS em geral. Apesar da Prefeitura Municipal fazer um aporte de mais de R$ 140 milh\u00f5es de reais, o que corresponde a 25,35% de seu or\u00e7amento, mais do que a&hellip;","og_url":"https:\/\/blogdofarnesio.com.br\/?p=337688","og_site_name":"Blog do Farn\u00e9sio","article_publisher":"https:\/\/www.facebook.com\/BlogQuerSaberPolitica\/","article_author":"https:\/\/www.facebook.com\/?ref=tn_tnmn","article_published_time":"2023-04-08T19:00:38+00:00","og_image":[{"width":620,"height":383,"url":"https:\/\/blogdofarnesio.com.br\/wp-content\/uploads\/2023\/04\/blogqspjua-conselho-saude-e1680784566653.jpg","type":"image\/jpeg"}],"author":"Farn\u00e9sio","twitter_card":"summary_large_image","twitter_misc":{"Escrito por":"Farn\u00e9sio","Est. tempo de leitura":"3 minutos"},"schema":{"@context":"https:\/\/schema.org","@graph":[{"@type":"Article","@id":"https:\/\/blogdofarnesio.com.br\/?p=337688#article","isPartOf":{"@id":"https:\/\/blogdofarnesio.com.br\/?p=337688"},"author":{"name":"Farn\u00e9sio","@id":"https:\/\/blogdofarnesio.com.br\/#\/schema\/person\/bb9b23ae3ad0609ce8df7b6c9e76824d"},"headline":"Sa\u00fade de Juazeiro apresenta relat\u00f3rio do \u00faltimo quadrimestre de 2022 aprovado pelo Conselho Municipal de Sa\u00fade","datePublished":"2023-04-08T19:00:38+00:00","mainEntityOfPage":{"@id":"https:\/\/blogdofarnesio.com.br\/?p=337688"},"wordCount":548,"commentCount":0,"publisher":{"@id":"https:\/\/blogdofarnesio.com.br\/#organization"},"image":{"@id":"https:\/\/blogdofarnesio.com.br\/?p=337688#primaryimage"},"thumbnailUrl":"https:\/\/blogdofarnesio.com.br\/wp-content\/uploads\/2023\/04\/blogqspjua-conselho-saude-e1680784566653.jpg","articleSection":["Administra\u00e7\u00e3o"],"inLanguage":"pt-BR","potentialAction":[{"@type":"CommentAction","name":"Comment","target":["https:\/\/blogdofarnesio.com.br\/?p=337688#respond"]}]},{"@type":"WebPage","@id":"https:\/\/blogdofarnesio.com.br\/?p=337688","url":"https:\/\/blogdofarnesio.com.br\/?p=337688","name":"Sa\u00fade de Juazeiro apresenta relat\u00f3rio do \u00faltimo quadrimestre de 2022 aprovado pelo Conselho Municipal de Sa\u00fade - Blog do Farn\u00e9sio","isPartOf":{"@id":"https:\/\/blogdofarnesio.com.br\/#website"},"primaryImageOfPage":{"@id":"https:\/\/blogdofarnesio.com.br\/?p=337688#primaryimage"},"image":{"@id":"https:\/\/blogdofarnesio.com.br\/?p=337688#primaryimage"},"thumbnailUrl":"https:\/\/blogdofarnesio.com.br\/wp-content\/uploads\/2023\/04\/blogqspjua-conselho-saude-e1680784566653.jpg","datePublished":"2023-04-08T19:00:38+00:00","breadcrumb":{"@id":"https:\/\/blogdofarnesio.com.br\/?p=337688#breadcrumb"},"inLanguage":"pt-BR","potentialAction":[{"@type":"ReadAction","target":["https:\/\/blogdofarnesio.com.br\/?p=337688"]}]},{"@type":"ImageObject","inLanguage":"pt-BR","@id":"https:\/\/blogdofarnesio.com.br\/?p=337688#primaryimage","url":"https:\/\/blogdofarnesio.com.br\/wp-content\/uploads\/2023\/04\/blogqspjua-conselho-saude-e1680784566653.jpg","contentUrl":"https:\/\/blogdofarnesio.com.br\/wp-content\/uploads\/2023\/04\/blogqspjua-conselho-saude-e1680784566653.jpg","width":620,"height":383},{"@type":"BreadcrumbList","@id":"https:\/\/blogdofarnesio.com.br\/?p=337688#breadcrumb","itemListElement":[{"@type":"ListItem","position":1,"name":"In\u00edcio","item":"https:\/\/blogdofarnesio.com.br\/"},{"@type":"ListItem","position":2,"name":"Sa\u00fade de Juazeiro apresenta relat\u00f3rio do \u00faltimo quadrimestre de 2022 aprovado pelo Conselho Municipal de Sa\u00fade"}]},{"@type":"WebSite","@id":"https:\/\/blogdofarnesio.com.br\/#website","url":"https:\/\/blogdofarnesio.com.br\/","name":"Blog do Farn\u00e9sio","description":"Quer Saber Pol\u00edtica?","publisher":{"@id":"https:\/\/blogdofarnesio.com.br\/#organization"},"potentialAction":[{"@type":"SearchAction","target":{"@type":"EntryPoint","urlTemplate":"https:\/\/blogdofarnesio.com.br\/?s={search_term_string}"},"query-input":{"@type":"PropertyValueSpecification","valueRequired":true,"valueName":"search_term_string"}}],"inLanguage":"pt-BR"},{"@type":"Organization","@id":"https:\/\/blogdofarnesio.com.br\/#organization","name":"Blog do Farn\u00e9sio","url":"https:\/\/blogdofarnesio.com.br\/","logo":{"@type":"ImageObject","inLanguage":"pt-BR","@id":"https:\/\/blogdofarnesio.com.br\/#\/schema\/logo\/image\/","url":"https:\/\/blogdofarnesio.com.br\/wp-content\/uploads\/2026\/03\/cropped-logo_new-1.png","contentUrl":"https:\/\/blogdofarnesio.com.br\/wp-content\/uploads\/2026\/03\/cropped-logo_new-1.png","width":881,"height":685,"caption":"Blog do Farn\u00e9sio"},"image":{"@id":"https:\/\/blogdofarnesio.com.br\/#\/schema\/logo\/image\/"},"sameAs":["https:\/\/www.facebook.com\/BlogQuerSaberPolitica\/"]},{"@type":"Person","@id":"https:\/\/blogdofarnesio.com.br\/#\/schema\/person\/bb9b23ae3ad0609ce8df7b6c9e76824d","name":"Farn\u00e9sio","image":{"@type":"ImageObject","inLanguage":"pt-BR","@id":"https:\/\/secure.gravatar.com\/avatar\/986aa4c61ccdb66f8555bf88fc2a65609d00bcabd4d2d94377a727547345cbca?s=96&d=mm&r=g","url":"https:\/\/secure.gravatar.com\/avatar\/986aa4c61ccdb66f8555bf88fc2a65609d00bcabd4d2d94377a727547345cbca?s=96&d=mm&r=g","contentUrl":"https:\/\/secure.gravatar.com\/avatar\/986aa4c61ccdb66f8555bf88fc2a65609d00bcabd4d2d94377a727547345cbca?s=96&d=mm&r=g","caption":"Farn\u00e9sio"},"description":"Radialista blogueiro, chegou a Petrolina\/Juazeiro em setembro de 1980, Farn\u00e9sio Silva \u00e9 de Arapiraca-Alagoas.","sameAs":["http:\/\/blogdofarnesio.com.br","https:\/\/www.facebook.com\/?ref=tn_tnmn","https:\/\/www.instagram.com\/?utm_source=pwa_homescreen","https:\/\/youtube.com.br\/"],"url":"https:\/\/blogdofarnesio.com.br\/?author=2"}]}},"_links":{"self":[{"href":"https:\/\/blogdofarnesio.com.br\/index.php?rest_route=\/wp\/v2\/posts\/337688","targetHints":{"allow":["GET"]}}],"collection":[{"href":"https:\/\/blogdofarnesio.com.br\/index.php?rest_route=\/wp\/v2\/posts"}],"about":[{"href":"https:\/\/blogdofarnesio.com.br\/index.php?rest_route=\/wp\/v2\/types\/post"}],"author":[{"embeddable":true,"href":"https:\/\/blogdofarnesio.com.br\/index.php?rest_route=\/wp\/v2\/users\/2"}],"replies":[{"embeddable":true,"href":"https:\/\/blogdofarnesio.com.br\/index.php?rest_route=%2Fwp%2Fv2%2Fcomments&post=337688"}],"version-history":[{"count":0,"href":"https:\/\/blogdofarnesio.com.br\/index.php?rest_route=\/wp\/v2\/posts\/337688\/revisions"}],"wp:featuredmedia":[{"embeddable":true,"href":"https:\/\/blogdofarnesio.com.br\/index.php?rest_route=\/wp\/v2\/media\/337689"}],"wp:attachment":[{"href":"https:\/\/blogdofarnesio.com.br\/index.php?rest_route=%2Fwp%2Fv2%2Fmedia&parent=337688"}],"wp:term":[{"taxonomy":"category","embeddable":true,"href":"https:\/\/blogdofarnesio.com.br\/index.php?rest_route=%2Fwp%2Fv2%2Fcategories&post=337688"},{"taxonomy":"post_tag","embeddable":true,"href":"https:\/\/blogdofarnesio.com.br\/index.php?rest_route=%2Fwp%2Fv2%2Ftags&post=337688"}],"curies":[{"name":"wp","href":"https:\/\/api.w.org\/{rel}","templated":true}]}}