{"id":337670,"date":"2023-04-06T12:00:39","date_gmt":"2023-04-06T15:00:39","guid":{"rendered":"https:\/\/blogdofarnesio.com.br\/?p=337670"},"modified":"2023-04-06T09:09:22","modified_gmt":"2023-04-06T12:09:22","slug":"batalhao-rodoviario-da-pmba-intensifica-fiscalizacao-na-ba-210-neste-feriado-prolongado","status":"publish","type":"post","link":"https:\/\/blogdofarnesio.com.br\/?p=337670","title":{"rendered":"Batalh\u00e3o rodovi\u00e1rio da PMBA intensifica fiscaliza\u00e7\u00e3o na BA-210 neste feriado prolongado"},"content":{"rendered":"<div dir=\"ltr\">\n<div>O feriado da Semana Santa \u00e9 um dos recessos do calend\u00e1rio nacional mais abrangentes em termos de mobiliza\u00e7\u00e3o e deslocamento territorial de indiv\u00edduos, tanto em n\u00edvel interestadual, como em n\u00edvel intermunicipal, e durante esse per\u00edodo \u00e9 comum ocorrer um aumento significativo no fluxo de ve\u00edculos e consequentemente o aumento de poss\u00edveis a\u00e7\u00f5es delituosas e\/ou sinistros de tr\u00e2nsito.<\/div>\n<div><\/div>\n<div>Face a essa realidade, a Policia Militar da Bahia, atrav\u00e9s da 4\u00aa Companhia do Batalh\u00e3o de Pol\u00edcia Rodovi\u00e1ria (BPRv)\/Juazeiro, realizar\u00e1 a partir das 08h desta quinta-feira (06\/04) at\u00e9 \u00e0s 20h de segundafeira (10\/04), feriado prolongado, intensifica\u00e7\u00f5es no policiamento de tr\u00e2nsito rodovi\u00e1rio.<\/div>\n<div><\/div>\n<div>O policiamento contar\u00e1 com a\u00e7\u00f5es preventivas desenvolvidas pelo efetivo ordin\u00e1rio e intensifica\u00e7\u00e3o do policiamento com o efetivo em regime extraordin\u00e1rio atrav\u00e9s da opera\u00e7\u00e3o intitulada \u201cOPERA\u00c7\u00c3O SEMANA SANTA 2023\u201d, visando a orienta\u00e7\u00e3o aos usu\u00e1rios, o controle, a fiscaliza\u00e7\u00e3o, o ordenamento e a seguran\u00e7a vi\u00e1ria, mormente com vistas \u00e0 preserva\u00e7\u00e3o da vida ao longo dos dias do feriado prolongado.<\/div>\n<div><\/div>\n<div>\u00c9 responsabilidade do Batalh\u00e3o Rodovi\u00e1rio propiciar a seguran\u00e7a, realizando o radiopatrulhamento motorizado terrestre nas rodovias estaduais e federais delegadas, para tanto, refor\u00e7ar\u00e1 a fiscaliza\u00e7\u00e3o nas principais rodovias e em pontos considerados cr\u00edticos.<\/div>\n<div><\/div>\n<div>Nos quatro dias de opera\u00e7\u00f5es ser\u00e3o desenvolvidas \u201cBlitz\u201d voltadas para as condutas de risco e irregulares dos condutores como: excesso de velocidade, ultrapassagens indevidas, embriaguez ao volante, utiliza\u00e7\u00e3o do celular ao volante, cansa\u00e7o os condutores, n\u00e3o utiliza\u00e7\u00e3o do cinto de seguran\u00e7a, falta do uso do capacete, condu\u00e7\u00e3o de crian\u00e7as em assentos inadequados, que s\u00e3o alguns dos principais respons\u00e1veis pelos sinistros de tr\u00e2nsito.<\/div>\n<div><\/div>\n<div>A fiscaliza\u00e7\u00e3o de tr\u00e2nsito ter\u00e1 como foco priorit\u00e1rio a redu\u00e7\u00e3o de acidentes relacionados ao\u00a0consumo de bebidas alco\u00f3licas associadas \u00e0 dire\u00e7\u00e3o e ao excesso de velocidade nas rodovias, mediante utiliza\u00e7\u00e3o de etil\u00f4metros (popularmente conhecidos como \u201cbaf\u00f4metros\u201d) e radares m\u00f3veis.<\/div>\n<div><\/div>\n<div>Confira abaixo algumas dicas para uma viagem tranquila e segura! &#8211; Fa\u00e7a revis\u00e3o e planeje sua viagem; &#8211; Antes de viajar, verifique se est\u00e1 portando os documentos de porte obrigat\u00f3rio; &#8211; Descanse, durma bem antes de qualquer viagem de autom\u00f3vel.<\/div>\n<div><\/div>\n<div>O sono e o cansa\u00e7o s\u00e3o inimigos de uma viagem segura; &#8211; Use sempre o cinto de seguran\u00e7a, assim como todos os ocupantes do ve\u00edculo; &#8211; Se for dirigir n\u00e3o ingira bebida alco\u00f3lica ou outra subst\u00e2ncia que reduza a aten\u00e7\u00e3o; &#8211; Conduza as crian\u00e7as com os documentos obrigat\u00f3rios e em assentos adequados; &#8211; Atente para os limites de velocidade da via e obede\u00e7a \u00e0s sinaliza\u00e7\u00f5es; &#8211; N\u00e3o ultrapasse em locais proibidos. S\u00f3 ultrapasse com seguran\u00e7a; &#8211; N\u00e3o se distraia falando ao celular ou mandando mensagens; &#8211; Mantenha a dist\u00e2ncia segura entre seu ve\u00edculo e o da frente; &#8211; Fique atento as rotat\u00f3rias e nas travessias de um lado para o outro da via; &#8211; Cuidado com animais na pista. Ao avist\u00e1-lo, reduza a velocidade e sinalize para evitar sinistros de tr\u00e2nsito (acidentes); &#8211;<\/div>\n<div><\/div>\n<div>Se precisar de alguma orienta\u00e7\u00e3o prefira os postos de Policiamento Rodovi\u00e1rio, ou um outro Posto Policial; PMBA, um For\u00e7a a servi\u00e7o do cidad\u00e3o!<\/div>\n<\/div>\n<div class=\"iX\">&#8230;<\/div>\n","protected":false},"excerpt":{"rendered":"<p>O feriado da Semana Santa \u00e9 um dos recessos do calend\u00e1rio nacional mais abrangentes em termos de mobiliza\u00e7\u00e3o e deslocamento territorial de indiv\u00edduos, tanto em n\u00edvel interestadual, como em n\u00edvel intermunicipal, e durante esse per\u00edodo \u00e9 comum ocorrer um aumento significativo no fluxo de ve\u00edculos e consequentemente o aumento de poss\u00edveis a\u00e7\u00f5es delituosas e\/ou sinistros de tr\u00e2nsito. Face a essa realidade, a Policia Militar da Bahia, atrav\u00e9s da 4\u00aa Companhia do Batalh\u00e3o de Pol\u00edcia Rodovi\u00e1ria (BPRv)\/Juazeiro, realizar\u00e1 a partir das 08h desta quinta-feira (06\/04) at\u00e9 \u00e0s 20h de segundafeira (10\/04), feriado prolongado, intensifica\u00e7\u00f5es no policiamento de tr\u00e2nsito rodovi\u00e1rio. O policiamento contar\u00e1 com a\u00e7\u00f5es preventivas desenvolvidas pelo efetivo ordin\u00e1rio e intensifica\u00e7\u00e3o do policiamento com o efetivo em regime extraordin\u00e1rio atrav\u00e9s da&hellip; <\/p>\n","protected":false},"author":2,"featured_media":337671,"comment_status":"open","ping_status":"open","sticky":false,"template":"","format":"standard","meta":{"_acf_changed":false,"footnotes":""},"categories":[17],"tags":[],"class_list":["post-337670","post","type-post","status-publish","format-standard","has-post-thumbnail","hentry","category-estradas"],"acf":[],"yoast_head":"<!-- This site is optimized with the Yoast SEO plugin v27.4 - https:\/\/yoast.com\/product\/yoast-seo-wordpress\/ -->\n<title>Batalh\u00e3o rodovi\u00e1rio da PMBA intensifica fiscaliza\u00e7\u00e3o na BA-210 neste feriado prolongado - Blog do Farn\u00e9sio<\/title>\n<meta name=\"robots\" content=\"index, follow, max-snippet:-1, max-image-preview:large, max-video-preview:-1\" \/>\n<link rel=\"canonical\" href=\"https:\/\/blogdofarnesio.com.br\/?p=337670\" \/>\n<meta property=\"og:locale\" content=\"pt_BR\" \/>\n<meta property=\"og:type\" content=\"article\" \/>\n<meta property=\"og:title\" content=\"Batalh\u00e3o rodovi\u00e1rio da PMBA intensifica fiscaliza\u00e7\u00e3o na BA-210 neste feriado prolongado - Blog do Farn\u00e9sio\" \/>\n<meta property=\"og:description\" content=\"O feriado da Semana Santa \u00e9 um dos recessos do calend\u00e1rio nacional mais abrangentes em termos de mobiliza\u00e7\u00e3o e deslocamento territorial de indiv\u00edduos, tanto em n\u00edvel interestadual, como em n\u00edvel intermunicipal, e durante esse per\u00edodo \u00e9 comum ocorrer um aumento significativo no fluxo de ve\u00edculos e consequentemente o aumento de poss\u00edveis a\u00e7\u00f5es delituosas e\/ou sinistros de tr\u00e2nsito. Face a essa realidade, a Policia Militar da Bahia, atrav\u00e9s da 4\u00aa Companhia do Batalh\u00e3o de Pol\u00edcia Rodovi\u00e1ria (BPRv)\/Juazeiro, realizar\u00e1 a partir das 08h desta quinta-feira (06\/04) at\u00e9 \u00e0s 20h de segundafeira (10\/04), feriado prolongado, intensifica\u00e7\u00f5es no policiamento de tr\u00e2nsito rodovi\u00e1rio. O policiamento contar\u00e1 com a\u00e7\u00f5es preventivas desenvolvidas pelo efetivo ordin\u00e1rio e intensifica\u00e7\u00e3o do policiamento com o efetivo em regime extraordin\u00e1rio atrav\u00e9s da&hellip;\" \/>\n<meta property=\"og:url\" content=\"https:\/\/blogdofarnesio.com.br\/?p=337670\" \/>\n<meta property=\"og:site_name\" content=\"Blog do Farn\u00e9sio\" \/>\n<meta property=\"article:publisher\" content=\"https:\/\/www.facebook.com\/BlogQuerSaberPolitica\/\" \/>\n<meta property=\"article:author\" content=\"https:\/\/www.facebook.com\/?ref=tn_tnmn\" \/>\n<meta property=\"article:published_time\" content=\"2023-04-06T15:00:39+00:00\" \/>\n<meta property=\"og:image\" content=\"https:\/\/blogdofarnesio.com.br\/wp-content\/uploads\/2023\/04\/blogqspjua-batalhao-rodoviario-e1680782923563.jpeg\" \/>\n\t<meta property=\"og:image:width\" content=\"624\" \/>\n\t<meta property=\"og:image:height\" content=\"468\" \/>\n\t<meta property=\"og:image:type\" content=\"image\/jpeg\" \/>\n<meta name=\"author\" content=\"Farn\u00e9sio\" \/>\n<meta name=\"twitter:card\" content=\"summary_large_image\" \/>\n<meta name=\"twitter:label1\" content=\"Escrito por\" \/>\n\t<meta name=\"twitter:data1\" content=\"Farn\u00e9sio\" \/>\n\t<meta name=\"twitter:label2\" content=\"Est. tempo de leitura\" \/>\n\t<meta name=\"twitter:data2\" content=\"3 minutos\" \/>\n<script type=\"application\/ld+json\" class=\"yoast-schema-graph\">{\"@context\":\"https:\\\/\\\/schema.org\",\"@graph\":[{\"@type\":\"Article\",\"@id\":\"https:\\\/\\\/blogdofarnesio.com.br\\\/?p=337670#article\",\"isPartOf\":{\"@id\":\"https:\\\/\\\/blogdofarnesio.com.br\\\/?p=337670\"},\"author\":{\"name\":\"Farn\u00e9sio\",\"@id\":\"https:\\\/\\\/blogdofarnesio.com.br\\\/#\\\/schema\\\/person\\\/bb9b23ae3ad0609ce8df7b6c9e76824d\"},\"headline\":\"Batalh\u00e3o rodovi\u00e1rio da PMBA intensifica fiscaliza\u00e7\u00e3o na BA-210 neste feriado prolongado\",\"datePublished\":\"2023-04-06T15:00:39+00:00\",\"mainEntityOfPage\":{\"@id\":\"https:\\\/\\\/blogdofarnesio.com.br\\\/?p=337670\"},\"wordCount\":578,\"commentCount\":0,\"publisher\":{\"@id\":\"https:\\\/\\\/blogdofarnesio.com.br\\\/#organization\"},\"image\":{\"@id\":\"https:\\\/\\\/blogdofarnesio.com.br\\\/?p=337670#primaryimage\"},\"thumbnailUrl\":\"https:\\\/\\\/blogdofarnesio.com.br\\\/wp-content\\\/uploads\\\/2023\\\/04\\\/blogqspjua-batalhao-rodoviario-e1680782923563.jpeg\",\"articleSection\":[\"Estradas\"],\"inLanguage\":\"pt-BR\",\"potentialAction\":[{\"@type\":\"CommentAction\",\"name\":\"Comment\",\"target\":[\"https:\\\/\\\/blogdofarnesio.com.br\\\/?p=337670#respond\"]}]},{\"@type\":\"WebPage\",\"@id\":\"https:\\\/\\\/blogdofarnesio.com.br\\\/?p=337670\",\"url\":\"https:\\\/\\\/blogdofarnesio.com.br\\\/?p=337670\",\"name\":\"Batalh\u00e3o rodovi\u00e1rio da PMBA intensifica fiscaliza\u00e7\u00e3o na BA-210 neste feriado prolongado - Blog do Farn\u00e9sio\",\"isPartOf\":{\"@id\":\"https:\\\/\\\/blogdofarnesio.com.br\\\/#website\"},\"primaryImageOfPage\":{\"@id\":\"https:\\\/\\\/blogdofarnesio.com.br\\\/?p=337670#primaryimage\"},\"image\":{\"@id\":\"https:\\\/\\\/blogdofarnesio.com.br\\\/?p=337670#primaryimage\"},\"thumbnailUrl\":\"https:\\\/\\\/blogdofarnesio.com.br\\\/wp-content\\\/uploads\\\/2023\\\/04\\\/blogqspjua-batalhao-rodoviario-e1680782923563.jpeg\",\"datePublished\":\"2023-04-06T15:00:39+00:00\",\"breadcrumb\":{\"@id\":\"https:\\\/\\\/blogdofarnesio.com.br\\\/?p=337670#breadcrumb\"},\"inLanguage\":\"pt-BR\",\"potentialAction\":[{\"@type\":\"ReadAction\",\"target\":[\"https:\\\/\\\/blogdofarnesio.com.br\\\/?p=337670\"]}]},{\"@type\":\"ImageObject\",\"inLanguage\":\"pt-BR\",\"@id\":\"https:\\\/\\\/blogdofarnesio.com.br\\\/?p=337670#primaryimage\",\"url\":\"https:\\\/\\\/blogdofarnesio.com.br\\\/wp-content\\\/uploads\\\/2023\\\/04\\\/blogqspjua-batalhao-rodoviario-e1680782923563.jpeg\",\"contentUrl\":\"https:\\\/\\\/blogdofarnesio.com.br\\\/wp-content\\\/uploads\\\/2023\\\/04\\\/blogqspjua-batalhao-rodoviario-e1680782923563.jpeg\",\"width\":624,\"height\":468},{\"@type\":\"BreadcrumbList\",\"@id\":\"https:\\\/\\\/blogdofarnesio.com.br\\\/?p=337670#breadcrumb\",\"itemListElement\":[{\"@type\":\"ListItem\",\"position\":1,\"name\":\"In\u00edcio\",\"item\":\"https:\\\/\\\/blogdofarnesio.com.br\\\/\"},{\"@type\":\"ListItem\",\"position\":2,\"name\":\"Batalh\u00e3o rodovi\u00e1rio da PMBA intensifica fiscaliza\u00e7\u00e3o na BA-210 neste feriado prolongado\"}]},{\"@type\":\"WebSite\",\"@id\":\"https:\\\/\\\/blogdofarnesio.com.br\\\/#website\",\"url\":\"https:\\\/\\\/blogdofarnesio.com.br\\\/\",\"name\":\"Blog do Farn\u00e9sio\",\"description\":\"Quer Saber Pol\u00edtica?\",\"publisher\":{\"@id\":\"https:\\\/\\\/blogdofarnesio.com.br\\\/#organization\"},\"potentialAction\":[{\"@type\":\"SearchAction\",\"target\":{\"@type\":\"EntryPoint\",\"urlTemplate\":\"https:\\\/\\\/blogdofarnesio.com.br\\\/?s={search_term_string}\"},\"query-input\":{\"@type\":\"PropertyValueSpecification\",\"valueRequired\":true,\"valueName\":\"search_term_string\"}}],\"inLanguage\":\"pt-BR\"},{\"@type\":\"Organization\",\"@id\":\"https:\\\/\\\/blogdofarnesio.com.br\\\/#organization\",\"name\":\"Blog do Farn\u00e9sio\",\"url\":\"https:\\\/\\\/blogdofarnesio.com.br\\\/\",\"logo\":{\"@type\":\"ImageObject\",\"inLanguage\":\"pt-BR\",\"@id\":\"https:\\\/\\\/blogdofarnesio.com.br\\\/#\\\/schema\\\/logo\\\/image\\\/\",\"url\":\"https:\\\/\\\/blogdofarnesio.com.br\\\/wp-content\\\/uploads\\\/2026\\\/03\\\/cropped-logo_new-1.png\",\"contentUrl\":\"https:\\\/\\\/blogdofarnesio.com.br\\\/wp-content\\\/uploads\\\/2026\\\/03\\\/cropped-logo_new-1.png\",\"width\":881,\"height\":685,\"caption\":\"Blog do Farn\u00e9sio\"},\"image\":{\"@id\":\"https:\\\/\\\/blogdofarnesio.com.br\\\/#\\\/schema\\\/logo\\\/image\\\/\"},\"sameAs\":[\"https:\\\/\\\/www.facebook.com\\\/BlogQuerSaberPolitica\\\/\"]},{\"@type\":\"Person\",\"@id\":\"https:\\\/\\\/blogdofarnesio.com.br\\\/#\\\/schema\\\/person\\\/bb9b23ae3ad0609ce8df7b6c9e76824d\",\"name\":\"Farn\u00e9sio\",\"image\":{\"@type\":\"ImageObject\",\"inLanguage\":\"pt-BR\",\"@id\":\"https:\\\/\\\/secure.gravatar.com\\\/avatar\\\/986aa4c61ccdb66f8555bf88fc2a65609d00bcabd4d2d94377a727547345cbca?s=96&d=mm&r=g\",\"url\":\"https:\\\/\\\/secure.gravatar.com\\\/avatar\\\/986aa4c61ccdb66f8555bf88fc2a65609d00bcabd4d2d94377a727547345cbca?s=96&d=mm&r=g\",\"contentUrl\":\"https:\\\/\\\/secure.gravatar.com\\\/avatar\\\/986aa4c61ccdb66f8555bf88fc2a65609d00bcabd4d2d94377a727547345cbca?s=96&d=mm&r=g\",\"caption\":\"Farn\u00e9sio\"},\"description\":\"Radialista blogueiro, chegou a Petrolina\\\/Juazeiro em setembro de 1980, Farn\u00e9sio Silva \u00e9 de Arapiraca-Alagoas.\",\"sameAs\":[\"http:\\\/\\\/blogdofarnesio.com.br\",\"https:\\\/\\\/www.facebook.com\\\/?ref=tn_tnmn\",\"https:\\\/\\\/www.instagram.com\\\/?utm_source=pwa_homescreen\",\"https:\\\/\\\/youtube.com.br\\\/\"],\"url\":\"https:\\\/\\\/blogdofarnesio.com.br\\\/?author=2\"}]}<\/script>\n<!-- \/ Yoast SEO plugin. -->","yoast_head_json":{"title":"Batalh\u00e3o rodovi\u00e1rio da PMBA intensifica fiscaliza\u00e7\u00e3o na BA-210 neste feriado prolongado - Blog do Farn\u00e9sio","robots":{"index":"index","follow":"follow","max-snippet":"max-snippet:-1","max-image-preview":"max-image-preview:large","max-video-preview":"max-video-preview:-1"},"canonical":"https:\/\/blogdofarnesio.com.br\/?p=337670","og_locale":"pt_BR","og_type":"article","og_title":"Batalh\u00e3o rodovi\u00e1rio da PMBA intensifica fiscaliza\u00e7\u00e3o na BA-210 neste feriado prolongado - Blog do Farn\u00e9sio","og_description":"O feriado da Semana Santa \u00e9 um dos recessos do calend\u00e1rio nacional mais abrangentes em termos de mobiliza\u00e7\u00e3o e deslocamento territorial de indiv\u00edduos, tanto em n\u00edvel interestadual, como em n\u00edvel intermunicipal, e durante esse per\u00edodo \u00e9 comum ocorrer um aumento significativo no fluxo de ve\u00edculos e consequentemente o aumento de poss\u00edveis a\u00e7\u00f5es delituosas e\/ou sinistros de tr\u00e2nsito. Face a essa realidade, a Policia Militar da Bahia, atrav\u00e9s da 4\u00aa Companhia do Batalh\u00e3o de Pol\u00edcia Rodovi\u00e1ria (BPRv)\/Juazeiro, realizar\u00e1 a partir das 08h desta quinta-feira (06\/04) at\u00e9 \u00e0s 20h de segundafeira (10\/04), feriado prolongado, intensifica\u00e7\u00f5es no policiamento de tr\u00e2nsito rodovi\u00e1rio. O policiamento contar\u00e1 com a\u00e7\u00f5es preventivas desenvolvidas pelo efetivo ordin\u00e1rio e intensifica\u00e7\u00e3o do policiamento com o efetivo em regime extraordin\u00e1rio atrav\u00e9s da&hellip;","og_url":"https:\/\/blogdofarnesio.com.br\/?p=337670","og_site_name":"Blog do Farn\u00e9sio","article_publisher":"https:\/\/www.facebook.com\/BlogQuerSaberPolitica\/","article_author":"https:\/\/www.facebook.com\/?ref=tn_tnmn","article_published_time":"2023-04-06T15:00:39+00:00","og_image":[{"width":624,"height":468,"url":"https:\/\/blogdofarnesio.com.br\/wp-content\/uploads\/2023\/04\/blogqspjua-batalhao-rodoviario-e1680782923563.jpeg","type":"image\/jpeg"}],"author":"Farn\u00e9sio","twitter_card":"summary_large_image","twitter_misc":{"Escrito por":"Farn\u00e9sio","Est. tempo de leitura":"3 minutos"},"schema":{"@context":"https:\/\/schema.org","@graph":[{"@type":"Article","@id":"https:\/\/blogdofarnesio.com.br\/?p=337670#article","isPartOf":{"@id":"https:\/\/blogdofarnesio.com.br\/?p=337670"},"author":{"name":"Farn\u00e9sio","@id":"https:\/\/blogdofarnesio.com.br\/#\/schema\/person\/bb9b23ae3ad0609ce8df7b6c9e76824d"},"headline":"Batalh\u00e3o rodovi\u00e1rio da PMBA intensifica fiscaliza\u00e7\u00e3o na BA-210 neste feriado prolongado","datePublished":"2023-04-06T15:00:39+00:00","mainEntityOfPage":{"@id":"https:\/\/blogdofarnesio.com.br\/?p=337670"},"wordCount":578,"commentCount":0,"publisher":{"@id":"https:\/\/blogdofarnesio.com.br\/#organization"},"image":{"@id":"https:\/\/blogdofarnesio.com.br\/?p=337670#primaryimage"},"thumbnailUrl":"https:\/\/blogdofarnesio.com.br\/wp-content\/uploads\/2023\/04\/blogqspjua-batalhao-rodoviario-e1680782923563.jpeg","articleSection":["Estradas"],"inLanguage":"pt-BR","potentialAction":[{"@type":"CommentAction","name":"Comment","target":["https:\/\/blogdofarnesio.com.br\/?p=337670#respond"]}]},{"@type":"WebPage","@id":"https:\/\/blogdofarnesio.com.br\/?p=337670","url":"https:\/\/blogdofarnesio.com.br\/?p=337670","name":"Batalh\u00e3o rodovi\u00e1rio da PMBA intensifica fiscaliza\u00e7\u00e3o na BA-210 neste feriado prolongado - Blog do Farn\u00e9sio","isPartOf":{"@id":"https:\/\/blogdofarnesio.com.br\/#website"},"primaryImageOfPage":{"@id":"https:\/\/blogdofarnesio.com.br\/?p=337670#primaryimage"},"image":{"@id":"https:\/\/blogdofarnesio.com.br\/?p=337670#primaryimage"},"thumbnailUrl":"https:\/\/blogdofarnesio.com.br\/wp-content\/uploads\/2023\/04\/blogqspjua-batalhao-rodoviario-e1680782923563.jpeg","datePublished":"2023-04-06T15:00:39+00:00","breadcrumb":{"@id":"https:\/\/blogdofarnesio.com.br\/?p=337670#breadcrumb"},"inLanguage":"pt-BR","potentialAction":[{"@type":"ReadAction","target":["https:\/\/blogdofarnesio.com.br\/?p=337670"]}]},{"@type":"ImageObject","inLanguage":"pt-BR","@id":"https:\/\/blogdofarnesio.com.br\/?p=337670#primaryimage","url":"https:\/\/blogdofarnesio.com.br\/wp-content\/uploads\/2023\/04\/blogqspjua-batalhao-rodoviario-e1680782923563.jpeg","contentUrl":"https:\/\/blogdofarnesio.com.br\/wp-content\/uploads\/2023\/04\/blogqspjua-batalhao-rodoviario-e1680782923563.jpeg","width":624,"height":468},{"@type":"BreadcrumbList","@id":"https:\/\/blogdofarnesio.com.br\/?p=337670#breadcrumb","itemListElement":[{"@type":"ListItem","position":1,"name":"In\u00edcio","item":"https:\/\/blogdofarnesio.com.br\/"},{"@type":"ListItem","position":2,"name":"Batalh\u00e3o rodovi\u00e1rio da PMBA intensifica fiscaliza\u00e7\u00e3o na BA-210 neste feriado prolongado"}]},{"@type":"WebSite","@id":"https:\/\/blogdofarnesio.com.br\/#website","url":"https:\/\/blogdofarnesio.com.br\/","name":"Blog do Farn\u00e9sio","description":"Quer Saber Pol\u00edtica?","publisher":{"@id":"https:\/\/blogdofarnesio.com.br\/#organization"},"potentialAction":[{"@type":"SearchAction","target":{"@type":"EntryPoint","urlTemplate":"https:\/\/blogdofarnesio.com.br\/?s={search_term_string}"},"query-input":{"@type":"PropertyValueSpecification","valueRequired":true,"valueName":"search_term_string"}}],"inLanguage":"pt-BR"},{"@type":"Organization","@id":"https:\/\/blogdofarnesio.com.br\/#organization","name":"Blog do Farn\u00e9sio","url":"https:\/\/blogdofarnesio.com.br\/","logo":{"@type":"ImageObject","inLanguage":"pt-BR","@id":"https:\/\/blogdofarnesio.com.br\/#\/schema\/logo\/image\/","url":"https:\/\/blogdofarnesio.com.br\/wp-content\/uploads\/2026\/03\/cropped-logo_new-1.png","contentUrl":"https:\/\/blogdofarnesio.com.br\/wp-content\/uploads\/2026\/03\/cropped-logo_new-1.png","width":881,"height":685,"caption":"Blog do Farn\u00e9sio"},"image":{"@id":"https:\/\/blogdofarnesio.com.br\/#\/schema\/logo\/image\/"},"sameAs":["https:\/\/www.facebook.com\/BlogQuerSaberPolitica\/"]},{"@type":"Person","@id":"https:\/\/blogdofarnesio.com.br\/#\/schema\/person\/bb9b23ae3ad0609ce8df7b6c9e76824d","name":"Farn\u00e9sio","image":{"@type":"ImageObject","inLanguage":"pt-BR","@id":"https:\/\/secure.gravatar.com\/avatar\/986aa4c61ccdb66f8555bf88fc2a65609d00bcabd4d2d94377a727547345cbca?s=96&d=mm&r=g","url":"https:\/\/secure.gravatar.com\/avatar\/986aa4c61ccdb66f8555bf88fc2a65609d00bcabd4d2d94377a727547345cbca?s=96&d=mm&r=g","contentUrl":"https:\/\/secure.gravatar.com\/avatar\/986aa4c61ccdb66f8555bf88fc2a65609d00bcabd4d2d94377a727547345cbca?s=96&d=mm&r=g","caption":"Farn\u00e9sio"},"description":"Radialista blogueiro, chegou a Petrolina\/Juazeiro em setembro de 1980, Farn\u00e9sio Silva \u00e9 de Arapiraca-Alagoas.","sameAs":["http:\/\/blogdofarnesio.com.br","https:\/\/www.facebook.com\/?ref=tn_tnmn","https:\/\/www.instagram.com\/?utm_source=pwa_homescreen","https:\/\/youtube.com.br\/"],"url":"https:\/\/blogdofarnesio.com.br\/?author=2"}]}},"_links":{"self":[{"href":"https:\/\/blogdofarnesio.com.br\/index.php?rest_route=\/wp\/v2\/posts\/337670","targetHints":{"allow":["GET"]}}],"collection":[{"href":"https:\/\/blogdofarnesio.com.br\/index.php?rest_route=\/wp\/v2\/posts"}],"about":[{"href":"https:\/\/blogdofarnesio.com.br\/index.php?rest_route=\/wp\/v2\/types\/post"}],"author":[{"embeddable":true,"href":"https:\/\/blogdofarnesio.com.br\/index.php?rest_route=\/wp\/v2\/users\/2"}],"replies":[{"embeddable":true,"href":"https:\/\/blogdofarnesio.com.br\/index.php?rest_route=%2Fwp%2Fv2%2Fcomments&post=337670"}],"version-history":[{"count":0,"href":"https:\/\/blogdofarnesio.com.br\/index.php?rest_route=\/wp\/v2\/posts\/337670\/revisions"}],"wp:featuredmedia":[{"embeddable":true,"href":"https:\/\/blogdofarnesio.com.br\/index.php?rest_route=\/wp\/v2\/media\/337671"}],"wp:attachment":[{"href":"https:\/\/blogdofarnesio.com.br\/index.php?rest_route=%2Fwp%2Fv2%2Fmedia&parent=337670"}],"wp:term":[{"taxonomy":"category","embeddable":true,"href":"https:\/\/blogdofarnesio.com.br\/index.php?rest_route=%2Fwp%2Fv2%2Fcategories&post=337670"},{"taxonomy":"post_tag","embeddable":true,"href":"https:\/\/blogdofarnesio.com.br\/index.php?rest_route=%2Fwp%2Fv2%2Ftags&post=337670"}],"curies":[{"name":"wp","href":"https:\/\/api.w.org\/{rel}","templated":true}]}}