{"id":336855,"date":"2023-05-26T16:04:52","date_gmt":"2023-05-26T19:04:52","guid":{"rendered":"https:\/\/blogdofarnesio.com.br\/?p=336855"},"modified":"2023-05-26T13:50:21","modified_gmt":"2023-05-26T16:50:21","slug":"maior-evento-de-controle-biologico-da-america-latina-sera-sediado-em-juazeiro-ba-2","status":"publish","type":"post","link":"https:\/\/blogdofarnesio.com.br\/?p=336855","title":{"rendered":"Maior evento de controle biol\u00f3gico da Am\u00e9rica Latina ser\u00e1 sediado em Juazeiro-BA"},"content":{"rendered":"<div>\n<p><span style=\"font-family: Arial, sans-serif;\">A cidade de Juazeiro, na Bahia, ser\u00e1 a sede do <\/span><a href=\"http:\/\/www.siconbiol.com.br\/\" target=\"_blank\" rel=\"noopener\" data-saferedirecturl=\"https:\/\/www.google.com\/url?q=http:\/\/www.siconbiol.com.br\/&amp;source=gmail&amp;ust=1680013262260000&amp;usg=AOvVaw15FrY4qTWf6agfxvqcHdj2\"><span style=\"color: #3a74b0;\"><span style=\"font-family: Arial, sans-serif;\">17\u00b0 Simp\u00f3sio de Controle Biol\u00f3gico (Siconbiol) e 2\u00b0 Latino-Americano de Controle Biol\u00f3gico (Slacb)<\/span><\/span><\/a><span style=\"font-family: Arial, sans-serif;\">. O evento\u00a0<\/span><span style=\"color: #000000;\"><span style=\"font-family: Arial, sans-serif;\">acontece entre os dias 23 e 27 de Julho de 2023, com realiza\u00e7\u00e3o d<\/span><\/span><span style=\"font-family: Arial, sans-serif;\">a\u00a0<\/span><a href=\"https:\/\/www.embrapa.br\/semiarido\" target=\"_blank\" rel=\"noopener\" data-saferedirecturl=\"https:\/\/www.google.com\/url?q=https:\/\/www.embrapa.br\/semiarido&amp;source=gmail&amp;ust=1680013262260000&amp;usg=AOvVaw1D_L7OhIvpWGe9STOFd3ai\"><span style=\"color: #3a74b0;\"><span style=\"font-family: Arial, sans-serif;\">Embrapa Semi\u00e1rido<\/span><\/span><\/a><span style=\"font-family: Arial, sans-serif;\">\u00a0e\u00a0<\/span><a href=\"https:\/\/portais.univasf.edu.br\/\" target=\"_blank\" rel=\"noopener\" data-saferedirecturl=\"https:\/\/www.google.com\/url?q=https:\/\/portais.univasf.edu.br\/&amp;source=gmail&amp;ust=1680013262260000&amp;usg=AOvVaw15ykMusDJkbUWROYj2xYA-\"><span style=\"color: #3a74b0;\"><span style=\"font-family: Arial, sans-serif;\">Universidade Federal do Vale do S\u00e3o Francisco<\/span><\/span><\/a><span style=\"font-family: Arial, sans-serif;\">\u00a0(Univasf). As inscri\u00e7\u00f5es com valor reduzido podem ser feitas at\u00e9 o dia 20 de abril e a submiss\u00e3o de trabalhos est\u00e1 aberta at\u00e9 30 de abril.<\/span><\/p>\n<\/div>\n<div>\n<p><span style=\"color: #333333;\"><span style=\"font-family: Arial, sans-serif;\">O Siconbiol \u00e9 o maior evento da \u00e1rea na Am\u00e9rica Latina, promovido a cada dois anos pela\u00a0<\/span><\/span><a href=\"https:\/\/www.seb.org.br\/\" target=\"_blank\" rel=\"noopener\" data-saferedirecturl=\"https:\/\/www.google.com\/url?q=https:\/\/www.seb.org.br\/&amp;source=gmail&amp;ust=1680013262260000&amp;usg=AOvVaw2cSw3XBd42C1L5S-pSJ6z7\"><span style=\"color: #3a74b0;\"><span style=\"font-family: Arial, sans-serif;\">Sociedade Entomol\u00f3gica do Brasil<\/span><\/span><\/a><span style=\"color: #333333;\"><span style=\"font-family: Arial, sans-serif;\">\u00a0(SEB). Desde a sua primeira edi\u00e7\u00e3o, em 1988, esta \u00e9 a segunda vez que o evento ser\u00e1 realizado no Nordeste e a primeira vez no Semi\u00e1rido. J\u00e1 o Slacb \u00e9 um evento da\u00a0<\/span><\/span><a href=\"https:\/\/www.iobc-global.org\/\" target=\"_blank\" rel=\"noopener\" data-saferedirecturl=\"https:\/\/www.google.com\/url?q=https:\/\/www.iobc-global.org\/&amp;source=gmail&amp;ust=1680013262260000&amp;usg=AOvVaw1ismTaxx_-zEoW49PgwjrS\"><span style=\"color: #3a74b0;\"><span style=\"font-family: Arial, sans-serif;\">International Organisation for Biological Control<\/span><\/span><\/a><span style=\"color: #333333;\"><span style=\"font-family: Arial, sans-serif;\">\u00a0(IOBC NTRS) e teve a sua primeira edi\u00e7\u00e3o em 2019, realizada em Chill\u00e1n, no Chile.<\/span><\/span><\/p>\n<p><span style=\"color: #333333;\"><span style=\"font-family: Arial, sans-serif;\">O controle biol\u00f3gico \u00e9 uma \u00e1rea em grande crescimento no Brasil e no mundo. A aplica\u00e7\u00e3o dessa estrat\u00e9gia se d\u00e1 com o uso de um organismo vivo ben\u00e9fico para o controle de outro organismo que pode causar preju\u00edzos \u00e0 agricultura, pecu\u00e1ria ou mesmo a sa\u00fade humana. Esses agentes de controle biol\u00f3gico podem ser macro-organismos, como parasitoides ou predadores, ou microrganimos, como bact\u00e9rias, fungos, v\u00edrus, nematoides e protozo\u00e1rios. \u201c\u00c9 um m\u00e9todo de controle sustent\u00e1vel, inofensivo ao meio ambiente e \u00e0 sa\u00fade da popula\u00e7\u00e3o e, diferentemente dos agroqu\u00edmicos sint\u00e9ticos, n\u00e3o deixa res\u00edduos nos alimentos&#8221;, explica o pesquisador da Embrapa Tiago Costa Lima, presidente do 17\u00b0 Siconbiol e 2\u00ba Slacb.<\/span><\/span><\/p>\n<p><span style=\"color: #333333;\"><span style=\"font-family: Arial, sans-serif;\">Como reflexo da ascens\u00e3o do setor, o evento ter\u00e1 a participa\u00e7\u00e3o de 18 empresas que ir\u00e3o expor suas tecnologias na \u00e1rea de bioinsumos, n\u00famero recorde para o evento. Al\u00e9m do p\u00fablico acad\u00eamico, o evento tamb\u00e9m passa a atrair consultores, produtores e demais profissionais interessados no uso do controle biol\u00f3gico ou na possibilidade de investimento no setor. \u201cAcreditamos que ser\u00e1 um evento marcado pela composi\u00e7\u00e3o de um p\u00fablico plural, da academia aos usu\u00e1rios das tecnologias de insumos biol\u00f3gicos\u201d, destaca Costa Lima.<\/span><\/span><\/p>\n<p><span style=\"color: #333333;\"><span style=\"font-family: Arial, sans-serif;\">Durante os cinco dias do evento, ser\u00e3o realizadas 17 palestras, 16 mini-palestras e 27 mesas-redondas, com at\u00e9 cinco sess\u00f5es simult\u00e2neas. Ser\u00e3o 125 palestrantes provenientes de quase todos os estados brasileiros e de pa\u00edses como Chile, M\u00e9xico, Uruguai, Col\u00f4mbia, Estados Unidos, Fran\u00e7a, Portugal, Espanha e \u00c1ustria.<\/span><\/span><\/p>\n<p><span style=\"color: #333333;\"><span style=\"font-family: Arial, sans-serif;\">A professora Rita de C\u00e1ssia Gerv\u00e1sio, da Univasf, vice-presidente do evento e coordenadora da comiss\u00e3o cient\u00edfica, ressalta a diversidade da programa\u00e7\u00e3o. \u201cBuscamos abordar todas as \u00e1reas do controle biol\u00f3gico e com temas que sejam de interesse para os diferentes p\u00fablicos\u201d.<\/span><\/span><\/p>\n<p><span style=\"color: #333333;\"><span style=\"font-family: Arial, sans-serif;\">Para os profissionais que trabalham diretamente em \u00e1reas de produ\u00e7\u00e3o agr\u00edcola, haver\u00e1 uma programa\u00e7\u00e3o composta principalmente de controle biol\u00f3gico aplicado. Tamb\u00e9m ser\u00e3o estimulados os novos empreendimentos do setor, em iniciativa que ir\u00e1 selecionar 10 startups para apresentarem suas a\u00e7\u00f5es para um p\u00fablico selecionado de empres\u00e1rios do setor agr\u00edcola e de grandes empresas de bioinsumos. O evento ainda ter\u00e1 concurso para estudantes de gradua\u00e7\u00e3o e p\u00f3s-gradua\u00e7\u00e3o e concurso de fotografias e v\u00eddeos.<\/span><\/span><\/p>\n<p><span style=\"color: #333333;\"><span style=\"font-family: Arial, sans-serif;\">A realiza\u00e7\u00e3o de inscri\u00e7\u00f5es e submiss\u00e3o de trabalhos s\u00e3o feitas pelo site\u00a0<\/span><\/span><a href=\"http:\/\/www.siconbiol.com.br\/\" target=\"_blank\" rel=\"noopener\" data-saferedirecturl=\"https:\/\/www.google.com\/url?q=http:\/\/www.siconbiol.com.br\/&amp;source=gmail&amp;ust=1680013262260000&amp;usg=AOvVaw15FrY4qTWf6agfxvqcHdj2\"><span style=\"color: #3a74b0;\"><span style=\"font-family: Arial, sans-serif;\">www.siconbiol.com.br<\/span><\/span><\/a><span style=\"color: #333333;\"><span style=\"font-family: Arial, sans-serif;\">, onde tamb\u00e9m podem ser encontradas mais informa\u00e7\u00f5es sobre a programa\u00e7\u00e3o e o evento.<\/span><\/span><\/p>\n<p><u><b><span style=\"color: #333333;\"><span style=\"font-family: Arial, sans-serif;\">Servi\u00e7o:<\/span><\/span><\/b><\/u><\/p>\n<p><span style=\"color: #333333;\"><span style=\"font-family: Arial, sans-serif;\"><b>O que<\/b><\/span><\/span><span style=\"color: #000000;\"><span style=\"font-family: Arial, sans-serif;\"><b>:<\/b><\/span><\/span><span style=\"color: #000000;\"><span style=\"font-family: Arial, sans-serif;\">\u00a0<\/span><\/span><span style=\"color: #000000;\"><span style=\"font-family: Arial, sans-serif;\">17\u00b0 Simp\u00f3sio de Controle Biol\u00f3gico (Siconbiol) e 2\u00b0 Latino-Americano de Controle Biol\u00f3gico (Slacb)<\/span><\/span><\/p>\n<p><span style=\"color: #333333;\"><span style=\"font-family: Arial, sans-serif;\"><b>Quando:<\/b><\/span><\/span><span style=\"color: #333333;\"><span style=\"font-family: Arial, sans-serif;\">\u00a0<\/span><\/span><span style=\"color: #000000;\"><span style=\"font-family: Arial, sans-serif;\">23 e 27 de Julho de 2023<\/span><\/span><\/p>\n<p><span style=\"color: #333333;\"><span style=\"font-family: Arial, sans-serif;\"><b>Onde:<\/b><\/span><\/span><span style=\"color: #333333;\"><span style=\"font-family: Arial, sans-serif;\">\u00a0<\/span><\/span><span style=\"color: #333333;\"><span style=\"font-family: Arial, sans-serif;\">Complexo Multieventos<\/span><\/span><span style=\"color: #333333;\"><span style=\"font-family: Arial, sans-serif;\">\u00a0da Univasf &#8211; Juazeiro-BA<\/span><\/span><\/p>\n<p><span style=\"color: #333333;\"><span style=\"font-family: Arial, sans-serif;\"><b>Inscri\u00e7\u00f5es:<\/b><\/span><\/span><span style=\"color: #333333;\"><span style=\"font-family: Arial, sans-serif;\">\u00a0<\/span><\/span><a href=\"http:\/\/www.siconbiol.com.br\/\" target=\"_blank\" rel=\"noopener\" data-saferedirecturl=\"https:\/\/www.google.com\/url?q=http:\/\/www.siconbiol.com.br\/&amp;source=gmail&amp;ust=1680013262260000&amp;usg=AOvVaw15FrY4qTWf6agfxvqcHdj2\"><span style=\"color: #3a74b0;\"><span style=\"font-family: Arial, sans-serif;\">www.siconbiol.com.br<\/span><\/span><\/a><\/p>\n<\/div>\n","protected":false},"excerpt":{"rendered":"<p>A cidade de Juazeiro, na Bahia, ser\u00e1 a sede do 17\u00b0 Simp\u00f3sio de Controle Biol\u00f3gico (Siconbiol) e 2\u00b0 Latino-Americano de Controle Biol\u00f3gico (Slacb). O evento\u00a0acontece entre os dias 23 e 27 de Julho de 2023, com realiza\u00e7\u00e3o da\u00a0Embrapa Semi\u00e1rido\u00a0e\u00a0Universidade Federal do Vale do S\u00e3o Francisco\u00a0(Univasf). As inscri\u00e7\u00f5es com valor reduzido podem ser feitas at\u00e9 o dia 20 de abril e a submiss\u00e3o de trabalhos est\u00e1 aberta at\u00e9 30 de abril. O Siconbiol \u00e9 o maior evento da \u00e1rea na Am\u00e9rica Latina, promovido a cada dois anos pela\u00a0Sociedade Entomol\u00f3gica do Brasil\u00a0(SEB). Desde a sua primeira edi\u00e7\u00e3o, em 1988, esta \u00e9 a segunda vez que o evento ser\u00e1 realizado no Nordeste e a primeira vez no Semi\u00e1rido. J\u00e1 o Slacb \u00e9 um&hellip; <\/p>\n","protected":false},"author":2,"featured_media":336853,"comment_status":"open","ping_status":"open","sticky":false,"template":"","format":"standard","meta":{"_acf_changed":false,"footnotes":""},"categories":[43],"tags":[],"class_list":["post-336855","post","type-post","status-publish","format-standard","has-post-thumbnail","hentry","category-sem-categoria"],"acf":[],"yoast_head":"<!-- This site is optimized with the Yoast SEO plugin v27.4 - https:\/\/yoast.com\/product\/yoast-seo-wordpress\/ -->\n<title>Maior evento de controle biol\u00f3gico da Am\u00e9rica Latina ser\u00e1 sediado em Juazeiro-BA - Blog do Farn\u00e9sio<\/title>\n<meta name=\"robots\" content=\"index, follow, max-snippet:-1, max-image-preview:large, max-video-preview:-1\" \/>\n<link rel=\"canonical\" href=\"https:\/\/blogdofarnesio.com.br\/?p=336855\" \/>\n<meta property=\"og:locale\" content=\"pt_BR\" \/>\n<meta property=\"og:type\" content=\"article\" \/>\n<meta property=\"og:title\" content=\"Maior evento de controle biol\u00f3gico da Am\u00e9rica Latina ser\u00e1 sediado em Juazeiro-BA - Blog do Farn\u00e9sio\" \/>\n<meta property=\"og:description\" content=\"A cidade de Juazeiro, na Bahia, ser\u00e1 a sede do 17\u00b0 Simp\u00f3sio de Controle Biol\u00f3gico (Siconbiol) e 2\u00b0 Latino-Americano de Controle Biol\u00f3gico (Slacb). O evento\u00a0acontece entre os dias 23 e 27 de Julho de 2023, com realiza\u00e7\u00e3o da\u00a0Embrapa Semi\u00e1rido\u00a0e\u00a0Universidade Federal do Vale do S\u00e3o Francisco\u00a0(Univasf). As inscri\u00e7\u00f5es com valor reduzido podem ser feitas at\u00e9 o dia 20 de abril e a submiss\u00e3o de trabalhos est\u00e1 aberta at\u00e9 30 de abril. O Siconbiol \u00e9 o maior evento da \u00e1rea na Am\u00e9rica Latina, promovido a cada dois anos pela\u00a0Sociedade Entomol\u00f3gica do Brasil\u00a0(SEB). Desde a sua primeira edi\u00e7\u00e3o, em 1988, esta \u00e9 a segunda vez que o evento ser\u00e1 realizado no Nordeste e a primeira vez no Semi\u00e1rido. J\u00e1 o Slacb \u00e9 um&hellip;\" \/>\n<meta property=\"og:url\" content=\"https:\/\/blogdofarnesio.com.br\/?p=336855\" \/>\n<meta property=\"og:site_name\" content=\"Blog do Farn\u00e9sio\" \/>\n<meta property=\"article:publisher\" content=\"https:\/\/www.facebook.com\/BlogQuerSaberPolitica\/\" \/>\n<meta property=\"article:author\" content=\"https:\/\/www.facebook.com\/?ref=tn_tnmn\" \/>\n<meta property=\"article:published_time\" content=\"2023-05-26T19:04:52+00:00\" \/>\n<meta property=\"og:image\" content=\"https:\/\/blogdofarnesio.com.br\/wp-content\/uploads\/2023\/03\/Banner_Siconbiol-e1679927202701.jpeg\" \/>\n\t<meta property=\"og:image:width\" content=\"701\" \/>\n\t<meta property=\"og:image:height\" content=\"171\" \/>\n\t<meta property=\"og:image:type\" content=\"image\/jpeg\" \/>\n<meta name=\"author\" content=\"Farn\u00e9sio\" \/>\n<meta name=\"twitter:card\" content=\"summary_large_image\" \/>\n<meta name=\"twitter:label1\" content=\"Escrito por\" \/>\n\t<meta name=\"twitter:data1\" content=\"Farn\u00e9sio\" \/>\n\t<meta name=\"twitter:label2\" content=\"Est. tempo de leitura\" \/>\n\t<meta name=\"twitter:data2\" content=\"4 minutos\" \/>\n<script type=\"application\/ld+json\" class=\"yoast-schema-graph\">{\"@context\":\"https:\\\/\\\/schema.org\",\"@graph\":[{\"@type\":\"Article\",\"@id\":\"https:\\\/\\\/blogdofarnesio.com.br\\\/?p=336855#article\",\"isPartOf\":{\"@id\":\"https:\\\/\\\/blogdofarnesio.com.br\\\/?p=336855\"},\"author\":{\"name\":\"Farn\u00e9sio\",\"@id\":\"https:\\\/\\\/blogdofarnesio.com.br\\\/#\\\/schema\\\/person\\\/bb9b23ae3ad0609ce8df7b6c9e76824d\"},\"headline\":\"Maior evento de controle biol\u00f3gico da Am\u00e9rica Latina ser\u00e1 sediado em Juazeiro-BA\",\"datePublished\":\"2023-05-26T19:04:52+00:00\",\"mainEntityOfPage\":{\"@id\":\"https:\\\/\\\/blogdofarnesio.com.br\\\/?p=336855\"},\"wordCount\":630,\"commentCount\":0,\"publisher\":{\"@id\":\"https:\\\/\\\/blogdofarnesio.com.br\\\/#organization\"},\"image\":{\"@id\":\"https:\\\/\\\/blogdofarnesio.com.br\\\/?p=336855#primaryimage\"},\"thumbnailUrl\":\"https:\\\/\\\/blogdofarnesio.com.br\\\/wp-content\\\/uploads\\\/2023\\\/03\\\/Banner_Siconbiol-e1679927202701.jpeg\",\"inLanguage\":\"pt-BR\",\"potentialAction\":[{\"@type\":\"CommentAction\",\"name\":\"Comment\",\"target\":[\"https:\\\/\\\/blogdofarnesio.com.br\\\/?p=336855#respond\"]}]},{\"@type\":\"WebPage\",\"@id\":\"https:\\\/\\\/blogdofarnesio.com.br\\\/?p=336855\",\"url\":\"https:\\\/\\\/blogdofarnesio.com.br\\\/?p=336855\",\"name\":\"Maior evento de controle biol\u00f3gico da Am\u00e9rica Latina ser\u00e1 sediado em Juazeiro-BA - Blog do Farn\u00e9sio\",\"isPartOf\":{\"@id\":\"https:\\\/\\\/blogdofarnesio.com.br\\\/#website\"},\"primaryImageOfPage\":{\"@id\":\"https:\\\/\\\/blogdofarnesio.com.br\\\/?p=336855#primaryimage\"},\"image\":{\"@id\":\"https:\\\/\\\/blogdofarnesio.com.br\\\/?p=336855#primaryimage\"},\"thumbnailUrl\":\"https:\\\/\\\/blogdofarnesio.com.br\\\/wp-content\\\/uploads\\\/2023\\\/03\\\/Banner_Siconbiol-e1679927202701.jpeg\",\"datePublished\":\"2023-05-26T19:04:52+00:00\",\"breadcrumb\":{\"@id\":\"https:\\\/\\\/blogdofarnesio.com.br\\\/?p=336855#breadcrumb\"},\"inLanguage\":\"pt-BR\",\"potentialAction\":[{\"@type\":\"ReadAction\",\"target\":[\"https:\\\/\\\/blogdofarnesio.com.br\\\/?p=336855\"]}]},{\"@type\":\"ImageObject\",\"inLanguage\":\"pt-BR\",\"@id\":\"https:\\\/\\\/blogdofarnesio.com.br\\\/?p=336855#primaryimage\",\"url\":\"https:\\\/\\\/blogdofarnesio.com.br\\\/wp-content\\\/uploads\\\/2023\\\/03\\\/Banner_Siconbiol-e1679927202701.jpeg\",\"contentUrl\":\"https:\\\/\\\/blogdofarnesio.com.br\\\/wp-content\\\/uploads\\\/2023\\\/03\\\/Banner_Siconbiol-e1679927202701.jpeg\",\"width\":701,\"height\":171},{\"@type\":\"BreadcrumbList\",\"@id\":\"https:\\\/\\\/blogdofarnesio.com.br\\\/?p=336855#breadcrumb\",\"itemListElement\":[{\"@type\":\"ListItem\",\"position\":1,\"name\":\"In\u00edcio\",\"item\":\"https:\\\/\\\/blogdofarnesio.com.br\\\/\"},{\"@type\":\"ListItem\",\"position\":2,\"name\":\"Maior evento de controle biol\u00f3gico da Am\u00e9rica Latina ser\u00e1 sediado em Juazeiro-BA\"}]},{\"@type\":\"WebSite\",\"@id\":\"https:\\\/\\\/blogdofarnesio.com.br\\\/#website\",\"url\":\"https:\\\/\\\/blogdofarnesio.com.br\\\/\",\"name\":\"Blog do Farn\u00e9sio\",\"description\":\"Quer Saber Pol\u00edtica?\",\"publisher\":{\"@id\":\"https:\\\/\\\/blogdofarnesio.com.br\\\/#organization\"},\"potentialAction\":[{\"@type\":\"SearchAction\",\"target\":{\"@type\":\"EntryPoint\",\"urlTemplate\":\"https:\\\/\\\/blogdofarnesio.com.br\\\/?s={search_term_string}\"},\"query-input\":{\"@type\":\"PropertyValueSpecification\",\"valueRequired\":true,\"valueName\":\"search_term_string\"}}],\"inLanguage\":\"pt-BR\"},{\"@type\":\"Organization\",\"@id\":\"https:\\\/\\\/blogdofarnesio.com.br\\\/#organization\",\"name\":\"Blog do Farn\u00e9sio\",\"url\":\"https:\\\/\\\/blogdofarnesio.com.br\\\/\",\"logo\":{\"@type\":\"ImageObject\",\"inLanguage\":\"pt-BR\",\"@id\":\"https:\\\/\\\/blogdofarnesio.com.br\\\/#\\\/schema\\\/logo\\\/image\\\/\",\"url\":\"https:\\\/\\\/blogdofarnesio.com.br\\\/wp-content\\\/uploads\\\/2026\\\/03\\\/cropped-logo_new-1.png\",\"contentUrl\":\"https:\\\/\\\/blogdofarnesio.com.br\\\/wp-content\\\/uploads\\\/2026\\\/03\\\/cropped-logo_new-1.png\",\"width\":881,\"height\":685,\"caption\":\"Blog do Farn\u00e9sio\"},\"image\":{\"@id\":\"https:\\\/\\\/blogdofarnesio.com.br\\\/#\\\/schema\\\/logo\\\/image\\\/\"},\"sameAs\":[\"https:\\\/\\\/www.facebook.com\\\/BlogQuerSaberPolitica\\\/\"]},{\"@type\":\"Person\",\"@id\":\"https:\\\/\\\/blogdofarnesio.com.br\\\/#\\\/schema\\\/person\\\/bb9b23ae3ad0609ce8df7b6c9e76824d\",\"name\":\"Farn\u00e9sio\",\"image\":{\"@type\":\"ImageObject\",\"inLanguage\":\"pt-BR\",\"@id\":\"https:\\\/\\\/secure.gravatar.com\\\/avatar\\\/986aa4c61ccdb66f8555bf88fc2a65609d00bcabd4d2d94377a727547345cbca?s=96&d=mm&r=g\",\"url\":\"https:\\\/\\\/secure.gravatar.com\\\/avatar\\\/986aa4c61ccdb66f8555bf88fc2a65609d00bcabd4d2d94377a727547345cbca?s=96&d=mm&r=g\",\"contentUrl\":\"https:\\\/\\\/secure.gravatar.com\\\/avatar\\\/986aa4c61ccdb66f8555bf88fc2a65609d00bcabd4d2d94377a727547345cbca?s=96&d=mm&r=g\",\"caption\":\"Farn\u00e9sio\"},\"description\":\"Radialista blogueiro, chegou a Petrolina\\\/Juazeiro em setembro de 1980, Farn\u00e9sio Silva \u00e9 de Arapiraca-Alagoas.\",\"sameAs\":[\"http:\\\/\\\/blogdofarnesio.com.br\",\"https:\\\/\\\/www.facebook.com\\\/?ref=tn_tnmn\",\"https:\\\/\\\/www.instagram.com\\\/?utm_source=pwa_homescreen\",\"https:\\\/\\\/youtube.com.br\\\/\"],\"url\":\"https:\\\/\\\/blogdofarnesio.com.br\\\/?author=2\"}]}<\/script>\n<!-- \/ Yoast SEO plugin. -->","yoast_head_json":{"title":"Maior evento de controle biol\u00f3gico da Am\u00e9rica Latina ser\u00e1 sediado em Juazeiro-BA - Blog do Farn\u00e9sio","robots":{"index":"index","follow":"follow","max-snippet":"max-snippet:-1","max-image-preview":"max-image-preview:large","max-video-preview":"max-video-preview:-1"},"canonical":"https:\/\/blogdofarnesio.com.br\/?p=336855","og_locale":"pt_BR","og_type":"article","og_title":"Maior evento de controle biol\u00f3gico da Am\u00e9rica Latina ser\u00e1 sediado em Juazeiro-BA - Blog do Farn\u00e9sio","og_description":"A cidade de Juazeiro, na Bahia, ser\u00e1 a sede do 17\u00b0 Simp\u00f3sio de Controle Biol\u00f3gico (Siconbiol) e 2\u00b0 Latino-Americano de Controle Biol\u00f3gico (Slacb). O evento\u00a0acontece entre os dias 23 e 27 de Julho de 2023, com realiza\u00e7\u00e3o da\u00a0Embrapa Semi\u00e1rido\u00a0e\u00a0Universidade Federal do Vale do S\u00e3o Francisco\u00a0(Univasf). As inscri\u00e7\u00f5es com valor reduzido podem ser feitas at\u00e9 o dia 20 de abril e a submiss\u00e3o de trabalhos est\u00e1 aberta at\u00e9 30 de abril. O Siconbiol \u00e9 o maior evento da \u00e1rea na Am\u00e9rica Latina, promovido a cada dois anos pela\u00a0Sociedade Entomol\u00f3gica do Brasil\u00a0(SEB). Desde a sua primeira edi\u00e7\u00e3o, em 1988, esta \u00e9 a segunda vez que o evento ser\u00e1 realizado no Nordeste e a primeira vez no Semi\u00e1rido. J\u00e1 o Slacb \u00e9 um&hellip;","og_url":"https:\/\/blogdofarnesio.com.br\/?p=336855","og_site_name":"Blog do Farn\u00e9sio","article_publisher":"https:\/\/www.facebook.com\/BlogQuerSaberPolitica\/","article_author":"https:\/\/www.facebook.com\/?ref=tn_tnmn","article_published_time":"2023-05-26T19:04:52+00:00","og_image":[{"width":701,"height":171,"url":"https:\/\/blogdofarnesio.com.br\/wp-content\/uploads\/2023\/03\/Banner_Siconbiol-e1679927202701.jpeg","type":"image\/jpeg"}],"author":"Farn\u00e9sio","twitter_card":"summary_large_image","twitter_misc":{"Escrito por":"Farn\u00e9sio","Est. tempo de leitura":"4 minutos"},"schema":{"@context":"https:\/\/schema.org","@graph":[{"@type":"Article","@id":"https:\/\/blogdofarnesio.com.br\/?p=336855#article","isPartOf":{"@id":"https:\/\/blogdofarnesio.com.br\/?p=336855"},"author":{"name":"Farn\u00e9sio","@id":"https:\/\/blogdofarnesio.com.br\/#\/schema\/person\/bb9b23ae3ad0609ce8df7b6c9e76824d"},"headline":"Maior evento de controle biol\u00f3gico da Am\u00e9rica Latina ser\u00e1 sediado em Juazeiro-BA","datePublished":"2023-05-26T19:04:52+00:00","mainEntityOfPage":{"@id":"https:\/\/blogdofarnesio.com.br\/?p=336855"},"wordCount":630,"commentCount":0,"publisher":{"@id":"https:\/\/blogdofarnesio.com.br\/#organization"},"image":{"@id":"https:\/\/blogdofarnesio.com.br\/?p=336855#primaryimage"},"thumbnailUrl":"https:\/\/blogdofarnesio.com.br\/wp-content\/uploads\/2023\/03\/Banner_Siconbiol-e1679927202701.jpeg","inLanguage":"pt-BR","potentialAction":[{"@type":"CommentAction","name":"Comment","target":["https:\/\/blogdofarnesio.com.br\/?p=336855#respond"]}]},{"@type":"WebPage","@id":"https:\/\/blogdofarnesio.com.br\/?p=336855","url":"https:\/\/blogdofarnesio.com.br\/?p=336855","name":"Maior evento de controle biol\u00f3gico da Am\u00e9rica Latina ser\u00e1 sediado em Juazeiro-BA - Blog do Farn\u00e9sio","isPartOf":{"@id":"https:\/\/blogdofarnesio.com.br\/#website"},"primaryImageOfPage":{"@id":"https:\/\/blogdofarnesio.com.br\/?p=336855#primaryimage"},"image":{"@id":"https:\/\/blogdofarnesio.com.br\/?p=336855#primaryimage"},"thumbnailUrl":"https:\/\/blogdofarnesio.com.br\/wp-content\/uploads\/2023\/03\/Banner_Siconbiol-e1679927202701.jpeg","datePublished":"2023-05-26T19:04:52+00:00","breadcrumb":{"@id":"https:\/\/blogdofarnesio.com.br\/?p=336855#breadcrumb"},"inLanguage":"pt-BR","potentialAction":[{"@type":"ReadAction","target":["https:\/\/blogdofarnesio.com.br\/?p=336855"]}]},{"@type":"ImageObject","inLanguage":"pt-BR","@id":"https:\/\/blogdofarnesio.com.br\/?p=336855#primaryimage","url":"https:\/\/blogdofarnesio.com.br\/wp-content\/uploads\/2023\/03\/Banner_Siconbiol-e1679927202701.jpeg","contentUrl":"https:\/\/blogdofarnesio.com.br\/wp-content\/uploads\/2023\/03\/Banner_Siconbiol-e1679927202701.jpeg","width":701,"height":171},{"@type":"BreadcrumbList","@id":"https:\/\/blogdofarnesio.com.br\/?p=336855#breadcrumb","itemListElement":[{"@type":"ListItem","position":1,"name":"In\u00edcio","item":"https:\/\/blogdofarnesio.com.br\/"},{"@type":"ListItem","position":2,"name":"Maior evento de controle biol\u00f3gico da Am\u00e9rica Latina ser\u00e1 sediado em Juazeiro-BA"}]},{"@type":"WebSite","@id":"https:\/\/blogdofarnesio.com.br\/#website","url":"https:\/\/blogdofarnesio.com.br\/","name":"Blog do Farn\u00e9sio","description":"Quer Saber Pol\u00edtica?","publisher":{"@id":"https:\/\/blogdofarnesio.com.br\/#organization"},"potentialAction":[{"@type":"SearchAction","target":{"@type":"EntryPoint","urlTemplate":"https:\/\/blogdofarnesio.com.br\/?s={search_term_string}"},"query-input":{"@type":"PropertyValueSpecification","valueRequired":true,"valueName":"search_term_string"}}],"inLanguage":"pt-BR"},{"@type":"Organization","@id":"https:\/\/blogdofarnesio.com.br\/#organization","name":"Blog do Farn\u00e9sio","url":"https:\/\/blogdofarnesio.com.br\/","logo":{"@type":"ImageObject","inLanguage":"pt-BR","@id":"https:\/\/blogdofarnesio.com.br\/#\/schema\/logo\/image\/","url":"https:\/\/blogdofarnesio.com.br\/wp-content\/uploads\/2026\/03\/cropped-logo_new-1.png","contentUrl":"https:\/\/blogdofarnesio.com.br\/wp-content\/uploads\/2026\/03\/cropped-logo_new-1.png","width":881,"height":685,"caption":"Blog do Farn\u00e9sio"},"image":{"@id":"https:\/\/blogdofarnesio.com.br\/#\/schema\/logo\/image\/"},"sameAs":["https:\/\/www.facebook.com\/BlogQuerSaberPolitica\/"]},{"@type":"Person","@id":"https:\/\/blogdofarnesio.com.br\/#\/schema\/person\/bb9b23ae3ad0609ce8df7b6c9e76824d","name":"Farn\u00e9sio","image":{"@type":"ImageObject","inLanguage":"pt-BR","@id":"https:\/\/secure.gravatar.com\/avatar\/986aa4c61ccdb66f8555bf88fc2a65609d00bcabd4d2d94377a727547345cbca?s=96&d=mm&r=g","url":"https:\/\/secure.gravatar.com\/avatar\/986aa4c61ccdb66f8555bf88fc2a65609d00bcabd4d2d94377a727547345cbca?s=96&d=mm&r=g","contentUrl":"https:\/\/secure.gravatar.com\/avatar\/986aa4c61ccdb66f8555bf88fc2a65609d00bcabd4d2d94377a727547345cbca?s=96&d=mm&r=g","caption":"Farn\u00e9sio"},"description":"Radialista blogueiro, chegou a Petrolina\/Juazeiro em setembro de 1980, Farn\u00e9sio Silva \u00e9 de Arapiraca-Alagoas.","sameAs":["http:\/\/blogdofarnesio.com.br","https:\/\/www.facebook.com\/?ref=tn_tnmn","https:\/\/www.instagram.com\/?utm_source=pwa_homescreen","https:\/\/youtube.com.br\/"],"url":"https:\/\/blogdofarnesio.com.br\/?author=2"}]}},"_links":{"self":[{"href":"https:\/\/blogdofarnesio.com.br\/index.php?rest_route=\/wp\/v2\/posts\/336855","targetHints":{"allow":["GET"]}}],"collection":[{"href":"https:\/\/blogdofarnesio.com.br\/index.php?rest_route=\/wp\/v2\/posts"}],"about":[{"href":"https:\/\/blogdofarnesio.com.br\/index.php?rest_route=\/wp\/v2\/types\/post"}],"author":[{"embeddable":true,"href":"https:\/\/blogdofarnesio.com.br\/index.php?rest_route=\/wp\/v2\/users\/2"}],"replies":[{"embeddable":true,"href":"https:\/\/blogdofarnesio.com.br\/index.php?rest_route=%2Fwp%2Fv2%2Fcomments&post=336855"}],"version-history":[{"count":0,"href":"https:\/\/blogdofarnesio.com.br\/index.php?rest_route=\/wp\/v2\/posts\/336855\/revisions"}],"wp:featuredmedia":[{"embeddable":true,"href":"https:\/\/blogdofarnesio.com.br\/index.php?rest_route=\/wp\/v2\/media\/336853"}],"wp:attachment":[{"href":"https:\/\/blogdofarnesio.com.br\/index.php?rest_route=%2Fwp%2Fv2%2Fmedia&parent=336855"}],"wp:term":[{"taxonomy":"category","embeddable":true,"href":"https:\/\/blogdofarnesio.com.br\/index.php?rest_route=%2Fwp%2Fv2%2Fcategories&post=336855"},{"taxonomy":"post_tag","embeddable":true,"href":"https:\/\/blogdofarnesio.com.br\/index.php?rest_route=%2Fwp%2Fv2%2Ftags&post=336855"}],"curies":[{"name":"wp","href":"https:\/\/api.w.org\/{rel}","templated":true}]}}