{"id":336814,"date":"2023-03-27T09:22:51","date_gmt":"2023-03-27T12:22:51","guid":{"rendered":"https:\/\/blogdofarnesio.com.br\/?p=336814"},"modified":"2023-03-27T08:57:46","modified_gmt":"2023-03-27T11:57:46","slug":"mppe-cobra-medidas-imediatas-para-abastecimento-de-comunidade-rural-em-petrolina","status":"publish","type":"post","link":"https:\/\/blogdofarnesio.com.br\/?p=336814","title":{"rendered":"MPPE cobra medidas imediatas para abastecimento de comunidade rural em Petrolina"},"content":{"rendered":"<div class=\"entry-content clearfix\">\n<p>A Compesa deve adotar medidas imediatas para o efetivo abastecimento de \u00e1gua da popula\u00e7\u00e3o do S\u00edtio Piranhas, na zona rural de Petrolina. Uma recomenda\u00e7\u00e3o nesse sentido foi emitida pelo Minist\u00e9rio P\u00fablico de Pernambuco (MPPE), por meio da 4\u00aa Promotoria de Justi\u00e7a da Cidadania do munic\u00edpio. Isso deve ser feito at\u00e9 que obras necess\u00e1rias para a implanta\u00e7\u00e3o de uma rede regular de abastecimento sejam conclu\u00eddas na comunidade.<\/p>\n<p>As principais medidas que devem ser tomadas pela concession\u00e1ria s\u00e3o o abastecimento subsidi\u00e1rio \u00e0 popula\u00e7\u00e3o atrav\u00e9s de carro-pipa, n\u00e3o inferior a duas vezes por semana; divulga\u00e7\u00e3o de um cronograma do fornecimento de \u00e1gua diariamente na imprensa local, sem intermediadores; e controle da entrega de \u00e1gua por carro-pipa (litragem por resid\u00eancia, endere\u00e7o completo da resid\u00eancia, nome completo do respons\u00e1vel pelo recebimento da \u00e1gua em cada resid\u00eancia e assinatura deste).<\/p>\n<p>\u201c\u00c9 imperiosa a ado\u00e7\u00e3o de medidas eficazes e aptas a promover a continuidade no abastecimento da popula\u00e7\u00e3o, uma vez que a \u00e1gua \u00e9 servi\u00e7o p\u00fablico essencial e que a falta de continuidade na presta\u00e7\u00e3o do servi\u00e7o em comento, avilta a dignidade humana, pondo em risco maximamente a sa\u00fade p\u00fablica\u201d, destaca a promotora Ana Paula na recomenda\u00e7\u00e3o, advertindo que o n\u00e3o cumprimento implicar\u00e1 na ado\u00e7\u00e3o de medidas cab\u00edveis.<\/p>\n<\/div>\n","protected":false},"excerpt":{"rendered":"<p>A Compesa deve adotar medidas imediatas para o efetivo abastecimento de \u00e1gua da popula\u00e7\u00e3o do S\u00edtio Piranhas, na zona rural de Petrolina. Uma recomenda\u00e7\u00e3o nesse sentido foi emitida pelo Minist\u00e9rio P\u00fablico de Pernambuco (MPPE), por meio da 4\u00aa Promotoria de Justi\u00e7a da Cidadania do munic\u00edpio. Isso deve ser feito at\u00e9 que obras necess\u00e1rias para a implanta\u00e7\u00e3o de uma rede regular de abastecimento sejam conclu\u00eddas na comunidade. As principais medidas que devem ser tomadas pela concession\u00e1ria s\u00e3o o abastecimento subsidi\u00e1rio \u00e0 popula\u00e7\u00e3o atrav\u00e9s de carro-pipa, n\u00e3o inferior a duas vezes por semana; divulga\u00e7\u00e3o de um cronograma do fornecimento de \u00e1gua diariamente na imprensa local, sem intermediadores; e controle da entrega de \u00e1gua por carro-pipa (litragem por resid\u00eancia, endere\u00e7o completo da resid\u00eancia,&hellip; <\/p>\n","protected":false},"author":2,"featured_media":178487,"comment_status":"open","ping_status":"open","sticky":false,"template":"","format":"standard","meta":{"_acf_changed":false,"footnotes":""},"categories":[23],"tags":[],"class_list":["post-336814","post","type-post","status-publish","format-standard","has-post-thumbnail","hentry","category-justica"],"acf":[],"yoast_head":"<!-- This site is optimized with the Yoast SEO plugin v27.4 - https:\/\/yoast.com\/product\/yoast-seo-wordpress\/ -->\n<title>MPPE cobra medidas imediatas para abastecimento de comunidade rural em Petrolina - Blog do Farn\u00e9sio<\/title>\n<meta name=\"robots\" content=\"index, follow, max-snippet:-1, max-image-preview:large, max-video-preview:-1\" \/>\n<link rel=\"canonical\" href=\"https:\/\/blogdofarnesio.com.br\/?p=336814\" \/>\n<meta property=\"og:locale\" content=\"pt_BR\" \/>\n<meta property=\"og:type\" content=\"article\" \/>\n<meta property=\"og:title\" content=\"MPPE cobra medidas imediatas para abastecimento de comunidade rural em Petrolina - Blog do Farn\u00e9sio\" \/>\n<meta property=\"og:description\" content=\"A Compesa deve adotar medidas imediatas para o efetivo abastecimento de \u00e1gua da popula\u00e7\u00e3o do S\u00edtio Piranhas, na zona rural de Petrolina. Uma recomenda\u00e7\u00e3o nesse sentido foi emitida pelo Minist\u00e9rio P\u00fablico de Pernambuco (MPPE), por meio da 4\u00aa Promotoria de Justi\u00e7a da Cidadania do munic\u00edpio. Isso deve ser feito at\u00e9 que obras necess\u00e1rias para a implanta\u00e7\u00e3o de uma rede regular de abastecimento sejam conclu\u00eddas na comunidade. As principais medidas que devem ser tomadas pela concession\u00e1ria s\u00e3o o abastecimento subsidi\u00e1rio \u00e0 popula\u00e7\u00e3o atrav\u00e9s de carro-pipa, n\u00e3o inferior a duas vezes por semana; divulga\u00e7\u00e3o de um cronograma do fornecimento de \u00e1gua diariamente na imprensa local, sem intermediadores; e controle da entrega de \u00e1gua por carro-pipa (litragem por resid\u00eancia, endere\u00e7o completo da resid\u00eancia,&hellip;\" \/>\n<meta property=\"og:url\" content=\"https:\/\/blogdofarnesio.com.br\/?p=336814\" \/>\n<meta property=\"og:site_name\" content=\"Blog do Farn\u00e9sio\" \/>\n<meta property=\"article:publisher\" content=\"https:\/\/www.facebook.com\/BlogQuerSaberPolitica\/\" \/>\n<meta property=\"article:author\" content=\"https:\/\/www.facebook.com\/?ref=tn_tnmn\" \/>\n<meta property=\"article:published_time\" content=\"2023-03-27T12:22:51+00:00\" \/>\n<meta property=\"og:image\" content=\"https:\/\/blogdofarnesio.com.br\/wp-content\/uploads\/2017\/10\/blogqspCompesa-1-1-1024x383-e1677762616710.png\" \/>\n\t<meta property=\"og:image:width\" content=\"724\" \/>\n\t<meta property=\"og:image:height\" content=\"271\" \/>\n\t<meta property=\"og:image:type\" content=\"image\/png\" \/>\n<meta name=\"author\" content=\"Farn\u00e9sio\" \/>\n<meta name=\"twitter:card\" content=\"summary_large_image\" \/>\n<meta name=\"twitter:label1\" content=\"Escrito por\" \/>\n\t<meta name=\"twitter:data1\" content=\"Farn\u00e9sio\" \/>\n\t<meta name=\"twitter:label2\" content=\"Est. tempo de leitura\" \/>\n\t<meta name=\"twitter:data2\" content=\"2 minutos\" \/>\n<script type=\"application\/ld+json\" class=\"yoast-schema-graph\">{\"@context\":\"https:\\\/\\\/schema.org\",\"@graph\":[{\"@type\":\"Article\",\"@id\":\"https:\\\/\\\/blogdofarnesio.com.br\\\/?p=336814#article\",\"isPartOf\":{\"@id\":\"https:\\\/\\\/blogdofarnesio.com.br\\\/?p=336814\"},\"author\":{\"name\":\"Farn\u00e9sio\",\"@id\":\"https:\\\/\\\/blogdofarnesio.com.br\\\/#\\\/schema\\\/person\\\/bb9b23ae3ad0609ce8df7b6c9e76824d\"},\"headline\":\"MPPE cobra medidas imediatas para abastecimento de comunidade rural em Petrolina\",\"datePublished\":\"2023-03-27T12:22:51+00:00\",\"mainEntityOfPage\":{\"@id\":\"https:\\\/\\\/blogdofarnesio.com.br\\\/?p=336814\"},\"wordCount\":242,\"commentCount\":0,\"publisher\":{\"@id\":\"https:\\\/\\\/blogdofarnesio.com.br\\\/#organization\"},\"image\":{\"@id\":\"https:\\\/\\\/blogdofarnesio.com.br\\\/?p=336814#primaryimage\"},\"thumbnailUrl\":\"https:\\\/\\\/blogdofarnesio.com.br\\\/wp-content\\\/uploads\\\/2017\\\/10\\\/blogqspCompesa-1-1-1024x383-e1677762616710.png\",\"articleSection\":[\"Justi\u00e7a\"],\"inLanguage\":\"pt-BR\",\"potentialAction\":[{\"@type\":\"CommentAction\",\"name\":\"Comment\",\"target\":[\"https:\\\/\\\/blogdofarnesio.com.br\\\/?p=336814#respond\"]}]},{\"@type\":\"WebPage\",\"@id\":\"https:\\\/\\\/blogdofarnesio.com.br\\\/?p=336814\",\"url\":\"https:\\\/\\\/blogdofarnesio.com.br\\\/?p=336814\",\"name\":\"MPPE cobra medidas imediatas para abastecimento de comunidade rural em Petrolina - Blog do Farn\u00e9sio\",\"isPartOf\":{\"@id\":\"https:\\\/\\\/blogdofarnesio.com.br\\\/#website\"},\"primaryImageOfPage\":{\"@id\":\"https:\\\/\\\/blogdofarnesio.com.br\\\/?p=336814#primaryimage\"},\"image\":{\"@id\":\"https:\\\/\\\/blogdofarnesio.com.br\\\/?p=336814#primaryimage\"},\"thumbnailUrl\":\"https:\\\/\\\/blogdofarnesio.com.br\\\/wp-content\\\/uploads\\\/2017\\\/10\\\/blogqspCompesa-1-1-1024x383-e1677762616710.png\",\"datePublished\":\"2023-03-27T12:22:51+00:00\",\"breadcrumb\":{\"@id\":\"https:\\\/\\\/blogdofarnesio.com.br\\\/?p=336814#breadcrumb\"},\"inLanguage\":\"pt-BR\",\"potentialAction\":[{\"@type\":\"ReadAction\",\"target\":[\"https:\\\/\\\/blogdofarnesio.com.br\\\/?p=336814\"]}]},{\"@type\":\"ImageObject\",\"inLanguage\":\"pt-BR\",\"@id\":\"https:\\\/\\\/blogdofarnesio.com.br\\\/?p=336814#primaryimage\",\"url\":\"https:\\\/\\\/blogdofarnesio.com.br\\\/wp-content\\\/uploads\\\/2017\\\/10\\\/blogqspCompesa-1-1-1024x383-e1677762616710.png\",\"contentUrl\":\"https:\\\/\\\/blogdofarnesio.com.br\\\/wp-content\\\/uploads\\\/2017\\\/10\\\/blogqspCompesa-1-1-1024x383-e1677762616710.png\",\"width\":724,\"height\":271},{\"@type\":\"BreadcrumbList\",\"@id\":\"https:\\\/\\\/blogdofarnesio.com.br\\\/?p=336814#breadcrumb\",\"itemListElement\":[{\"@type\":\"ListItem\",\"position\":1,\"name\":\"In\u00edcio\",\"item\":\"https:\\\/\\\/blogdofarnesio.com.br\\\/\"},{\"@type\":\"ListItem\",\"position\":2,\"name\":\"MPPE cobra medidas imediatas para abastecimento de comunidade rural em Petrolina\"}]},{\"@type\":\"WebSite\",\"@id\":\"https:\\\/\\\/blogdofarnesio.com.br\\\/#website\",\"url\":\"https:\\\/\\\/blogdofarnesio.com.br\\\/\",\"name\":\"Blog do Farn\u00e9sio\",\"description\":\"Quer Saber Pol\u00edtica?\",\"publisher\":{\"@id\":\"https:\\\/\\\/blogdofarnesio.com.br\\\/#organization\"},\"potentialAction\":[{\"@type\":\"SearchAction\",\"target\":{\"@type\":\"EntryPoint\",\"urlTemplate\":\"https:\\\/\\\/blogdofarnesio.com.br\\\/?s={search_term_string}\"},\"query-input\":{\"@type\":\"PropertyValueSpecification\",\"valueRequired\":true,\"valueName\":\"search_term_string\"}}],\"inLanguage\":\"pt-BR\"},{\"@type\":\"Organization\",\"@id\":\"https:\\\/\\\/blogdofarnesio.com.br\\\/#organization\",\"name\":\"Blog do Farn\u00e9sio\",\"url\":\"https:\\\/\\\/blogdofarnesio.com.br\\\/\",\"logo\":{\"@type\":\"ImageObject\",\"inLanguage\":\"pt-BR\",\"@id\":\"https:\\\/\\\/blogdofarnesio.com.br\\\/#\\\/schema\\\/logo\\\/image\\\/\",\"url\":\"https:\\\/\\\/blogdofarnesio.com.br\\\/wp-content\\\/uploads\\\/2026\\\/03\\\/cropped-logo_new-1.png\",\"contentUrl\":\"https:\\\/\\\/blogdofarnesio.com.br\\\/wp-content\\\/uploads\\\/2026\\\/03\\\/cropped-logo_new-1.png\",\"width\":881,\"height\":685,\"caption\":\"Blog do Farn\u00e9sio\"},\"image\":{\"@id\":\"https:\\\/\\\/blogdofarnesio.com.br\\\/#\\\/schema\\\/logo\\\/image\\\/\"},\"sameAs\":[\"https:\\\/\\\/www.facebook.com\\\/BlogQuerSaberPolitica\\\/\"]},{\"@type\":\"Person\",\"@id\":\"https:\\\/\\\/blogdofarnesio.com.br\\\/#\\\/schema\\\/person\\\/bb9b23ae3ad0609ce8df7b6c9e76824d\",\"name\":\"Farn\u00e9sio\",\"image\":{\"@type\":\"ImageObject\",\"inLanguage\":\"pt-BR\",\"@id\":\"https:\\\/\\\/secure.gravatar.com\\\/avatar\\\/986aa4c61ccdb66f8555bf88fc2a65609d00bcabd4d2d94377a727547345cbca?s=96&d=mm&r=g\",\"url\":\"https:\\\/\\\/secure.gravatar.com\\\/avatar\\\/986aa4c61ccdb66f8555bf88fc2a65609d00bcabd4d2d94377a727547345cbca?s=96&d=mm&r=g\",\"contentUrl\":\"https:\\\/\\\/secure.gravatar.com\\\/avatar\\\/986aa4c61ccdb66f8555bf88fc2a65609d00bcabd4d2d94377a727547345cbca?s=96&d=mm&r=g\",\"caption\":\"Farn\u00e9sio\"},\"description\":\"Radialista blogueiro, chegou a Petrolina\\\/Juazeiro em setembro de 1980, Farn\u00e9sio Silva \u00e9 de Arapiraca-Alagoas.\",\"sameAs\":[\"http:\\\/\\\/blogdofarnesio.com.br\",\"https:\\\/\\\/www.facebook.com\\\/?ref=tn_tnmn\",\"https:\\\/\\\/www.instagram.com\\\/?utm_source=pwa_homescreen\",\"https:\\\/\\\/youtube.com.br\\\/\"],\"url\":\"https:\\\/\\\/blogdofarnesio.com.br\\\/?author=2\"}]}<\/script>\n<!-- \/ Yoast SEO plugin. -->","yoast_head_json":{"title":"MPPE cobra medidas imediatas para abastecimento de comunidade rural em Petrolina - Blog do Farn\u00e9sio","robots":{"index":"index","follow":"follow","max-snippet":"max-snippet:-1","max-image-preview":"max-image-preview:large","max-video-preview":"max-video-preview:-1"},"canonical":"https:\/\/blogdofarnesio.com.br\/?p=336814","og_locale":"pt_BR","og_type":"article","og_title":"MPPE cobra medidas imediatas para abastecimento de comunidade rural em Petrolina - Blog do Farn\u00e9sio","og_description":"A Compesa deve adotar medidas imediatas para o efetivo abastecimento de \u00e1gua da popula\u00e7\u00e3o do S\u00edtio Piranhas, na zona rural de Petrolina. Uma recomenda\u00e7\u00e3o nesse sentido foi emitida pelo Minist\u00e9rio P\u00fablico de Pernambuco (MPPE), por meio da 4\u00aa Promotoria de Justi\u00e7a da Cidadania do munic\u00edpio. Isso deve ser feito at\u00e9 que obras necess\u00e1rias para a implanta\u00e7\u00e3o de uma rede regular de abastecimento sejam conclu\u00eddas na comunidade. As principais medidas que devem ser tomadas pela concession\u00e1ria s\u00e3o o abastecimento subsidi\u00e1rio \u00e0 popula\u00e7\u00e3o atrav\u00e9s de carro-pipa, n\u00e3o inferior a duas vezes por semana; divulga\u00e7\u00e3o de um cronograma do fornecimento de \u00e1gua diariamente na imprensa local, sem intermediadores; e controle da entrega de \u00e1gua por carro-pipa (litragem por resid\u00eancia, endere\u00e7o completo da resid\u00eancia,&hellip;","og_url":"https:\/\/blogdofarnesio.com.br\/?p=336814","og_site_name":"Blog do Farn\u00e9sio","article_publisher":"https:\/\/www.facebook.com\/BlogQuerSaberPolitica\/","article_author":"https:\/\/www.facebook.com\/?ref=tn_tnmn","article_published_time":"2023-03-27T12:22:51+00:00","og_image":[{"width":724,"height":271,"url":"https:\/\/blogdofarnesio.com.br\/wp-content\/uploads\/2017\/10\/blogqspCompesa-1-1-1024x383-e1677762616710.png","type":"image\/png"}],"author":"Farn\u00e9sio","twitter_card":"summary_large_image","twitter_misc":{"Escrito por":"Farn\u00e9sio","Est. tempo de leitura":"2 minutos"},"schema":{"@context":"https:\/\/schema.org","@graph":[{"@type":"Article","@id":"https:\/\/blogdofarnesio.com.br\/?p=336814#article","isPartOf":{"@id":"https:\/\/blogdofarnesio.com.br\/?p=336814"},"author":{"name":"Farn\u00e9sio","@id":"https:\/\/blogdofarnesio.com.br\/#\/schema\/person\/bb9b23ae3ad0609ce8df7b6c9e76824d"},"headline":"MPPE cobra medidas imediatas para abastecimento de comunidade rural em Petrolina","datePublished":"2023-03-27T12:22:51+00:00","mainEntityOfPage":{"@id":"https:\/\/blogdofarnesio.com.br\/?p=336814"},"wordCount":242,"commentCount":0,"publisher":{"@id":"https:\/\/blogdofarnesio.com.br\/#organization"},"image":{"@id":"https:\/\/blogdofarnesio.com.br\/?p=336814#primaryimage"},"thumbnailUrl":"https:\/\/blogdofarnesio.com.br\/wp-content\/uploads\/2017\/10\/blogqspCompesa-1-1-1024x383-e1677762616710.png","articleSection":["Justi\u00e7a"],"inLanguage":"pt-BR","potentialAction":[{"@type":"CommentAction","name":"Comment","target":["https:\/\/blogdofarnesio.com.br\/?p=336814#respond"]}]},{"@type":"WebPage","@id":"https:\/\/blogdofarnesio.com.br\/?p=336814","url":"https:\/\/blogdofarnesio.com.br\/?p=336814","name":"MPPE cobra medidas imediatas para abastecimento de comunidade rural em Petrolina - Blog do Farn\u00e9sio","isPartOf":{"@id":"https:\/\/blogdofarnesio.com.br\/#website"},"primaryImageOfPage":{"@id":"https:\/\/blogdofarnesio.com.br\/?p=336814#primaryimage"},"image":{"@id":"https:\/\/blogdofarnesio.com.br\/?p=336814#primaryimage"},"thumbnailUrl":"https:\/\/blogdofarnesio.com.br\/wp-content\/uploads\/2017\/10\/blogqspCompesa-1-1-1024x383-e1677762616710.png","datePublished":"2023-03-27T12:22:51+00:00","breadcrumb":{"@id":"https:\/\/blogdofarnesio.com.br\/?p=336814#breadcrumb"},"inLanguage":"pt-BR","potentialAction":[{"@type":"ReadAction","target":["https:\/\/blogdofarnesio.com.br\/?p=336814"]}]},{"@type":"ImageObject","inLanguage":"pt-BR","@id":"https:\/\/blogdofarnesio.com.br\/?p=336814#primaryimage","url":"https:\/\/blogdofarnesio.com.br\/wp-content\/uploads\/2017\/10\/blogqspCompesa-1-1-1024x383-e1677762616710.png","contentUrl":"https:\/\/blogdofarnesio.com.br\/wp-content\/uploads\/2017\/10\/blogqspCompesa-1-1-1024x383-e1677762616710.png","width":724,"height":271},{"@type":"BreadcrumbList","@id":"https:\/\/blogdofarnesio.com.br\/?p=336814#breadcrumb","itemListElement":[{"@type":"ListItem","position":1,"name":"In\u00edcio","item":"https:\/\/blogdofarnesio.com.br\/"},{"@type":"ListItem","position":2,"name":"MPPE cobra medidas imediatas para abastecimento de comunidade rural em Petrolina"}]},{"@type":"WebSite","@id":"https:\/\/blogdofarnesio.com.br\/#website","url":"https:\/\/blogdofarnesio.com.br\/","name":"Blog do Farn\u00e9sio","description":"Quer Saber Pol\u00edtica?","publisher":{"@id":"https:\/\/blogdofarnesio.com.br\/#organization"},"potentialAction":[{"@type":"SearchAction","target":{"@type":"EntryPoint","urlTemplate":"https:\/\/blogdofarnesio.com.br\/?s={search_term_string}"},"query-input":{"@type":"PropertyValueSpecification","valueRequired":true,"valueName":"search_term_string"}}],"inLanguage":"pt-BR"},{"@type":"Organization","@id":"https:\/\/blogdofarnesio.com.br\/#organization","name":"Blog do Farn\u00e9sio","url":"https:\/\/blogdofarnesio.com.br\/","logo":{"@type":"ImageObject","inLanguage":"pt-BR","@id":"https:\/\/blogdofarnesio.com.br\/#\/schema\/logo\/image\/","url":"https:\/\/blogdofarnesio.com.br\/wp-content\/uploads\/2026\/03\/cropped-logo_new-1.png","contentUrl":"https:\/\/blogdofarnesio.com.br\/wp-content\/uploads\/2026\/03\/cropped-logo_new-1.png","width":881,"height":685,"caption":"Blog do Farn\u00e9sio"},"image":{"@id":"https:\/\/blogdofarnesio.com.br\/#\/schema\/logo\/image\/"},"sameAs":["https:\/\/www.facebook.com\/BlogQuerSaberPolitica\/"]},{"@type":"Person","@id":"https:\/\/blogdofarnesio.com.br\/#\/schema\/person\/bb9b23ae3ad0609ce8df7b6c9e76824d","name":"Farn\u00e9sio","image":{"@type":"ImageObject","inLanguage":"pt-BR","@id":"https:\/\/secure.gravatar.com\/avatar\/986aa4c61ccdb66f8555bf88fc2a65609d00bcabd4d2d94377a727547345cbca?s=96&d=mm&r=g","url":"https:\/\/secure.gravatar.com\/avatar\/986aa4c61ccdb66f8555bf88fc2a65609d00bcabd4d2d94377a727547345cbca?s=96&d=mm&r=g","contentUrl":"https:\/\/secure.gravatar.com\/avatar\/986aa4c61ccdb66f8555bf88fc2a65609d00bcabd4d2d94377a727547345cbca?s=96&d=mm&r=g","caption":"Farn\u00e9sio"},"description":"Radialista blogueiro, chegou a Petrolina\/Juazeiro em setembro de 1980, Farn\u00e9sio Silva \u00e9 de Arapiraca-Alagoas.","sameAs":["http:\/\/blogdofarnesio.com.br","https:\/\/www.facebook.com\/?ref=tn_tnmn","https:\/\/www.instagram.com\/?utm_source=pwa_homescreen","https:\/\/youtube.com.br\/"],"url":"https:\/\/blogdofarnesio.com.br\/?author=2"}]}},"_links":{"self":[{"href":"https:\/\/blogdofarnesio.com.br\/index.php?rest_route=\/wp\/v2\/posts\/336814","targetHints":{"allow":["GET"]}}],"collection":[{"href":"https:\/\/blogdofarnesio.com.br\/index.php?rest_route=\/wp\/v2\/posts"}],"about":[{"href":"https:\/\/blogdofarnesio.com.br\/index.php?rest_route=\/wp\/v2\/types\/post"}],"author":[{"embeddable":true,"href":"https:\/\/blogdofarnesio.com.br\/index.php?rest_route=\/wp\/v2\/users\/2"}],"replies":[{"embeddable":true,"href":"https:\/\/blogdofarnesio.com.br\/index.php?rest_route=%2Fwp%2Fv2%2Fcomments&post=336814"}],"version-history":[{"count":0,"href":"https:\/\/blogdofarnesio.com.br\/index.php?rest_route=\/wp\/v2\/posts\/336814\/revisions"}],"wp:featuredmedia":[{"embeddable":true,"href":"https:\/\/blogdofarnesio.com.br\/index.php?rest_route=\/wp\/v2\/media\/178487"}],"wp:attachment":[{"href":"https:\/\/blogdofarnesio.com.br\/index.php?rest_route=%2Fwp%2Fv2%2Fmedia&parent=336814"}],"wp:term":[{"taxonomy":"category","embeddable":true,"href":"https:\/\/blogdofarnesio.com.br\/index.php?rest_route=%2Fwp%2Fv2%2Fcategories&post=336814"},{"taxonomy":"post_tag","embeddable":true,"href":"https:\/\/blogdofarnesio.com.br\/index.php?rest_route=%2Fwp%2Fv2%2Ftags&post=336814"}],"curies":[{"name":"wp","href":"https:\/\/api.w.org\/{rel}","templated":true}]}}