{"id":336804,"date":"2023-03-27T07:00:02","date_gmt":"2023-03-27T10:00:02","guid":{"rendered":"https:\/\/blogdofarnesio.com.br\/?p=336804"},"modified":"2023-03-26T10:40:35","modified_gmt":"2023-03-26T13:40:35","slug":"apos-lula-cancelar-viagem-a-china-oposicao-nutre-narrativa-de-que-adiamento-foi-provocado-por-retorno-de-bolsonaro","status":"publish","type":"post","link":"https:\/\/blogdofarnesio.com.br\/?p=336804","title":{"rendered":"Ap\u00f3s Lula cancelar viagem \u00e0 China, oposi\u00e7\u00e3o nutre narrativa de que adiamento foi provocado por retorno de Bolsonaro"},"content":{"rendered":"<div class=\"elementor-element elementor-element-7d2fc729 titulo-post elementor-widget elementor-widget-theme-post-title elementor-page-title elementor-widget-heading\" data-id=\"7d2fc729\" data-element_type=\"widget\" data-widget_type=\"theme-post-title.default\">\n<div class=\"elementor-widget-container\"><\/div>\n<\/div>\n<section class=\"elementor-section elementor-inner-section elementor-element elementor-element-7e25a070 elementor-section-boxed elementor-section-height-default elementor-section-height-default\" data-id=\"7e25a070\" data-element_type=\"section\">\n<div class=\"elementor-container elementor-column-gap-default\">\n<div class=\"elementor-column elementor-col-50 elementor-inner-column elementor-element elementor-element-24f401b5\" data-id=\"24f401b5\" data-element_type=\"column\">\n<div class=\"elementor-widget-wrap elementor-element-populated\">\n<div class=\"elementor-element elementor-element-6b34b66e elementor-share-buttons--view-icon elementor-share-buttons--skin-flat elementor-share-buttons--align-right elementor-share-buttons--shape-square elementor-grid-0 elementor-share-buttons--color-official elementor-widget elementor-widget-share-buttons\" data-id=\"6b34b66e\" data-element_type=\"widget\" data-settings=\"{&quot;share_url&quot;:{&quot;url&quot;:&quot;https:\\\/\\\/blogdomagno.com.br\\\/apos-lula-cancelar-viagem-a-china-oposicao-nutre-narrativa-de-que-adiamento-foi-provocado-por-retorno-de-bolsonaro\\\/&quot;,&quot;is_external&quot;:&quot;&quot;,&quot;nofollow&quot;:&quot;&quot;,&quot;custom_attributes&quot;:&quot;&quot;}}\" data-widget_type=\"share-buttons.default\">\n<div class=\"elementor-widget-container\">\n<div class=\"elementor-grid\">\n<div class=\"elementor-grid-item\">\n<div class=\"elementor-share-btn elementor-share-btn_email\" tabindex=\"0\" aria-label=\"Compartilhar no email\">Ap\u00f3s Lula (PT) cancelar sua viagem \u00e0 China, parlamentares da oposi\u00e7\u00e3o nutrem a narrativa de que o presidente adiou sua agenda internacional devido ao retorno de seu antecessor, Jair Bolsonaro, ao pa\u00eds, previsto para a pr\u00f3xima quinta-feira (30), segundo publica\u00e7\u00e3o do blog do Magno. Diagnosticado com Influenza A e pneumonia bacteriana, o petista tomou a decis\u00e3o por motivos m\u00e9dicos. Os bolsonaristas, no entanto, embarcaram em uma nova vers\u00e3o nas redes sociais.<\/div>\n<\/div>\n<\/div>\n<\/div>\n<\/div>\n<\/div>\n<\/div>\n<\/div>\n<\/section>\n<div class=\"elementor-element elementor-element-746f5ae4 elementor-widget elementor-widget-theme-post-content\" data-id=\"746f5ae4\" data-element_type=\"widget\" data-widget_type=\"theme-post-content.default\">\n<div class=\"elementor-widget-container\">\n<div id=\"ub-expand-87b8ad32-4d76-4f38-8588-1cadd3ed805d\" class=\"ub-expand \">\n<div class=\"ub-expand-portion ub-expand-partial\">\n<p>O movimento virtual foi iniciado pelo senador carioca Carlos Portinho (PL). \u201cLula adia viagem devido a chegada de Bolsonaro. Quem est\u00e1 sendo pautado? Segue o l\u00edder!\u201d, escreveu o parlamentar. As informa\u00e7\u00f5es s\u00e3o do O Globo.<\/p>\n<\/div>\n<div class=\"ub-expand-portion ub-expand-full\">\n<p>Na mesma entona\u00e7\u00e3o, o deputado federal Daniel Freitas (PL-SC) retuitou uma mensagem de um apoiador que afirmava ter \u201calgo estranho acontecendo\u201d neste cancelamento.<\/p>\n<p>Colega de bancada na C\u00e2mara, Carlos Jordy (PL-RJ) usou aspas para falar da sa\u00fade de Lula: \u201cUm dia \u2018doente\u2019 \u00e9 um dia sem falar besteira e sem aumentar a crise\u201d, criticou em publica\u00e7\u00e3o.<\/p>\n<p>A narrativa foi abra\u00e7ada por apoiadores do ex-presidente que especulam teorias nas redes e afirmam, sem provas, que o diagn\u00f3stico de Lula n\u00e3o foi o real motivo para o adiamento da viagem.<\/p>\n<p>Como noticiado por Jo\u00e3o Paulo Saconi, da coluna do Lauro Jardim, o adiamento da viagem frustra o plano de Bolsonaro que esperava pela aus\u00eancia de seu advers\u00e1rio para ter todos os holofotes na sua volta ao pa\u00eds. Nos Estados Unidos desde dezembro passado, Bolsonaro nunca esteve na capital durante o governo Lula.<\/p>\n<\/div>\n<\/div>\n<\/div>\n<\/div>\n","protected":false},"excerpt":{"rendered":"<p>Ap\u00f3s Lula (PT) cancelar sua viagem \u00e0 China, parlamentares da oposi\u00e7\u00e3o nutrem a narrativa de que o presidente adiou sua agenda internacional devido ao retorno de seu antecessor, Jair Bolsonaro, ao pa\u00eds, previsto para a pr\u00f3xima quinta-feira (30), segundo publica\u00e7\u00e3o do blog do Magno. Diagnosticado com Influenza A e pneumonia bacteriana, o petista tomou a decis\u00e3o por motivos m\u00e9dicos. Os bolsonaristas, no entanto, embarcaram em uma nova vers\u00e3o nas redes sociais. O movimento virtual foi iniciado pelo senador carioca Carlos Portinho (PL). \u201cLula adia viagem devido a chegada de Bolsonaro. Quem est\u00e1 sendo pautado? Segue o l\u00edder!\u201d, escreveu o parlamentar. As informa\u00e7\u00f5es s\u00e3o do O Globo. Na mesma entona\u00e7\u00e3o, o deputado federal Daniel Freitas (PL-SC) retuitou uma mensagem de um&hellip; <\/p>\n","protected":false},"author":2,"featured_media":325544,"comment_status":"open","ping_status":"open","sticky":false,"template":"","format":"standard","meta":{"_acf_changed":false,"footnotes":""},"categories":[43],"tags":[],"class_list":["post-336804","post","type-post","status-publish","format-standard","has-post-thumbnail","hentry","category-sem-categoria"],"acf":[],"yoast_head":"<!-- This site is optimized with the Yoast SEO plugin v27.4 - https:\/\/yoast.com\/product\/yoast-seo-wordpress\/ -->\n<title>Ap\u00f3s Lula cancelar viagem \u00e0 China, oposi\u00e7\u00e3o nutre narrativa de que adiamento foi provocado por retorno de Bolsonaro - Blog do Farn\u00e9sio<\/title>\n<meta name=\"robots\" content=\"index, follow, max-snippet:-1, max-image-preview:large, max-video-preview:-1\" \/>\n<link rel=\"canonical\" href=\"https:\/\/blogdofarnesio.com.br\/?p=336804\" \/>\n<meta property=\"og:locale\" content=\"pt_BR\" \/>\n<meta property=\"og:type\" content=\"article\" \/>\n<meta property=\"og:title\" content=\"Ap\u00f3s Lula cancelar viagem \u00e0 China, oposi\u00e7\u00e3o nutre narrativa de que adiamento foi provocado por retorno de Bolsonaro - Blog do Farn\u00e9sio\" \/>\n<meta property=\"og:description\" content=\"Ap\u00f3s Lula (PT) cancelar sua viagem \u00e0 China, parlamentares da oposi\u00e7\u00e3o nutrem a narrativa de que o presidente adiou sua agenda internacional devido ao retorno de seu antecessor, Jair Bolsonaro, ao pa\u00eds, previsto para a pr\u00f3xima quinta-feira (30), segundo publica\u00e7\u00e3o do blog do Magno. Diagnosticado com Influenza A e pneumonia bacteriana, o petista tomou a decis\u00e3o por motivos m\u00e9dicos. Os bolsonaristas, no entanto, embarcaram em uma nova vers\u00e3o nas redes sociais. O movimento virtual foi iniciado pelo senador carioca Carlos Portinho (PL). \u201cLula adia viagem devido a chegada de Bolsonaro. Quem est\u00e1 sendo pautado? Segue o l\u00edder!\u201d, escreveu o parlamentar. As informa\u00e7\u00f5es s\u00e3o do O Globo. Na mesma entona\u00e7\u00e3o, o deputado federal Daniel Freitas (PL-SC) retuitou uma mensagem de um&hellip;\" \/>\n<meta property=\"og:url\" content=\"https:\/\/blogdofarnesio.com.br\/?p=336804\" \/>\n<meta property=\"og:site_name\" content=\"Blog do Farn\u00e9sio\" \/>\n<meta property=\"article:publisher\" content=\"https:\/\/www.facebook.com\/BlogQuerSaberPolitica\/\" \/>\n<meta property=\"article:author\" content=\"https:\/\/www.facebook.com\/?ref=tn_tnmn\" \/>\n<meta property=\"article:published_time\" content=\"2023-03-27T10:00:02+00:00\" \/>\n<meta property=\"og:image\" content=\"https:\/\/blogdofarnesio.com.br\/wp-content\/uploads\/2022\/10\/blogqsplula-bolso-reuters-e1666296805266.jpg\" \/>\n\t<meta property=\"og:image:width\" content=\"624\" \/>\n\t<meta property=\"og:image:height\" content=\"323\" \/>\n\t<meta property=\"og:image:type\" content=\"image\/jpeg\" \/>\n<meta name=\"author\" content=\"Farn\u00e9sio\" \/>\n<meta name=\"twitter:card\" content=\"summary_large_image\" \/>\n<meta name=\"twitter:label1\" content=\"Escrito por\" \/>\n\t<meta name=\"twitter:data1\" content=\"Farn\u00e9sio\" \/>\n\t<meta name=\"twitter:label2\" content=\"Est. tempo de leitura\" \/>\n\t<meta name=\"twitter:data2\" content=\"2 minutos\" \/>\n<script type=\"application\/ld+json\" class=\"yoast-schema-graph\">{\"@context\":\"https:\\\/\\\/schema.org\",\"@graph\":[{\"@type\":\"Article\",\"@id\":\"https:\\\/\\\/blogdofarnesio.com.br\\\/?p=336804#article\",\"isPartOf\":{\"@id\":\"https:\\\/\\\/blogdofarnesio.com.br\\\/?p=336804\"},\"author\":{\"name\":\"Farn\u00e9sio\",\"@id\":\"https:\\\/\\\/blogdofarnesio.com.br\\\/#\\\/schema\\\/person\\\/bb9b23ae3ad0609ce8df7b6c9e76824d\"},\"headline\":\"Ap\u00f3s Lula cancelar viagem \u00e0 China, oposi\u00e7\u00e3o nutre narrativa de que adiamento foi provocado por retorno de Bolsonaro\",\"datePublished\":\"2023-03-27T10:00:02+00:00\",\"mainEntityOfPage\":{\"@id\":\"https:\\\/\\\/blogdofarnesio.com.br\\\/?p=336804\"},\"wordCount\":284,\"commentCount\":0,\"publisher\":{\"@id\":\"https:\\\/\\\/blogdofarnesio.com.br\\\/#organization\"},\"image\":{\"@id\":\"https:\\\/\\\/blogdofarnesio.com.br\\\/?p=336804#primaryimage\"},\"thumbnailUrl\":\"https:\\\/\\\/blogdofarnesio.com.br\\\/wp-content\\\/uploads\\\/2022\\\/10\\\/blogqsplula-bolso-reuters-e1666296805266.jpg\",\"inLanguage\":\"pt-BR\",\"potentialAction\":[{\"@type\":\"CommentAction\",\"name\":\"Comment\",\"target\":[\"https:\\\/\\\/blogdofarnesio.com.br\\\/?p=336804#respond\"]}]},{\"@type\":\"WebPage\",\"@id\":\"https:\\\/\\\/blogdofarnesio.com.br\\\/?p=336804\",\"url\":\"https:\\\/\\\/blogdofarnesio.com.br\\\/?p=336804\",\"name\":\"Ap\u00f3s Lula cancelar viagem \u00e0 China, oposi\u00e7\u00e3o nutre narrativa de que adiamento foi provocado por retorno de Bolsonaro - Blog do Farn\u00e9sio\",\"isPartOf\":{\"@id\":\"https:\\\/\\\/blogdofarnesio.com.br\\\/#website\"},\"primaryImageOfPage\":{\"@id\":\"https:\\\/\\\/blogdofarnesio.com.br\\\/?p=336804#primaryimage\"},\"image\":{\"@id\":\"https:\\\/\\\/blogdofarnesio.com.br\\\/?p=336804#primaryimage\"},\"thumbnailUrl\":\"https:\\\/\\\/blogdofarnesio.com.br\\\/wp-content\\\/uploads\\\/2022\\\/10\\\/blogqsplula-bolso-reuters-e1666296805266.jpg\",\"datePublished\":\"2023-03-27T10:00:02+00:00\",\"breadcrumb\":{\"@id\":\"https:\\\/\\\/blogdofarnesio.com.br\\\/?p=336804#breadcrumb\"},\"inLanguage\":\"pt-BR\",\"potentialAction\":[{\"@type\":\"ReadAction\",\"target\":[\"https:\\\/\\\/blogdofarnesio.com.br\\\/?p=336804\"]}]},{\"@type\":\"ImageObject\",\"inLanguage\":\"pt-BR\",\"@id\":\"https:\\\/\\\/blogdofarnesio.com.br\\\/?p=336804#primaryimage\",\"url\":\"https:\\\/\\\/blogdofarnesio.com.br\\\/wp-content\\\/uploads\\\/2022\\\/10\\\/blogqsplula-bolso-reuters-e1666296805266.jpg\",\"contentUrl\":\"https:\\\/\\\/blogdofarnesio.com.br\\\/wp-content\\\/uploads\\\/2022\\\/10\\\/blogqsplula-bolso-reuters-e1666296805266.jpg\",\"width\":624,\"height\":323},{\"@type\":\"BreadcrumbList\",\"@id\":\"https:\\\/\\\/blogdofarnesio.com.br\\\/?p=336804#breadcrumb\",\"itemListElement\":[{\"@type\":\"ListItem\",\"position\":1,\"name\":\"In\u00edcio\",\"item\":\"https:\\\/\\\/blogdofarnesio.com.br\\\/\"},{\"@type\":\"ListItem\",\"position\":2,\"name\":\"Ap\u00f3s Lula cancelar viagem \u00e0 China, oposi\u00e7\u00e3o nutre narrativa de que adiamento foi provocado por retorno de Bolsonaro\"}]},{\"@type\":\"WebSite\",\"@id\":\"https:\\\/\\\/blogdofarnesio.com.br\\\/#website\",\"url\":\"https:\\\/\\\/blogdofarnesio.com.br\\\/\",\"name\":\"Blog do Farn\u00e9sio\",\"description\":\"Quer Saber Pol\u00edtica?\",\"publisher\":{\"@id\":\"https:\\\/\\\/blogdofarnesio.com.br\\\/#organization\"},\"potentialAction\":[{\"@type\":\"SearchAction\",\"target\":{\"@type\":\"EntryPoint\",\"urlTemplate\":\"https:\\\/\\\/blogdofarnesio.com.br\\\/?s={search_term_string}\"},\"query-input\":{\"@type\":\"PropertyValueSpecification\",\"valueRequired\":true,\"valueName\":\"search_term_string\"}}],\"inLanguage\":\"pt-BR\"},{\"@type\":\"Organization\",\"@id\":\"https:\\\/\\\/blogdofarnesio.com.br\\\/#organization\",\"name\":\"Blog do Farn\u00e9sio\",\"url\":\"https:\\\/\\\/blogdofarnesio.com.br\\\/\",\"logo\":{\"@type\":\"ImageObject\",\"inLanguage\":\"pt-BR\",\"@id\":\"https:\\\/\\\/blogdofarnesio.com.br\\\/#\\\/schema\\\/logo\\\/image\\\/\",\"url\":\"https:\\\/\\\/blogdofarnesio.com.br\\\/wp-content\\\/uploads\\\/2026\\\/03\\\/cropped-logo_new-1.png\",\"contentUrl\":\"https:\\\/\\\/blogdofarnesio.com.br\\\/wp-content\\\/uploads\\\/2026\\\/03\\\/cropped-logo_new-1.png\",\"width\":881,\"height\":685,\"caption\":\"Blog do Farn\u00e9sio\"},\"image\":{\"@id\":\"https:\\\/\\\/blogdofarnesio.com.br\\\/#\\\/schema\\\/logo\\\/image\\\/\"},\"sameAs\":[\"https:\\\/\\\/www.facebook.com\\\/BlogQuerSaberPolitica\\\/\"]},{\"@type\":\"Person\",\"@id\":\"https:\\\/\\\/blogdofarnesio.com.br\\\/#\\\/schema\\\/person\\\/bb9b23ae3ad0609ce8df7b6c9e76824d\",\"name\":\"Farn\u00e9sio\",\"image\":{\"@type\":\"ImageObject\",\"inLanguage\":\"pt-BR\",\"@id\":\"https:\\\/\\\/secure.gravatar.com\\\/avatar\\\/986aa4c61ccdb66f8555bf88fc2a65609d00bcabd4d2d94377a727547345cbca?s=96&d=mm&r=g\",\"url\":\"https:\\\/\\\/secure.gravatar.com\\\/avatar\\\/986aa4c61ccdb66f8555bf88fc2a65609d00bcabd4d2d94377a727547345cbca?s=96&d=mm&r=g\",\"contentUrl\":\"https:\\\/\\\/secure.gravatar.com\\\/avatar\\\/986aa4c61ccdb66f8555bf88fc2a65609d00bcabd4d2d94377a727547345cbca?s=96&d=mm&r=g\",\"caption\":\"Farn\u00e9sio\"},\"description\":\"Radialista blogueiro, chegou a Petrolina\\\/Juazeiro em setembro de 1980, Farn\u00e9sio Silva \u00e9 de Arapiraca-Alagoas.\",\"sameAs\":[\"http:\\\/\\\/blogdofarnesio.com.br\",\"https:\\\/\\\/www.facebook.com\\\/?ref=tn_tnmn\",\"https:\\\/\\\/www.instagram.com\\\/?utm_source=pwa_homescreen\",\"https:\\\/\\\/youtube.com.br\\\/\"],\"url\":\"https:\\\/\\\/blogdofarnesio.com.br\\\/?author=2\"}]}<\/script>\n<!-- \/ Yoast SEO plugin. -->","yoast_head_json":{"title":"Ap\u00f3s Lula cancelar viagem \u00e0 China, oposi\u00e7\u00e3o nutre narrativa de que adiamento foi provocado por retorno de Bolsonaro - Blog do Farn\u00e9sio","robots":{"index":"index","follow":"follow","max-snippet":"max-snippet:-1","max-image-preview":"max-image-preview:large","max-video-preview":"max-video-preview:-1"},"canonical":"https:\/\/blogdofarnesio.com.br\/?p=336804","og_locale":"pt_BR","og_type":"article","og_title":"Ap\u00f3s Lula cancelar viagem \u00e0 China, oposi\u00e7\u00e3o nutre narrativa de que adiamento foi provocado por retorno de Bolsonaro - Blog do Farn\u00e9sio","og_description":"Ap\u00f3s Lula (PT) cancelar sua viagem \u00e0 China, parlamentares da oposi\u00e7\u00e3o nutrem a narrativa de que o presidente adiou sua agenda internacional devido ao retorno de seu antecessor, Jair Bolsonaro, ao pa\u00eds, previsto para a pr\u00f3xima quinta-feira (30), segundo publica\u00e7\u00e3o do blog do Magno. Diagnosticado com Influenza A e pneumonia bacteriana, o petista tomou a decis\u00e3o por motivos m\u00e9dicos. Os bolsonaristas, no entanto, embarcaram em uma nova vers\u00e3o nas redes sociais. O movimento virtual foi iniciado pelo senador carioca Carlos Portinho (PL). \u201cLula adia viagem devido a chegada de Bolsonaro. Quem est\u00e1 sendo pautado? Segue o l\u00edder!\u201d, escreveu o parlamentar. As informa\u00e7\u00f5es s\u00e3o do O Globo. Na mesma entona\u00e7\u00e3o, o deputado federal Daniel Freitas (PL-SC) retuitou uma mensagem de um&hellip;","og_url":"https:\/\/blogdofarnesio.com.br\/?p=336804","og_site_name":"Blog do Farn\u00e9sio","article_publisher":"https:\/\/www.facebook.com\/BlogQuerSaberPolitica\/","article_author":"https:\/\/www.facebook.com\/?ref=tn_tnmn","article_published_time":"2023-03-27T10:00:02+00:00","og_image":[{"width":624,"height":323,"url":"https:\/\/blogdofarnesio.com.br\/wp-content\/uploads\/2022\/10\/blogqsplula-bolso-reuters-e1666296805266.jpg","type":"image\/jpeg"}],"author":"Farn\u00e9sio","twitter_card":"summary_large_image","twitter_misc":{"Escrito por":"Farn\u00e9sio","Est. tempo de leitura":"2 minutos"},"schema":{"@context":"https:\/\/schema.org","@graph":[{"@type":"Article","@id":"https:\/\/blogdofarnesio.com.br\/?p=336804#article","isPartOf":{"@id":"https:\/\/blogdofarnesio.com.br\/?p=336804"},"author":{"name":"Farn\u00e9sio","@id":"https:\/\/blogdofarnesio.com.br\/#\/schema\/person\/bb9b23ae3ad0609ce8df7b6c9e76824d"},"headline":"Ap\u00f3s Lula cancelar viagem \u00e0 China, oposi\u00e7\u00e3o nutre narrativa de que adiamento foi provocado por retorno de Bolsonaro","datePublished":"2023-03-27T10:00:02+00:00","mainEntityOfPage":{"@id":"https:\/\/blogdofarnesio.com.br\/?p=336804"},"wordCount":284,"commentCount":0,"publisher":{"@id":"https:\/\/blogdofarnesio.com.br\/#organization"},"image":{"@id":"https:\/\/blogdofarnesio.com.br\/?p=336804#primaryimage"},"thumbnailUrl":"https:\/\/blogdofarnesio.com.br\/wp-content\/uploads\/2022\/10\/blogqsplula-bolso-reuters-e1666296805266.jpg","inLanguage":"pt-BR","potentialAction":[{"@type":"CommentAction","name":"Comment","target":["https:\/\/blogdofarnesio.com.br\/?p=336804#respond"]}]},{"@type":"WebPage","@id":"https:\/\/blogdofarnesio.com.br\/?p=336804","url":"https:\/\/blogdofarnesio.com.br\/?p=336804","name":"Ap\u00f3s Lula cancelar viagem \u00e0 China, oposi\u00e7\u00e3o nutre narrativa de que adiamento foi provocado por retorno de Bolsonaro - Blog do Farn\u00e9sio","isPartOf":{"@id":"https:\/\/blogdofarnesio.com.br\/#website"},"primaryImageOfPage":{"@id":"https:\/\/blogdofarnesio.com.br\/?p=336804#primaryimage"},"image":{"@id":"https:\/\/blogdofarnesio.com.br\/?p=336804#primaryimage"},"thumbnailUrl":"https:\/\/blogdofarnesio.com.br\/wp-content\/uploads\/2022\/10\/blogqsplula-bolso-reuters-e1666296805266.jpg","datePublished":"2023-03-27T10:00:02+00:00","breadcrumb":{"@id":"https:\/\/blogdofarnesio.com.br\/?p=336804#breadcrumb"},"inLanguage":"pt-BR","potentialAction":[{"@type":"ReadAction","target":["https:\/\/blogdofarnesio.com.br\/?p=336804"]}]},{"@type":"ImageObject","inLanguage":"pt-BR","@id":"https:\/\/blogdofarnesio.com.br\/?p=336804#primaryimage","url":"https:\/\/blogdofarnesio.com.br\/wp-content\/uploads\/2022\/10\/blogqsplula-bolso-reuters-e1666296805266.jpg","contentUrl":"https:\/\/blogdofarnesio.com.br\/wp-content\/uploads\/2022\/10\/blogqsplula-bolso-reuters-e1666296805266.jpg","width":624,"height":323},{"@type":"BreadcrumbList","@id":"https:\/\/blogdofarnesio.com.br\/?p=336804#breadcrumb","itemListElement":[{"@type":"ListItem","position":1,"name":"In\u00edcio","item":"https:\/\/blogdofarnesio.com.br\/"},{"@type":"ListItem","position":2,"name":"Ap\u00f3s Lula cancelar viagem \u00e0 China, oposi\u00e7\u00e3o nutre narrativa de que adiamento foi provocado por retorno de Bolsonaro"}]},{"@type":"WebSite","@id":"https:\/\/blogdofarnesio.com.br\/#website","url":"https:\/\/blogdofarnesio.com.br\/","name":"Blog do Farn\u00e9sio","description":"Quer Saber Pol\u00edtica?","publisher":{"@id":"https:\/\/blogdofarnesio.com.br\/#organization"},"potentialAction":[{"@type":"SearchAction","target":{"@type":"EntryPoint","urlTemplate":"https:\/\/blogdofarnesio.com.br\/?s={search_term_string}"},"query-input":{"@type":"PropertyValueSpecification","valueRequired":true,"valueName":"search_term_string"}}],"inLanguage":"pt-BR"},{"@type":"Organization","@id":"https:\/\/blogdofarnesio.com.br\/#organization","name":"Blog do Farn\u00e9sio","url":"https:\/\/blogdofarnesio.com.br\/","logo":{"@type":"ImageObject","inLanguage":"pt-BR","@id":"https:\/\/blogdofarnesio.com.br\/#\/schema\/logo\/image\/","url":"https:\/\/blogdofarnesio.com.br\/wp-content\/uploads\/2026\/03\/cropped-logo_new-1.png","contentUrl":"https:\/\/blogdofarnesio.com.br\/wp-content\/uploads\/2026\/03\/cropped-logo_new-1.png","width":881,"height":685,"caption":"Blog do Farn\u00e9sio"},"image":{"@id":"https:\/\/blogdofarnesio.com.br\/#\/schema\/logo\/image\/"},"sameAs":["https:\/\/www.facebook.com\/BlogQuerSaberPolitica\/"]},{"@type":"Person","@id":"https:\/\/blogdofarnesio.com.br\/#\/schema\/person\/bb9b23ae3ad0609ce8df7b6c9e76824d","name":"Farn\u00e9sio","image":{"@type":"ImageObject","inLanguage":"pt-BR","@id":"https:\/\/secure.gravatar.com\/avatar\/986aa4c61ccdb66f8555bf88fc2a65609d00bcabd4d2d94377a727547345cbca?s=96&d=mm&r=g","url":"https:\/\/secure.gravatar.com\/avatar\/986aa4c61ccdb66f8555bf88fc2a65609d00bcabd4d2d94377a727547345cbca?s=96&d=mm&r=g","contentUrl":"https:\/\/secure.gravatar.com\/avatar\/986aa4c61ccdb66f8555bf88fc2a65609d00bcabd4d2d94377a727547345cbca?s=96&d=mm&r=g","caption":"Farn\u00e9sio"},"description":"Radialista blogueiro, chegou a Petrolina\/Juazeiro em setembro de 1980, Farn\u00e9sio Silva \u00e9 de Arapiraca-Alagoas.","sameAs":["http:\/\/blogdofarnesio.com.br","https:\/\/www.facebook.com\/?ref=tn_tnmn","https:\/\/www.instagram.com\/?utm_source=pwa_homescreen","https:\/\/youtube.com.br\/"],"url":"https:\/\/blogdofarnesio.com.br\/?author=2"}]}},"_links":{"self":[{"href":"https:\/\/blogdofarnesio.com.br\/index.php?rest_route=\/wp\/v2\/posts\/336804","targetHints":{"allow":["GET"]}}],"collection":[{"href":"https:\/\/blogdofarnesio.com.br\/index.php?rest_route=\/wp\/v2\/posts"}],"about":[{"href":"https:\/\/blogdofarnesio.com.br\/index.php?rest_route=\/wp\/v2\/types\/post"}],"author":[{"embeddable":true,"href":"https:\/\/blogdofarnesio.com.br\/index.php?rest_route=\/wp\/v2\/users\/2"}],"replies":[{"embeddable":true,"href":"https:\/\/blogdofarnesio.com.br\/index.php?rest_route=%2Fwp%2Fv2%2Fcomments&post=336804"}],"version-history":[{"count":0,"href":"https:\/\/blogdofarnesio.com.br\/index.php?rest_route=\/wp\/v2\/posts\/336804\/revisions"}],"wp:featuredmedia":[{"embeddable":true,"href":"https:\/\/blogdofarnesio.com.br\/index.php?rest_route=\/wp\/v2\/media\/325544"}],"wp:attachment":[{"href":"https:\/\/blogdofarnesio.com.br\/index.php?rest_route=%2Fwp%2Fv2%2Fmedia&parent=336804"}],"wp:term":[{"taxonomy":"category","embeddable":true,"href":"https:\/\/blogdofarnesio.com.br\/index.php?rest_route=%2Fwp%2Fv2%2Fcategories&post=336804"},{"taxonomy":"post_tag","embeddable":true,"href":"https:\/\/blogdofarnesio.com.br\/index.php?rest_route=%2Fwp%2Fv2%2Ftags&post=336804"}],"curies":[{"name":"wp","href":"https:\/\/api.w.org\/{rel}","templated":true}]}}