{"id":336744,"date":"2023-03-25T10:00:16","date_gmt":"2023-03-25T13:00:16","guid":{"rendered":"https:\/\/blogdofarnesio.com.br\/?p=336744"},"modified":"2023-03-25T10:00:16","modified_gmt":"2023-03-25T13:00:16","slug":"feira-da-cohab-massangano-retoma-funcionamento-a-partir-deste-sabado-em-petrolina","status":"publish","type":"post","link":"https:\/\/blogdofarnesio.com.br\/?p=336744","title":{"rendered":"Feira da Cohab Massangano retoma funcionamento a partir deste s\u00e1bado em Petrolina"},"content":{"rendered":"<p style=\"font-weight: 400;\">Instalada h\u00e1 25 anos, uma das mais tradicionais feiras livres de Petrolina, a da Cohab Massangano, est\u00e1 completamente reformada e pronta para o retorno do seu funcionamento. A partir deste s\u00e1bado (25), a popula\u00e7\u00e3o poder\u00e1 voltar a sua rotina e acessar os mais de 80 boxes para comercializa\u00e7\u00e3o de variados produtos em uma nova estrutura que contempla acessibilidade, moderniza\u00e7\u00e3o e mais conforto para feirantes e clientes.<\/p>\n<p style=\"font-weight: 400;\">Para a nova feira, a Prefeitura de Petrolina investiu mais de R$ 2,7 milh\u00f5es, o que propiciou o redesenho arquitet\u00f4nico do equipamento p\u00fablico. O espa\u00e7o teve a implanta\u00e7\u00e3o de um novo piso; acessibilidade com piso t\u00e1til; instala\u00e7\u00e3o de gradis; melhoria na ilumina\u00e7\u00e3o; constru\u00e7\u00e3o de nova estrutura de sanit\u00e1rios; e reforma na infraestrutura el\u00e9trica. A obra tamb\u00e9m contou com a padroniza\u00e7\u00e3o do local para as bancas dos feirantes, pintura e a constru\u00e7\u00e3o de um palco para apresenta\u00e7\u00f5es culturais.<\/p>\n<p style=\"font-weight: 400;\">O secret\u00e1rio de Agricultura, Gilberto Melo, destacou a import\u00e2ncia da destina\u00e7\u00e3o de emenda parlamentar do deputado federal Fernando Filho, como tamb\u00e9m, todo o empenho da gest\u00e3o municipal em seguir buscando os recursos e os aplicando na execu\u00e7\u00e3o de obras de grande relev\u00e2ncia para o munic\u00edpio, em especial, de patrim\u00f4nios como esse. \u201cA nova feira da Cohab Massangano \u00e9 mais um importante equipamento p\u00fablico que o prefeito Sim\u00e3o entrega para a popula\u00e7\u00e3o deste bairro, e que vai beneficiar diretamente cerca de 500 fam\u00edlias de feirantes. A Secretaria de Agricultura fica feliz em, a partir de agora, ficar respons\u00e1vel pela administra\u00e7\u00e3o das feiras livres de nossa Petrolina\u201d, celebrou o secret\u00e1rio.<strong>\u00a0<\/strong><\/p>\n<p style=\"font-weight: 400;\"><strong>\u00a0<\/strong><\/p>\n<p style=\"font-weight: 400;\"><strong>Feiras livres e seu funcionamento:\u00a0<\/strong><\/p>\n<p style=\"font-weight: 400;\">Aos s\u00e1bados as feiras que funcionam s\u00e3o: Areia Branca e Cohab Massangano. Aos domingos funcionam: a do S\u00e3o Gon\u00e7alo, Jo\u00e3o de Deus, Jardim Maravilha (Ouro Preto) e Areia Branca. O hor\u00e1rio \u00e9 das 5h \u00e0s 17h. A feira do Jos\u00e9 e Maria funciona toda segunda-feira, das 5h \u00e0s 18h. Na zona rural, as feiras de Izacol\u00e2ndia e Nova Descoberta funcionam aos domingos, de 5h \u00e0s 12h.<\/p>\n<p style=\"font-weight: 400;\">\n<p style=\"font-weight: 400;\">Texto: Jaquelyne Costa<\/p>\n<p style=\"font-weight: 400;\">Assessora de Comunica\u00e7\u00e3o da Secretaria de Agricultura<\/p>\n","protected":false},"excerpt":{"rendered":"<p>Instalada h\u00e1 25 anos, uma das mais tradicionais feiras livres de Petrolina, a da Cohab Massangano, est\u00e1 completamente reformada e pronta para o retorno do seu funcionamento. A partir deste s\u00e1bado (25), a popula\u00e7\u00e3o poder\u00e1 voltar a sua rotina e acessar os mais de 80 boxes para comercializa\u00e7\u00e3o de variados produtos em uma nova estrutura que contempla acessibilidade, moderniza\u00e7\u00e3o e mais conforto para feirantes e clientes. Para a nova feira, a Prefeitura de Petrolina investiu mais de R$ 2,7 milh\u00f5es, o que propiciou o redesenho arquitet\u00f4nico do equipamento p\u00fablico. O espa\u00e7o teve a implanta\u00e7\u00e3o de um novo piso; acessibilidade com piso t\u00e1til; instala\u00e7\u00e3o de gradis; melhoria na ilumina\u00e7\u00e3o; constru\u00e7\u00e3o de nova estrutura de sanit\u00e1rios; e reforma na infraestrutura el\u00e9trica. A&hellip; <\/p>\n","protected":false},"author":2,"featured_media":336254,"comment_status":"open","ping_status":"open","sticky":false,"template":"","format":"standard","meta":{"_acf_changed":false,"footnotes":""},"categories":[43],"tags":[],"class_list":["post-336744","post","type-post","status-publish","format-standard","has-post-thumbnail","hentry","category-sem-categoria"],"acf":[],"yoast_head":"<!-- This site is optimized with the Yoast SEO plugin v27.4 - https:\/\/yoast.com\/product\/yoast-seo-wordpress\/ -->\n<title>Feira da Cohab Massangano retoma funcionamento a partir deste s\u00e1bado em Petrolina - Blog do Farn\u00e9sio<\/title>\n<meta name=\"robots\" content=\"index, follow, max-snippet:-1, max-image-preview:large, max-video-preview:-1\" \/>\n<link rel=\"canonical\" href=\"https:\/\/blogdofarnesio.com.br\/?p=336744\" \/>\n<meta property=\"og:locale\" content=\"pt_BR\" \/>\n<meta property=\"og:type\" content=\"article\" \/>\n<meta property=\"og:title\" content=\"Feira da Cohab Massangano retoma funcionamento a partir deste s\u00e1bado em Petrolina - Blog do Farn\u00e9sio\" \/>\n<meta property=\"og:description\" content=\"Instalada h\u00e1 25 anos, uma das mais tradicionais feiras livres de Petrolina, a da Cohab Massangano, est\u00e1 completamente reformada e pronta para o retorno do seu funcionamento. A partir deste s\u00e1bado (25), a popula\u00e7\u00e3o poder\u00e1 voltar a sua rotina e acessar os mais de 80 boxes para comercializa\u00e7\u00e3o de variados produtos em uma nova estrutura que contempla acessibilidade, moderniza\u00e7\u00e3o e mais conforto para feirantes e clientes. Para a nova feira, a Prefeitura de Petrolina investiu mais de R$ 2,7 milh\u00f5es, o que propiciou o redesenho arquitet\u00f4nico do equipamento p\u00fablico. O espa\u00e7o teve a implanta\u00e7\u00e3o de um novo piso; acessibilidade com piso t\u00e1til; instala\u00e7\u00e3o de gradis; melhoria na ilumina\u00e7\u00e3o; constru\u00e7\u00e3o de nova estrutura de sanit\u00e1rios; e reforma na infraestrutura el\u00e9trica. A&hellip;\" \/>\n<meta property=\"og:url\" content=\"https:\/\/blogdofarnesio.com.br\/?p=336744\" \/>\n<meta property=\"og:site_name\" content=\"Blog do Farn\u00e9sio\" \/>\n<meta property=\"article:publisher\" content=\"https:\/\/www.facebook.com\/BlogQuerSaberPolitica\/\" \/>\n<meta property=\"article:author\" content=\"https:\/\/www.facebook.com\/?ref=tn_tnmn\" \/>\n<meta property=\"article:published_time\" content=\"2023-03-25T13:00:16+00:00\" \/>\n<meta property=\"og:image\" content=\"https:\/\/blogdofarnesio.com.br\/wp-content\/uploads\/2023\/03\/Patio-Feira-Cohab-Massangano-3-e1679749210723.jpeg\" \/>\n\t<meta property=\"og:image:width\" content=\"600\" \/>\n\t<meta property=\"og:image:height\" content=\"400\" \/>\n\t<meta property=\"og:image:type\" content=\"image\/jpeg\" \/>\n<meta name=\"author\" content=\"Farn\u00e9sio\" \/>\n<meta name=\"twitter:card\" content=\"summary_large_image\" \/>\n<meta name=\"twitter:label1\" content=\"Escrito por\" \/>\n\t<meta name=\"twitter:data1\" content=\"Farn\u00e9sio\" \/>\n\t<meta name=\"twitter:label2\" content=\"Est. tempo de leitura\" \/>\n\t<meta name=\"twitter:data2\" content=\"2 minutos\" \/>\n<script type=\"application\/ld+json\" class=\"yoast-schema-graph\">{\"@context\":\"https:\\\/\\\/schema.org\",\"@graph\":[{\"@type\":\"Article\",\"@id\":\"https:\\\/\\\/blogdofarnesio.com.br\\\/?p=336744#article\",\"isPartOf\":{\"@id\":\"https:\\\/\\\/blogdofarnesio.com.br\\\/?p=336744\"},\"author\":{\"name\":\"Farn\u00e9sio\",\"@id\":\"https:\\\/\\\/blogdofarnesio.com.br\\\/#\\\/schema\\\/person\\\/bb9b23ae3ad0609ce8df7b6c9e76824d\"},\"headline\":\"Feira da Cohab Massangano retoma funcionamento a partir deste s\u00e1bado em Petrolina\",\"datePublished\":\"2023-03-25T13:00:16+00:00\",\"mainEntityOfPage\":{\"@id\":\"https:\\\/\\\/blogdofarnesio.com.br\\\/?p=336744\"},\"wordCount\":381,\"commentCount\":0,\"publisher\":{\"@id\":\"https:\\\/\\\/blogdofarnesio.com.br\\\/#organization\"},\"image\":{\"@id\":\"https:\\\/\\\/blogdofarnesio.com.br\\\/?p=336744#primaryimage\"},\"thumbnailUrl\":\"https:\\\/\\\/blogdofarnesio.com.br\\\/wp-content\\\/uploads\\\/2023\\\/03\\\/Patio-Feira-Cohab-Massangano-3-e1679749210723.jpeg\",\"inLanguage\":\"pt-BR\",\"potentialAction\":[{\"@type\":\"CommentAction\",\"name\":\"Comment\",\"target\":[\"https:\\\/\\\/blogdofarnesio.com.br\\\/?p=336744#respond\"]}]},{\"@type\":\"WebPage\",\"@id\":\"https:\\\/\\\/blogdofarnesio.com.br\\\/?p=336744\",\"url\":\"https:\\\/\\\/blogdofarnesio.com.br\\\/?p=336744\",\"name\":\"Feira da Cohab Massangano retoma funcionamento a partir deste s\u00e1bado em Petrolina - Blog do Farn\u00e9sio\",\"isPartOf\":{\"@id\":\"https:\\\/\\\/blogdofarnesio.com.br\\\/#website\"},\"primaryImageOfPage\":{\"@id\":\"https:\\\/\\\/blogdofarnesio.com.br\\\/?p=336744#primaryimage\"},\"image\":{\"@id\":\"https:\\\/\\\/blogdofarnesio.com.br\\\/?p=336744#primaryimage\"},\"thumbnailUrl\":\"https:\\\/\\\/blogdofarnesio.com.br\\\/wp-content\\\/uploads\\\/2023\\\/03\\\/Patio-Feira-Cohab-Massangano-3-e1679749210723.jpeg\",\"datePublished\":\"2023-03-25T13:00:16+00:00\",\"breadcrumb\":{\"@id\":\"https:\\\/\\\/blogdofarnesio.com.br\\\/?p=336744#breadcrumb\"},\"inLanguage\":\"pt-BR\",\"potentialAction\":[{\"@type\":\"ReadAction\",\"target\":[\"https:\\\/\\\/blogdofarnesio.com.br\\\/?p=336744\"]}]},{\"@type\":\"ImageObject\",\"inLanguage\":\"pt-BR\",\"@id\":\"https:\\\/\\\/blogdofarnesio.com.br\\\/?p=336744#primaryimage\",\"url\":\"https:\\\/\\\/blogdofarnesio.com.br\\\/wp-content\\\/uploads\\\/2023\\\/03\\\/Patio-Feira-Cohab-Massangano-3-e1679749210723.jpeg\",\"contentUrl\":\"https:\\\/\\\/blogdofarnesio.com.br\\\/wp-content\\\/uploads\\\/2023\\\/03\\\/Patio-Feira-Cohab-Massangano-3-e1679749210723.jpeg\",\"width\":600,\"height\":400},{\"@type\":\"BreadcrumbList\",\"@id\":\"https:\\\/\\\/blogdofarnesio.com.br\\\/?p=336744#breadcrumb\",\"itemListElement\":[{\"@type\":\"ListItem\",\"position\":1,\"name\":\"In\u00edcio\",\"item\":\"https:\\\/\\\/blogdofarnesio.com.br\\\/\"},{\"@type\":\"ListItem\",\"position\":2,\"name\":\"Feira da Cohab Massangano retoma funcionamento a partir deste s\u00e1bado em Petrolina\"}]},{\"@type\":\"WebSite\",\"@id\":\"https:\\\/\\\/blogdofarnesio.com.br\\\/#website\",\"url\":\"https:\\\/\\\/blogdofarnesio.com.br\\\/\",\"name\":\"Blog do Farn\u00e9sio\",\"description\":\"Quer Saber Pol\u00edtica?\",\"publisher\":{\"@id\":\"https:\\\/\\\/blogdofarnesio.com.br\\\/#organization\"},\"potentialAction\":[{\"@type\":\"SearchAction\",\"target\":{\"@type\":\"EntryPoint\",\"urlTemplate\":\"https:\\\/\\\/blogdofarnesio.com.br\\\/?s={search_term_string}\"},\"query-input\":{\"@type\":\"PropertyValueSpecification\",\"valueRequired\":true,\"valueName\":\"search_term_string\"}}],\"inLanguage\":\"pt-BR\"},{\"@type\":\"Organization\",\"@id\":\"https:\\\/\\\/blogdofarnesio.com.br\\\/#organization\",\"name\":\"Blog do Farn\u00e9sio\",\"url\":\"https:\\\/\\\/blogdofarnesio.com.br\\\/\",\"logo\":{\"@type\":\"ImageObject\",\"inLanguage\":\"pt-BR\",\"@id\":\"https:\\\/\\\/blogdofarnesio.com.br\\\/#\\\/schema\\\/logo\\\/image\\\/\",\"url\":\"https:\\\/\\\/blogdofarnesio.com.br\\\/wp-content\\\/uploads\\\/2026\\\/03\\\/cropped-logo_new-1.png\",\"contentUrl\":\"https:\\\/\\\/blogdofarnesio.com.br\\\/wp-content\\\/uploads\\\/2026\\\/03\\\/cropped-logo_new-1.png\",\"width\":881,\"height\":685,\"caption\":\"Blog do Farn\u00e9sio\"},\"image\":{\"@id\":\"https:\\\/\\\/blogdofarnesio.com.br\\\/#\\\/schema\\\/logo\\\/image\\\/\"},\"sameAs\":[\"https:\\\/\\\/www.facebook.com\\\/BlogQuerSaberPolitica\\\/\"]},{\"@type\":\"Person\",\"@id\":\"https:\\\/\\\/blogdofarnesio.com.br\\\/#\\\/schema\\\/person\\\/bb9b23ae3ad0609ce8df7b6c9e76824d\",\"name\":\"Farn\u00e9sio\",\"image\":{\"@type\":\"ImageObject\",\"inLanguage\":\"pt-BR\",\"@id\":\"https:\\\/\\\/secure.gravatar.com\\\/avatar\\\/986aa4c61ccdb66f8555bf88fc2a65609d00bcabd4d2d94377a727547345cbca?s=96&d=mm&r=g\",\"url\":\"https:\\\/\\\/secure.gravatar.com\\\/avatar\\\/986aa4c61ccdb66f8555bf88fc2a65609d00bcabd4d2d94377a727547345cbca?s=96&d=mm&r=g\",\"contentUrl\":\"https:\\\/\\\/secure.gravatar.com\\\/avatar\\\/986aa4c61ccdb66f8555bf88fc2a65609d00bcabd4d2d94377a727547345cbca?s=96&d=mm&r=g\",\"caption\":\"Farn\u00e9sio\"},\"description\":\"Radialista blogueiro, chegou a Petrolina\\\/Juazeiro em setembro de 1980, Farn\u00e9sio Silva \u00e9 de Arapiraca-Alagoas.\",\"sameAs\":[\"http:\\\/\\\/blogdofarnesio.com.br\",\"https:\\\/\\\/www.facebook.com\\\/?ref=tn_tnmn\",\"https:\\\/\\\/www.instagram.com\\\/?utm_source=pwa_homescreen\",\"https:\\\/\\\/youtube.com.br\\\/\"],\"url\":\"https:\\\/\\\/blogdofarnesio.com.br\\\/?author=2\"}]}<\/script>\n<!-- \/ Yoast SEO plugin. -->","yoast_head_json":{"title":"Feira da Cohab Massangano retoma funcionamento a partir deste s\u00e1bado em Petrolina - Blog do Farn\u00e9sio","robots":{"index":"index","follow":"follow","max-snippet":"max-snippet:-1","max-image-preview":"max-image-preview:large","max-video-preview":"max-video-preview:-1"},"canonical":"https:\/\/blogdofarnesio.com.br\/?p=336744","og_locale":"pt_BR","og_type":"article","og_title":"Feira da Cohab Massangano retoma funcionamento a partir deste s\u00e1bado em Petrolina - Blog do Farn\u00e9sio","og_description":"Instalada h\u00e1 25 anos, uma das mais tradicionais feiras livres de Petrolina, a da Cohab Massangano, est\u00e1 completamente reformada e pronta para o retorno do seu funcionamento. A partir deste s\u00e1bado (25), a popula\u00e7\u00e3o poder\u00e1 voltar a sua rotina e acessar os mais de 80 boxes para comercializa\u00e7\u00e3o de variados produtos em uma nova estrutura que contempla acessibilidade, moderniza\u00e7\u00e3o e mais conforto para feirantes e clientes. Para a nova feira, a Prefeitura de Petrolina investiu mais de R$ 2,7 milh\u00f5es, o que propiciou o redesenho arquitet\u00f4nico do equipamento p\u00fablico. O espa\u00e7o teve a implanta\u00e7\u00e3o de um novo piso; acessibilidade com piso t\u00e1til; instala\u00e7\u00e3o de gradis; melhoria na ilumina\u00e7\u00e3o; constru\u00e7\u00e3o de nova estrutura de sanit\u00e1rios; e reforma na infraestrutura el\u00e9trica. A&hellip;","og_url":"https:\/\/blogdofarnesio.com.br\/?p=336744","og_site_name":"Blog do Farn\u00e9sio","article_publisher":"https:\/\/www.facebook.com\/BlogQuerSaberPolitica\/","article_author":"https:\/\/www.facebook.com\/?ref=tn_tnmn","article_published_time":"2023-03-25T13:00:16+00:00","og_image":[{"width":600,"height":400,"url":"https:\/\/blogdofarnesio.com.br\/wp-content\/uploads\/2023\/03\/Patio-Feira-Cohab-Massangano-3-e1679749210723.jpeg","type":"image\/jpeg"}],"author":"Farn\u00e9sio","twitter_card":"summary_large_image","twitter_misc":{"Escrito por":"Farn\u00e9sio","Est. tempo de leitura":"2 minutos"},"schema":{"@context":"https:\/\/schema.org","@graph":[{"@type":"Article","@id":"https:\/\/blogdofarnesio.com.br\/?p=336744#article","isPartOf":{"@id":"https:\/\/blogdofarnesio.com.br\/?p=336744"},"author":{"name":"Farn\u00e9sio","@id":"https:\/\/blogdofarnesio.com.br\/#\/schema\/person\/bb9b23ae3ad0609ce8df7b6c9e76824d"},"headline":"Feira da Cohab Massangano retoma funcionamento a partir deste s\u00e1bado em Petrolina","datePublished":"2023-03-25T13:00:16+00:00","mainEntityOfPage":{"@id":"https:\/\/blogdofarnesio.com.br\/?p=336744"},"wordCount":381,"commentCount":0,"publisher":{"@id":"https:\/\/blogdofarnesio.com.br\/#organization"},"image":{"@id":"https:\/\/blogdofarnesio.com.br\/?p=336744#primaryimage"},"thumbnailUrl":"https:\/\/blogdofarnesio.com.br\/wp-content\/uploads\/2023\/03\/Patio-Feira-Cohab-Massangano-3-e1679749210723.jpeg","inLanguage":"pt-BR","potentialAction":[{"@type":"CommentAction","name":"Comment","target":["https:\/\/blogdofarnesio.com.br\/?p=336744#respond"]}]},{"@type":"WebPage","@id":"https:\/\/blogdofarnesio.com.br\/?p=336744","url":"https:\/\/blogdofarnesio.com.br\/?p=336744","name":"Feira da Cohab Massangano retoma funcionamento a partir deste s\u00e1bado em Petrolina - Blog do Farn\u00e9sio","isPartOf":{"@id":"https:\/\/blogdofarnesio.com.br\/#website"},"primaryImageOfPage":{"@id":"https:\/\/blogdofarnesio.com.br\/?p=336744#primaryimage"},"image":{"@id":"https:\/\/blogdofarnesio.com.br\/?p=336744#primaryimage"},"thumbnailUrl":"https:\/\/blogdofarnesio.com.br\/wp-content\/uploads\/2023\/03\/Patio-Feira-Cohab-Massangano-3-e1679749210723.jpeg","datePublished":"2023-03-25T13:00:16+00:00","breadcrumb":{"@id":"https:\/\/blogdofarnesio.com.br\/?p=336744#breadcrumb"},"inLanguage":"pt-BR","potentialAction":[{"@type":"ReadAction","target":["https:\/\/blogdofarnesio.com.br\/?p=336744"]}]},{"@type":"ImageObject","inLanguage":"pt-BR","@id":"https:\/\/blogdofarnesio.com.br\/?p=336744#primaryimage","url":"https:\/\/blogdofarnesio.com.br\/wp-content\/uploads\/2023\/03\/Patio-Feira-Cohab-Massangano-3-e1679749210723.jpeg","contentUrl":"https:\/\/blogdofarnesio.com.br\/wp-content\/uploads\/2023\/03\/Patio-Feira-Cohab-Massangano-3-e1679749210723.jpeg","width":600,"height":400},{"@type":"BreadcrumbList","@id":"https:\/\/blogdofarnesio.com.br\/?p=336744#breadcrumb","itemListElement":[{"@type":"ListItem","position":1,"name":"In\u00edcio","item":"https:\/\/blogdofarnesio.com.br\/"},{"@type":"ListItem","position":2,"name":"Feira da Cohab Massangano retoma funcionamento a partir deste s\u00e1bado em Petrolina"}]},{"@type":"WebSite","@id":"https:\/\/blogdofarnesio.com.br\/#website","url":"https:\/\/blogdofarnesio.com.br\/","name":"Blog do Farn\u00e9sio","description":"Quer Saber Pol\u00edtica?","publisher":{"@id":"https:\/\/blogdofarnesio.com.br\/#organization"},"potentialAction":[{"@type":"SearchAction","target":{"@type":"EntryPoint","urlTemplate":"https:\/\/blogdofarnesio.com.br\/?s={search_term_string}"},"query-input":{"@type":"PropertyValueSpecification","valueRequired":true,"valueName":"search_term_string"}}],"inLanguage":"pt-BR"},{"@type":"Organization","@id":"https:\/\/blogdofarnesio.com.br\/#organization","name":"Blog do Farn\u00e9sio","url":"https:\/\/blogdofarnesio.com.br\/","logo":{"@type":"ImageObject","inLanguage":"pt-BR","@id":"https:\/\/blogdofarnesio.com.br\/#\/schema\/logo\/image\/","url":"https:\/\/blogdofarnesio.com.br\/wp-content\/uploads\/2026\/03\/cropped-logo_new-1.png","contentUrl":"https:\/\/blogdofarnesio.com.br\/wp-content\/uploads\/2026\/03\/cropped-logo_new-1.png","width":881,"height":685,"caption":"Blog do Farn\u00e9sio"},"image":{"@id":"https:\/\/blogdofarnesio.com.br\/#\/schema\/logo\/image\/"},"sameAs":["https:\/\/www.facebook.com\/BlogQuerSaberPolitica\/"]},{"@type":"Person","@id":"https:\/\/blogdofarnesio.com.br\/#\/schema\/person\/bb9b23ae3ad0609ce8df7b6c9e76824d","name":"Farn\u00e9sio","image":{"@type":"ImageObject","inLanguage":"pt-BR","@id":"https:\/\/secure.gravatar.com\/avatar\/986aa4c61ccdb66f8555bf88fc2a65609d00bcabd4d2d94377a727547345cbca?s=96&d=mm&r=g","url":"https:\/\/secure.gravatar.com\/avatar\/986aa4c61ccdb66f8555bf88fc2a65609d00bcabd4d2d94377a727547345cbca?s=96&d=mm&r=g","contentUrl":"https:\/\/secure.gravatar.com\/avatar\/986aa4c61ccdb66f8555bf88fc2a65609d00bcabd4d2d94377a727547345cbca?s=96&d=mm&r=g","caption":"Farn\u00e9sio"},"description":"Radialista blogueiro, chegou a Petrolina\/Juazeiro em setembro de 1980, Farn\u00e9sio Silva \u00e9 de Arapiraca-Alagoas.","sameAs":["http:\/\/blogdofarnesio.com.br","https:\/\/www.facebook.com\/?ref=tn_tnmn","https:\/\/www.instagram.com\/?utm_source=pwa_homescreen","https:\/\/youtube.com.br\/"],"url":"https:\/\/blogdofarnesio.com.br\/?author=2"}]}},"_links":{"self":[{"href":"https:\/\/blogdofarnesio.com.br\/index.php?rest_route=\/wp\/v2\/posts\/336744","targetHints":{"allow":["GET"]}}],"collection":[{"href":"https:\/\/blogdofarnesio.com.br\/index.php?rest_route=\/wp\/v2\/posts"}],"about":[{"href":"https:\/\/blogdofarnesio.com.br\/index.php?rest_route=\/wp\/v2\/types\/post"}],"author":[{"embeddable":true,"href":"https:\/\/blogdofarnesio.com.br\/index.php?rest_route=\/wp\/v2\/users\/2"}],"replies":[{"embeddable":true,"href":"https:\/\/blogdofarnesio.com.br\/index.php?rest_route=%2Fwp%2Fv2%2Fcomments&post=336744"}],"version-history":[{"count":0,"href":"https:\/\/blogdofarnesio.com.br\/index.php?rest_route=\/wp\/v2\/posts\/336744\/revisions"}],"wp:featuredmedia":[{"embeddable":true,"href":"https:\/\/blogdofarnesio.com.br\/index.php?rest_route=\/wp\/v2\/media\/336254"}],"wp:attachment":[{"href":"https:\/\/blogdofarnesio.com.br\/index.php?rest_route=%2Fwp%2Fv2%2Fmedia&parent=336744"}],"wp:term":[{"taxonomy":"category","embeddable":true,"href":"https:\/\/blogdofarnesio.com.br\/index.php?rest_route=%2Fwp%2Fv2%2Fcategories&post=336744"},{"taxonomy":"post_tag","embeddable":true,"href":"https:\/\/blogdofarnesio.com.br\/index.php?rest_route=%2Fwp%2Fv2%2Ftags&post=336744"}],"curies":[{"name":"wp","href":"https:\/\/api.w.org\/{rel}","templated":true}]}}