{"id":336686,"date":"2023-03-26T11:00:00","date_gmt":"2023-03-26T14:00:00","guid":{"rendered":"https:\/\/blogdofarnesio.com.br\/?p=336686"},"modified":"2023-03-25T10:06:18","modified_gmt":"2023-03-25T13:06:18","slug":"apa-petrolina-disputa-1a-fase-do-circuito-paralimpico-de-atletismo","status":"publish","type":"post","link":"https:\/\/blogdofarnesio.com.br\/?p=336686","title":{"rendered":"APA Petrolina disputa 1\u00aa Fase do Circuito Paral\u00edmpico de Atletismo neste domingo"},"content":{"rendered":"<p>A Associa\u00e7\u00e3o Petrolinense de Atletismo (APA) disputa, neste s\u00e1bado (25) e domingo (26), a 1\u00aa Fase Nacional do Circuito Paral\u00edmpico de Atletismo. A competi\u00e7\u00e3o, realizada no Centro de Treinamento Paral\u00edmpico, em S\u00e3o Paulo, reunir\u00e1 mais de 300 atletas de elite e novos talentos do paradesporto brasileiro.<\/p>\n<p>A APA enviou para a competi\u00e7\u00e3o uma delega\u00e7\u00e3o com 18 integrantes. De acordo com o treinador Givanildo Marcos, o objetivo \u00e9 que os atletas consigam resultados expressivos que possam garantir oportunidades em competi\u00e7\u00f5es internacionais.<\/p>\n<p>&#8220;Essa primeira etapa nacional serve para a conquista de boas marcas. \u00c9 uma oportunidade para que cada atleta possa melhorar seus resultados e conquistar melhores coloca\u00e7\u00f5es no ranking\u201d, destacou o treinador.<\/p>\n<p>O Circuito Paral\u00edmpico de Atletismo \u00e9 uma competi\u00e7\u00e3o promovida pelo Comit\u00ea Paral\u00edmpico Brasileiro (CPB). As provas realizadas no per\u00edodo da manh\u00e3 do s\u00e1bado (25) ser\u00e3o transmitidas pelo canal do CPB no YouTube.<\/p>\n","protected":false},"excerpt":{"rendered":"<p>A Associa\u00e7\u00e3o Petrolinense de Atletismo (APA) disputa, neste s\u00e1bado (25) e domingo (26), a 1\u00aa Fase Nacional do Circuito Paral\u00edmpico de Atletismo. A competi\u00e7\u00e3o, realizada no Centro de Treinamento Paral\u00edmpico, em S\u00e3o Paulo, reunir\u00e1 mais de 300 atletas de elite e novos talentos do paradesporto brasileiro. A APA enviou para a competi\u00e7\u00e3o uma delega\u00e7\u00e3o com 18 integrantes. De acordo com o treinador Givanildo Marcos, o objetivo \u00e9 que os atletas consigam resultados expressivos que possam garantir oportunidades em competi\u00e7\u00f5es internacionais. &#8220;Essa primeira etapa nacional serve para a conquista de boas marcas. \u00c9 uma oportunidade para que cada atleta possa melhorar seus resultados e conquistar melhores coloca\u00e7\u00f5es no ranking\u201d, destacou o treinador. O Circuito Paral\u00edmpico de Atletismo \u00e9 uma competi\u00e7\u00e3o promovida&hellip; <\/p>\n","protected":false},"author":2,"featured_media":336687,"comment_status":"open","ping_status":"open","sticky":false,"template":"","format":"standard","meta":{"_acf_changed":false,"footnotes":""},"categories":[8],"tags":[],"class_list":["post-336686","post","type-post","status-publish","format-standard","has-post-thumbnail","hentry","category-esportes"],"acf":[],"yoast_head":"<!-- This site is optimized with the Yoast SEO plugin v27.4 - https:\/\/yoast.com\/product\/yoast-seo-wordpress\/ -->\n<title>APA Petrolina disputa 1\u00aa Fase do Circuito Paral\u00edmpico de Atletismo neste domingo - Blog do Farn\u00e9sio<\/title>\n<meta name=\"robots\" content=\"index, follow, max-snippet:-1, max-image-preview:large, max-video-preview:-1\" \/>\n<link rel=\"canonical\" href=\"https:\/\/blogdofarnesio.com.br\/?p=336686\" \/>\n<meta property=\"og:locale\" content=\"pt_BR\" \/>\n<meta property=\"og:type\" content=\"article\" \/>\n<meta property=\"og:title\" content=\"APA Petrolina disputa 1\u00aa Fase do Circuito Paral\u00edmpico de Atletismo neste domingo - Blog do Farn\u00e9sio\" \/>\n<meta property=\"og:description\" content=\"A Associa\u00e7\u00e3o Petrolinense de Atletismo (APA) disputa, neste s\u00e1bado (25) e domingo (26), a 1\u00aa Fase Nacional do Circuito Paral\u00edmpico de Atletismo. A competi\u00e7\u00e3o, realizada no Centro de Treinamento Paral\u00edmpico, em S\u00e3o Paulo, reunir\u00e1 mais de 300 atletas de elite e novos talentos do paradesporto brasileiro. A APA enviou para a competi\u00e7\u00e3o uma delega\u00e7\u00e3o com 18 integrantes. De acordo com o treinador Givanildo Marcos, o objetivo \u00e9 que os atletas consigam resultados expressivos que possam garantir oportunidades em competi\u00e7\u00f5es internacionais. &#8220;Essa primeira etapa nacional serve para a conquista de boas marcas. \u00c9 uma oportunidade para que cada atleta possa melhorar seus resultados e conquistar melhores coloca\u00e7\u00f5es no ranking\u201d, destacou o treinador. O Circuito Paral\u00edmpico de Atletismo \u00e9 uma competi\u00e7\u00e3o promovida&hellip;\" \/>\n<meta property=\"og:url\" content=\"https:\/\/blogdofarnesio.com.br\/?p=336686\" \/>\n<meta property=\"og:site_name\" content=\"Blog do Farn\u00e9sio\" \/>\n<meta property=\"article:publisher\" content=\"https:\/\/www.facebook.com\/BlogQuerSaberPolitica\/\" \/>\n<meta property=\"article:author\" content=\"https:\/\/www.facebook.com\/?ref=tn_tnmn\" \/>\n<meta property=\"article:published_time\" content=\"2023-03-26T14:00:00+00:00\" \/>\n<meta property=\"og:image\" content=\"https:\/\/blogdofarnesio.com.br\/wp-content\/uploads\/2023\/03\/APA-PETROLINA-e1679695024208.jpg\" \/>\n\t<meta property=\"og:image:width\" content=\"620\" \/>\n\t<meta property=\"og:image:height\" content=\"345\" \/>\n\t<meta property=\"og:image:type\" content=\"image\/jpeg\" \/>\n<meta name=\"author\" content=\"Farn\u00e9sio\" \/>\n<meta name=\"twitter:card\" content=\"summary_large_image\" \/>\n<meta name=\"twitter:label1\" content=\"Escrito por\" \/>\n\t<meta name=\"twitter:data1\" content=\"Farn\u00e9sio\" \/>\n\t<meta name=\"twitter:label2\" content=\"Est. tempo de leitura\" \/>\n\t<meta name=\"twitter:data2\" content=\"1 minuto\" \/>\n<script type=\"application\/ld+json\" class=\"yoast-schema-graph\">{\"@context\":\"https:\\\/\\\/schema.org\",\"@graph\":[{\"@type\":\"Article\",\"@id\":\"https:\\\/\\\/blogdofarnesio.com.br\\\/?p=336686#article\",\"isPartOf\":{\"@id\":\"https:\\\/\\\/blogdofarnesio.com.br\\\/?p=336686\"},\"author\":{\"name\":\"Farn\u00e9sio\",\"@id\":\"https:\\\/\\\/blogdofarnesio.com.br\\\/#\\\/schema\\\/person\\\/bb9b23ae3ad0609ce8df7b6c9e76824d\"},\"headline\":\"APA Petrolina disputa 1\u00aa Fase do Circuito Paral\u00edmpico de Atletismo neste domingo\",\"datePublished\":\"2023-03-26T14:00:00+00:00\",\"mainEntityOfPage\":{\"@id\":\"https:\\\/\\\/blogdofarnesio.com.br\\\/?p=336686\"},\"wordCount\":162,\"commentCount\":0,\"publisher\":{\"@id\":\"https:\\\/\\\/blogdofarnesio.com.br\\\/#organization\"},\"image\":{\"@id\":\"https:\\\/\\\/blogdofarnesio.com.br\\\/?p=336686#primaryimage\"},\"thumbnailUrl\":\"https:\\\/\\\/blogdofarnesio.com.br\\\/wp-content\\\/uploads\\\/2023\\\/03\\\/APA-PETROLINA-e1679695024208.jpg\",\"articleSection\":[\"Esportes\"],\"inLanguage\":\"pt-BR\",\"potentialAction\":[{\"@type\":\"CommentAction\",\"name\":\"Comment\",\"target\":[\"https:\\\/\\\/blogdofarnesio.com.br\\\/?p=336686#respond\"]}]},{\"@type\":\"WebPage\",\"@id\":\"https:\\\/\\\/blogdofarnesio.com.br\\\/?p=336686\",\"url\":\"https:\\\/\\\/blogdofarnesio.com.br\\\/?p=336686\",\"name\":\"APA Petrolina disputa 1\u00aa Fase do Circuito Paral\u00edmpico de Atletismo neste domingo - Blog do Farn\u00e9sio\",\"isPartOf\":{\"@id\":\"https:\\\/\\\/blogdofarnesio.com.br\\\/#website\"},\"primaryImageOfPage\":{\"@id\":\"https:\\\/\\\/blogdofarnesio.com.br\\\/?p=336686#primaryimage\"},\"image\":{\"@id\":\"https:\\\/\\\/blogdofarnesio.com.br\\\/?p=336686#primaryimage\"},\"thumbnailUrl\":\"https:\\\/\\\/blogdofarnesio.com.br\\\/wp-content\\\/uploads\\\/2023\\\/03\\\/APA-PETROLINA-e1679695024208.jpg\",\"datePublished\":\"2023-03-26T14:00:00+00:00\",\"breadcrumb\":{\"@id\":\"https:\\\/\\\/blogdofarnesio.com.br\\\/?p=336686#breadcrumb\"},\"inLanguage\":\"pt-BR\",\"potentialAction\":[{\"@type\":\"ReadAction\",\"target\":[\"https:\\\/\\\/blogdofarnesio.com.br\\\/?p=336686\"]}]},{\"@type\":\"ImageObject\",\"inLanguage\":\"pt-BR\",\"@id\":\"https:\\\/\\\/blogdofarnesio.com.br\\\/?p=336686#primaryimage\",\"url\":\"https:\\\/\\\/blogdofarnesio.com.br\\\/wp-content\\\/uploads\\\/2023\\\/03\\\/APA-PETROLINA-e1679695024208.jpg\",\"contentUrl\":\"https:\\\/\\\/blogdofarnesio.com.br\\\/wp-content\\\/uploads\\\/2023\\\/03\\\/APA-PETROLINA-e1679695024208.jpg\",\"width\":620,\"height\":345},{\"@type\":\"BreadcrumbList\",\"@id\":\"https:\\\/\\\/blogdofarnesio.com.br\\\/?p=336686#breadcrumb\",\"itemListElement\":[{\"@type\":\"ListItem\",\"position\":1,\"name\":\"In\u00edcio\",\"item\":\"https:\\\/\\\/blogdofarnesio.com.br\\\/\"},{\"@type\":\"ListItem\",\"position\":2,\"name\":\"APA Petrolina disputa 1\u00aa Fase do Circuito Paral\u00edmpico de Atletismo neste domingo\"}]},{\"@type\":\"WebSite\",\"@id\":\"https:\\\/\\\/blogdofarnesio.com.br\\\/#website\",\"url\":\"https:\\\/\\\/blogdofarnesio.com.br\\\/\",\"name\":\"Blog do Farn\u00e9sio\",\"description\":\"Quer Saber Pol\u00edtica?\",\"publisher\":{\"@id\":\"https:\\\/\\\/blogdofarnesio.com.br\\\/#organization\"},\"potentialAction\":[{\"@type\":\"SearchAction\",\"target\":{\"@type\":\"EntryPoint\",\"urlTemplate\":\"https:\\\/\\\/blogdofarnesio.com.br\\\/?s={search_term_string}\"},\"query-input\":{\"@type\":\"PropertyValueSpecification\",\"valueRequired\":true,\"valueName\":\"search_term_string\"}}],\"inLanguage\":\"pt-BR\"},{\"@type\":\"Organization\",\"@id\":\"https:\\\/\\\/blogdofarnesio.com.br\\\/#organization\",\"name\":\"Blog do Farn\u00e9sio\",\"url\":\"https:\\\/\\\/blogdofarnesio.com.br\\\/\",\"logo\":{\"@type\":\"ImageObject\",\"inLanguage\":\"pt-BR\",\"@id\":\"https:\\\/\\\/blogdofarnesio.com.br\\\/#\\\/schema\\\/logo\\\/image\\\/\",\"url\":\"https:\\\/\\\/blogdofarnesio.com.br\\\/wp-content\\\/uploads\\\/2026\\\/03\\\/cropped-logo_new-1.png\",\"contentUrl\":\"https:\\\/\\\/blogdofarnesio.com.br\\\/wp-content\\\/uploads\\\/2026\\\/03\\\/cropped-logo_new-1.png\",\"width\":881,\"height\":685,\"caption\":\"Blog do Farn\u00e9sio\"},\"image\":{\"@id\":\"https:\\\/\\\/blogdofarnesio.com.br\\\/#\\\/schema\\\/logo\\\/image\\\/\"},\"sameAs\":[\"https:\\\/\\\/www.facebook.com\\\/BlogQuerSaberPolitica\\\/\"]},{\"@type\":\"Person\",\"@id\":\"https:\\\/\\\/blogdofarnesio.com.br\\\/#\\\/schema\\\/person\\\/bb9b23ae3ad0609ce8df7b6c9e76824d\",\"name\":\"Farn\u00e9sio\",\"image\":{\"@type\":\"ImageObject\",\"inLanguage\":\"pt-BR\",\"@id\":\"https:\\\/\\\/secure.gravatar.com\\\/avatar\\\/986aa4c61ccdb66f8555bf88fc2a65609d00bcabd4d2d94377a727547345cbca?s=96&d=mm&r=g\",\"url\":\"https:\\\/\\\/secure.gravatar.com\\\/avatar\\\/986aa4c61ccdb66f8555bf88fc2a65609d00bcabd4d2d94377a727547345cbca?s=96&d=mm&r=g\",\"contentUrl\":\"https:\\\/\\\/secure.gravatar.com\\\/avatar\\\/986aa4c61ccdb66f8555bf88fc2a65609d00bcabd4d2d94377a727547345cbca?s=96&d=mm&r=g\",\"caption\":\"Farn\u00e9sio\"},\"description\":\"Radialista blogueiro, chegou a Petrolina\\\/Juazeiro em setembro de 1980, Farn\u00e9sio Silva \u00e9 de Arapiraca-Alagoas.\",\"sameAs\":[\"http:\\\/\\\/blogdofarnesio.com.br\",\"https:\\\/\\\/www.facebook.com\\\/?ref=tn_tnmn\",\"https:\\\/\\\/www.instagram.com\\\/?utm_source=pwa_homescreen\",\"https:\\\/\\\/youtube.com.br\\\/\"],\"url\":\"https:\\\/\\\/blogdofarnesio.com.br\\\/?author=2\"}]}<\/script>\n<!-- \/ Yoast SEO plugin. -->","yoast_head_json":{"title":"APA Petrolina disputa 1\u00aa Fase do Circuito Paral\u00edmpico de Atletismo neste domingo - Blog do Farn\u00e9sio","robots":{"index":"index","follow":"follow","max-snippet":"max-snippet:-1","max-image-preview":"max-image-preview:large","max-video-preview":"max-video-preview:-1"},"canonical":"https:\/\/blogdofarnesio.com.br\/?p=336686","og_locale":"pt_BR","og_type":"article","og_title":"APA Petrolina disputa 1\u00aa Fase do Circuito Paral\u00edmpico de Atletismo neste domingo - Blog do Farn\u00e9sio","og_description":"A Associa\u00e7\u00e3o Petrolinense de Atletismo (APA) disputa, neste s\u00e1bado (25) e domingo (26), a 1\u00aa Fase Nacional do Circuito Paral\u00edmpico de Atletismo. A competi\u00e7\u00e3o, realizada no Centro de Treinamento Paral\u00edmpico, em S\u00e3o Paulo, reunir\u00e1 mais de 300 atletas de elite e novos talentos do paradesporto brasileiro. A APA enviou para a competi\u00e7\u00e3o uma delega\u00e7\u00e3o com 18 integrantes. De acordo com o treinador Givanildo Marcos, o objetivo \u00e9 que os atletas consigam resultados expressivos que possam garantir oportunidades em competi\u00e7\u00f5es internacionais. &#8220;Essa primeira etapa nacional serve para a conquista de boas marcas. \u00c9 uma oportunidade para que cada atleta possa melhorar seus resultados e conquistar melhores coloca\u00e7\u00f5es no ranking\u201d, destacou o treinador. O Circuito Paral\u00edmpico de Atletismo \u00e9 uma competi\u00e7\u00e3o promovida&hellip;","og_url":"https:\/\/blogdofarnesio.com.br\/?p=336686","og_site_name":"Blog do Farn\u00e9sio","article_publisher":"https:\/\/www.facebook.com\/BlogQuerSaberPolitica\/","article_author":"https:\/\/www.facebook.com\/?ref=tn_tnmn","article_published_time":"2023-03-26T14:00:00+00:00","og_image":[{"width":620,"height":345,"url":"https:\/\/blogdofarnesio.com.br\/wp-content\/uploads\/2023\/03\/APA-PETROLINA-e1679695024208.jpg","type":"image\/jpeg"}],"author":"Farn\u00e9sio","twitter_card":"summary_large_image","twitter_misc":{"Escrito por":"Farn\u00e9sio","Est. tempo de leitura":"1 minuto"},"schema":{"@context":"https:\/\/schema.org","@graph":[{"@type":"Article","@id":"https:\/\/blogdofarnesio.com.br\/?p=336686#article","isPartOf":{"@id":"https:\/\/blogdofarnesio.com.br\/?p=336686"},"author":{"name":"Farn\u00e9sio","@id":"https:\/\/blogdofarnesio.com.br\/#\/schema\/person\/bb9b23ae3ad0609ce8df7b6c9e76824d"},"headline":"APA Petrolina disputa 1\u00aa Fase do Circuito Paral\u00edmpico de Atletismo neste domingo","datePublished":"2023-03-26T14:00:00+00:00","mainEntityOfPage":{"@id":"https:\/\/blogdofarnesio.com.br\/?p=336686"},"wordCount":162,"commentCount":0,"publisher":{"@id":"https:\/\/blogdofarnesio.com.br\/#organization"},"image":{"@id":"https:\/\/blogdofarnesio.com.br\/?p=336686#primaryimage"},"thumbnailUrl":"https:\/\/blogdofarnesio.com.br\/wp-content\/uploads\/2023\/03\/APA-PETROLINA-e1679695024208.jpg","articleSection":["Esportes"],"inLanguage":"pt-BR","potentialAction":[{"@type":"CommentAction","name":"Comment","target":["https:\/\/blogdofarnesio.com.br\/?p=336686#respond"]}]},{"@type":"WebPage","@id":"https:\/\/blogdofarnesio.com.br\/?p=336686","url":"https:\/\/blogdofarnesio.com.br\/?p=336686","name":"APA Petrolina disputa 1\u00aa Fase do Circuito Paral\u00edmpico de Atletismo neste domingo - Blog do Farn\u00e9sio","isPartOf":{"@id":"https:\/\/blogdofarnesio.com.br\/#website"},"primaryImageOfPage":{"@id":"https:\/\/blogdofarnesio.com.br\/?p=336686#primaryimage"},"image":{"@id":"https:\/\/blogdofarnesio.com.br\/?p=336686#primaryimage"},"thumbnailUrl":"https:\/\/blogdofarnesio.com.br\/wp-content\/uploads\/2023\/03\/APA-PETROLINA-e1679695024208.jpg","datePublished":"2023-03-26T14:00:00+00:00","breadcrumb":{"@id":"https:\/\/blogdofarnesio.com.br\/?p=336686#breadcrumb"},"inLanguage":"pt-BR","potentialAction":[{"@type":"ReadAction","target":["https:\/\/blogdofarnesio.com.br\/?p=336686"]}]},{"@type":"ImageObject","inLanguage":"pt-BR","@id":"https:\/\/blogdofarnesio.com.br\/?p=336686#primaryimage","url":"https:\/\/blogdofarnesio.com.br\/wp-content\/uploads\/2023\/03\/APA-PETROLINA-e1679695024208.jpg","contentUrl":"https:\/\/blogdofarnesio.com.br\/wp-content\/uploads\/2023\/03\/APA-PETROLINA-e1679695024208.jpg","width":620,"height":345},{"@type":"BreadcrumbList","@id":"https:\/\/blogdofarnesio.com.br\/?p=336686#breadcrumb","itemListElement":[{"@type":"ListItem","position":1,"name":"In\u00edcio","item":"https:\/\/blogdofarnesio.com.br\/"},{"@type":"ListItem","position":2,"name":"APA Petrolina disputa 1\u00aa Fase do Circuito Paral\u00edmpico de Atletismo neste domingo"}]},{"@type":"WebSite","@id":"https:\/\/blogdofarnesio.com.br\/#website","url":"https:\/\/blogdofarnesio.com.br\/","name":"Blog do Farn\u00e9sio","description":"Quer Saber Pol\u00edtica?","publisher":{"@id":"https:\/\/blogdofarnesio.com.br\/#organization"},"potentialAction":[{"@type":"SearchAction","target":{"@type":"EntryPoint","urlTemplate":"https:\/\/blogdofarnesio.com.br\/?s={search_term_string}"},"query-input":{"@type":"PropertyValueSpecification","valueRequired":true,"valueName":"search_term_string"}}],"inLanguage":"pt-BR"},{"@type":"Organization","@id":"https:\/\/blogdofarnesio.com.br\/#organization","name":"Blog do Farn\u00e9sio","url":"https:\/\/blogdofarnesio.com.br\/","logo":{"@type":"ImageObject","inLanguage":"pt-BR","@id":"https:\/\/blogdofarnesio.com.br\/#\/schema\/logo\/image\/","url":"https:\/\/blogdofarnesio.com.br\/wp-content\/uploads\/2026\/03\/cropped-logo_new-1.png","contentUrl":"https:\/\/blogdofarnesio.com.br\/wp-content\/uploads\/2026\/03\/cropped-logo_new-1.png","width":881,"height":685,"caption":"Blog do Farn\u00e9sio"},"image":{"@id":"https:\/\/blogdofarnesio.com.br\/#\/schema\/logo\/image\/"},"sameAs":["https:\/\/www.facebook.com\/BlogQuerSaberPolitica\/"]},{"@type":"Person","@id":"https:\/\/blogdofarnesio.com.br\/#\/schema\/person\/bb9b23ae3ad0609ce8df7b6c9e76824d","name":"Farn\u00e9sio","image":{"@type":"ImageObject","inLanguage":"pt-BR","@id":"https:\/\/secure.gravatar.com\/avatar\/986aa4c61ccdb66f8555bf88fc2a65609d00bcabd4d2d94377a727547345cbca?s=96&d=mm&r=g","url":"https:\/\/secure.gravatar.com\/avatar\/986aa4c61ccdb66f8555bf88fc2a65609d00bcabd4d2d94377a727547345cbca?s=96&d=mm&r=g","contentUrl":"https:\/\/secure.gravatar.com\/avatar\/986aa4c61ccdb66f8555bf88fc2a65609d00bcabd4d2d94377a727547345cbca?s=96&d=mm&r=g","caption":"Farn\u00e9sio"},"description":"Radialista blogueiro, chegou a Petrolina\/Juazeiro em setembro de 1980, Farn\u00e9sio Silva \u00e9 de Arapiraca-Alagoas.","sameAs":["http:\/\/blogdofarnesio.com.br","https:\/\/www.facebook.com\/?ref=tn_tnmn","https:\/\/www.instagram.com\/?utm_source=pwa_homescreen","https:\/\/youtube.com.br\/"],"url":"https:\/\/blogdofarnesio.com.br\/?author=2"}]}},"_links":{"self":[{"href":"https:\/\/blogdofarnesio.com.br\/index.php?rest_route=\/wp\/v2\/posts\/336686","targetHints":{"allow":["GET"]}}],"collection":[{"href":"https:\/\/blogdofarnesio.com.br\/index.php?rest_route=\/wp\/v2\/posts"}],"about":[{"href":"https:\/\/blogdofarnesio.com.br\/index.php?rest_route=\/wp\/v2\/types\/post"}],"author":[{"embeddable":true,"href":"https:\/\/blogdofarnesio.com.br\/index.php?rest_route=\/wp\/v2\/users\/2"}],"replies":[{"embeddable":true,"href":"https:\/\/blogdofarnesio.com.br\/index.php?rest_route=%2Fwp%2Fv2%2Fcomments&post=336686"}],"version-history":[{"count":0,"href":"https:\/\/blogdofarnesio.com.br\/index.php?rest_route=\/wp\/v2\/posts\/336686\/revisions"}],"wp:featuredmedia":[{"embeddable":true,"href":"https:\/\/blogdofarnesio.com.br\/index.php?rest_route=\/wp\/v2\/media\/336687"}],"wp:attachment":[{"href":"https:\/\/blogdofarnesio.com.br\/index.php?rest_route=%2Fwp%2Fv2%2Fmedia&parent=336686"}],"wp:term":[{"taxonomy":"category","embeddable":true,"href":"https:\/\/blogdofarnesio.com.br\/index.php?rest_route=%2Fwp%2Fv2%2Fcategories&post=336686"},{"taxonomy":"post_tag","embeddable":true,"href":"https:\/\/blogdofarnesio.com.br\/index.php?rest_route=%2Fwp%2Fv2%2Ftags&post=336686"}],"curies":[{"name":"wp","href":"https:\/\/api.w.org\/{rel}","templated":true}]}}