{"id":336679,"date":"2023-03-25T09:00:30","date_gmt":"2023-03-25T12:00:30","guid":{"rendered":"https:\/\/blogdofarnesio.com.br\/?p=336679"},"modified":"2023-03-24T18:53:21","modified_gmt":"2023-03-24T21:53:21","slug":"conteiner-de-lixo-instalado-pela-prefeitura-de-juazeiro-e-alvo-de-vandalismo-no-residencial-sao-francisco","status":"publish","type":"post","link":"https:\/\/blogdofarnesio.com.br\/?p=336679","title":{"rendered":"Cont\u00eainer de lixo instalado pela Prefeitura de Juazeiro \u00e9 alvo de vandalismo no Residencial S\u00e3o Francisco"},"content":{"rendered":"<p>Um cont\u00eainer de lixo instalado pela Prefeitura de Juazeiro, por meio do Servi\u00e7o de \u00c1gua e Saneamento Ambiental (SAAE), no Residencial S\u00e3o Francisco, foi alvo de vandalismo quinta-feira (23). A caixa coletora foi queimada.<\/p>\n<p>O SAAE possui cont\u00eaineres de lixo instalados em diversos pontos estrat\u00e9gicos da cidade, na sede e no interior, com o intuito de abrigar sacolas grandes de lixo urbano e facilitar o trabalho dos garis. O cont\u00eainer foi retirado do local e segue para restaura\u00e7\u00e3o.<\/p>\n<p>\u201c\u00c9 lament\u00e1vel que a\u00e7\u00f5es como essa ocorram, uma vez que os cont\u00eaineres s\u00e3o um bem p\u00fablico, de todos, que buscam diminuir as sacolas de lixo espalhadas pelas ruas, organizar melhor a coleta e algu\u00e9m acaba realizando uma a\u00e7\u00e3o dessas, que prejudica todos os moradores do bairro\u201d, ressalta a coordenadora de res\u00edduos s\u00f3lidos, Yana Maggie.<\/p>\n<p>&#8220;\u00c9 necess\u00e1rio que a popula\u00e7\u00e3o seja nossa parceira, no sentido de conseguir deixar a nossa cidade limpa, organizada e auxilie nos cuidados com os patrim\u00f4nios p\u00fablicos&#8221;, finalizou o diretor-presidente do SAAE, Anderson Freire.<\/p>\n<p><b>Den\u00fancia<br \/>\n<\/b>Atos de vandalismo s\u00e3o considerados crime conforme previsto no artigo 163, par\u00e1grafo \u00fanico, inciso III, do C\u00f3digo Penal Brasileiro, o autor do delito fica sujeito \u00e0 pris\u00e3o e multa, por danos ao patrim\u00f4nio p\u00fablico. Caso a popula\u00e7\u00e3o presencie alguma a\u00e7\u00e3o suspeita, a orienta\u00e7\u00e3o \u00e9 denunciar junto \u00e0 Guarda Civil Municipal pelos n\u00fameros 153 e (74) 3611.9880 ou \u00e0 Pol\u00edcia Militar no 190.<\/p>\n<div>\n<div dir=\"ltr\" data-smartmail=\"gmail_signature\">\n<div dir=\"ltr\">&#8212;-<\/div>\n<div dir=\"ltr\">Texto: Karem Moraes \/ Assessora de Imprensa do SAAE<\/div>\n<\/div>\n<\/div>\n","protected":false},"excerpt":{"rendered":"<p>Um cont\u00eainer de lixo instalado pela Prefeitura de Juazeiro, por meio do Servi\u00e7o de \u00c1gua e Saneamento Ambiental (SAAE), no Residencial S\u00e3o Francisco, foi alvo de vandalismo quinta-feira (23). A caixa coletora foi queimada. O SAAE possui cont\u00eaineres de lixo instalados em diversos pontos estrat\u00e9gicos da cidade, na sede e no interior, com o intuito de abrigar sacolas grandes de lixo urbano e facilitar o trabalho dos garis. O cont\u00eainer foi retirado do local e segue para restaura\u00e7\u00e3o. \u201c\u00c9 lament\u00e1vel que a\u00e7\u00f5es como essa ocorram, uma vez que os cont\u00eaineres s\u00e3o um bem p\u00fablico, de todos, que buscam diminuir as sacolas de lixo espalhadas pelas ruas, organizar melhor a coleta e algu\u00e9m acaba realizando uma a\u00e7\u00e3o dessas, que prejudica todos&hellip; <\/p>\n","protected":false},"author":2,"featured_media":336680,"comment_status":"open","ping_status":"open","sticky":false,"template":"","format":"standard","meta":{"_acf_changed":false,"footnotes":""},"categories":[9],"tags":[],"class_list":["post-336679","post","type-post","status-publish","format-standard","has-post-thumbnail","hentry","category-policia"],"acf":[],"yoast_head":"<!-- This site is optimized with the Yoast SEO plugin v27.4 - https:\/\/yoast.com\/product\/yoast-seo-wordpress\/ -->\n<title>Cont\u00eainer de lixo instalado pela Prefeitura de Juazeiro \u00e9 alvo de vandalismo no Residencial S\u00e3o Francisco - Blog do Farn\u00e9sio<\/title>\n<meta name=\"robots\" content=\"index, follow, max-snippet:-1, max-image-preview:large, max-video-preview:-1\" \/>\n<link rel=\"canonical\" href=\"https:\/\/blogdofarnesio.com.br\/?p=336679\" \/>\n<meta property=\"og:locale\" content=\"pt_BR\" \/>\n<meta property=\"og:type\" content=\"article\" \/>\n<meta property=\"og:title\" content=\"Cont\u00eainer de lixo instalado pela Prefeitura de Juazeiro \u00e9 alvo de vandalismo no Residencial S\u00e3o Francisco - Blog do Farn\u00e9sio\" \/>\n<meta property=\"og:description\" content=\"Um cont\u00eainer de lixo instalado pela Prefeitura de Juazeiro, por meio do Servi\u00e7o de \u00c1gua e Saneamento Ambiental (SAAE), no Residencial S\u00e3o Francisco, foi alvo de vandalismo quinta-feira (23). A caixa coletora foi queimada. O SAAE possui cont\u00eaineres de lixo instalados em diversos pontos estrat\u00e9gicos da cidade, na sede e no interior, com o intuito de abrigar sacolas grandes de lixo urbano e facilitar o trabalho dos garis. O cont\u00eainer foi retirado do local e segue para restaura\u00e7\u00e3o. \u201c\u00c9 lament\u00e1vel que a\u00e7\u00f5es como essa ocorram, uma vez que os cont\u00eaineres s\u00e3o um bem p\u00fablico, de todos, que buscam diminuir as sacolas de lixo espalhadas pelas ruas, organizar melhor a coleta e algu\u00e9m acaba realizando uma a\u00e7\u00e3o dessas, que prejudica todos&hellip;\" \/>\n<meta property=\"og:url\" content=\"https:\/\/blogdofarnesio.com.br\/?p=336679\" \/>\n<meta property=\"og:site_name\" content=\"Blog do Farn\u00e9sio\" \/>\n<meta property=\"article:publisher\" content=\"https:\/\/www.facebook.com\/BlogQuerSaberPolitica\/\" \/>\n<meta property=\"article:author\" content=\"https:\/\/www.facebook.com\/?ref=tn_tnmn\" \/>\n<meta property=\"article:published_time\" content=\"2023-03-25T12:00:30+00:00\" \/>\n<meta property=\"og:image\" content=\"https:\/\/blogdofarnesio.com.br\/wp-content\/uploads\/2023\/03\/Conteiner-queimado-e1679694757145.jpeg\" \/>\n\t<meta property=\"og:image:width\" content=\"680\" \/>\n\t<meta property=\"og:image:height\" content=\"362\" \/>\n\t<meta property=\"og:image:type\" content=\"image\/jpeg\" \/>\n<meta name=\"author\" content=\"Farn\u00e9sio\" \/>\n<meta name=\"twitter:card\" content=\"summary_large_image\" \/>\n<meta name=\"twitter:label1\" content=\"Escrito por\" \/>\n\t<meta name=\"twitter:data1\" content=\"Farn\u00e9sio\" \/>\n\t<meta name=\"twitter:label2\" content=\"Est. tempo de leitura\" \/>\n\t<meta name=\"twitter:data2\" content=\"2 minutos\" \/>\n<script type=\"application\/ld+json\" class=\"yoast-schema-graph\">{\"@context\":\"https:\\\/\\\/schema.org\",\"@graph\":[{\"@type\":\"Article\",\"@id\":\"https:\\\/\\\/blogdofarnesio.com.br\\\/?p=336679#article\",\"isPartOf\":{\"@id\":\"https:\\\/\\\/blogdofarnesio.com.br\\\/?p=336679\"},\"author\":{\"name\":\"Farn\u00e9sio\",\"@id\":\"https:\\\/\\\/blogdofarnesio.com.br\\\/#\\\/schema\\\/person\\\/bb9b23ae3ad0609ce8df7b6c9e76824d\"},\"headline\":\"Cont\u00eainer de lixo instalado pela Prefeitura de Juazeiro \u00e9 alvo de vandalismo no Residencial S\u00e3o Francisco\",\"datePublished\":\"2023-03-25T12:00:30+00:00\",\"mainEntityOfPage\":{\"@id\":\"https:\\\/\\\/blogdofarnesio.com.br\\\/?p=336679\"},\"wordCount\":274,\"commentCount\":0,\"publisher\":{\"@id\":\"https:\\\/\\\/blogdofarnesio.com.br\\\/#organization\"},\"image\":{\"@id\":\"https:\\\/\\\/blogdofarnesio.com.br\\\/?p=336679#primaryimage\"},\"thumbnailUrl\":\"https:\\\/\\\/blogdofarnesio.com.br\\\/wp-content\\\/uploads\\\/2023\\\/03\\\/Conteiner-queimado-e1679694757145.jpeg\",\"articleSection\":[\"Pol\u00edcia\"],\"inLanguage\":\"pt-BR\",\"potentialAction\":[{\"@type\":\"CommentAction\",\"name\":\"Comment\",\"target\":[\"https:\\\/\\\/blogdofarnesio.com.br\\\/?p=336679#respond\"]}]},{\"@type\":\"WebPage\",\"@id\":\"https:\\\/\\\/blogdofarnesio.com.br\\\/?p=336679\",\"url\":\"https:\\\/\\\/blogdofarnesio.com.br\\\/?p=336679\",\"name\":\"Cont\u00eainer de lixo instalado pela Prefeitura de Juazeiro \u00e9 alvo de vandalismo no Residencial S\u00e3o Francisco - Blog do Farn\u00e9sio\",\"isPartOf\":{\"@id\":\"https:\\\/\\\/blogdofarnesio.com.br\\\/#website\"},\"primaryImageOfPage\":{\"@id\":\"https:\\\/\\\/blogdofarnesio.com.br\\\/?p=336679#primaryimage\"},\"image\":{\"@id\":\"https:\\\/\\\/blogdofarnesio.com.br\\\/?p=336679#primaryimage\"},\"thumbnailUrl\":\"https:\\\/\\\/blogdofarnesio.com.br\\\/wp-content\\\/uploads\\\/2023\\\/03\\\/Conteiner-queimado-e1679694757145.jpeg\",\"datePublished\":\"2023-03-25T12:00:30+00:00\",\"breadcrumb\":{\"@id\":\"https:\\\/\\\/blogdofarnesio.com.br\\\/?p=336679#breadcrumb\"},\"inLanguage\":\"pt-BR\",\"potentialAction\":[{\"@type\":\"ReadAction\",\"target\":[\"https:\\\/\\\/blogdofarnesio.com.br\\\/?p=336679\"]}]},{\"@type\":\"ImageObject\",\"inLanguage\":\"pt-BR\",\"@id\":\"https:\\\/\\\/blogdofarnesio.com.br\\\/?p=336679#primaryimage\",\"url\":\"https:\\\/\\\/blogdofarnesio.com.br\\\/wp-content\\\/uploads\\\/2023\\\/03\\\/Conteiner-queimado-e1679694757145.jpeg\",\"contentUrl\":\"https:\\\/\\\/blogdofarnesio.com.br\\\/wp-content\\\/uploads\\\/2023\\\/03\\\/Conteiner-queimado-e1679694757145.jpeg\",\"width\":680,\"height\":362},{\"@type\":\"BreadcrumbList\",\"@id\":\"https:\\\/\\\/blogdofarnesio.com.br\\\/?p=336679#breadcrumb\",\"itemListElement\":[{\"@type\":\"ListItem\",\"position\":1,\"name\":\"In\u00edcio\",\"item\":\"https:\\\/\\\/blogdofarnesio.com.br\\\/\"},{\"@type\":\"ListItem\",\"position\":2,\"name\":\"Cont\u00eainer de lixo instalado pela Prefeitura de Juazeiro \u00e9 alvo de vandalismo no Residencial S\u00e3o Francisco\"}]},{\"@type\":\"WebSite\",\"@id\":\"https:\\\/\\\/blogdofarnesio.com.br\\\/#website\",\"url\":\"https:\\\/\\\/blogdofarnesio.com.br\\\/\",\"name\":\"Blog do Farn\u00e9sio\",\"description\":\"Quer Saber Pol\u00edtica?\",\"publisher\":{\"@id\":\"https:\\\/\\\/blogdofarnesio.com.br\\\/#organization\"},\"potentialAction\":[{\"@type\":\"SearchAction\",\"target\":{\"@type\":\"EntryPoint\",\"urlTemplate\":\"https:\\\/\\\/blogdofarnesio.com.br\\\/?s={search_term_string}\"},\"query-input\":{\"@type\":\"PropertyValueSpecification\",\"valueRequired\":true,\"valueName\":\"search_term_string\"}}],\"inLanguage\":\"pt-BR\"},{\"@type\":\"Organization\",\"@id\":\"https:\\\/\\\/blogdofarnesio.com.br\\\/#organization\",\"name\":\"Blog do Farn\u00e9sio\",\"url\":\"https:\\\/\\\/blogdofarnesio.com.br\\\/\",\"logo\":{\"@type\":\"ImageObject\",\"inLanguage\":\"pt-BR\",\"@id\":\"https:\\\/\\\/blogdofarnesio.com.br\\\/#\\\/schema\\\/logo\\\/image\\\/\",\"url\":\"https:\\\/\\\/blogdofarnesio.com.br\\\/wp-content\\\/uploads\\\/2026\\\/03\\\/cropped-logo_new-1.png\",\"contentUrl\":\"https:\\\/\\\/blogdofarnesio.com.br\\\/wp-content\\\/uploads\\\/2026\\\/03\\\/cropped-logo_new-1.png\",\"width\":881,\"height\":685,\"caption\":\"Blog do Farn\u00e9sio\"},\"image\":{\"@id\":\"https:\\\/\\\/blogdofarnesio.com.br\\\/#\\\/schema\\\/logo\\\/image\\\/\"},\"sameAs\":[\"https:\\\/\\\/www.facebook.com\\\/BlogQuerSaberPolitica\\\/\"]},{\"@type\":\"Person\",\"@id\":\"https:\\\/\\\/blogdofarnesio.com.br\\\/#\\\/schema\\\/person\\\/bb9b23ae3ad0609ce8df7b6c9e76824d\",\"name\":\"Farn\u00e9sio\",\"image\":{\"@type\":\"ImageObject\",\"inLanguage\":\"pt-BR\",\"@id\":\"https:\\\/\\\/secure.gravatar.com\\\/avatar\\\/986aa4c61ccdb66f8555bf88fc2a65609d00bcabd4d2d94377a727547345cbca?s=96&d=mm&r=g\",\"url\":\"https:\\\/\\\/secure.gravatar.com\\\/avatar\\\/986aa4c61ccdb66f8555bf88fc2a65609d00bcabd4d2d94377a727547345cbca?s=96&d=mm&r=g\",\"contentUrl\":\"https:\\\/\\\/secure.gravatar.com\\\/avatar\\\/986aa4c61ccdb66f8555bf88fc2a65609d00bcabd4d2d94377a727547345cbca?s=96&d=mm&r=g\",\"caption\":\"Farn\u00e9sio\"},\"description\":\"Radialista blogueiro, chegou a Petrolina\\\/Juazeiro em setembro de 1980, Farn\u00e9sio Silva \u00e9 de Arapiraca-Alagoas.\",\"sameAs\":[\"http:\\\/\\\/blogdofarnesio.com.br\",\"https:\\\/\\\/www.facebook.com\\\/?ref=tn_tnmn\",\"https:\\\/\\\/www.instagram.com\\\/?utm_source=pwa_homescreen\",\"https:\\\/\\\/youtube.com.br\\\/\"],\"url\":\"https:\\\/\\\/blogdofarnesio.com.br\\\/?author=2\"}]}<\/script>\n<!-- \/ Yoast SEO plugin. -->","yoast_head_json":{"title":"Cont\u00eainer de lixo instalado pela Prefeitura de Juazeiro \u00e9 alvo de vandalismo no Residencial S\u00e3o Francisco - Blog do Farn\u00e9sio","robots":{"index":"index","follow":"follow","max-snippet":"max-snippet:-1","max-image-preview":"max-image-preview:large","max-video-preview":"max-video-preview:-1"},"canonical":"https:\/\/blogdofarnesio.com.br\/?p=336679","og_locale":"pt_BR","og_type":"article","og_title":"Cont\u00eainer de lixo instalado pela Prefeitura de Juazeiro \u00e9 alvo de vandalismo no Residencial S\u00e3o Francisco - Blog do Farn\u00e9sio","og_description":"Um cont\u00eainer de lixo instalado pela Prefeitura de Juazeiro, por meio do Servi\u00e7o de \u00c1gua e Saneamento Ambiental (SAAE), no Residencial S\u00e3o Francisco, foi alvo de vandalismo quinta-feira (23). A caixa coletora foi queimada. O SAAE possui cont\u00eaineres de lixo instalados em diversos pontos estrat\u00e9gicos da cidade, na sede e no interior, com o intuito de abrigar sacolas grandes de lixo urbano e facilitar o trabalho dos garis. O cont\u00eainer foi retirado do local e segue para restaura\u00e7\u00e3o. \u201c\u00c9 lament\u00e1vel que a\u00e7\u00f5es como essa ocorram, uma vez que os cont\u00eaineres s\u00e3o um bem p\u00fablico, de todos, que buscam diminuir as sacolas de lixo espalhadas pelas ruas, organizar melhor a coleta e algu\u00e9m acaba realizando uma a\u00e7\u00e3o dessas, que prejudica todos&hellip;","og_url":"https:\/\/blogdofarnesio.com.br\/?p=336679","og_site_name":"Blog do Farn\u00e9sio","article_publisher":"https:\/\/www.facebook.com\/BlogQuerSaberPolitica\/","article_author":"https:\/\/www.facebook.com\/?ref=tn_tnmn","article_published_time":"2023-03-25T12:00:30+00:00","og_image":[{"width":680,"height":362,"url":"https:\/\/blogdofarnesio.com.br\/wp-content\/uploads\/2023\/03\/Conteiner-queimado-e1679694757145.jpeg","type":"image\/jpeg"}],"author":"Farn\u00e9sio","twitter_card":"summary_large_image","twitter_misc":{"Escrito por":"Farn\u00e9sio","Est. tempo de leitura":"2 minutos"},"schema":{"@context":"https:\/\/schema.org","@graph":[{"@type":"Article","@id":"https:\/\/blogdofarnesio.com.br\/?p=336679#article","isPartOf":{"@id":"https:\/\/blogdofarnesio.com.br\/?p=336679"},"author":{"name":"Farn\u00e9sio","@id":"https:\/\/blogdofarnesio.com.br\/#\/schema\/person\/bb9b23ae3ad0609ce8df7b6c9e76824d"},"headline":"Cont\u00eainer de lixo instalado pela Prefeitura de Juazeiro \u00e9 alvo de vandalismo no Residencial S\u00e3o Francisco","datePublished":"2023-03-25T12:00:30+00:00","mainEntityOfPage":{"@id":"https:\/\/blogdofarnesio.com.br\/?p=336679"},"wordCount":274,"commentCount":0,"publisher":{"@id":"https:\/\/blogdofarnesio.com.br\/#organization"},"image":{"@id":"https:\/\/blogdofarnesio.com.br\/?p=336679#primaryimage"},"thumbnailUrl":"https:\/\/blogdofarnesio.com.br\/wp-content\/uploads\/2023\/03\/Conteiner-queimado-e1679694757145.jpeg","articleSection":["Pol\u00edcia"],"inLanguage":"pt-BR","potentialAction":[{"@type":"CommentAction","name":"Comment","target":["https:\/\/blogdofarnesio.com.br\/?p=336679#respond"]}]},{"@type":"WebPage","@id":"https:\/\/blogdofarnesio.com.br\/?p=336679","url":"https:\/\/blogdofarnesio.com.br\/?p=336679","name":"Cont\u00eainer de lixo instalado pela Prefeitura de Juazeiro \u00e9 alvo de vandalismo no Residencial S\u00e3o Francisco - Blog do Farn\u00e9sio","isPartOf":{"@id":"https:\/\/blogdofarnesio.com.br\/#website"},"primaryImageOfPage":{"@id":"https:\/\/blogdofarnesio.com.br\/?p=336679#primaryimage"},"image":{"@id":"https:\/\/blogdofarnesio.com.br\/?p=336679#primaryimage"},"thumbnailUrl":"https:\/\/blogdofarnesio.com.br\/wp-content\/uploads\/2023\/03\/Conteiner-queimado-e1679694757145.jpeg","datePublished":"2023-03-25T12:00:30+00:00","breadcrumb":{"@id":"https:\/\/blogdofarnesio.com.br\/?p=336679#breadcrumb"},"inLanguage":"pt-BR","potentialAction":[{"@type":"ReadAction","target":["https:\/\/blogdofarnesio.com.br\/?p=336679"]}]},{"@type":"ImageObject","inLanguage":"pt-BR","@id":"https:\/\/blogdofarnesio.com.br\/?p=336679#primaryimage","url":"https:\/\/blogdofarnesio.com.br\/wp-content\/uploads\/2023\/03\/Conteiner-queimado-e1679694757145.jpeg","contentUrl":"https:\/\/blogdofarnesio.com.br\/wp-content\/uploads\/2023\/03\/Conteiner-queimado-e1679694757145.jpeg","width":680,"height":362},{"@type":"BreadcrumbList","@id":"https:\/\/blogdofarnesio.com.br\/?p=336679#breadcrumb","itemListElement":[{"@type":"ListItem","position":1,"name":"In\u00edcio","item":"https:\/\/blogdofarnesio.com.br\/"},{"@type":"ListItem","position":2,"name":"Cont\u00eainer de lixo instalado pela Prefeitura de Juazeiro \u00e9 alvo de vandalismo no Residencial S\u00e3o Francisco"}]},{"@type":"WebSite","@id":"https:\/\/blogdofarnesio.com.br\/#website","url":"https:\/\/blogdofarnesio.com.br\/","name":"Blog do Farn\u00e9sio","description":"Quer Saber Pol\u00edtica?","publisher":{"@id":"https:\/\/blogdofarnesio.com.br\/#organization"},"potentialAction":[{"@type":"SearchAction","target":{"@type":"EntryPoint","urlTemplate":"https:\/\/blogdofarnesio.com.br\/?s={search_term_string}"},"query-input":{"@type":"PropertyValueSpecification","valueRequired":true,"valueName":"search_term_string"}}],"inLanguage":"pt-BR"},{"@type":"Organization","@id":"https:\/\/blogdofarnesio.com.br\/#organization","name":"Blog do Farn\u00e9sio","url":"https:\/\/blogdofarnesio.com.br\/","logo":{"@type":"ImageObject","inLanguage":"pt-BR","@id":"https:\/\/blogdofarnesio.com.br\/#\/schema\/logo\/image\/","url":"https:\/\/blogdofarnesio.com.br\/wp-content\/uploads\/2026\/03\/cropped-logo_new-1.png","contentUrl":"https:\/\/blogdofarnesio.com.br\/wp-content\/uploads\/2026\/03\/cropped-logo_new-1.png","width":881,"height":685,"caption":"Blog do Farn\u00e9sio"},"image":{"@id":"https:\/\/blogdofarnesio.com.br\/#\/schema\/logo\/image\/"},"sameAs":["https:\/\/www.facebook.com\/BlogQuerSaberPolitica\/"]},{"@type":"Person","@id":"https:\/\/blogdofarnesio.com.br\/#\/schema\/person\/bb9b23ae3ad0609ce8df7b6c9e76824d","name":"Farn\u00e9sio","image":{"@type":"ImageObject","inLanguage":"pt-BR","@id":"https:\/\/secure.gravatar.com\/avatar\/986aa4c61ccdb66f8555bf88fc2a65609d00bcabd4d2d94377a727547345cbca?s=96&d=mm&r=g","url":"https:\/\/secure.gravatar.com\/avatar\/986aa4c61ccdb66f8555bf88fc2a65609d00bcabd4d2d94377a727547345cbca?s=96&d=mm&r=g","contentUrl":"https:\/\/secure.gravatar.com\/avatar\/986aa4c61ccdb66f8555bf88fc2a65609d00bcabd4d2d94377a727547345cbca?s=96&d=mm&r=g","caption":"Farn\u00e9sio"},"description":"Radialista blogueiro, chegou a Petrolina\/Juazeiro em setembro de 1980, Farn\u00e9sio Silva \u00e9 de Arapiraca-Alagoas.","sameAs":["http:\/\/blogdofarnesio.com.br","https:\/\/www.facebook.com\/?ref=tn_tnmn","https:\/\/www.instagram.com\/?utm_source=pwa_homescreen","https:\/\/youtube.com.br\/"],"url":"https:\/\/blogdofarnesio.com.br\/?author=2"}]}},"_links":{"self":[{"href":"https:\/\/blogdofarnesio.com.br\/index.php?rest_route=\/wp\/v2\/posts\/336679","targetHints":{"allow":["GET"]}}],"collection":[{"href":"https:\/\/blogdofarnesio.com.br\/index.php?rest_route=\/wp\/v2\/posts"}],"about":[{"href":"https:\/\/blogdofarnesio.com.br\/index.php?rest_route=\/wp\/v2\/types\/post"}],"author":[{"embeddable":true,"href":"https:\/\/blogdofarnesio.com.br\/index.php?rest_route=\/wp\/v2\/users\/2"}],"replies":[{"embeddable":true,"href":"https:\/\/blogdofarnesio.com.br\/index.php?rest_route=%2Fwp%2Fv2%2Fcomments&post=336679"}],"version-history":[{"count":0,"href":"https:\/\/blogdofarnesio.com.br\/index.php?rest_route=\/wp\/v2\/posts\/336679\/revisions"}],"wp:featuredmedia":[{"embeddable":true,"href":"https:\/\/blogdofarnesio.com.br\/index.php?rest_route=\/wp\/v2\/media\/336680"}],"wp:attachment":[{"href":"https:\/\/blogdofarnesio.com.br\/index.php?rest_route=%2Fwp%2Fv2%2Fmedia&parent=336679"}],"wp:term":[{"taxonomy":"category","embeddable":true,"href":"https:\/\/blogdofarnesio.com.br\/index.php?rest_route=%2Fwp%2Fv2%2Fcategories&post=336679"},{"taxonomy":"post_tag","embeddable":true,"href":"https:\/\/blogdofarnesio.com.br\/index.php?rest_route=%2Fwp%2Fv2%2Ftags&post=336679"}],"curies":[{"name":"wp","href":"https:\/\/api.w.org\/{rel}","templated":true}]}}