{"id":336604,"date":"2023-03-24T08:02:08","date_gmt":"2023-03-24T11:02:08","guid":{"rendered":"https:\/\/blogdofarnesio.com.br\/?p=336604"},"modified":"2023-03-23T17:31:13","modified_gmt":"2023-03-23T20:31:13","slug":"no-dia-mundial-da-agua-codevasf-em-juazeiro-apresentou-sistema-alternativo-de-tratamento-de-agua","status":"publish","type":"post","link":"https:\/\/blogdofarnesio.com.br\/?p=336604","title":{"rendered":"No Dia Mundial da \u00c1gua, Codevasf em Juazeiro apresentou sistema alternativo de tratamento de \u00e1gua"},"content":{"rendered":"<p>Uma apresenta\u00e7\u00e3o sobre o sistema alternativo de tratamento de \u00e1gua por meio de filtragem lenta direcionado para comunidades rurais, desenvolvido por t\u00e9cnicos da 6\u00aa Superintend\u00eancia Regional da Companhia de Desenvolvimento dos Vales do S\u00e3o Francisco e do Parna\u00edba (Codevasf) em Juazeiro (BA), marcou a passagem do Dia Mundial da \u00c1gua no munic\u00edpio. O evento, realizado na quarta-feira (22), foi aberto ao p\u00fablico interessado em conhecer e utilizar essa alternativa para tratamento simplificado de \u00e1gua.<\/p>\n<p>O respons\u00e1vel pela apresenta\u00e7\u00e3o foi o engenheiro agr\u00f4nomo Joselito Menezes de Souza, analista em desenvolvimento regional da Codevasf, que implantou o projeto em duas comunidades rurais na regi\u00e3o Norte da Bahia, nos munic\u00edpios de Juazeiro e Jaguarari, e obteve bons resultados na oferta de \u00e1gua pot\u00e1vel. O sistema foi desenvolvido por Joselito Menezes, contando com a ajuda de outros t\u00e9cnicos da Codevasf e de diferentes empresas e laborat\u00f3rios ligados \u00e0 qualidade da \u00e1gua.<\/p>\n<p>Em sua apresenta\u00e7\u00e3o, Menezes destacou diversos aspectos sobre a import\u00e2ncia do tratamento alternativo de \u00e1gua. Segundo ele, dados do Sistema Nacional de Informa\u00e7\u00f5es sobre Saneamento (SNIS), mostram que cerca de 34 milh\u00f5es de pessoas, ou seja, 16,3% da popula\u00e7\u00e3o n\u00e3o estava conectada \u00e0 rede geral de abastecimento de \u00e1gua, e 93 milh\u00f5es ou 45,9% da popula\u00e7\u00e3o n\u00e3o possu\u00eda acesso ao esgotamento sanit\u00e1rio. \u201cDevido \u00e0s suas peculiaridades e vantagens, o sistema por meio de filtragem lenta pode melhorar a qualidade de vida das popula\u00e7\u00f5es rurais\u201d, ressaltou.<\/p>\n<p>A estrutura do sistema \u00e9 composta por tr\u00eas caixas d\u2019\u00e1gua dispostas em diferentes n\u00edveis, contendo como elementos filtrantes geot\u00eaxtil n\u00e3o tecido, areia e um dispositivo dosador que utiliza pastilhas de cloro para deixar a \u00e1gua resultante da filtra\u00e7\u00e3o pot\u00e1vel para consumo humano.<\/p>\n<p>Dentre as vantagens do sistema destacadas pelo t\u00e9cnico, est\u00e3o o baixo custo de constru\u00e7\u00e3o e manuten\u00e7\u00e3o; rapidez na instala\u00e7\u00e3o; elevada efici\u00eancia na remo\u00e7\u00e3o de turbidez; remo\u00e7\u00e3o de sabor e odor indesej\u00e1veis; baixo consumo de energia e outros.<\/p>\n<p>O p\u00fablico avaliou positivamente a iniciativa. Para o engenheiro agr\u00f4nomo Wagner Pereira Felix, professor de Bioqu\u00edmica na Universidade Federal do Vale do S\u00e3o Francisco, o n\u00edvel da apresenta\u00e7\u00e3o foi excelente. \u201cParabenizo a Codevasf pela iniciativa de promover uma palestra sobre esse importante projeto. Com certeza, trar\u00e1 significativa melhoria para a popula\u00e7\u00e3o da zona rural no tocante ao abastecimento de \u00e1gua\u201d, enfatizou.<\/p>\n<p><strong>Alternativa para oferta de \u00e1gua<\/strong><\/p>\n<p>O sistema alternativo de tratamento de \u00e1gua por meio de filtragem lenta atende as especifica\u00e7\u00f5es constantes na Lei n\u00ba 14.026\/220, que atualizou o Marco Legal do saneamento b\u00e1sico, e na Portaria N\u00ba 888\/2021, do Minist\u00e9rio da Sa\u00fade, que define os padr\u00f5es de potabilidade de \u00e1gua para consumo humano.<\/p>\n<p>A iniciativa j\u00e1 recebeu o Selo CREA-BA para atitudes transformadoras e foi destaque nos meios de comunica\u00e7\u00e3o regionais, sendo apresentado tamb\u00e9m em eventos abertos em outros estados do pa\u00eds.<\/p>\n<p>&nbsp;<\/p>\n<p><strong>Assessoria de Comunica\u00e7\u00e3o e Promo\u00e7\u00e3o Institucional da Codevasf<\/strong><br \/>\nSite:\u00a0<a href=\"http:\/\/www.codevasf.gov.br\/\" target=\"_blank\" rel=\"noopener\" data-saferedirecturl=\"https:\/\/www.google.com\/url?q=http:\/\/www.codevasf.gov.br&amp;source=gmail&amp;ust=1679688161869000&amp;usg=AOvVaw2F3_aYtzmuDjn_o0Bv7ULv\">http:\/\/www.codevasf.gov.br<\/a><\/p>\n","protected":false},"excerpt":{"rendered":"<p>Uma apresenta\u00e7\u00e3o sobre o sistema alternativo de tratamento de \u00e1gua por meio de filtragem lenta direcionado para comunidades rurais, desenvolvido por t\u00e9cnicos da 6\u00aa Superintend\u00eancia Regional da Companhia de Desenvolvimento dos Vales do S\u00e3o Francisco e do Parna\u00edba (Codevasf) em Juazeiro (BA), marcou a passagem do Dia Mundial da \u00c1gua no munic\u00edpio. O evento, realizado na quarta-feira (22), foi aberto ao p\u00fablico interessado em conhecer e utilizar essa alternativa para tratamento simplificado de \u00e1gua. O respons\u00e1vel pela apresenta\u00e7\u00e3o foi o engenheiro agr\u00f4nomo Joselito Menezes de Souza, analista em desenvolvimento regional da Codevasf, que implantou o projeto em duas comunidades rurais na regi\u00e3o Norte da Bahia, nos munic\u00edpios de Juazeiro e Jaguarari, e obteve bons resultados na oferta de \u00e1gua pot\u00e1vel.&hellip; <\/p>\n","protected":false},"author":2,"featured_media":336605,"comment_status":"open","ping_status":"open","sticky":false,"template":"","format":"standard","meta":{"_acf_changed":false,"footnotes":""},"categories":[22,30],"tags":[],"class_list":["post-336604","post","type-post","status-publish","format-standard","has-post-thumbnail","hentry","category-acao-social","category-artigo"],"acf":[],"yoast_head":"<!-- This site is optimized with the Yoast SEO plugin v27.4 - https:\/\/yoast.com\/product\/yoast-seo-wordpress\/ -->\n<title>No Dia Mundial da \u00c1gua, Codevasf em Juazeiro apresentou sistema alternativo de tratamento de \u00e1gua - Blog do Farn\u00e9sio<\/title>\n<meta name=\"robots\" content=\"index, follow, max-snippet:-1, max-image-preview:large, max-video-preview:-1\" \/>\n<link rel=\"canonical\" href=\"https:\/\/blogdofarnesio.com.br\/?p=336604\" \/>\n<meta property=\"og:locale\" content=\"pt_BR\" \/>\n<meta property=\"og:type\" content=\"article\" \/>\n<meta property=\"og:title\" content=\"No Dia Mundial da \u00c1gua, Codevasf em Juazeiro apresentou sistema alternativo de tratamento de \u00e1gua - Blog do Farn\u00e9sio\" \/>\n<meta property=\"og:description\" content=\"Uma apresenta\u00e7\u00e3o sobre o sistema alternativo de tratamento de \u00e1gua por meio de filtragem lenta direcionado para comunidades rurais, desenvolvido por t\u00e9cnicos da 6\u00aa Superintend\u00eancia Regional da Companhia de Desenvolvimento dos Vales do S\u00e3o Francisco e do Parna\u00edba (Codevasf) em Juazeiro (BA), marcou a passagem do Dia Mundial da \u00c1gua no munic\u00edpio. O evento, realizado na quarta-feira (22), foi aberto ao p\u00fablico interessado em conhecer e utilizar essa alternativa para tratamento simplificado de \u00e1gua. O respons\u00e1vel pela apresenta\u00e7\u00e3o foi o engenheiro agr\u00f4nomo Joselito Menezes de Souza, analista em desenvolvimento regional da Codevasf, que implantou o projeto em duas comunidades rurais na regi\u00e3o Norte da Bahia, nos munic\u00edpios de Juazeiro e Jaguarari, e obteve bons resultados na oferta de \u00e1gua pot\u00e1vel.&hellip;\" \/>\n<meta property=\"og:url\" content=\"https:\/\/blogdofarnesio.com.br\/?p=336604\" \/>\n<meta property=\"og:site_name\" content=\"Blog do Farn\u00e9sio\" \/>\n<meta property=\"article:publisher\" content=\"https:\/\/www.facebook.com\/BlogQuerSaberPolitica\/\" \/>\n<meta property=\"article:author\" content=\"https:\/\/www.facebook.com\/?ref=tn_tnmn\" \/>\n<meta property=\"article:published_time\" content=\"2023-03-24T11:02:08+00:00\" \/>\n<meta property=\"og:image\" content=\"https:\/\/blogdofarnesio.com.br\/wp-content\/uploads\/2023\/03\/blogqspcodevasf-agua.jpg\" \/>\n\t<meta property=\"og:image:width\" content=\"400\" \/>\n\t<meta property=\"og:image:height\" content=\"263\" \/>\n\t<meta property=\"og:image:type\" content=\"image\/jpeg\" \/>\n<meta name=\"author\" content=\"Farn\u00e9sio\" \/>\n<meta name=\"twitter:card\" content=\"summary_large_image\" \/>\n<meta name=\"twitter:label1\" content=\"Escrito por\" \/>\n\t<meta name=\"twitter:data1\" content=\"Farn\u00e9sio\" \/>\n\t<meta name=\"twitter:label2\" content=\"Est. tempo de leitura\" \/>\n\t<meta name=\"twitter:data2\" content=\"3 minutos\" \/>\n<script type=\"application\/ld+json\" class=\"yoast-schema-graph\">{\"@context\":\"https:\\\/\\\/schema.org\",\"@graph\":[{\"@type\":\"Article\",\"@id\":\"https:\\\/\\\/blogdofarnesio.com.br\\\/?p=336604#article\",\"isPartOf\":{\"@id\":\"https:\\\/\\\/blogdofarnesio.com.br\\\/?p=336604\"},\"author\":{\"name\":\"Farn\u00e9sio\",\"@id\":\"https:\\\/\\\/blogdofarnesio.com.br\\\/#\\\/schema\\\/person\\\/bb9b23ae3ad0609ce8df7b6c9e76824d\"},\"headline\":\"No Dia Mundial da \u00c1gua, Codevasf em Juazeiro apresentou sistema alternativo de tratamento de \u00e1gua\",\"datePublished\":\"2023-03-24T11:02:08+00:00\",\"mainEntityOfPage\":{\"@id\":\"https:\\\/\\\/blogdofarnesio.com.br\\\/?p=336604\"},\"wordCount\":533,\"commentCount\":0,\"publisher\":{\"@id\":\"https:\\\/\\\/blogdofarnesio.com.br\\\/#organization\"},\"image\":{\"@id\":\"https:\\\/\\\/blogdofarnesio.com.br\\\/?p=336604#primaryimage\"},\"thumbnailUrl\":\"https:\\\/\\\/blogdofarnesio.com.br\\\/wp-content\\\/uploads\\\/2023\\\/03\\\/blogqspcodevasf-agua.jpg\",\"articleSection\":[\"A\u00e7\u00e3o Social\",\"Artigo\"],\"inLanguage\":\"pt-BR\",\"potentialAction\":[{\"@type\":\"CommentAction\",\"name\":\"Comment\",\"target\":[\"https:\\\/\\\/blogdofarnesio.com.br\\\/?p=336604#respond\"]}]},{\"@type\":\"WebPage\",\"@id\":\"https:\\\/\\\/blogdofarnesio.com.br\\\/?p=336604\",\"url\":\"https:\\\/\\\/blogdofarnesio.com.br\\\/?p=336604\",\"name\":\"No Dia Mundial da \u00c1gua, Codevasf em Juazeiro apresentou sistema alternativo de tratamento de \u00e1gua - Blog do Farn\u00e9sio\",\"isPartOf\":{\"@id\":\"https:\\\/\\\/blogdofarnesio.com.br\\\/#website\"},\"primaryImageOfPage\":{\"@id\":\"https:\\\/\\\/blogdofarnesio.com.br\\\/?p=336604#primaryimage\"},\"image\":{\"@id\":\"https:\\\/\\\/blogdofarnesio.com.br\\\/?p=336604#primaryimage\"},\"thumbnailUrl\":\"https:\\\/\\\/blogdofarnesio.com.br\\\/wp-content\\\/uploads\\\/2023\\\/03\\\/blogqspcodevasf-agua.jpg\",\"datePublished\":\"2023-03-24T11:02:08+00:00\",\"breadcrumb\":{\"@id\":\"https:\\\/\\\/blogdofarnesio.com.br\\\/?p=336604#breadcrumb\"},\"inLanguage\":\"pt-BR\",\"potentialAction\":[{\"@type\":\"ReadAction\",\"target\":[\"https:\\\/\\\/blogdofarnesio.com.br\\\/?p=336604\"]}]},{\"@type\":\"ImageObject\",\"inLanguage\":\"pt-BR\",\"@id\":\"https:\\\/\\\/blogdofarnesio.com.br\\\/?p=336604#primaryimage\",\"url\":\"https:\\\/\\\/blogdofarnesio.com.br\\\/wp-content\\\/uploads\\\/2023\\\/03\\\/blogqspcodevasf-agua.jpg\",\"contentUrl\":\"https:\\\/\\\/blogdofarnesio.com.br\\\/wp-content\\\/uploads\\\/2023\\\/03\\\/blogqspcodevasf-agua.jpg\",\"width\":400,\"height\":263},{\"@type\":\"BreadcrumbList\",\"@id\":\"https:\\\/\\\/blogdofarnesio.com.br\\\/?p=336604#breadcrumb\",\"itemListElement\":[{\"@type\":\"ListItem\",\"position\":1,\"name\":\"In\u00edcio\",\"item\":\"https:\\\/\\\/blogdofarnesio.com.br\\\/\"},{\"@type\":\"ListItem\",\"position\":2,\"name\":\"No Dia Mundial da \u00c1gua, Codevasf em Juazeiro apresentou sistema alternativo de tratamento de \u00e1gua\"}]},{\"@type\":\"WebSite\",\"@id\":\"https:\\\/\\\/blogdofarnesio.com.br\\\/#website\",\"url\":\"https:\\\/\\\/blogdofarnesio.com.br\\\/\",\"name\":\"Blog do Farn\u00e9sio\",\"description\":\"Quer Saber Pol\u00edtica?\",\"publisher\":{\"@id\":\"https:\\\/\\\/blogdofarnesio.com.br\\\/#organization\"},\"potentialAction\":[{\"@type\":\"SearchAction\",\"target\":{\"@type\":\"EntryPoint\",\"urlTemplate\":\"https:\\\/\\\/blogdofarnesio.com.br\\\/?s={search_term_string}\"},\"query-input\":{\"@type\":\"PropertyValueSpecification\",\"valueRequired\":true,\"valueName\":\"search_term_string\"}}],\"inLanguage\":\"pt-BR\"},{\"@type\":\"Organization\",\"@id\":\"https:\\\/\\\/blogdofarnesio.com.br\\\/#organization\",\"name\":\"Blog do Farn\u00e9sio\",\"url\":\"https:\\\/\\\/blogdofarnesio.com.br\\\/\",\"logo\":{\"@type\":\"ImageObject\",\"inLanguage\":\"pt-BR\",\"@id\":\"https:\\\/\\\/blogdofarnesio.com.br\\\/#\\\/schema\\\/logo\\\/image\\\/\",\"url\":\"https:\\\/\\\/blogdofarnesio.com.br\\\/wp-content\\\/uploads\\\/2026\\\/03\\\/cropped-logo_new-1.png\",\"contentUrl\":\"https:\\\/\\\/blogdofarnesio.com.br\\\/wp-content\\\/uploads\\\/2026\\\/03\\\/cropped-logo_new-1.png\",\"width\":881,\"height\":685,\"caption\":\"Blog do Farn\u00e9sio\"},\"image\":{\"@id\":\"https:\\\/\\\/blogdofarnesio.com.br\\\/#\\\/schema\\\/logo\\\/image\\\/\"},\"sameAs\":[\"https:\\\/\\\/www.facebook.com\\\/BlogQuerSaberPolitica\\\/\"]},{\"@type\":\"Person\",\"@id\":\"https:\\\/\\\/blogdofarnesio.com.br\\\/#\\\/schema\\\/person\\\/bb9b23ae3ad0609ce8df7b6c9e76824d\",\"name\":\"Farn\u00e9sio\",\"image\":{\"@type\":\"ImageObject\",\"inLanguage\":\"pt-BR\",\"@id\":\"https:\\\/\\\/secure.gravatar.com\\\/avatar\\\/986aa4c61ccdb66f8555bf88fc2a65609d00bcabd4d2d94377a727547345cbca?s=96&d=mm&r=g\",\"url\":\"https:\\\/\\\/secure.gravatar.com\\\/avatar\\\/986aa4c61ccdb66f8555bf88fc2a65609d00bcabd4d2d94377a727547345cbca?s=96&d=mm&r=g\",\"contentUrl\":\"https:\\\/\\\/secure.gravatar.com\\\/avatar\\\/986aa4c61ccdb66f8555bf88fc2a65609d00bcabd4d2d94377a727547345cbca?s=96&d=mm&r=g\",\"caption\":\"Farn\u00e9sio\"},\"description\":\"Radialista blogueiro, chegou a Petrolina\\\/Juazeiro em setembro de 1980, Farn\u00e9sio Silva \u00e9 de Arapiraca-Alagoas.\",\"sameAs\":[\"http:\\\/\\\/blogdofarnesio.com.br\",\"https:\\\/\\\/www.facebook.com\\\/?ref=tn_tnmn\",\"https:\\\/\\\/www.instagram.com\\\/?utm_source=pwa_homescreen\",\"https:\\\/\\\/youtube.com.br\\\/\"],\"url\":\"https:\\\/\\\/blogdofarnesio.com.br\\\/?author=2\"}]}<\/script>\n<!-- \/ Yoast SEO plugin. -->","yoast_head_json":{"title":"No Dia Mundial da \u00c1gua, Codevasf em Juazeiro apresentou sistema alternativo de tratamento de \u00e1gua - Blog do Farn\u00e9sio","robots":{"index":"index","follow":"follow","max-snippet":"max-snippet:-1","max-image-preview":"max-image-preview:large","max-video-preview":"max-video-preview:-1"},"canonical":"https:\/\/blogdofarnesio.com.br\/?p=336604","og_locale":"pt_BR","og_type":"article","og_title":"No Dia Mundial da \u00c1gua, Codevasf em Juazeiro apresentou sistema alternativo de tratamento de \u00e1gua - Blog do Farn\u00e9sio","og_description":"Uma apresenta\u00e7\u00e3o sobre o sistema alternativo de tratamento de \u00e1gua por meio de filtragem lenta direcionado para comunidades rurais, desenvolvido por t\u00e9cnicos da 6\u00aa Superintend\u00eancia Regional da Companhia de Desenvolvimento dos Vales do S\u00e3o Francisco e do Parna\u00edba (Codevasf) em Juazeiro (BA), marcou a passagem do Dia Mundial da \u00c1gua no munic\u00edpio. O evento, realizado na quarta-feira (22), foi aberto ao p\u00fablico interessado em conhecer e utilizar essa alternativa para tratamento simplificado de \u00e1gua. O respons\u00e1vel pela apresenta\u00e7\u00e3o foi o engenheiro agr\u00f4nomo Joselito Menezes de Souza, analista em desenvolvimento regional da Codevasf, que implantou o projeto em duas comunidades rurais na regi\u00e3o Norte da Bahia, nos munic\u00edpios de Juazeiro e Jaguarari, e obteve bons resultados na oferta de \u00e1gua pot\u00e1vel.&hellip;","og_url":"https:\/\/blogdofarnesio.com.br\/?p=336604","og_site_name":"Blog do Farn\u00e9sio","article_publisher":"https:\/\/www.facebook.com\/BlogQuerSaberPolitica\/","article_author":"https:\/\/www.facebook.com\/?ref=tn_tnmn","article_published_time":"2023-03-24T11:02:08+00:00","og_image":[{"width":400,"height":263,"url":"https:\/\/blogdofarnesio.com.br\/wp-content\/uploads\/2023\/03\/blogqspcodevasf-agua.jpg","type":"image\/jpeg"}],"author":"Farn\u00e9sio","twitter_card":"summary_large_image","twitter_misc":{"Escrito por":"Farn\u00e9sio","Est. tempo de leitura":"3 minutos"},"schema":{"@context":"https:\/\/schema.org","@graph":[{"@type":"Article","@id":"https:\/\/blogdofarnesio.com.br\/?p=336604#article","isPartOf":{"@id":"https:\/\/blogdofarnesio.com.br\/?p=336604"},"author":{"name":"Farn\u00e9sio","@id":"https:\/\/blogdofarnesio.com.br\/#\/schema\/person\/bb9b23ae3ad0609ce8df7b6c9e76824d"},"headline":"No Dia Mundial da \u00c1gua, Codevasf em Juazeiro apresentou sistema alternativo de tratamento de \u00e1gua","datePublished":"2023-03-24T11:02:08+00:00","mainEntityOfPage":{"@id":"https:\/\/blogdofarnesio.com.br\/?p=336604"},"wordCount":533,"commentCount":0,"publisher":{"@id":"https:\/\/blogdofarnesio.com.br\/#organization"},"image":{"@id":"https:\/\/blogdofarnesio.com.br\/?p=336604#primaryimage"},"thumbnailUrl":"https:\/\/blogdofarnesio.com.br\/wp-content\/uploads\/2023\/03\/blogqspcodevasf-agua.jpg","articleSection":["A\u00e7\u00e3o Social","Artigo"],"inLanguage":"pt-BR","potentialAction":[{"@type":"CommentAction","name":"Comment","target":["https:\/\/blogdofarnesio.com.br\/?p=336604#respond"]}]},{"@type":"WebPage","@id":"https:\/\/blogdofarnesio.com.br\/?p=336604","url":"https:\/\/blogdofarnesio.com.br\/?p=336604","name":"No Dia Mundial da \u00c1gua, Codevasf em Juazeiro apresentou sistema alternativo de tratamento de \u00e1gua - Blog do Farn\u00e9sio","isPartOf":{"@id":"https:\/\/blogdofarnesio.com.br\/#website"},"primaryImageOfPage":{"@id":"https:\/\/blogdofarnesio.com.br\/?p=336604#primaryimage"},"image":{"@id":"https:\/\/blogdofarnesio.com.br\/?p=336604#primaryimage"},"thumbnailUrl":"https:\/\/blogdofarnesio.com.br\/wp-content\/uploads\/2023\/03\/blogqspcodevasf-agua.jpg","datePublished":"2023-03-24T11:02:08+00:00","breadcrumb":{"@id":"https:\/\/blogdofarnesio.com.br\/?p=336604#breadcrumb"},"inLanguage":"pt-BR","potentialAction":[{"@type":"ReadAction","target":["https:\/\/blogdofarnesio.com.br\/?p=336604"]}]},{"@type":"ImageObject","inLanguage":"pt-BR","@id":"https:\/\/blogdofarnesio.com.br\/?p=336604#primaryimage","url":"https:\/\/blogdofarnesio.com.br\/wp-content\/uploads\/2023\/03\/blogqspcodevasf-agua.jpg","contentUrl":"https:\/\/blogdofarnesio.com.br\/wp-content\/uploads\/2023\/03\/blogqspcodevasf-agua.jpg","width":400,"height":263},{"@type":"BreadcrumbList","@id":"https:\/\/blogdofarnesio.com.br\/?p=336604#breadcrumb","itemListElement":[{"@type":"ListItem","position":1,"name":"In\u00edcio","item":"https:\/\/blogdofarnesio.com.br\/"},{"@type":"ListItem","position":2,"name":"No Dia Mundial da \u00c1gua, Codevasf em Juazeiro apresentou sistema alternativo de tratamento de \u00e1gua"}]},{"@type":"WebSite","@id":"https:\/\/blogdofarnesio.com.br\/#website","url":"https:\/\/blogdofarnesio.com.br\/","name":"Blog do Farn\u00e9sio","description":"Quer Saber Pol\u00edtica?","publisher":{"@id":"https:\/\/blogdofarnesio.com.br\/#organization"},"potentialAction":[{"@type":"SearchAction","target":{"@type":"EntryPoint","urlTemplate":"https:\/\/blogdofarnesio.com.br\/?s={search_term_string}"},"query-input":{"@type":"PropertyValueSpecification","valueRequired":true,"valueName":"search_term_string"}}],"inLanguage":"pt-BR"},{"@type":"Organization","@id":"https:\/\/blogdofarnesio.com.br\/#organization","name":"Blog do Farn\u00e9sio","url":"https:\/\/blogdofarnesio.com.br\/","logo":{"@type":"ImageObject","inLanguage":"pt-BR","@id":"https:\/\/blogdofarnesio.com.br\/#\/schema\/logo\/image\/","url":"https:\/\/blogdofarnesio.com.br\/wp-content\/uploads\/2026\/03\/cropped-logo_new-1.png","contentUrl":"https:\/\/blogdofarnesio.com.br\/wp-content\/uploads\/2026\/03\/cropped-logo_new-1.png","width":881,"height":685,"caption":"Blog do Farn\u00e9sio"},"image":{"@id":"https:\/\/blogdofarnesio.com.br\/#\/schema\/logo\/image\/"},"sameAs":["https:\/\/www.facebook.com\/BlogQuerSaberPolitica\/"]},{"@type":"Person","@id":"https:\/\/blogdofarnesio.com.br\/#\/schema\/person\/bb9b23ae3ad0609ce8df7b6c9e76824d","name":"Farn\u00e9sio","image":{"@type":"ImageObject","inLanguage":"pt-BR","@id":"https:\/\/secure.gravatar.com\/avatar\/986aa4c61ccdb66f8555bf88fc2a65609d00bcabd4d2d94377a727547345cbca?s=96&d=mm&r=g","url":"https:\/\/secure.gravatar.com\/avatar\/986aa4c61ccdb66f8555bf88fc2a65609d00bcabd4d2d94377a727547345cbca?s=96&d=mm&r=g","contentUrl":"https:\/\/secure.gravatar.com\/avatar\/986aa4c61ccdb66f8555bf88fc2a65609d00bcabd4d2d94377a727547345cbca?s=96&d=mm&r=g","caption":"Farn\u00e9sio"},"description":"Radialista blogueiro, chegou a Petrolina\/Juazeiro em setembro de 1980, Farn\u00e9sio Silva \u00e9 de Arapiraca-Alagoas.","sameAs":["http:\/\/blogdofarnesio.com.br","https:\/\/www.facebook.com\/?ref=tn_tnmn","https:\/\/www.instagram.com\/?utm_source=pwa_homescreen","https:\/\/youtube.com.br\/"],"url":"https:\/\/blogdofarnesio.com.br\/?author=2"}]}},"_links":{"self":[{"href":"https:\/\/blogdofarnesio.com.br\/index.php?rest_route=\/wp\/v2\/posts\/336604","targetHints":{"allow":["GET"]}}],"collection":[{"href":"https:\/\/blogdofarnesio.com.br\/index.php?rest_route=\/wp\/v2\/posts"}],"about":[{"href":"https:\/\/blogdofarnesio.com.br\/index.php?rest_route=\/wp\/v2\/types\/post"}],"author":[{"embeddable":true,"href":"https:\/\/blogdofarnesio.com.br\/index.php?rest_route=\/wp\/v2\/users\/2"}],"replies":[{"embeddable":true,"href":"https:\/\/blogdofarnesio.com.br\/index.php?rest_route=%2Fwp%2Fv2%2Fcomments&post=336604"}],"version-history":[{"count":0,"href":"https:\/\/blogdofarnesio.com.br\/index.php?rest_route=\/wp\/v2\/posts\/336604\/revisions"}],"wp:featuredmedia":[{"embeddable":true,"href":"https:\/\/blogdofarnesio.com.br\/index.php?rest_route=\/wp\/v2\/media\/336605"}],"wp:attachment":[{"href":"https:\/\/blogdofarnesio.com.br\/index.php?rest_route=%2Fwp%2Fv2%2Fmedia&parent=336604"}],"wp:term":[{"taxonomy":"category","embeddable":true,"href":"https:\/\/blogdofarnesio.com.br\/index.php?rest_route=%2Fwp%2Fv2%2Fcategories&post=336604"},{"taxonomy":"post_tag","embeddable":true,"href":"https:\/\/blogdofarnesio.com.br\/index.php?rest_route=%2Fwp%2Fv2%2Ftags&post=336604"}],"curies":[{"name":"wp","href":"https:\/\/api.w.org\/{rel}","templated":true}]}}