{"id":336151,"date":"2023-03-20T07:42:55","date_gmt":"2023-03-20T10:42:55","guid":{"rendered":"https:\/\/blogdofarnesio.com.br\/?p=336151"},"modified":"2023-03-18T10:51:35","modified_gmt":"2023-03-18T13:51:35","slug":"conselho-municipal-de-empreendedorismo-age-tem-novos-membros","status":"publish","type":"post","link":"https:\/\/blogdofarnesio.com.br\/?p=336151","title":{"rendered":"Conselho Municipal de Empreendedorismo\/AGE tem novos membros"},"content":{"rendered":"<p style=\"font-weight: 400;\">Petrolina \u00e9 uma cidade que se destaca no interior de Pernambuco tamb\u00e9m pelo avan\u00e7o na iniciativa empreendedora. Na manh\u00e3 desta sexta-feira (17), a diretoria da Ag\u00eancia Municipal do Empreendedor (AGE Petrolina) e o prefeito Sim\u00e3o Durando estiveram no audit\u00f3rio do Servi\u00e7o Brasileiro de Apoio \u00e0s Micro e Pequenas Empresas (Sebrae Petrolina) para oficializar a posse dos membros do Conselho Municipal de Empreendedorismo (CMEP).<\/p>\n<p style=\"font-weight: 400;\">Durante a ocasi\u00e3o, estiveram presentes os 10 conselheiros representantes de \u00f3rg\u00e3os municipais e segmentos da sociedade: al\u00e9m da pr\u00f3pria AGE, Chefia de Gabinete da Prefeitura, Secretaria de Desenvolvimento Social e Direitos Humanos (Sedesdh), Secretaria de Desenvolvimento Econ\u00f4mico e Turismo (Sedetur), Associa\u00e7\u00e3o de Barraqueiros e Ambulantes de Eventos do Vale do S\u00e3o Francisco, Funda\u00e7\u00e3o Nilo Coelho, Sindicato dos Trabalhadores e Trabalhadoras Rurais de Petrolina, C\u00e2mara de Dirigentes Lojistas de Petrolina (CDL) e Sebrae Petrolina.<\/p>\n<p style=\"font-weight: 400;\">\u201cA ideia hoje foi de oficializar a posse dos membros do Conselho Municipal de Empreendedorismo para que a AGE possa ter sua autonomia ampliada e disponibilizar novas estrat\u00e9gias por meio da intelig\u00eancia coletiva que alcancem cada vez mais os nossos empreendedores. Petrolina \u00e9 uma cidade que avan\u00e7a a passos largos e n\u00f3s precisamos acompanhar isso contribuindo no fomento ao desenvolvimento dos clientes e, desta forma, fortalecendo a economia local\u201d, explicou o diretor-presidente da AGE, Pl\u00ednio Amorim.<\/p>\n<p style=\"font-weight: 400;\">\n<p style=\"font-weight: 400;\">Texto: Jaquelyne Costa<\/p>\n","protected":false},"excerpt":{"rendered":"<p>Petrolina \u00e9 uma cidade que se destaca no interior de Pernambuco tamb\u00e9m pelo avan\u00e7o na iniciativa empreendedora. Na manh\u00e3 desta sexta-feira (17), a diretoria da Ag\u00eancia Municipal do Empreendedor (AGE Petrolina) e o prefeito Sim\u00e3o Durando estiveram no audit\u00f3rio do Servi\u00e7o Brasileiro de Apoio \u00e0s Micro e Pequenas Empresas (Sebrae Petrolina) para oficializar a posse dos membros do Conselho Municipal de Empreendedorismo (CMEP). Durante a ocasi\u00e3o, estiveram presentes os 10 conselheiros representantes de \u00f3rg\u00e3os municipais e segmentos da sociedade: al\u00e9m da pr\u00f3pria AGE, Chefia de Gabinete da Prefeitura, Secretaria de Desenvolvimento Social e Direitos Humanos (Sedesdh), Secretaria de Desenvolvimento Econ\u00f4mico e Turismo (Sedetur), Associa\u00e7\u00e3o de Barraqueiros e Ambulantes de Eventos do Vale do S\u00e3o Francisco, Funda\u00e7\u00e3o Nilo Coelho, Sindicato dos&hellip; <\/p>\n","protected":false},"author":2,"featured_media":336152,"comment_status":"open","ping_status":"open","sticky":false,"template":"","format":"standard","meta":{"_acf_changed":false,"footnotes":""},"categories":[20],"tags":[],"class_list":["post-336151","post","type-post","status-publish","format-standard","has-post-thumbnail","hentry","category-economia"],"acf":[],"yoast_head":"<!-- This site is optimized with the Yoast SEO plugin v27.4 - https:\/\/yoast.com\/product\/yoast-seo-wordpress\/ -->\n<title>Conselho Municipal de Empreendedorismo\/AGE tem novos membros - Blog do Farn\u00e9sio<\/title>\n<meta name=\"robots\" content=\"index, follow, max-snippet:-1, max-image-preview:large, max-video-preview:-1\" \/>\n<link rel=\"canonical\" href=\"https:\/\/blogdofarnesio.com.br\/?p=336151\" \/>\n<meta property=\"og:locale\" content=\"pt_BR\" \/>\n<meta property=\"og:type\" content=\"article\" \/>\n<meta property=\"og:title\" content=\"Conselho Municipal de Empreendedorismo\/AGE tem novos membros - Blog do Farn\u00e9sio\" \/>\n<meta property=\"og:description\" content=\"Petrolina \u00e9 uma cidade que se destaca no interior de Pernambuco tamb\u00e9m pelo avan\u00e7o na iniciativa empreendedora. Na manh\u00e3 desta sexta-feira (17), a diretoria da Ag\u00eancia Municipal do Empreendedor (AGE Petrolina) e o prefeito Sim\u00e3o Durando estiveram no audit\u00f3rio do Servi\u00e7o Brasileiro de Apoio \u00e0s Micro e Pequenas Empresas (Sebrae Petrolina) para oficializar a posse dos membros do Conselho Municipal de Empreendedorismo (CMEP). Durante a ocasi\u00e3o, estiveram presentes os 10 conselheiros representantes de \u00f3rg\u00e3os municipais e segmentos da sociedade: al\u00e9m da pr\u00f3pria AGE, Chefia de Gabinete da Prefeitura, Secretaria de Desenvolvimento Social e Direitos Humanos (Sedesdh), Secretaria de Desenvolvimento Econ\u00f4mico e Turismo (Sedetur), Associa\u00e7\u00e3o de Barraqueiros e Ambulantes de Eventos do Vale do S\u00e3o Francisco, Funda\u00e7\u00e3o Nilo Coelho, Sindicato dos&hellip;\" \/>\n<meta property=\"og:url\" content=\"https:\/\/blogdofarnesio.com.br\/?p=336151\" \/>\n<meta property=\"og:site_name\" content=\"Blog do Farn\u00e9sio\" \/>\n<meta property=\"article:publisher\" content=\"https:\/\/www.facebook.com\/BlogQuerSaberPolitica\/\" \/>\n<meta property=\"article:author\" content=\"https:\/\/www.facebook.com\/?ref=tn_tnmn\" \/>\n<meta property=\"article:published_time\" content=\"2023-03-20T10:42:55+00:00\" \/>\n<meta property=\"og:image\" content=\"https:\/\/blogdofarnesio.com.br\/wp-content\/uploads\/2023\/03\/blogqsppet-age-Conselho-Empreendedorismo-e1679147464701.jpeg\" \/>\n\t<meta property=\"og:image:width\" content=\"600\" \/>\n\t<meta property=\"og:image:height\" content=\"375\" \/>\n\t<meta property=\"og:image:type\" content=\"image\/jpeg\" \/>\n<meta name=\"author\" content=\"Farn\u00e9sio\" \/>\n<meta name=\"twitter:card\" content=\"summary_large_image\" \/>\n<meta name=\"twitter:label1\" content=\"Escrito por\" \/>\n\t<meta name=\"twitter:data1\" content=\"Farn\u00e9sio\" \/>\n\t<meta name=\"twitter:label2\" content=\"Est. tempo de leitura\" \/>\n\t<meta name=\"twitter:data2\" content=\"2 minutos\" \/>\n<script type=\"application\/ld+json\" class=\"yoast-schema-graph\">{\"@context\":\"https:\\\/\\\/schema.org\",\"@graph\":[{\"@type\":\"Article\",\"@id\":\"https:\\\/\\\/blogdofarnesio.com.br\\\/?p=336151#article\",\"isPartOf\":{\"@id\":\"https:\\\/\\\/blogdofarnesio.com.br\\\/?p=336151\"},\"author\":{\"name\":\"Farn\u00e9sio\",\"@id\":\"https:\\\/\\\/blogdofarnesio.com.br\\\/#\\\/schema\\\/person\\\/bb9b23ae3ad0609ce8df7b6c9e76824d\"},\"headline\":\"Conselho Municipal de Empreendedorismo\\\/AGE tem novos membros\",\"datePublished\":\"2023-03-20T10:42:55+00:00\",\"mainEntityOfPage\":{\"@id\":\"https:\\\/\\\/blogdofarnesio.com.br\\\/?p=336151\"},\"wordCount\":239,\"commentCount\":0,\"publisher\":{\"@id\":\"https:\\\/\\\/blogdofarnesio.com.br\\\/#organization\"},\"image\":{\"@id\":\"https:\\\/\\\/blogdofarnesio.com.br\\\/?p=336151#primaryimage\"},\"thumbnailUrl\":\"https:\\\/\\\/blogdofarnesio.com.br\\\/wp-content\\\/uploads\\\/2023\\\/03\\\/blogqsppet-age-Conselho-Empreendedorismo-e1679147464701.jpeg\",\"articleSection\":[\"Economia\"],\"inLanguage\":\"pt-BR\",\"potentialAction\":[{\"@type\":\"CommentAction\",\"name\":\"Comment\",\"target\":[\"https:\\\/\\\/blogdofarnesio.com.br\\\/?p=336151#respond\"]}]},{\"@type\":\"WebPage\",\"@id\":\"https:\\\/\\\/blogdofarnesio.com.br\\\/?p=336151\",\"url\":\"https:\\\/\\\/blogdofarnesio.com.br\\\/?p=336151\",\"name\":\"Conselho Municipal de Empreendedorismo\\\/AGE tem novos membros - Blog do Farn\u00e9sio\",\"isPartOf\":{\"@id\":\"https:\\\/\\\/blogdofarnesio.com.br\\\/#website\"},\"primaryImageOfPage\":{\"@id\":\"https:\\\/\\\/blogdofarnesio.com.br\\\/?p=336151#primaryimage\"},\"image\":{\"@id\":\"https:\\\/\\\/blogdofarnesio.com.br\\\/?p=336151#primaryimage\"},\"thumbnailUrl\":\"https:\\\/\\\/blogdofarnesio.com.br\\\/wp-content\\\/uploads\\\/2023\\\/03\\\/blogqsppet-age-Conselho-Empreendedorismo-e1679147464701.jpeg\",\"datePublished\":\"2023-03-20T10:42:55+00:00\",\"breadcrumb\":{\"@id\":\"https:\\\/\\\/blogdofarnesio.com.br\\\/?p=336151#breadcrumb\"},\"inLanguage\":\"pt-BR\",\"potentialAction\":[{\"@type\":\"ReadAction\",\"target\":[\"https:\\\/\\\/blogdofarnesio.com.br\\\/?p=336151\"]}]},{\"@type\":\"ImageObject\",\"inLanguage\":\"pt-BR\",\"@id\":\"https:\\\/\\\/blogdofarnesio.com.br\\\/?p=336151#primaryimage\",\"url\":\"https:\\\/\\\/blogdofarnesio.com.br\\\/wp-content\\\/uploads\\\/2023\\\/03\\\/blogqsppet-age-Conselho-Empreendedorismo-e1679147464701.jpeg\",\"contentUrl\":\"https:\\\/\\\/blogdofarnesio.com.br\\\/wp-content\\\/uploads\\\/2023\\\/03\\\/blogqsppet-age-Conselho-Empreendedorismo-e1679147464701.jpeg\",\"width\":600,\"height\":375},{\"@type\":\"BreadcrumbList\",\"@id\":\"https:\\\/\\\/blogdofarnesio.com.br\\\/?p=336151#breadcrumb\",\"itemListElement\":[{\"@type\":\"ListItem\",\"position\":1,\"name\":\"In\u00edcio\",\"item\":\"https:\\\/\\\/blogdofarnesio.com.br\\\/\"},{\"@type\":\"ListItem\",\"position\":2,\"name\":\"Conselho Municipal de Empreendedorismo\\\/AGE tem novos membros\"}]},{\"@type\":\"WebSite\",\"@id\":\"https:\\\/\\\/blogdofarnesio.com.br\\\/#website\",\"url\":\"https:\\\/\\\/blogdofarnesio.com.br\\\/\",\"name\":\"Blog do Farn\u00e9sio\",\"description\":\"Quer Saber Pol\u00edtica?\",\"publisher\":{\"@id\":\"https:\\\/\\\/blogdofarnesio.com.br\\\/#organization\"},\"potentialAction\":[{\"@type\":\"SearchAction\",\"target\":{\"@type\":\"EntryPoint\",\"urlTemplate\":\"https:\\\/\\\/blogdofarnesio.com.br\\\/?s={search_term_string}\"},\"query-input\":{\"@type\":\"PropertyValueSpecification\",\"valueRequired\":true,\"valueName\":\"search_term_string\"}}],\"inLanguage\":\"pt-BR\"},{\"@type\":\"Organization\",\"@id\":\"https:\\\/\\\/blogdofarnesio.com.br\\\/#organization\",\"name\":\"Blog do Farn\u00e9sio\",\"url\":\"https:\\\/\\\/blogdofarnesio.com.br\\\/\",\"logo\":{\"@type\":\"ImageObject\",\"inLanguage\":\"pt-BR\",\"@id\":\"https:\\\/\\\/blogdofarnesio.com.br\\\/#\\\/schema\\\/logo\\\/image\\\/\",\"url\":\"https:\\\/\\\/blogdofarnesio.com.br\\\/wp-content\\\/uploads\\\/2026\\\/03\\\/cropped-logo_new-1.png\",\"contentUrl\":\"https:\\\/\\\/blogdofarnesio.com.br\\\/wp-content\\\/uploads\\\/2026\\\/03\\\/cropped-logo_new-1.png\",\"width\":881,\"height\":685,\"caption\":\"Blog do Farn\u00e9sio\"},\"image\":{\"@id\":\"https:\\\/\\\/blogdofarnesio.com.br\\\/#\\\/schema\\\/logo\\\/image\\\/\"},\"sameAs\":[\"https:\\\/\\\/www.facebook.com\\\/BlogQuerSaberPolitica\\\/\"]},{\"@type\":\"Person\",\"@id\":\"https:\\\/\\\/blogdofarnesio.com.br\\\/#\\\/schema\\\/person\\\/bb9b23ae3ad0609ce8df7b6c9e76824d\",\"name\":\"Farn\u00e9sio\",\"image\":{\"@type\":\"ImageObject\",\"inLanguage\":\"pt-BR\",\"@id\":\"https:\\\/\\\/secure.gravatar.com\\\/avatar\\\/986aa4c61ccdb66f8555bf88fc2a65609d00bcabd4d2d94377a727547345cbca?s=96&d=mm&r=g\",\"url\":\"https:\\\/\\\/secure.gravatar.com\\\/avatar\\\/986aa4c61ccdb66f8555bf88fc2a65609d00bcabd4d2d94377a727547345cbca?s=96&d=mm&r=g\",\"contentUrl\":\"https:\\\/\\\/secure.gravatar.com\\\/avatar\\\/986aa4c61ccdb66f8555bf88fc2a65609d00bcabd4d2d94377a727547345cbca?s=96&d=mm&r=g\",\"caption\":\"Farn\u00e9sio\"},\"description\":\"Radialista blogueiro, chegou a Petrolina\\\/Juazeiro em setembro de 1980, Farn\u00e9sio Silva \u00e9 de Arapiraca-Alagoas.\",\"sameAs\":[\"http:\\\/\\\/blogdofarnesio.com.br\",\"https:\\\/\\\/www.facebook.com\\\/?ref=tn_tnmn\",\"https:\\\/\\\/www.instagram.com\\\/?utm_source=pwa_homescreen\",\"https:\\\/\\\/youtube.com.br\\\/\"],\"url\":\"https:\\\/\\\/blogdofarnesio.com.br\\\/?author=2\"}]}<\/script>\n<!-- \/ Yoast SEO plugin. -->","yoast_head_json":{"title":"Conselho Municipal de Empreendedorismo\/AGE tem novos membros - Blog do Farn\u00e9sio","robots":{"index":"index","follow":"follow","max-snippet":"max-snippet:-1","max-image-preview":"max-image-preview:large","max-video-preview":"max-video-preview:-1"},"canonical":"https:\/\/blogdofarnesio.com.br\/?p=336151","og_locale":"pt_BR","og_type":"article","og_title":"Conselho Municipal de Empreendedorismo\/AGE tem novos membros - Blog do Farn\u00e9sio","og_description":"Petrolina \u00e9 uma cidade que se destaca no interior de Pernambuco tamb\u00e9m pelo avan\u00e7o na iniciativa empreendedora. Na manh\u00e3 desta sexta-feira (17), a diretoria da Ag\u00eancia Municipal do Empreendedor (AGE Petrolina) e o prefeito Sim\u00e3o Durando estiveram no audit\u00f3rio do Servi\u00e7o Brasileiro de Apoio \u00e0s Micro e Pequenas Empresas (Sebrae Petrolina) para oficializar a posse dos membros do Conselho Municipal de Empreendedorismo (CMEP). Durante a ocasi\u00e3o, estiveram presentes os 10 conselheiros representantes de \u00f3rg\u00e3os municipais e segmentos da sociedade: al\u00e9m da pr\u00f3pria AGE, Chefia de Gabinete da Prefeitura, Secretaria de Desenvolvimento Social e Direitos Humanos (Sedesdh), Secretaria de Desenvolvimento Econ\u00f4mico e Turismo (Sedetur), Associa\u00e7\u00e3o de Barraqueiros e Ambulantes de Eventos do Vale do S\u00e3o Francisco, Funda\u00e7\u00e3o Nilo Coelho, Sindicato dos&hellip;","og_url":"https:\/\/blogdofarnesio.com.br\/?p=336151","og_site_name":"Blog do Farn\u00e9sio","article_publisher":"https:\/\/www.facebook.com\/BlogQuerSaberPolitica\/","article_author":"https:\/\/www.facebook.com\/?ref=tn_tnmn","article_published_time":"2023-03-20T10:42:55+00:00","og_image":[{"width":600,"height":375,"url":"https:\/\/blogdofarnesio.com.br\/wp-content\/uploads\/2023\/03\/blogqsppet-age-Conselho-Empreendedorismo-e1679147464701.jpeg","type":"image\/jpeg"}],"author":"Farn\u00e9sio","twitter_card":"summary_large_image","twitter_misc":{"Escrito por":"Farn\u00e9sio","Est. tempo de leitura":"2 minutos"},"schema":{"@context":"https:\/\/schema.org","@graph":[{"@type":"Article","@id":"https:\/\/blogdofarnesio.com.br\/?p=336151#article","isPartOf":{"@id":"https:\/\/blogdofarnesio.com.br\/?p=336151"},"author":{"name":"Farn\u00e9sio","@id":"https:\/\/blogdofarnesio.com.br\/#\/schema\/person\/bb9b23ae3ad0609ce8df7b6c9e76824d"},"headline":"Conselho Municipal de Empreendedorismo\/AGE tem novos membros","datePublished":"2023-03-20T10:42:55+00:00","mainEntityOfPage":{"@id":"https:\/\/blogdofarnesio.com.br\/?p=336151"},"wordCount":239,"commentCount":0,"publisher":{"@id":"https:\/\/blogdofarnesio.com.br\/#organization"},"image":{"@id":"https:\/\/blogdofarnesio.com.br\/?p=336151#primaryimage"},"thumbnailUrl":"https:\/\/blogdofarnesio.com.br\/wp-content\/uploads\/2023\/03\/blogqsppet-age-Conselho-Empreendedorismo-e1679147464701.jpeg","articleSection":["Economia"],"inLanguage":"pt-BR","potentialAction":[{"@type":"CommentAction","name":"Comment","target":["https:\/\/blogdofarnesio.com.br\/?p=336151#respond"]}]},{"@type":"WebPage","@id":"https:\/\/blogdofarnesio.com.br\/?p=336151","url":"https:\/\/blogdofarnesio.com.br\/?p=336151","name":"Conselho Municipal de Empreendedorismo\/AGE tem novos membros - Blog do Farn\u00e9sio","isPartOf":{"@id":"https:\/\/blogdofarnesio.com.br\/#website"},"primaryImageOfPage":{"@id":"https:\/\/blogdofarnesio.com.br\/?p=336151#primaryimage"},"image":{"@id":"https:\/\/blogdofarnesio.com.br\/?p=336151#primaryimage"},"thumbnailUrl":"https:\/\/blogdofarnesio.com.br\/wp-content\/uploads\/2023\/03\/blogqsppet-age-Conselho-Empreendedorismo-e1679147464701.jpeg","datePublished":"2023-03-20T10:42:55+00:00","breadcrumb":{"@id":"https:\/\/blogdofarnesio.com.br\/?p=336151#breadcrumb"},"inLanguage":"pt-BR","potentialAction":[{"@type":"ReadAction","target":["https:\/\/blogdofarnesio.com.br\/?p=336151"]}]},{"@type":"ImageObject","inLanguage":"pt-BR","@id":"https:\/\/blogdofarnesio.com.br\/?p=336151#primaryimage","url":"https:\/\/blogdofarnesio.com.br\/wp-content\/uploads\/2023\/03\/blogqsppet-age-Conselho-Empreendedorismo-e1679147464701.jpeg","contentUrl":"https:\/\/blogdofarnesio.com.br\/wp-content\/uploads\/2023\/03\/blogqsppet-age-Conselho-Empreendedorismo-e1679147464701.jpeg","width":600,"height":375},{"@type":"BreadcrumbList","@id":"https:\/\/blogdofarnesio.com.br\/?p=336151#breadcrumb","itemListElement":[{"@type":"ListItem","position":1,"name":"In\u00edcio","item":"https:\/\/blogdofarnesio.com.br\/"},{"@type":"ListItem","position":2,"name":"Conselho Municipal de Empreendedorismo\/AGE tem novos membros"}]},{"@type":"WebSite","@id":"https:\/\/blogdofarnesio.com.br\/#website","url":"https:\/\/blogdofarnesio.com.br\/","name":"Blog do Farn\u00e9sio","description":"Quer Saber Pol\u00edtica?","publisher":{"@id":"https:\/\/blogdofarnesio.com.br\/#organization"},"potentialAction":[{"@type":"SearchAction","target":{"@type":"EntryPoint","urlTemplate":"https:\/\/blogdofarnesio.com.br\/?s={search_term_string}"},"query-input":{"@type":"PropertyValueSpecification","valueRequired":true,"valueName":"search_term_string"}}],"inLanguage":"pt-BR"},{"@type":"Organization","@id":"https:\/\/blogdofarnesio.com.br\/#organization","name":"Blog do Farn\u00e9sio","url":"https:\/\/blogdofarnesio.com.br\/","logo":{"@type":"ImageObject","inLanguage":"pt-BR","@id":"https:\/\/blogdofarnesio.com.br\/#\/schema\/logo\/image\/","url":"https:\/\/blogdofarnesio.com.br\/wp-content\/uploads\/2026\/03\/cropped-logo_new-1.png","contentUrl":"https:\/\/blogdofarnesio.com.br\/wp-content\/uploads\/2026\/03\/cropped-logo_new-1.png","width":881,"height":685,"caption":"Blog do Farn\u00e9sio"},"image":{"@id":"https:\/\/blogdofarnesio.com.br\/#\/schema\/logo\/image\/"},"sameAs":["https:\/\/www.facebook.com\/BlogQuerSaberPolitica\/"]},{"@type":"Person","@id":"https:\/\/blogdofarnesio.com.br\/#\/schema\/person\/bb9b23ae3ad0609ce8df7b6c9e76824d","name":"Farn\u00e9sio","image":{"@type":"ImageObject","inLanguage":"pt-BR","@id":"https:\/\/secure.gravatar.com\/avatar\/986aa4c61ccdb66f8555bf88fc2a65609d00bcabd4d2d94377a727547345cbca?s=96&d=mm&r=g","url":"https:\/\/secure.gravatar.com\/avatar\/986aa4c61ccdb66f8555bf88fc2a65609d00bcabd4d2d94377a727547345cbca?s=96&d=mm&r=g","contentUrl":"https:\/\/secure.gravatar.com\/avatar\/986aa4c61ccdb66f8555bf88fc2a65609d00bcabd4d2d94377a727547345cbca?s=96&d=mm&r=g","caption":"Farn\u00e9sio"},"description":"Radialista blogueiro, chegou a Petrolina\/Juazeiro em setembro de 1980, Farn\u00e9sio Silva \u00e9 de Arapiraca-Alagoas.","sameAs":["http:\/\/blogdofarnesio.com.br","https:\/\/www.facebook.com\/?ref=tn_tnmn","https:\/\/www.instagram.com\/?utm_source=pwa_homescreen","https:\/\/youtube.com.br\/"],"url":"https:\/\/blogdofarnesio.com.br\/?author=2"}]}},"_links":{"self":[{"href":"https:\/\/blogdofarnesio.com.br\/index.php?rest_route=\/wp\/v2\/posts\/336151","targetHints":{"allow":["GET"]}}],"collection":[{"href":"https:\/\/blogdofarnesio.com.br\/index.php?rest_route=\/wp\/v2\/posts"}],"about":[{"href":"https:\/\/blogdofarnesio.com.br\/index.php?rest_route=\/wp\/v2\/types\/post"}],"author":[{"embeddable":true,"href":"https:\/\/blogdofarnesio.com.br\/index.php?rest_route=\/wp\/v2\/users\/2"}],"replies":[{"embeddable":true,"href":"https:\/\/blogdofarnesio.com.br\/index.php?rest_route=%2Fwp%2Fv2%2Fcomments&post=336151"}],"version-history":[{"count":0,"href":"https:\/\/blogdofarnesio.com.br\/index.php?rest_route=\/wp\/v2\/posts\/336151\/revisions"}],"wp:featuredmedia":[{"embeddable":true,"href":"https:\/\/blogdofarnesio.com.br\/index.php?rest_route=\/wp\/v2\/media\/336152"}],"wp:attachment":[{"href":"https:\/\/blogdofarnesio.com.br\/index.php?rest_route=%2Fwp%2Fv2%2Fmedia&parent=336151"}],"wp:term":[{"taxonomy":"category","embeddable":true,"href":"https:\/\/blogdofarnesio.com.br\/index.php?rest_route=%2Fwp%2Fv2%2Fcategories&post=336151"},{"taxonomy":"post_tag","embeddable":true,"href":"https:\/\/blogdofarnesio.com.br\/index.php?rest_route=%2Fwp%2Fv2%2Ftags&post=336151"}],"curies":[{"name":"wp","href":"https:\/\/api.w.org\/{rel}","templated":true}]}}