{"id":336066,"date":"2023-03-20T07:20:38","date_gmt":"2023-03-20T10:20:38","guid":{"rendered":"https:\/\/blogdofarnesio.com.br\/?p=336066"},"modified":"2023-03-17T12:14:17","modified_gmt":"2023-03-17T15:14:17","slug":"nova-etapa-gravidas-e-puerperas-entram-no-esquema-de-vacinacao-da-bivalente-contra-covid-19-em-juazeiro","status":"publish","type":"post","link":"https:\/\/blogdofarnesio.com.br\/?p=336066","title":{"rendered":"Nova etapa: Gr\u00e1vidas e pu\u00e9rperas entram no esquema de vacina\u00e7\u00e3o da bivalente contra Covid-19 em Juazeiro"},"content":{"rendered":"<div class=\"Ws\">\n<div class=\"Ls\">\n<div class=\"Ms\">\n<div class=\"Os\">A Prefeitura de Juazeiro, por meio da Secretaria de Sa\u00fade (Sesau), iniciar\u00e1 mais uma fase da aplica\u00e7\u00e3o da vacina bivalente contra a Covid-19. A partir desta segunda-feira (20), gestantes e pu\u00e9rperas, que j\u00e1 tenham tomado ao menos duas doses do imunizante, ter\u00e3o acesso \u00e0 bivalente.<\/div>\n<\/div>\n<\/div>\n<\/div>\n<div id=\"cv_\" class=\" pf  \">\n<div class=\"rf\">\n<div class=\"jf\">\n<div class=\"eh\">\n<div class=\"Rh\">\n<div class=\"ig\" data-onclick=\"cvmsgcontainercl+22\">\n<div id=\"cvcmsg_186f0164997a0003\" class=\"Rf\">\n<div id=\"cvcfullmsg_186f0164997a0003\" class=\"og\">\n<div id=\"cvcmsgbod_186f0164997a0003\" class=\"th\">\n<div class=\"gh\">\n<div class=\"Gg Ig \" dir=\"ltr\">\n<div dir=\"ltr\">\nA vacina \u00e9 uma atualiza\u00e7\u00e3o do imunizante em rela\u00e7\u00e3o \u00e0s novas cepas do coronav\u00edrus. O munic\u00edpio continua a vacina\u00e7\u00e3o na popula\u00e7\u00e3o que vive em institui\u00e7\u00f5es de longa perman\u00eancia ou que trabalha nelas, pessoas imunossuprimidas, ind\u00edgenas, ribeirinhos e quilombolas, todos estes a partir de 12 anos e tamb\u00e9m idosos a partir de 60 anos.<\/p>\n<p><b>Locais de vacina\u00e7\u00e3o<\/b><\/p>\n<p>Para tomar a vacina \u00e9 preciso levar RG, CPF ou cart\u00e3o SUS e cart\u00e3o de vacina. Pessoas imunocomprometidas precisam levar original e c\u00f3pia do laudo m\u00e9dico. A vacina\u00e7\u00e3o est\u00e1 dispon\u00edvel nas Unidades B\u00e1sicas de Sa\u00fade (UBSs) listadas abaixo:<\/p>\n<p>Segunda-feira: UBS\u2019s Argemiro, Quid\u00e9, Piranga (tarde), CAIC, Dom Jos\u00e9 Rodrigues, Jo\u00e3o XXIII, Ant\u00f4nio Guilhermino, Itaberaba, Jo\u00e3o Paulo II, Residencial Juazeiro, Tabuleiro e Alto do Cruzeiro (manh\u00e3)<\/p>\n<p>Ter\u00e7a-feira: UBS\u2019s Argemiro, Quid\u00e9, Maring\u00e1, Santo Ant\u00f4nio, Palmares, Jardim Fl\u00f3rida, Piranga (tarde), Alto da Alian\u00e7a, CAIC, Dom Jos\u00e9 Rodrigues, Jo\u00e3o XXIII, Ant\u00f4nio Guilhermino, Itaberaba, Jo\u00e3o Paulo II, Parque Residencial, Residencial Juazeiro, Tabuleiro, Angari, Novo Encontro, S\u00e3o Geraldo, Vila Jacar\u00e9 e Alto do Cruzeiro (manh\u00e3)<\/p>\n<p>Quarta-feira: UBS\u2019s Argemiro, Quid\u00e9, Maring\u00e1, Santo Ant\u00f4nio, Palmares, Jardim Fl\u00f3rida, Piranga (tarde), Alto da Alian\u00e7a, CAIC, Dom Jos\u00e9 Rodrigues, Jo\u00e3o XXIII, Ant\u00f4nio Guilhermino, Jo\u00e3o Paulo II, Parque Residencial, Residencial Juazeiro, Novo Encontro, S\u00e3o Geraldo, Vila Jacar\u00e9 e Alto do Cruzeiro (manh\u00e3)<\/p>\n<p>Quinta-feira: UBS\u2019s Argemiro, Quid\u00e9, Maring\u00e1, Santo Ant\u00f4nio, Palmares, Jardim Fl\u00f3rida, Piranga (tarde), Alto da Alian\u00e7a, CAIC, Dom Jos\u00e9 Rodrigues, Jo\u00e3o XXIII, Ant\u00f4nio Guilhermino, Itaberaba, Jo\u00e3o Paulo II, Parque Residencial, Residencial Juazeiro, Tabuleiro, Angari, Novo Encontro, S\u00e3o Geraldo, Vila Jacar\u00e9 e Alto do Cruzeiro (manh\u00e3)<\/p>\n<p>Sexta-feira: UBS\u2019s Argemiro, Maring\u00e1, Santo Ant\u00f4nio, Palmares, Jardim Fl\u00f3rida, Piranga (tarde), Alto da Alian\u00e7a, Dom Jos\u00e9 Rodrigues, Jo\u00e3o XXIII, Itaberaba, Jo\u00e3o Paulo II, Parque Residencial, Tabuleiro, Angari, Novo Encontro, S\u00e3o Geraldo, Vila Jacar\u00e9 e Alto do Cruzeiro (manh\u00e3)<\/p>\n<div><\/div>\n<div>Texto: Marcela Cavalcanti &#8211; Ascom Sesau<\/div>\n<\/div>\n<\/div>\n<\/div>\n<\/div>\n<\/div>\n<\/div>\n<\/div>\n<\/div>\n<\/div>\n<\/div>\n<\/div>\n<\/div>\n","protected":false},"excerpt":{"rendered":"<p>A Prefeitura de Juazeiro, por meio da Secretaria de Sa\u00fade (Sesau), iniciar\u00e1 mais uma fase da aplica\u00e7\u00e3o da vacina bivalente contra a Covid-19. A partir desta segunda-feira (20), gestantes e pu\u00e9rperas, que j\u00e1 tenham tomado ao menos duas doses do imunizante, ter\u00e3o acesso \u00e0 bivalente. A vacina \u00e9 uma atualiza\u00e7\u00e3o do imunizante em rela\u00e7\u00e3o \u00e0s novas cepas do coronav\u00edrus. O munic\u00edpio continua a vacina\u00e7\u00e3o na popula\u00e7\u00e3o que vive em institui\u00e7\u00f5es de longa perman\u00eancia ou que trabalha nelas, pessoas imunossuprimidas, ind\u00edgenas, ribeirinhos e quilombolas, todos estes a partir de 12 anos e tamb\u00e9m idosos a partir de 60 anos. Locais de vacina\u00e7\u00e3o Para tomar a vacina \u00e9 preciso levar RG, CPF ou cart\u00e3o SUS e cart\u00e3o de vacina. Pessoas imunocomprometidas precisam&hellip; <\/p>\n","protected":false},"author":2,"featured_media":308214,"comment_status":"open","ping_status":"open","sticky":false,"template":"","format":"standard","meta":{"_acf_changed":false,"footnotes":""},"categories":[4],"tags":[],"class_list":["post-336066","post","type-post","status-publish","format-standard","has-post-thumbnail","hentry","category-saude"],"acf":[],"yoast_head":"<!-- This site is optimized with the Yoast SEO plugin v27.4 - https:\/\/yoast.com\/product\/yoast-seo-wordpress\/ -->\n<title>Nova etapa: Gr\u00e1vidas e pu\u00e9rperas entram no esquema de vacina\u00e7\u00e3o da bivalente contra Covid-19 em Juazeiro - Blog do Farn\u00e9sio<\/title>\n<meta name=\"robots\" content=\"index, follow, max-snippet:-1, max-image-preview:large, max-video-preview:-1\" \/>\n<link rel=\"canonical\" href=\"https:\/\/blogdofarnesio.com.br\/?p=336066\" \/>\n<meta property=\"og:locale\" content=\"pt_BR\" \/>\n<meta property=\"og:type\" content=\"article\" \/>\n<meta property=\"og:title\" content=\"Nova etapa: Gr\u00e1vidas e pu\u00e9rperas entram no esquema de vacina\u00e7\u00e3o da bivalente contra Covid-19 em Juazeiro - Blog do Farn\u00e9sio\" \/>\n<meta property=\"og:description\" content=\"A Prefeitura de Juazeiro, por meio da Secretaria de Sa\u00fade (Sesau), iniciar\u00e1 mais uma fase da aplica\u00e7\u00e3o da vacina bivalente contra a Covid-19. A partir desta segunda-feira (20), gestantes e pu\u00e9rperas, que j\u00e1 tenham tomado ao menos duas doses do imunizante, ter\u00e3o acesso \u00e0 bivalente. A vacina \u00e9 uma atualiza\u00e7\u00e3o do imunizante em rela\u00e7\u00e3o \u00e0s novas cepas do coronav\u00edrus. O munic\u00edpio continua a vacina\u00e7\u00e3o na popula\u00e7\u00e3o que vive em institui\u00e7\u00f5es de longa perman\u00eancia ou que trabalha nelas, pessoas imunossuprimidas, ind\u00edgenas, ribeirinhos e quilombolas, todos estes a partir de 12 anos e tamb\u00e9m idosos a partir de 60 anos. Locais de vacina\u00e7\u00e3o Para tomar a vacina \u00e9 preciso levar RG, CPF ou cart\u00e3o SUS e cart\u00e3o de vacina. Pessoas imunocomprometidas precisam&hellip;\" \/>\n<meta property=\"og:url\" content=\"https:\/\/blogdofarnesio.com.br\/?p=336066\" \/>\n<meta property=\"og:site_name\" content=\"Blog do Farn\u00e9sio\" \/>\n<meta property=\"article:publisher\" content=\"https:\/\/www.facebook.com\/BlogQuerSaberPolitica\/\" \/>\n<meta property=\"article:author\" content=\"https:\/\/www.facebook.com\/?ref=tn_tnmn\" \/>\n<meta property=\"article:published_time\" content=\"2023-03-20T10:20:38+00:00\" \/>\n<meta property=\"og:image\" content=\"https:\/\/blogdofarnesio.com.br\/wp-content\/uploads\/2022\/03\/blogqspjua-vacinacao-e1646854446890.jpeg\" \/>\n\t<meta property=\"og:image:width\" content=\"680\" \/>\n\t<meta property=\"og:image:height\" content=\"453\" \/>\n\t<meta property=\"og:image:type\" content=\"image\/jpeg\" \/>\n<meta name=\"author\" content=\"Farn\u00e9sio\" \/>\n<meta name=\"twitter:card\" content=\"summary_large_image\" \/>\n<meta name=\"twitter:label1\" content=\"Escrito por\" \/>\n\t<meta name=\"twitter:data1\" content=\"Farn\u00e9sio\" \/>\n\t<meta name=\"twitter:label2\" content=\"Est. tempo de leitura\" \/>\n\t<meta name=\"twitter:data2\" content=\"2 minutos\" \/>\n<script type=\"application\/ld+json\" class=\"yoast-schema-graph\">{\"@context\":\"https:\\\/\\\/schema.org\",\"@graph\":[{\"@type\":\"Article\",\"@id\":\"https:\\\/\\\/blogdofarnesio.com.br\\\/?p=336066#article\",\"isPartOf\":{\"@id\":\"https:\\\/\\\/blogdofarnesio.com.br\\\/?p=336066\"},\"author\":{\"name\":\"Farn\u00e9sio\",\"@id\":\"https:\\\/\\\/blogdofarnesio.com.br\\\/#\\\/schema\\\/person\\\/bb9b23ae3ad0609ce8df7b6c9e76824d\"},\"headline\":\"Nova etapa: Gr\u00e1vidas e pu\u00e9rperas entram no esquema de vacina\u00e7\u00e3o da bivalente contra Covid-19 em Juazeiro\",\"datePublished\":\"2023-03-20T10:20:38+00:00\",\"mainEntityOfPage\":{\"@id\":\"https:\\\/\\\/blogdofarnesio.com.br\\\/?p=336066\"},\"wordCount\":410,\"commentCount\":0,\"publisher\":{\"@id\":\"https:\\\/\\\/blogdofarnesio.com.br\\\/#organization\"},\"image\":{\"@id\":\"https:\\\/\\\/blogdofarnesio.com.br\\\/?p=336066#primaryimage\"},\"thumbnailUrl\":\"https:\\\/\\\/blogdofarnesio.com.br\\\/wp-content\\\/uploads\\\/2022\\\/03\\\/blogqspjua-vacinacao-e1646854446890.jpeg\",\"articleSection\":[\"Sa\u00fade\"],\"inLanguage\":\"pt-BR\",\"potentialAction\":[{\"@type\":\"CommentAction\",\"name\":\"Comment\",\"target\":[\"https:\\\/\\\/blogdofarnesio.com.br\\\/?p=336066#respond\"]}]},{\"@type\":\"WebPage\",\"@id\":\"https:\\\/\\\/blogdofarnesio.com.br\\\/?p=336066\",\"url\":\"https:\\\/\\\/blogdofarnesio.com.br\\\/?p=336066\",\"name\":\"Nova etapa: Gr\u00e1vidas e pu\u00e9rperas entram no esquema de vacina\u00e7\u00e3o da bivalente contra Covid-19 em Juazeiro - Blog do Farn\u00e9sio\",\"isPartOf\":{\"@id\":\"https:\\\/\\\/blogdofarnesio.com.br\\\/#website\"},\"primaryImageOfPage\":{\"@id\":\"https:\\\/\\\/blogdofarnesio.com.br\\\/?p=336066#primaryimage\"},\"image\":{\"@id\":\"https:\\\/\\\/blogdofarnesio.com.br\\\/?p=336066#primaryimage\"},\"thumbnailUrl\":\"https:\\\/\\\/blogdofarnesio.com.br\\\/wp-content\\\/uploads\\\/2022\\\/03\\\/blogqspjua-vacinacao-e1646854446890.jpeg\",\"datePublished\":\"2023-03-20T10:20:38+00:00\",\"breadcrumb\":{\"@id\":\"https:\\\/\\\/blogdofarnesio.com.br\\\/?p=336066#breadcrumb\"},\"inLanguage\":\"pt-BR\",\"potentialAction\":[{\"@type\":\"ReadAction\",\"target\":[\"https:\\\/\\\/blogdofarnesio.com.br\\\/?p=336066\"]}]},{\"@type\":\"ImageObject\",\"inLanguage\":\"pt-BR\",\"@id\":\"https:\\\/\\\/blogdofarnesio.com.br\\\/?p=336066#primaryimage\",\"url\":\"https:\\\/\\\/blogdofarnesio.com.br\\\/wp-content\\\/uploads\\\/2022\\\/03\\\/blogqspjua-vacinacao-e1646854446890.jpeg\",\"contentUrl\":\"https:\\\/\\\/blogdofarnesio.com.br\\\/wp-content\\\/uploads\\\/2022\\\/03\\\/blogqspjua-vacinacao-e1646854446890.jpeg\",\"width\":680,\"height\":453},{\"@type\":\"BreadcrumbList\",\"@id\":\"https:\\\/\\\/blogdofarnesio.com.br\\\/?p=336066#breadcrumb\",\"itemListElement\":[{\"@type\":\"ListItem\",\"position\":1,\"name\":\"In\u00edcio\",\"item\":\"https:\\\/\\\/blogdofarnesio.com.br\\\/\"},{\"@type\":\"ListItem\",\"position\":2,\"name\":\"Nova etapa: Gr\u00e1vidas e pu\u00e9rperas entram no esquema de vacina\u00e7\u00e3o da bivalente contra Covid-19 em Juazeiro\"}]},{\"@type\":\"WebSite\",\"@id\":\"https:\\\/\\\/blogdofarnesio.com.br\\\/#website\",\"url\":\"https:\\\/\\\/blogdofarnesio.com.br\\\/\",\"name\":\"Blog do Farn\u00e9sio\",\"description\":\"Quer Saber Pol\u00edtica?\",\"publisher\":{\"@id\":\"https:\\\/\\\/blogdofarnesio.com.br\\\/#organization\"},\"potentialAction\":[{\"@type\":\"SearchAction\",\"target\":{\"@type\":\"EntryPoint\",\"urlTemplate\":\"https:\\\/\\\/blogdofarnesio.com.br\\\/?s={search_term_string}\"},\"query-input\":{\"@type\":\"PropertyValueSpecification\",\"valueRequired\":true,\"valueName\":\"search_term_string\"}}],\"inLanguage\":\"pt-BR\"},{\"@type\":\"Organization\",\"@id\":\"https:\\\/\\\/blogdofarnesio.com.br\\\/#organization\",\"name\":\"Blog do Farn\u00e9sio\",\"url\":\"https:\\\/\\\/blogdofarnesio.com.br\\\/\",\"logo\":{\"@type\":\"ImageObject\",\"inLanguage\":\"pt-BR\",\"@id\":\"https:\\\/\\\/blogdofarnesio.com.br\\\/#\\\/schema\\\/logo\\\/image\\\/\",\"url\":\"https:\\\/\\\/blogdofarnesio.com.br\\\/wp-content\\\/uploads\\\/2026\\\/03\\\/cropped-logo_new-1.png\",\"contentUrl\":\"https:\\\/\\\/blogdofarnesio.com.br\\\/wp-content\\\/uploads\\\/2026\\\/03\\\/cropped-logo_new-1.png\",\"width\":881,\"height\":685,\"caption\":\"Blog do Farn\u00e9sio\"},\"image\":{\"@id\":\"https:\\\/\\\/blogdofarnesio.com.br\\\/#\\\/schema\\\/logo\\\/image\\\/\"},\"sameAs\":[\"https:\\\/\\\/www.facebook.com\\\/BlogQuerSaberPolitica\\\/\"]},{\"@type\":\"Person\",\"@id\":\"https:\\\/\\\/blogdofarnesio.com.br\\\/#\\\/schema\\\/person\\\/bb9b23ae3ad0609ce8df7b6c9e76824d\",\"name\":\"Farn\u00e9sio\",\"image\":{\"@type\":\"ImageObject\",\"inLanguage\":\"pt-BR\",\"@id\":\"https:\\\/\\\/secure.gravatar.com\\\/avatar\\\/986aa4c61ccdb66f8555bf88fc2a65609d00bcabd4d2d94377a727547345cbca?s=96&d=mm&r=g\",\"url\":\"https:\\\/\\\/secure.gravatar.com\\\/avatar\\\/986aa4c61ccdb66f8555bf88fc2a65609d00bcabd4d2d94377a727547345cbca?s=96&d=mm&r=g\",\"contentUrl\":\"https:\\\/\\\/secure.gravatar.com\\\/avatar\\\/986aa4c61ccdb66f8555bf88fc2a65609d00bcabd4d2d94377a727547345cbca?s=96&d=mm&r=g\",\"caption\":\"Farn\u00e9sio\"},\"description\":\"Radialista blogueiro, chegou a Petrolina\\\/Juazeiro em setembro de 1980, Farn\u00e9sio Silva \u00e9 de Arapiraca-Alagoas.\",\"sameAs\":[\"http:\\\/\\\/blogdofarnesio.com.br\",\"https:\\\/\\\/www.facebook.com\\\/?ref=tn_tnmn\",\"https:\\\/\\\/www.instagram.com\\\/?utm_source=pwa_homescreen\",\"https:\\\/\\\/youtube.com.br\\\/\"],\"url\":\"https:\\\/\\\/blogdofarnesio.com.br\\\/?author=2\"}]}<\/script>\n<!-- \/ Yoast SEO plugin. -->","yoast_head_json":{"title":"Nova etapa: Gr\u00e1vidas e pu\u00e9rperas entram no esquema de vacina\u00e7\u00e3o da bivalente contra Covid-19 em Juazeiro - Blog do Farn\u00e9sio","robots":{"index":"index","follow":"follow","max-snippet":"max-snippet:-1","max-image-preview":"max-image-preview:large","max-video-preview":"max-video-preview:-1"},"canonical":"https:\/\/blogdofarnesio.com.br\/?p=336066","og_locale":"pt_BR","og_type":"article","og_title":"Nova etapa: Gr\u00e1vidas e pu\u00e9rperas entram no esquema de vacina\u00e7\u00e3o da bivalente contra Covid-19 em Juazeiro - Blog do Farn\u00e9sio","og_description":"A Prefeitura de Juazeiro, por meio da Secretaria de Sa\u00fade (Sesau), iniciar\u00e1 mais uma fase da aplica\u00e7\u00e3o da vacina bivalente contra a Covid-19. A partir desta segunda-feira (20), gestantes e pu\u00e9rperas, que j\u00e1 tenham tomado ao menos duas doses do imunizante, ter\u00e3o acesso \u00e0 bivalente. A vacina \u00e9 uma atualiza\u00e7\u00e3o do imunizante em rela\u00e7\u00e3o \u00e0s novas cepas do coronav\u00edrus. O munic\u00edpio continua a vacina\u00e7\u00e3o na popula\u00e7\u00e3o que vive em institui\u00e7\u00f5es de longa perman\u00eancia ou que trabalha nelas, pessoas imunossuprimidas, ind\u00edgenas, ribeirinhos e quilombolas, todos estes a partir de 12 anos e tamb\u00e9m idosos a partir de 60 anos. Locais de vacina\u00e7\u00e3o Para tomar a vacina \u00e9 preciso levar RG, CPF ou cart\u00e3o SUS e cart\u00e3o de vacina. Pessoas imunocomprometidas precisam&hellip;","og_url":"https:\/\/blogdofarnesio.com.br\/?p=336066","og_site_name":"Blog do Farn\u00e9sio","article_publisher":"https:\/\/www.facebook.com\/BlogQuerSaberPolitica\/","article_author":"https:\/\/www.facebook.com\/?ref=tn_tnmn","article_published_time":"2023-03-20T10:20:38+00:00","og_image":[{"width":680,"height":453,"url":"https:\/\/blogdofarnesio.com.br\/wp-content\/uploads\/2022\/03\/blogqspjua-vacinacao-e1646854446890.jpeg","type":"image\/jpeg"}],"author":"Farn\u00e9sio","twitter_card":"summary_large_image","twitter_misc":{"Escrito por":"Farn\u00e9sio","Est. tempo de leitura":"2 minutos"},"schema":{"@context":"https:\/\/schema.org","@graph":[{"@type":"Article","@id":"https:\/\/blogdofarnesio.com.br\/?p=336066#article","isPartOf":{"@id":"https:\/\/blogdofarnesio.com.br\/?p=336066"},"author":{"name":"Farn\u00e9sio","@id":"https:\/\/blogdofarnesio.com.br\/#\/schema\/person\/bb9b23ae3ad0609ce8df7b6c9e76824d"},"headline":"Nova etapa: Gr\u00e1vidas e pu\u00e9rperas entram no esquema de vacina\u00e7\u00e3o da bivalente contra Covid-19 em Juazeiro","datePublished":"2023-03-20T10:20:38+00:00","mainEntityOfPage":{"@id":"https:\/\/blogdofarnesio.com.br\/?p=336066"},"wordCount":410,"commentCount":0,"publisher":{"@id":"https:\/\/blogdofarnesio.com.br\/#organization"},"image":{"@id":"https:\/\/blogdofarnesio.com.br\/?p=336066#primaryimage"},"thumbnailUrl":"https:\/\/blogdofarnesio.com.br\/wp-content\/uploads\/2022\/03\/blogqspjua-vacinacao-e1646854446890.jpeg","articleSection":["Sa\u00fade"],"inLanguage":"pt-BR","potentialAction":[{"@type":"CommentAction","name":"Comment","target":["https:\/\/blogdofarnesio.com.br\/?p=336066#respond"]}]},{"@type":"WebPage","@id":"https:\/\/blogdofarnesio.com.br\/?p=336066","url":"https:\/\/blogdofarnesio.com.br\/?p=336066","name":"Nova etapa: Gr\u00e1vidas e pu\u00e9rperas entram no esquema de vacina\u00e7\u00e3o da bivalente contra Covid-19 em Juazeiro - Blog do Farn\u00e9sio","isPartOf":{"@id":"https:\/\/blogdofarnesio.com.br\/#website"},"primaryImageOfPage":{"@id":"https:\/\/blogdofarnesio.com.br\/?p=336066#primaryimage"},"image":{"@id":"https:\/\/blogdofarnesio.com.br\/?p=336066#primaryimage"},"thumbnailUrl":"https:\/\/blogdofarnesio.com.br\/wp-content\/uploads\/2022\/03\/blogqspjua-vacinacao-e1646854446890.jpeg","datePublished":"2023-03-20T10:20:38+00:00","breadcrumb":{"@id":"https:\/\/blogdofarnesio.com.br\/?p=336066#breadcrumb"},"inLanguage":"pt-BR","potentialAction":[{"@type":"ReadAction","target":["https:\/\/blogdofarnesio.com.br\/?p=336066"]}]},{"@type":"ImageObject","inLanguage":"pt-BR","@id":"https:\/\/blogdofarnesio.com.br\/?p=336066#primaryimage","url":"https:\/\/blogdofarnesio.com.br\/wp-content\/uploads\/2022\/03\/blogqspjua-vacinacao-e1646854446890.jpeg","contentUrl":"https:\/\/blogdofarnesio.com.br\/wp-content\/uploads\/2022\/03\/blogqspjua-vacinacao-e1646854446890.jpeg","width":680,"height":453},{"@type":"BreadcrumbList","@id":"https:\/\/blogdofarnesio.com.br\/?p=336066#breadcrumb","itemListElement":[{"@type":"ListItem","position":1,"name":"In\u00edcio","item":"https:\/\/blogdofarnesio.com.br\/"},{"@type":"ListItem","position":2,"name":"Nova etapa: Gr\u00e1vidas e pu\u00e9rperas entram no esquema de vacina\u00e7\u00e3o da bivalente contra Covid-19 em Juazeiro"}]},{"@type":"WebSite","@id":"https:\/\/blogdofarnesio.com.br\/#website","url":"https:\/\/blogdofarnesio.com.br\/","name":"Blog do Farn\u00e9sio","description":"Quer Saber Pol\u00edtica?","publisher":{"@id":"https:\/\/blogdofarnesio.com.br\/#organization"},"potentialAction":[{"@type":"SearchAction","target":{"@type":"EntryPoint","urlTemplate":"https:\/\/blogdofarnesio.com.br\/?s={search_term_string}"},"query-input":{"@type":"PropertyValueSpecification","valueRequired":true,"valueName":"search_term_string"}}],"inLanguage":"pt-BR"},{"@type":"Organization","@id":"https:\/\/blogdofarnesio.com.br\/#organization","name":"Blog do Farn\u00e9sio","url":"https:\/\/blogdofarnesio.com.br\/","logo":{"@type":"ImageObject","inLanguage":"pt-BR","@id":"https:\/\/blogdofarnesio.com.br\/#\/schema\/logo\/image\/","url":"https:\/\/blogdofarnesio.com.br\/wp-content\/uploads\/2026\/03\/cropped-logo_new-1.png","contentUrl":"https:\/\/blogdofarnesio.com.br\/wp-content\/uploads\/2026\/03\/cropped-logo_new-1.png","width":881,"height":685,"caption":"Blog do Farn\u00e9sio"},"image":{"@id":"https:\/\/blogdofarnesio.com.br\/#\/schema\/logo\/image\/"},"sameAs":["https:\/\/www.facebook.com\/BlogQuerSaberPolitica\/"]},{"@type":"Person","@id":"https:\/\/blogdofarnesio.com.br\/#\/schema\/person\/bb9b23ae3ad0609ce8df7b6c9e76824d","name":"Farn\u00e9sio","image":{"@type":"ImageObject","inLanguage":"pt-BR","@id":"https:\/\/secure.gravatar.com\/avatar\/986aa4c61ccdb66f8555bf88fc2a65609d00bcabd4d2d94377a727547345cbca?s=96&d=mm&r=g","url":"https:\/\/secure.gravatar.com\/avatar\/986aa4c61ccdb66f8555bf88fc2a65609d00bcabd4d2d94377a727547345cbca?s=96&d=mm&r=g","contentUrl":"https:\/\/secure.gravatar.com\/avatar\/986aa4c61ccdb66f8555bf88fc2a65609d00bcabd4d2d94377a727547345cbca?s=96&d=mm&r=g","caption":"Farn\u00e9sio"},"description":"Radialista blogueiro, chegou a Petrolina\/Juazeiro em setembro de 1980, Farn\u00e9sio Silva \u00e9 de Arapiraca-Alagoas.","sameAs":["http:\/\/blogdofarnesio.com.br","https:\/\/www.facebook.com\/?ref=tn_tnmn","https:\/\/www.instagram.com\/?utm_source=pwa_homescreen","https:\/\/youtube.com.br\/"],"url":"https:\/\/blogdofarnesio.com.br\/?author=2"}]}},"_links":{"self":[{"href":"https:\/\/blogdofarnesio.com.br\/index.php?rest_route=\/wp\/v2\/posts\/336066","targetHints":{"allow":["GET"]}}],"collection":[{"href":"https:\/\/blogdofarnesio.com.br\/index.php?rest_route=\/wp\/v2\/posts"}],"about":[{"href":"https:\/\/blogdofarnesio.com.br\/index.php?rest_route=\/wp\/v2\/types\/post"}],"author":[{"embeddable":true,"href":"https:\/\/blogdofarnesio.com.br\/index.php?rest_route=\/wp\/v2\/users\/2"}],"replies":[{"embeddable":true,"href":"https:\/\/blogdofarnesio.com.br\/index.php?rest_route=%2Fwp%2Fv2%2Fcomments&post=336066"}],"version-history":[{"count":0,"href":"https:\/\/blogdofarnesio.com.br\/index.php?rest_route=\/wp\/v2\/posts\/336066\/revisions"}],"wp:featuredmedia":[{"embeddable":true,"href":"https:\/\/blogdofarnesio.com.br\/index.php?rest_route=\/wp\/v2\/media\/308214"}],"wp:attachment":[{"href":"https:\/\/blogdofarnesio.com.br\/index.php?rest_route=%2Fwp%2Fv2%2Fmedia&parent=336066"}],"wp:term":[{"taxonomy":"category","embeddable":true,"href":"https:\/\/blogdofarnesio.com.br\/index.php?rest_route=%2Fwp%2Fv2%2Fcategories&post=336066"},{"taxonomy":"post_tag","embeddable":true,"href":"https:\/\/blogdofarnesio.com.br\/index.php?rest_route=%2Fwp%2Fv2%2Ftags&post=336066"}],"curies":[{"name":"wp","href":"https:\/\/api.w.org\/{rel}","templated":true}]}}