{"id":336042,"date":"2023-03-20T08:42:36","date_gmt":"2023-03-20T11:42:36","guid":{"rendered":"https:\/\/blogdofarnesio.com.br\/?p=336042"},"modified":"2023-03-18T18:40:18","modified_gmt":"2023-03-18T21:40:18","slug":"a-travessia-urbana-de-juazeiro-tem-seu-inicio-confirmado-pelo-presidente-lula-e-pelo-diretor-geral-do-dnit-fabricio-galvao-durante-audiencia-com-o-deputado-roberto-carlos-em-brasilia","status":"publish","type":"post","link":"https:\/\/blogdofarnesio.com.br\/?p=336042","title":{"rendered":"A travessia urbana tem seu in\u00edcio confirmado pelo presidente Lula e pelo diretor do DNIT, em audi\u00eancia com o deputado Roberto Carlos, em Bras\u00edlia"},"content":{"rendered":"<div dir=\"auto\">O encontro foi intermediado pelo ministro da Casa Civil, Rui Costa, que n\u00e3o tem medido esfor\u00e7os para resolver esse impasse que dura mais de 10 anos, em Juazeiro. De acordo com o deputado Roberto Carlos (PV), vice-l\u00edder do Governo da Bahia, muitos pol\u00edticos buscaram mecanismo para resolver o sonho antigo dos juazeirenses, a obra da travessia urbana e &#8220;Gra\u00e7as a Deus, ao nosso empenho e luta, junto ao presidente Lula e ao ministro-chefe da Casa Civil, Rui Costa, teremos motivo para comemorar&#8221;, ressaltou o parlamentar.<\/div>\n<div dir=\"auto\"><\/div>\n<div dir=\"auto\">O diretor- geral do DNIT, Fabr\u00edcio Galv\u00e3o, garantiu ao deputado Roberto Carlos, que j\u00e1 foi contratada a empresa e a obra iniciar\u00e1 entre os 100 dias do Governo Federal. &#8220;\u00c9 uma obra gigantesca, quase R$ 200 milh\u00f5es, e todos n\u00f3s do DNIT estamos empolgados\u201d, disse Fabr\u00edcio Galv\u00e3o (DNIT ).<\/div>\n<div dir=\"auto\"><\/div>\n<div dir=\"auto\">Na oportunidade, o deputado Roberto Carlos tratou, tamb\u00e9m, do pedido que j\u00e1 havia feito, referente ao asfaltamento da estrada federal, a BR-122.\u00a0 &#8220;Esta obra tamb\u00e9m ser\u00e1 de extrema import\u00e2ncia, ligando Juazeiro, no Salitre, a Campo Formoso, al\u00e9m de ser rota para muitos estados&#8221;.<\/div>\n<div dir=\"auto\"><\/div>\n<div dir=\"auto\">O deputado Roberto Carlos finalizou agradecendo ao presidente Lula, ao ministro chefe da Casa Civil, Rui Costa, ao governador da Bahia, Jer\u00f4nimo Rodrigues, aos senadores Jaques Wagner, Otto Alencar e \u00c2ngelo coronel pela realiza\u00e7\u00e3o do sonhos dos Juazeirenses.<\/div>\n","protected":false},"excerpt":{"rendered":"<p>O encontro foi intermediado pelo ministro da Casa Civil, Rui Costa, que n\u00e3o tem medido esfor\u00e7os para resolver esse impasse que dura mais de 10 anos, em Juazeiro. De acordo com o deputado Roberto Carlos (PV), vice-l\u00edder do Governo da Bahia, muitos pol\u00edticos buscaram mecanismo para resolver o sonho antigo dos juazeirenses, a obra da travessia urbana e &#8220;Gra\u00e7as a Deus, ao nosso empenho e luta, junto ao presidente Lula e ao ministro-chefe da Casa Civil, Rui Costa, teremos motivo para comemorar&#8221;, ressaltou o parlamentar. O diretor- geral do DNIT, Fabr\u00edcio Galv\u00e3o, garantiu ao deputado Roberto Carlos, que j\u00e1 foi contratada a empresa e a obra iniciar\u00e1 entre os 100 dias do Governo Federal. &#8220;\u00c9 uma obra gigantesca, quase R$&hellip; <\/p>\n","protected":false},"author":2,"featured_media":336043,"comment_status":"open","ping_status":"open","sticky":false,"template":"","format":"standard","meta":{"_acf_changed":false,"footnotes":""},"categories":[17,1],"tags":[],"class_list":["post-336042","post","type-post","status-publish","format-standard","has-post-thumbnail","hentry","category-estradas","category-politica"],"acf":[],"yoast_head":"<!-- This site is optimized with the Yoast SEO plugin v27.4 - https:\/\/yoast.com\/product\/yoast-seo-wordpress\/ -->\n<title>A travessia urbana tem seu in\u00edcio confirmado pelo presidente Lula e pelo diretor do DNIT, em audi\u00eancia com o deputado Roberto Carlos, em Bras\u00edlia - Blog do Farn\u00e9sio<\/title>\n<meta name=\"robots\" content=\"index, follow, max-snippet:-1, max-image-preview:large, max-video-preview:-1\" \/>\n<link rel=\"canonical\" href=\"https:\/\/blogdofarnesio.com.br\/?p=336042\" \/>\n<meta property=\"og:locale\" content=\"pt_BR\" \/>\n<meta property=\"og:type\" content=\"article\" \/>\n<meta property=\"og:title\" content=\"A travessia urbana tem seu in\u00edcio confirmado pelo presidente Lula e pelo diretor do DNIT, em audi\u00eancia com o deputado Roberto Carlos, em Bras\u00edlia - Blog do Farn\u00e9sio\" \/>\n<meta property=\"og:description\" content=\"O encontro foi intermediado pelo ministro da Casa Civil, Rui Costa, que n\u00e3o tem medido esfor\u00e7os para resolver esse impasse que dura mais de 10 anos, em Juazeiro. De acordo com o deputado Roberto Carlos (PV), vice-l\u00edder do Governo da Bahia, muitos pol\u00edticos buscaram mecanismo para resolver o sonho antigo dos juazeirenses, a obra da travessia urbana e &#8220;Gra\u00e7as a Deus, ao nosso empenho e luta, junto ao presidente Lula e ao ministro-chefe da Casa Civil, Rui Costa, teremos motivo para comemorar&#8221;, ressaltou o parlamentar. O diretor- geral do DNIT, Fabr\u00edcio Galv\u00e3o, garantiu ao deputado Roberto Carlos, que j\u00e1 foi contratada a empresa e a obra iniciar\u00e1 entre os 100 dias do Governo Federal. &#8220;\u00c9 uma obra gigantesca, quase R$&hellip;\" \/>\n<meta property=\"og:url\" content=\"https:\/\/blogdofarnesio.com.br\/?p=336042\" \/>\n<meta property=\"og:site_name\" content=\"Blog do Farn\u00e9sio\" \/>\n<meta property=\"article:publisher\" content=\"https:\/\/www.facebook.com\/BlogQuerSaberPolitica\/\" \/>\n<meta property=\"article:author\" content=\"https:\/\/www.facebook.com\/?ref=tn_tnmn\" \/>\n<meta property=\"article:published_time\" content=\"2023-03-20T11:42:36+00:00\" \/>\n<meta property=\"og:image\" content=\"https:\/\/blogdofarnesio.com.br\/wp-content\/uploads\/2023\/03\/blogqspjua-dep-rcarlos-denitt-e1679056896514.jpg\" \/>\n\t<meta property=\"og:image:width\" content=\"680\" \/>\n\t<meta property=\"og:image:height\" content=\"425\" \/>\n\t<meta property=\"og:image:type\" content=\"image\/jpeg\" \/>\n<meta name=\"author\" content=\"Farn\u00e9sio\" \/>\n<meta name=\"twitter:card\" content=\"summary_large_image\" \/>\n<meta name=\"twitter:label1\" content=\"Escrito por\" \/>\n\t<meta name=\"twitter:data1\" content=\"Farn\u00e9sio\" \/>\n\t<meta name=\"twitter:label2\" content=\"Est. tempo de leitura\" \/>\n\t<meta name=\"twitter:data2\" content=\"2 minutos\" \/>\n<script type=\"application\/ld+json\" class=\"yoast-schema-graph\">{\"@context\":\"https:\\\/\\\/schema.org\",\"@graph\":[{\"@type\":\"Article\",\"@id\":\"https:\\\/\\\/blogdofarnesio.com.br\\\/?p=336042#article\",\"isPartOf\":{\"@id\":\"https:\\\/\\\/blogdofarnesio.com.br\\\/?p=336042\"},\"author\":{\"name\":\"Farn\u00e9sio\",\"@id\":\"https:\\\/\\\/blogdofarnesio.com.br\\\/#\\\/schema\\\/person\\\/bb9b23ae3ad0609ce8df7b6c9e76824d\"},\"headline\":\"A travessia urbana tem seu in\u00edcio confirmado pelo presidente Lula e pelo diretor do DNIT, em audi\u00eancia com o deputado Roberto Carlos, em Bras\u00edlia\",\"datePublished\":\"2023-03-20T11:42:36+00:00\",\"mainEntityOfPage\":{\"@id\":\"https:\\\/\\\/blogdofarnesio.com.br\\\/?p=336042\"},\"wordCount\":254,\"commentCount\":0,\"publisher\":{\"@id\":\"https:\\\/\\\/blogdofarnesio.com.br\\\/#organization\"},\"image\":{\"@id\":\"https:\\\/\\\/blogdofarnesio.com.br\\\/?p=336042#primaryimage\"},\"thumbnailUrl\":\"https:\\\/\\\/blogdofarnesio.com.br\\\/wp-content\\\/uploads\\\/2023\\\/03\\\/blogqspjua-dep-rcarlos-denitt-e1679056896514.jpg\",\"articleSection\":[\"Estradas\",\"Pol\u00edtica\"],\"inLanguage\":\"pt-BR\",\"potentialAction\":[{\"@type\":\"CommentAction\",\"name\":\"Comment\",\"target\":[\"https:\\\/\\\/blogdofarnesio.com.br\\\/?p=336042#respond\"]}]},{\"@type\":\"WebPage\",\"@id\":\"https:\\\/\\\/blogdofarnesio.com.br\\\/?p=336042\",\"url\":\"https:\\\/\\\/blogdofarnesio.com.br\\\/?p=336042\",\"name\":\"A travessia urbana tem seu in\u00edcio confirmado pelo presidente Lula e pelo diretor do DNIT, em audi\u00eancia com o deputado Roberto Carlos, em Bras\u00edlia - Blog do Farn\u00e9sio\",\"isPartOf\":{\"@id\":\"https:\\\/\\\/blogdofarnesio.com.br\\\/#website\"},\"primaryImageOfPage\":{\"@id\":\"https:\\\/\\\/blogdofarnesio.com.br\\\/?p=336042#primaryimage\"},\"image\":{\"@id\":\"https:\\\/\\\/blogdofarnesio.com.br\\\/?p=336042#primaryimage\"},\"thumbnailUrl\":\"https:\\\/\\\/blogdofarnesio.com.br\\\/wp-content\\\/uploads\\\/2023\\\/03\\\/blogqspjua-dep-rcarlos-denitt-e1679056896514.jpg\",\"datePublished\":\"2023-03-20T11:42:36+00:00\",\"breadcrumb\":{\"@id\":\"https:\\\/\\\/blogdofarnesio.com.br\\\/?p=336042#breadcrumb\"},\"inLanguage\":\"pt-BR\",\"potentialAction\":[{\"@type\":\"ReadAction\",\"target\":[\"https:\\\/\\\/blogdofarnesio.com.br\\\/?p=336042\"]}]},{\"@type\":\"ImageObject\",\"inLanguage\":\"pt-BR\",\"@id\":\"https:\\\/\\\/blogdofarnesio.com.br\\\/?p=336042#primaryimage\",\"url\":\"https:\\\/\\\/blogdofarnesio.com.br\\\/wp-content\\\/uploads\\\/2023\\\/03\\\/blogqspjua-dep-rcarlos-denitt-e1679056896514.jpg\",\"contentUrl\":\"https:\\\/\\\/blogdofarnesio.com.br\\\/wp-content\\\/uploads\\\/2023\\\/03\\\/blogqspjua-dep-rcarlos-denitt-e1679056896514.jpg\",\"width\":680,\"height\":425},{\"@type\":\"BreadcrumbList\",\"@id\":\"https:\\\/\\\/blogdofarnesio.com.br\\\/?p=336042#breadcrumb\",\"itemListElement\":[{\"@type\":\"ListItem\",\"position\":1,\"name\":\"In\u00edcio\",\"item\":\"https:\\\/\\\/blogdofarnesio.com.br\\\/\"},{\"@type\":\"ListItem\",\"position\":2,\"name\":\"A travessia urbana tem seu in\u00edcio confirmado pelo presidente Lula e pelo diretor do DNIT, em audi\u00eancia com o deputado Roberto Carlos, em Bras\u00edlia\"}]},{\"@type\":\"WebSite\",\"@id\":\"https:\\\/\\\/blogdofarnesio.com.br\\\/#website\",\"url\":\"https:\\\/\\\/blogdofarnesio.com.br\\\/\",\"name\":\"Blog do Farn\u00e9sio\",\"description\":\"Quer Saber Pol\u00edtica?\",\"publisher\":{\"@id\":\"https:\\\/\\\/blogdofarnesio.com.br\\\/#organization\"},\"potentialAction\":[{\"@type\":\"SearchAction\",\"target\":{\"@type\":\"EntryPoint\",\"urlTemplate\":\"https:\\\/\\\/blogdofarnesio.com.br\\\/?s={search_term_string}\"},\"query-input\":{\"@type\":\"PropertyValueSpecification\",\"valueRequired\":true,\"valueName\":\"search_term_string\"}}],\"inLanguage\":\"pt-BR\"},{\"@type\":\"Organization\",\"@id\":\"https:\\\/\\\/blogdofarnesio.com.br\\\/#organization\",\"name\":\"Blog do Farn\u00e9sio\",\"url\":\"https:\\\/\\\/blogdofarnesio.com.br\\\/\",\"logo\":{\"@type\":\"ImageObject\",\"inLanguage\":\"pt-BR\",\"@id\":\"https:\\\/\\\/blogdofarnesio.com.br\\\/#\\\/schema\\\/logo\\\/image\\\/\",\"url\":\"https:\\\/\\\/blogdofarnesio.com.br\\\/wp-content\\\/uploads\\\/2026\\\/03\\\/cropped-logo_new-1.png\",\"contentUrl\":\"https:\\\/\\\/blogdofarnesio.com.br\\\/wp-content\\\/uploads\\\/2026\\\/03\\\/cropped-logo_new-1.png\",\"width\":881,\"height\":685,\"caption\":\"Blog do Farn\u00e9sio\"},\"image\":{\"@id\":\"https:\\\/\\\/blogdofarnesio.com.br\\\/#\\\/schema\\\/logo\\\/image\\\/\"},\"sameAs\":[\"https:\\\/\\\/www.facebook.com\\\/BlogQuerSaberPolitica\\\/\"]},{\"@type\":\"Person\",\"@id\":\"https:\\\/\\\/blogdofarnesio.com.br\\\/#\\\/schema\\\/person\\\/bb9b23ae3ad0609ce8df7b6c9e76824d\",\"name\":\"Farn\u00e9sio\",\"image\":{\"@type\":\"ImageObject\",\"inLanguage\":\"pt-BR\",\"@id\":\"https:\\\/\\\/secure.gravatar.com\\\/avatar\\\/986aa4c61ccdb66f8555bf88fc2a65609d00bcabd4d2d94377a727547345cbca?s=96&d=mm&r=g\",\"url\":\"https:\\\/\\\/secure.gravatar.com\\\/avatar\\\/986aa4c61ccdb66f8555bf88fc2a65609d00bcabd4d2d94377a727547345cbca?s=96&d=mm&r=g\",\"contentUrl\":\"https:\\\/\\\/secure.gravatar.com\\\/avatar\\\/986aa4c61ccdb66f8555bf88fc2a65609d00bcabd4d2d94377a727547345cbca?s=96&d=mm&r=g\",\"caption\":\"Farn\u00e9sio\"},\"description\":\"Radialista blogueiro, chegou a Petrolina\\\/Juazeiro em setembro de 1980, Farn\u00e9sio Silva \u00e9 de Arapiraca-Alagoas.\",\"sameAs\":[\"http:\\\/\\\/blogdofarnesio.com.br\",\"https:\\\/\\\/www.facebook.com\\\/?ref=tn_tnmn\",\"https:\\\/\\\/www.instagram.com\\\/?utm_source=pwa_homescreen\",\"https:\\\/\\\/youtube.com.br\\\/\"],\"url\":\"https:\\\/\\\/blogdofarnesio.com.br\\\/?author=2\"}]}<\/script>\n<!-- \/ Yoast SEO plugin. -->","yoast_head_json":{"title":"A travessia urbana tem seu in\u00edcio confirmado pelo presidente Lula e pelo diretor do DNIT, em audi\u00eancia com o deputado Roberto Carlos, em Bras\u00edlia - Blog do Farn\u00e9sio","robots":{"index":"index","follow":"follow","max-snippet":"max-snippet:-1","max-image-preview":"max-image-preview:large","max-video-preview":"max-video-preview:-1"},"canonical":"https:\/\/blogdofarnesio.com.br\/?p=336042","og_locale":"pt_BR","og_type":"article","og_title":"A travessia urbana tem seu in\u00edcio confirmado pelo presidente Lula e pelo diretor do DNIT, em audi\u00eancia com o deputado Roberto Carlos, em Bras\u00edlia - Blog do Farn\u00e9sio","og_description":"O encontro foi intermediado pelo ministro da Casa Civil, Rui Costa, que n\u00e3o tem medido esfor\u00e7os para resolver esse impasse que dura mais de 10 anos, em Juazeiro. De acordo com o deputado Roberto Carlos (PV), vice-l\u00edder do Governo da Bahia, muitos pol\u00edticos buscaram mecanismo para resolver o sonho antigo dos juazeirenses, a obra da travessia urbana e &#8220;Gra\u00e7as a Deus, ao nosso empenho e luta, junto ao presidente Lula e ao ministro-chefe da Casa Civil, Rui Costa, teremos motivo para comemorar&#8221;, ressaltou o parlamentar. O diretor- geral do DNIT, Fabr\u00edcio Galv\u00e3o, garantiu ao deputado Roberto Carlos, que j\u00e1 foi contratada a empresa e a obra iniciar\u00e1 entre os 100 dias do Governo Federal. &#8220;\u00c9 uma obra gigantesca, quase R$&hellip;","og_url":"https:\/\/blogdofarnesio.com.br\/?p=336042","og_site_name":"Blog do Farn\u00e9sio","article_publisher":"https:\/\/www.facebook.com\/BlogQuerSaberPolitica\/","article_author":"https:\/\/www.facebook.com\/?ref=tn_tnmn","article_published_time":"2023-03-20T11:42:36+00:00","og_image":[{"width":680,"height":425,"url":"https:\/\/blogdofarnesio.com.br\/wp-content\/uploads\/2023\/03\/blogqspjua-dep-rcarlos-denitt-e1679056896514.jpg","type":"image\/jpeg"}],"author":"Farn\u00e9sio","twitter_card":"summary_large_image","twitter_misc":{"Escrito por":"Farn\u00e9sio","Est. tempo de leitura":"2 minutos"},"schema":{"@context":"https:\/\/schema.org","@graph":[{"@type":"Article","@id":"https:\/\/blogdofarnesio.com.br\/?p=336042#article","isPartOf":{"@id":"https:\/\/blogdofarnesio.com.br\/?p=336042"},"author":{"name":"Farn\u00e9sio","@id":"https:\/\/blogdofarnesio.com.br\/#\/schema\/person\/bb9b23ae3ad0609ce8df7b6c9e76824d"},"headline":"A travessia urbana tem seu in\u00edcio confirmado pelo presidente Lula e pelo diretor do DNIT, em audi\u00eancia com o deputado Roberto Carlos, em Bras\u00edlia","datePublished":"2023-03-20T11:42:36+00:00","mainEntityOfPage":{"@id":"https:\/\/blogdofarnesio.com.br\/?p=336042"},"wordCount":254,"commentCount":0,"publisher":{"@id":"https:\/\/blogdofarnesio.com.br\/#organization"},"image":{"@id":"https:\/\/blogdofarnesio.com.br\/?p=336042#primaryimage"},"thumbnailUrl":"https:\/\/blogdofarnesio.com.br\/wp-content\/uploads\/2023\/03\/blogqspjua-dep-rcarlos-denitt-e1679056896514.jpg","articleSection":["Estradas","Pol\u00edtica"],"inLanguage":"pt-BR","potentialAction":[{"@type":"CommentAction","name":"Comment","target":["https:\/\/blogdofarnesio.com.br\/?p=336042#respond"]}]},{"@type":"WebPage","@id":"https:\/\/blogdofarnesio.com.br\/?p=336042","url":"https:\/\/blogdofarnesio.com.br\/?p=336042","name":"A travessia urbana tem seu in\u00edcio confirmado pelo presidente Lula e pelo diretor do DNIT, em audi\u00eancia com o deputado Roberto Carlos, em Bras\u00edlia - Blog do Farn\u00e9sio","isPartOf":{"@id":"https:\/\/blogdofarnesio.com.br\/#website"},"primaryImageOfPage":{"@id":"https:\/\/blogdofarnesio.com.br\/?p=336042#primaryimage"},"image":{"@id":"https:\/\/blogdofarnesio.com.br\/?p=336042#primaryimage"},"thumbnailUrl":"https:\/\/blogdofarnesio.com.br\/wp-content\/uploads\/2023\/03\/blogqspjua-dep-rcarlos-denitt-e1679056896514.jpg","datePublished":"2023-03-20T11:42:36+00:00","breadcrumb":{"@id":"https:\/\/blogdofarnesio.com.br\/?p=336042#breadcrumb"},"inLanguage":"pt-BR","potentialAction":[{"@type":"ReadAction","target":["https:\/\/blogdofarnesio.com.br\/?p=336042"]}]},{"@type":"ImageObject","inLanguage":"pt-BR","@id":"https:\/\/blogdofarnesio.com.br\/?p=336042#primaryimage","url":"https:\/\/blogdofarnesio.com.br\/wp-content\/uploads\/2023\/03\/blogqspjua-dep-rcarlos-denitt-e1679056896514.jpg","contentUrl":"https:\/\/blogdofarnesio.com.br\/wp-content\/uploads\/2023\/03\/blogqspjua-dep-rcarlos-denitt-e1679056896514.jpg","width":680,"height":425},{"@type":"BreadcrumbList","@id":"https:\/\/blogdofarnesio.com.br\/?p=336042#breadcrumb","itemListElement":[{"@type":"ListItem","position":1,"name":"In\u00edcio","item":"https:\/\/blogdofarnesio.com.br\/"},{"@type":"ListItem","position":2,"name":"A travessia urbana tem seu in\u00edcio confirmado pelo presidente Lula e pelo diretor do DNIT, em audi\u00eancia com o deputado Roberto Carlos, em Bras\u00edlia"}]},{"@type":"WebSite","@id":"https:\/\/blogdofarnesio.com.br\/#website","url":"https:\/\/blogdofarnesio.com.br\/","name":"Blog do Farn\u00e9sio","description":"Quer Saber Pol\u00edtica?","publisher":{"@id":"https:\/\/blogdofarnesio.com.br\/#organization"},"potentialAction":[{"@type":"SearchAction","target":{"@type":"EntryPoint","urlTemplate":"https:\/\/blogdofarnesio.com.br\/?s={search_term_string}"},"query-input":{"@type":"PropertyValueSpecification","valueRequired":true,"valueName":"search_term_string"}}],"inLanguage":"pt-BR"},{"@type":"Organization","@id":"https:\/\/blogdofarnesio.com.br\/#organization","name":"Blog do Farn\u00e9sio","url":"https:\/\/blogdofarnesio.com.br\/","logo":{"@type":"ImageObject","inLanguage":"pt-BR","@id":"https:\/\/blogdofarnesio.com.br\/#\/schema\/logo\/image\/","url":"https:\/\/blogdofarnesio.com.br\/wp-content\/uploads\/2026\/03\/cropped-logo_new-1.png","contentUrl":"https:\/\/blogdofarnesio.com.br\/wp-content\/uploads\/2026\/03\/cropped-logo_new-1.png","width":881,"height":685,"caption":"Blog do Farn\u00e9sio"},"image":{"@id":"https:\/\/blogdofarnesio.com.br\/#\/schema\/logo\/image\/"},"sameAs":["https:\/\/www.facebook.com\/BlogQuerSaberPolitica\/"]},{"@type":"Person","@id":"https:\/\/blogdofarnesio.com.br\/#\/schema\/person\/bb9b23ae3ad0609ce8df7b6c9e76824d","name":"Farn\u00e9sio","image":{"@type":"ImageObject","inLanguage":"pt-BR","@id":"https:\/\/secure.gravatar.com\/avatar\/986aa4c61ccdb66f8555bf88fc2a65609d00bcabd4d2d94377a727547345cbca?s=96&d=mm&r=g","url":"https:\/\/secure.gravatar.com\/avatar\/986aa4c61ccdb66f8555bf88fc2a65609d00bcabd4d2d94377a727547345cbca?s=96&d=mm&r=g","contentUrl":"https:\/\/secure.gravatar.com\/avatar\/986aa4c61ccdb66f8555bf88fc2a65609d00bcabd4d2d94377a727547345cbca?s=96&d=mm&r=g","caption":"Farn\u00e9sio"},"description":"Radialista blogueiro, chegou a Petrolina\/Juazeiro em setembro de 1980, Farn\u00e9sio Silva \u00e9 de Arapiraca-Alagoas.","sameAs":["http:\/\/blogdofarnesio.com.br","https:\/\/www.facebook.com\/?ref=tn_tnmn","https:\/\/www.instagram.com\/?utm_source=pwa_homescreen","https:\/\/youtube.com.br\/"],"url":"https:\/\/blogdofarnesio.com.br\/?author=2"}]}},"_links":{"self":[{"href":"https:\/\/blogdofarnesio.com.br\/index.php?rest_route=\/wp\/v2\/posts\/336042","targetHints":{"allow":["GET"]}}],"collection":[{"href":"https:\/\/blogdofarnesio.com.br\/index.php?rest_route=\/wp\/v2\/posts"}],"about":[{"href":"https:\/\/blogdofarnesio.com.br\/index.php?rest_route=\/wp\/v2\/types\/post"}],"author":[{"embeddable":true,"href":"https:\/\/blogdofarnesio.com.br\/index.php?rest_route=\/wp\/v2\/users\/2"}],"replies":[{"embeddable":true,"href":"https:\/\/blogdofarnesio.com.br\/index.php?rest_route=%2Fwp%2Fv2%2Fcomments&post=336042"}],"version-history":[{"count":0,"href":"https:\/\/blogdofarnesio.com.br\/index.php?rest_route=\/wp\/v2\/posts\/336042\/revisions"}],"wp:featuredmedia":[{"embeddable":true,"href":"https:\/\/blogdofarnesio.com.br\/index.php?rest_route=\/wp\/v2\/media\/336043"}],"wp:attachment":[{"href":"https:\/\/blogdofarnesio.com.br\/index.php?rest_route=%2Fwp%2Fv2%2Fmedia&parent=336042"}],"wp:term":[{"taxonomy":"category","embeddable":true,"href":"https:\/\/blogdofarnesio.com.br\/index.php?rest_route=%2Fwp%2Fv2%2Fcategories&post=336042"},{"taxonomy":"post_tag","embeddable":true,"href":"https:\/\/blogdofarnesio.com.br\/index.php?rest_route=%2Fwp%2Fv2%2Ftags&post=336042"}],"curies":[{"name":"wp","href":"https:\/\/api.w.org\/{rel}","templated":true}]}}