{"id":335187,"date":"2023-03-07T09:42:12","date_gmt":"2023-03-07T12:42:12","guid":{"rendered":"https:\/\/blogdofarnesio.com.br\/?p=335187"},"modified":"2023-03-06T19:04:36","modified_gmt":"2023-03-06T22:04:36","slug":"prefeita-suzana-realiza-nova-troca-entre-o-novo-secretario-do-meio-ambiente-e-ordenamento-urbano-e-chefe-de-gabinete","status":"publish","type":"post","link":"https:\/\/blogdofarnesio.com.br\/?p=335187","title":{"rendered":"Prefeita Suzana realiza nova troca entre o novo secret\u00e1rio do Meio Ambiente e Ordenamento Urbano e Chefe de Gabinete"},"content":{"rendered":"<p dir=\"ltr\">A Prefeitura de Juazeiro, atrav\u00e9s da Secretaria de Meio Ambiente e Ordenamento Urbano (Semaurb), realizou nesta segunda-feira (6), a reuni\u00e3o de transi\u00e7\u00e3o entre o antigo gestor, Cesar Miller, que deixa a pasta e assume a Chefia de Gabinete e Isledio Bandeira, administrador e t\u00e9cnico agr\u00edcola, que passa a comandar a Semaurb.<\/p>\n<p dir=\"ltr\">\u201cEu saio daqui com a cabe\u00e7a erguida. Tentamos, dentro do poss\u00edvel, dar o nosso melhor aqui na secretaria e saio com o meu cora\u00e7\u00e3o tranquilo e a certeza da miss\u00e3o cumprida. Ajudem o novo secret\u00e1rio, vamos todos dar as m\u00e3os. Eu acredito que Leo vai ser o melhor secret\u00e1rio que a Semaurb j\u00e1 teve e vai ser capaz de unificar a secretaria\u201d, disse Cesar.<\/p>\n<p dir=\"ltr\">As novas mudan\u00e7as acontecem com o objetivo de promover melhorias para a gest\u00e3o Suzana Ramos.<\/p>\n<p dir=\"ltr\">\u201cCesar t\u00e1 saindo hoje extremamente reconhecido pelo trabalho que ele fez, ningu\u00e9m tem d\u00favida do quanto ele ajudou a Semaurb, fez uma boa gest\u00e3o, e sai reconhecido para a Chefia de Gabinete, o qual eu conto com o apoio dele. A gente chega com um ambiente fortalecido, uma equipe preparada e teremos mais viabilidade para resolver as coisas. Enquanto eu estiver aqui, vou dar o meu melhor, principalmente para defender a gest\u00e3o Suzana Ramos. Me sinto capacitado e preparado para assumir os desafios da pasta. Vamos tocar a secretaria de forma coesa, honesta e sempre alinhado com a prefeita, a quem agrade\u00e7o a confian\u00e7a e a oportunidade. Contem comigo\u201d, declarou o novo gestor Isledio Bandeira.<\/p>\n<p dir=\"ltr\">\u2014<\/p>\n<p dir=\"ltr\">Texto: Milena Pacheco\/Ascom Semaurb\/PMJ<\/p>\n","protected":false},"excerpt":{"rendered":"<p>A Prefeitura de Juazeiro, atrav\u00e9s da Secretaria de Meio Ambiente e Ordenamento Urbano (Semaurb), realizou nesta segunda-feira (6), a reuni\u00e3o de transi\u00e7\u00e3o entre o antigo gestor, Cesar Miller, que deixa a pasta e assume a Chefia de Gabinete e Isledio Bandeira, administrador e t\u00e9cnico agr\u00edcola, que passa a comandar a Semaurb. \u201cEu saio daqui com a cabe\u00e7a erguida. Tentamos, dentro do poss\u00edvel, dar o nosso melhor aqui na secretaria e saio com o meu cora\u00e7\u00e3o tranquilo e a certeza da miss\u00e3o cumprida. Ajudem o novo secret\u00e1rio, vamos todos dar as m\u00e3os. Eu acredito que Leo vai ser o melhor secret\u00e1rio que a Semaurb j\u00e1 teve e vai ser capaz de unificar a secretaria\u201d, disse Cesar. As novas mudan\u00e7as acontecem com&hellip; <\/p>\n","protected":false},"author":2,"featured_media":335188,"comment_status":"open","ping_status":"open","sticky":false,"template":"","format":"standard","meta":{"_acf_changed":false,"footnotes":""},"categories":[44],"tags":[],"class_list":["post-335187","post","type-post","status-publish","format-standard","has-post-thumbnail","hentry","category-administracao"],"acf":[],"yoast_head":"<!-- This site is optimized with the Yoast SEO plugin v27.4 - https:\/\/yoast.com\/product\/yoast-seo-wordpress\/ -->\n<title>Prefeita Suzana realiza nova troca entre o novo secret\u00e1rio do Meio Ambiente e Ordenamento Urbano e Chefe de Gabinete - Blog do Farn\u00e9sio<\/title>\n<meta name=\"robots\" content=\"index, follow, max-snippet:-1, max-image-preview:large, max-video-preview:-1\" \/>\n<link rel=\"canonical\" href=\"https:\/\/blogdofarnesio.com.br\/?p=335187\" \/>\n<meta property=\"og:locale\" content=\"pt_BR\" \/>\n<meta property=\"og:type\" content=\"article\" \/>\n<meta property=\"og:title\" content=\"Prefeita Suzana realiza nova troca entre o novo secret\u00e1rio do Meio Ambiente e Ordenamento Urbano e Chefe de Gabinete - Blog do Farn\u00e9sio\" \/>\n<meta property=\"og:description\" content=\"A Prefeitura de Juazeiro, atrav\u00e9s da Secretaria de Meio Ambiente e Ordenamento Urbano (Semaurb), realizou nesta segunda-feira (6), a reuni\u00e3o de transi\u00e7\u00e3o entre o antigo gestor, Cesar Miller, que deixa a pasta e assume a Chefia de Gabinete e Isledio Bandeira, administrador e t\u00e9cnico agr\u00edcola, que passa a comandar a Semaurb. \u201cEu saio daqui com a cabe\u00e7a erguida. Tentamos, dentro do poss\u00edvel, dar o nosso melhor aqui na secretaria e saio com o meu cora\u00e7\u00e3o tranquilo e a certeza da miss\u00e3o cumprida. Ajudem o novo secret\u00e1rio, vamos todos dar as m\u00e3os. Eu acredito que Leo vai ser o melhor secret\u00e1rio que a Semaurb j\u00e1 teve e vai ser capaz de unificar a secretaria\u201d, disse Cesar. As novas mudan\u00e7as acontecem com&hellip;\" \/>\n<meta property=\"og:url\" content=\"https:\/\/blogdofarnesio.com.br\/?p=335187\" \/>\n<meta property=\"og:site_name\" content=\"Blog do Farn\u00e9sio\" \/>\n<meta property=\"article:publisher\" content=\"https:\/\/www.facebook.com\/BlogQuerSaberPolitica\/\" \/>\n<meta property=\"article:author\" content=\"https:\/\/www.facebook.com\/?ref=tn_tnmn\" \/>\n<meta property=\"article:published_time\" content=\"2023-03-07T12:42:12+00:00\" \/>\n<meta property=\"og:image\" content=\"https:\/\/blogdofarnesio.com.br\/wp-content\/uploads\/2023\/03\/blogqspjua-sec-Cesar-Miller-e-Isledio-Bandeira-1-e1678139035631.jpg\" \/>\n\t<meta property=\"og:image:width\" content=\"620\" \/>\n\t<meta property=\"og:image:height\" content=\"319\" \/>\n\t<meta property=\"og:image:type\" content=\"image\/jpeg\" \/>\n<meta name=\"author\" content=\"Farn\u00e9sio\" \/>\n<meta name=\"twitter:card\" content=\"summary_large_image\" \/>\n<meta name=\"twitter:label1\" content=\"Escrito por\" \/>\n\t<meta name=\"twitter:data1\" content=\"Farn\u00e9sio\" \/>\n\t<meta name=\"twitter:label2\" content=\"Est. tempo de leitura\" \/>\n\t<meta name=\"twitter:data2\" content=\"2 minutos\" \/>\n<script type=\"application\/ld+json\" class=\"yoast-schema-graph\">{\"@context\":\"https:\\\/\\\/schema.org\",\"@graph\":[{\"@type\":\"Article\",\"@id\":\"https:\\\/\\\/blogdofarnesio.com.br\\\/?p=335187#article\",\"isPartOf\":{\"@id\":\"https:\\\/\\\/blogdofarnesio.com.br\\\/?p=335187\"},\"author\":{\"name\":\"Farn\u00e9sio\",\"@id\":\"https:\\\/\\\/blogdofarnesio.com.br\\\/#\\\/schema\\\/person\\\/bb9b23ae3ad0609ce8df7b6c9e76824d\"},\"headline\":\"Prefeita Suzana realiza nova troca entre o novo secret\u00e1rio do Meio Ambiente e Ordenamento Urbano e Chefe de Gabinete\",\"datePublished\":\"2023-03-07T12:42:12+00:00\",\"mainEntityOfPage\":{\"@id\":\"https:\\\/\\\/blogdofarnesio.com.br\\\/?p=335187\"},\"wordCount\":290,\"commentCount\":0,\"publisher\":{\"@id\":\"https:\\\/\\\/blogdofarnesio.com.br\\\/#organization\"},\"image\":{\"@id\":\"https:\\\/\\\/blogdofarnesio.com.br\\\/?p=335187#primaryimage\"},\"thumbnailUrl\":\"https:\\\/\\\/blogdofarnesio.com.br\\\/wp-content\\\/uploads\\\/2023\\\/03\\\/blogqspjua-sec-Cesar-Miller-e-Isledio-Bandeira-1-e1678139035631.jpg\",\"articleSection\":[\"Administra\u00e7\u00e3o\"],\"inLanguage\":\"pt-BR\",\"potentialAction\":[{\"@type\":\"CommentAction\",\"name\":\"Comment\",\"target\":[\"https:\\\/\\\/blogdofarnesio.com.br\\\/?p=335187#respond\"]}]},{\"@type\":\"WebPage\",\"@id\":\"https:\\\/\\\/blogdofarnesio.com.br\\\/?p=335187\",\"url\":\"https:\\\/\\\/blogdofarnesio.com.br\\\/?p=335187\",\"name\":\"Prefeita Suzana realiza nova troca entre o novo secret\u00e1rio do Meio Ambiente e Ordenamento Urbano e Chefe de Gabinete - Blog do Farn\u00e9sio\",\"isPartOf\":{\"@id\":\"https:\\\/\\\/blogdofarnesio.com.br\\\/#website\"},\"primaryImageOfPage\":{\"@id\":\"https:\\\/\\\/blogdofarnesio.com.br\\\/?p=335187#primaryimage\"},\"image\":{\"@id\":\"https:\\\/\\\/blogdofarnesio.com.br\\\/?p=335187#primaryimage\"},\"thumbnailUrl\":\"https:\\\/\\\/blogdofarnesio.com.br\\\/wp-content\\\/uploads\\\/2023\\\/03\\\/blogqspjua-sec-Cesar-Miller-e-Isledio-Bandeira-1-e1678139035631.jpg\",\"datePublished\":\"2023-03-07T12:42:12+00:00\",\"breadcrumb\":{\"@id\":\"https:\\\/\\\/blogdofarnesio.com.br\\\/?p=335187#breadcrumb\"},\"inLanguage\":\"pt-BR\",\"potentialAction\":[{\"@type\":\"ReadAction\",\"target\":[\"https:\\\/\\\/blogdofarnesio.com.br\\\/?p=335187\"]}]},{\"@type\":\"ImageObject\",\"inLanguage\":\"pt-BR\",\"@id\":\"https:\\\/\\\/blogdofarnesio.com.br\\\/?p=335187#primaryimage\",\"url\":\"https:\\\/\\\/blogdofarnesio.com.br\\\/wp-content\\\/uploads\\\/2023\\\/03\\\/blogqspjua-sec-Cesar-Miller-e-Isledio-Bandeira-1-e1678139035631.jpg\",\"contentUrl\":\"https:\\\/\\\/blogdofarnesio.com.br\\\/wp-content\\\/uploads\\\/2023\\\/03\\\/blogqspjua-sec-Cesar-Miller-e-Isledio-Bandeira-1-e1678139035631.jpg\",\"width\":620,\"height\":319},{\"@type\":\"BreadcrumbList\",\"@id\":\"https:\\\/\\\/blogdofarnesio.com.br\\\/?p=335187#breadcrumb\",\"itemListElement\":[{\"@type\":\"ListItem\",\"position\":1,\"name\":\"In\u00edcio\",\"item\":\"https:\\\/\\\/blogdofarnesio.com.br\\\/\"},{\"@type\":\"ListItem\",\"position\":2,\"name\":\"Prefeita Suzana realiza nova troca entre o novo secret\u00e1rio do Meio Ambiente e Ordenamento Urbano e Chefe de Gabinete\"}]},{\"@type\":\"WebSite\",\"@id\":\"https:\\\/\\\/blogdofarnesio.com.br\\\/#website\",\"url\":\"https:\\\/\\\/blogdofarnesio.com.br\\\/\",\"name\":\"Blog do Farn\u00e9sio\",\"description\":\"Quer Saber Pol\u00edtica?\",\"publisher\":{\"@id\":\"https:\\\/\\\/blogdofarnesio.com.br\\\/#organization\"},\"potentialAction\":[{\"@type\":\"SearchAction\",\"target\":{\"@type\":\"EntryPoint\",\"urlTemplate\":\"https:\\\/\\\/blogdofarnesio.com.br\\\/?s={search_term_string}\"},\"query-input\":{\"@type\":\"PropertyValueSpecification\",\"valueRequired\":true,\"valueName\":\"search_term_string\"}}],\"inLanguage\":\"pt-BR\"},{\"@type\":\"Organization\",\"@id\":\"https:\\\/\\\/blogdofarnesio.com.br\\\/#organization\",\"name\":\"Blog do Farn\u00e9sio\",\"url\":\"https:\\\/\\\/blogdofarnesio.com.br\\\/\",\"logo\":{\"@type\":\"ImageObject\",\"inLanguage\":\"pt-BR\",\"@id\":\"https:\\\/\\\/blogdofarnesio.com.br\\\/#\\\/schema\\\/logo\\\/image\\\/\",\"url\":\"https:\\\/\\\/blogdofarnesio.com.br\\\/wp-content\\\/uploads\\\/2026\\\/03\\\/cropped-logo_new-1.png\",\"contentUrl\":\"https:\\\/\\\/blogdofarnesio.com.br\\\/wp-content\\\/uploads\\\/2026\\\/03\\\/cropped-logo_new-1.png\",\"width\":881,\"height\":685,\"caption\":\"Blog do Farn\u00e9sio\"},\"image\":{\"@id\":\"https:\\\/\\\/blogdofarnesio.com.br\\\/#\\\/schema\\\/logo\\\/image\\\/\"},\"sameAs\":[\"https:\\\/\\\/www.facebook.com\\\/BlogQuerSaberPolitica\\\/\"]},{\"@type\":\"Person\",\"@id\":\"https:\\\/\\\/blogdofarnesio.com.br\\\/#\\\/schema\\\/person\\\/bb9b23ae3ad0609ce8df7b6c9e76824d\",\"name\":\"Farn\u00e9sio\",\"image\":{\"@type\":\"ImageObject\",\"inLanguage\":\"pt-BR\",\"@id\":\"https:\\\/\\\/secure.gravatar.com\\\/avatar\\\/986aa4c61ccdb66f8555bf88fc2a65609d00bcabd4d2d94377a727547345cbca?s=96&d=mm&r=g\",\"url\":\"https:\\\/\\\/secure.gravatar.com\\\/avatar\\\/986aa4c61ccdb66f8555bf88fc2a65609d00bcabd4d2d94377a727547345cbca?s=96&d=mm&r=g\",\"contentUrl\":\"https:\\\/\\\/secure.gravatar.com\\\/avatar\\\/986aa4c61ccdb66f8555bf88fc2a65609d00bcabd4d2d94377a727547345cbca?s=96&d=mm&r=g\",\"caption\":\"Farn\u00e9sio\"},\"description\":\"Radialista blogueiro, chegou a Petrolina\\\/Juazeiro em setembro de 1980, Farn\u00e9sio Silva \u00e9 de Arapiraca-Alagoas.\",\"sameAs\":[\"http:\\\/\\\/blogdofarnesio.com.br\",\"https:\\\/\\\/www.facebook.com\\\/?ref=tn_tnmn\",\"https:\\\/\\\/www.instagram.com\\\/?utm_source=pwa_homescreen\",\"https:\\\/\\\/youtube.com.br\\\/\"],\"url\":\"https:\\\/\\\/blogdofarnesio.com.br\\\/?author=2\"}]}<\/script>\n<!-- \/ Yoast SEO plugin. -->","yoast_head_json":{"title":"Prefeita Suzana realiza nova troca entre o novo secret\u00e1rio do Meio Ambiente e Ordenamento Urbano e Chefe de Gabinete - Blog do Farn\u00e9sio","robots":{"index":"index","follow":"follow","max-snippet":"max-snippet:-1","max-image-preview":"max-image-preview:large","max-video-preview":"max-video-preview:-1"},"canonical":"https:\/\/blogdofarnesio.com.br\/?p=335187","og_locale":"pt_BR","og_type":"article","og_title":"Prefeita Suzana realiza nova troca entre o novo secret\u00e1rio do Meio Ambiente e Ordenamento Urbano e Chefe de Gabinete - Blog do Farn\u00e9sio","og_description":"A Prefeitura de Juazeiro, atrav\u00e9s da Secretaria de Meio Ambiente e Ordenamento Urbano (Semaurb), realizou nesta segunda-feira (6), a reuni\u00e3o de transi\u00e7\u00e3o entre o antigo gestor, Cesar Miller, que deixa a pasta e assume a Chefia de Gabinete e Isledio Bandeira, administrador e t\u00e9cnico agr\u00edcola, que passa a comandar a Semaurb. \u201cEu saio daqui com a cabe\u00e7a erguida. Tentamos, dentro do poss\u00edvel, dar o nosso melhor aqui na secretaria e saio com o meu cora\u00e7\u00e3o tranquilo e a certeza da miss\u00e3o cumprida. Ajudem o novo secret\u00e1rio, vamos todos dar as m\u00e3os. Eu acredito que Leo vai ser o melhor secret\u00e1rio que a Semaurb j\u00e1 teve e vai ser capaz de unificar a secretaria\u201d, disse Cesar. As novas mudan\u00e7as acontecem com&hellip;","og_url":"https:\/\/blogdofarnesio.com.br\/?p=335187","og_site_name":"Blog do Farn\u00e9sio","article_publisher":"https:\/\/www.facebook.com\/BlogQuerSaberPolitica\/","article_author":"https:\/\/www.facebook.com\/?ref=tn_tnmn","article_published_time":"2023-03-07T12:42:12+00:00","og_image":[{"width":620,"height":319,"url":"https:\/\/blogdofarnesio.com.br\/wp-content\/uploads\/2023\/03\/blogqspjua-sec-Cesar-Miller-e-Isledio-Bandeira-1-e1678139035631.jpg","type":"image\/jpeg"}],"author":"Farn\u00e9sio","twitter_card":"summary_large_image","twitter_misc":{"Escrito por":"Farn\u00e9sio","Est. tempo de leitura":"2 minutos"},"schema":{"@context":"https:\/\/schema.org","@graph":[{"@type":"Article","@id":"https:\/\/blogdofarnesio.com.br\/?p=335187#article","isPartOf":{"@id":"https:\/\/blogdofarnesio.com.br\/?p=335187"},"author":{"name":"Farn\u00e9sio","@id":"https:\/\/blogdofarnesio.com.br\/#\/schema\/person\/bb9b23ae3ad0609ce8df7b6c9e76824d"},"headline":"Prefeita Suzana realiza nova troca entre o novo secret\u00e1rio do Meio Ambiente e Ordenamento Urbano e Chefe de Gabinete","datePublished":"2023-03-07T12:42:12+00:00","mainEntityOfPage":{"@id":"https:\/\/blogdofarnesio.com.br\/?p=335187"},"wordCount":290,"commentCount":0,"publisher":{"@id":"https:\/\/blogdofarnesio.com.br\/#organization"},"image":{"@id":"https:\/\/blogdofarnesio.com.br\/?p=335187#primaryimage"},"thumbnailUrl":"https:\/\/blogdofarnesio.com.br\/wp-content\/uploads\/2023\/03\/blogqspjua-sec-Cesar-Miller-e-Isledio-Bandeira-1-e1678139035631.jpg","articleSection":["Administra\u00e7\u00e3o"],"inLanguage":"pt-BR","potentialAction":[{"@type":"CommentAction","name":"Comment","target":["https:\/\/blogdofarnesio.com.br\/?p=335187#respond"]}]},{"@type":"WebPage","@id":"https:\/\/blogdofarnesio.com.br\/?p=335187","url":"https:\/\/blogdofarnesio.com.br\/?p=335187","name":"Prefeita Suzana realiza nova troca entre o novo secret\u00e1rio do Meio Ambiente e Ordenamento Urbano e Chefe de Gabinete - Blog do Farn\u00e9sio","isPartOf":{"@id":"https:\/\/blogdofarnesio.com.br\/#website"},"primaryImageOfPage":{"@id":"https:\/\/blogdofarnesio.com.br\/?p=335187#primaryimage"},"image":{"@id":"https:\/\/blogdofarnesio.com.br\/?p=335187#primaryimage"},"thumbnailUrl":"https:\/\/blogdofarnesio.com.br\/wp-content\/uploads\/2023\/03\/blogqspjua-sec-Cesar-Miller-e-Isledio-Bandeira-1-e1678139035631.jpg","datePublished":"2023-03-07T12:42:12+00:00","breadcrumb":{"@id":"https:\/\/blogdofarnesio.com.br\/?p=335187#breadcrumb"},"inLanguage":"pt-BR","potentialAction":[{"@type":"ReadAction","target":["https:\/\/blogdofarnesio.com.br\/?p=335187"]}]},{"@type":"ImageObject","inLanguage":"pt-BR","@id":"https:\/\/blogdofarnesio.com.br\/?p=335187#primaryimage","url":"https:\/\/blogdofarnesio.com.br\/wp-content\/uploads\/2023\/03\/blogqspjua-sec-Cesar-Miller-e-Isledio-Bandeira-1-e1678139035631.jpg","contentUrl":"https:\/\/blogdofarnesio.com.br\/wp-content\/uploads\/2023\/03\/blogqspjua-sec-Cesar-Miller-e-Isledio-Bandeira-1-e1678139035631.jpg","width":620,"height":319},{"@type":"BreadcrumbList","@id":"https:\/\/blogdofarnesio.com.br\/?p=335187#breadcrumb","itemListElement":[{"@type":"ListItem","position":1,"name":"In\u00edcio","item":"https:\/\/blogdofarnesio.com.br\/"},{"@type":"ListItem","position":2,"name":"Prefeita Suzana realiza nova troca entre o novo secret\u00e1rio do Meio Ambiente e Ordenamento Urbano e Chefe de Gabinete"}]},{"@type":"WebSite","@id":"https:\/\/blogdofarnesio.com.br\/#website","url":"https:\/\/blogdofarnesio.com.br\/","name":"Blog do Farn\u00e9sio","description":"Quer Saber Pol\u00edtica?","publisher":{"@id":"https:\/\/blogdofarnesio.com.br\/#organization"},"potentialAction":[{"@type":"SearchAction","target":{"@type":"EntryPoint","urlTemplate":"https:\/\/blogdofarnesio.com.br\/?s={search_term_string}"},"query-input":{"@type":"PropertyValueSpecification","valueRequired":true,"valueName":"search_term_string"}}],"inLanguage":"pt-BR"},{"@type":"Organization","@id":"https:\/\/blogdofarnesio.com.br\/#organization","name":"Blog do Farn\u00e9sio","url":"https:\/\/blogdofarnesio.com.br\/","logo":{"@type":"ImageObject","inLanguage":"pt-BR","@id":"https:\/\/blogdofarnesio.com.br\/#\/schema\/logo\/image\/","url":"https:\/\/blogdofarnesio.com.br\/wp-content\/uploads\/2026\/03\/cropped-logo_new-1.png","contentUrl":"https:\/\/blogdofarnesio.com.br\/wp-content\/uploads\/2026\/03\/cropped-logo_new-1.png","width":881,"height":685,"caption":"Blog do Farn\u00e9sio"},"image":{"@id":"https:\/\/blogdofarnesio.com.br\/#\/schema\/logo\/image\/"},"sameAs":["https:\/\/www.facebook.com\/BlogQuerSaberPolitica\/"]},{"@type":"Person","@id":"https:\/\/blogdofarnesio.com.br\/#\/schema\/person\/bb9b23ae3ad0609ce8df7b6c9e76824d","name":"Farn\u00e9sio","image":{"@type":"ImageObject","inLanguage":"pt-BR","@id":"https:\/\/secure.gravatar.com\/avatar\/986aa4c61ccdb66f8555bf88fc2a65609d00bcabd4d2d94377a727547345cbca?s=96&d=mm&r=g","url":"https:\/\/secure.gravatar.com\/avatar\/986aa4c61ccdb66f8555bf88fc2a65609d00bcabd4d2d94377a727547345cbca?s=96&d=mm&r=g","contentUrl":"https:\/\/secure.gravatar.com\/avatar\/986aa4c61ccdb66f8555bf88fc2a65609d00bcabd4d2d94377a727547345cbca?s=96&d=mm&r=g","caption":"Farn\u00e9sio"},"description":"Radialista blogueiro, chegou a Petrolina\/Juazeiro em setembro de 1980, Farn\u00e9sio Silva \u00e9 de Arapiraca-Alagoas.","sameAs":["http:\/\/blogdofarnesio.com.br","https:\/\/www.facebook.com\/?ref=tn_tnmn","https:\/\/www.instagram.com\/?utm_source=pwa_homescreen","https:\/\/youtube.com.br\/"],"url":"https:\/\/blogdofarnesio.com.br\/?author=2"}]}},"_links":{"self":[{"href":"https:\/\/blogdofarnesio.com.br\/index.php?rest_route=\/wp\/v2\/posts\/335187","targetHints":{"allow":["GET"]}}],"collection":[{"href":"https:\/\/blogdofarnesio.com.br\/index.php?rest_route=\/wp\/v2\/posts"}],"about":[{"href":"https:\/\/blogdofarnesio.com.br\/index.php?rest_route=\/wp\/v2\/types\/post"}],"author":[{"embeddable":true,"href":"https:\/\/blogdofarnesio.com.br\/index.php?rest_route=\/wp\/v2\/users\/2"}],"replies":[{"embeddable":true,"href":"https:\/\/blogdofarnesio.com.br\/index.php?rest_route=%2Fwp%2Fv2%2Fcomments&post=335187"}],"version-history":[{"count":0,"href":"https:\/\/blogdofarnesio.com.br\/index.php?rest_route=\/wp\/v2\/posts\/335187\/revisions"}],"wp:featuredmedia":[{"embeddable":true,"href":"https:\/\/blogdofarnesio.com.br\/index.php?rest_route=\/wp\/v2\/media\/335188"}],"wp:attachment":[{"href":"https:\/\/blogdofarnesio.com.br\/index.php?rest_route=%2Fwp%2Fv2%2Fmedia&parent=335187"}],"wp:term":[{"taxonomy":"category","embeddable":true,"href":"https:\/\/blogdofarnesio.com.br\/index.php?rest_route=%2Fwp%2Fv2%2Fcategories&post=335187"},{"taxonomy":"post_tag","embeddable":true,"href":"https:\/\/blogdofarnesio.com.br\/index.php?rest_route=%2Fwp%2Fv2%2Ftags&post=335187"}],"curies":[{"name":"wp","href":"https:\/\/api.w.org\/{rel}","templated":true}]}}