{"id":335137,"date":"2023-03-07T08:42:11","date_gmt":"2023-03-07T11:42:11","guid":{"rendered":"https:\/\/blogdofarnesio.com.br\/?p=335137"},"modified":"2023-03-06T14:38:22","modified_gmt":"2023-03-06T17:38:22","slug":"mes-da-mulher-prefeitura-lanca-programacao-com-acoes-e-servicos-em-petrolina","status":"publish","type":"post","link":"https:\/\/blogdofarnesio.com.br\/?p=335137","title":{"rendered":"M\u00eas da Mulher: prefeitura lan\u00e7a programa\u00e7\u00e3o com a\u00e7\u00f5es e servi\u00e7os em Petrolina"},"content":{"rendered":"<p>Para comemorar o \u2018Dia Internacional da Mulher\u2019, celebrado nesta quarta-feira (08), a Prefeitura de Petrolina, atrav\u00e9s das Secretarias de Desenvolvimento Social e Direitos Humanos (SEDESDH) e da Sa\u00fade, preparou uma programa\u00e7\u00e3o especial de a\u00e7\u00f5es voltadas ao bem-estar, sa\u00fade e beleza para as mulheres petrolinenses.\u00a0<u><\/u>\u00a0<u><\/u><\/p>\n<p><u><\/u>\u00a0<u><\/u><\/p>\n<p>A programa\u00e7\u00e3o tem in\u00edcio nesta ter\u00e7a-feira (07) e segue durante todo o m\u00eas de mar\u00e7o. As atividades sociais incluem palestras, oficinas, cursos e homenagens \u00e0s mulheres. A Secretaria de Sa\u00fade ofertar\u00e1 palestras, inser\u00e7\u00f5es de DIU, mamografias e exames preventivos para este p\u00fablico acompanhado pelo Sistema \u00danico de Sa\u00fade (SUS). O p\u00fablico contemplado pode buscar outras informa\u00e7\u00f5es na Unidade B\u00e1sica de Sa\u00fade (UBS) de refer\u00eancia no bairro. <u><\/u>\u00a0<u><\/u><\/p>\n<p><u><\/u>\u00a0<u><\/u><\/p>\n<p>De acordo com a gestora da SEDESDH, Doriane Secchi Mascarelo, a programa\u00e7\u00e3o foi elaborada com muito carinho.\u00a0<i>\u201cO objetivo da gest\u00e3o Sim\u00e3o Durando \u00e9 promover a autonomia feminina e valoriza\u00e7\u00e3o do papel da mulher na sociedade, n\u00e3o apenas no m\u00eas de mar\u00e7o, mas durante todo o ano&#8221;,<\/i>\u00a0disse.<u><\/u>\u00a0<u><\/u><\/p>\n<p><u><\/u>\u00a0<u><\/u><\/p>\n<p><b>Confira a programa\u00e7\u00e3o completa:\u00a0<u><\/u>\u00a0<u><\/u><\/b><\/p>\n<p>&#8211; Hoje, Ter\u00e7a-Feira (07\/03) \u00e0s 9h: Atividades alusivas em comemora\u00e7\u00e3o ao dia internacional da mulher <u><\/u>\u00a0<u><\/u><\/p>\n<p>Local: CAPS II\u00a0<u><\/u>\u00a0<u><\/u><\/p>\n<p>&#8211; Quarta-feira (08\/03) das 8h \u00e0s 12h: 13\u00aa Edi\u00e7\u00e3o do Dia da Transforma\u00e7\u00e3o<u><\/u>\u00a0<u><\/u><\/p>\n<p>Local: Parque Josepha Coelho<u><\/u>\u00a0<u><\/u><\/p>\n<p>&#8211; Quarta-feira (08\/03) \u00e0s 9h: Palestra sobre C\u00e2ncer de Colo de \u00datero\u00a0<u><\/u>\u00a0<u><\/u><\/p>\n<p>Local: Centro de Refer\u00eancia da Mulher\u00a0<u><\/u>\u00a0<u><\/u><\/p>\n<p>&#8211; Quinta-feira (09\/03) das 9h \u00e0s 12h: Comemora\u00e7\u00e3o do Dia Internacional da Mulher<u><\/u>\u00a0<u><\/u><\/p>\n<p>Local: CRAS Vila Eduardo<u><\/u>\u00a0<u><\/u><\/p>\n<p>&#8211; Quinta-feira (09\/03) \u00e0s 10h: Dia alusivo em comemora\u00e7\u00e3o ao Dia Internacional da Mulher\u00a0<u><\/u>\u00a0<u><\/u><\/p>\n<p>Local: Centro de Parto Normal\u00a0<u><\/u>\u00a0<u><\/u><\/p>\n<p>&#8211; Quinta-feira (09\/03) \u00e0s 14h: Inser\u00e7\u00e3o de DIU\u00a0<u><\/u>\u00a0<u><\/u><\/p>\n<p>Local: Centro de Refer\u00eancia da Mulher<u><\/u>\u00a0<u><\/u><\/p>\n<p>&#8211; Sexta-feira (10\/03) das 9h \u00e0s 11h: Caf\u00e9 Delas<u><\/u>\u00a0<u><\/u><\/p>\n<p>Local: Secretaria Executiva da Mulher<u><\/u>\u00a0<u><\/u><\/p>\n<p>&#8211; Sexta-feira (10\/03) das 11h \u00e0s 13h30: A\u00e7\u00e3o Nutricional<u><\/u>\u00a0<u><\/u><\/p>\n<p>Local: Restaurante Popular<u><\/u>\u00a0<u><\/u><\/p>\n<p>&#8211; Sexta-feira (10\/03) 8h \u00e0s 12h e das 14h \u00e0s 18h: Mutir\u00e3o de Mamografias e Preventivos\u00a0<u><\/u>\u00a0<u><\/u><\/p>\n<p>Local: Centro de Refer\u00eancia da Mulher\u00a0<u><\/u>\u00a0<u><\/u><\/p>\n<p>&#8211; Sexta-feira (10\/03) das 15h \u00e0s 16h30: Roda de Conversa<u><\/u>\u00a0<u><\/u><\/p>\n<p>Local: CREAS<u><\/u>\u00a0<u><\/u><\/p>\n<p>&#8211; Segunda-feira (13\/03) \u00e0s 9h: Palestra Empodera Elas Petrolina<u><\/u>\u00a0<u><\/u><\/p>\n<p>Local: Centro Pop<u><\/u>\u00a0<u><\/u><\/p>\n<p>&#8211; De 13\/03 a 17\/03: Oficinas de beleza<u><\/u>\u00a0<u><\/u><\/p>\n<p>Local: Secretaria Executiva da Mulher<u><\/u>\u00a0<u><\/u><\/p>\n<p>&#8211; Ter\u00e7a-feira (14\/03) \u00e0s 9h: Palestra Empodera Elas Petrolina<u><\/u>\u00a0<u><\/u><\/p>\n<p>Local: PETRAPE<u><\/u>\u00a0<u><\/u><\/p>\n<p>&#8211; Quarta-feira (15\/03) \u00e0s 9h: Palestra Empodera Elas Petrolina<u><\/u>\u00a0<u><\/u><\/p>\n<p>Local: CCI Mimi Cruz<u><\/u>\u00a0<u><\/u><\/p>\n<p>&#8211; Segunda-feira (20\/03) \u00e0s 14h: Curso de Designer de Sobrancelha e Empreendedorismo no meio digital<u><\/u>\u00a0<u><\/u><\/p>\n<p>Local: Secretaria Executiva da Mulher<u><\/u>\u00a0<u><\/u><\/p>\n<p>&#8211; Ter\u00e7a-feira (21\/03) \u00e0s 9h: Comemora\u00e7\u00e3o do anivers\u00e1rio da Patrulha da Mulher<u><\/u>\u00a0<u><\/u><\/p>\n<p>Local: Secretaria Executiva da Mulher<u><\/u>\u00a0<u><\/u><\/p>\n<p>&#8211; Quinta-feira (23\/03) das 14h \u00e0s 16h: Comemora\u00e7\u00e3o do Dia Internacional da Mulher<u><\/u>\u00a0<u><\/u><\/p>\n<p>Local: CRAS Jo\u00e3o de Deus<u><\/u>\u00a0<u><\/u><\/p>\n<p>&#8211; Sexta-feira (24\/03) \u00e0s 9h: Atividade alusiva em comemora\u00e7\u00e3o ao dia internacional da mulher\u00a0<u><\/u>\u00a0<u><\/u><\/p>\n<p>Local: Policl\u00ednica Municipal<u><\/u>\u00a0<u><\/u><\/p>\n<p>&#8211; Quinta-feira (30\/03) \u00e0s 9h: Homenagem as policiais civis e guardas municipais femininas<u><\/u>\u00a0<u><\/u><\/p>\n<p>Local: Secretaria Executiva da Mulher<u><\/u>\u00a0<u><\/u><\/p>\n","protected":false},"excerpt":{"rendered":"<p>Para comemorar o \u2018Dia Internacional da Mulher\u2019, celebrado nesta quarta-feira (08), a Prefeitura de Petrolina, atrav\u00e9s das Secretarias de Desenvolvimento Social e Direitos Humanos (SEDESDH) e da Sa\u00fade, preparou uma programa\u00e7\u00e3o especial de a\u00e7\u00f5es voltadas ao bem-estar, sa\u00fade e beleza para as mulheres petrolinenses.\u00a0\u00a0 \u00a0 A programa\u00e7\u00e3o tem in\u00edcio nesta ter\u00e7a-feira (07) e segue durante todo o m\u00eas de mar\u00e7o. As atividades sociais incluem palestras, oficinas, cursos e homenagens \u00e0s mulheres. A Secretaria de Sa\u00fade ofertar\u00e1 palestras, inser\u00e7\u00f5es de DIU, mamografias e exames preventivos para este p\u00fablico acompanhado pelo Sistema \u00danico de Sa\u00fade (SUS). O p\u00fablico contemplado pode buscar outras informa\u00e7\u00f5es na Unidade B\u00e1sica de Sa\u00fade (UBS) de refer\u00eancia no bairro. \u00a0 \u00a0 De acordo com a gestora da SEDESDH,&hellip; <\/p>\n","protected":false},"author":2,"featured_media":335138,"comment_status":"open","ping_status":"open","sticky":false,"template":"","format":"standard","meta":{"_acf_changed":false,"footnotes":""},"categories":[22],"tags":[],"class_list":["post-335137","post","type-post","status-publish","format-standard","has-post-thumbnail","hentry","category-acao-social"],"acf":[],"yoast_head":"<!-- This site is optimized with the Yoast SEO plugin v27.4 - https:\/\/yoast.com\/product\/yoast-seo-wordpress\/ -->\n<title>M\u00eas da Mulher: prefeitura lan\u00e7a programa\u00e7\u00e3o com a\u00e7\u00f5es e servi\u00e7os em Petrolina - Blog do Farn\u00e9sio<\/title>\n<meta name=\"robots\" content=\"index, follow, max-snippet:-1, max-image-preview:large, max-video-preview:-1\" \/>\n<link rel=\"canonical\" href=\"https:\/\/blogdofarnesio.com.br\/?p=335137\" \/>\n<meta property=\"og:locale\" content=\"pt_BR\" \/>\n<meta property=\"og:type\" content=\"article\" \/>\n<meta property=\"og:title\" content=\"M\u00eas da Mulher: prefeitura lan\u00e7a programa\u00e7\u00e3o com a\u00e7\u00f5es e servi\u00e7os em Petrolina - Blog do Farn\u00e9sio\" \/>\n<meta property=\"og:description\" content=\"Para comemorar o \u2018Dia Internacional da Mulher\u2019, celebrado nesta quarta-feira (08), a Prefeitura de Petrolina, atrav\u00e9s das Secretarias de Desenvolvimento Social e Direitos Humanos (SEDESDH) e da Sa\u00fade, preparou uma programa\u00e7\u00e3o especial de a\u00e7\u00f5es voltadas ao bem-estar, sa\u00fade e beleza para as mulheres petrolinenses.\u00a0\u00a0 \u00a0 A programa\u00e7\u00e3o tem in\u00edcio nesta ter\u00e7a-feira (07) e segue durante todo o m\u00eas de mar\u00e7o. As atividades sociais incluem palestras, oficinas, cursos e homenagens \u00e0s mulheres. A Secretaria de Sa\u00fade ofertar\u00e1 palestras, inser\u00e7\u00f5es de DIU, mamografias e exames preventivos para este p\u00fablico acompanhado pelo Sistema \u00danico de Sa\u00fade (SUS). O p\u00fablico contemplado pode buscar outras informa\u00e7\u00f5es na Unidade B\u00e1sica de Sa\u00fade (UBS) de refer\u00eancia no bairro. \u00a0 \u00a0 De acordo com a gestora da SEDESDH,&hellip;\" \/>\n<meta property=\"og:url\" content=\"https:\/\/blogdofarnesio.com.br\/?p=335137\" \/>\n<meta property=\"og:site_name\" content=\"Blog do Farn\u00e9sio\" \/>\n<meta property=\"article:publisher\" content=\"https:\/\/www.facebook.com\/BlogQuerSaberPolitica\/\" \/>\n<meta property=\"article:author\" content=\"https:\/\/www.facebook.com\/?ref=tn_tnmn\" \/>\n<meta property=\"article:published_time\" content=\"2023-03-07T11:42:11+00:00\" \/>\n<meta property=\"og:image\" content=\"https:\/\/blogdofarnesio.com.br\/wp-content\/uploads\/2023\/03\/Dia-da-Mulher-3-e1678124237296.jpg\" \/>\n\t<meta property=\"og:image:width\" content=\"620\" \/>\n\t<meta property=\"og:image:height\" content=\"413\" \/>\n\t<meta property=\"og:image:type\" content=\"image\/jpeg\" \/>\n<meta name=\"author\" content=\"Farn\u00e9sio\" \/>\n<meta name=\"twitter:card\" content=\"summary_large_image\" \/>\n<meta name=\"twitter:label1\" content=\"Escrito por\" \/>\n\t<meta name=\"twitter:data1\" content=\"Farn\u00e9sio\" \/>\n\t<meta name=\"twitter:label2\" content=\"Est. tempo de leitura\" \/>\n\t<meta name=\"twitter:data2\" content=\"3 minutos\" \/>\n<script type=\"application\/ld+json\" class=\"yoast-schema-graph\">{\"@context\":\"https:\\\/\\\/schema.org\",\"@graph\":[{\"@type\":\"Article\",\"@id\":\"https:\\\/\\\/blogdofarnesio.com.br\\\/?p=335137#article\",\"isPartOf\":{\"@id\":\"https:\\\/\\\/blogdofarnesio.com.br\\\/?p=335137\"},\"author\":{\"name\":\"Farn\u00e9sio\",\"@id\":\"https:\\\/\\\/blogdofarnesio.com.br\\\/#\\\/schema\\\/person\\\/bb9b23ae3ad0609ce8df7b6c9e76824d\"},\"headline\":\"M\u00eas da Mulher: prefeitura lan\u00e7a programa\u00e7\u00e3o com a\u00e7\u00f5es e servi\u00e7os em Petrolina\",\"datePublished\":\"2023-03-07T11:42:11+00:00\",\"mainEntityOfPage\":{\"@id\":\"https:\\\/\\\/blogdofarnesio.com.br\\\/?p=335137\"},\"wordCount\":505,\"commentCount\":0,\"publisher\":{\"@id\":\"https:\\\/\\\/blogdofarnesio.com.br\\\/#organization\"},\"image\":{\"@id\":\"https:\\\/\\\/blogdofarnesio.com.br\\\/?p=335137#primaryimage\"},\"thumbnailUrl\":\"https:\\\/\\\/blogdofarnesio.com.br\\\/wp-content\\\/uploads\\\/2023\\\/03\\\/Dia-da-Mulher-3-e1678124237296.jpg\",\"articleSection\":[\"A\u00e7\u00e3o Social\"],\"inLanguage\":\"pt-BR\",\"potentialAction\":[{\"@type\":\"CommentAction\",\"name\":\"Comment\",\"target\":[\"https:\\\/\\\/blogdofarnesio.com.br\\\/?p=335137#respond\"]}]},{\"@type\":\"WebPage\",\"@id\":\"https:\\\/\\\/blogdofarnesio.com.br\\\/?p=335137\",\"url\":\"https:\\\/\\\/blogdofarnesio.com.br\\\/?p=335137\",\"name\":\"M\u00eas da Mulher: prefeitura lan\u00e7a programa\u00e7\u00e3o com a\u00e7\u00f5es e servi\u00e7os em Petrolina - Blog do Farn\u00e9sio\",\"isPartOf\":{\"@id\":\"https:\\\/\\\/blogdofarnesio.com.br\\\/#website\"},\"primaryImageOfPage\":{\"@id\":\"https:\\\/\\\/blogdofarnesio.com.br\\\/?p=335137#primaryimage\"},\"image\":{\"@id\":\"https:\\\/\\\/blogdofarnesio.com.br\\\/?p=335137#primaryimage\"},\"thumbnailUrl\":\"https:\\\/\\\/blogdofarnesio.com.br\\\/wp-content\\\/uploads\\\/2023\\\/03\\\/Dia-da-Mulher-3-e1678124237296.jpg\",\"datePublished\":\"2023-03-07T11:42:11+00:00\",\"breadcrumb\":{\"@id\":\"https:\\\/\\\/blogdofarnesio.com.br\\\/?p=335137#breadcrumb\"},\"inLanguage\":\"pt-BR\",\"potentialAction\":[{\"@type\":\"ReadAction\",\"target\":[\"https:\\\/\\\/blogdofarnesio.com.br\\\/?p=335137\"]}]},{\"@type\":\"ImageObject\",\"inLanguage\":\"pt-BR\",\"@id\":\"https:\\\/\\\/blogdofarnesio.com.br\\\/?p=335137#primaryimage\",\"url\":\"https:\\\/\\\/blogdofarnesio.com.br\\\/wp-content\\\/uploads\\\/2023\\\/03\\\/Dia-da-Mulher-3-e1678124237296.jpg\",\"contentUrl\":\"https:\\\/\\\/blogdofarnesio.com.br\\\/wp-content\\\/uploads\\\/2023\\\/03\\\/Dia-da-Mulher-3-e1678124237296.jpg\",\"width\":620,\"height\":413},{\"@type\":\"BreadcrumbList\",\"@id\":\"https:\\\/\\\/blogdofarnesio.com.br\\\/?p=335137#breadcrumb\",\"itemListElement\":[{\"@type\":\"ListItem\",\"position\":1,\"name\":\"In\u00edcio\",\"item\":\"https:\\\/\\\/blogdofarnesio.com.br\\\/\"},{\"@type\":\"ListItem\",\"position\":2,\"name\":\"M\u00eas da Mulher: prefeitura lan\u00e7a programa\u00e7\u00e3o com a\u00e7\u00f5es e servi\u00e7os em Petrolina\"}]},{\"@type\":\"WebSite\",\"@id\":\"https:\\\/\\\/blogdofarnesio.com.br\\\/#website\",\"url\":\"https:\\\/\\\/blogdofarnesio.com.br\\\/\",\"name\":\"Blog do Farn\u00e9sio\",\"description\":\"Quer Saber Pol\u00edtica?\",\"publisher\":{\"@id\":\"https:\\\/\\\/blogdofarnesio.com.br\\\/#organization\"},\"potentialAction\":[{\"@type\":\"SearchAction\",\"target\":{\"@type\":\"EntryPoint\",\"urlTemplate\":\"https:\\\/\\\/blogdofarnesio.com.br\\\/?s={search_term_string}\"},\"query-input\":{\"@type\":\"PropertyValueSpecification\",\"valueRequired\":true,\"valueName\":\"search_term_string\"}}],\"inLanguage\":\"pt-BR\"},{\"@type\":\"Organization\",\"@id\":\"https:\\\/\\\/blogdofarnesio.com.br\\\/#organization\",\"name\":\"Blog do Farn\u00e9sio\",\"url\":\"https:\\\/\\\/blogdofarnesio.com.br\\\/\",\"logo\":{\"@type\":\"ImageObject\",\"inLanguage\":\"pt-BR\",\"@id\":\"https:\\\/\\\/blogdofarnesio.com.br\\\/#\\\/schema\\\/logo\\\/image\\\/\",\"url\":\"https:\\\/\\\/blogdofarnesio.com.br\\\/wp-content\\\/uploads\\\/2026\\\/03\\\/cropped-logo_new-1.png\",\"contentUrl\":\"https:\\\/\\\/blogdofarnesio.com.br\\\/wp-content\\\/uploads\\\/2026\\\/03\\\/cropped-logo_new-1.png\",\"width\":881,\"height\":685,\"caption\":\"Blog do Farn\u00e9sio\"},\"image\":{\"@id\":\"https:\\\/\\\/blogdofarnesio.com.br\\\/#\\\/schema\\\/logo\\\/image\\\/\"},\"sameAs\":[\"https:\\\/\\\/www.facebook.com\\\/BlogQuerSaberPolitica\\\/\"]},{\"@type\":\"Person\",\"@id\":\"https:\\\/\\\/blogdofarnesio.com.br\\\/#\\\/schema\\\/person\\\/bb9b23ae3ad0609ce8df7b6c9e76824d\",\"name\":\"Farn\u00e9sio\",\"image\":{\"@type\":\"ImageObject\",\"inLanguage\":\"pt-BR\",\"@id\":\"https:\\\/\\\/secure.gravatar.com\\\/avatar\\\/986aa4c61ccdb66f8555bf88fc2a65609d00bcabd4d2d94377a727547345cbca?s=96&d=mm&r=g\",\"url\":\"https:\\\/\\\/secure.gravatar.com\\\/avatar\\\/986aa4c61ccdb66f8555bf88fc2a65609d00bcabd4d2d94377a727547345cbca?s=96&d=mm&r=g\",\"contentUrl\":\"https:\\\/\\\/secure.gravatar.com\\\/avatar\\\/986aa4c61ccdb66f8555bf88fc2a65609d00bcabd4d2d94377a727547345cbca?s=96&d=mm&r=g\",\"caption\":\"Farn\u00e9sio\"},\"description\":\"Radialista blogueiro, chegou a Petrolina\\\/Juazeiro em setembro de 1980, Farn\u00e9sio Silva \u00e9 de Arapiraca-Alagoas.\",\"sameAs\":[\"http:\\\/\\\/blogdofarnesio.com.br\",\"https:\\\/\\\/www.facebook.com\\\/?ref=tn_tnmn\",\"https:\\\/\\\/www.instagram.com\\\/?utm_source=pwa_homescreen\",\"https:\\\/\\\/youtube.com.br\\\/\"],\"url\":\"https:\\\/\\\/blogdofarnesio.com.br\\\/?author=2\"}]}<\/script>\n<!-- \/ Yoast SEO plugin. -->","yoast_head_json":{"title":"M\u00eas da Mulher: prefeitura lan\u00e7a programa\u00e7\u00e3o com a\u00e7\u00f5es e servi\u00e7os em Petrolina - Blog do Farn\u00e9sio","robots":{"index":"index","follow":"follow","max-snippet":"max-snippet:-1","max-image-preview":"max-image-preview:large","max-video-preview":"max-video-preview:-1"},"canonical":"https:\/\/blogdofarnesio.com.br\/?p=335137","og_locale":"pt_BR","og_type":"article","og_title":"M\u00eas da Mulher: prefeitura lan\u00e7a programa\u00e7\u00e3o com a\u00e7\u00f5es e servi\u00e7os em Petrolina - Blog do Farn\u00e9sio","og_description":"Para comemorar o \u2018Dia Internacional da Mulher\u2019, celebrado nesta quarta-feira (08), a Prefeitura de Petrolina, atrav\u00e9s das Secretarias de Desenvolvimento Social e Direitos Humanos (SEDESDH) e da Sa\u00fade, preparou uma programa\u00e7\u00e3o especial de a\u00e7\u00f5es voltadas ao bem-estar, sa\u00fade e beleza para as mulheres petrolinenses.\u00a0\u00a0 \u00a0 A programa\u00e7\u00e3o tem in\u00edcio nesta ter\u00e7a-feira (07) e segue durante todo o m\u00eas de mar\u00e7o. As atividades sociais incluem palestras, oficinas, cursos e homenagens \u00e0s mulheres. A Secretaria de Sa\u00fade ofertar\u00e1 palestras, inser\u00e7\u00f5es de DIU, mamografias e exames preventivos para este p\u00fablico acompanhado pelo Sistema \u00danico de Sa\u00fade (SUS). O p\u00fablico contemplado pode buscar outras informa\u00e7\u00f5es na Unidade B\u00e1sica de Sa\u00fade (UBS) de refer\u00eancia no bairro. \u00a0 \u00a0 De acordo com a gestora da SEDESDH,&hellip;","og_url":"https:\/\/blogdofarnesio.com.br\/?p=335137","og_site_name":"Blog do Farn\u00e9sio","article_publisher":"https:\/\/www.facebook.com\/BlogQuerSaberPolitica\/","article_author":"https:\/\/www.facebook.com\/?ref=tn_tnmn","article_published_time":"2023-03-07T11:42:11+00:00","og_image":[{"width":620,"height":413,"url":"https:\/\/blogdofarnesio.com.br\/wp-content\/uploads\/2023\/03\/Dia-da-Mulher-3-e1678124237296.jpg","type":"image\/jpeg"}],"author":"Farn\u00e9sio","twitter_card":"summary_large_image","twitter_misc":{"Escrito por":"Farn\u00e9sio","Est. tempo de leitura":"3 minutos"},"schema":{"@context":"https:\/\/schema.org","@graph":[{"@type":"Article","@id":"https:\/\/blogdofarnesio.com.br\/?p=335137#article","isPartOf":{"@id":"https:\/\/blogdofarnesio.com.br\/?p=335137"},"author":{"name":"Farn\u00e9sio","@id":"https:\/\/blogdofarnesio.com.br\/#\/schema\/person\/bb9b23ae3ad0609ce8df7b6c9e76824d"},"headline":"M\u00eas da Mulher: prefeitura lan\u00e7a programa\u00e7\u00e3o com a\u00e7\u00f5es e servi\u00e7os em Petrolina","datePublished":"2023-03-07T11:42:11+00:00","mainEntityOfPage":{"@id":"https:\/\/blogdofarnesio.com.br\/?p=335137"},"wordCount":505,"commentCount":0,"publisher":{"@id":"https:\/\/blogdofarnesio.com.br\/#organization"},"image":{"@id":"https:\/\/blogdofarnesio.com.br\/?p=335137#primaryimage"},"thumbnailUrl":"https:\/\/blogdofarnesio.com.br\/wp-content\/uploads\/2023\/03\/Dia-da-Mulher-3-e1678124237296.jpg","articleSection":["A\u00e7\u00e3o Social"],"inLanguage":"pt-BR","potentialAction":[{"@type":"CommentAction","name":"Comment","target":["https:\/\/blogdofarnesio.com.br\/?p=335137#respond"]}]},{"@type":"WebPage","@id":"https:\/\/blogdofarnesio.com.br\/?p=335137","url":"https:\/\/blogdofarnesio.com.br\/?p=335137","name":"M\u00eas da Mulher: prefeitura lan\u00e7a programa\u00e7\u00e3o com a\u00e7\u00f5es e servi\u00e7os em Petrolina - Blog do Farn\u00e9sio","isPartOf":{"@id":"https:\/\/blogdofarnesio.com.br\/#website"},"primaryImageOfPage":{"@id":"https:\/\/blogdofarnesio.com.br\/?p=335137#primaryimage"},"image":{"@id":"https:\/\/blogdofarnesio.com.br\/?p=335137#primaryimage"},"thumbnailUrl":"https:\/\/blogdofarnesio.com.br\/wp-content\/uploads\/2023\/03\/Dia-da-Mulher-3-e1678124237296.jpg","datePublished":"2023-03-07T11:42:11+00:00","breadcrumb":{"@id":"https:\/\/blogdofarnesio.com.br\/?p=335137#breadcrumb"},"inLanguage":"pt-BR","potentialAction":[{"@type":"ReadAction","target":["https:\/\/blogdofarnesio.com.br\/?p=335137"]}]},{"@type":"ImageObject","inLanguage":"pt-BR","@id":"https:\/\/blogdofarnesio.com.br\/?p=335137#primaryimage","url":"https:\/\/blogdofarnesio.com.br\/wp-content\/uploads\/2023\/03\/Dia-da-Mulher-3-e1678124237296.jpg","contentUrl":"https:\/\/blogdofarnesio.com.br\/wp-content\/uploads\/2023\/03\/Dia-da-Mulher-3-e1678124237296.jpg","width":620,"height":413},{"@type":"BreadcrumbList","@id":"https:\/\/blogdofarnesio.com.br\/?p=335137#breadcrumb","itemListElement":[{"@type":"ListItem","position":1,"name":"In\u00edcio","item":"https:\/\/blogdofarnesio.com.br\/"},{"@type":"ListItem","position":2,"name":"M\u00eas da Mulher: prefeitura lan\u00e7a programa\u00e7\u00e3o com a\u00e7\u00f5es e servi\u00e7os em Petrolina"}]},{"@type":"WebSite","@id":"https:\/\/blogdofarnesio.com.br\/#website","url":"https:\/\/blogdofarnesio.com.br\/","name":"Blog do Farn\u00e9sio","description":"Quer Saber Pol\u00edtica?","publisher":{"@id":"https:\/\/blogdofarnesio.com.br\/#organization"},"potentialAction":[{"@type":"SearchAction","target":{"@type":"EntryPoint","urlTemplate":"https:\/\/blogdofarnesio.com.br\/?s={search_term_string}"},"query-input":{"@type":"PropertyValueSpecification","valueRequired":true,"valueName":"search_term_string"}}],"inLanguage":"pt-BR"},{"@type":"Organization","@id":"https:\/\/blogdofarnesio.com.br\/#organization","name":"Blog do Farn\u00e9sio","url":"https:\/\/blogdofarnesio.com.br\/","logo":{"@type":"ImageObject","inLanguage":"pt-BR","@id":"https:\/\/blogdofarnesio.com.br\/#\/schema\/logo\/image\/","url":"https:\/\/blogdofarnesio.com.br\/wp-content\/uploads\/2026\/03\/cropped-logo_new-1.png","contentUrl":"https:\/\/blogdofarnesio.com.br\/wp-content\/uploads\/2026\/03\/cropped-logo_new-1.png","width":881,"height":685,"caption":"Blog do Farn\u00e9sio"},"image":{"@id":"https:\/\/blogdofarnesio.com.br\/#\/schema\/logo\/image\/"},"sameAs":["https:\/\/www.facebook.com\/BlogQuerSaberPolitica\/"]},{"@type":"Person","@id":"https:\/\/blogdofarnesio.com.br\/#\/schema\/person\/bb9b23ae3ad0609ce8df7b6c9e76824d","name":"Farn\u00e9sio","image":{"@type":"ImageObject","inLanguage":"pt-BR","@id":"https:\/\/secure.gravatar.com\/avatar\/986aa4c61ccdb66f8555bf88fc2a65609d00bcabd4d2d94377a727547345cbca?s=96&d=mm&r=g","url":"https:\/\/secure.gravatar.com\/avatar\/986aa4c61ccdb66f8555bf88fc2a65609d00bcabd4d2d94377a727547345cbca?s=96&d=mm&r=g","contentUrl":"https:\/\/secure.gravatar.com\/avatar\/986aa4c61ccdb66f8555bf88fc2a65609d00bcabd4d2d94377a727547345cbca?s=96&d=mm&r=g","caption":"Farn\u00e9sio"},"description":"Radialista blogueiro, chegou a Petrolina\/Juazeiro em setembro de 1980, Farn\u00e9sio Silva \u00e9 de Arapiraca-Alagoas.","sameAs":["http:\/\/blogdofarnesio.com.br","https:\/\/www.facebook.com\/?ref=tn_tnmn","https:\/\/www.instagram.com\/?utm_source=pwa_homescreen","https:\/\/youtube.com.br\/"],"url":"https:\/\/blogdofarnesio.com.br\/?author=2"}]}},"_links":{"self":[{"href":"https:\/\/blogdofarnesio.com.br\/index.php?rest_route=\/wp\/v2\/posts\/335137","targetHints":{"allow":["GET"]}}],"collection":[{"href":"https:\/\/blogdofarnesio.com.br\/index.php?rest_route=\/wp\/v2\/posts"}],"about":[{"href":"https:\/\/blogdofarnesio.com.br\/index.php?rest_route=\/wp\/v2\/types\/post"}],"author":[{"embeddable":true,"href":"https:\/\/blogdofarnesio.com.br\/index.php?rest_route=\/wp\/v2\/users\/2"}],"replies":[{"embeddable":true,"href":"https:\/\/blogdofarnesio.com.br\/index.php?rest_route=%2Fwp%2Fv2%2Fcomments&post=335137"}],"version-history":[{"count":0,"href":"https:\/\/blogdofarnesio.com.br\/index.php?rest_route=\/wp\/v2\/posts\/335137\/revisions"}],"wp:featuredmedia":[{"embeddable":true,"href":"https:\/\/blogdofarnesio.com.br\/index.php?rest_route=\/wp\/v2\/media\/335138"}],"wp:attachment":[{"href":"https:\/\/blogdofarnesio.com.br\/index.php?rest_route=%2Fwp%2Fv2%2Fmedia&parent=335137"}],"wp:term":[{"taxonomy":"category","embeddable":true,"href":"https:\/\/blogdofarnesio.com.br\/index.php?rest_route=%2Fwp%2Fv2%2Fcategories&post=335137"},{"taxonomy":"post_tag","embeddable":true,"href":"https:\/\/blogdofarnesio.com.br\/index.php?rest_route=%2Fwp%2Fv2%2Ftags&post=335137"}],"curies":[{"name":"wp","href":"https:\/\/api.w.org\/{rel}","templated":true}]}}