{"id":335132,"date":"2023-03-07T08:02:02","date_gmt":"2023-03-07T11:02:02","guid":{"rendered":"https:\/\/blogdofarnesio.com.br\/?p=335132"},"modified":"2023-03-06T15:17:36","modified_gmt":"2023-03-06T18:17:36","slug":"uma-ode-ao-ex-prefeito-diniz-de-sa-cavalcante-e-seu-irmao-leaozinho","status":"publish","type":"post","link":"https:\/\/blogdofarnesio.com.br\/?p=335132","title":{"rendered":"Uma ODE ao ex prefeito Diniz de S\u00e1 Cavalcante e seu irm\u00e3o Le\u00e3ozinho"},"content":{"rendered":"<p style=\"text-align: center;\">\u201cTodas as virtudes est\u00e3o compreendidas na justi\u00e7a. Se \u00e9s justo, \u00e9s homem de bem\u201d.<\/p>\n<p>Hoje, dedicaremos um cap\u00edtulo, falando de homens de bem. De pioneiros. Daqueles que chegam primeiro. Dos que abrem caminhos. Daqueles que desbravam as regi\u00f5es desertas. Daqueles que preparam o resultado para o futuro. Daqueles que tem uma ideia nova.<\/p>\n<p>H\u00e1 quem diga que \u201ccom o real se vive, com o ideal se existe. Quereis saber qual \u00e9 a diferen\u00e7a? Os animais vivem; s\u00f3 o homem existe\u201d.<br \/>\nViajando no tempo, chegamos \u00e0 cidade de Petrolina e aos pioneiros do transporte coletivo: Diniz e Le\u00e3ozinho.<\/p>\n<p><img loading=\"lazy\" decoding=\"async\" class=\"aligncenter wp-image-335134 size-full\" src=\"https:\/\/blogdofarnesio.com.br\/wp-content\/uploads\/2023\/03\/images.jpeg\" alt=\"\" width=\"640\" height=\"480\" srcset=\"https:\/\/blogdofarnesio.com.br\/wp-content\/uploads\/2023\/03\/images.jpeg 640w, https:\/\/blogdofarnesio.com.br\/wp-content\/uploads\/2023\/03\/images-300x225.jpeg 300w\" sizes=\"auto, (max-width: 640px) 100vw, 640px\" \/>Diniz, um gigante no trabalho e na pol\u00edtica. Pela nossa an\u00e1lise, Diniz est\u00e1 entre os homens que mais trabalharam por Petrolina. Seu curr\u00edculo pol\u00edtico \u00e9 uma loucura. Poucos tem no seu curso, um extenso e real bem \u00e0 sociedade, como Diniz.<\/p>\n<p>Le\u00e3ozinho, um homem diferente. Sempre adulto e sempre crian\u00e7a. Sol\u00edcito, servidor, alegre, comunica\u00e7\u00e3o \u00e0 flor da pele. Ele sempre fez a diferen\u00e7a.<\/p>\n<p>Pelo que apuramos, Diniz est\u00e1 \u00e0 frente, avan\u00e7ando no topo da estepe. N\u00e3o foi pioneiro dos paquetes, mas foi pioneiro do transporte coletivo (\u00f4nibus) da regi\u00e3o. Especificamente Juazeiro\/Petrolina = JOALINA.<\/p>\n<p>A partir de 1944 era motorista de caminh\u00e3o do seu pai, carregando frete de fibra de caro\u00e1 para S\u00e3o Caetano e mamona para Salvador. Ainda no tempo do seu Quel\u00ea. L\u00e1 por 1954, na inaugura\u00e7\u00e3o da ponte Presidente Dutra, seu pai era o prefeito de Petrolina, nomeado por Agamenon Magalh\u00e3es.<\/p>\n<p>Seu Joaquim Andr\u00e9 Cavalcanti tinha dois caminh\u00f5es, que foram levados para Campina Grande, que se transformaram em \u00f4nibus. Os primeiros a fazerem linha Petrolina\/juazeiro.<br \/>\nOs motoristas: Diniz e Le\u00e3ozinho.<br \/>\nIniciou sua carreira pol\u00edtica como vereador, dois mandatos; foi duas vezes vice-Prefeito: Luiz Augusto e Z\u00e9 Coelho; Prefeito de 1977 a 1982 (6 anos); Deputado Estadual de 1991 a 2003 (12 anos). Como sabemos, os pioneiros s\u00e3o l\u00edderes. S\u00e3o fortes. S\u00e3o servidores. S\u00e3o \u00e0s vezes injusti\u00e7ados.<\/p>\n<p>Pelo que sabemos, eles foram banidos, foram perseguidos, foram exclu\u00eddos, foram praticamente eliminados do mapa, como empres\u00e1rios de transporte coletivo. Hoje, na cidade de Petrolina, podemos consider\u00e1-los<br \/>\nfora das quatro linhas da justi\u00e7a dos homens. Est\u00e3o no OSTRACISMO.<\/p>\n<p>N\u00e3o entraremos na seara das empresas que tomaram seu lugar. Trata-se de um grande carretel, que se puxar a linha, vamos ao fim do mundo.<\/p>\n<p>Em outubro do ano 2022, encontrei Diniz em Recife, no Bairro dos Espinheiros. Conversamos muito. Ele j\u00e1 com 95 anos, hoje, 96, estava mais que l\u00facido, com as ideias renovadas, falando como que estivesse ainda na flor da mocidade. Foi uma manh\u00e3 de coment\u00e1rios sobre muitos assuntos, incluindo sua atua\u00e7\u00e3o no Rotary e n\u00f3s no Lions.<\/p>\n<p>N\u00e3o poderia deixar de lado a pol\u00edtica. Dentre algumas perguntas: Se considera tra\u00eddo na pol\u00edtica? Como um pol\u00edtico ainda do s\u00e9culo XX, honesto e leal. Coisa rara atualmente, me disse: \u201cN\u00e3o. Porque a pol\u00edtica \u00e9 a arte de engolir sapos e cobras\u201d. Ai estava uma resposta, que dizia tudo.<\/p>\n<p>Para os de bom senso, sabe o que disse. Ainda lhe perguntei: como analisa a pol\u00edtica ontem e hoje? \u2013 \u201cA pol\u00edtica de antes, era dos coron\u00e9is da ditadura, mas era 90% honesta e tinha prazer em servir.<\/p>\n<p>A de hoje, democracia que 90% confunde com desmoraliza\u00e7\u00e3o, corrup\u00e7\u00e3o e tem prazer de se servir\u201d.<\/p>\n<p>Caro amigo(a), hoje vivemos uma invers\u00e3o de valores de tudo. Quer est\u00e1 bem na sociedade, opte por ser desonesto. Quer ser ovacionado pela velha imprensa, seja criminoso ou bandido. Quer ter um lugar de destaque, seja um bajulador ou um fornecedor de mentiras e cal\u00fanias.<\/p>\n<p>Ser pioneiro \u00e9 um privil\u00e9gio e uma arte. Assim sendo, o pioneiro n\u00e3o \u00e9, UM PASSA TEMPO. E SIM UM SACERD\u00d3CIO.<\/p>\n<p>Parab\u00e9ns Diniz e Le\u00e3ozinho, voc\u00eas marcaram o tempo e fizeram hist\u00f3ria no vale do S\u00e3o Francisco. OBRIGADO.<\/p>\n<p>Fonte: whatsapp<\/p>\n","protected":false},"excerpt":{"rendered":"<p>\u201cTodas as virtudes est\u00e3o compreendidas na justi\u00e7a. Se \u00e9s justo, \u00e9s homem de bem\u201d. Hoje, dedicaremos um cap\u00edtulo, falando de homens de bem. De pioneiros. Daqueles que chegam primeiro. Dos que abrem caminhos. Daqueles que desbravam as regi\u00f5es desertas. Daqueles que preparam o resultado para o futuro. Daqueles que tem uma ideia nova. H\u00e1 quem diga que \u201ccom o real se vive, com o ideal se existe. Quereis saber qual \u00e9 a diferen\u00e7a? Os animais vivem; s\u00f3 o homem existe\u201d. Viajando no tempo, chegamos \u00e0 cidade de Petrolina e aos pioneiros do transporte coletivo: Diniz e Le\u00e3ozinho. Diniz, um gigante no trabalho e na pol\u00edtica. Pela nossa an\u00e1lise, Diniz est\u00e1 entre os homens que mais trabalharam por Petrolina. Seu curr\u00edculo&hellip; <\/p>\n","protected":false},"author":2,"featured_media":126915,"comment_status":"open","ping_status":"open","sticky":false,"template":"","format":"standard","meta":{"_acf_changed":false,"footnotes":""},"categories":[30],"tags":[],"class_list":["post-335132","post","type-post","status-publish","format-standard","has-post-thumbnail","hentry","category-artigo"],"acf":[],"yoast_head":"<!-- This site is optimized with the Yoast SEO plugin v27.4 - https:\/\/yoast.com\/product\/yoast-seo-wordpress\/ -->\n<title>Uma ODE ao ex prefeito Diniz de S\u00e1 Cavalcante e seu irm\u00e3o Le\u00e3ozinho - Blog do Farn\u00e9sio<\/title>\n<meta name=\"robots\" content=\"index, follow, max-snippet:-1, max-image-preview:large, max-video-preview:-1\" \/>\n<link rel=\"canonical\" href=\"https:\/\/blogdofarnesio.com.br\/?p=335132\" \/>\n<meta property=\"og:locale\" content=\"pt_BR\" \/>\n<meta property=\"og:type\" content=\"article\" \/>\n<meta property=\"og:title\" content=\"Uma ODE ao ex prefeito Diniz de S\u00e1 Cavalcante e seu irm\u00e3o Le\u00e3ozinho - Blog do Farn\u00e9sio\" \/>\n<meta property=\"og:description\" content=\"\u201cTodas as virtudes est\u00e3o compreendidas na justi\u00e7a. Se \u00e9s justo, \u00e9s homem de bem\u201d. Hoje, dedicaremos um cap\u00edtulo, falando de homens de bem. De pioneiros. Daqueles que chegam primeiro. Dos que abrem caminhos. Daqueles que desbravam as regi\u00f5es desertas. Daqueles que preparam o resultado para o futuro. Daqueles que tem uma ideia nova. H\u00e1 quem diga que \u201ccom o real se vive, com o ideal se existe. Quereis saber qual \u00e9 a diferen\u00e7a? Os animais vivem; s\u00f3 o homem existe\u201d. Viajando no tempo, chegamos \u00e0 cidade de Petrolina e aos pioneiros do transporte coletivo: Diniz e Le\u00e3ozinho. Diniz, um gigante no trabalho e na pol\u00edtica. Pela nossa an\u00e1lise, Diniz est\u00e1 entre os homens que mais trabalharam por Petrolina. Seu curr\u00edculo&hellip;\" \/>\n<meta property=\"og:url\" content=\"https:\/\/blogdofarnesio.com.br\/?p=335132\" \/>\n<meta property=\"og:site_name\" content=\"Blog do Farn\u00e9sio\" \/>\n<meta property=\"article:publisher\" content=\"https:\/\/www.facebook.com\/BlogQuerSaberPolitica\/\" \/>\n<meta property=\"article:author\" content=\"https:\/\/www.facebook.com\/?ref=tn_tnmn\" \/>\n<meta property=\"article:published_time\" content=\"2023-03-07T11:02:02+00:00\" \/>\n<meta property=\"og:image\" content=\"https:\/\/blogdofarnesio.com.br\/wp-content\/uploads\/2015\/07\/BLOGqspaplausoagradecimento.jpg\" \/>\n\t<meta property=\"og:image:width\" content=\"321\" \/>\n\t<meta property=\"og:image:height\" content=\"140\" \/>\n\t<meta property=\"og:image:type\" content=\"image\/jpeg\" \/>\n<meta name=\"author\" content=\"Farn\u00e9sio\" \/>\n<meta name=\"twitter:card\" content=\"summary_large_image\" \/>\n<meta name=\"twitter:label1\" content=\"Escrito por\" \/>\n\t<meta name=\"twitter:data1\" content=\"Farn\u00e9sio\" \/>\n\t<meta name=\"twitter:label2\" content=\"Est. tempo de leitura\" \/>\n\t<meta name=\"twitter:data2\" content=\"4 minutos\" \/>\n<script type=\"application\/ld+json\" class=\"yoast-schema-graph\">{\"@context\":\"https:\\\/\\\/schema.org\",\"@graph\":[{\"@type\":\"Article\",\"@id\":\"https:\\\/\\\/blogdofarnesio.com.br\\\/?p=335132#article\",\"isPartOf\":{\"@id\":\"https:\\\/\\\/blogdofarnesio.com.br\\\/?p=335132\"},\"author\":{\"name\":\"Farn\u00e9sio\",\"@id\":\"https:\\\/\\\/blogdofarnesio.com.br\\\/#\\\/schema\\\/person\\\/bb9b23ae3ad0609ce8df7b6c9e76824d\"},\"headline\":\"Uma ODE ao ex prefeito Diniz de S\u00e1 Cavalcante e seu irm\u00e3o Le\u00e3ozinho\",\"datePublished\":\"2023-03-07T11:02:02+00:00\",\"mainEntityOfPage\":{\"@id\":\"https:\\\/\\\/blogdofarnesio.com.br\\\/?p=335132\"},\"wordCount\":680,\"commentCount\":0,\"publisher\":{\"@id\":\"https:\\\/\\\/blogdofarnesio.com.br\\\/#organization\"},\"image\":{\"@id\":\"https:\\\/\\\/blogdofarnesio.com.br\\\/?p=335132#primaryimage\"},\"thumbnailUrl\":\"https:\\\/\\\/blogdofarnesio.com.br\\\/wp-content\\\/uploads\\\/2015\\\/07\\\/BLOGqspaplausoagradecimento.jpg\",\"articleSection\":[\"Artigo\"],\"inLanguage\":\"pt-BR\",\"potentialAction\":[{\"@type\":\"CommentAction\",\"name\":\"Comment\",\"target\":[\"https:\\\/\\\/blogdofarnesio.com.br\\\/?p=335132#respond\"]}]},{\"@type\":\"WebPage\",\"@id\":\"https:\\\/\\\/blogdofarnesio.com.br\\\/?p=335132\",\"url\":\"https:\\\/\\\/blogdofarnesio.com.br\\\/?p=335132\",\"name\":\"Uma ODE ao ex prefeito Diniz de S\u00e1 Cavalcante e seu irm\u00e3o Le\u00e3ozinho - Blog do Farn\u00e9sio\",\"isPartOf\":{\"@id\":\"https:\\\/\\\/blogdofarnesio.com.br\\\/#website\"},\"primaryImageOfPage\":{\"@id\":\"https:\\\/\\\/blogdofarnesio.com.br\\\/?p=335132#primaryimage\"},\"image\":{\"@id\":\"https:\\\/\\\/blogdofarnesio.com.br\\\/?p=335132#primaryimage\"},\"thumbnailUrl\":\"https:\\\/\\\/blogdofarnesio.com.br\\\/wp-content\\\/uploads\\\/2015\\\/07\\\/BLOGqspaplausoagradecimento.jpg\",\"datePublished\":\"2023-03-07T11:02:02+00:00\",\"breadcrumb\":{\"@id\":\"https:\\\/\\\/blogdofarnesio.com.br\\\/?p=335132#breadcrumb\"},\"inLanguage\":\"pt-BR\",\"potentialAction\":[{\"@type\":\"ReadAction\",\"target\":[\"https:\\\/\\\/blogdofarnesio.com.br\\\/?p=335132\"]}]},{\"@type\":\"ImageObject\",\"inLanguage\":\"pt-BR\",\"@id\":\"https:\\\/\\\/blogdofarnesio.com.br\\\/?p=335132#primaryimage\",\"url\":\"https:\\\/\\\/blogdofarnesio.com.br\\\/wp-content\\\/uploads\\\/2015\\\/07\\\/BLOGqspaplausoagradecimento.jpg\",\"contentUrl\":\"https:\\\/\\\/blogdofarnesio.com.br\\\/wp-content\\\/uploads\\\/2015\\\/07\\\/BLOGqspaplausoagradecimento.jpg\",\"width\":321,\"height\":140},{\"@type\":\"BreadcrumbList\",\"@id\":\"https:\\\/\\\/blogdofarnesio.com.br\\\/?p=335132#breadcrumb\",\"itemListElement\":[{\"@type\":\"ListItem\",\"position\":1,\"name\":\"In\u00edcio\",\"item\":\"https:\\\/\\\/blogdofarnesio.com.br\\\/\"},{\"@type\":\"ListItem\",\"position\":2,\"name\":\"Uma ODE ao ex prefeito Diniz de S\u00e1 Cavalcante e seu irm\u00e3o Le\u00e3ozinho\"}]},{\"@type\":\"WebSite\",\"@id\":\"https:\\\/\\\/blogdofarnesio.com.br\\\/#website\",\"url\":\"https:\\\/\\\/blogdofarnesio.com.br\\\/\",\"name\":\"Blog do Farn\u00e9sio\",\"description\":\"Quer Saber Pol\u00edtica?\",\"publisher\":{\"@id\":\"https:\\\/\\\/blogdofarnesio.com.br\\\/#organization\"},\"potentialAction\":[{\"@type\":\"SearchAction\",\"target\":{\"@type\":\"EntryPoint\",\"urlTemplate\":\"https:\\\/\\\/blogdofarnesio.com.br\\\/?s={search_term_string}\"},\"query-input\":{\"@type\":\"PropertyValueSpecification\",\"valueRequired\":true,\"valueName\":\"search_term_string\"}}],\"inLanguage\":\"pt-BR\"},{\"@type\":\"Organization\",\"@id\":\"https:\\\/\\\/blogdofarnesio.com.br\\\/#organization\",\"name\":\"Blog do Farn\u00e9sio\",\"url\":\"https:\\\/\\\/blogdofarnesio.com.br\\\/\",\"logo\":{\"@type\":\"ImageObject\",\"inLanguage\":\"pt-BR\",\"@id\":\"https:\\\/\\\/blogdofarnesio.com.br\\\/#\\\/schema\\\/logo\\\/image\\\/\",\"url\":\"https:\\\/\\\/blogdofarnesio.com.br\\\/wp-content\\\/uploads\\\/2026\\\/03\\\/cropped-logo_new-1.png\",\"contentUrl\":\"https:\\\/\\\/blogdofarnesio.com.br\\\/wp-content\\\/uploads\\\/2026\\\/03\\\/cropped-logo_new-1.png\",\"width\":881,\"height\":685,\"caption\":\"Blog do Farn\u00e9sio\"},\"image\":{\"@id\":\"https:\\\/\\\/blogdofarnesio.com.br\\\/#\\\/schema\\\/logo\\\/image\\\/\"},\"sameAs\":[\"https:\\\/\\\/www.facebook.com\\\/BlogQuerSaberPolitica\\\/\"]},{\"@type\":\"Person\",\"@id\":\"https:\\\/\\\/blogdofarnesio.com.br\\\/#\\\/schema\\\/person\\\/bb9b23ae3ad0609ce8df7b6c9e76824d\",\"name\":\"Farn\u00e9sio\",\"image\":{\"@type\":\"ImageObject\",\"inLanguage\":\"pt-BR\",\"@id\":\"https:\\\/\\\/secure.gravatar.com\\\/avatar\\\/986aa4c61ccdb66f8555bf88fc2a65609d00bcabd4d2d94377a727547345cbca?s=96&d=mm&r=g\",\"url\":\"https:\\\/\\\/secure.gravatar.com\\\/avatar\\\/986aa4c61ccdb66f8555bf88fc2a65609d00bcabd4d2d94377a727547345cbca?s=96&d=mm&r=g\",\"contentUrl\":\"https:\\\/\\\/secure.gravatar.com\\\/avatar\\\/986aa4c61ccdb66f8555bf88fc2a65609d00bcabd4d2d94377a727547345cbca?s=96&d=mm&r=g\",\"caption\":\"Farn\u00e9sio\"},\"description\":\"Radialista blogueiro, chegou a Petrolina\\\/Juazeiro em setembro de 1980, Farn\u00e9sio Silva \u00e9 de Arapiraca-Alagoas.\",\"sameAs\":[\"http:\\\/\\\/blogdofarnesio.com.br\",\"https:\\\/\\\/www.facebook.com\\\/?ref=tn_tnmn\",\"https:\\\/\\\/www.instagram.com\\\/?utm_source=pwa_homescreen\",\"https:\\\/\\\/youtube.com.br\\\/\"],\"url\":\"https:\\\/\\\/blogdofarnesio.com.br\\\/?author=2\"}]}<\/script>\n<!-- \/ Yoast SEO plugin. -->","yoast_head_json":{"title":"Uma ODE ao ex prefeito Diniz de S\u00e1 Cavalcante e seu irm\u00e3o Le\u00e3ozinho - Blog do Farn\u00e9sio","robots":{"index":"index","follow":"follow","max-snippet":"max-snippet:-1","max-image-preview":"max-image-preview:large","max-video-preview":"max-video-preview:-1"},"canonical":"https:\/\/blogdofarnesio.com.br\/?p=335132","og_locale":"pt_BR","og_type":"article","og_title":"Uma ODE ao ex prefeito Diniz de S\u00e1 Cavalcante e seu irm\u00e3o Le\u00e3ozinho - Blog do Farn\u00e9sio","og_description":"\u201cTodas as virtudes est\u00e3o compreendidas na justi\u00e7a. Se \u00e9s justo, \u00e9s homem de bem\u201d. Hoje, dedicaremos um cap\u00edtulo, falando de homens de bem. De pioneiros. Daqueles que chegam primeiro. Dos que abrem caminhos. Daqueles que desbravam as regi\u00f5es desertas. Daqueles que preparam o resultado para o futuro. Daqueles que tem uma ideia nova. H\u00e1 quem diga que \u201ccom o real se vive, com o ideal se existe. Quereis saber qual \u00e9 a diferen\u00e7a? Os animais vivem; s\u00f3 o homem existe\u201d. Viajando no tempo, chegamos \u00e0 cidade de Petrolina e aos pioneiros do transporte coletivo: Diniz e Le\u00e3ozinho. Diniz, um gigante no trabalho e na pol\u00edtica. Pela nossa an\u00e1lise, Diniz est\u00e1 entre os homens que mais trabalharam por Petrolina. Seu curr\u00edculo&hellip;","og_url":"https:\/\/blogdofarnesio.com.br\/?p=335132","og_site_name":"Blog do Farn\u00e9sio","article_publisher":"https:\/\/www.facebook.com\/BlogQuerSaberPolitica\/","article_author":"https:\/\/www.facebook.com\/?ref=tn_tnmn","article_published_time":"2023-03-07T11:02:02+00:00","og_image":[{"width":321,"height":140,"url":"https:\/\/blogdofarnesio.com.br\/wp-content\/uploads\/2015\/07\/BLOGqspaplausoagradecimento.jpg","type":"image\/jpeg"}],"author":"Farn\u00e9sio","twitter_card":"summary_large_image","twitter_misc":{"Escrito por":"Farn\u00e9sio","Est. tempo de leitura":"4 minutos"},"schema":{"@context":"https:\/\/schema.org","@graph":[{"@type":"Article","@id":"https:\/\/blogdofarnesio.com.br\/?p=335132#article","isPartOf":{"@id":"https:\/\/blogdofarnesio.com.br\/?p=335132"},"author":{"name":"Farn\u00e9sio","@id":"https:\/\/blogdofarnesio.com.br\/#\/schema\/person\/bb9b23ae3ad0609ce8df7b6c9e76824d"},"headline":"Uma ODE ao ex prefeito Diniz de S\u00e1 Cavalcante e seu irm\u00e3o Le\u00e3ozinho","datePublished":"2023-03-07T11:02:02+00:00","mainEntityOfPage":{"@id":"https:\/\/blogdofarnesio.com.br\/?p=335132"},"wordCount":680,"commentCount":0,"publisher":{"@id":"https:\/\/blogdofarnesio.com.br\/#organization"},"image":{"@id":"https:\/\/blogdofarnesio.com.br\/?p=335132#primaryimage"},"thumbnailUrl":"https:\/\/blogdofarnesio.com.br\/wp-content\/uploads\/2015\/07\/BLOGqspaplausoagradecimento.jpg","articleSection":["Artigo"],"inLanguage":"pt-BR","potentialAction":[{"@type":"CommentAction","name":"Comment","target":["https:\/\/blogdofarnesio.com.br\/?p=335132#respond"]}]},{"@type":"WebPage","@id":"https:\/\/blogdofarnesio.com.br\/?p=335132","url":"https:\/\/blogdofarnesio.com.br\/?p=335132","name":"Uma ODE ao ex prefeito Diniz de S\u00e1 Cavalcante e seu irm\u00e3o Le\u00e3ozinho - Blog do Farn\u00e9sio","isPartOf":{"@id":"https:\/\/blogdofarnesio.com.br\/#website"},"primaryImageOfPage":{"@id":"https:\/\/blogdofarnesio.com.br\/?p=335132#primaryimage"},"image":{"@id":"https:\/\/blogdofarnesio.com.br\/?p=335132#primaryimage"},"thumbnailUrl":"https:\/\/blogdofarnesio.com.br\/wp-content\/uploads\/2015\/07\/BLOGqspaplausoagradecimento.jpg","datePublished":"2023-03-07T11:02:02+00:00","breadcrumb":{"@id":"https:\/\/blogdofarnesio.com.br\/?p=335132#breadcrumb"},"inLanguage":"pt-BR","potentialAction":[{"@type":"ReadAction","target":["https:\/\/blogdofarnesio.com.br\/?p=335132"]}]},{"@type":"ImageObject","inLanguage":"pt-BR","@id":"https:\/\/blogdofarnesio.com.br\/?p=335132#primaryimage","url":"https:\/\/blogdofarnesio.com.br\/wp-content\/uploads\/2015\/07\/BLOGqspaplausoagradecimento.jpg","contentUrl":"https:\/\/blogdofarnesio.com.br\/wp-content\/uploads\/2015\/07\/BLOGqspaplausoagradecimento.jpg","width":321,"height":140},{"@type":"BreadcrumbList","@id":"https:\/\/blogdofarnesio.com.br\/?p=335132#breadcrumb","itemListElement":[{"@type":"ListItem","position":1,"name":"In\u00edcio","item":"https:\/\/blogdofarnesio.com.br\/"},{"@type":"ListItem","position":2,"name":"Uma ODE ao ex prefeito Diniz de S\u00e1 Cavalcante e seu irm\u00e3o Le\u00e3ozinho"}]},{"@type":"WebSite","@id":"https:\/\/blogdofarnesio.com.br\/#website","url":"https:\/\/blogdofarnesio.com.br\/","name":"Blog do Farn\u00e9sio","description":"Quer Saber Pol\u00edtica?","publisher":{"@id":"https:\/\/blogdofarnesio.com.br\/#organization"},"potentialAction":[{"@type":"SearchAction","target":{"@type":"EntryPoint","urlTemplate":"https:\/\/blogdofarnesio.com.br\/?s={search_term_string}"},"query-input":{"@type":"PropertyValueSpecification","valueRequired":true,"valueName":"search_term_string"}}],"inLanguage":"pt-BR"},{"@type":"Organization","@id":"https:\/\/blogdofarnesio.com.br\/#organization","name":"Blog do Farn\u00e9sio","url":"https:\/\/blogdofarnesio.com.br\/","logo":{"@type":"ImageObject","inLanguage":"pt-BR","@id":"https:\/\/blogdofarnesio.com.br\/#\/schema\/logo\/image\/","url":"https:\/\/blogdofarnesio.com.br\/wp-content\/uploads\/2026\/03\/cropped-logo_new-1.png","contentUrl":"https:\/\/blogdofarnesio.com.br\/wp-content\/uploads\/2026\/03\/cropped-logo_new-1.png","width":881,"height":685,"caption":"Blog do Farn\u00e9sio"},"image":{"@id":"https:\/\/blogdofarnesio.com.br\/#\/schema\/logo\/image\/"},"sameAs":["https:\/\/www.facebook.com\/BlogQuerSaberPolitica\/"]},{"@type":"Person","@id":"https:\/\/blogdofarnesio.com.br\/#\/schema\/person\/bb9b23ae3ad0609ce8df7b6c9e76824d","name":"Farn\u00e9sio","image":{"@type":"ImageObject","inLanguage":"pt-BR","@id":"https:\/\/secure.gravatar.com\/avatar\/986aa4c61ccdb66f8555bf88fc2a65609d00bcabd4d2d94377a727547345cbca?s=96&d=mm&r=g","url":"https:\/\/secure.gravatar.com\/avatar\/986aa4c61ccdb66f8555bf88fc2a65609d00bcabd4d2d94377a727547345cbca?s=96&d=mm&r=g","contentUrl":"https:\/\/secure.gravatar.com\/avatar\/986aa4c61ccdb66f8555bf88fc2a65609d00bcabd4d2d94377a727547345cbca?s=96&d=mm&r=g","caption":"Farn\u00e9sio"},"description":"Radialista blogueiro, chegou a Petrolina\/Juazeiro em setembro de 1980, Farn\u00e9sio Silva \u00e9 de Arapiraca-Alagoas.","sameAs":["http:\/\/blogdofarnesio.com.br","https:\/\/www.facebook.com\/?ref=tn_tnmn","https:\/\/www.instagram.com\/?utm_source=pwa_homescreen","https:\/\/youtube.com.br\/"],"url":"https:\/\/blogdofarnesio.com.br\/?author=2"}]}},"_links":{"self":[{"href":"https:\/\/blogdofarnesio.com.br\/index.php?rest_route=\/wp\/v2\/posts\/335132","targetHints":{"allow":["GET"]}}],"collection":[{"href":"https:\/\/blogdofarnesio.com.br\/index.php?rest_route=\/wp\/v2\/posts"}],"about":[{"href":"https:\/\/blogdofarnesio.com.br\/index.php?rest_route=\/wp\/v2\/types\/post"}],"author":[{"embeddable":true,"href":"https:\/\/blogdofarnesio.com.br\/index.php?rest_route=\/wp\/v2\/users\/2"}],"replies":[{"embeddable":true,"href":"https:\/\/blogdofarnesio.com.br\/index.php?rest_route=%2Fwp%2Fv2%2Fcomments&post=335132"}],"version-history":[{"count":0,"href":"https:\/\/blogdofarnesio.com.br\/index.php?rest_route=\/wp\/v2\/posts\/335132\/revisions"}],"wp:featuredmedia":[{"embeddable":true,"href":"https:\/\/blogdofarnesio.com.br\/index.php?rest_route=\/wp\/v2\/media\/126915"}],"wp:attachment":[{"href":"https:\/\/blogdofarnesio.com.br\/index.php?rest_route=%2Fwp%2Fv2%2Fmedia&parent=335132"}],"wp:term":[{"taxonomy":"category","embeddable":true,"href":"https:\/\/blogdofarnesio.com.br\/index.php?rest_route=%2Fwp%2Fv2%2Fcategories&post=335132"},{"taxonomy":"post_tag","embeddable":true,"href":"https:\/\/blogdofarnesio.com.br\/index.php?rest_route=%2Fwp%2Fv2%2Ftags&post=335132"}],"curies":[{"name":"wp","href":"https:\/\/api.w.org\/{rel}","templated":true}]}}