{"id":335127,"date":"2023-03-07T09:22:52","date_gmt":"2023-03-07T12:22:52","guid":{"rendered":"https:\/\/blogdofarnesio.com.br\/?p=335127"},"modified":"2023-03-06T19:06:57","modified_gmt":"2023-03-06T22:06:57","slug":"ponto-final-joana-sanz-decide-se-separar-de-daniel-alves-entenda","status":"publish","type":"post","link":"https:\/\/blogdofarnesio.com.br\/?p=335127","title":{"rendered":"Ponto final: Joana Sanz decide se separar de Daniel Alves. Entenda"},"content":{"rendered":"<div class=\"m-head-single\">\n<h2 class=\"m-resume-single\">A influenciadora recebeu v\u00e1rios ataques ap\u00f3s a acusa\u00e7\u00e3o de estupro de uma jovem contra Daniel\u00a0 \/<\/h2>\n<\/div>\n<div class=\"m-info-post\">\n<div class=\"m-signature\">\n<div class=\"m-author\">\n<div class=\"m-author-content\"><a class=\"m-name-author\" href=\"https:\/\/www.metropoles.com\/author\/daniella-magalhaes\"><strong>Daniella Magalh\u00e3es\/<\/strong><\/a><a class=\"m-name-author\" href=\"https:\/\/www.metropoles.com\/author\/leo-dias\"><strong>Leo Dias\u00a0 &#8211;\u00a0\u00a0<\/strong><\/a><\/div>\n<div><\/div>\n<\/div>\n<\/div>\n<\/div>\n<div class=\"m-wrapper\">\n<div class=\"columns is-multiline\">\n<div class=\"column is-full\">\n<article class=\"m-content\"><a href=\"https:\/\/www.metropoles.com\/colunas\/leo-dias\/esposa-de-daniel-alves-apaga-fotos-com-o-jogador-das-redes-sociais\" target=\"_blank\" rel=\"noopener\">Joana Sanz<\/a>\u00a0decidiu se separar de\u00a0<a href=\"https:\/\/www.metropoles.com\/colunas\/leo-dias\/daniel-alves-diz-que-jovem-nao-foi-estuprada-pois-estava-lubrificada\" target=\"_blank\" rel=\"noopener\">Daniel Alves<\/a>. O jogador foi acusado de estupro por uma jovem espanhola, no final do ano passado, e est\u00e1 preso preventivamente em Barcelona desde o in\u00edcio de janeiro deste ano. Joana apoiou o futuro ex-marido no in\u00edcio do processo, mas a coluna descobriu que ela j\u00e1 n\u00e3o sustenta mais a situa\u00e7\u00e3o.<\/p>\n<p data-gtm-vis-recent-on-screen-8752935_845=\"11593\" data-gtm-vis-first-on-screen-8752935_845=\"11593\" data-gtm-vis-total-visible-time-8752935_845=\"100\" data-gtm-vis-has-fired-8752935_845=\"1\">A influenciadora j\u00e1 est\u00e1 decidida e planeja entrar com a a\u00e7\u00e3o de div\u00f3rcio muito em breve. Segundo apura\u00e7\u00f5es da coluna, o advogado de Joana j\u00e1 est\u00e1 a par da situa\u00e7\u00e3o e vai entrar com o pedido.<\/p>\n<div class=\"m-carousel-post\" data-gtm-vis-recent-on-screen-8752935_885=\"11840\" data-gtm-vis-first-on-screen-8752935_885=\"11840\" data-gtm-vis-total-visible-time-8752935_885=\"100\" data-gtm-vis-has-fired-8752935_885=\"1\">\n<div class=\"siema m-siema-single-item rendered\">\n<div>\n<div class=\"siema-item\">\n<div class=\"m-subtitle-carousel\">\n<p class=\"m-caption\">Joana Sanz quer se separar de Daniel Alves<span class=\"m-credits-carousel\">Reprodu\u00e7\u00e3o<\/span><\/p>\n<\/div>\n<\/div>\n<\/div>\n<div>\n<div class=\"siema-item active\">\n<div class=\"m-image-carousel\"><img loading=\"lazy\" decoding=\"async\" class=\"loaded\" src=\"https:\/\/uploads.metropoles.com\/wp-content\/uploads\/2023\/01\/23100651\/Design-sem-nome-15-25-1024x683.jpg\" alt=\"\" width=\"450\" height=\"300\" data-src=\"https:\/\/uploads.metropoles.com\/wp-content\/uploads\/2023\/01\/23100651\/Design-sem-nome-15-25-1024x683.jpg\" data-was-processed=\"true\" \/><\/div>\n<div class=\"m-subtitle-carousel\">\n<p class=\"m-caption\">Esposa do lateral, Joana Sanz afirmou que n\u00e3o vai deixar o marido sozinho<span class=\"m-credits-carousel\">Reprodu\u00e7\u00e3o\/instagram<\/span><\/p>\n<\/div>\n<\/div>\n<\/div>\n<\/div>\n<\/div>\n<p>Joana demonstrou seu apoio ao jogador assim que as acusa\u00e7\u00f5es se tornaram p\u00fablicas. Ela recebeu ataques por isso, mas tamb\u00e9m recebeu o apoio dos f\u00e3s, principalmente os brasileiros, que t\u00eam a incentivado a pedir a separa\u00e7\u00e3o.<\/p>\n<p>H\u00e1 alguns dias, Sanz publicou um trecho do livro A Gentle Reminder, que deu a entender que o div\u00f3rcio estava a caminho. \u201cVoc\u00ea tem que aceitar que coisas bonitas terminam, que as pessoas v\u00e3o embora, que \u00e0s vezes dois seres humanos n\u00e3o batem as probabilidades, e voc\u00ea precisa achar um final nisso\u201d, diz o recorte.<\/p>\n<p data-gtm-vis-recent-on-screen-8752935_862=\"14964\" data-gtm-vis-first-on-screen-8752935_862=\"14964\" data-gtm-vis-total-visible-time-8752935_862=\"100\" data-gtm-vis-has-fired-8752935_862=\"1\" data-gtm-vis-recent-on-screen-8752935_866=\"14965\" data-gtm-vis-first-on-screen-8752935_866=\"14965\" data-gtm-vis-total-visible-time-8752935_866=\"100\" data-gtm-vis-has-fired-8752935_866=\"1\">Fontes informam que ela n\u00e3o tem mais como sustentar a situa\u00e7\u00e3o na qual se encontra, mas continua desejando que Alves fique bem, pois ainda tem carinho por ele.<\/p>\n<\/article>\n<\/div>\n<\/div>\n<\/div>\n","protected":false},"excerpt":{"rendered":"<p>A influenciadora recebeu v\u00e1rios ataques ap\u00f3s a acusa\u00e7\u00e3o de estupro de uma jovem contra Daniel\u00a0 \/ Daniella Magalh\u00e3es\/Leo Dias\u00a0 &#8211;\u00a0\u00a0 Joana Sanz\u00a0decidiu se separar de\u00a0Daniel Alves. O jogador foi acusado de estupro por uma jovem espanhola, no final do ano passado, e est\u00e1 preso preventivamente em Barcelona desde o in\u00edcio de janeiro deste ano. Joana apoiou o futuro ex-marido no in\u00edcio do processo, mas a coluna descobriu que ela j\u00e1 n\u00e3o sustenta mais a situa\u00e7\u00e3o. A influenciadora j\u00e1 est\u00e1 decidida e planeja entrar com a a\u00e7\u00e3o de div\u00f3rcio muito em breve. Segundo apura\u00e7\u00f5es da coluna, o advogado de Joana j\u00e1 est\u00e1 a par da situa\u00e7\u00e3o e vai entrar com o pedido. Joana Sanz quer se separar de Daniel AlvesReprodu\u00e7\u00e3o Esposa&hellip; <\/p>\n","protected":false},"author":2,"featured_media":335128,"comment_status":"open","ping_status":"open","sticky":false,"template":"","format":"standard","meta":{"_acf_changed":false,"footnotes":""},"categories":[32],"tags":[],"class_list":["post-335127","post","type-post","status-publish","format-standard","has-post-thumbnail","hentry","category-costumes"],"acf":[],"yoast_head":"<!-- This site is optimized with the Yoast SEO plugin v27.4 - https:\/\/yoast.com\/product\/yoast-seo-wordpress\/ -->\n<title>Ponto final: Joana Sanz decide se separar de Daniel Alves. Entenda - Blog do Farn\u00e9sio<\/title>\n<meta name=\"robots\" content=\"index, follow, max-snippet:-1, max-image-preview:large, max-video-preview:-1\" \/>\n<link rel=\"canonical\" href=\"https:\/\/blogdofarnesio.com.br\/?p=335127\" \/>\n<meta property=\"og:locale\" content=\"pt_BR\" \/>\n<meta property=\"og:type\" content=\"article\" \/>\n<meta property=\"og:title\" content=\"Ponto final: Joana Sanz decide se separar de Daniel Alves. Entenda - Blog do Farn\u00e9sio\" \/>\n<meta property=\"og:description\" content=\"A influenciadora recebeu v\u00e1rios ataques ap\u00f3s a acusa\u00e7\u00e3o de estupro de uma jovem contra Daniel\u00a0 \/ Daniella Magalh\u00e3es\/Leo Dias\u00a0 &#8211;\u00a0\u00a0 Joana Sanz\u00a0decidiu se separar de\u00a0Daniel Alves. O jogador foi acusado de estupro por uma jovem espanhola, no final do ano passado, e est\u00e1 preso preventivamente em Barcelona desde o in\u00edcio de janeiro deste ano. Joana apoiou o futuro ex-marido no in\u00edcio do processo, mas a coluna descobriu que ela j\u00e1 n\u00e3o sustenta mais a situa\u00e7\u00e3o. A influenciadora j\u00e1 est\u00e1 decidida e planeja entrar com a a\u00e7\u00e3o de div\u00f3rcio muito em breve. Segundo apura\u00e7\u00f5es da coluna, o advogado de Joana j\u00e1 est\u00e1 a par da situa\u00e7\u00e3o e vai entrar com o pedido. Joana Sanz quer se separar de Daniel AlvesReprodu\u00e7\u00e3o Esposa&hellip;\" \/>\n<meta property=\"og:url\" content=\"https:\/\/blogdofarnesio.com.br\/?p=335127\" \/>\n<meta property=\"og:site_name\" content=\"Blog do Farn\u00e9sio\" \/>\n<meta property=\"article:publisher\" content=\"https:\/\/www.facebook.com\/BlogQuerSaberPolitica\/\" \/>\n<meta property=\"article:author\" content=\"https:\/\/www.facebook.com\/?ref=tn_tnmn\" \/>\n<meta property=\"article:published_time\" content=\"2023-03-07T12:22:52+00:00\" \/>\n<meta property=\"og:image\" content=\"https:\/\/blogdofarnesio.com.br\/wp-content\/uploads\/2023\/03\/blogqspdaniel-joana-sanz.png\" \/>\n\t<meta property=\"og:image:width\" content=\"602\" \/>\n\t<meta property=\"og:image:height\" content=\"339\" \/>\n\t<meta property=\"og:image:type\" content=\"image\/png\" \/>\n<meta name=\"author\" content=\"Farn\u00e9sio\" \/>\n<meta name=\"twitter:card\" content=\"summary_large_image\" \/>\n<meta name=\"twitter:label1\" content=\"Escrito por\" \/>\n\t<meta name=\"twitter:data1\" content=\"Farn\u00e9sio\" \/>\n\t<meta name=\"twitter:label2\" content=\"Est. tempo de leitura\" \/>\n\t<meta name=\"twitter:data2\" content=\"2 minutos\" \/>\n<script type=\"application\/ld+json\" class=\"yoast-schema-graph\">{\"@context\":\"https:\\\/\\\/schema.org\",\"@graph\":[{\"@type\":\"Article\",\"@id\":\"https:\\\/\\\/blogdofarnesio.com.br\\\/?p=335127#article\",\"isPartOf\":{\"@id\":\"https:\\\/\\\/blogdofarnesio.com.br\\\/?p=335127\"},\"author\":{\"name\":\"Farn\u00e9sio\",\"@id\":\"https:\\\/\\\/blogdofarnesio.com.br\\\/#\\\/schema\\\/person\\\/bb9b23ae3ad0609ce8df7b6c9e76824d\"},\"headline\":\"Ponto final: Joana Sanz decide se separar de Daniel Alves. Entenda\",\"datePublished\":\"2023-03-07T12:22:52+00:00\",\"mainEntityOfPage\":{\"@id\":\"https:\\\/\\\/blogdofarnesio.com.br\\\/?p=335127\"},\"wordCount\":291,\"commentCount\":0,\"publisher\":{\"@id\":\"https:\\\/\\\/blogdofarnesio.com.br\\\/#organization\"},\"image\":{\"@id\":\"https:\\\/\\\/blogdofarnesio.com.br\\\/?p=335127#primaryimage\"},\"thumbnailUrl\":\"https:\\\/\\\/blogdofarnesio.com.br\\\/wp-content\\\/uploads\\\/2023\\\/03\\\/blogqspdaniel-joana-sanz.png\",\"articleSection\":[\"Costumes\"],\"inLanguage\":\"pt-BR\",\"potentialAction\":[{\"@type\":\"CommentAction\",\"name\":\"Comment\",\"target\":[\"https:\\\/\\\/blogdofarnesio.com.br\\\/?p=335127#respond\"]}]},{\"@type\":\"WebPage\",\"@id\":\"https:\\\/\\\/blogdofarnesio.com.br\\\/?p=335127\",\"url\":\"https:\\\/\\\/blogdofarnesio.com.br\\\/?p=335127\",\"name\":\"Ponto final: Joana Sanz decide se separar de Daniel Alves. Entenda - Blog do Farn\u00e9sio\",\"isPartOf\":{\"@id\":\"https:\\\/\\\/blogdofarnesio.com.br\\\/#website\"},\"primaryImageOfPage\":{\"@id\":\"https:\\\/\\\/blogdofarnesio.com.br\\\/?p=335127#primaryimage\"},\"image\":{\"@id\":\"https:\\\/\\\/blogdofarnesio.com.br\\\/?p=335127#primaryimage\"},\"thumbnailUrl\":\"https:\\\/\\\/blogdofarnesio.com.br\\\/wp-content\\\/uploads\\\/2023\\\/03\\\/blogqspdaniel-joana-sanz.png\",\"datePublished\":\"2023-03-07T12:22:52+00:00\",\"breadcrumb\":{\"@id\":\"https:\\\/\\\/blogdofarnesio.com.br\\\/?p=335127#breadcrumb\"},\"inLanguage\":\"pt-BR\",\"potentialAction\":[{\"@type\":\"ReadAction\",\"target\":[\"https:\\\/\\\/blogdofarnesio.com.br\\\/?p=335127\"]}]},{\"@type\":\"ImageObject\",\"inLanguage\":\"pt-BR\",\"@id\":\"https:\\\/\\\/blogdofarnesio.com.br\\\/?p=335127#primaryimage\",\"url\":\"https:\\\/\\\/blogdofarnesio.com.br\\\/wp-content\\\/uploads\\\/2023\\\/03\\\/blogqspdaniel-joana-sanz.png\",\"contentUrl\":\"https:\\\/\\\/blogdofarnesio.com.br\\\/wp-content\\\/uploads\\\/2023\\\/03\\\/blogqspdaniel-joana-sanz.png\",\"width\":602,\"height\":339},{\"@type\":\"BreadcrumbList\",\"@id\":\"https:\\\/\\\/blogdofarnesio.com.br\\\/?p=335127#breadcrumb\",\"itemListElement\":[{\"@type\":\"ListItem\",\"position\":1,\"name\":\"In\u00edcio\",\"item\":\"https:\\\/\\\/blogdofarnesio.com.br\\\/\"},{\"@type\":\"ListItem\",\"position\":2,\"name\":\"Ponto final: Joana Sanz decide se separar de Daniel Alves. Entenda\"}]},{\"@type\":\"WebSite\",\"@id\":\"https:\\\/\\\/blogdofarnesio.com.br\\\/#website\",\"url\":\"https:\\\/\\\/blogdofarnesio.com.br\\\/\",\"name\":\"Blog do Farn\u00e9sio\",\"description\":\"Quer Saber Pol\u00edtica?\",\"publisher\":{\"@id\":\"https:\\\/\\\/blogdofarnesio.com.br\\\/#organization\"},\"potentialAction\":[{\"@type\":\"SearchAction\",\"target\":{\"@type\":\"EntryPoint\",\"urlTemplate\":\"https:\\\/\\\/blogdofarnesio.com.br\\\/?s={search_term_string}\"},\"query-input\":{\"@type\":\"PropertyValueSpecification\",\"valueRequired\":true,\"valueName\":\"search_term_string\"}}],\"inLanguage\":\"pt-BR\"},{\"@type\":\"Organization\",\"@id\":\"https:\\\/\\\/blogdofarnesio.com.br\\\/#organization\",\"name\":\"Blog do Farn\u00e9sio\",\"url\":\"https:\\\/\\\/blogdofarnesio.com.br\\\/\",\"logo\":{\"@type\":\"ImageObject\",\"inLanguage\":\"pt-BR\",\"@id\":\"https:\\\/\\\/blogdofarnesio.com.br\\\/#\\\/schema\\\/logo\\\/image\\\/\",\"url\":\"https:\\\/\\\/blogdofarnesio.com.br\\\/wp-content\\\/uploads\\\/2026\\\/03\\\/cropped-logo_new-1.png\",\"contentUrl\":\"https:\\\/\\\/blogdofarnesio.com.br\\\/wp-content\\\/uploads\\\/2026\\\/03\\\/cropped-logo_new-1.png\",\"width\":881,\"height\":685,\"caption\":\"Blog do Farn\u00e9sio\"},\"image\":{\"@id\":\"https:\\\/\\\/blogdofarnesio.com.br\\\/#\\\/schema\\\/logo\\\/image\\\/\"},\"sameAs\":[\"https:\\\/\\\/www.facebook.com\\\/BlogQuerSaberPolitica\\\/\"]},{\"@type\":\"Person\",\"@id\":\"https:\\\/\\\/blogdofarnesio.com.br\\\/#\\\/schema\\\/person\\\/bb9b23ae3ad0609ce8df7b6c9e76824d\",\"name\":\"Farn\u00e9sio\",\"image\":{\"@type\":\"ImageObject\",\"inLanguage\":\"pt-BR\",\"@id\":\"https:\\\/\\\/secure.gravatar.com\\\/avatar\\\/986aa4c61ccdb66f8555bf88fc2a65609d00bcabd4d2d94377a727547345cbca?s=96&d=mm&r=g\",\"url\":\"https:\\\/\\\/secure.gravatar.com\\\/avatar\\\/986aa4c61ccdb66f8555bf88fc2a65609d00bcabd4d2d94377a727547345cbca?s=96&d=mm&r=g\",\"contentUrl\":\"https:\\\/\\\/secure.gravatar.com\\\/avatar\\\/986aa4c61ccdb66f8555bf88fc2a65609d00bcabd4d2d94377a727547345cbca?s=96&d=mm&r=g\",\"caption\":\"Farn\u00e9sio\"},\"description\":\"Radialista blogueiro, chegou a Petrolina\\\/Juazeiro em setembro de 1980, Farn\u00e9sio Silva \u00e9 de Arapiraca-Alagoas.\",\"sameAs\":[\"http:\\\/\\\/blogdofarnesio.com.br\",\"https:\\\/\\\/www.facebook.com\\\/?ref=tn_tnmn\",\"https:\\\/\\\/www.instagram.com\\\/?utm_source=pwa_homescreen\",\"https:\\\/\\\/youtube.com.br\\\/\"],\"url\":\"https:\\\/\\\/blogdofarnesio.com.br\\\/?author=2\"}]}<\/script>\n<!-- \/ Yoast SEO plugin. -->","yoast_head_json":{"title":"Ponto final: Joana Sanz decide se separar de Daniel Alves. Entenda - Blog do Farn\u00e9sio","robots":{"index":"index","follow":"follow","max-snippet":"max-snippet:-1","max-image-preview":"max-image-preview:large","max-video-preview":"max-video-preview:-1"},"canonical":"https:\/\/blogdofarnesio.com.br\/?p=335127","og_locale":"pt_BR","og_type":"article","og_title":"Ponto final: Joana Sanz decide se separar de Daniel Alves. Entenda - Blog do Farn\u00e9sio","og_description":"A influenciadora recebeu v\u00e1rios ataques ap\u00f3s a acusa\u00e7\u00e3o de estupro de uma jovem contra Daniel\u00a0 \/ Daniella Magalh\u00e3es\/Leo Dias\u00a0 &#8211;\u00a0\u00a0 Joana Sanz\u00a0decidiu se separar de\u00a0Daniel Alves. O jogador foi acusado de estupro por uma jovem espanhola, no final do ano passado, e est\u00e1 preso preventivamente em Barcelona desde o in\u00edcio de janeiro deste ano. Joana apoiou o futuro ex-marido no in\u00edcio do processo, mas a coluna descobriu que ela j\u00e1 n\u00e3o sustenta mais a situa\u00e7\u00e3o. A influenciadora j\u00e1 est\u00e1 decidida e planeja entrar com a a\u00e7\u00e3o de div\u00f3rcio muito em breve. Segundo apura\u00e7\u00f5es da coluna, o advogado de Joana j\u00e1 est\u00e1 a par da situa\u00e7\u00e3o e vai entrar com o pedido. Joana Sanz quer se separar de Daniel AlvesReprodu\u00e7\u00e3o Esposa&hellip;","og_url":"https:\/\/blogdofarnesio.com.br\/?p=335127","og_site_name":"Blog do Farn\u00e9sio","article_publisher":"https:\/\/www.facebook.com\/BlogQuerSaberPolitica\/","article_author":"https:\/\/www.facebook.com\/?ref=tn_tnmn","article_published_time":"2023-03-07T12:22:52+00:00","og_image":[{"width":602,"height":339,"url":"https:\/\/blogdofarnesio.com.br\/wp-content\/uploads\/2023\/03\/blogqspdaniel-joana-sanz.png","type":"image\/png"}],"author":"Farn\u00e9sio","twitter_card":"summary_large_image","twitter_misc":{"Escrito por":"Farn\u00e9sio","Est. tempo de leitura":"2 minutos"},"schema":{"@context":"https:\/\/schema.org","@graph":[{"@type":"Article","@id":"https:\/\/blogdofarnesio.com.br\/?p=335127#article","isPartOf":{"@id":"https:\/\/blogdofarnesio.com.br\/?p=335127"},"author":{"name":"Farn\u00e9sio","@id":"https:\/\/blogdofarnesio.com.br\/#\/schema\/person\/bb9b23ae3ad0609ce8df7b6c9e76824d"},"headline":"Ponto final: Joana Sanz decide se separar de Daniel Alves. Entenda","datePublished":"2023-03-07T12:22:52+00:00","mainEntityOfPage":{"@id":"https:\/\/blogdofarnesio.com.br\/?p=335127"},"wordCount":291,"commentCount":0,"publisher":{"@id":"https:\/\/blogdofarnesio.com.br\/#organization"},"image":{"@id":"https:\/\/blogdofarnesio.com.br\/?p=335127#primaryimage"},"thumbnailUrl":"https:\/\/blogdofarnesio.com.br\/wp-content\/uploads\/2023\/03\/blogqspdaniel-joana-sanz.png","articleSection":["Costumes"],"inLanguage":"pt-BR","potentialAction":[{"@type":"CommentAction","name":"Comment","target":["https:\/\/blogdofarnesio.com.br\/?p=335127#respond"]}]},{"@type":"WebPage","@id":"https:\/\/blogdofarnesio.com.br\/?p=335127","url":"https:\/\/blogdofarnesio.com.br\/?p=335127","name":"Ponto final: Joana Sanz decide se separar de Daniel Alves. Entenda - Blog do Farn\u00e9sio","isPartOf":{"@id":"https:\/\/blogdofarnesio.com.br\/#website"},"primaryImageOfPage":{"@id":"https:\/\/blogdofarnesio.com.br\/?p=335127#primaryimage"},"image":{"@id":"https:\/\/blogdofarnesio.com.br\/?p=335127#primaryimage"},"thumbnailUrl":"https:\/\/blogdofarnesio.com.br\/wp-content\/uploads\/2023\/03\/blogqspdaniel-joana-sanz.png","datePublished":"2023-03-07T12:22:52+00:00","breadcrumb":{"@id":"https:\/\/blogdofarnesio.com.br\/?p=335127#breadcrumb"},"inLanguage":"pt-BR","potentialAction":[{"@type":"ReadAction","target":["https:\/\/blogdofarnesio.com.br\/?p=335127"]}]},{"@type":"ImageObject","inLanguage":"pt-BR","@id":"https:\/\/blogdofarnesio.com.br\/?p=335127#primaryimage","url":"https:\/\/blogdofarnesio.com.br\/wp-content\/uploads\/2023\/03\/blogqspdaniel-joana-sanz.png","contentUrl":"https:\/\/blogdofarnesio.com.br\/wp-content\/uploads\/2023\/03\/blogqspdaniel-joana-sanz.png","width":602,"height":339},{"@type":"BreadcrumbList","@id":"https:\/\/blogdofarnesio.com.br\/?p=335127#breadcrumb","itemListElement":[{"@type":"ListItem","position":1,"name":"In\u00edcio","item":"https:\/\/blogdofarnesio.com.br\/"},{"@type":"ListItem","position":2,"name":"Ponto final: Joana Sanz decide se separar de Daniel Alves. Entenda"}]},{"@type":"WebSite","@id":"https:\/\/blogdofarnesio.com.br\/#website","url":"https:\/\/blogdofarnesio.com.br\/","name":"Blog do Farn\u00e9sio","description":"Quer Saber Pol\u00edtica?","publisher":{"@id":"https:\/\/blogdofarnesio.com.br\/#organization"},"potentialAction":[{"@type":"SearchAction","target":{"@type":"EntryPoint","urlTemplate":"https:\/\/blogdofarnesio.com.br\/?s={search_term_string}"},"query-input":{"@type":"PropertyValueSpecification","valueRequired":true,"valueName":"search_term_string"}}],"inLanguage":"pt-BR"},{"@type":"Organization","@id":"https:\/\/blogdofarnesio.com.br\/#organization","name":"Blog do Farn\u00e9sio","url":"https:\/\/blogdofarnesio.com.br\/","logo":{"@type":"ImageObject","inLanguage":"pt-BR","@id":"https:\/\/blogdofarnesio.com.br\/#\/schema\/logo\/image\/","url":"https:\/\/blogdofarnesio.com.br\/wp-content\/uploads\/2026\/03\/cropped-logo_new-1.png","contentUrl":"https:\/\/blogdofarnesio.com.br\/wp-content\/uploads\/2026\/03\/cropped-logo_new-1.png","width":881,"height":685,"caption":"Blog do Farn\u00e9sio"},"image":{"@id":"https:\/\/blogdofarnesio.com.br\/#\/schema\/logo\/image\/"},"sameAs":["https:\/\/www.facebook.com\/BlogQuerSaberPolitica\/"]},{"@type":"Person","@id":"https:\/\/blogdofarnesio.com.br\/#\/schema\/person\/bb9b23ae3ad0609ce8df7b6c9e76824d","name":"Farn\u00e9sio","image":{"@type":"ImageObject","inLanguage":"pt-BR","@id":"https:\/\/secure.gravatar.com\/avatar\/986aa4c61ccdb66f8555bf88fc2a65609d00bcabd4d2d94377a727547345cbca?s=96&d=mm&r=g","url":"https:\/\/secure.gravatar.com\/avatar\/986aa4c61ccdb66f8555bf88fc2a65609d00bcabd4d2d94377a727547345cbca?s=96&d=mm&r=g","contentUrl":"https:\/\/secure.gravatar.com\/avatar\/986aa4c61ccdb66f8555bf88fc2a65609d00bcabd4d2d94377a727547345cbca?s=96&d=mm&r=g","caption":"Farn\u00e9sio"},"description":"Radialista blogueiro, chegou a Petrolina\/Juazeiro em setembro de 1980, Farn\u00e9sio Silva \u00e9 de Arapiraca-Alagoas.","sameAs":["http:\/\/blogdofarnesio.com.br","https:\/\/www.facebook.com\/?ref=tn_tnmn","https:\/\/www.instagram.com\/?utm_source=pwa_homescreen","https:\/\/youtube.com.br\/"],"url":"https:\/\/blogdofarnesio.com.br\/?author=2"}]}},"_links":{"self":[{"href":"https:\/\/blogdofarnesio.com.br\/index.php?rest_route=\/wp\/v2\/posts\/335127","targetHints":{"allow":["GET"]}}],"collection":[{"href":"https:\/\/blogdofarnesio.com.br\/index.php?rest_route=\/wp\/v2\/posts"}],"about":[{"href":"https:\/\/blogdofarnesio.com.br\/index.php?rest_route=\/wp\/v2\/types\/post"}],"author":[{"embeddable":true,"href":"https:\/\/blogdofarnesio.com.br\/index.php?rest_route=\/wp\/v2\/users\/2"}],"replies":[{"embeddable":true,"href":"https:\/\/blogdofarnesio.com.br\/index.php?rest_route=%2Fwp%2Fv2%2Fcomments&post=335127"}],"version-history":[{"count":0,"href":"https:\/\/blogdofarnesio.com.br\/index.php?rest_route=\/wp\/v2\/posts\/335127\/revisions"}],"wp:featuredmedia":[{"embeddable":true,"href":"https:\/\/blogdofarnesio.com.br\/index.php?rest_route=\/wp\/v2\/media\/335128"}],"wp:attachment":[{"href":"https:\/\/blogdofarnesio.com.br\/index.php?rest_route=%2Fwp%2Fv2%2Fmedia&parent=335127"}],"wp:term":[{"taxonomy":"category","embeddable":true,"href":"https:\/\/blogdofarnesio.com.br\/index.php?rest_route=%2Fwp%2Fv2%2Fcategories&post=335127"},{"taxonomy":"post_tag","embeddable":true,"href":"https:\/\/blogdofarnesio.com.br\/index.php?rest_route=%2Fwp%2Fv2%2Ftags&post=335127"}],"curies":[{"name":"wp","href":"https:\/\/api.w.org\/{rel}","templated":true}]}}