{"id":334689,"date":"2023-03-07T10:04:43","date_gmt":"2023-03-07T13:04:43","guid":{"rendered":"https:\/\/blogdofarnesio.com.br\/?p=334689"},"modified":"2023-03-06T19:01:05","modified_gmt":"2023-03-06T22:01:05","slug":"petrolina-segue-com-matriculas-abertas-para-educacao-de-jovens-e-adultos","status":"publish","type":"post","link":"https:\/\/blogdofarnesio.com.br\/?p=334689","title":{"rendered":"Petrolina segue com matr\u00edculas abertas para Educa\u00e7\u00e3o de Jovens e Adultos"},"content":{"rendered":"<p><strong>\u00a0<\/strong><em>S\u00e3o ofertadas mais de 500 vagas para essa modalidade. Pessoas com idade m\u00ednima de 15 anos podem se inscrever para dar continuidade aos estudos\u00a0\u00a0<\/em><\/p>\n<p>Jovens, adultos ou idosos que desejam iniciar, retomar ou concluir o Ensino Fundamental podem realizar a matr\u00edcula em uma das 16 escolas municipais que atendem esse p\u00fablico.<\/p>\n<p>Os interessados em aprender a ler e escrever ou completar o processo de escolariza\u00e7\u00e3o, devem ir at\u00e9 as unidades mais pr\u00f3ximas da sua resid\u00eancia para efetuar a matr\u00edcula para a Educa\u00e7\u00e3o de Jovens e Adultos(EJA). \u00c9 necess\u00e1rio levar os documentos pessoais at\u00e9 o dia 17 de mar\u00e7o.<\/p>\n<p>A pol\u00edtica de alfabetiza\u00e7\u00e3o dos cidad\u00e3os que ingressam na EJA \u00e9 de acelerar os tr\u00eas anos iniciais do Ensino Fundamental em um per\u00edodo de 200 dias letivos, com tr\u00eas horas de estudo cada. Ao final do ano ser\u00e1 totalizada a carga hor\u00e1ria de 600 horas, obtendo-se um percentual significativo de aprova\u00e7\u00e3o com qualidade e compet\u00eancia.<\/p>\n<p>Os alunos cumprem o processo normal de aprendizagem e participam de din\u00e2micas e atividades de enriquecimento curricular. As aulas s\u00e3o ministradas em per\u00edodo noturno e o processo de aprendizagem \u00e9 individual e flex\u00edvel para estimular, de forma personalizada, o estudo.<\/p>\n<p>O secret\u00e1rio Executivo de Ensino, Alan Costa, destaca que a oferta de Educa\u00e7\u00e3o de Jovens e Adultos cria oportunidade para que as pessoas que n\u00e3o puderam ir \u00e0 escola na idade habitual, possam retornar aos estudos, alcan\u00e7ando mais autonomia e crescimento profissional.<\/p>\n<p>\u201c<em>Hoje a crescente cobran\u00e7a por conhecimento tem dificultado muitos jovens e adultos a ingressarem no mundo do trabalho por falta de escolariza\u00e7\u00e3o. Fatores assim os levam, sem a op\u00e7\u00e3o de escolha, para a informalidade e para as dificuldades impostas pela exclus\u00e3o, gerada pela baixa renda e as incertezas financeiras. <\/em><\/p>\n<p><em>O caminho educacional, a escolariza\u00e7\u00e3o, \u00e9 sin\u00f4nimo de conhecimento, o passo necess\u00e1rio para a liberdade do ser humano em qualquer idade e tempo. O diferencial da educa\u00e7\u00e3o \u00e9 que nunca ser\u00e1 tarde para come\u00e7ar ou recome\u00e7ar<\/em>\u201d, explana Alan.<\/p>\n<p>&nbsp;<\/p>\n<p>Texto: Elaine Barbosa<\/p>\n<p aria-hidden=\"true\">A<\/p>\n<p>Assessoria Comunica\u00e7\u00e3o<\/p>\n<p>para\u00a0Assessoria<br \/>\nh\u00e1 3 horas<\/p>\n<p>Detalhes<\/p>\n<p>&nbsp;<\/p>\n<p><strong>Oportunidade: Prefeitura de Petrolina segue com matr\u00edculas abertas para Educa\u00e7\u00e3o de Jovens e Adultos\u00a0<\/strong><\/p>\n<p>&nbsp;<\/p>\n<p>&nbsp;<\/p>\n<p><em>S\u00e3o ofertadas mais de 500 vagas para essa modalidade. Pessoas com idade m\u00ednima de 15 anos podem se inscrever para dar continuidade aos estudos\u00a0\u00a0<\/em><\/p>\n<p>&nbsp;<\/p>\n<p>&nbsp;<\/p>\n<p>Jovens, adultos ou idosos que desejam iniciar, retomar ou concluir o Ensino Fundamental podem realizar a matr\u00edcula em uma das 16 escolas municipais que atendem esse p\u00fablico. Os interessados em aprender a ler e escrever ou completar o processo de escolariza\u00e7\u00e3o, devem ir at\u00e9 as unidades mais pr\u00f3ximas da sua resid\u00eancia para efetuar a matr\u00edcula para a Educa\u00e7\u00e3o de Jovens e Adultos(EJA). \u00c9 necess\u00e1rio levar os documentos pessoais at\u00e9 o dia 17 de mar\u00e7o.<\/p>\n<p>&nbsp;<\/p>\n<p>A pol\u00edtica de alfabetiza\u00e7\u00e3o dos cidad\u00e3os que ingressam na EJA \u00e9 de acelerar os tr\u00eas anos iniciais do Ensino Fundamental em um per\u00edodo de 200 dias letivos, com tr\u00eas horas de estudo cada. Ao final do ano ser\u00e1 totalizada a carga hor\u00e1ria de 600 horas, obtendo-se um percentual significativo de aprova\u00e7\u00e3o com qualidade e compet\u00eancia. Os alunos cumprem o processo normal de aprendizagem e participam de din\u00e2micas e atividades de enriquecimento curricular. As aulas s\u00e3o ministradas em per\u00edodo noturno e o processo de aprendizagem \u00e9 individual e flex\u00edvel para estimular, de forma personalizada, o estudo.<\/p>\n<p>&nbsp;<\/p>\n<p>O secret\u00e1rio Executivo de Ensino, Alan Costa, destaca que a oferta de Educa\u00e7\u00e3o de Jovens e Adultos cria oportunidade para que as pessoas que n\u00e3o puderam ir \u00e0 escola na idade habitual, possam retornar aos estudos, alcan\u00e7ando mais autonomia e crescimento profissional.<\/p>\n<p>&nbsp;<\/p>\n<p>\u201c<em>Hoje a crescente cobran\u00e7a por conhecimento tem dificultado muitos jovens e adultos a ingressarem no mundo do trabalho por falta de escolariza\u00e7\u00e3o. Fatores assim os levam, sem a op\u00e7\u00e3o de escolha, para a informalidade e para as dificuldades impostas pela exclus\u00e3o, gerada pela baixa renda e as incertezas financeiras. O caminho educacional, a escolariza\u00e7\u00e3o, \u00e9 sin\u00f4nimo de conhecimento, o passo necess\u00e1rio para a liberdade do ser humano em qualquer idade e tempo. O diferencial da educa\u00e7\u00e3o \u00e9 que nunca ser\u00e1 tarde para come\u00e7ar ou recome\u00e7ar<\/em>\u201d, explana Alan.<\/p>\n<p>&nbsp;<\/p>\n<p>Texto: Elaine Barbosa<\/p>\n","protected":false},"excerpt":{"rendered":"<p>\u00a0S\u00e3o ofertadas mais de 500 vagas para essa modalidade. Pessoas com idade m\u00ednima de 15 anos podem se inscrever para dar continuidade aos estudos\u00a0\u00a0 Jovens, adultos ou idosos que desejam iniciar, retomar ou concluir o Ensino Fundamental podem realizar a matr\u00edcula em uma das 16 escolas municipais que atendem esse p\u00fablico. Os interessados em aprender a ler e escrever ou completar o processo de escolariza\u00e7\u00e3o, devem ir at\u00e9 as unidades mais pr\u00f3ximas da sua resid\u00eancia para efetuar a matr\u00edcula para a Educa\u00e7\u00e3o de Jovens e Adultos(EJA). \u00c9 necess\u00e1rio levar os documentos pessoais at\u00e9 o dia 17 de mar\u00e7o. A pol\u00edtica de alfabetiza\u00e7\u00e3o dos cidad\u00e3os que ingressam na EJA \u00e9 de acelerar os tr\u00eas anos iniciais do Ensino Fundamental em um&hellip; <\/p>\n","protected":false},"author":2,"featured_media":193057,"comment_status":"open","ping_status":"open","sticky":false,"template":"","format":"standard","meta":{"_acf_changed":false,"footnotes":""},"categories":[43],"tags":[],"class_list":["post-334689","post","type-post","status-publish","format-standard","has-post-thumbnail","hentry","category-sem-categoria"],"acf":[],"yoast_head":"<!-- This site is optimized with the Yoast SEO plugin v27.4 - https:\/\/yoast.com\/product\/yoast-seo-wordpress\/ -->\n<title>Petrolina segue com matr\u00edculas abertas para Educa\u00e7\u00e3o de Jovens e Adultos - Blog do Farn\u00e9sio<\/title>\n<meta name=\"robots\" content=\"index, follow, max-snippet:-1, max-image-preview:large, max-video-preview:-1\" \/>\n<link rel=\"canonical\" href=\"https:\/\/blogdofarnesio.com.br\/?p=334689\" \/>\n<meta property=\"og:locale\" content=\"pt_BR\" \/>\n<meta property=\"og:type\" content=\"article\" \/>\n<meta property=\"og:title\" content=\"Petrolina segue com matr\u00edculas abertas para Educa\u00e7\u00e3o de Jovens e Adultos - Blog do Farn\u00e9sio\" \/>\n<meta property=\"og:description\" content=\"\u00a0S\u00e3o ofertadas mais de 500 vagas para essa modalidade. Pessoas com idade m\u00ednima de 15 anos podem se inscrever para dar continuidade aos estudos\u00a0\u00a0 Jovens, adultos ou idosos que desejam iniciar, retomar ou concluir o Ensino Fundamental podem realizar a matr\u00edcula em uma das 16 escolas municipais que atendem esse p\u00fablico. Os interessados em aprender a ler e escrever ou completar o processo de escolariza\u00e7\u00e3o, devem ir at\u00e9 as unidades mais pr\u00f3ximas da sua resid\u00eancia para efetuar a matr\u00edcula para a Educa\u00e7\u00e3o de Jovens e Adultos(EJA). \u00c9 necess\u00e1rio levar os documentos pessoais at\u00e9 o dia 17 de mar\u00e7o. A pol\u00edtica de alfabetiza\u00e7\u00e3o dos cidad\u00e3os que ingressam na EJA \u00e9 de acelerar os tr\u00eas anos iniciais do Ensino Fundamental em um&hellip;\" \/>\n<meta property=\"og:url\" content=\"https:\/\/blogdofarnesio.com.br\/?p=334689\" \/>\n<meta property=\"og:site_name\" content=\"Blog do Farn\u00e9sio\" \/>\n<meta property=\"article:publisher\" content=\"https:\/\/www.facebook.com\/BlogQuerSaberPolitica\/\" \/>\n<meta property=\"article:author\" content=\"https:\/\/www.facebook.com\/?ref=tn_tnmn\" \/>\n<meta property=\"article:published_time\" content=\"2023-03-07T13:04:43+00:00\" \/>\n<meta property=\"og:image\" content=\"https:\/\/blogdofarnesio.com.br\/wp-content\/uploads\/2018\/03\/blogqspencceja-2018-1.jpg\" \/>\n\t<meta property=\"og:image:width\" content=\"615\" \/>\n\t<meta property=\"og:image:height\" content=\"300\" \/>\n\t<meta property=\"og:image:type\" content=\"image\/jpeg\" \/>\n<meta name=\"author\" content=\"Farn\u00e9sio\" \/>\n<meta name=\"twitter:card\" content=\"summary_large_image\" \/>\n<meta name=\"twitter:label1\" content=\"Escrito por\" \/>\n\t<meta name=\"twitter:data1\" content=\"Farn\u00e9sio\" \/>\n\t<meta name=\"twitter:label2\" content=\"Est. tempo de leitura\" \/>\n\t<meta name=\"twitter:data2\" content=\"4 minutos\" \/>\n<script type=\"application\/ld+json\" class=\"yoast-schema-graph\">{\"@context\":\"https:\\\/\\\/schema.org\",\"@graph\":[{\"@type\":\"Article\",\"@id\":\"https:\\\/\\\/blogdofarnesio.com.br\\\/?p=334689#article\",\"isPartOf\":{\"@id\":\"https:\\\/\\\/blogdofarnesio.com.br\\\/?p=334689\"},\"author\":{\"name\":\"Farn\u00e9sio\",\"@id\":\"https:\\\/\\\/blogdofarnesio.com.br\\\/#\\\/schema\\\/person\\\/bb9b23ae3ad0609ce8df7b6c9e76824d\"},\"headline\":\"Petrolina segue com matr\u00edculas abertas para Educa\u00e7\u00e3o de Jovens e Adultos\",\"datePublished\":\"2023-03-07T13:04:43+00:00\",\"mainEntityOfPage\":{\"@id\":\"https:\\\/\\\/blogdofarnesio.com.br\\\/?p=334689\"},\"wordCount\":752,\"commentCount\":0,\"publisher\":{\"@id\":\"https:\\\/\\\/blogdofarnesio.com.br\\\/#organization\"},\"image\":{\"@id\":\"https:\\\/\\\/blogdofarnesio.com.br\\\/?p=334689#primaryimage\"},\"thumbnailUrl\":\"https:\\\/\\\/blogdofarnesio.com.br\\\/wp-content\\\/uploads\\\/2018\\\/03\\\/blogqspencceja-2018-1.jpg\",\"inLanguage\":\"pt-BR\",\"potentialAction\":[{\"@type\":\"CommentAction\",\"name\":\"Comment\",\"target\":[\"https:\\\/\\\/blogdofarnesio.com.br\\\/?p=334689#respond\"]}]},{\"@type\":\"WebPage\",\"@id\":\"https:\\\/\\\/blogdofarnesio.com.br\\\/?p=334689\",\"url\":\"https:\\\/\\\/blogdofarnesio.com.br\\\/?p=334689\",\"name\":\"Petrolina segue com matr\u00edculas abertas para Educa\u00e7\u00e3o de Jovens e Adultos - Blog do Farn\u00e9sio\",\"isPartOf\":{\"@id\":\"https:\\\/\\\/blogdofarnesio.com.br\\\/#website\"},\"primaryImageOfPage\":{\"@id\":\"https:\\\/\\\/blogdofarnesio.com.br\\\/?p=334689#primaryimage\"},\"image\":{\"@id\":\"https:\\\/\\\/blogdofarnesio.com.br\\\/?p=334689#primaryimage\"},\"thumbnailUrl\":\"https:\\\/\\\/blogdofarnesio.com.br\\\/wp-content\\\/uploads\\\/2018\\\/03\\\/blogqspencceja-2018-1.jpg\",\"datePublished\":\"2023-03-07T13:04:43+00:00\",\"breadcrumb\":{\"@id\":\"https:\\\/\\\/blogdofarnesio.com.br\\\/?p=334689#breadcrumb\"},\"inLanguage\":\"pt-BR\",\"potentialAction\":[{\"@type\":\"ReadAction\",\"target\":[\"https:\\\/\\\/blogdofarnesio.com.br\\\/?p=334689\"]}]},{\"@type\":\"ImageObject\",\"inLanguage\":\"pt-BR\",\"@id\":\"https:\\\/\\\/blogdofarnesio.com.br\\\/?p=334689#primaryimage\",\"url\":\"https:\\\/\\\/blogdofarnesio.com.br\\\/wp-content\\\/uploads\\\/2018\\\/03\\\/blogqspencceja-2018-1.jpg\",\"contentUrl\":\"https:\\\/\\\/blogdofarnesio.com.br\\\/wp-content\\\/uploads\\\/2018\\\/03\\\/blogqspencceja-2018-1.jpg\",\"width\":615,\"height\":300},{\"@type\":\"BreadcrumbList\",\"@id\":\"https:\\\/\\\/blogdofarnesio.com.br\\\/?p=334689#breadcrumb\",\"itemListElement\":[{\"@type\":\"ListItem\",\"position\":1,\"name\":\"In\u00edcio\",\"item\":\"https:\\\/\\\/blogdofarnesio.com.br\\\/\"},{\"@type\":\"ListItem\",\"position\":2,\"name\":\"Petrolina segue com matr\u00edculas abertas para Educa\u00e7\u00e3o de Jovens e Adultos\"}]},{\"@type\":\"WebSite\",\"@id\":\"https:\\\/\\\/blogdofarnesio.com.br\\\/#website\",\"url\":\"https:\\\/\\\/blogdofarnesio.com.br\\\/\",\"name\":\"Blog do Farn\u00e9sio\",\"description\":\"Quer Saber Pol\u00edtica?\",\"publisher\":{\"@id\":\"https:\\\/\\\/blogdofarnesio.com.br\\\/#organization\"},\"potentialAction\":[{\"@type\":\"SearchAction\",\"target\":{\"@type\":\"EntryPoint\",\"urlTemplate\":\"https:\\\/\\\/blogdofarnesio.com.br\\\/?s={search_term_string}\"},\"query-input\":{\"@type\":\"PropertyValueSpecification\",\"valueRequired\":true,\"valueName\":\"search_term_string\"}}],\"inLanguage\":\"pt-BR\"},{\"@type\":\"Organization\",\"@id\":\"https:\\\/\\\/blogdofarnesio.com.br\\\/#organization\",\"name\":\"Blog do Farn\u00e9sio\",\"url\":\"https:\\\/\\\/blogdofarnesio.com.br\\\/\",\"logo\":{\"@type\":\"ImageObject\",\"inLanguage\":\"pt-BR\",\"@id\":\"https:\\\/\\\/blogdofarnesio.com.br\\\/#\\\/schema\\\/logo\\\/image\\\/\",\"url\":\"https:\\\/\\\/blogdofarnesio.com.br\\\/wp-content\\\/uploads\\\/2026\\\/03\\\/cropped-logo_new-1.png\",\"contentUrl\":\"https:\\\/\\\/blogdofarnesio.com.br\\\/wp-content\\\/uploads\\\/2026\\\/03\\\/cropped-logo_new-1.png\",\"width\":881,\"height\":685,\"caption\":\"Blog do Farn\u00e9sio\"},\"image\":{\"@id\":\"https:\\\/\\\/blogdofarnesio.com.br\\\/#\\\/schema\\\/logo\\\/image\\\/\"},\"sameAs\":[\"https:\\\/\\\/www.facebook.com\\\/BlogQuerSaberPolitica\\\/\"]},{\"@type\":\"Person\",\"@id\":\"https:\\\/\\\/blogdofarnesio.com.br\\\/#\\\/schema\\\/person\\\/bb9b23ae3ad0609ce8df7b6c9e76824d\",\"name\":\"Farn\u00e9sio\",\"image\":{\"@type\":\"ImageObject\",\"inLanguage\":\"pt-BR\",\"@id\":\"https:\\\/\\\/secure.gravatar.com\\\/avatar\\\/986aa4c61ccdb66f8555bf88fc2a65609d00bcabd4d2d94377a727547345cbca?s=96&d=mm&r=g\",\"url\":\"https:\\\/\\\/secure.gravatar.com\\\/avatar\\\/986aa4c61ccdb66f8555bf88fc2a65609d00bcabd4d2d94377a727547345cbca?s=96&d=mm&r=g\",\"contentUrl\":\"https:\\\/\\\/secure.gravatar.com\\\/avatar\\\/986aa4c61ccdb66f8555bf88fc2a65609d00bcabd4d2d94377a727547345cbca?s=96&d=mm&r=g\",\"caption\":\"Farn\u00e9sio\"},\"description\":\"Radialista blogueiro, chegou a Petrolina\\\/Juazeiro em setembro de 1980, Farn\u00e9sio Silva \u00e9 de Arapiraca-Alagoas.\",\"sameAs\":[\"http:\\\/\\\/blogdofarnesio.com.br\",\"https:\\\/\\\/www.facebook.com\\\/?ref=tn_tnmn\",\"https:\\\/\\\/www.instagram.com\\\/?utm_source=pwa_homescreen\",\"https:\\\/\\\/youtube.com.br\\\/\"],\"url\":\"https:\\\/\\\/blogdofarnesio.com.br\\\/?author=2\"}]}<\/script>\n<!-- \/ Yoast SEO plugin. -->","yoast_head_json":{"title":"Petrolina segue com matr\u00edculas abertas para Educa\u00e7\u00e3o de Jovens e Adultos - Blog do Farn\u00e9sio","robots":{"index":"index","follow":"follow","max-snippet":"max-snippet:-1","max-image-preview":"max-image-preview:large","max-video-preview":"max-video-preview:-1"},"canonical":"https:\/\/blogdofarnesio.com.br\/?p=334689","og_locale":"pt_BR","og_type":"article","og_title":"Petrolina segue com matr\u00edculas abertas para Educa\u00e7\u00e3o de Jovens e Adultos - Blog do Farn\u00e9sio","og_description":"\u00a0S\u00e3o ofertadas mais de 500 vagas para essa modalidade. Pessoas com idade m\u00ednima de 15 anos podem se inscrever para dar continuidade aos estudos\u00a0\u00a0 Jovens, adultos ou idosos que desejam iniciar, retomar ou concluir o Ensino Fundamental podem realizar a matr\u00edcula em uma das 16 escolas municipais que atendem esse p\u00fablico. Os interessados em aprender a ler e escrever ou completar o processo de escolariza\u00e7\u00e3o, devem ir at\u00e9 as unidades mais pr\u00f3ximas da sua resid\u00eancia para efetuar a matr\u00edcula para a Educa\u00e7\u00e3o de Jovens e Adultos(EJA). \u00c9 necess\u00e1rio levar os documentos pessoais at\u00e9 o dia 17 de mar\u00e7o. A pol\u00edtica de alfabetiza\u00e7\u00e3o dos cidad\u00e3os que ingressam na EJA \u00e9 de acelerar os tr\u00eas anos iniciais do Ensino Fundamental em um&hellip;","og_url":"https:\/\/blogdofarnesio.com.br\/?p=334689","og_site_name":"Blog do Farn\u00e9sio","article_publisher":"https:\/\/www.facebook.com\/BlogQuerSaberPolitica\/","article_author":"https:\/\/www.facebook.com\/?ref=tn_tnmn","article_published_time":"2023-03-07T13:04:43+00:00","og_image":[{"width":615,"height":300,"url":"https:\/\/blogdofarnesio.com.br\/wp-content\/uploads\/2018\/03\/blogqspencceja-2018-1.jpg","type":"image\/jpeg"}],"author":"Farn\u00e9sio","twitter_card":"summary_large_image","twitter_misc":{"Escrito por":"Farn\u00e9sio","Est. tempo de leitura":"4 minutos"},"schema":{"@context":"https:\/\/schema.org","@graph":[{"@type":"Article","@id":"https:\/\/blogdofarnesio.com.br\/?p=334689#article","isPartOf":{"@id":"https:\/\/blogdofarnesio.com.br\/?p=334689"},"author":{"name":"Farn\u00e9sio","@id":"https:\/\/blogdofarnesio.com.br\/#\/schema\/person\/bb9b23ae3ad0609ce8df7b6c9e76824d"},"headline":"Petrolina segue com matr\u00edculas abertas para Educa\u00e7\u00e3o de Jovens e Adultos","datePublished":"2023-03-07T13:04:43+00:00","mainEntityOfPage":{"@id":"https:\/\/blogdofarnesio.com.br\/?p=334689"},"wordCount":752,"commentCount":0,"publisher":{"@id":"https:\/\/blogdofarnesio.com.br\/#organization"},"image":{"@id":"https:\/\/blogdofarnesio.com.br\/?p=334689#primaryimage"},"thumbnailUrl":"https:\/\/blogdofarnesio.com.br\/wp-content\/uploads\/2018\/03\/blogqspencceja-2018-1.jpg","inLanguage":"pt-BR","potentialAction":[{"@type":"CommentAction","name":"Comment","target":["https:\/\/blogdofarnesio.com.br\/?p=334689#respond"]}]},{"@type":"WebPage","@id":"https:\/\/blogdofarnesio.com.br\/?p=334689","url":"https:\/\/blogdofarnesio.com.br\/?p=334689","name":"Petrolina segue com matr\u00edculas abertas para Educa\u00e7\u00e3o de Jovens e Adultos - Blog do Farn\u00e9sio","isPartOf":{"@id":"https:\/\/blogdofarnesio.com.br\/#website"},"primaryImageOfPage":{"@id":"https:\/\/blogdofarnesio.com.br\/?p=334689#primaryimage"},"image":{"@id":"https:\/\/blogdofarnesio.com.br\/?p=334689#primaryimage"},"thumbnailUrl":"https:\/\/blogdofarnesio.com.br\/wp-content\/uploads\/2018\/03\/blogqspencceja-2018-1.jpg","datePublished":"2023-03-07T13:04:43+00:00","breadcrumb":{"@id":"https:\/\/blogdofarnesio.com.br\/?p=334689#breadcrumb"},"inLanguage":"pt-BR","potentialAction":[{"@type":"ReadAction","target":["https:\/\/blogdofarnesio.com.br\/?p=334689"]}]},{"@type":"ImageObject","inLanguage":"pt-BR","@id":"https:\/\/blogdofarnesio.com.br\/?p=334689#primaryimage","url":"https:\/\/blogdofarnesio.com.br\/wp-content\/uploads\/2018\/03\/blogqspencceja-2018-1.jpg","contentUrl":"https:\/\/blogdofarnesio.com.br\/wp-content\/uploads\/2018\/03\/blogqspencceja-2018-1.jpg","width":615,"height":300},{"@type":"BreadcrumbList","@id":"https:\/\/blogdofarnesio.com.br\/?p=334689#breadcrumb","itemListElement":[{"@type":"ListItem","position":1,"name":"In\u00edcio","item":"https:\/\/blogdofarnesio.com.br\/"},{"@type":"ListItem","position":2,"name":"Petrolina segue com matr\u00edculas abertas para Educa\u00e7\u00e3o de Jovens e Adultos"}]},{"@type":"WebSite","@id":"https:\/\/blogdofarnesio.com.br\/#website","url":"https:\/\/blogdofarnesio.com.br\/","name":"Blog do Farn\u00e9sio","description":"Quer Saber Pol\u00edtica?","publisher":{"@id":"https:\/\/blogdofarnesio.com.br\/#organization"},"potentialAction":[{"@type":"SearchAction","target":{"@type":"EntryPoint","urlTemplate":"https:\/\/blogdofarnesio.com.br\/?s={search_term_string}"},"query-input":{"@type":"PropertyValueSpecification","valueRequired":true,"valueName":"search_term_string"}}],"inLanguage":"pt-BR"},{"@type":"Organization","@id":"https:\/\/blogdofarnesio.com.br\/#organization","name":"Blog do Farn\u00e9sio","url":"https:\/\/blogdofarnesio.com.br\/","logo":{"@type":"ImageObject","inLanguage":"pt-BR","@id":"https:\/\/blogdofarnesio.com.br\/#\/schema\/logo\/image\/","url":"https:\/\/blogdofarnesio.com.br\/wp-content\/uploads\/2026\/03\/cropped-logo_new-1.png","contentUrl":"https:\/\/blogdofarnesio.com.br\/wp-content\/uploads\/2026\/03\/cropped-logo_new-1.png","width":881,"height":685,"caption":"Blog do Farn\u00e9sio"},"image":{"@id":"https:\/\/blogdofarnesio.com.br\/#\/schema\/logo\/image\/"},"sameAs":["https:\/\/www.facebook.com\/BlogQuerSaberPolitica\/"]},{"@type":"Person","@id":"https:\/\/blogdofarnesio.com.br\/#\/schema\/person\/bb9b23ae3ad0609ce8df7b6c9e76824d","name":"Farn\u00e9sio","image":{"@type":"ImageObject","inLanguage":"pt-BR","@id":"https:\/\/secure.gravatar.com\/avatar\/986aa4c61ccdb66f8555bf88fc2a65609d00bcabd4d2d94377a727547345cbca?s=96&d=mm&r=g","url":"https:\/\/secure.gravatar.com\/avatar\/986aa4c61ccdb66f8555bf88fc2a65609d00bcabd4d2d94377a727547345cbca?s=96&d=mm&r=g","contentUrl":"https:\/\/secure.gravatar.com\/avatar\/986aa4c61ccdb66f8555bf88fc2a65609d00bcabd4d2d94377a727547345cbca?s=96&d=mm&r=g","caption":"Farn\u00e9sio"},"description":"Radialista blogueiro, chegou a Petrolina\/Juazeiro em setembro de 1980, Farn\u00e9sio Silva \u00e9 de Arapiraca-Alagoas.","sameAs":["http:\/\/blogdofarnesio.com.br","https:\/\/www.facebook.com\/?ref=tn_tnmn","https:\/\/www.instagram.com\/?utm_source=pwa_homescreen","https:\/\/youtube.com.br\/"],"url":"https:\/\/blogdofarnesio.com.br\/?author=2"}]}},"_links":{"self":[{"href":"https:\/\/blogdofarnesio.com.br\/index.php?rest_route=\/wp\/v2\/posts\/334689","targetHints":{"allow":["GET"]}}],"collection":[{"href":"https:\/\/blogdofarnesio.com.br\/index.php?rest_route=\/wp\/v2\/posts"}],"about":[{"href":"https:\/\/blogdofarnesio.com.br\/index.php?rest_route=\/wp\/v2\/types\/post"}],"author":[{"embeddable":true,"href":"https:\/\/blogdofarnesio.com.br\/index.php?rest_route=\/wp\/v2\/users\/2"}],"replies":[{"embeddable":true,"href":"https:\/\/blogdofarnesio.com.br\/index.php?rest_route=%2Fwp%2Fv2%2Fcomments&post=334689"}],"version-history":[{"count":0,"href":"https:\/\/blogdofarnesio.com.br\/index.php?rest_route=\/wp\/v2\/posts\/334689\/revisions"}],"wp:featuredmedia":[{"embeddable":true,"href":"https:\/\/blogdofarnesio.com.br\/index.php?rest_route=\/wp\/v2\/media\/193057"}],"wp:attachment":[{"href":"https:\/\/blogdofarnesio.com.br\/index.php?rest_route=%2Fwp%2Fv2%2Fmedia&parent=334689"}],"wp:term":[{"taxonomy":"category","embeddable":true,"href":"https:\/\/blogdofarnesio.com.br\/index.php?rest_route=%2Fwp%2Fv2%2Fcategories&post=334689"},{"taxonomy":"post_tag","embeddable":true,"href":"https:\/\/blogdofarnesio.com.br\/index.php?rest_route=%2Fwp%2Fv2%2Ftags&post=334689"}],"curies":[{"name":"wp","href":"https:\/\/api.w.org\/{rel}","templated":true}]}}