{"id":334672,"date":"2023-02-28T16:24:33","date_gmt":"2023-02-28T19:24:33","guid":{"rendered":"https:\/\/blogdofarnesio.com.br\/?p=334672"},"modified":"2023-02-28T15:59:03","modified_gmt":"2023-02-28T18:59:03","slug":"sesi-pe-abre-300-vagas-para-cursos-gratuitos-de-capacitacao-profissional-pela-internet","status":"publish","type":"post","link":"https:\/\/blogdofarnesio.com.br\/?p=334672","title":{"rendered":"SESI-PE abre 300 vagas para cursos gratuitos de capacita\u00e7\u00e3o profissional pela internet"},"content":{"rendered":"<p>Inscri\u00e7\u00f5es podem ser feitas pela internet at\u00e9 19 de mar\u00e7o ou as vagas serem preenchidas. Atividades oferecidas s\u00e3o: \u2018Comunica\u00e7\u00e3o no Foco Organizacional&#8217; e &#8216;Gest\u00e3o do Tempo\u2019<\/p>\n<p>Para quem pretende se qualificar profissionalmente para o mercado de trabalho, o SESI Pernambuco est\u00e1 oferecendo 300 vagas em cursos online gratuitos, sendo 150 para \u201cComunica\u00e7\u00e3o no Foco Organizacional\u201d e outras 150 para \u201cGest\u00e3o do Tempo\u201d. As inscri\u00e7\u00f5es estar\u00e3o abertas a partir desta quarta-feira (1\u00ba de mar\u00e7o) e v\u00e3o at\u00e9 o dia 19 ou at\u00e9 as vagas serem preenchidas. Os interessados nos cursos devem ter a partir de 16 anos, no\u00e7\u00f5es b\u00e1sicas de internet e acesso \u00e0 internet, al\u00e9m de e-mail. Ap\u00f3s a matr\u00edcula, os alunos ter\u00e3o at\u00e9 30 dias para estudar os conte\u00fados e concluir o curso.<\/p>\n<p>&nbsp;<\/p>\n<p>Com uma carga hor\u00e1ria de 20h, o curso \u201cComunica\u00e7\u00e3o no Foco Organizacional\u201d abordar\u00e1 conhecimentos b\u00e1sicos sobre o tema \u2018comunica\u00e7\u00e3o\u2019 no que diz respeito a demandas de trabalho e intera\u00e7\u00f5es com as pessoas dentro dos processos produtivos no ambiente laboral. O conte\u00fado contempla temas como O que \u00e9 comunica\u00e7\u00e3o e qual sua import\u00e2ncia; Aspectos que envolvem a comunica\u00e7\u00e3o; Fatores implicados na comunica\u00e7\u00e3o; Comunica\u00e7\u00e3o e as suas formas de abordagem; Gest\u00e3o e comunica\u00e7\u00e3o; Rela\u00e7\u00f5es entre comunica\u00e7\u00e3o, trabalho e aprendizagem; As teorias da comunica\u00e7\u00e3o nas organiza\u00e7\u00f5es; e Comunica\u00e7\u00e3o com excel\u00eancia.<\/p>\n<p>&nbsp;<\/p>\n<p>Em \u201cGest\u00e3o do Tempo\u201d, cuja carga hor\u00e1ria \u00e9 de 8h, os alunos poder\u00e3o compreender a import\u00e2ncia da organiza\u00e7\u00e3o e do planejamento como estrat\u00e9gia para alcan\u00e7ar maior produtividade e efici\u00eancia no seu ambiente de trabalho. Os temas abordados ser\u00e3o O tempo e seu impacto nas organiza\u00e7\u00f5es; A quest\u00e3o do tempo na contemporaneidade; Administrando o tempo; Quantidade X Qualidade; Desafios da gest\u00e3o do tempo nos \u00e2mbitos pessoal e profissional; Como fazer uma boa gest\u00e3o do tempo?; e Administra\u00e7\u00e3o do tempo e estabelecimento de prioridades.<\/p>\n<p>&nbsp;<\/p>\n<p>Depois de concluir o curso, os estudantes t\u00eam que realizar uma avalia\u00e7\u00e3o na plataforma educacional e, ao atingir 70 pontos ou mais no exame, receber\u00e3o o Certificado de Conclus\u00e3o. Para tirar d\u00favidas ou obter outras informa\u00e7\u00f5es, basta entrar em contato pelo WhatsApp (81) 98151-8375 ou pelo e-mail\u00a0<a href=\"mailto:educacao.distancia@pe.sesi.org.br\" target=\"_blank\" rel=\"noopener\">educacao.distancia@pe.sesi.<wbr \/>org.br<\/a>.<\/p>\n<p>&nbsp;<\/p>\n<p><b>Sistema FIEPE<\/b>\u00a0&#8211; Mantido pelo setor industrial, atua no desenvolvimento de solu\u00e7\u00f5es para trazer ainda mais competitividade ao segmento. Al\u00e9m do SESI \u2013 que proporciona servi\u00e7os de sa\u00fade e educa\u00e7\u00e3o b\u00e1sica para os industri\u00e1rios, familiares e comunidade geral \u2013 conta ainda com a FIEPE, o SENAI e o IEL. A Federa\u00e7\u00e3o realiza a defesa de interesse do setor produtivo e contribui com o processo de internacionaliza\u00e7\u00e3o das ind\u00fastrias. Com o SENAI-PE, al\u00e9m de forma\u00e7\u00e3o profissional, s\u00e3o oferecidos os servi\u00e7os de metrologia e ensaios, consultorias e inova\u00e7\u00e3o. O IEL-PE foca na carreira profissional dos trabalhadores, desde a sele\u00e7\u00e3o de estagi\u00e1rios e profissionais, at\u00e9 a capacita\u00e7\u00e3o deles realizada pela sua Escola de Neg\u00f3cios.<\/p>\n","protected":false},"excerpt":{"rendered":"<p>Inscri\u00e7\u00f5es podem ser feitas pela internet at\u00e9 19 de mar\u00e7o ou as vagas serem preenchidas. Atividades oferecidas s\u00e3o: \u2018Comunica\u00e7\u00e3o no Foco Organizacional&#8217; e &#8216;Gest\u00e3o do Tempo\u2019 Para quem pretende se qualificar profissionalmente para o mercado de trabalho, o SESI Pernambuco est\u00e1 oferecendo 300 vagas em cursos online gratuitos, sendo 150 para \u201cComunica\u00e7\u00e3o no Foco Organizacional\u201d e outras 150 para \u201cGest\u00e3o do Tempo\u201d. As inscri\u00e7\u00f5es estar\u00e3o abertas a partir desta quarta-feira (1\u00ba de mar\u00e7o) e v\u00e3o at\u00e9 o dia 19 ou at\u00e9 as vagas serem preenchidas. Os interessados nos cursos devem ter a partir de 16 anos, no\u00e7\u00f5es b\u00e1sicas de internet e acesso \u00e0 internet, al\u00e9m de e-mail. Ap\u00f3s a matr\u00edcula, os alunos ter\u00e3o at\u00e9 30 dias para estudar os conte\u00fados&hellip; <\/p>\n","protected":false},"author":2,"featured_media":79495,"comment_status":"open","ping_status":"open","sticky":false,"template":"","format":"standard","meta":{"_acf_changed":false,"footnotes":""},"categories":[43],"tags":[],"class_list":["post-334672","post","type-post","status-publish","format-standard","has-post-thumbnail","hentry","category-sem-categoria"],"acf":[],"yoast_head":"<!-- This site is optimized with the Yoast SEO plugin v27.4 - https:\/\/yoast.com\/product\/yoast-seo-wordpress\/ -->\n<title>SESI-PE abre 300 vagas para cursos gratuitos de capacita\u00e7\u00e3o profissional pela internet - Blog do Farn\u00e9sio<\/title>\n<meta name=\"robots\" content=\"index, follow, max-snippet:-1, max-image-preview:large, max-video-preview:-1\" \/>\n<link rel=\"canonical\" href=\"https:\/\/blogdofarnesio.com.br\/?p=334672\" \/>\n<meta property=\"og:locale\" content=\"pt_BR\" \/>\n<meta property=\"og:type\" content=\"article\" \/>\n<meta property=\"og:title\" content=\"SESI-PE abre 300 vagas para cursos gratuitos de capacita\u00e7\u00e3o profissional pela internet - Blog do Farn\u00e9sio\" \/>\n<meta property=\"og:description\" content=\"Inscri\u00e7\u00f5es podem ser feitas pela internet at\u00e9 19 de mar\u00e7o ou as vagas serem preenchidas. Atividades oferecidas s\u00e3o: \u2018Comunica\u00e7\u00e3o no Foco Organizacional&#8217; e &#8216;Gest\u00e3o do Tempo\u2019 Para quem pretende se qualificar profissionalmente para o mercado de trabalho, o SESI Pernambuco est\u00e1 oferecendo 300 vagas em cursos online gratuitos, sendo 150 para \u201cComunica\u00e7\u00e3o no Foco Organizacional\u201d e outras 150 para \u201cGest\u00e3o do Tempo\u201d. As inscri\u00e7\u00f5es estar\u00e3o abertas a partir desta quarta-feira (1\u00ba de mar\u00e7o) e v\u00e3o at\u00e9 o dia 19 ou at\u00e9 as vagas serem preenchidas. Os interessados nos cursos devem ter a partir de 16 anos, no\u00e7\u00f5es b\u00e1sicas de internet e acesso \u00e0 internet, al\u00e9m de e-mail. Ap\u00f3s a matr\u00edcula, os alunos ter\u00e3o at\u00e9 30 dias para estudar os conte\u00fados&hellip;\" \/>\n<meta property=\"og:url\" content=\"https:\/\/blogdofarnesio.com.br\/?p=334672\" \/>\n<meta property=\"og:site_name\" content=\"Blog do Farn\u00e9sio\" \/>\n<meta property=\"article:publisher\" content=\"https:\/\/www.facebook.com\/BlogQuerSaberPolitica\/\" \/>\n<meta property=\"article:author\" content=\"https:\/\/www.facebook.com\/?ref=tn_tnmn\" \/>\n<meta property=\"article:published_time\" content=\"2023-02-28T19:24:33+00:00\" \/>\n<meta property=\"og:image\" content=\"https:\/\/blogdofarnesio.com.br\/wp-content\/uploads\/2014\/04\/blogqsp_sesi.jpeg\" \/>\n\t<meta property=\"og:image:width\" content=\"262\" \/>\n\t<meta property=\"og:image:height\" content=\"192\" \/>\n\t<meta property=\"og:image:type\" content=\"image\/jpeg\" \/>\n<meta name=\"author\" content=\"Farn\u00e9sio\" \/>\n<meta name=\"twitter:card\" content=\"summary_large_image\" \/>\n<meta name=\"twitter:label1\" content=\"Escrito por\" \/>\n\t<meta name=\"twitter:data1\" content=\"Farn\u00e9sio\" \/>\n\t<meta name=\"twitter:label2\" content=\"Est. tempo de leitura\" \/>\n\t<meta name=\"twitter:data2\" content=\"3 minutos\" \/>\n<script type=\"application\/ld+json\" class=\"yoast-schema-graph\">{\"@context\":\"https:\\\/\\\/schema.org\",\"@graph\":[{\"@type\":\"Article\",\"@id\":\"https:\\\/\\\/blogdofarnesio.com.br\\\/?p=334672#article\",\"isPartOf\":{\"@id\":\"https:\\\/\\\/blogdofarnesio.com.br\\\/?p=334672\"},\"author\":{\"name\":\"Farn\u00e9sio\",\"@id\":\"https:\\\/\\\/blogdofarnesio.com.br\\\/#\\\/schema\\\/person\\\/bb9b23ae3ad0609ce8df7b6c9e76824d\"},\"headline\":\"SESI-PE abre 300 vagas para cursos gratuitos de capacita\u00e7\u00e3o profissional pela internet\",\"datePublished\":\"2023-02-28T19:24:33+00:00\",\"mainEntityOfPage\":{\"@id\":\"https:\\\/\\\/blogdofarnesio.com.br\\\/?p=334672\"},\"wordCount\":534,\"commentCount\":0,\"publisher\":{\"@id\":\"https:\\\/\\\/blogdofarnesio.com.br\\\/#organization\"},\"image\":{\"@id\":\"https:\\\/\\\/blogdofarnesio.com.br\\\/?p=334672#primaryimage\"},\"thumbnailUrl\":\"https:\\\/\\\/blogdofarnesio.com.br\\\/wp-content\\\/uploads\\\/2014\\\/04\\\/blogqsp_sesi.jpeg\",\"inLanguage\":\"pt-BR\",\"potentialAction\":[{\"@type\":\"CommentAction\",\"name\":\"Comment\",\"target\":[\"https:\\\/\\\/blogdofarnesio.com.br\\\/?p=334672#respond\"]}]},{\"@type\":\"WebPage\",\"@id\":\"https:\\\/\\\/blogdofarnesio.com.br\\\/?p=334672\",\"url\":\"https:\\\/\\\/blogdofarnesio.com.br\\\/?p=334672\",\"name\":\"SESI-PE abre 300 vagas para cursos gratuitos de capacita\u00e7\u00e3o profissional pela internet - Blog do Farn\u00e9sio\",\"isPartOf\":{\"@id\":\"https:\\\/\\\/blogdofarnesio.com.br\\\/#website\"},\"primaryImageOfPage\":{\"@id\":\"https:\\\/\\\/blogdofarnesio.com.br\\\/?p=334672#primaryimage\"},\"image\":{\"@id\":\"https:\\\/\\\/blogdofarnesio.com.br\\\/?p=334672#primaryimage\"},\"thumbnailUrl\":\"https:\\\/\\\/blogdofarnesio.com.br\\\/wp-content\\\/uploads\\\/2014\\\/04\\\/blogqsp_sesi.jpeg\",\"datePublished\":\"2023-02-28T19:24:33+00:00\",\"breadcrumb\":{\"@id\":\"https:\\\/\\\/blogdofarnesio.com.br\\\/?p=334672#breadcrumb\"},\"inLanguage\":\"pt-BR\",\"potentialAction\":[{\"@type\":\"ReadAction\",\"target\":[\"https:\\\/\\\/blogdofarnesio.com.br\\\/?p=334672\"]}]},{\"@type\":\"ImageObject\",\"inLanguage\":\"pt-BR\",\"@id\":\"https:\\\/\\\/blogdofarnesio.com.br\\\/?p=334672#primaryimage\",\"url\":\"https:\\\/\\\/blogdofarnesio.com.br\\\/wp-content\\\/uploads\\\/2014\\\/04\\\/blogqsp_sesi.jpeg\",\"contentUrl\":\"https:\\\/\\\/blogdofarnesio.com.br\\\/wp-content\\\/uploads\\\/2014\\\/04\\\/blogqsp_sesi.jpeg\",\"width\":262,\"height\":192},{\"@type\":\"BreadcrumbList\",\"@id\":\"https:\\\/\\\/blogdofarnesio.com.br\\\/?p=334672#breadcrumb\",\"itemListElement\":[{\"@type\":\"ListItem\",\"position\":1,\"name\":\"In\u00edcio\",\"item\":\"https:\\\/\\\/blogdofarnesio.com.br\\\/\"},{\"@type\":\"ListItem\",\"position\":2,\"name\":\"SESI-PE abre 300 vagas para cursos gratuitos de capacita\u00e7\u00e3o profissional pela internet\"}]},{\"@type\":\"WebSite\",\"@id\":\"https:\\\/\\\/blogdofarnesio.com.br\\\/#website\",\"url\":\"https:\\\/\\\/blogdofarnesio.com.br\\\/\",\"name\":\"Blog do Farn\u00e9sio\",\"description\":\"Quer Saber Pol\u00edtica?\",\"publisher\":{\"@id\":\"https:\\\/\\\/blogdofarnesio.com.br\\\/#organization\"},\"potentialAction\":[{\"@type\":\"SearchAction\",\"target\":{\"@type\":\"EntryPoint\",\"urlTemplate\":\"https:\\\/\\\/blogdofarnesio.com.br\\\/?s={search_term_string}\"},\"query-input\":{\"@type\":\"PropertyValueSpecification\",\"valueRequired\":true,\"valueName\":\"search_term_string\"}}],\"inLanguage\":\"pt-BR\"},{\"@type\":\"Organization\",\"@id\":\"https:\\\/\\\/blogdofarnesio.com.br\\\/#organization\",\"name\":\"Blog do Farn\u00e9sio\",\"url\":\"https:\\\/\\\/blogdofarnesio.com.br\\\/\",\"logo\":{\"@type\":\"ImageObject\",\"inLanguage\":\"pt-BR\",\"@id\":\"https:\\\/\\\/blogdofarnesio.com.br\\\/#\\\/schema\\\/logo\\\/image\\\/\",\"url\":\"https:\\\/\\\/blogdofarnesio.com.br\\\/wp-content\\\/uploads\\\/2026\\\/03\\\/cropped-logo_new-1.png\",\"contentUrl\":\"https:\\\/\\\/blogdofarnesio.com.br\\\/wp-content\\\/uploads\\\/2026\\\/03\\\/cropped-logo_new-1.png\",\"width\":881,\"height\":685,\"caption\":\"Blog do Farn\u00e9sio\"},\"image\":{\"@id\":\"https:\\\/\\\/blogdofarnesio.com.br\\\/#\\\/schema\\\/logo\\\/image\\\/\"},\"sameAs\":[\"https:\\\/\\\/www.facebook.com\\\/BlogQuerSaberPolitica\\\/\"]},{\"@type\":\"Person\",\"@id\":\"https:\\\/\\\/blogdofarnesio.com.br\\\/#\\\/schema\\\/person\\\/bb9b23ae3ad0609ce8df7b6c9e76824d\",\"name\":\"Farn\u00e9sio\",\"image\":{\"@type\":\"ImageObject\",\"inLanguage\":\"pt-BR\",\"@id\":\"https:\\\/\\\/secure.gravatar.com\\\/avatar\\\/986aa4c61ccdb66f8555bf88fc2a65609d00bcabd4d2d94377a727547345cbca?s=96&d=mm&r=g\",\"url\":\"https:\\\/\\\/secure.gravatar.com\\\/avatar\\\/986aa4c61ccdb66f8555bf88fc2a65609d00bcabd4d2d94377a727547345cbca?s=96&d=mm&r=g\",\"contentUrl\":\"https:\\\/\\\/secure.gravatar.com\\\/avatar\\\/986aa4c61ccdb66f8555bf88fc2a65609d00bcabd4d2d94377a727547345cbca?s=96&d=mm&r=g\",\"caption\":\"Farn\u00e9sio\"},\"description\":\"Radialista blogueiro, chegou a Petrolina\\\/Juazeiro em setembro de 1980, Farn\u00e9sio Silva \u00e9 de Arapiraca-Alagoas.\",\"sameAs\":[\"http:\\\/\\\/blogdofarnesio.com.br\",\"https:\\\/\\\/www.facebook.com\\\/?ref=tn_tnmn\",\"https:\\\/\\\/www.instagram.com\\\/?utm_source=pwa_homescreen\",\"https:\\\/\\\/youtube.com.br\\\/\"],\"url\":\"https:\\\/\\\/blogdofarnesio.com.br\\\/?author=2\"}]}<\/script>\n<!-- \/ Yoast SEO plugin. -->","yoast_head_json":{"title":"SESI-PE abre 300 vagas para cursos gratuitos de capacita\u00e7\u00e3o profissional pela internet - Blog do Farn\u00e9sio","robots":{"index":"index","follow":"follow","max-snippet":"max-snippet:-1","max-image-preview":"max-image-preview:large","max-video-preview":"max-video-preview:-1"},"canonical":"https:\/\/blogdofarnesio.com.br\/?p=334672","og_locale":"pt_BR","og_type":"article","og_title":"SESI-PE abre 300 vagas para cursos gratuitos de capacita\u00e7\u00e3o profissional pela internet - Blog do Farn\u00e9sio","og_description":"Inscri\u00e7\u00f5es podem ser feitas pela internet at\u00e9 19 de mar\u00e7o ou as vagas serem preenchidas. Atividades oferecidas s\u00e3o: \u2018Comunica\u00e7\u00e3o no Foco Organizacional&#8217; e &#8216;Gest\u00e3o do Tempo\u2019 Para quem pretende se qualificar profissionalmente para o mercado de trabalho, o SESI Pernambuco est\u00e1 oferecendo 300 vagas em cursos online gratuitos, sendo 150 para \u201cComunica\u00e7\u00e3o no Foco Organizacional\u201d e outras 150 para \u201cGest\u00e3o do Tempo\u201d. As inscri\u00e7\u00f5es estar\u00e3o abertas a partir desta quarta-feira (1\u00ba de mar\u00e7o) e v\u00e3o at\u00e9 o dia 19 ou at\u00e9 as vagas serem preenchidas. Os interessados nos cursos devem ter a partir de 16 anos, no\u00e7\u00f5es b\u00e1sicas de internet e acesso \u00e0 internet, al\u00e9m de e-mail. Ap\u00f3s a matr\u00edcula, os alunos ter\u00e3o at\u00e9 30 dias para estudar os conte\u00fados&hellip;","og_url":"https:\/\/blogdofarnesio.com.br\/?p=334672","og_site_name":"Blog do Farn\u00e9sio","article_publisher":"https:\/\/www.facebook.com\/BlogQuerSaberPolitica\/","article_author":"https:\/\/www.facebook.com\/?ref=tn_tnmn","article_published_time":"2023-02-28T19:24:33+00:00","og_image":[{"width":262,"height":192,"url":"https:\/\/blogdofarnesio.com.br\/wp-content\/uploads\/2014\/04\/blogqsp_sesi.jpeg","type":"image\/jpeg"}],"author":"Farn\u00e9sio","twitter_card":"summary_large_image","twitter_misc":{"Escrito por":"Farn\u00e9sio","Est. tempo de leitura":"3 minutos"},"schema":{"@context":"https:\/\/schema.org","@graph":[{"@type":"Article","@id":"https:\/\/blogdofarnesio.com.br\/?p=334672#article","isPartOf":{"@id":"https:\/\/blogdofarnesio.com.br\/?p=334672"},"author":{"name":"Farn\u00e9sio","@id":"https:\/\/blogdofarnesio.com.br\/#\/schema\/person\/bb9b23ae3ad0609ce8df7b6c9e76824d"},"headline":"SESI-PE abre 300 vagas para cursos gratuitos de capacita\u00e7\u00e3o profissional pela internet","datePublished":"2023-02-28T19:24:33+00:00","mainEntityOfPage":{"@id":"https:\/\/blogdofarnesio.com.br\/?p=334672"},"wordCount":534,"commentCount":0,"publisher":{"@id":"https:\/\/blogdofarnesio.com.br\/#organization"},"image":{"@id":"https:\/\/blogdofarnesio.com.br\/?p=334672#primaryimage"},"thumbnailUrl":"https:\/\/blogdofarnesio.com.br\/wp-content\/uploads\/2014\/04\/blogqsp_sesi.jpeg","inLanguage":"pt-BR","potentialAction":[{"@type":"CommentAction","name":"Comment","target":["https:\/\/blogdofarnesio.com.br\/?p=334672#respond"]}]},{"@type":"WebPage","@id":"https:\/\/blogdofarnesio.com.br\/?p=334672","url":"https:\/\/blogdofarnesio.com.br\/?p=334672","name":"SESI-PE abre 300 vagas para cursos gratuitos de capacita\u00e7\u00e3o profissional pela internet - Blog do Farn\u00e9sio","isPartOf":{"@id":"https:\/\/blogdofarnesio.com.br\/#website"},"primaryImageOfPage":{"@id":"https:\/\/blogdofarnesio.com.br\/?p=334672#primaryimage"},"image":{"@id":"https:\/\/blogdofarnesio.com.br\/?p=334672#primaryimage"},"thumbnailUrl":"https:\/\/blogdofarnesio.com.br\/wp-content\/uploads\/2014\/04\/blogqsp_sesi.jpeg","datePublished":"2023-02-28T19:24:33+00:00","breadcrumb":{"@id":"https:\/\/blogdofarnesio.com.br\/?p=334672#breadcrumb"},"inLanguage":"pt-BR","potentialAction":[{"@type":"ReadAction","target":["https:\/\/blogdofarnesio.com.br\/?p=334672"]}]},{"@type":"ImageObject","inLanguage":"pt-BR","@id":"https:\/\/blogdofarnesio.com.br\/?p=334672#primaryimage","url":"https:\/\/blogdofarnesio.com.br\/wp-content\/uploads\/2014\/04\/blogqsp_sesi.jpeg","contentUrl":"https:\/\/blogdofarnesio.com.br\/wp-content\/uploads\/2014\/04\/blogqsp_sesi.jpeg","width":262,"height":192},{"@type":"BreadcrumbList","@id":"https:\/\/blogdofarnesio.com.br\/?p=334672#breadcrumb","itemListElement":[{"@type":"ListItem","position":1,"name":"In\u00edcio","item":"https:\/\/blogdofarnesio.com.br\/"},{"@type":"ListItem","position":2,"name":"SESI-PE abre 300 vagas para cursos gratuitos de capacita\u00e7\u00e3o profissional pela internet"}]},{"@type":"WebSite","@id":"https:\/\/blogdofarnesio.com.br\/#website","url":"https:\/\/blogdofarnesio.com.br\/","name":"Blog do Farn\u00e9sio","description":"Quer Saber Pol\u00edtica?","publisher":{"@id":"https:\/\/blogdofarnesio.com.br\/#organization"},"potentialAction":[{"@type":"SearchAction","target":{"@type":"EntryPoint","urlTemplate":"https:\/\/blogdofarnesio.com.br\/?s={search_term_string}"},"query-input":{"@type":"PropertyValueSpecification","valueRequired":true,"valueName":"search_term_string"}}],"inLanguage":"pt-BR"},{"@type":"Organization","@id":"https:\/\/blogdofarnesio.com.br\/#organization","name":"Blog do Farn\u00e9sio","url":"https:\/\/blogdofarnesio.com.br\/","logo":{"@type":"ImageObject","inLanguage":"pt-BR","@id":"https:\/\/blogdofarnesio.com.br\/#\/schema\/logo\/image\/","url":"https:\/\/blogdofarnesio.com.br\/wp-content\/uploads\/2026\/03\/cropped-logo_new-1.png","contentUrl":"https:\/\/blogdofarnesio.com.br\/wp-content\/uploads\/2026\/03\/cropped-logo_new-1.png","width":881,"height":685,"caption":"Blog do Farn\u00e9sio"},"image":{"@id":"https:\/\/blogdofarnesio.com.br\/#\/schema\/logo\/image\/"},"sameAs":["https:\/\/www.facebook.com\/BlogQuerSaberPolitica\/"]},{"@type":"Person","@id":"https:\/\/blogdofarnesio.com.br\/#\/schema\/person\/bb9b23ae3ad0609ce8df7b6c9e76824d","name":"Farn\u00e9sio","image":{"@type":"ImageObject","inLanguage":"pt-BR","@id":"https:\/\/secure.gravatar.com\/avatar\/986aa4c61ccdb66f8555bf88fc2a65609d00bcabd4d2d94377a727547345cbca?s=96&d=mm&r=g","url":"https:\/\/secure.gravatar.com\/avatar\/986aa4c61ccdb66f8555bf88fc2a65609d00bcabd4d2d94377a727547345cbca?s=96&d=mm&r=g","contentUrl":"https:\/\/secure.gravatar.com\/avatar\/986aa4c61ccdb66f8555bf88fc2a65609d00bcabd4d2d94377a727547345cbca?s=96&d=mm&r=g","caption":"Farn\u00e9sio"},"description":"Radialista blogueiro, chegou a Petrolina\/Juazeiro em setembro de 1980, Farn\u00e9sio Silva \u00e9 de Arapiraca-Alagoas.","sameAs":["http:\/\/blogdofarnesio.com.br","https:\/\/www.facebook.com\/?ref=tn_tnmn","https:\/\/www.instagram.com\/?utm_source=pwa_homescreen","https:\/\/youtube.com.br\/"],"url":"https:\/\/blogdofarnesio.com.br\/?author=2"}]}},"_links":{"self":[{"href":"https:\/\/blogdofarnesio.com.br\/index.php?rest_route=\/wp\/v2\/posts\/334672","targetHints":{"allow":["GET"]}}],"collection":[{"href":"https:\/\/blogdofarnesio.com.br\/index.php?rest_route=\/wp\/v2\/posts"}],"about":[{"href":"https:\/\/blogdofarnesio.com.br\/index.php?rest_route=\/wp\/v2\/types\/post"}],"author":[{"embeddable":true,"href":"https:\/\/blogdofarnesio.com.br\/index.php?rest_route=\/wp\/v2\/users\/2"}],"replies":[{"embeddable":true,"href":"https:\/\/blogdofarnesio.com.br\/index.php?rest_route=%2Fwp%2Fv2%2Fcomments&post=334672"}],"version-history":[{"count":0,"href":"https:\/\/blogdofarnesio.com.br\/index.php?rest_route=\/wp\/v2\/posts\/334672\/revisions"}],"wp:featuredmedia":[{"embeddable":true,"href":"https:\/\/blogdofarnesio.com.br\/index.php?rest_route=\/wp\/v2\/media\/79495"}],"wp:attachment":[{"href":"https:\/\/blogdofarnesio.com.br\/index.php?rest_route=%2Fwp%2Fv2%2Fmedia&parent=334672"}],"wp:term":[{"taxonomy":"category","embeddable":true,"href":"https:\/\/blogdofarnesio.com.br\/index.php?rest_route=%2Fwp%2Fv2%2Fcategories&post=334672"},{"taxonomy":"post_tag","embeddable":true,"href":"https:\/\/blogdofarnesio.com.br\/index.php?rest_route=%2Fwp%2Fv2%2Ftags&post=334672"}],"curies":[{"name":"wp","href":"https:\/\/api.w.org\/{rel}","templated":true}]}}