{"id":334628,"date":"2023-02-28T11:24:23","date_gmt":"2023-02-28T14:24:23","guid":{"rendered":"https:\/\/blogdofarnesio.com.br\/?p=334628"},"modified":"2023-02-28T08:53:27","modified_gmt":"2023-02-28T11:53:27","slug":"inscricoes-para-o-prouni-2023-comecaram-nesta-terca-28","status":"publish","type":"post","link":"https:\/\/blogdofarnesio.com.br\/?p=334628","title":{"rendered":"Inscri\u00e7\u00f5es para o ProUni 2023 come\u00e7aram nesta ter\u00e7a, 28"},"content":{"rendered":"<p><i><span style=\"font-family: verdana, sans-serif;\">As inscri\u00e7\u00f5es s\u00e3o gratuitas e devem ser feitas pelo Portal Acesso \u00danico, do MEC, <\/span><\/i><i>at\u00e9 3 de mar\u00e7o<\/i><i><span style=\"font-family: verdana, sans-serif;\">. Em Pernambuco, Unit-PE e FITS v\u00e3o oferecer mais de 150 bolsas de <\/span><\/i><i><span style=\"font-family: verdana, sans-serif;\">estudo pelo programa, envolvendo Recife e Goiana, na Zona da Mata Norte do Estado<\/span><\/i><\/p>\n<p><span style=\"font-family: verdana, sans-serif;\">Come\u00e7am nesta ter\u00e7a-feira, 28 de fevereiro, as inscri\u00e7\u00f5es para o processo seletivo do Programa Universidade para Todos (ProUni), relativo ao primeiro semestre de 2023. O programa seleciona alunos para bolsas de estudo integrais e parciais em institui\u00e7\u00f5es particulares de ensino superior. As inscri\u00e7\u00f5es s\u00e3o gratuitas e devem ser feitas exclusivamente pelo Portal Acesso \u00danico, do Minist\u00e9rio da Educa\u00e7\u00e3o (<a href=\"https:\/\/acessounico.mec.gov.br\/\" target=\"_blank\" rel=\"noopener\" data-saferedirecturl=\"https:\/\/www.google.com\/url?q=https:\/\/acessounico.mec.gov.br&amp;source=gmail&amp;ust=1677670668594000&amp;usg=AOvVaw0_Em3z9R6CJad0Yu614nzw\">https:\/\/acessounico.mec.gov.<wbr \/>br<\/a>).\u00a0<\/span><\/p>\n<p><span style=\"font-family: verdana, sans-serif;\">Em Pernambuco, duas institui\u00e7\u00f5es de ensino superior v\u00e3o conceder 169 bolsas de estudo por meio do Programa Universidade para Todos (ProUni). Uma delas \u00e9 a <b>Faculdade Tiradentes de Goiana (Fits Goiana)<\/b>, na Zona da Mata Norte, que oferece cinco bolsas integrais para o curso de Medicina.\u00a0<\/span><\/p>\n<p><span style=\"font-family: verdana, sans-serif;\">A outra \u00e9 o <b>Centro Universit\u00e1rio Tiradentes (Unit-PE)<\/b>, que disponibiliza 164 vagas no Campus Recife. Os cursos dispon\u00edveis dentro do ProUni, para este primeiro semestre, s\u00e3o os de Direito, Enfermagem, An\u00e1lise e Desenvolvimento de Sistemas (ADS), Administra\u00e7\u00e3o, Ci\u00eancia da Computa\u00e7\u00e3o, Est\u00e9tica e Cosm\u00e9tica, Fisioterapia, Nutri\u00e7\u00e3o, Odontologia e Psicologia.<\/span><\/p>\n<p><span style=\"font-family: verdana, sans-serif;\"><b>Quem pode concorrer<\/b><\/span><\/p>\n<p><span style=\"font-family: verdana, sans-serif;\">Podem participar os estudantes que fizeram o Exame Nacional do Ensino M\u00e9dio (Enem) em 2021 e\/ou em 2022, desde que tenham tirado nota acima de 450 pontos e que n\u00e3o tenham levado zero na prova de reda\u00e7\u00e3o. Eles tamb\u00e9m ter\u00e3o que comprovar ter renda familiar bruta mensal de at\u00e9 R$ 1.953,00 por pessoa (para as bolsas integrais) ou de at\u00e9 R$ 3.906,00 (para as bolsas parciais).\u00a0<\/span><span style=\"font-family: verdana, sans-serif;\">\u00a0<\/span><\/p>\n<p><span style=\"font-family: verdana, sans-serif;\"><b>Inscri\u00e7\u00f5es<\/b><\/span><\/p>\n<p><span style=\"font-family: verdana, sans-serif;\">As inscri\u00e7\u00f5es come\u00e7am nesta ter\u00e7a, dia 28 de fevereiro, e v\u00e3o at\u00e9 3 de mar\u00e7o, pelo Portal Acesso \u00danico, do MEC (<a href=\"https:\/\/acessounico.mec.gov.br\/\" target=\"_blank\" rel=\"noopener\" data-saferedirecturl=\"https:\/\/www.google.com\/url?q=https:\/\/acessounico.mec.gov.br&amp;source=gmail&amp;ust=1677670668594000&amp;usg=AOvVaw0_Em3z9R6CJad0Yu614nzw\">https:\/\/acessounico.mec.gov.<wbr \/>br<\/a>). Durante os dias de inscri\u00e7\u00e3o no ProUni, equipes presenciais estar\u00e3o de plant\u00e3o no Campus Unit Recife, na Imbiribeira, e na sede da FITS, em Goiana, orientando e esclarecendo d\u00favidas dos candidatos sobre documentos e procedimentos.\u00a0<\/span><\/p>\n<p><span style=\"font-family: verdana, sans-serif;\">\u00a0<\/span><\/p>\n<p><span style=\"font-family: verdana, sans-serif;\">Ap\u00f3s entrar no sistema e preencher as informa\u00e7\u00f5es solicitadas, o interessado deve escolher, em ordem de prefer\u00eancia, at\u00e9 duas op\u00e7\u00f5es de institui\u00e7\u00e3o, curso e turno dentre as bolsas dispon\u00edveis, de acordo com seu perfil &#8211; e que podem ser alteradas at\u00e9 o \u00faltimo dia das inscri\u00e7\u00f5es. Alunos com defici\u00eancia e os que se autodeclaram pretos, pardos ou ind\u00edgenas podem concorrer dentro do sistema de cotas.<\/span><\/p>\n<p><i><b>Orienta\u00e7\u00e3o para inscri\u00e7\u00e3o:<\/b>\u00a0haver\u00e1 equipe de plant\u00e3o na UNIT-PE e FITS Goiana<\/i><\/p>\n<p><span style=\"font-family: verdana, sans-serif;\"><b>Resultado<\/b><\/span><\/p>\n<p><span style=\"font-family: verdana, sans-serif;\">O resultado da primeira chamada sai em 7 de mar\u00e7o e o da segunda est\u00e1 previsto para o dia 21. Outras informa\u00e7\u00f5es pelos sites<a href=\"https:\/\/www.unit.br\/prouni\" target=\"_blank\" rel=\"noopener\" data-saferedirecturl=\"https:\/\/www.google.com\/url?q=https:\/\/www.unit.br\/prouni&amp;source=gmail&amp;ust=1677670668594000&amp;usg=AOvVaw3jE077YdwK9wmlmlZmuEsh\"> https:\/\/www.unit.br\/prouni<\/a> e<a href=\"https:\/\/www.fslf.edu.br\/prouni\" target=\"_blank\" rel=\"noopener\" data-saferedirecturl=\"https:\/\/www.google.com\/url?q=https:\/\/www.fslf.edu.br\/prouni&amp;source=gmail&amp;ust=1677670668594000&amp;usg=AOvVaw3TcW0Bi2mgYjj458sXEier\"> https:\/\/www.fslf.edu.br\/prouni<\/a> ou ainda pela Central de Atendimento (0800-729-2100). Ao todo, segundo o Minist\u00e9rio da Educa\u00e7\u00e3o (MEC), o ProUni vai ofertar neste primeiro semestre de 2023 um total de 288.112 bolsas, sendo 209.758 integrais e 78.354 parciais, em 14.346 cursos de gradua\u00e7\u00e3o de 995 faculdades e universidades particulares de todo o Brasil. <\/span><\/p>\n","protected":false},"excerpt":{"rendered":"<p>As inscri\u00e7\u00f5es s\u00e3o gratuitas e devem ser feitas pelo Portal Acesso \u00danico, do MEC, at\u00e9 3 de mar\u00e7o. Em Pernambuco, Unit-PE e FITS v\u00e3o oferecer mais de 150 bolsas de estudo pelo programa, envolvendo Recife e Goiana, na Zona da Mata Norte do Estado Come\u00e7am nesta ter\u00e7a-feira, 28 de fevereiro, as inscri\u00e7\u00f5es para o processo seletivo do Programa Universidade para Todos (ProUni), relativo ao primeiro semestre de 2023. O programa seleciona alunos para bolsas de estudo integrais e parciais em institui\u00e7\u00f5es particulares de ensino superior. As inscri\u00e7\u00f5es s\u00e3o gratuitas e devem ser feitas exclusivamente pelo Portal Acesso \u00danico, do Minist\u00e9rio da Educa\u00e7\u00e3o (https:\/\/acessounico.mec.gov.br).\u00a0 Em Pernambuco, duas institui\u00e7\u00f5es de ensino superior v\u00e3o conceder 169 bolsas de estudo por meio do Programa&hellip; <\/p>\n","protected":false},"author":2,"featured_media":334629,"comment_status":"open","ping_status":"open","sticky":false,"template":"","format":"standard","meta":{"_acf_changed":false,"footnotes":""},"categories":[6],"tags":[],"class_list":["post-334628","post","type-post","status-publish","format-standard","has-post-thumbnail","hentry","category-educacao"],"acf":[],"yoast_head":"<!-- This site is optimized with the Yoast SEO plugin v27.4 - https:\/\/yoast.com\/product\/yoast-seo-wordpress\/ -->\n<title>Inscri\u00e7\u00f5es para o ProUni 2023 come\u00e7aram nesta ter\u00e7a, 28 - Blog do Farn\u00e9sio<\/title>\n<meta name=\"robots\" content=\"index, follow, max-snippet:-1, max-image-preview:large, max-video-preview:-1\" \/>\n<link rel=\"canonical\" href=\"https:\/\/blogdofarnesio.com.br\/?p=334628\" \/>\n<meta property=\"og:locale\" content=\"pt_BR\" \/>\n<meta property=\"og:type\" content=\"article\" \/>\n<meta property=\"og:title\" content=\"Inscri\u00e7\u00f5es para o ProUni 2023 come\u00e7aram nesta ter\u00e7a, 28 - Blog do Farn\u00e9sio\" \/>\n<meta property=\"og:description\" content=\"As inscri\u00e7\u00f5es s\u00e3o gratuitas e devem ser feitas pelo Portal Acesso \u00danico, do MEC, at\u00e9 3 de mar\u00e7o. Em Pernambuco, Unit-PE e FITS v\u00e3o oferecer mais de 150 bolsas de estudo pelo programa, envolvendo Recife e Goiana, na Zona da Mata Norte do Estado Come\u00e7am nesta ter\u00e7a-feira, 28 de fevereiro, as inscri\u00e7\u00f5es para o processo seletivo do Programa Universidade para Todos (ProUni), relativo ao primeiro semestre de 2023. O programa seleciona alunos para bolsas de estudo integrais e parciais em institui\u00e7\u00f5es particulares de ensino superior. As inscri\u00e7\u00f5es s\u00e3o gratuitas e devem ser feitas exclusivamente pelo Portal Acesso \u00danico, do Minist\u00e9rio da Educa\u00e7\u00e3o (https:\/\/acessounico.mec.gov.br).\u00a0 Em Pernambuco, duas institui\u00e7\u00f5es de ensino superior v\u00e3o conceder 169 bolsas de estudo por meio do Programa&hellip;\" \/>\n<meta property=\"og:url\" content=\"https:\/\/blogdofarnesio.com.br\/?p=334628\" \/>\n<meta property=\"og:site_name\" content=\"Blog do Farn\u00e9sio\" \/>\n<meta property=\"article:publisher\" content=\"https:\/\/www.facebook.com\/BlogQuerSaberPolitica\/\" \/>\n<meta property=\"article:author\" content=\"https:\/\/www.facebook.com\/?ref=tn_tnmn\" \/>\n<meta property=\"article:published_time\" content=\"2023-02-28T14:24:23+00:00\" \/>\n<meta property=\"og:image\" content=\"https:\/\/blogdofarnesio.com.br\/wp-content\/uploads\/2023\/02\/site-prouni-e1677585166706.jpeg\" \/>\n\t<meta property=\"og:image:width\" content=\"600\" \/>\n\t<meta property=\"og:image:height\" content=\"450\" \/>\n\t<meta property=\"og:image:type\" content=\"image\/jpeg\" \/>\n<meta name=\"author\" content=\"Farn\u00e9sio\" \/>\n<meta name=\"twitter:card\" content=\"summary_large_image\" \/>\n<meta name=\"twitter:label1\" content=\"Escrito por\" \/>\n\t<meta name=\"twitter:data1\" content=\"Farn\u00e9sio\" \/>\n\t<meta name=\"twitter:label2\" content=\"Est. tempo de leitura\" \/>\n\t<meta name=\"twitter:data2\" content=\"3 minutos\" \/>\n<script type=\"application\/ld+json\" class=\"yoast-schema-graph\">{\"@context\":\"https:\\\/\\\/schema.org\",\"@graph\":[{\"@type\":\"Article\",\"@id\":\"https:\\\/\\\/blogdofarnesio.com.br\\\/?p=334628#article\",\"isPartOf\":{\"@id\":\"https:\\\/\\\/blogdofarnesio.com.br\\\/?p=334628\"},\"author\":{\"name\":\"Farn\u00e9sio\",\"@id\":\"https:\\\/\\\/blogdofarnesio.com.br\\\/#\\\/schema\\\/person\\\/bb9b23ae3ad0609ce8df7b6c9e76824d\"},\"headline\":\"Inscri\u00e7\u00f5es para o ProUni 2023 come\u00e7aram nesta ter\u00e7a, 28\",\"datePublished\":\"2023-02-28T14:24:23+00:00\",\"mainEntityOfPage\":{\"@id\":\"https:\\\/\\\/blogdofarnesio.com.br\\\/?p=334628\"},\"wordCount\":541,\"commentCount\":0,\"publisher\":{\"@id\":\"https:\\\/\\\/blogdofarnesio.com.br\\\/#organization\"},\"image\":{\"@id\":\"https:\\\/\\\/blogdofarnesio.com.br\\\/?p=334628#primaryimage\"},\"thumbnailUrl\":\"https:\\\/\\\/blogdofarnesio.com.br\\\/wp-content\\\/uploads\\\/2023\\\/02\\\/site-prouni-e1677585166706.jpeg\",\"articleSection\":[\"Educa\u00e7\u00e3o\"],\"inLanguage\":\"pt-BR\",\"potentialAction\":[{\"@type\":\"CommentAction\",\"name\":\"Comment\",\"target\":[\"https:\\\/\\\/blogdofarnesio.com.br\\\/?p=334628#respond\"]}]},{\"@type\":\"WebPage\",\"@id\":\"https:\\\/\\\/blogdofarnesio.com.br\\\/?p=334628\",\"url\":\"https:\\\/\\\/blogdofarnesio.com.br\\\/?p=334628\",\"name\":\"Inscri\u00e7\u00f5es para o ProUni 2023 come\u00e7aram nesta ter\u00e7a, 28 - Blog do Farn\u00e9sio\",\"isPartOf\":{\"@id\":\"https:\\\/\\\/blogdofarnesio.com.br\\\/#website\"},\"primaryImageOfPage\":{\"@id\":\"https:\\\/\\\/blogdofarnesio.com.br\\\/?p=334628#primaryimage\"},\"image\":{\"@id\":\"https:\\\/\\\/blogdofarnesio.com.br\\\/?p=334628#primaryimage\"},\"thumbnailUrl\":\"https:\\\/\\\/blogdofarnesio.com.br\\\/wp-content\\\/uploads\\\/2023\\\/02\\\/site-prouni-e1677585166706.jpeg\",\"datePublished\":\"2023-02-28T14:24:23+00:00\",\"breadcrumb\":{\"@id\":\"https:\\\/\\\/blogdofarnesio.com.br\\\/?p=334628#breadcrumb\"},\"inLanguage\":\"pt-BR\",\"potentialAction\":[{\"@type\":\"ReadAction\",\"target\":[\"https:\\\/\\\/blogdofarnesio.com.br\\\/?p=334628\"]}]},{\"@type\":\"ImageObject\",\"inLanguage\":\"pt-BR\",\"@id\":\"https:\\\/\\\/blogdofarnesio.com.br\\\/?p=334628#primaryimage\",\"url\":\"https:\\\/\\\/blogdofarnesio.com.br\\\/wp-content\\\/uploads\\\/2023\\\/02\\\/site-prouni-e1677585166706.jpeg\",\"contentUrl\":\"https:\\\/\\\/blogdofarnesio.com.br\\\/wp-content\\\/uploads\\\/2023\\\/02\\\/site-prouni-e1677585166706.jpeg\",\"width\":600,\"height\":450},{\"@type\":\"BreadcrumbList\",\"@id\":\"https:\\\/\\\/blogdofarnesio.com.br\\\/?p=334628#breadcrumb\",\"itemListElement\":[{\"@type\":\"ListItem\",\"position\":1,\"name\":\"In\u00edcio\",\"item\":\"https:\\\/\\\/blogdofarnesio.com.br\\\/\"},{\"@type\":\"ListItem\",\"position\":2,\"name\":\"Inscri\u00e7\u00f5es para o ProUni 2023 come\u00e7aram nesta ter\u00e7a, 28\"}]},{\"@type\":\"WebSite\",\"@id\":\"https:\\\/\\\/blogdofarnesio.com.br\\\/#website\",\"url\":\"https:\\\/\\\/blogdofarnesio.com.br\\\/\",\"name\":\"Blog do Farn\u00e9sio\",\"description\":\"Quer Saber Pol\u00edtica?\",\"publisher\":{\"@id\":\"https:\\\/\\\/blogdofarnesio.com.br\\\/#organization\"},\"potentialAction\":[{\"@type\":\"SearchAction\",\"target\":{\"@type\":\"EntryPoint\",\"urlTemplate\":\"https:\\\/\\\/blogdofarnesio.com.br\\\/?s={search_term_string}\"},\"query-input\":{\"@type\":\"PropertyValueSpecification\",\"valueRequired\":true,\"valueName\":\"search_term_string\"}}],\"inLanguage\":\"pt-BR\"},{\"@type\":\"Organization\",\"@id\":\"https:\\\/\\\/blogdofarnesio.com.br\\\/#organization\",\"name\":\"Blog do Farn\u00e9sio\",\"url\":\"https:\\\/\\\/blogdofarnesio.com.br\\\/\",\"logo\":{\"@type\":\"ImageObject\",\"inLanguage\":\"pt-BR\",\"@id\":\"https:\\\/\\\/blogdofarnesio.com.br\\\/#\\\/schema\\\/logo\\\/image\\\/\",\"url\":\"https:\\\/\\\/blogdofarnesio.com.br\\\/wp-content\\\/uploads\\\/2026\\\/03\\\/cropped-logo_new-1.png\",\"contentUrl\":\"https:\\\/\\\/blogdofarnesio.com.br\\\/wp-content\\\/uploads\\\/2026\\\/03\\\/cropped-logo_new-1.png\",\"width\":881,\"height\":685,\"caption\":\"Blog do Farn\u00e9sio\"},\"image\":{\"@id\":\"https:\\\/\\\/blogdofarnesio.com.br\\\/#\\\/schema\\\/logo\\\/image\\\/\"},\"sameAs\":[\"https:\\\/\\\/www.facebook.com\\\/BlogQuerSaberPolitica\\\/\"]},{\"@type\":\"Person\",\"@id\":\"https:\\\/\\\/blogdofarnesio.com.br\\\/#\\\/schema\\\/person\\\/bb9b23ae3ad0609ce8df7b6c9e76824d\",\"name\":\"Farn\u00e9sio\",\"image\":{\"@type\":\"ImageObject\",\"inLanguage\":\"pt-BR\",\"@id\":\"https:\\\/\\\/secure.gravatar.com\\\/avatar\\\/986aa4c61ccdb66f8555bf88fc2a65609d00bcabd4d2d94377a727547345cbca?s=96&d=mm&r=g\",\"url\":\"https:\\\/\\\/secure.gravatar.com\\\/avatar\\\/986aa4c61ccdb66f8555bf88fc2a65609d00bcabd4d2d94377a727547345cbca?s=96&d=mm&r=g\",\"contentUrl\":\"https:\\\/\\\/secure.gravatar.com\\\/avatar\\\/986aa4c61ccdb66f8555bf88fc2a65609d00bcabd4d2d94377a727547345cbca?s=96&d=mm&r=g\",\"caption\":\"Farn\u00e9sio\"},\"description\":\"Radialista blogueiro, chegou a Petrolina\\\/Juazeiro em setembro de 1980, Farn\u00e9sio Silva \u00e9 de Arapiraca-Alagoas.\",\"sameAs\":[\"http:\\\/\\\/blogdofarnesio.com.br\",\"https:\\\/\\\/www.facebook.com\\\/?ref=tn_tnmn\",\"https:\\\/\\\/www.instagram.com\\\/?utm_source=pwa_homescreen\",\"https:\\\/\\\/youtube.com.br\\\/\"],\"url\":\"https:\\\/\\\/blogdofarnesio.com.br\\\/?author=2\"}]}<\/script>\n<!-- \/ Yoast SEO plugin. -->","yoast_head_json":{"title":"Inscri\u00e7\u00f5es para o ProUni 2023 come\u00e7aram nesta ter\u00e7a, 28 - Blog do Farn\u00e9sio","robots":{"index":"index","follow":"follow","max-snippet":"max-snippet:-1","max-image-preview":"max-image-preview:large","max-video-preview":"max-video-preview:-1"},"canonical":"https:\/\/blogdofarnesio.com.br\/?p=334628","og_locale":"pt_BR","og_type":"article","og_title":"Inscri\u00e7\u00f5es para o ProUni 2023 come\u00e7aram nesta ter\u00e7a, 28 - Blog do Farn\u00e9sio","og_description":"As inscri\u00e7\u00f5es s\u00e3o gratuitas e devem ser feitas pelo Portal Acesso \u00danico, do MEC, at\u00e9 3 de mar\u00e7o. Em Pernambuco, Unit-PE e FITS v\u00e3o oferecer mais de 150 bolsas de estudo pelo programa, envolvendo Recife e Goiana, na Zona da Mata Norte do Estado Come\u00e7am nesta ter\u00e7a-feira, 28 de fevereiro, as inscri\u00e7\u00f5es para o processo seletivo do Programa Universidade para Todos (ProUni), relativo ao primeiro semestre de 2023. O programa seleciona alunos para bolsas de estudo integrais e parciais em institui\u00e7\u00f5es particulares de ensino superior. As inscri\u00e7\u00f5es s\u00e3o gratuitas e devem ser feitas exclusivamente pelo Portal Acesso \u00danico, do Minist\u00e9rio da Educa\u00e7\u00e3o (https:\/\/acessounico.mec.gov.br).\u00a0 Em Pernambuco, duas institui\u00e7\u00f5es de ensino superior v\u00e3o conceder 169 bolsas de estudo por meio do Programa&hellip;","og_url":"https:\/\/blogdofarnesio.com.br\/?p=334628","og_site_name":"Blog do Farn\u00e9sio","article_publisher":"https:\/\/www.facebook.com\/BlogQuerSaberPolitica\/","article_author":"https:\/\/www.facebook.com\/?ref=tn_tnmn","article_published_time":"2023-02-28T14:24:23+00:00","og_image":[{"width":600,"height":450,"url":"https:\/\/blogdofarnesio.com.br\/wp-content\/uploads\/2023\/02\/site-prouni-e1677585166706.jpeg","type":"image\/jpeg"}],"author":"Farn\u00e9sio","twitter_card":"summary_large_image","twitter_misc":{"Escrito por":"Farn\u00e9sio","Est. tempo de leitura":"3 minutos"},"schema":{"@context":"https:\/\/schema.org","@graph":[{"@type":"Article","@id":"https:\/\/blogdofarnesio.com.br\/?p=334628#article","isPartOf":{"@id":"https:\/\/blogdofarnesio.com.br\/?p=334628"},"author":{"name":"Farn\u00e9sio","@id":"https:\/\/blogdofarnesio.com.br\/#\/schema\/person\/bb9b23ae3ad0609ce8df7b6c9e76824d"},"headline":"Inscri\u00e7\u00f5es para o ProUni 2023 come\u00e7aram nesta ter\u00e7a, 28","datePublished":"2023-02-28T14:24:23+00:00","mainEntityOfPage":{"@id":"https:\/\/blogdofarnesio.com.br\/?p=334628"},"wordCount":541,"commentCount":0,"publisher":{"@id":"https:\/\/blogdofarnesio.com.br\/#organization"},"image":{"@id":"https:\/\/blogdofarnesio.com.br\/?p=334628#primaryimage"},"thumbnailUrl":"https:\/\/blogdofarnesio.com.br\/wp-content\/uploads\/2023\/02\/site-prouni-e1677585166706.jpeg","articleSection":["Educa\u00e7\u00e3o"],"inLanguage":"pt-BR","potentialAction":[{"@type":"CommentAction","name":"Comment","target":["https:\/\/blogdofarnesio.com.br\/?p=334628#respond"]}]},{"@type":"WebPage","@id":"https:\/\/blogdofarnesio.com.br\/?p=334628","url":"https:\/\/blogdofarnesio.com.br\/?p=334628","name":"Inscri\u00e7\u00f5es para o ProUni 2023 come\u00e7aram nesta ter\u00e7a, 28 - Blog do Farn\u00e9sio","isPartOf":{"@id":"https:\/\/blogdofarnesio.com.br\/#website"},"primaryImageOfPage":{"@id":"https:\/\/blogdofarnesio.com.br\/?p=334628#primaryimage"},"image":{"@id":"https:\/\/blogdofarnesio.com.br\/?p=334628#primaryimage"},"thumbnailUrl":"https:\/\/blogdofarnesio.com.br\/wp-content\/uploads\/2023\/02\/site-prouni-e1677585166706.jpeg","datePublished":"2023-02-28T14:24:23+00:00","breadcrumb":{"@id":"https:\/\/blogdofarnesio.com.br\/?p=334628#breadcrumb"},"inLanguage":"pt-BR","potentialAction":[{"@type":"ReadAction","target":["https:\/\/blogdofarnesio.com.br\/?p=334628"]}]},{"@type":"ImageObject","inLanguage":"pt-BR","@id":"https:\/\/blogdofarnesio.com.br\/?p=334628#primaryimage","url":"https:\/\/blogdofarnesio.com.br\/wp-content\/uploads\/2023\/02\/site-prouni-e1677585166706.jpeg","contentUrl":"https:\/\/blogdofarnesio.com.br\/wp-content\/uploads\/2023\/02\/site-prouni-e1677585166706.jpeg","width":600,"height":450},{"@type":"BreadcrumbList","@id":"https:\/\/blogdofarnesio.com.br\/?p=334628#breadcrumb","itemListElement":[{"@type":"ListItem","position":1,"name":"In\u00edcio","item":"https:\/\/blogdofarnesio.com.br\/"},{"@type":"ListItem","position":2,"name":"Inscri\u00e7\u00f5es para o ProUni 2023 come\u00e7aram nesta ter\u00e7a, 28"}]},{"@type":"WebSite","@id":"https:\/\/blogdofarnesio.com.br\/#website","url":"https:\/\/blogdofarnesio.com.br\/","name":"Blog do Farn\u00e9sio","description":"Quer Saber Pol\u00edtica?","publisher":{"@id":"https:\/\/blogdofarnesio.com.br\/#organization"},"potentialAction":[{"@type":"SearchAction","target":{"@type":"EntryPoint","urlTemplate":"https:\/\/blogdofarnesio.com.br\/?s={search_term_string}"},"query-input":{"@type":"PropertyValueSpecification","valueRequired":true,"valueName":"search_term_string"}}],"inLanguage":"pt-BR"},{"@type":"Organization","@id":"https:\/\/blogdofarnesio.com.br\/#organization","name":"Blog do Farn\u00e9sio","url":"https:\/\/blogdofarnesio.com.br\/","logo":{"@type":"ImageObject","inLanguage":"pt-BR","@id":"https:\/\/blogdofarnesio.com.br\/#\/schema\/logo\/image\/","url":"https:\/\/blogdofarnesio.com.br\/wp-content\/uploads\/2026\/03\/cropped-logo_new-1.png","contentUrl":"https:\/\/blogdofarnesio.com.br\/wp-content\/uploads\/2026\/03\/cropped-logo_new-1.png","width":881,"height":685,"caption":"Blog do Farn\u00e9sio"},"image":{"@id":"https:\/\/blogdofarnesio.com.br\/#\/schema\/logo\/image\/"},"sameAs":["https:\/\/www.facebook.com\/BlogQuerSaberPolitica\/"]},{"@type":"Person","@id":"https:\/\/blogdofarnesio.com.br\/#\/schema\/person\/bb9b23ae3ad0609ce8df7b6c9e76824d","name":"Farn\u00e9sio","image":{"@type":"ImageObject","inLanguage":"pt-BR","@id":"https:\/\/secure.gravatar.com\/avatar\/986aa4c61ccdb66f8555bf88fc2a65609d00bcabd4d2d94377a727547345cbca?s=96&d=mm&r=g","url":"https:\/\/secure.gravatar.com\/avatar\/986aa4c61ccdb66f8555bf88fc2a65609d00bcabd4d2d94377a727547345cbca?s=96&d=mm&r=g","contentUrl":"https:\/\/secure.gravatar.com\/avatar\/986aa4c61ccdb66f8555bf88fc2a65609d00bcabd4d2d94377a727547345cbca?s=96&d=mm&r=g","caption":"Farn\u00e9sio"},"description":"Radialista blogueiro, chegou a Petrolina\/Juazeiro em setembro de 1980, Farn\u00e9sio Silva \u00e9 de Arapiraca-Alagoas.","sameAs":["http:\/\/blogdofarnesio.com.br","https:\/\/www.facebook.com\/?ref=tn_tnmn","https:\/\/www.instagram.com\/?utm_source=pwa_homescreen","https:\/\/youtube.com.br\/"],"url":"https:\/\/blogdofarnesio.com.br\/?author=2"}]}},"_links":{"self":[{"href":"https:\/\/blogdofarnesio.com.br\/index.php?rest_route=\/wp\/v2\/posts\/334628","targetHints":{"allow":["GET"]}}],"collection":[{"href":"https:\/\/blogdofarnesio.com.br\/index.php?rest_route=\/wp\/v2\/posts"}],"about":[{"href":"https:\/\/blogdofarnesio.com.br\/index.php?rest_route=\/wp\/v2\/types\/post"}],"author":[{"embeddable":true,"href":"https:\/\/blogdofarnesio.com.br\/index.php?rest_route=\/wp\/v2\/users\/2"}],"replies":[{"embeddable":true,"href":"https:\/\/blogdofarnesio.com.br\/index.php?rest_route=%2Fwp%2Fv2%2Fcomments&post=334628"}],"version-history":[{"count":0,"href":"https:\/\/blogdofarnesio.com.br\/index.php?rest_route=\/wp\/v2\/posts\/334628\/revisions"}],"wp:featuredmedia":[{"embeddable":true,"href":"https:\/\/blogdofarnesio.com.br\/index.php?rest_route=\/wp\/v2\/media\/334629"}],"wp:attachment":[{"href":"https:\/\/blogdofarnesio.com.br\/index.php?rest_route=%2Fwp%2Fv2%2Fmedia&parent=334628"}],"wp:term":[{"taxonomy":"category","embeddable":true,"href":"https:\/\/blogdofarnesio.com.br\/index.php?rest_route=%2Fwp%2Fv2%2Fcategories&post=334628"},{"taxonomy":"post_tag","embeddable":true,"href":"https:\/\/blogdofarnesio.com.br\/index.php?rest_route=%2Fwp%2Fv2%2Ftags&post=334628"}],"curies":[{"name":"wp","href":"https:\/\/api.w.org\/{rel}","templated":true}]}}