{"id":333374,"date":"2023-02-09T17:35:51","date_gmt":"2023-02-09T20:35:51","guid":{"rendered":"https:\/\/blogdofarnesio.com.br\/?p=333374"},"modified":"2023-02-09T15:16:42","modified_gmt":"2023-02-09T18:16:42","slug":"procuradoria-eleitoral-pede-desaprovacao-de-contas-da-campanha-de-ricardo-salles","status":"publish","type":"post","link":"https:\/\/blogdofarnesio.com.br\/?p=333374","title":{"rendered":"Procuradoria Eleitoral pede desaprova\u00e7\u00e3o de contas da campanha de Ricardo Salles"},"content":{"rendered":"<div class=\"sc-8a384deb-0 gcFtGo\">\n<div class=\"sc-8a384deb-4 ebUzRt\">Por Marcelo Rocha | Folhapress\u00a0 &#8211;<\/div>\n<\/div>\n<div class=\"sc-b7c477dc-1 gBiGSc\">\n<div class=\"sc-b7c477dc-3 hqHIJE\">\n<p>A Procuradoria Regional Eleitoral em S\u00e3o Paulo pediu a desaprova\u00e7\u00e3o das contas eleitorais do deputado federal Ricardo Salles (PL-SP), ex-ministro de Meio Ambiente do governo de Jair Bolsonaro. Com base em an\u00e1lise feita pelos t\u00e9cnicos do TRE (Tribunal Regional Eleitoral) de S\u00e3o Paulo, a Procuradoria afirmou que Salles n\u00e3o comprovou despesas no montante de R$ 245 mil, al\u00e9m de apontar irregularidades relativas a outros R$ 181 mil.<br \/>\nNa manifesta\u00e7\u00e3o datada de segunda-feira (6), o Minist\u00e9rio P\u00fablico Eleitoral diz que os dados apontados pelos t\u00e9cnicos do TRE-SP &#8220;comprometem a higidez das contas&#8221; do parlamentar.<br \/>\nO ex-ministro de Bolsonaro declarou \u00e0 Justi\u00e7a Eleitoral um total de R$ 2,4 milh\u00f5es em despesas. Conquistou 640 mil votos, o quarto no ranking de deputados federais eleitos por S\u00e3o Paulo. Tomou posse na C\u00e2mara no in\u00edcio do m\u00eas.<br \/>\n\u00c0 reportagem Salles afirmou, por meio de nota, que as &#8220;as contas est\u00e3o corretas e todas as informa\u00e7\u00f5es solicitadas foram prestadas por completo&#8221; \u00e0 Justi\u00e7a Eleitoral.<br \/>\nSalles deixou o governo Bolsonaro em 2021, depois de se tornar alvo de inqu\u00e9rito no STF (Supremo Tribunal Federal) em opera\u00e7\u00e3o da Pol\u00edcia Federal que investiga o favorecimento a empres\u00e1rios do setor de madeiras. Al\u00e9m disso, tamb\u00e9m ganhou fama ao falar durante uma reuni\u00e3o ministerial sobre afrouxar as regras ambientais durante a pandemia para &#8220;passar a boiada&#8221;.<br \/>\nA desaprova\u00e7\u00e3o das contas eleitorais pode resultar em suspens\u00e3o dos repasses dos fundos partid\u00e1rio e eleitoral. A depender das inconsist\u00eancias, candidatos podem ser investigados por crimes de abuso de poder econ\u00f4mico, com poss\u00edvel pena de inelegibilidade.<br \/>\nAp\u00f3s a manifesta\u00e7\u00e3o do Minist\u00e9rio P\u00fablico, o caso agora vai a julgamento. Se o tribunal acatar esse entendimento, Salles ter\u00e1 que devolver a parcela de R$ 245 mil ao PL por configurar &#8220;sobra de campanha&#8221;, al\u00e9m de restituir o valor de R$ 181 mil ao Tesouro Nacional.<br \/>\nO relator do processo, juiz Maur\u00edcio Fiorito, afirmou que Salles, &#8220;de forma manifestamente intempestiva e por mais de uma vez&#8221;, anexou documentos aos autos quando j\u00e1 estavam prontos para julgamento do feito.<br \/>\nDe acordo com Fiorito, a conduta pode ser enquadrada como abuso do direito de peti\u00e7\u00e3o, por interferir no calend\u00e1rio eleitoral. Isso poder\u00e1 ser considerado no julgamento.<br \/>\nEm manifesta\u00e7\u00e3o do dia 26 de janeiro, os advogados de Salles afirmaram que &#8220;contratos e comprovantes de pagamento que eventualmente n\u00e3o foram apresentados em um primeiro momento na rela\u00e7\u00e3o inicial ofertada nos autos decorrem do curt\u00edssimo lapso temporal havido&#8221; para essa provid\u00eancia.<br \/>\n&#8220;\u00c9 certo que o extenso trabalho prestado dificulta na apura\u00e7\u00e3o dos itens pormenorizados requisitados pela \u00e1rea t\u00e9cnica, muitos dos quais n\u00e3o h\u00e1 previs\u00e3o na legisla\u00e7\u00e3o em vigor ou nas resolu\u00e7\u00f5es que regulam a presta\u00e7\u00e3o de contas eleitoral&#8221;, afirmou a defesa do ex-ministro.<br \/>\nApesar das novas informa\u00e7\u00f5es e documentos enviados ao TRE-SP, a Cocep (Coordenadoria de Contas Eleitorais e Partid\u00e1rias) avaliou que as inconsist\u00eancias persistem.<br \/>\nEntre os achados, os t\u00e9cnicos do tribunal apontaram inconsist\u00eancias nas contas relativas a um prestador de servi\u00e7os de marketing promocional, no montante de R$ 204 mil.<br \/>\nA an\u00e1lise identificou, entre outros pontos, &#8220;comprovantes de pagamento com valores divergentes ao apresentado no contrato da presta\u00e7\u00e3o&#8221; e contratos e comprovantes de pagamentos de pessoal n\u00e3o condizentes com outros documentos juntados ao processo.<br \/>\nA Cocep afirmou tamb\u00e9m que houve &#8220;omiss\u00e3o de despesas e a utiliza\u00e7\u00e3o de recursos de origem n\u00e3o identificada que as suportaram, no valor total de R$ 60 mil&#8221;, referente \u00e0 contrata\u00e7\u00e3o de servi\u00e7os de impulsionamento de conte\u00fados de campanha na internet.<br \/>\nFoi identificado ainda recebimento de valor (R$ 15 mil) a t\u00edtulo de doa\u00e7\u00e3o de de fonte vedada pela Justi\u00e7a Eleitoral, detectado mediante consulta \u00e0 base de dados da Receita Federal. O doador, segundo o tribunal, \u00e9 permission\u00e1rio de servi\u00e7o p\u00fablico.<br \/>\nQuanto ao envio &#8220;intempestivo&#8221; de informa\u00e7\u00f5es \u00e0s autoridades, os t\u00e9cnicos da Justi\u00e7a Eleitoral frisaram que Salles descumpriu prazo legal para enviar informa\u00e7\u00f5es sobre parte das doa\u00e7\u00f5es recebidas (R$ 784 mil dos R$ 2,4 milh\u00f5es arrecadados, o que representa 32,7%).<br \/>\nA n\u00e3o apresenta\u00e7\u00e3o de relat\u00f3rio financeiro de campanha, no prazo de at\u00e9 72 horas do recebimento de doa\u00e7\u00e3o, \u00e9 considerada inconsist\u00eancia grave, que caracteriza omiss\u00e3o de informa\u00e7\u00e3o.<\/p>\n<\/div>\n<\/div>\n","protected":false},"excerpt":{"rendered":"<p>Por Marcelo Rocha | Folhapress\u00a0 &#8211; A Procuradoria Regional Eleitoral em S\u00e3o Paulo pediu a desaprova\u00e7\u00e3o das contas eleitorais do deputado federal Ricardo Salles (PL-SP), ex-ministro de Meio Ambiente do governo de Jair Bolsonaro. Com base em an\u00e1lise feita pelos t\u00e9cnicos do TRE (Tribunal Regional Eleitoral) de S\u00e3o Paulo, a Procuradoria afirmou que Salles n\u00e3o comprovou despesas no montante de R$ 245 mil, al\u00e9m de apontar irregularidades relativas a outros R$ 181 mil. Na manifesta\u00e7\u00e3o datada de segunda-feira (6), o Minist\u00e9rio P\u00fablico Eleitoral diz que os dados apontados pelos t\u00e9cnicos do TRE-SP &#8220;comprometem a higidez das contas&#8221; do parlamentar. O ex-ministro de Bolsonaro declarou \u00e0 Justi\u00e7a Eleitoral um total de R$ 2,4 milh\u00f5es em despesas. Conquistou 640 mil votos, o&hellip; <\/p>\n","protected":false},"author":2,"featured_media":241377,"comment_status":"open","ping_status":"open","sticky":false,"template":"","format":"standard","meta":{"_acf_changed":false,"footnotes":""},"categories":[1],"tags":[],"class_list":["post-333374","post","type-post","status-publish","format-standard","has-post-thumbnail","hentry","category-politica"],"acf":[],"yoast_head":"<!-- This site is optimized with the Yoast SEO plugin v27.4 - https:\/\/yoast.com\/product\/yoast-seo-wordpress\/ -->\n<title>Procuradoria Eleitoral pede desaprova\u00e7\u00e3o de contas da campanha de Ricardo Salles - Blog do Farn\u00e9sio<\/title>\n<meta name=\"robots\" content=\"index, follow, max-snippet:-1, max-image-preview:large, max-video-preview:-1\" \/>\n<link rel=\"canonical\" href=\"https:\/\/blogdofarnesio.com.br\/?p=333374\" \/>\n<meta property=\"og:locale\" content=\"pt_BR\" \/>\n<meta property=\"og:type\" content=\"article\" \/>\n<meta property=\"og:title\" content=\"Procuradoria Eleitoral pede desaprova\u00e7\u00e3o de contas da campanha de Ricardo Salles - Blog do Farn\u00e9sio\" \/>\n<meta property=\"og:description\" content=\"Por Marcelo Rocha | Folhapress\u00a0 &#8211; A Procuradoria Regional Eleitoral em S\u00e3o Paulo pediu a desaprova\u00e7\u00e3o das contas eleitorais do deputado federal Ricardo Salles (PL-SP), ex-ministro de Meio Ambiente do governo de Jair Bolsonaro. Com base em an\u00e1lise feita pelos t\u00e9cnicos do TRE (Tribunal Regional Eleitoral) de S\u00e3o Paulo, a Procuradoria afirmou que Salles n\u00e3o comprovou despesas no montante de R$ 245 mil, al\u00e9m de apontar irregularidades relativas a outros R$ 181 mil. Na manifesta\u00e7\u00e3o datada de segunda-feira (6), o Minist\u00e9rio P\u00fablico Eleitoral diz que os dados apontados pelos t\u00e9cnicos do TRE-SP &#8220;comprometem a higidez das contas&#8221; do parlamentar. O ex-ministro de Bolsonaro declarou \u00e0 Justi\u00e7a Eleitoral um total de R$ 2,4 milh\u00f5es em despesas. Conquistou 640 mil votos, o&hellip;\" \/>\n<meta property=\"og:url\" content=\"https:\/\/blogdofarnesio.com.br\/?p=333374\" \/>\n<meta property=\"og:site_name\" content=\"Blog do Farn\u00e9sio\" \/>\n<meta property=\"article:publisher\" content=\"https:\/\/www.facebook.com\/BlogQuerSaberPolitica\/\" \/>\n<meta property=\"article:author\" content=\"https:\/\/www.facebook.com\/?ref=tn_tnmn\" \/>\n<meta property=\"article:published_time\" content=\"2023-02-09T20:35:51+00:00\" \/>\n<meta property=\"og:image\" content=\"https:\/\/blogdofarnesio.com.br\/wp-content\/uploads\/2019\/10\/blogqsp-ricardosales.jpg\" \/>\n\t<meta property=\"og:image:width\" content=\"380\" \/>\n\t<meta property=\"og:image:height\" content=\"280\" \/>\n\t<meta property=\"og:image:type\" content=\"image\/jpeg\" \/>\n<meta name=\"author\" content=\"Farn\u00e9sio\" \/>\n<meta name=\"twitter:card\" content=\"summary_large_image\" \/>\n<meta name=\"twitter:label1\" content=\"Escrito por\" \/>\n\t<meta name=\"twitter:data1\" content=\"Farn\u00e9sio\" \/>\n\t<meta name=\"twitter:label2\" content=\"Est. tempo de leitura\" \/>\n\t<meta name=\"twitter:data2\" content=\"4 minutos\" \/>\n<script type=\"application\/ld+json\" class=\"yoast-schema-graph\">{\"@context\":\"https:\\\/\\\/schema.org\",\"@graph\":[{\"@type\":\"Article\",\"@id\":\"https:\\\/\\\/blogdofarnesio.com.br\\\/?p=333374#article\",\"isPartOf\":{\"@id\":\"https:\\\/\\\/blogdofarnesio.com.br\\\/?p=333374\"},\"author\":{\"name\":\"Farn\u00e9sio\",\"@id\":\"https:\\\/\\\/blogdofarnesio.com.br\\\/#\\\/schema\\\/person\\\/bb9b23ae3ad0609ce8df7b6c9e76824d\"},\"headline\":\"Procuradoria Eleitoral pede desaprova\u00e7\u00e3o de contas da campanha de Ricardo Salles\",\"datePublished\":\"2023-02-09T20:35:51+00:00\",\"mainEntityOfPage\":{\"@id\":\"https:\\\/\\\/blogdofarnesio.com.br\\\/?p=333374\"},\"wordCount\":750,\"commentCount\":0,\"publisher\":{\"@id\":\"https:\\\/\\\/blogdofarnesio.com.br\\\/#organization\"},\"image\":{\"@id\":\"https:\\\/\\\/blogdofarnesio.com.br\\\/?p=333374#primaryimage\"},\"thumbnailUrl\":\"https:\\\/\\\/blogdofarnesio.com.br\\\/wp-content\\\/uploads\\\/2019\\\/10\\\/blogqsp-ricardosales.jpg\",\"articleSection\":[\"Pol\u00edtica\"],\"inLanguage\":\"pt-BR\",\"potentialAction\":[{\"@type\":\"CommentAction\",\"name\":\"Comment\",\"target\":[\"https:\\\/\\\/blogdofarnesio.com.br\\\/?p=333374#respond\"]}]},{\"@type\":\"WebPage\",\"@id\":\"https:\\\/\\\/blogdofarnesio.com.br\\\/?p=333374\",\"url\":\"https:\\\/\\\/blogdofarnesio.com.br\\\/?p=333374\",\"name\":\"Procuradoria Eleitoral pede desaprova\u00e7\u00e3o de contas da campanha de Ricardo Salles - Blog do Farn\u00e9sio\",\"isPartOf\":{\"@id\":\"https:\\\/\\\/blogdofarnesio.com.br\\\/#website\"},\"primaryImageOfPage\":{\"@id\":\"https:\\\/\\\/blogdofarnesio.com.br\\\/?p=333374#primaryimage\"},\"image\":{\"@id\":\"https:\\\/\\\/blogdofarnesio.com.br\\\/?p=333374#primaryimage\"},\"thumbnailUrl\":\"https:\\\/\\\/blogdofarnesio.com.br\\\/wp-content\\\/uploads\\\/2019\\\/10\\\/blogqsp-ricardosales.jpg\",\"datePublished\":\"2023-02-09T20:35:51+00:00\",\"breadcrumb\":{\"@id\":\"https:\\\/\\\/blogdofarnesio.com.br\\\/?p=333374#breadcrumb\"},\"inLanguage\":\"pt-BR\",\"potentialAction\":[{\"@type\":\"ReadAction\",\"target\":[\"https:\\\/\\\/blogdofarnesio.com.br\\\/?p=333374\"]}]},{\"@type\":\"ImageObject\",\"inLanguage\":\"pt-BR\",\"@id\":\"https:\\\/\\\/blogdofarnesio.com.br\\\/?p=333374#primaryimage\",\"url\":\"https:\\\/\\\/blogdofarnesio.com.br\\\/wp-content\\\/uploads\\\/2019\\\/10\\\/blogqsp-ricardosales.jpg\",\"contentUrl\":\"https:\\\/\\\/blogdofarnesio.com.br\\\/wp-content\\\/uploads\\\/2019\\\/10\\\/blogqsp-ricardosales.jpg\",\"width\":380,\"height\":280},{\"@type\":\"BreadcrumbList\",\"@id\":\"https:\\\/\\\/blogdofarnesio.com.br\\\/?p=333374#breadcrumb\",\"itemListElement\":[{\"@type\":\"ListItem\",\"position\":1,\"name\":\"In\u00edcio\",\"item\":\"https:\\\/\\\/blogdofarnesio.com.br\\\/\"},{\"@type\":\"ListItem\",\"position\":2,\"name\":\"Procuradoria Eleitoral pede desaprova\u00e7\u00e3o de contas da campanha de Ricardo Salles\"}]},{\"@type\":\"WebSite\",\"@id\":\"https:\\\/\\\/blogdofarnesio.com.br\\\/#website\",\"url\":\"https:\\\/\\\/blogdofarnesio.com.br\\\/\",\"name\":\"Blog do Farn\u00e9sio\",\"description\":\"Quer Saber Pol\u00edtica?\",\"publisher\":{\"@id\":\"https:\\\/\\\/blogdofarnesio.com.br\\\/#organization\"},\"potentialAction\":[{\"@type\":\"SearchAction\",\"target\":{\"@type\":\"EntryPoint\",\"urlTemplate\":\"https:\\\/\\\/blogdofarnesio.com.br\\\/?s={search_term_string}\"},\"query-input\":{\"@type\":\"PropertyValueSpecification\",\"valueRequired\":true,\"valueName\":\"search_term_string\"}}],\"inLanguage\":\"pt-BR\"},{\"@type\":\"Organization\",\"@id\":\"https:\\\/\\\/blogdofarnesio.com.br\\\/#organization\",\"name\":\"Blog do Farn\u00e9sio\",\"url\":\"https:\\\/\\\/blogdofarnesio.com.br\\\/\",\"logo\":{\"@type\":\"ImageObject\",\"inLanguage\":\"pt-BR\",\"@id\":\"https:\\\/\\\/blogdofarnesio.com.br\\\/#\\\/schema\\\/logo\\\/image\\\/\",\"url\":\"https:\\\/\\\/blogdofarnesio.com.br\\\/wp-content\\\/uploads\\\/2026\\\/03\\\/cropped-logo_new-1.png\",\"contentUrl\":\"https:\\\/\\\/blogdofarnesio.com.br\\\/wp-content\\\/uploads\\\/2026\\\/03\\\/cropped-logo_new-1.png\",\"width\":881,\"height\":685,\"caption\":\"Blog do Farn\u00e9sio\"},\"image\":{\"@id\":\"https:\\\/\\\/blogdofarnesio.com.br\\\/#\\\/schema\\\/logo\\\/image\\\/\"},\"sameAs\":[\"https:\\\/\\\/www.facebook.com\\\/BlogQuerSaberPolitica\\\/\"]},{\"@type\":\"Person\",\"@id\":\"https:\\\/\\\/blogdofarnesio.com.br\\\/#\\\/schema\\\/person\\\/bb9b23ae3ad0609ce8df7b6c9e76824d\",\"name\":\"Farn\u00e9sio\",\"image\":{\"@type\":\"ImageObject\",\"inLanguage\":\"pt-BR\",\"@id\":\"https:\\\/\\\/secure.gravatar.com\\\/avatar\\\/986aa4c61ccdb66f8555bf88fc2a65609d00bcabd4d2d94377a727547345cbca?s=96&d=mm&r=g\",\"url\":\"https:\\\/\\\/secure.gravatar.com\\\/avatar\\\/986aa4c61ccdb66f8555bf88fc2a65609d00bcabd4d2d94377a727547345cbca?s=96&d=mm&r=g\",\"contentUrl\":\"https:\\\/\\\/secure.gravatar.com\\\/avatar\\\/986aa4c61ccdb66f8555bf88fc2a65609d00bcabd4d2d94377a727547345cbca?s=96&d=mm&r=g\",\"caption\":\"Farn\u00e9sio\"},\"description\":\"Radialista blogueiro, chegou a Petrolina\\\/Juazeiro em setembro de 1980, Farn\u00e9sio Silva \u00e9 de Arapiraca-Alagoas.\",\"sameAs\":[\"http:\\\/\\\/blogdofarnesio.com.br\",\"https:\\\/\\\/www.facebook.com\\\/?ref=tn_tnmn\",\"https:\\\/\\\/www.instagram.com\\\/?utm_source=pwa_homescreen\",\"https:\\\/\\\/youtube.com.br\\\/\"],\"url\":\"https:\\\/\\\/blogdofarnesio.com.br\\\/?author=2\"}]}<\/script>\n<!-- \/ Yoast SEO plugin. -->","yoast_head_json":{"title":"Procuradoria Eleitoral pede desaprova\u00e7\u00e3o de contas da campanha de Ricardo Salles - Blog do Farn\u00e9sio","robots":{"index":"index","follow":"follow","max-snippet":"max-snippet:-1","max-image-preview":"max-image-preview:large","max-video-preview":"max-video-preview:-1"},"canonical":"https:\/\/blogdofarnesio.com.br\/?p=333374","og_locale":"pt_BR","og_type":"article","og_title":"Procuradoria Eleitoral pede desaprova\u00e7\u00e3o de contas da campanha de Ricardo Salles - Blog do Farn\u00e9sio","og_description":"Por Marcelo Rocha | Folhapress\u00a0 &#8211; A Procuradoria Regional Eleitoral em S\u00e3o Paulo pediu a desaprova\u00e7\u00e3o das contas eleitorais do deputado federal Ricardo Salles (PL-SP), ex-ministro de Meio Ambiente do governo de Jair Bolsonaro. Com base em an\u00e1lise feita pelos t\u00e9cnicos do TRE (Tribunal Regional Eleitoral) de S\u00e3o Paulo, a Procuradoria afirmou que Salles n\u00e3o comprovou despesas no montante de R$ 245 mil, al\u00e9m de apontar irregularidades relativas a outros R$ 181 mil. Na manifesta\u00e7\u00e3o datada de segunda-feira (6), o Minist\u00e9rio P\u00fablico Eleitoral diz que os dados apontados pelos t\u00e9cnicos do TRE-SP &#8220;comprometem a higidez das contas&#8221; do parlamentar. O ex-ministro de Bolsonaro declarou \u00e0 Justi\u00e7a Eleitoral um total de R$ 2,4 milh\u00f5es em despesas. Conquistou 640 mil votos, o&hellip;","og_url":"https:\/\/blogdofarnesio.com.br\/?p=333374","og_site_name":"Blog do Farn\u00e9sio","article_publisher":"https:\/\/www.facebook.com\/BlogQuerSaberPolitica\/","article_author":"https:\/\/www.facebook.com\/?ref=tn_tnmn","article_published_time":"2023-02-09T20:35:51+00:00","og_image":[{"width":380,"height":280,"url":"https:\/\/blogdofarnesio.com.br\/wp-content\/uploads\/2019\/10\/blogqsp-ricardosales.jpg","type":"image\/jpeg"}],"author":"Farn\u00e9sio","twitter_card":"summary_large_image","twitter_misc":{"Escrito por":"Farn\u00e9sio","Est. tempo de leitura":"4 minutos"},"schema":{"@context":"https:\/\/schema.org","@graph":[{"@type":"Article","@id":"https:\/\/blogdofarnesio.com.br\/?p=333374#article","isPartOf":{"@id":"https:\/\/blogdofarnesio.com.br\/?p=333374"},"author":{"name":"Farn\u00e9sio","@id":"https:\/\/blogdofarnesio.com.br\/#\/schema\/person\/bb9b23ae3ad0609ce8df7b6c9e76824d"},"headline":"Procuradoria Eleitoral pede desaprova\u00e7\u00e3o de contas da campanha de Ricardo Salles","datePublished":"2023-02-09T20:35:51+00:00","mainEntityOfPage":{"@id":"https:\/\/blogdofarnesio.com.br\/?p=333374"},"wordCount":750,"commentCount":0,"publisher":{"@id":"https:\/\/blogdofarnesio.com.br\/#organization"},"image":{"@id":"https:\/\/blogdofarnesio.com.br\/?p=333374#primaryimage"},"thumbnailUrl":"https:\/\/blogdofarnesio.com.br\/wp-content\/uploads\/2019\/10\/blogqsp-ricardosales.jpg","articleSection":["Pol\u00edtica"],"inLanguage":"pt-BR","potentialAction":[{"@type":"CommentAction","name":"Comment","target":["https:\/\/blogdofarnesio.com.br\/?p=333374#respond"]}]},{"@type":"WebPage","@id":"https:\/\/blogdofarnesio.com.br\/?p=333374","url":"https:\/\/blogdofarnesio.com.br\/?p=333374","name":"Procuradoria Eleitoral pede desaprova\u00e7\u00e3o de contas da campanha de Ricardo Salles - Blog do Farn\u00e9sio","isPartOf":{"@id":"https:\/\/blogdofarnesio.com.br\/#website"},"primaryImageOfPage":{"@id":"https:\/\/blogdofarnesio.com.br\/?p=333374#primaryimage"},"image":{"@id":"https:\/\/blogdofarnesio.com.br\/?p=333374#primaryimage"},"thumbnailUrl":"https:\/\/blogdofarnesio.com.br\/wp-content\/uploads\/2019\/10\/blogqsp-ricardosales.jpg","datePublished":"2023-02-09T20:35:51+00:00","breadcrumb":{"@id":"https:\/\/blogdofarnesio.com.br\/?p=333374#breadcrumb"},"inLanguage":"pt-BR","potentialAction":[{"@type":"ReadAction","target":["https:\/\/blogdofarnesio.com.br\/?p=333374"]}]},{"@type":"ImageObject","inLanguage":"pt-BR","@id":"https:\/\/blogdofarnesio.com.br\/?p=333374#primaryimage","url":"https:\/\/blogdofarnesio.com.br\/wp-content\/uploads\/2019\/10\/blogqsp-ricardosales.jpg","contentUrl":"https:\/\/blogdofarnesio.com.br\/wp-content\/uploads\/2019\/10\/blogqsp-ricardosales.jpg","width":380,"height":280},{"@type":"BreadcrumbList","@id":"https:\/\/blogdofarnesio.com.br\/?p=333374#breadcrumb","itemListElement":[{"@type":"ListItem","position":1,"name":"In\u00edcio","item":"https:\/\/blogdofarnesio.com.br\/"},{"@type":"ListItem","position":2,"name":"Procuradoria Eleitoral pede desaprova\u00e7\u00e3o de contas da campanha de Ricardo Salles"}]},{"@type":"WebSite","@id":"https:\/\/blogdofarnesio.com.br\/#website","url":"https:\/\/blogdofarnesio.com.br\/","name":"Blog do Farn\u00e9sio","description":"Quer Saber Pol\u00edtica?","publisher":{"@id":"https:\/\/blogdofarnesio.com.br\/#organization"},"potentialAction":[{"@type":"SearchAction","target":{"@type":"EntryPoint","urlTemplate":"https:\/\/blogdofarnesio.com.br\/?s={search_term_string}"},"query-input":{"@type":"PropertyValueSpecification","valueRequired":true,"valueName":"search_term_string"}}],"inLanguage":"pt-BR"},{"@type":"Organization","@id":"https:\/\/blogdofarnesio.com.br\/#organization","name":"Blog do Farn\u00e9sio","url":"https:\/\/blogdofarnesio.com.br\/","logo":{"@type":"ImageObject","inLanguage":"pt-BR","@id":"https:\/\/blogdofarnesio.com.br\/#\/schema\/logo\/image\/","url":"https:\/\/blogdofarnesio.com.br\/wp-content\/uploads\/2026\/03\/cropped-logo_new-1.png","contentUrl":"https:\/\/blogdofarnesio.com.br\/wp-content\/uploads\/2026\/03\/cropped-logo_new-1.png","width":881,"height":685,"caption":"Blog do Farn\u00e9sio"},"image":{"@id":"https:\/\/blogdofarnesio.com.br\/#\/schema\/logo\/image\/"},"sameAs":["https:\/\/www.facebook.com\/BlogQuerSaberPolitica\/"]},{"@type":"Person","@id":"https:\/\/blogdofarnesio.com.br\/#\/schema\/person\/bb9b23ae3ad0609ce8df7b6c9e76824d","name":"Farn\u00e9sio","image":{"@type":"ImageObject","inLanguage":"pt-BR","@id":"https:\/\/secure.gravatar.com\/avatar\/986aa4c61ccdb66f8555bf88fc2a65609d00bcabd4d2d94377a727547345cbca?s=96&d=mm&r=g","url":"https:\/\/secure.gravatar.com\/avatar\/986aa4c61ccdb66f8555bf88fc2a65609d00bcabd4d2d94377a727547345cbca?s=96&d=mm&r=g","contentUrl":"https:\/\/secure.gravatar.com\/avatar\/986aa4c61ccdb66f8555bf88fc2a65609d00bcabd4d2d94377a727547345cbca?s=96&d=mm&r=g","caption":"Farn\u00e9sio"},"description":"Radialista blogueiro, chegou a Petrolina\/Juazeiro em setembro de 1980, Farn\u00e9sio Silva \u00e9 de Arapiraca-Alagoas.","sameAs":["http:\/\/blogdofarnesio.com.br","https:\/\/www.facebook.com\/?ref=tn_tnmn","https:\/\/www.instagram.com\/?utm_source=pwa_homescreen","https:\/\/youtube.com.br\/"],"url":"https:\/\/blogdofarnesio.com.br\/?author=2"}]}},"_links":{"self":[{"href":"https:\/\/blogdofarnesio.com.br\/index.php?rest_route=\/wp\/v2\/posts\/333374","targetHints":{"allow":["GET"]}}],"collection":[{"href":"https:\/\/blogdofarnesio.com.br\/index.php?rest_route=\/wp\/v2\/posts"}],"about":[{"href":"https:\/\/blogdofarnesio.com.br\/index.php?rest_route=\/wp\/v2\/types\/post"}],"author":[{"embeddable":true,"href":"https:\/\/blogdofarnesio.com.br\/index.php?rest_route=\/wp\/v2\/users\/2"}],"replies":[{"embeddable":true,"href":"https:\/\/blogdofarnesio.com.br\/index.php?rest_route=%2Fwp%2Fv2%2Fcomments&post=333374"}],"version-history":[{"count":0,"href":"https:\/\/blogdofarnesio.com.br\/index.php?rest_route=\/wp\/v2\/posts\/333374\/revisions"}],"wp:featuredmedia":[{"embeddable":true,"href":"https:\/\/blogdofarnesio.com.br\/index.php?rest_route=\/wp\/v2\/media\/241377"}],"wp:attachment":[{"href":"https:\/\/blogdofarnesio.com.br\/index.php?rest_route=%2Fwp%2Fv2%2Fmedia&parent=333374"}],"wp:term":[{"taxonomy":"category","embeddable":true,"href":"https:\/\/blogdofarnesio.com.br\/index.php?rest_route=%2Fwp%2Fv2%2Fcategories&post=333374"},{"taxonomy":"post_tag","embeddable":true,"href":"https:\/\/blogdofarnesio.com.br\/index.php?rest_route=%2Fwp%2Fv2%2Ftags&post=333374"}],"curies":[{"name":"wp","href":"https:\/\/api.w.org\/{rel}","templated":true}]}}