{"id":333372,"date":"2023-02-09T15:44:41","date_gmt":"2023-02-09T18:44:41","guid":{"rendered":"https:\/\/blogdofarnesio.com.br\/?p=333372"},"modified":"2023-02-09T15:10:49","modified_gmt":"2023-02-09T18:10:49","slug":"bnb-prorroga-prazo-para-inscricoes-em-editais-de-patrocinio-para-projetos-institucionais-mercadologicos-e-culturais","status":"publish","type":"post","link":"https:\/\/blogdofarnesio.com.br\/?p=333372","title":{"rendered":"BNB prorroga prazo para inscri\u00e7\u00f5es em editais de patroc\u00ednio para projetos institucionais, mercadol\u00f3gicos e culturais"},"content":{"rendered":"<p>O Banco do Nordeste (BNB) prorrogou o prazo para recebimento de inscri\u00e7\u00f5es de projetos em editais de sele\u00e7\u00e3o para patroc\u00ednio de a\u00e7\u00f5es institucionais, mercadol\u00f3gicos e culturais. O per\u00edodo de inscri\u00e7\u00e3o, que terminaria no dia 3 de fevereiro, passa a seguir at\u00e9 o dia 3 de mar\u00e7o. A vig\u00eancia do edital tamb\u00e9m foi prorrogada at\u00e9 31 de dezembro de 2024, sete meses a mais em rela\u00e7\u00e3o \u00e0 previs\u00e3o inicial. As propostas devem ser enviadas por meio do <a href=\"https:\/\/s2302.publisher-pr.com\/link.php?code=bDpodHRwcyUzQSUyRiUyRnd3dy5ibmIuZ292LmJyJTJGcGF0cm9jaW5pb3M6MjgwODMwMDQ4MTpibG9ncXNwQGdtYWlsLmNvbTpkYWFhOGE6Mzk=\" target=\"_blank\" rel=\"noopener\" data-saferedirecturl=\"https:\/\/www.google.com\/url?q=https:\/\/s2302.publisher-pr.com\/link.php?code%3DbDpodHRwcyUzQSUyRiUyRnd3dy5ibmIuZ292LmJyJTJGcGF0cm9jaW5pb3M6MjgwODMwMDQ4MTpibG9ncXNwQGdtYWlsLmNvbTpkYWFhOGE6Mzk%3D&amp;source=gmail&amp;ust=1676045313691000&amp;usg=AOvVaw2ayKUI2tlCVuSxmmBpP-KP\">portal BNB na internet<\/a>.<\/p>\n<p>Os demais prazos do processo tamb\u00e9m sofreram altera\u00e7\u00e3o. Para os projetos inscritos no edital de patroc\u00ednio do segmento institucional e mercadol\u00f3gico, o an\u00fancio das propostas selecionadas ocorrer\u00e1 em maio deste ano e sua execu\u00e7\u00e3o deve ser realizada entre 1\u00ba de julho de 2023 e 31 de dezembro de 2024. Para as inscri\u00e7\u00f5es pleiteando patroc\u00ednio no segmento cultural, o an\u00fancio da sele\u00e7\u00e3o ocorrer\u00e1 em junho deste ano e sua execu\u00e7\u00e3o deve ser feita entre 1\u00ba de agosto de 2023 e 31 de dezembro de 2024.<\/p>\n<p>Al\u00e9m da mudan\u00e7a nos prazos, houve alterna\u00e7\u00e3o na exig\u00eancia das comprova\u00e7\u00f5es referentes \u00e0 autoriza\u00e7\u00e3o para capta\u00e7\u00e3o de recursos com fundamento no Art.18 da Lei 8.313 (Lei de Incentivo \u00e0 Cultura). A documenta\u00e7\u00e3o deixa de ser exigida na fase de inscri\u00e7\u00e3o, sendo necess\u00e1ria sua apresenta\u00e7\u00e3o somente ap\u00f3s o projeto ser selecionado.<\/p>\n<p>O valor m\u00e1ximo de patroc\u00ednio por proposta \u00e9 de at\u00e9 R\uff04 200 mil. A cota para cada proposta ser\u00e1 estabelecida por meio de avalia\u00e7\u00e3o efetuada na etapa de negocia\u00e7\u00e3o, assim como o per\u00edodo de realiza\u00e7\u00e3o dos projetos. As a\u00e7\u00f5es devem ser executadas, prioritariamente, na \u00e1rea de atua\u00e7\u00e3o do Banco do Nordeste, que compreende os estados nordestinos e ainda o norte de Minas Gerais e o norte do Esp\u00edrito Santo.<\/p>\n<p>Para os segmentos institucional e mercadol\u00f3gico, tamb\u00e9m poder\u00e3o ser apoiados projetos executados em outros estados do territ\u00f3rio nacional, desde que apresentem potencialidade para gera\u00e7\u00e3o de trabalho e renda e fortalecimento de cadeias produtivas da \u00e1rea de atua\u00e7\u00e3o do Banco ou que estejam em conson\u00e2ncia com pol\u00edticas, programas e a\u00e7\u00f5es do BNB. S\u00e3o considerados eventos institucionais aqueles que favorecem a divulga\u00e7\u00e3o da imagem do BNB para promover seu posicionamento e consolidar sua imagem como institui\u00e7\u00e3o financeira que atua em prol do desenvolvimento da regi\u00e3o Nordeste. J\u00e1 os projetos mercadol\u00f3gicos s\u00e3o aqueles que contribuem para a alavancagem dos neg\u00f3cios do Banco, a exemplo de feiras e exposi\u00e7\u00f5es.<\/p>\n<p>O edital de patroc\u00ednio para o segmento cultural apoia a\u00e7\u00f5es ligadas a artes c\u00eanicas, artes visuais (exposi\u00e7\u00f5es), humanidades (apresenta\u00e7\u00f5es liter\u00e1rias, publica\u00e7\u00e3o de livros de arte, a\u00e7\u00f5es de incentivo \u00e0 leitura e festivais), m\u00fasica (erudita ou instrumental) e cinema (mostras e festivais).<\/p>\n<p>Os crit\u00e9rios de sele\u00e7\u00e3o consideram as contribui\u00e7\u00f5es dos projetos para o enriquecimento sociocultural da popula\u00e7\u00e3o e sua afinidade com a miss\u00e3o e os valores do Banco do Nordeste, que se pautam pela promo\u00e7\u00e3o de cidadania, \u00e9tica, sustentabilidade e respeito \u00e0 diversidade.<\/p>\n<p>Os editais de patroc\u00ednio e respectivos aditivos podem ser consultados na \u00edntegra no\u00a0<a href=\"https:\/\/s2302.publisher-pr.com\/link.php?code=bDpodHRwcyUzQSUyRiUyRnd3dy5ibmIuZ292LmJyJTJGcGF0cm9jaW5pb3M6MjgwODMwMDQ4MTpibG9ncXNwQGdtYWlsLmNvbTpkYWFhOGE6Mzk=\" target=\"_blank\" rel=\"noopener\" data-saferedirecturl=\"https:\/\/www.google.com\/url?q=https:\/\/s2302.publisher-pr.com\/link.php?code%3DbDpodHRwcyUzQSUyRiUyRnd3dy5ibmIuZ292LmJyJTJGcGF0cm9jaW5pb3M6MjgwODMwMDQ4MTpibG9ncXNwQGdtYWlsLmNvbTpkYWFhOGE6Mzk%3D&amp;source=gmail&amp;ust=1676045313691000&amp;usg=AOvVaw2ayKUI2tlCVuSxmmBpP-KP\"><u>portal do Banco do Nordeste<\/u><\/a>.<\/p>\n<p>&nbsp;<\/p>\n<p><strong>IMPRENSA &#8211; Banco do Nordeste<\/strong><\/p>\n","protected":false},"excerpt":{"rendered":"<p>O Banco do Nordeste (BNB) prorrogou o prazo para recebimento de inscri\u00e7\u00f5es de projetos em editais de sele\u00e7\u00e3o para patroc\u00ednio de a\u00e7\u00f5es institucionais, mercadol\u00f3gicos e culturais. O per\u00edodo de inscri\u00e7\u00e3o, que terminaria no dia 3 de fevereiro, passa a seguir at\u00e9 o dia 3 de mar\u00e7o. A vig\u00eancia do edital tamb\u00e9m foi prorrogada at\u00e9 31 de dezembro de 2024, sete meses a mais em rela\u00e7\u00e3o \u00e0 previs\u00e3o inicial. As propostas devem ser enviadas por meio do portal BNB na internet. Os demais prazos do processo tamb\u00e9m sofreram altera\u00e7\u00e3o. Para os projetos inscritos no edital de patroc\u00ednio do segmento institucional e mercadol\u00f3gico, o an\u00fancio das propostas selecionadas ocorrer\u00e1 em maio deste ano e sua execu\u00e7\u00e3o deve ser realizada entre 1\u00ba de&hellip; <\/p>\n","protected":false},"author":2,"featured_media":154740,"comment_status":"open","ping_status":"open","sticky":false,"template":"","format":"standard","meta":{"_acf_changed":false,"footnotes":""},"categories":[32],"tags":[],"class_list":["post-333372","post","type-post","status-publish","format-standard","has-post-thumbnail","hentry","category-costumes"],"acf":[],"yoast_head":"<!-- This site is optimized with the Yoast SEO plugin v27.4 - https:\/\/yoast.com\/product\/yoast-seo-wordpress\/ -->\n<title>BNB prorroga prazo para inscri\u00e7\u00f5es em editais de patroc\u00ednio para projetos institucionais, mercadol\u00f3gicos e culturais - Blog do Farn\u00e9sio<\/title>\n<meta name=\"robots\" content=\"index, follow, max-snippet:-1, max-image-preview:large, max-video-preview:-1\" \/>\n<link rel=\"canonical\" href=\"https:\/\/blogdofarnesio.com.br\/?p=333372\" \/>\n<meta property=\"og:locale\" content=\"pt_BR\" \/>\n<meta property=\"og:type\" content=\"article\" \/>\n<meta property=\"og:title\" content=\"BNB prorroga prazo para inscri\u00e7\u00f5es em editais de patroc\u00ednio para projetos institucionais, mercadol\u00f3gicos e culturais - Blog do Farn\u00e9sio\" \/>\n<meta property=\"og:description\" content=\"O Banco do Nordeste (BNB) prorrogou o prazo para recebimento de inscri\u00e7\u00f5es de projetos em editais de sele\u00e7\u00e3o para patroc\u00ednio de a\u00e7\u00f5es institucionais, mercadol\u00f3gicos e culturais. O per\u00edodo de inscri\u00e7\u00e3o, que terminaria no dia 3 de fevereiro, passa a seguir at\u00e9 o dia 3 de mar\u00e7o. A vig\u00eancia do edital tamb\u00e9m foi prorrogada at\u00e9 31 de dezembro de 2024, sete meses a mais em rela\u00e7\u00e3o \u00e0 previs\u00e3o inicial. As propostas devem ser enviadas por meio do portal BNB na internet. Os demais prazos do processo tamb\u00e9m sofreram altera\u00e7\u00e3o. Para os projetos inscritos no edital de patroc\u00ednio do segmento institucional e mercadol\u00f3gico, o an\u00fancio das propostas selecionadas ocorrer\u00e1 em maio deste ano e sua execu\u00e7\u00e3o deve ser realizada entre 1\u00ba de&hellip;\" \/>\n<meta property=\"og:url\" content=\"https:\/\/blogdofarnesio.com.br\/?p=333372\" \/>\n<meta property=\"og:site_name\" content=\"Blog do Farn\u00e9sio\" \/>\n<meta property=\"article:publisher\" content=\"https:\/\/www.facebook.com\/BlogQuerSaberPolitica\/\" \/>\n<meta property=\"article:author\" content=\"https:\/\/www.facebook.com\/?ref=tn_tnmn\" \/>\n<meta property=\"article:published_time\" content=\"2023-02-09T18:44:41+00:00\" \/>\n<meta property=\"og:image\" content=\"https:\/\/blogdofarnesio.com.br\/wp-content\/uploads\/2017\/01\/BLOGQSP-bnb-da-adolfo-viana.jpg\" \/>\n\t<meta property=\"og:image:width\" content=\"620\" \/>\n\t<meta property=\"og:image:height\" content=\"349\" \/>\n\t<meta property=\"og:image:type\" content=\"image\/jpeg\" \/>\n<meta name=\"author\" content=\"Farn\u00e9sio\" \/>\n<meta name=\"twitter:card\" content=\"summary_large_image\" \/>\n<meta name=\"twitter:label1\" content=\"Escrito por\" \/>\n\t<meta name=\"twitter:data1\" content=\"Farn\u00e9sio\" \/>\n\t<meta name=\"twitter:label2\" content=\"Est. tempo de leitura\" \/>\n\t<meta name=\"twitter:data2\" content=\"3 minutos\" \/>\n<script type=\"application\/ld+json\" class=\"yoast-schema-graph\">{\"@context\":\"https:\\\/\\\/schema.org\",\"@graph\":[{\"@type\":\"Article\",\"@id\":\"https:\\\/\\\/blogdofarnesio.com.br\\\/?p=333372#article\",\"isPartOf\":{\"@id\":\"https:\\\/\\\/blogdofarnesio.com.br\\\/?p=333372\"},\"author\":{\"name\":\"Farn\u00e9sio\",\"@id\":\"https:\\\/\\\/blogdofarnesio.com.br\\\/#\\\/schema\\\/person\\\/bb9b23ae3ad0609ce8df7b6c9e76824d\"},\"headline\":\"BNB prorroga prazo para inscri\u00e7\u00f5es em editais de patroc\u00ednio para projetos institucionais, mercadol\u00f3gicos e culturais\",\"datePublished\":\"2023-02-09T18:44:41+00:00\",\"mainEntityOfPage\":{\"@id\":\"https:\\\/\\\/blogdofarnesio.com.br\\\/?p=333372\"},\"wordCount\":569,\"commentCount\":0,\"publisher\":{\"@id\":\"https:\\\/\\\/blogdofarnesio.com.br\\\/#organization\"},\"image\":{\"@id\":\"https:\\\/\\\/blogdofarnesio.com.br\\\/?p=333372#primaryimage\"},\"thumbnailUrl\":\"https:\\\/\\\/blogdofarnesio.com.br\\\/wp-content\\\/uploads\\\/2017\\\/01\\\/BLOGQSP-bnb-da-adolfo-viana.jpg\",\"articleSection\":[\"Costumes\"],\"inLanguage\":\"pt-BR\",\"potentialAction\":[{\"@type\":\"CommentAction\",\"name\":\"Comment\",\"target\":[\"https:\\\/\\\/blogdofarnesio.com.br\\\/?p=333372#respond\"]}]},{\"@type\":\"WebPage\",\"@id\":\"https:\\\/\\\/blogdofarnesio.com.br\\\/?p=333372\",\"url\":\"https:\\\/\\\/blogdofarnesio.com.br\\\/?p=333372\",\"name\":\"BNB prorroga prazo para inscri\u00e7\u00f5es em editais de patroc\u00ednio para projetos institucionais, mercadol\u00f3gicos e culturais - Blog do Farn\u00e9sio\",\"isPartOf\":{\"@id\":\"https:\\\/\\\/blogdofarnesio.com.br\\\/#website\"},\"primaryImageOfPage\":{\"@id\":\"https:\\\/\\\/blogdofarnesio.com.br\\\/?p=333372#primaryimage\"},\"image\":{\"@id\":\"https:\\\/\\\/blogdofarnesio.com.br\\\/?p=333372#primaryimage\"},\"thumbnailUrl\":\"https:\\\/\\\/blogdofarnesio.com.br\\\/wp-content\\\/uploads\\\/2017\\\/01\\\/BLOGQSP-bnb-da-adolfo-viana.jpg\",\"datePublished\":\"2023-02-09T18:44:41+00:00\",\"breadcrumb\":{\"@id\":\"https:\\\/\\\/blogdofarnesio.com.br\\\/?p=333372#breadcrumb\"},\"inLanguage\":\"pt-BR\",\"potentialAction\":[{\"@type\":\"ReadAction\",\"target\":[\"https:\\\/\\\/blogdofarnesio.com.br\\\/?p=333372\"]}]},{\"@type\":\"ImageObject\",\"inLanguage\":\"pt-BR\",\"@id\":\"https:\\\/\\\/blogdofarnesio.com.br\\\/?p=333372#primaryimage\",\"url\":\"https:\\\/\\\/blogdofarnesio.com.br\\\/wp-content\\\/uploads\\\/2017\\\/01\\\/BLOGQSP-bnb-da-adolfo-viana.jpg\",\"contentUrl\":\"https:\\\/\\\/blogdofarnesio.com.br\\\/wp-content\\\/uploads\\\/2017\\\/01\\\/BLOGQSP-bnb-da-adolfo-viana.jpg\",\"width\":620,\"height\":349},{\"@type\":\"BreadcrumbList\",\"@id\":\"https:\\\/\\\/blogdofarnesio.com.br\\\/?p=333372#breadcrumb\",\"itemListElement\":[{\"@type\":\"ListItem\",\"position\":1,\"name\":\"In\u00edcio\",\"item\":\"https:\\\/\\\/blogdofarnesio.com.br\\\/\"},{\"@type\":\"ListItem\",\"position\":2,\"name\":\"BNB prorroga prazo para inscri\u00e7\u00f5es em editais de patroc\u00ednio para projetos institucionais, mercadol\u00f3gicos e culturais\"}]},{\"@type\":\"WebSite\",\"@id\":\"https:\\\/\\\/blogdofarnesio.com.br\\\/#website\",\"url\":\"https:\\\/\\\/blogdofarnesio.com.br\\\/\",\"name\":\"Blog do Farn\u00e9sio\",\"description\":\"Quer Saber Pol\u00edtica?\",\"publisher\":{\"@id\":\"https:\\\/\\\/blogdofarnesio.com.br\\\/#organization\"},\"potentialAction\":[{\"@type\":\"SearchAction\",\"target\":{\"@type\":\"EntryPoint\",\"urlTemplate\":\"https:\\\/\\\/blogdofarnesio.com.br\\\/?s={search_term_string}\"},\"query-input\":{\"@type\":\"PropertyValueSpecification\",\"valueRequired\":true,\"valueName\":\"search_term_string\"}}],\"inLanguage\":\"pt-BR\"},{\"@type\":\"Organization\",\"@id\":\"https:\\\/\\\/blogdofarnesio.com.br\\\/#organization\",\"name\":\"Blog do Farn\u00e9sio\",\"url\":\"https:\\\/\\\/blogdofarnesio.com.br\\\/\",\"logo\":{\"@type\":\"ImageObject\",\"inLanguage\":\"pt-BR\",\"@id\":\"https:\\\/\\\/blogdofarnesio.com.br\\\/#\\\/schema\\\/logo\\\/image\\\/\",\"url\":\"https:\\\/\\\/blogdofarnesio.com.br\\\/wp-content\\\/uploads\\\/2026\\\/03\\\/cropped-logo_new-1.png\",\"contentUrl\":\"https:\\\/\\\/blogdofarnesio.com.br\\\/wp-content\\\/uploads\\\/2026\\\/03\\\/cropped-logo_new-1.png\",\"width\":881,\"height\":685,\"caption\":\"Blog do Farn\u00e9sio\"},\"image\":{\"@id\":\"https:\\\/\\\/blogdofarnesio.com.br\\\/#\\\/schema\\\/logo\\\/image\\\/\"},\"sameAs\":[\"https:\\\/\\\/www.facebook.com\\\/BlogQuerSaberPolitica\\\/\"]},{\"@type\":\"Person\",\"@id\":\"https:\\\/\\\/blogdofarnesio.com.br\\\/#\\\/schema\\\/person\\\/bb9b23ae3ad0609ce8df7b6c9e76824d\",\"name\":\"Farn\u00e9sio\",\"image\":{\"@type\":\"ImageObject\",\"inLanguage\":\"pt-BR\",\"@id\":\"https:\\\/\\\/secure.gravatar.com\\\/avatar\\\/986aa4c61ccdb66f8555bf88fc2a65609d00bcabd4d2d94377a727547345cbca?s=96&d=mm&r=g\",\"url\":\"https:\\\/\\\/secure.gravatar.com\\\/avatar\\\/986aa4c61ccdb66f8555bf88fc2a65609d00bcabd4d2d94377a727547345cbca?s=96&d=mm&r=g\",\"contentUrl\":\"https:\\\/\\\/secure.gravatar.com\\\/avatar\\\/986aa4c61ccdb66f8555bf88fc2a65609d00bcabd4d2d94377a727547345cbca?s=96&d=mm&r=g\",\"caption\":\"Farn\u00e9sio\"},\"description\":\"Radialista blogueiro, chegou a Petrolina\\\/Juazeiro em setembro de 1980, Farn\u00e9sio Silva \u00e9 de Arapiraca-Alagoas.\",\"sameAs\":[\"http:\\\/\\\/blogdofarnesio.com.br\",\"https:\\\/\\\/www.facebook.com\\\/?ref=tn_tnmn\",\"https:\\\/\\\/www.instagram.com\\\/?utm_source=pwa_homescreen\",\"https:\\\/\\\/youtube.com.br\\\/\"],\"url\":\"https:\\\/\\\/blogdofarnesio.com.br\\\/?author=2\"}]}<\/script>\n<!-- \/ Yoast SEO plugin. -->","yoast_head_json":{"title":"BNB prorroga prazo para inscri\u00e7\u00f5es em editais de patroc\u00ednio para projetos institucionais, mercadol\u00f3gicos e culturais - Blog do Farn\u00e9sio","robots":{"index":"index","follow":"follow","max-snippet":"max-snippet:-1","max-image-preview":"max-image-preview:large","max-video-preview":"max-video-preview:-1"},"canonical":"https:\/\/blogdofarnesio.com.br\/?p=333372","og_locale":"pt_BR","og_type":"article","og_title":"BNB prorroga prazo para inscri\u00e7\u00f5es em editais de patroc\u00ednio para projetos institucionais, mercadol\u00f3gicos e culturais - Blog do Farn\u00e9sio","og_description":"O Banco do Nordeste (BNB) prorrogou o prazo para recebimento de inscri\u00e7\u00f5es de projetos em editais de sele\u00e7\u00e3o para patroc\u00ednio de a\u00e7\u00f5es institucionais, mercadol\u00f3gicos e culturais. O per\u00edodo de inscri\u00e7\u00e3o, que terminaria no dia 3 de fevereiro, passa a seguir at\u00e9 o dia 3 de mar\u00e7o. A vig\u00eancia do edital tamb\u00e9m foi prorrogada at\u00e9 31 de dezembro de 2024, sete meses a mais em rela\u00e7\u00e3o \u00e0 previs\u00e3o inicial. As propostas devem ser enviadas por meio do portal BNB na internet. Os demais prazos do processo tamb\u00e9m sofreram altera\u00e7\u00e3o. Para os projetos inscritos no edital de patroc\u00ednio do segmento institucional e mercadol\u00f3gico, o an\u00fancio das propostas selecionadas ocorrer\u00e1 em maio deste ano e sua execu\u00e7\u00e3o deve ser realizada entre 1\u00ba de&hellip;","og_url":"https:\/\/blogdofarnesio.com.br\/?p=333372","og_site_name":"Blog do Farn\u00e9sio","article_publisher":"https:\/\/www.facebook.com\/BlogQuerSaberPolitica\/","article_author":"https:\/\/www.facebook.com\/?ref=tn_tnmn","article_published_time":"2023-02-09T18:44:41+00:00","og_image":[{"width":620,"height":349,"url":"https:\/\/blogdofarnesio.com.br\/wp-content\/uploads\/2017\/01\/BLOGQSP-bnb-da-adolfo-viana.jpg","type":"image\/jpeg"}],"author":"Farn\u00e9sio","twitter_card":"summary_large_image","twitter_misc":{"Escrito por":"Farn\u00e9sio","Est. tempo de leitura":"3 minutos"},"schema":{"@context":"https:\/\/schema.org","@graph":[{"@type":"Article","@id":"https:\/\/blogdofarnesio.com.br\/?p=333372#article","isPartOf":{"@id":"https:\/\/blogdofarnesio.com.br\/?p=333372"},"author":{"name":"Farn\u00e9sio","@id":"https:\/\/blogdofarnesio.com.br\/#\/schema\/person\/bb9b23ae3ad0609ce8df7b6c9e76824d"},"headline":"BNB prorroga prazo para inscri\u00e7\u00f5es em editais de patroc\u00ednio para projetos institucionais, mercadol\u00f3gicos e culturais","datePublished":"2023-02-09T18:44:41+00:00","mainEntityOfPage":{"@id":"https:\/\/blogdofarnesio.com.br\/?p=333372"},"wordCount":569,"commentCount":0,"publisher":{"@id":"https:\/\/blogdofarnesio.com.br\/#organization"},"image":{"@id":"https:\/\/blogdofarnesio.com.br\/?p=333372#primaryimage"},"thumbnailUrl":"https:\/\/blogdofarnesio.com.br\/wp-content\/uploads\/2017\/01\/BLOGQSP-bnb-da-adolfo-viana.jpg","articleSection":["Costumes"],"inLanguage":"pt-BR","potentialAction":[{"@type":"CommentAction","name":"Comment","target":["https:\/\/blogdofarnesio.com.br\/?p=333372#respond"]}]},{"@type":"WebPage","@id":"https:\/\/blogdofarnesio.com.br\/?p=333372","url":"https:\/\/blogdofarnesio.com.br\/?p=333372","name":"BNB prorroga prazo para inscri\u00e7\u00f5es em editais de patroc\u00ednio para projetos institucionais, mercadol\u00f3gicos e culturais - Blog do Farn\u00e9sio","isPartOf":{"@id":"https:\/\/blogdofarnesio.com.br\/#website"},"primaryImageOfPage":{"@id":"https:\/\/blogdofarnesio.com.br\/?p=333372#primaryimage"},"image":{"@id":"https:\/\/blogdofarnesio.com.br\/?p=333372#primaryimage"},"thumbnailUrl":"https:\/\/blogdofarnesio.com.br\/wp-content\/uploads\/2017\/01\/BLOGQSP-bnb-da-adolfo-viana.jpg","datePublished":"2023-02-09T18:44:41+00:00","breadcrumb":{"@id":"https:\/\/blogdofarnesio.com.br\/?p=333372#breadcrumb"},"inLanguage":"pt-BR","potentialAction":[{"@type":"ReadAction","target":["https:\/\/blogdofarnesio.com.br\/?p=333372"]}]},{"@type":"ImageObject","inLanguage":"pt-BR","@id":"https:\/\/blogdofarnesio.com.br\/?p=333372#primaryimage","url":"https:\/\/blogdofarnesio.com.br\/wp-content\/uploads\/2017\/01\/BLOGQSP-bnb-da-adolfo-viana.jpg","contentUrl":"https:\/\/blogdofarnesio.com.br\/wp-content\/uploads\/2017\/01\/BLOGQSP-bnb-da-adolfo-viana.jpg","width":620,"height":349},{"@type":"BreadcrumbList","@id":"https:\/\/blogdofarnesio.com.br\/?p=333372#breadcrumb","itemListElement":[{"@type":"ListItem","position":1,"name":"In\u00edcio","item":"https:\/\/blogdofarnesio.com.br\/"},{"@type":"ListItem","position":2,"name":"BNB prorroga prazo para inscri\u00e7\u00f5es em editais de patroc\u00ednio para projetos institucionais, mercadol\u00f3gicos e culturais"}]},{"@type":"WebSite","@id":"https:\/\/blogdofarnesio.com.br\/#website","url":"https:\/\/blogdofarnesio.com.br\/","name":"Blog do Farn\u00e9sio","description":"Quer Saber Pol\u00edtica?","publisher":{"@id":"https:\/\/blogdofarnesio.com.br\/#organization"},"potentialAction":[{"@type":"SearchAction","target":{"@type":"EntryPoint","urlTemplate":"https:\/\/blogdofarnesio.com.br\/?s={search_term_string}"},"query-input":{"@type":"PropertyValueSpecification","valueRequired":true,"valueName":"search_term_string"}}],"inLanguage":"pt-BR"},{"@type":"Organization","@id":"https:\/\/blogdofarnesio.com.br\/#organization","name":"Blog do Farn\u00e9sio","url":"https:\/\/blogdofarnesio.com.br\/","logo":{"@type":"ImageObject","inLanguage":"pt-BR","@id":"https:\/\/blogdofarnesio.com.br\/#\/schema\/logo\/image\/","url":"https:\/\/blogdofarnesio.com.br\/wp-content\/uploads\/2026\/03\/cropped-logo_new-1.png","contentUrl":"https:\/\/blogdofarnesio.com.br\/wp-content\/uploads\/2026\/03\/cropped-logo_new-1.png","width":881,"height":685,"caption":"Blog do Farn\u00e9sio"},"image":{"@id":"https:\/\/blogdofarnesio.com.br\/#\/schema\/logo\/image\/"},"sameAs":["https:\/\/www.facebook.com\/BlogQuerSaberPolitica\/"]},{"@type":"Person","@id":"https:\/\/blogdofarnesio.com.br\/#\/schema\/person\/bb9b23ae3ad0609ce8df7b6c9e76824d","name":"Farn\u00e9sio","image":{"@type":"ImageObject","inLanguage":"pt-BR","@id":"https:\/\/secure.gravatar.com\/avatar\/986aa4c61ccdb66f8555bf88fc2a65609d00bcabd4d2d94377a727547345cbca?s=96&d=mm&r=g","url":"https:\/\/secure.gravatar.com\/avatar\/986aa4c61ccdb66f8555bf88fc2a65609d00bcabd4d2d94377a727547345cbca?s=96&d=mm&r=g","contentUrl":"https:\/\/secure.gravatar.com\/avatar\/986aa4c61ccdb66f8555bf88fc2a65609d00bcabd4d2d94377a727547345cbca?s=96&d=mm&r=g","caption":"Farn\u00e9sio"},"description":"Radialista blogueiro, chegou a Petrolina\/Juazeiro em setembro de 1980, Farn\u00e9sio Silva \u00e9 de Arapiraca-Alagoas.","sameAs":["http:\/\/blogdofarnesio.com.br","https:\/\/www.facebook.com\/?ref=tn_tnmn","https:\/\/www.instagram.com\/?utm_source=pwa_homescreen","https:\/\/youtube.com.br\/"],"url":"https:\/\/blogdofarnesio.com.br\/?author=2"}]}},"_links":{"self":[{"href":"https:\/\/blogdofarnesio.com.br\/index.php?rest_route=\/wp\/v2\/posts\/333372","targetHints":{"allow":["GET"]}}],"collection":[{"href":"https:\/\/blogdofarnesio.com.br\/index.php?rest_route=\/wp\/v2\/posts"}],"about":[{"href":"https:\/\/blogdofarnesio.com.br\/index.php?rest_route=\/wp\/v2\/types\/post"}],"author":[{"embeddable":true,"href":"https:\/\/blogdofarnesio.com.br\/index.php?rest_route=\/wp\/v2\/users\/2"}],"replies":[{"embeddable":true,"href":"https:\/\/blogdofarnesio.com.br\/index.php?rest_route=%2Fwp%2Fv2%2Fcomments&post=333372"}],"version-history":[{"count":0,"href":"https:\/\/blogdofarnesio.com.br\/index.php?rest_route=\/wp\/v2\/posts\/333372\/revisions"}],"wp:featuredmedia":[{"embeddable":true,"href":"https:\/\/blogdofarnesio.com.br\/index.php?rest_route=\/wp\/v2\/media\/154740"}],"wp:attachment":[{"href":"https:\/\/blogdofarnesio.com.br\/index.php?rest_route=%2Fwp%2Fv2%2Fmedia&parent=333372"}],"wp:term":[{"taxonomy":"category","embeddable":true,"href":"https:\/\/blogdofarnesio.com.br\/index.php?rest_route=%2Fwp%2Fv2%2Fcategories&post=333372"},{"taxonomy":"post_tag","embeddable":true,"href":"https:\/\/blogdofarnesio.com.br\/index.php?rest_route=%2Fwp%2Fv2%2Ftags&post=333372"}],"curies":[{"name":"wp","href":"https:\/\/api.w.org\/{rel}","templated":true}]}}