{"id":333367,"date":"2023-02-09T15:03:21","date_gmt":"2023-02-09T18:03:21","guid":{"rendered":"https:\/\/blogdofarnesio.com.br\/?p=333367"},"modified":"2023-02-09T12:53:48","modified_gmt":"2023-02-09T15:53:48","slug":"333367-2","status":"publish","type":"post","link":"https:\/\/blogdofarnesio.com.br\/?p=333367","title":{"rendered":"Alexandre Garcia: 12 ministros do governo Lula s\u00e3o alvo de processos na Justi\u00e7a; ou\u00e7a"},"content":{"rendered":"<div class=\"meta-info\">\n<div class=\"td-post-author-name\">Ao menos 12 dos 37 ministros do governo Lula enfrentam processos ativos na Justi\u00e7a atualmente. A informa\u00e7\u00e3o consta em um levantamento publicado pelo portal Poder360 nesta segunda-feira (6). Fazem parte da lista as a\u00e7\u00f5es que tramitam no Supremo Tribunal Federal (<a href=\"http:\/\/pleno.news\/tag\/stf\" target=\"_blank\" rel=\"noopener noreferrer\">STF<\/a>), no Superior Tribunal de Justi\u00e7a (<a href=\"http:\/\/pleno.news\/tag\/stj\" target=\"_blank\" rel=\"noopener noreferrer\">STJ<\/a>), nos tribunais regionais federais e nos tribunais de justi\u00e7a estaduais.<\/div>\n<\/div>\n<div class=\"td-post-text-content\">\n<p>Do total de ministros, tr\u00eas j\u00e1 possuem condena\u00e7\u00f5es e tentam revert\u00ea-las no Judici\u00e1rio, s\u00e3o eles: Waldez G\u00f3es (Integra\u00e7\u00e3o Nacional), Luiz Marinho (Trabalho e Emprego) e Luciana Santos (Ci\u00eancia e Tecnologia). Outros nove integrantes do governo tamb\u00e9m s\u00e3o alvo de a\u00e7\u00f5es, mas ainda n\u00e3o receberam condena\u00e7\u00f5es.<\/p>\n<p><strong>WALDEZ G\u00d3ES J\u00c1 FOI CONDENADO NO STJ<br \/>\n<\/strong>No caso de G\u00f3es, foi o Minist\u00e9rio P\u00fablico do Amap\u00e1 quem acusou o atual ministro da Integra\u00e7\u00e3o Nacional de ter cometido peculato por atos administrativos em 2009 e 2010, quando era governador do estado. A acusa\u00e7\u00e3o apontou que o pol\u00edtico teria desviado recursos que deveriam ser reservados ao pagamento de empr\u00e9stimos consignados feitos por servidores p\u00fablicos estaduais.<\/p>\n<p>G\u00f3es chegou a ser absolvido pela Justi\u00e7a do Amap\u00e1 em primeira inst\u00e2ncia, mas o Minist\u00e9rio P\u00fablico recorreu e o ex-governador foi condenado no Superior Tribunal de Justi\u00e7a a seis anos e nove meses de pris\u00e3o, al\u00e9m de receber uma multa de R$ 6,3 milh\u00f5es. O processo foi ent\u00e3o enviado ao Supremo Tribunal Federal.<\/p>\n<p>J\u00e1 na Suprema Corte, o ex-governador recebeu uma liminar favor\u00e1vel em 2020 concedida pelo ministro Dias Toffoli. Em abril de 2021, o julgamento foi interrompido por pedido de vista feito pelo ministro Alexandre de Moraes e desde ent\u00e3o n\u00e3o voltou a tramitar.<\/p>\n<p><strong>LUIZ MARINHO \u00c9 ACUSADO DE NEPOTISMO CRUZADO<br \/>\n<\/strong>O ministro do Trabalho e Emprego, Luiz Marinho, foi acusado pelo Minist\u00e9rio P\u00fablico de S\u00e3o Paulo de praticar nepotismo cruzado quando era prefeito da cidade de S\u00e3o Bernardo do Campo (SP). Na acusa\u00e7\u00e3o, \u00e9 citada a nomea\u00e7\u00e3o de Aglaupe Gebara Grana em 2005 a um cargo de confian\u00e7a de t\u00e9cnico operacional na Prefeitura de S\u00e3o Bernardo.<\/p>\n<p>De acordo com o MP, Marinho recebeu em troca, quatro meses depois de admitir Aglaupe, a nomea\u00e7\u00e3o de sua cunhada, Sandra Losano Marinho, na Prefeitura de Santo Andr\u00e9. Ele chegou a ser inocentado na primeira inst\u00e2ncia da Justi\u00e7a de S\u00e3o Paulo, mas foi condenado em segunda inst\u00e2ncia.<\/p>\n<p>A assessoria de Marinho informou que a defesa do ministro j\u00e1 entrou com recurso contra a decis\u00e3o e acredita \u201cna revers\u00e3o do resultado reafirmando a senten\u00e7a de primeira inst\u00e2ncia\u201d. A assessoria ainda diz refor\u00e7ar \u201co entendimento de que n\u00e3o ocorreu nenhum il\u00edcito no ato praticado pelo ent\u00e3o prefeito\u201d.<\/p>\n<p><strong>LUCIANA SANTOS J\u00c1 FOI CONDENADA POR IRREGULARIDADES EM CONTRATA\u00c7\u00c3O<br \/>\n<\/strong>A atual ministra da Ci\u00eancia e Tecnologia, Luciana Santos, foi alvo de uma acusa\u00e7\u00e3o do Minist\u00e9rio P\u00fablico de Pernambuco por poss\u00edveis irregularidades na contrata\u00e7\u00e3o da empresa Cit\u00e9luz para gerenciar o sistema de ilumina\u00e7\u00e3o p\u00fablica de Olinda de 2004 a 2009, quando a atual ministra era prefeita da cidade. O valor total do contrato foi de R$ 7,4 milh\u00f5es.<\/p>\n<p>O Tribunal de Justi\u00e7a de Pernambuco condenou Luciana em 2019 a ter os direitos pol\u00edticos suspensos por seis anos e a uma multa de cinco vezes seu sal\u00e1rio da \u00e9poca na Prefeitura de Olinda por improbidade administrativa. A atual ministra recorreu da decis\u00e3o.<\/p>\n<p>Ao site Poder360, ela alegou que a pr\u00f3pria senten\u00e7a reconheceu que ela e \u201cos demais agentes p\u00fablicos processados n\u00e3o receberam ou desviaram qualquer dinheiro p\u00fablico\u201d e que, por isso, n\u00e3o haveria \u201cqualquer demonstra\u00e7\u00e3o de que os requeridos, isoladamente ou de forma consorciada, receberam ou desviaram dinheiro p\u00fablico\u201d.<\/p>\n<p>Al\u00e9m do processo em que foi condenada, Luciana ainda responde a outros tr\u00eas processos. Em um deles, o MP de Pernambuco denunciou Luciana por ter contratado em 2001, com dispensa de licita\u00e7\u00e3o, a empresa Midnet para alugar ve\u00edculos \u00e0 Secretaria de Sa\u00fade Municipal de Olinda, tamb\u00e9m quando era prefeita. O MP afirmou que haveria ind\u00edcios de fraude para beneficiar a empresa.<\/p>\n<p>Outra a\u00e7\u00e3o foi movida pelo munic\u00edpio de Olinda em 2019 contra Luciana com pedido de ressarcimento. Houve rejei\u00e7\u00e3o das contas de um conv\u00eanio com o Fundo Nacional de Desenvolvimento da Educa\u00e7\u00e3o (FNDE) no valor de R$ 189 mil para aquisi\u00e7\u00e3o de material did\u00e1tico. No processo, o poder p\u00fablico culpou a gest\u00e3o de Luciana por n\u00e3o ter comprovado o uso dos recursos.<\/p>\n<p>Por fim, a \u00faltima das a\u00e7\u00f5es \u00e9 do advogado Ot\u00e1vio Henrique de Lemos Bernardo. O profissional entrou com a\u00e7\u00e3o judicial contra Luciana Santos dizendo que, em 2021, a ent\u00e3o governadora em exerc\u00edcio de Pernambuco usou uma aeronave oficial para se deslocar a uma festa particular em Brejo da Madre de Deus, no agreste pernambucano.<\/p>\n<p><strong>OUTROS NOVE MINISTROS TAMB\u00c9M POSSUEM PROCESSOS<br \/>\n<\/strong>Al\u00e9m dos tr\u00eas condenados, outros nove ministros de Lula tamb\u00e9m possuem processos na Justi\u00e7a. A ministra do Esporte, Ana Moser, \u00e9 alvo de tr\u00eas a\u00e7\u00f5es de execu\u00e7\u00e3o fiscal nas cidades paulistas de Guaruj\u00e1 e S\u00e3o Sebasti\u00e3o. A assessoria da ministra informou que os processos \u201cdizem respeito a um parcelamento de d\u00edvida de IPTU e que as tratativas para pagamento j\u00e1 est\u00e3o sendo feitas\u201d.<\/p>\n<p>O ministro da Educa\u00e7\u00e3o, Camilo Santana, \u00e9 alvo de dois processos, um deles diz respeito a um suposto desvio de recursos do Fundo Estadual de Combate \u00e0 Pobreza (Fecop) e o outro est\u00e1 relacionado a uma acusa\u00e7\u00e3o de improbidade administrativa por causa de uma aposentadoria volunt\u00e1ria especial concedida por Santana enquanto governador do Cear\u00e1.<\/p>\n<p>J\u00e1 o ministro da Agricultura, Carlos F\u00e1varo, \u00e9 alvo de uma a\u00e7\u00e3o movida em 2019 por um empres\u00e1rio dono de uma empresa de consultoria. O empreendedor cobra uma d\u00edvida de R$ 691 mil, vencida naquele ano, contra o chefe da pasta federal e outras tr\u00eas pessoas.<\/p>\n<p>Tamb\u00e9m fazem parte da lista de processados os ministros Carlos Lupi (Previd\u00eancia Social), Fl\u00e1vio Dino (Justi\u00e7a e Seguran\u00e7a P\u00fablica), Margareth Menezes (Cultura), Renan Filho (Transportes), Rui Costa (Casa Civil) e Wellington Dias (Desenvolvimento e Assist\u00eancia Social, Fam\u00edlia e Combate \u00e0 Fome).<\/p>\n<\/div>\n<div><\/div>\n","protected":false},"excerpt":{"rendered":"<p>Ao menos 12 dos 37 ministros do governo Lula enfrentam processos ativos na Justi\u00e7a atualmente. A informa\u00e7\u00e3o consta em um levantamento publicado pelo portal Poder360 nesta segunda-feira (6). Fazem parte da lista as a\u00e7\u00f5es que tramitam no Supremo Tribunal Federal (STF), no Superior Tribunal de Justi\u00e7a (STJ), nos tribunais regionais federais e nos tribunais de justi\u00e7a estaduais. Do total de ministros, tr\u00eas j\u00e1 possuem condena\u00e7\u00f5es e tentam revert\u00ea-las no Judici\u00e1rio, s\u00e3o eles: Waldez G\u00f3es (Integra\u00e7\u00e3o Nacional), Luiz Marinho (Trabalho e Emprego) e Luciana Santos (Ci\u00eancia e Tecnologia). Outros nove integrantes do governo tamb\u00e9m s\u00e3o alvo de a\u00e7\u00f5es, mas ainda n\u00e3o receberam condena\u00e7\u00f5es. WALDEZ G\u00d3ES J\u00c1 FOI CONDENADO NO STJ No caso de G\u00f3es, foi o Minist\u00e9rio P\u00fablico do Amap\u00e1 quem&hellip; <\/p>\n","protected":false},"author":2,"featured_media":333368,"comment_status":"open","ping_status":"open","sticky":false,"template":"","format":"standard","meta":{"_acf_changed":false,"footnotes":""},"categories":[30],"tags":[],"class_list":["post-333367","post","type-post","status-publish","format-standard","has-post-thumbnail","hentry","category-artigo"],"acf":[],"yoast_head":"<!-- This site is optimized with the Yoast SEO plugin v27.4 - https:\/\/yoast.com\/product\/yoast-seo-wordpress\/ -->\n<title>Alexandre Garcia: 12 ministros do governo Lula s\u00e3o alvo de processos na Justi\u00e7a; ou\u00e7a - Blog do Farn\u00e9sio<\/title>\n<meta name=\"robots\" content=\"index, follow, max-snippet:-1, max-image-preview:large, max-video-preview:-1\" \/>\n<link rel=\"canonical\" href=\"https:\/\/blogdofarnesio.com.br\/?p=333367\" \/>\n<meta property=\"og:locale\" content=\"pt_BR\" \/>\n<meta property=\"og:type\" content=\"article\" \/>\n<meta property=\"og:title\" content=\"Alexandre Garcia: 12 ministros do governo Lula s\u00e3o alvo de processos na Justi\u00e7a; ou\u00e7a - Blog do Farn\u00e9sio\" \/>\n<meta property=\"og:description\" content=\"Ao menos 12 dos 37 ministros do governo Lula enfrentam processos ativos na Justi\u00e7a atualmente. A informa\u00e7\u00e3o consta em um levantamento publicado pelo portal Poder360 nesta segunda-feira (6). Fazem parte da lista as a\u00e7\u00f5es que tramitam no Supremo Tribunal Federal (STF), no Superior Tribunal de Justi\u00e7a (STJ), nos tribunais regionais federais e nos tribunais de justi\u00e7a estaduais. Do total de ministros, tr\u00eas j\u00e1 possuem condena\u00e7\u00f5es e tentam revert\u00ea-las no Judici\u00e1rio, s\u00e3o eles: Waldez G\u00f3es (Integra\u00e7\u00e3o Nacional), Luiz Marinho (Trabalho e Emprego) e Luciana Santos (Ci\u00eancia e Tecnologia). Outros nove integrantes do governo tamb\u00e9m s\u00e3o alvo de a\u00e7\u00f5es, mas ainda n\u00e3o receberam condena\u00e7\u00f5es. WALDEZ G\u00d3ES J\u00c1 FOI CONDENADO NO STJ No caso de G\u00f3es, foi o Minist\u00e9rio P\u00fablico do Amap\u00e1 quem&hellip;\" \/>\n<meta property=\"og:url\" content=\"https:\/\/blogdofarnesio.com.br\/?p=333367\" \/>\n<meta property=\"og:site_name\" content=\"Blog do Farn\u00e9sio\" \/>\n<meta property=\"article:publisher\" content=\"https:\/\/www.facebook.com\/BlogQuerSaberPolitica\/\" \/>\n<meta property=\"article:author\" content=\"https:\/\/www.facebook.com\/?ref=tn_tnmn\" \/>\n<meta property=\"article:published_time\" content=\"2023-02-09T18:03:21+00:00\" \/>\n<meta property=\"og:image\" content=\"https:\/\/blogdofarnesio.com.br\/wp-content\/uploads\/2023\/02\/blogqspalexandre-garcia-1-300x169-1.jpg\" \/>\n\t<meta property=\"og:image:width\" content=\"300\" \/>\n\t<meta property=\"og:image:height\" content=\"169\" \/>\n\t<meta property=\"og:image:type\" content=\"image\/jpeg\" \/>\n<meta name=\"author\" content=\"Farn\u00e9sio\" \/>\n<meta name=\"twitter:card\" content=\"summary_large_image\" \/>\n<meta name=\"twitter:label1\" content=\"Escrito por\" \/>\n\t<meta name=\"twitter:data1\" content=\"Farn\u00e9sio\" \/>\n\t<meta name=\"twitter:label2\" content=\"Est. tempo de leitura\" \/>\n\t<meta name=\"twitter:data2\" content=\"6 minutos\" \/>\n<script type=\"application\/ld+json\" class=\"yoast-schema-graph\">{\"@context\":\"https:\\\/\\\/schema.org\",\"@graph\":[{\"@type\":\"Article\",\"@id\":\"https:\\\/\\\/blogdofarnesio.com.br\\\/?p=333367#article\",\"isPartOf\":{\"@id\":\"https:\\\/\\\/blogdofarnesio.com.br\\\/?p=333367\"},\"author\":{\"name\":\"Farn\u00e9sio\",\"@id\":\"https:\\\/\\\/blogdofarnesio.com.br\\\/#\\\/schema\\\/person\\\/bb9b23ae3ad0609ce8df7b6c9e76824d\"},\"headline\":\"Alexandre Garcia: 12 ministros do governo Lula s\u00e3o alvo de processos na Justi\u00e7a; ou\u00e7a\",\"datePublished\":\"2023-02-09T18:03:21+00:00\",\"mainEntityOfPage\":{\"@id\":\"https:\\\/\\\/blogdofarnesio.com.br\\\/?p=333367\"},\"wordCount\":1085,\"commentCount\":0,\"publisher\":{\"@id\":\"https:\\\/\\\/blogdofarnesio.com.br\\\/#organization\"},\"image\":{\"@id\":\"https:\\\/\\\/blogdofarnesio.com.br\\\/?p=333367#primaryimage\"},\"thumbnailUrl\":\"https:\\\/\\\/blogdofarnesio.com.br\\\/wp-content\\\/uploads\\\/2023\\\/02\\\/blogqspalexandre-garcia-1-300x169-1.jpg\",\"articleSection\":[\"Artigo\"],\"inLanguage\":\"pt-BR\",\"potentialAction\":[{\"@type\":\"CommentAction\",\"name\":\"Comment\",\"target\":[\"https:\\\/\\\/blogdofarnesio.com.br\\\/?p=333367#respond\"]}]},{\"@type\":\"WebPage\",\"@id\":\"https:\\\/\\\/blogdofarnesio.com.br\\\/?p=333367\",\"url\":\"https:\\\/\\\/blogdofarnesio.com.br\\\/?p=333367\",\"name\":\"Alexandre Garcia: 12 ministros do governo Lula s\u00e3o alvo de processos na Justi\u00e7a; ou\u00e7a - Blog do Farn\u00e9sio\",\"isPartOf\":{\"@id\":\"https:\\\/\\\/blogdofarnesio.com.br\\\/#website\"},\"primaryImageOfPage\":{\"@id\":\"https:\\\/\\\/blogdofarnesio.com.br\\\/?p=333367#primaryimage\"},\"image\":{\"@id\":\"https:\\\/\\\/blogdofarnesio.com.br\\\/?p=333367#primaryimage\"},\"thumbnailUrl\":\"https:\\\/\\\/blogdofarnesio.com.br\\\/wp-content\\\/uploads\\\/2023\\\/02\\\/blogqspalexandre-garcia-1-300x169-1.jpg\",\"datePublished\":\"2023-02-09T18:03:21+00:00\",\"breadcrumb\":{\"@id\":\"https:\\\/\\\/blogdofarnesio.com.br\\\/?p=333367#breadcrumb\"},\"inLanguage\":\"pt-BR\",\"potentialAction\":[{\"@type\":\"ReadAction\",\"target\":[\"https:\\\/\\\/blogdofarnesio.com.br\\\/?p=333367\"]}]},{\"@type\":\"ImageObject\",\"inLanguage\":\"pt-BR\",\"@id\":\"https:\\\/\\\/blogdofarnesio.com.br\\\/?p=333367#primaryimage\",\"url\":\"https:\\\/\\\/blogdofarnesio.com.br\\\/wp-content\\\/uploads\\\/2023\\\/02\\\/blogqspalexandre-garcia-1-300x169-1.jpg\",\"contentUrl\":\"https:\\\/\\\/blogdofarnesio.com.br\\\/wp-content\\\/uploads\\\/2023\\\/02\\\/blogqspalexandre-garcia-1-300x169-1.jpg\",\"width\":300,\"height\":169},{\"@type\":\"BreadcrumbList\",\"@id\":\"https:\\\/\\\/blogdofarnesio.com.br\\\/?p=333367#breadcrumb\",\"itemListElement\":[{\"@type\":\"ListItem\",\"position\":1,\"name\":\"In\u00edcio\",\"item\":\"https:\\\/\\\/blogdofarnesio.com.br\\\/\"},{\"@type\":\"ListItem\",\"position\":2,\"name\":\"Alexandre Garcia: 12 ministros do governo Lula s\u00e3o alvo de processos na Justi\u00e7a; ou\u00e7a\"}]},{\"@type\":\"WebSite\",\"@id\":\"https:\\\/\\\/blogdofarnesio.com.br\\\/#website\",\"url\":\"https:\\\/\\\/blogdofarnesio.com.br\\\/\",\"name\":\"Blog do Farn\u00e9sio\",\"description\":\"Quer Saber Pol\u00edtica?\",\"publisher\":{\"@id\":\"https:\\\/\\\/blogdofarnesio.com.br\\\/#organization\"},\"potentialAction\":[{\"@type\":\"SearchAction\",\"target\":{\"@type\":\"EntryPoint\",\"urlTemplate\":\"https:\\\/\\\/blogdofarnesio.com.br\\\/?s={search_term_string}\"},\"query-input\":{\"@type\":\"PropertyValueSpecification\",\"valueRequired\":true,\"valueName\":\"search_term_string\"}}],\"inLanguage\":\"pt-BR\"},{\"@type\":\"Organization\",\"@id\":\"https:\\\/\\\/blogdofarnesio.com.br\\\/#organization\",\"name\":\"Blog do Farn\u00e9sio\",\"url\":\"https:\\\/\\\/blogdofarnesio.com.br\\\/\",\"logo\":{\"@type\":\"ImageObject\",\"inLanguage\":\"pt-BR\",\"@id\":\"https:\\\/\\\/blogdofarnesio.com.br\\\/#\\\/schema\\\/logo\\\/image\\\/\",\"url\":\"https:\\\/\\\/blogdofarnesio.com.br\\\/wp-content\\\/uploads\\\/2026\\\/03\\\/cropped-logo_new-1.png\",\"contentUrl\":\"https:\\\/\\\/blogdofarnesio.com.br\\\/wp-content\\\/uploads\\\/2026\\\/03\\\/cropped-logo_new-1.png\",\"width\":881,\"height\":685,\"caption\":\"Blog do Farn\u00e9sio\"},\"image\":{\"@id\":\"https:\\\/\\\/blogdofarnesio.com.br\\\/#\\\/schema\\\/logo\\\/image\\\/\"},\"sameAs\":[\"https:\\\/\\\/www.facebook.com\\\/BlogQuerSaberPolitica\\\/\"]},{\"@type\":\"Person\",\"@id\":\"https:\\\/\\\/blogdofarnesio.com.br\\\/#\\\/schema\\\/person\\\/bb9b23ae3ad0609ce8df7b6c9e76824d\",\"name\":\"Farn\u00e9sio\",\"image\":{\"@type\":\"ImageObject\",\"inLanguage\":\"pt-BR\",\"@id\":\"https:\\\/\\\/secure.gravatar.com\\\/avatar\\\/986aa4c61ccdb66f8555bf88fc2a65609d00bcabd4d2d94377a727547345cbca?s=96&d=mm&r=g\",\"url\":\"https:\\\/\\\/secure.gravatar.com\\\/avatar\\\/986aa4c61ccdb66f8555bf88fc2a65609d00bcabd4d2d94377a727547345cbca?s=96&d=mm&r=g\",\"contentUrl\":\"https:\\\/\\\/secure.gravatar.com\\\/avatar\\\/986aa4c61ccdb66f8555bf88fc2a65609d00bcabd4d2d94377a727547345cbca?s=96&d=mm&r=g\",\"caption\":\"Farn\u00e9sio\"},\"description\":\"Radialista blogueiro, chegou a Petrolina\\\/Juazeiro em setembro de 1980, Farn\u00e9sio Silva \u00e9 de Arapiraca-Alagoas.\",\"sameAs\":[\"http:\\\/\\\/blogdofarnesio.com.br\",\"https:\\\/\\\/www.facebook.com\\\/?ref=tn_tnmn\",\"https:\\\/\\\/www.instagram.com\\\/?utm_source=pwa_homescreen\",\"https:\\\/\\\/youtube.com.br\\\/\"],\"url\":\"https:\\\/\\\/blogdofarnesio.com.br\\\/?author=2\"}]}<\/script>\n<!-- \/ Yoast SEO plugin. -->","yoast_head_json":{"title":"Alexandre Garcia: 12 ministros do governo Lula s\u00e3o alvo de processos na Justi\u00e7a; ou\u00e7a - Blog do Farn\u00e9sio","robots":{"index":"index","follow":"follow","max-snippet":"max-snippet:-1","max-image-preview":"max-image-preview:large","max-video-preview":"max-video-preview:-1"},"canonical":"https:\/\/blogdofarnesio.com.br\/?p=333367","og_locale":"pt_BR","og_type":"article","og_title":"Alexandre Garcia: 12 ministros do governo Lula s\u00e3o alvo de processos na Justi\u00e7a; ou\u00e7a - Blog do Farn\u00e9sio","og_description":"Ao menos 12 dos 37 ministros do governo Lula enfrentam processos ativos na Justi\u00e7a atualmente. A informa\u00e7\u00e3o consta em um levantamento publicado pelo portal Poder360 nesta segunda-feira (6). Fazem parte da lista as a\u00e7\u00f5es que tramitam no Supremo Tribunal Federal (STF), no Superior Tribunal de Justi\u00e7a (STJ), nos tribunais regionais federais e nos tribunais de justi\u00e7a estaduais. Do total de ministros, tr\u00eas j\u00e1 possuem condena\u00e7\u00f5es e tentam revert\u00ea-las no Judici\u00e1rio, s\u00e3o eles: Waldez G\u00f3es (Integra\u00e7\u00e3o Nacional), Luiz Marinho (Trabalho e Emprego) e Luciana Santos (Ci\u00eancia e Tecnologia). Outros nove integrantes do governo tamb\u00e9m s\u00e3o alvo de a\u00e7\u00f5es, mas ainda n\u00e3o receberam condena\u00e7\u00f5es. WALDEZ G\u00d3ES J\u00c1 FOI CONDENADO NO STJ No caso de G\u00f3es, foi o Minist\u00e9rio P\u00fablico do Amap\u00e1 quem&hellip;","og_url":"https:\/\/blogdofarnesio.com.br\/?p=333367","og_site_name":"Blog do Farn\u00e9sio","article_publisher":"https:\/\/www.facebook.com\/BlogQuerSaberPolitica\/","article_author":"https:\/\/www.facebook.com\/?ref=tn_tnmn","article_published_time":"2023-02-09T18:03:21+00:00","og_image":[{"width":300,"height":169,"url":"https:\/\/blogdofarnesio.com.br\/wp-content\/uploads\/2023\/02\/blogqspalexandre-garcia-1-300x169-1.jpg","type":"image\/jpeg"}],"author":"Farn\u00e9sio","twitter_card":"summary_large_image","twitter_misc":{"Escrito por":"Farn\u00e9sio","Est. tempo de leitura":"6 minutos"},"schema":{"@context":"https:\/\/schema.org","@graph":[{"@type":"Article","@id":"https:\/\/blogdofarnesio.com.br\/?p=333367#article","isPartOf":{"@id":"https:\/\/blogdofarnesio.com.br\/?p=333367"},"author":{"name":"Farn\u00e9sio","@id":"https:\/\/blogdofarnesio.com.br\/#\/schema\/person\/bb9b23ae3ad0609ce8df7b6c9e76824d"},"headline":"Alexandre Garcia: 12 ministros do governo Lula s\u00e3o alvo de processos na Justi\u00e7a; ou\u00e7a","datePublished":"2023-02-09T18:03:21+00:00","mainEntityOfPage":{"@id":"https:\/\/blogdofarnesio.com.br\/?p=333367"},"wordCount":1085,"commentCount":0,"publisher":{"@id":"https:\/\/blogdofarnesio.com.br\/#organization"},"image":{"@id":"https:\/\/blogdofarnesio.com.br\/?p=333367#primaryimage"},"thumbnailUrl":"https:\/\/blogdofarnesio.com.br\/wp-content\/uploads\/2023\/02\/blogqspalexandre-garcia-1-300x169-1.jpg","articleSection":["Artigo"],"inLanguage":"pt-BR","potentialAction":[{"@type":"CommentAction","name":"Comment","target":["https:\/\/blogdofarnesio.com.br\/?p=333367#respond"]}]},{"@type":"WebPage","@id":"https:\/\/blogdofarnesio.com.br\/?p=333367","url":"https:\/\/blogdofarnesio.com.br\/?p=333367","name":"Alexandre Garcia: 12 ministros do governo Lula s\u00e3o alvo de processos na Justi\u00e7a; ou\u00e7a - Blog do Farn\u00e9sio","isPartOf":{"@id":"https:\/\/blogdofarnesio.com.br\/#website"},"primaryImageOfPage":{"@id":"https:\/\/blogdofarnesio.com.br\/?p=333367#primaryimage"},"image":{"@id":"https:\/\/blogdofarnesio.com.br\/?p=333367#primaryimage"},"thumbnailUrl":"https:\/\/blogdofarnesio.com.br\/wp-content\/uploads\/2023\/02\/blogqspalexandre-garcia-1-300x169-1.jpg","datePublished":"2023-02-09T18:03:21+00:00","breadcrumb":{"@id":"https:\/\/blogdofarnesio.com.br\/?p=333367#breadcrumb"},"inLanguage":"pt-BR","potentialAction":[{"@type":"ReadAction","target":["https:\/\/blogdofarnesio.com.br\/?p=333367"]}]},{"@type":"ImageObject","inLanguage":"pt-BR","@id":"https:\/\/blogdofarnesio.com.br\/?p=333367#primaryimage","url":"https:\/\/blogdofarnesio.com.br\/wp-content\/uploads\/2023\/02\/blogqspalexandre-garcia-1-300x169-1.jpg","contentUrl":"https:\/\/blogdofarnesio.com.br\/wp-content\/uploads\/2023\/02\/blogqspalexandre-garcia-1-300x169-1.jpg","width":300,"height":169},{"@type":"BreadcrumbList","@id":"https:\/\/blogdofarnesio.com.br\/?p=333367#breadcrumb","itemListElement":[{"@type":"ListItem","position":1,"name":"In\u00edcio","item":"https:\/\/blogdofarnesio.com.br\/"},{"@type":"ListItem","position":2,"name":"Alexandre Garcia: 12 ministros do governo Lula s\u00e3o alvo de processos na Justi\u00e7a; ou\u00e7a"}]},{"@type":"WebSite","@id":"https:\/\/blogdofarnesio.com.br\/#website","url":"https:\/\/blogdofarnesio.com.br\/","name":"Blog do Farn\u00e9sio","description":"Quer Saber Pol\u00edtica?","publisher":{"@id":"https:\/\/blogdofarnesio.com.br\/#organization"},"potentialAction":[{"@type":"SearchAction","target":{"@type":"EntryPoint","urlTemplate":"https:\/\/blogdofarnesio.com.br\/?s={search_term_string}"},"query-input":{"@type":"PropertyValueSpecification","valueRequired":true,"valueName":"search_term_string"}}],"inLanguage":"pt-BR"},{"@type":"Organization","@id":"https:\/\/blogdofarnesio.com.br\/#organization","name":"Blog do Farn\u00e9sio","url":"https:\/\/blogdofarnesio.com.br\/","logo":{"@type":"ImageObject","inLanguage":"pt-BR","@id":"https:\/\/blogdofarnesio.com.br\/#\/schema\/logo\/image\/","url":"https:\/\/blogdofarnesio.com.br\/wp-content\/uploads\/2026\/03\/cropped-logo_new-1.png","contentUrl":"https:\/\/blogdofarnesio.com.br\/wp-content\/uploads\/2026\/03\/cropped-logo_new-1.png","width":881,"height":685,"caption":"Blog do Farn\u00e9sio"},"image":{"@id":"https:\/\/blogdofarnesio.com.br\/#\/schema\/logo\/image\/"},"sameAs":["https:\/\/www.facebook.com\/BlogQuerSaberPolitica\/"]},{"@type":"Person","@id":"https:\/\/blogdofarnesio.com.br\/#\/schema\/person\/bb9b23ae3ad0609ce8df7b6c9e76824d","name":"Farn\u00e9sio","image":{"@type":"ImageObject","inLanguage":"pt-BR","@id":"https:\/\/secure.gravatar.com\/avatar\/986aa4c61ccdb66f8555bf88fc2a65609d00bcabd4d2d94377a727547345cbca?s=96&d=mm&r=g","url":"https:\/\/secure.gravatar.com\/avatar\/986aa4c61ccdb66f8555bf88fc2a65609d00bcabd4d2d94377a727547345cbca?s=96&d=mm&r=g","contentUrl":"https:\/\/secure.gravatar.com\/avatar\/986aa4c61ccdb66f8555bf88fc2a65609d00bcabd4d2d94377a727547345cbca?s=96&d=mm&r=g","caption":"Farn\u00e9sio"},"description":"Radialista blogueiro, chegou a Petrolina\/Juazeiro em setembro de 1980, Farn\u00e9sio Silva \u00e9 de Arapiraca-Alagoas.","sameAs":["http:\/\/blogdofarnesio.com.br","https:\/\/www.facebook.com\/?ref=tn_tnmn","https:\/\/www.instagram.com\/?utm_source=pwa_homescreen","https:\/\/youtube.com.br\/"],"url":"https:\/\/blogdofarnesio.com.br\/?author=2"}]}},"_links":{"self":[{"href":"https:\/\/blogdofarnesio.com.br\/index.php?rest_route=\/wp\/v2\/posts\/333367","targetHints":{"allow":["GET"]}}],"collection":[{"href":"https:\/\/blogdofarnesio.com.br\/index.php?rest_route=\/wp\/v2\/posts"}],"about":[{"href":"https:\/\/blogdofarnesio.com.br\/index.php?rest_route=\/wp\/v2\/types\/post"}],"author":[{"embeddable":true,"href":"https:\/\/blogdofarnesio.com.br\/index.php?rest_route=\/wp\/v2\/users\/2"}],"replies":[{"embeddable":true,"href":"https:\/\/blogdofarnesio.com.br\/index.php?rest_route=%2Fwp%2Fv2%2Fcomments&post=333367"}],"version-history":[{"count":0,"href":"https:\/\/blogdofarnesio.com.br\/index.php?rest_route=\/wp\/v2\/posts\/333367\/revisions"}],"wp:featuredmedia":[{"embeddable":true,"href":"https:\/\/blogdofarnesio.com.br\/index.php?rest_route=\/wp\/v2\/media\/333368"}],"wp:attachment":[{"href":"https:\/\/blogdofarnesio.com.br\/index.php?rest_route=%2Fwp%2Fv2%2Fmedia&parent=333367"}],"wp:term":[{"taxonomy":"category","embeddable":true,"href":"https:\/\/blogdofarnesio.com.br\/index.php?rest_route=%2Fwp%2Fv2%2Fcategories&post=333367"},{"taxonomy":"post_tag","embeddable":true,"href":"https:\/\/blogdofarnesio.com.br\/index.php?rest_route=%2Fwp%2Fv2%2Ftags&post=333367"}],"curies":[{"name":"wp","href":"https:\/\/api.w.org\/{rel}","templated":true}]}}