{"id":333356,"date":"2023-02-09T13:00:56","date_gmt":"2023-02-09T16:00:56","guid":{"rendered":"https:\/\/blogdofarnesio.com.br\/?p=333356"},"modified":"2023-02-09T12:50:17","modified_gmt":"2023-02-09T15:50:17","slug":"na-alemanha-miguel-coelho-participa-de-maior-feira-de-frutas-do-mundo-e-destaca-potencial-de-pernambuco-para-geracao-de-emprego-e-renda-na-area","status":"publish","type":"post","link":"https:\/\/blogdofarnesio.com.br\/?p=333356","title":{"rendered":"Na Alemanha, Miguel Coelho participa de maior feira de frutas do mundo e destaca potencial de Pernambuco"},"content":{"rendered":"<div>Participando da maior feira de frutas do mundo, Miguel Coelho est\u00e1 na Alemanha na edi\u00e7\u00e3o de 2023 da Fruit Logistica. O evento, que acontece na capital Berlim, re\u00fane cerca de 2.600 exibidores de quase 100 pa\u00edses. Apesar de ter uma carreira consolidada na pol\u00edtica, Miguel Coelho nunca deixou de lado sua atua\u00e7\u00e3o empresarial no ramo da fruticultura.<\/div>\n<div><\/div>\n<div>\n<p>\u201cEstou na Alemanha participando da Fruit Logistica, a maior feira de frutas do mundo, com representantes de Petrolina, do Vale do S\u00e3o Francisco e tamb\u00e9m de todas as culturas que o Brasil produz. Aqui est\u00e1 o mundo inteiro, s\u00e3o representantes de pa\u00edses distintos negociando e comprando\u201d, pontua.<\/p>\n<p>\u201cEu vim esse ano, j\u00e1 tinha vindo em 2018, e agora esse ano novamente para conhecer cada vez mais a for\u00e7a da agricultura e ver como ela pode gerar emprego, riqueza e como pode desenvolver ainda mais o nosso Estado, o nosso Nordeste que \u00e9 uma grande pot\u00eancia nesse setor. Ent\u00e3o, com certeza, este momento ser\u00e1 muito rico e intenso aqui, tanto de reuni\u00f5es bilaterais, mas tamb\u00e9m de troca de conhecimento e de experi\u00eancia para a gente poder voltar ainda mais animado com o futuro que nos promete\u201d, concluiu.<\/p>\n<p><b>Fruit Logistica<br \/>\n<\/b><br \/>\nA Fruit Logistica \u00e9 a principal feira para o neg\u00f3cio global de produtos frescos e representa toda a cadeia de valor agregado para a ind\u00fastria de produtos, do produtor ao ponto de venda. Em 2020, mais de 3.300 expositores de 91 pa\u00edses apresentaram seus produtos, servi\u00e7os e solu\u00e7\u00f5es t\u00e9cnicas na Fruit Logistica daquele ano. Cerca de 73.000 fornecedores e visitantes comerciais de 135 pa\u00edses participaram do evento. A edi\u00e7\u00e3o atual da feira acontece em Berlim, de 8 a 10 de fevereiro de 2023.<span style=\"color: #888888;\"><br \/>\n<\/span><\/p>\n<\/div>\n<p><span style=\"color: #888888;\">&#8212;<br \/>\n<\/span><\/p>\n<div dir=\"ltr\" data-smartmail=\"gmail_signature\">\n<div dir=\"ltr\">\n<div><b>21 Assessoria de Comunica\u00e7\u00e3o<br \/>\n<\/b><\/p>\n<div>Eudes Sampaio<\/div>\n<div><a href=\"mailto:21assessoriadecomunicacao@gmail.com\" target=\"_blank\" rel=\"noopener\">21assessoriadecomunicacao@<wbr \/>gmail.com<\/a><\/div>\n<\/div>\n<\/div>\n<\/div>\n","protected":false},"excerpt":{"rendered":"<p>Participando da maior feira de frutas do mundo, Miguel Coelho est\u00e1 na Alemanha na edi\u00e7\u00e3o de 2023 da Fruit Logistica. O evento, que acontece na capital Berlim, re\u00fane cerca de 2.600 exibidores de quase 100 pa\u00edses. Apesar de ter uma carreira consolidada na pol\u00edtica, Miguel Coelho nunca deixou de lado sua atua\u00e7\u00e3o empresarial no ramo da fruticultura. \u201cEstou na Alemanha participando da Fruit Logistica, a maior feira de frutas do mundo, com representantes de Petrolina, do Vale do S\u00e3o Francisco e tamb\u00e9m de todas as culturas que o Brasil produz. Aqui est\u00e1 o mundo inteiro, s\u00e3o representantes de pa\u00edses distintos negociando e comprando\u201d, pontua. \u201cEu vim esse ano, j\u00e1 tinha vindo em 2018, e agora esse ano novamente para conhecer&hellip; <\/p>\n","protected":false},"author":2,"featured_media":333357,"comment_status":"open","ping_status":"open","sticky":false,"template":"","format":"standard","meta":{"_acf_changed":false,"footnotes":""},"categories":[13],"tags":[],"class_list":["post-333356","post","type-post","status-publish","format-standard","has-post-thumbnail","hentry","category-fruticultura"],"acf":[],"yoast_head":"<!-- This site is optimized with the Yoast SEO plugin v27.4 - https:\/\/yoast.com\/product\/yoast-seo-wordpress\/ -->\n<title>Na Alemanha, Miguel Coelho participa de maior feira de frutas do mundo e destaca potencial de Pernambuco - Blog do Farn\u00e9sio<\/title>\n<meta name=\"robots\" content=\"index, follow, max-snippet:-1, max-image-preview:large, max-video-preview:-1\" \/>\n<link rel=\"canonical\" href=\"https:\/\/blogdofarnesio.com.br\/?p=333356\" \/>\n<meta property=\"og:locale\" content=\"pt_BR\" \/>\n<meta property=\"og:type\" content=\"article\" \/>\n<meta property=\"og:title\" content=\"Na Alemanha, Miguel Coelho participa de maior feira de frutas do mundo e destaca potencial de Pernambuco - Blog do Farn\u00e9sio\" \/>\n<meta property=\"og:description\" content=\"Participando da maior feira de frutas do mundo, Miguel Coelho est\u00e1 na Alemanha na edi\u00e7\u00e3o de 2023 da Fruit Logistica. O evento, que acontece na capital Berlim, re\u00fane cerca de 2.600 exibidores de quase 100 pa\u00edses. Apesar de ter uma carreira consolidada na pol\u00edtica, Miguel Coelho nunca deixou de lado sua atua\u00e7\u00e3o empresarial no ramo da fruticultura. \u201cEstou na Alemanha participando da Fruit Logistica, a maior feira de frutas do mundo, com representantes de Petrolina, do Vale do S\u00e3o Francisco e tamb\u00e9m de todas as culturas que o Brasil produz. Aqui est\u00e1 o mundo inteiro, s\u00e3o representantes de pa\u00edses distintos negociando e comprando\u201d, pontua. \u201cEu vim esse ano, j\u00e1 tinha vindo em 2018, e agora esse ano novamente para conhecer&hellip;\" \/>\n<meta property=\"og:url\" content=\"https:\/\/blogdofarnesio.com.br\/?p=333356\" \/>\n<meta property=\"og:site_name\" content=\"Blog do Farn\u00e9sio\" \/>\n<meta property=\"article:publisher\" content=\"https:\/\/www.facebook.com\/BlogQuerSaberPolitica\/\" \/>\n<meta property=\"article:author\" content=\"https:\/\/www.facebook.com\/?ref=tn_tnmn\" \/>\n<meta property=\"article:published_time\" content=\"2023-02-09T16:00:56+00:00\" \/>\n<meta property=\"og:image\" content=\"https:\/\/blogdofarnesio.com.br\/wp-content\/uploads\/2023\/02\/Miguel-Coelho-e-o-presidente-da-Abrafrutas-Guilherme-Coelho-e1675949410247.jpeg\" \/>\n\t<meta property=\"og:image:width\" content=\"740\" \/>\n\t<meta property=\"og:image:height\" content=\"455\" \/>\n\t<meta property=\"og:image:type\" content=\"image\/jpeg\" \/>\n<meta name=\"author\" content=\"Farn\u00e9sio\" \/>\n<meta name=\"twitter:card\" content=\"summary_large_image\" \/>\n<meta name=\"twitter:label1\" content=\"Escrito por\" \/>\n\t<meta name=\"twitter:data1\" content=\"Farn\u00e9sio\" \/>\n\t<meta name=\"twitter:label2\" content=\"Est. tempo de leitura\" \/>\n\t<meta name=\"twitter:data2\" content=\"2 minutos\" \/>\n<script type=\"application\/ld+json\" class=\"yoast-schema-graph\">{\"@context\":\"https:\\\/\\\/schema.org\",\"@graph\":[{\"@type\":\"Article\",\"@id\":\"https:\\\/\\\/blogdofarnesio.com.br\\\/?p=333356#article\",\"isPartOf\":{\"@id\":\"https:\\\/\\\/blogdofarnesio.com.br\\\/?p=333356\"},\"author\":{\"name\":\"Farn\u00e9sio\",\"@id\":\"https:\\\/\\\/blogdofarnesio.com.br\\\/#\\\/schema\\\/person\\\/bb9b23ae3ad0609ce8df7b6c9e76824d\"},\"headline\":\"Na Alemanha, Miguel Coelho participa de maior feira de frutas do mundo e destaca potencial de Pernambuco\",\"datePublished\":\"2023-02-09T16:00:56+00:00\",\"mainEntityOfPage\":{\"@id\":\"https:\\\/\\\/blogdofarnesio.com.br\\\/?p=333356\"},\"wordCount\":314,\"commentCount\":0,\"publisher\":{\"@id\":\"https:\\\/\\\/blogdofarnesio.com.br\\\/#organization\"},\"image\":{\"@id\":\"https:\\\/\\\/blogdofarnesio.com.br\\\/?p=333356#primaryimage\"},\"thumbnailUrl\":\"https:\\\/\\\/blogdofarnesio.com.br\\\/wp-content\\\/uploads\\\/2023\\\/02\\\/Miguel-Coelho-e-o-presidente-da-Abrafrutas-Guilherme-Coelho-e1675949410247.jpeg\",\"articleSection\":[\"Fruticultura\"],\"inLanguage\":\"pt-BR\",\"potentialAction\":[{\"@type\":\"CommentAction\",\"name\":\"Comment\",\"target\":[\"https:\\\/\\\/blogdofarnesio.com.br\\\/?p=333356#respond\"]}]},{\"@type\":\"WebPage\",\"@id\":\"https:\\\/\\\/blogdofarnesio.com.br\\\/?p=333356\",\"url\":\"https:\\\/\\\/blogdofarnesio.com.br\\\/?p=333356\",\"name\":\"Na Alemanha, Miguel Coelho participa de maior feira de frutas do mundo e destaca potencial de Pernambuco - Blog do Farn\u00e9sio\",\"isPartOf\":{\"@id\":\"https:\\\/\\\/blogdofarnesio.com.br\\\/#website\"},\"primaryImageOfPage\":{\"@id\":\"https:\\\/\\\/blogdofarnesio.com.br\\\/?p=333356#primaryimage\"},\"image\":{\"@id\":\"https:\\\/\\\/blogdofarnesio.com.br\\\/?p=333356#primaryimage\"},\"thumbnailUrl\":\"https:\\\/\\\/blogdofarnesio.com.br\\\/wp-content\\\/uploads\\\/2023\\\/02\\\/Miguel-Coelho-e-o-presidente-da-Abrafrutas-Guilherme-Coelho-e1675949410247.jpeg\",\"datePublished\":\"2023-02-09T16:00:56+00:00\",\"breadcrumb\":{\"@id\":\"https:\\\/\\\/blogdofarnesio.com.br\\\/?p=333356#breadcrumb\"},\"inLanguage\":\"pt-BR\",\"potentialAction\":[{\"@type\":\"ReadAction\",\"target\":[\"https:\\\/\\\/blogdofarnesio.com.br\\\/?p=333356\"]}]},{\"@type\":\"ImageObject\",\"inLanguage\":\"pt-BR\",\"@id\":\"https:\\\/\\\/blogdofarnesio.com.br\\\/?p=333356#primaryimage\",\"url\":\"https:\\\/\\\/blogdofarnesio.com.br\\\/wp-content\\\/uploads\\\/2023\\\/02\\\/Miguel-Coelho-e-o-presidente-da-Abrafrutas-Guilherme-Coelho-e1675949410247.jpeg\",\"contentUrl\":\"https:\\\/\\\/blogdofarnesio.com.br\\\/wp-content\\\/uploads\\\/2023\\\/02\\\/Miguel-Coelho-e-o-presidente-da-Abrafrutas-Guilherme-Coelho-e1675949410247.jpeg\",\"width\":740,\"height\":455},{\"@type\":\"BreadcrumbList\",\"@id\":\"https:\\\/\\\/blogdofarnesio.com.br\\\/?p=333356#breadcrumb\",\"itemListElement\":[{\"@type\":\"ListItem\",\"position\":1,\"name\":\"In\u00edcio\",\"item\":\"https:\\\/\\\/blogdofarnesio.com.br\\\/\"},{\"@type\":\"ListItem\",\"position\":2,\"name\":\"Na Alemanha, Miguel Coelho participa de maior feira de frutas do mundo e destaca potencial de Pernambuco\"}]},{\"@type\":\"WebSite\",\"@id\":\"https:\\\/\\\/blogdofarnesio.com.br\\\/#website\",\"url\":\"https:\\\/\\\/blogdofarnesio.com.br\\\/\",\"name\":\"Blog do Farn\u00e9sio\",\"description\":\"Quer Saber Pol\u00edtica?\",\"publisher\":{\"@id\":\"https:\\\/\\\/blogdofarnesio.com.br\\\/#organization\"},\"potentialAction\":[{\"@type\":\"SearchAction\",\"target\":{\"@type\":\"EntryPoint\",\"urlTemplate\":\"https:\\\/\\\/blogdofarnesio.com.br\\\/?s={search_term_string}\"},\"query-input\":{\"@type\":\"PropertyValueSpecification\",\"valueRequired\":true,\"valueName\":\"search_term_string\"}}],\"inLanguage\":\"pt-BR\"},{\"@type\":\"Organization\",\"@id\":\"https:\\\/\\\/blogdofarnesio.com.br\\\/#organization\",\"name\":\"Blog do Farn\u00e9sio\",\"url\":\"https:\\\/\\\/blogdofarnesio.com.br\\\/\",\"logo\":{\"@type\":\"ImageObject\",\"inLanguage\":\"pt-BR\",\"@id\":\"https:\\\/\\\/blogdofarnesio.com.br\\\/#\\\/schema\\\/logo\\\/image\\\/\",\"url\":\"https:\\\/\\\/blogdofarnesio.com.br\\\/wp-content\\\/uploads\\\/2026\\\/03\\\/cropped-logo_new-1.png\",\"contentUrl\":\"https:\\\/\\\/blogdofarnesio.com.br\\\/wp-content\\\/uploads\\\/2026\\\/03\\\/cropped-logo_new-1.png\",\"width\":881,\"height\":685,\"caption\":\"Blog do Farn\u00e9sio\"},\"image\":{\"@id\":\"https:\\\/\\\/blogdofarnesio.com.br\\\/#\\\/schema\\\/logo\\\/image\\\/\"},\"sameAs\":[\"https:\\\/\\\/www.facebook.com\\\/BlogQuerSaberPolitica\\\/\"]},{\"@type\":\"Person\",\"@id\":\"https:\\\/\\\/blogdofarnesio.com.br\\\/#\\\/schema\\\/person\\\/bb9b23ae3ad0609ce8df7b6c9e76824d\",\"name\":\"Farn\u00e9sio\",\"image\":{\"@type\":\"ImageObject\",\"inLanguage\":\"pt-BR\",\"@id\":\"https:\\\/\\\/secure.gravatar.com\\\/avatar\\\/986aa4c61ccdb66f8555bf88fc2a65609d00bcabd4d2d94377a727547345cbca?s=96&d=mm&r=g\",\"url\":\"https:\\\/\\\/secure.gravatar.com\\\/avatar\\\/986aa4c61ccdb66f8555bf88fc2a65609d00bcabd4d2d94377a727547345cbca?s=96&d=mm&r=g\",\"contentUrl\":\"https:\\\/\\\/secure.gravatar.com\\\/avatar\\\/986aa4c61ccdb66f8555bf88fc2a65609d00bcabd4d2d94377a727547345cbca?s=96&d=mm&r=g\",\"caption\":\"Farn\u00e9sio\"},\"description\":\"Radialista blogueiro, chegou a Petrolina\\\/Juazeiro em setembro de 1980, Farn\u00e9sio Silva \u00e9 de Arapiraca-Alagoas.\",\"sameAs\":[\"http:\\\/\\\/blogdofarnesio.com.br\",\"https:\\\/\\\/www.facebook.com\\\/?ref=tn_tnmn\",\"https:\\\/\\\/www.instagram.com\\\/?utm_source=pwa_homescreen\",\"https:\\\/\\\/youtube.com.br\\\/\"],\"url\":\"https:\\\/\\\/blogdofarnesio.com.br\\\/?author=2\"}]}<\/script>\n<!-- \/ Yoast SEO plugin. -->","yoast_head_json":{"title":"Na Alemanha, Miguel Coelho participa de maior feira de frutas do mundo e destaca potencial de Pernambuco - Blog do Farn\u00e9sio","robots":{"index":"index","follow":"follow","max-snippet":"max-snippet:-1","max-image-preview":"max-image-preview:large","max-video-preview":"max-video-preview:-1"},"canonical":"https:\/\/blogdofarnesio.com.br\/?p=333356","og_locale":"pt_BR","og_type":"article","og_title":"Na Alemanha, Miguel Coelho participa de maior feira de frutas do mundo e destaca potencial de Pernambuco - Blog do Farn\u00e9sio","og_description":"Participando da maior feira de frutas do mundo, Miguel Coelho est\u00e1 na Alemanha na edi\u00e7\u00e3o de 2023 da Fruit Logistica. O evento, que acontece na capital Berlim, re\u00fane cerca de 2.600 exibidores de quase 100 pa\u00edses. Apesar de ter uma carreira consolidada na pol\u00edtica, Miguel Coelho nunca deixou de lado sua atua\u00e7\u00e3o empresarial no ramo da fruticultura. \u201cEstou na Alemanha participando da Fruit Logistica, a maior feira de frutas do mundo, com representantes de Petrolina, do Vale do S\u00e3o Francisco e tamb\u00e9m de todas as culturas que o Brasil produz. Aqui est\u00e1 o mundo inteiro, s\u00e3o representantes de pa\u00edses distintos negociando e comprando\u201d, pontua. \u201cEu vim esse ano, j\u00e1 tinha vindo em 2018, e agora esse ano novamente para conhecer&hellip;","og_url":"https:\/\/blogdofarnesio.com.br\/?p=333356","og_site_name":"Blog do Farn\u00e9sio","article_publisher":"https:\/\/www.facebook.com\/BlogQuerSaberPolitica\/","article_author":"https:\/\/www.facebook.com\/?ref=tn_tnmn","article_published_time":"2023-02-09T16:00:56+00:00","og_image":[{"width":740,"height":455,"url":"https:\/\/blogdofarnesio.com.br\/wp-content\/uploads\/2023\/02\/Miguel-Coelho-e-o-presidente-da-Abrafrutas-Guilherme-Coelho-e1675949410247.jpeg","type":"image\/jpeg"}],"author":"Farn\u00e9sio","twitter_card":"summary_large_image","twitter_misc":{"Escrito por":"Farn\u00e9sio","Est. tempo de leitura":"2 minutos"},"schema":{"@context":"https:\/\/schema.org","@graph":[{"@type":"Article","@id":"https:\/\/blogdofarnesio.com.br\/?p=333356#article","isPartOf":{"@id":"https:\/\/blogdofarnesio.com.br\/?p=333356"},"author":{"name":"Farn\u00e9sio","@id":"https:\/\/blogdofarnesio.com.br\/#\/schema\/person\/bb9b23ae3ad0609ce8df7b6c9e76824d"},"headline":"Na Alemanha, Miguel Coelho participa de maior feira de frutas do mundo e destaca potencial de Pernambuco","datePublished":"2023-02-09T16:00:56+00:00","mainEntityOfPage":{"@id":"https:\/\/blogdofarnesio.com.br\/?p=333356"},"wordCount":314,"commentCount":0,"publisher":{"@id":"https:\/\/blogdofarnesio.com.br\/#organization"},"image":{"@id":"https:\/\/blogdofarnesio.com.br\/?p=333356#primaryimage"},"thumbnailUrl":"https:\/\/blogdofarnesio.com.br\/wp-content\/uploads\/2023\/02\/Miguel-Coelho-e-o-presidente-da-Abrafrutas-Guilherme-Coelho-e1675949410247.jpeg","articleSection":["Fruticultura"],"inLanguage":"pt-BR","potentialAction":[{"@type":"CommentAction","name":"Comment","target":["https:\/\/blogdofarnesio.com.br\/?p=333356#respond"]}]},{"@type":"WebPage","@id":"https:\/\/blogdofarnesio.com.br\/?p=333356","url":"https:\/\/blogdofarnesio.com.br\/?p=333356","name":"Na Alemanha, Miguel Coelho participa de maior feira de frutas do mundo e destaca potencial de Pernambuco - Blog do Farn\u00e9sio","isPartOf":{"@id":"https:\/\/blogdofarnesio.com.br\/#website"},"primaryImageOfPage":{"@id":"https:\/\/blogdofarnesio.com.br\/?p=333356#primaryimage"},"image":{"@id":"https:\/\/blogdofarnesio.com.br\/?p=333356#primaryimage"},"thumbnailUrl":"https:\/\/blogdofarnesio.com.br\/wp-content\/uploads\/2023\/02\/Miguel-Coelho-e-o-presidente-da-Abrafrutas-Guilherme-Coelho-e1675949410247.jpeg","datePublished":"2023-02-09T16:00:56+00:00","breadcrumb":{"@id":"https:\/\/blogdofarnesio.com.br\/?p=333356#breadcrumb"},"inLanguage":"pt-BR","potentialAction":[{"@type":"ReadAction","target":["https:\/\/blogdofarnesio.com.br\/?p=333356"]}]},{"@type":"ImageObject","inLanguage":"pt-BR","@id":"https:\/\/blogdofarnesio.com.br\/?p=333356#primaryimage","url":"https:\/\/blogdofarnesio.com.br\/wp-content\/uploads\/2023\/02\/Miguel-Coelho-e-o-presidente-da-Abrafrutas-Guilherme-Coelho-e1675949410247.jpeg","contentUrl":"https:\/\/blogdofarnesio.com.br\/wp-content\/uploads\/2023\/02\/Miguel-Coelho-e-o-presidente-da-Abrafrutas-Guilherme-Coelho-e1675949410247.jpeg","width":740,"height":455},{"@type":"BreadcrumbList","@id":"https:\/\/blogdofarnesio.com.br\/?p=333356#breadcrumb","itemListElement":[{"@type":"ListItem","position":1,"name":"In\u00edcio","item":"https:\/\/blogdofarnesio.com.br\/"},{"@type":"ListItem","position":2,"name":"Na Alemanha, Miguel Coelho participa de maior feira de frutas do mundo e destaca potencial de Pernambuco"}]},{"@type":"WebSite","@id":"https:\/\/blogdofarnesio.com.br\/#website","url":"https:\/\/blogdofarnesio.com.br\/","name":"Blog do Farn\u00e9sio","description":"Quer Saber Pol\u00edtica?","publisher":{"@id":"https:\/\/blogdofarnesio.com.br\/#organization"},"potentialAction":[{"@type":"SearchAction","target":{"@type":"EntryPoint","urlTemplate":"https:\/\/blogdofarnesio.com.br\/?s={search_term_string}"},"query-input":{"@type":"PropertyValueSpecification","valueRequired":true,"valueName":"search_term_string"}}],"inLanguage":"pt-BR"},{"@type":"Organization","@id":"https:\/\/blogdofarnesio.com.br\/#organization","name":"Blog do Farn\u00e9sio","url":"https:\/\/blogdofarnesio.com.br\/","logo":{"@type":"ImageObject","inLanguage":"pt-BR","@id":"https:\/\/blogdofarnesio.com.br\/#\/schema\/logo\/image\/","url":"https:\/\/blogdofarnesio.com.br\/wp-content\/uploads\/2026\/03\/cropped-logo_new-1.png","contentUrl":"https:\/\/blogdofarnesio.com.br\/wp-content\/uploads\/2026\/03\/cropped-logo_new-1.png","width":881,"height":685,"caption":"Blog do Farn\u00e9sio"},"image":{"@id":"https:\/\/blogdofarnesio.com.br\/#\/schema\/logo\/image\/"},"sameAs":["https:\/\/www.facebook.com\/BlogQuerSaberPolitica\/"]},{"@type":"Person","@id":"https:\/\/blogdofarnesio.com.br\/#\/schema\/person\/bb9b23ae3ad0609ce8df7b6c9e76824d","name":"Farn\u00e9sio","image":{"@type":"ImageObject","inLanguage":"pt-BR","@id":"https:\/\/secure.gravatar.com\/avatar\/986aa4c61ccdb66f8555bf88fc2a65609d00bcabd4d2d94377a727547345cbca?s=96&d=mm&r=g","url":"https:\/\/secure.gravatar.com\/avatar\/986aa4c61ccdb66f8555bf88fc2a65609d00bcabd4d2d94377a727547345cbca?s=96&d=mm&r=g","contentUrl":"https:\/\/secure.gravatar.com\/avatar\/986aa4c61ccdb66f8555bf88fc2a65609d00bcabd4d2d94377a727547345cbca?s=96&d=mm&r=g","caption":"Farn\u00e9sio"},"description":"Radialista blogueiro, chegou a Petrolina\/Juazeiro em setembro de 1980, Farn\u00e9sio Silva \u00e9 de Arapiraca-Alagoas.","sameAs":["http:\/\/blogdofarnesio.com.br","https:\/\/www.facebook.com\/?ref=tn_tnmn","https:\/\/www.instagram.com\/?utm_source=pwa_homescreen","https:\/\/youtube.com.br\/"],"url":"https:\/\/blogdofarnesio.com.br\/?author=2"}]}},"_links":{"self":[{"href":"https:\/\/blogdofarnesio.com.br\/index.php?rest_route=\/wp\/v2\/posts\/333356","targetHints":{"allow":["GET"]}}],"collection":[{"href":"https:\/\/blogdofarnesio.com.br\/index.php?rest_route=\/wp\/v2\/posts"}],"about":[{"href":"https:\/\/blogdofarnesio.com.br\/index.php?rest_route=\/wp\/v2\/types\/post"}],"author":[{"embeddable":true,"href":"https:\/\/blogdofarnesio.com.br\/index.php?rest_route=\/wp\/v2\/users\/2"}],"replies":[{"embeddable":true,"href":"https:\/\/blogdofarnesio.com.br\/index.php?rest_route=%2Fwp%2Fv2%2Fcomments&post=333356"}],"version-history":[{"count":0,"href":"https:\/\/blogdofarnesio.com.br\/index.php?rest_route=\/wp\/v2\/posts\/333356\/revisions"}],"wp:featuredmedia":[{"embeddable":true,"href":"https:\/\/blogdofarnesio.com.br\/index.php?rest_route=\/wp\/v2\/media\/333357"}],"wp:attachment":[{"href":"https:\/\/blogdofarnesio.com.br\/index.php?rest_route=%2Fwp%2Fv2%2Fmedia&parent=333356"}],"wp:term":[{"taxonomy":"category","embeddable":true,"href":"https:\/\/blogdofarnesio.com.br\/index.php?rest_route=%2Fwp%2Fv2%2Fcategories&post=333356"},{"taxonomy":"post_tag","embeddable":true,"href":"https:\/\/blogdofarnesio.com.br\/index.php?rest_route=%2Fwp%2Fv2%2Ftags&post=333356"}],"curies":[{"name":"wp","href":"https:\/\/api.w.org\/{rel}","templated":true}]}}