{"id":333353,"date":"2023-02-09T14:00:05","date_gmt":"2023-02-09T17:00:05","guid":{"rendered":"https:\/\/blogdofarnesio.com.br\/?p=333353"},"modified":"2023-02-09T09:55:57","modified_gmt":"2023-02-09T12:55:57","slug":"segundo-dia-de-jornada-pedagogica-em-juazeiro-destaca-ludicidade-inclusao-e-aprendizagens-multiplas-na-educacao-infantil","status":"publish","type":"post","link":"https:\/\/blogdofarnesio.com.br\/?p=333353","title":{"rendered":"Segundo dia de Jornada Pedag\u00f3gica em Juazeiro destaca ludicidade, inclus\u00e3o e aprendizagens m\u00faltiplas na Educa\u00e7\u00e3o Infantil"},"content":{"rendered":"<p style=\"font-weight: 400;\">O segundo dia da Jornada Pedag\u00f3gica 2023, promovida pela Prefeitura de Juazeiro, atrav\u00e9s da Secretaria de Educa\u00e7\u00e3o e Juventude (Seduc), abordou a ludicidade, inclus\u00e3o e aprendizagens m\u00faltiplas na Educa\u00e7\u00e3o Infantil e contou com a participa\u00e7\u00e3o do grupo curitibano Tupi Perer\u00ea. Com o tema \u2018Educar e cuidar no caminho do novo aprender\u2019, o evento acontece na Ch\u00e1cara Bougainville at\u00e9 quinta-feira (9) e re\u00fane cerca de 2 mil servidores da rede municipal de educa\u00e7\u00e3o.<\/p>\n<p style=\"font-weight: 400;\">A superintendente de Ensino da Seduc, Willany Cunha, falou sobre a felicidade de realizar mais uma Jornada Pedag\u00f3gica. \u201cEstamos muito felizes em dar continuidade \u00e0 Jornada Pedag\u00f3gica com muitas surpresas e an\u00fancios para os professores, mas tamb\u00e9m conte\u00fado. Nossa proposi\u00e7\u00e3o em todo o evento \u00e9 de muita integra\u00e7\u00e3o e de momentos motivadores para que o professor v\u00e1 para a sala de aula cada vez mais preparado para a miss\u00e3o do educar\u201d, disse.<\/p>\n<p style=\"font-weight: 400;\">Convidado para o evento, o grupo Tupi Perer\u00ea fez a alegria do p\u00fablico em uma apresenta\u00e7\u00e3o repleta de brincadeiras e can\u00e7\u00f5es do repert\u00f3rio popular. \u201cN\u00f3s trabalhamos com dois temas bem centrais que s\u00e3o temas da minha pesquisa e do Tupi, que \u00e9 a crian\u00e7a e a inf\u00e2ncia, e a arte \u00e9 a costura disso tudo. O que buscamos \u00e9 fazer com que os professores entendam as concep\u00e7\u00f5es, acreditem na pot\u00eancia das crian\u00e7as e da inf\u00e2ncia, para que termos uma escola mais din\u00e2mica, mais criativa e com crian\u00e7as mais protagonistas\u201d, pontuou o artista e professor, Guga Cidral, que ministrou a palestra \u2018Arte, Inf\u00e2ncia e Educa\u00e7\u00e3o\u2019.<\/p>\n<p style=\"font-weight: 400;\">A atividade ministrada pelo grupo Tupi Perer\u00ea teve como p\u00fablico-alvo os professores da Educa\u00e7\u00e3o Infantil, como Magali Rios, educadora da EMEI Maria Julia Rodrigues Tanuri. \u201cEsse foi um momento \u00edmpar para n\u00f3s professores sermos recebidos assim com tanta alegria, com tanto entusiasmo. Isso nos motiva a estar de volta para o ano letivo 2023, que promete muita alegria, muito trabalho e muita din\u00e2mica. E a m\u00fasica na educa\u00e7\u00e3o infantil \u00e9 tudo\u201d, frisou a professora.<\/p>\n<p style=\"font-weight: 400;\">Palestras<\/p>\n<p style=\"font-weight: 400;\">A programa\u00e7\u00e3o seguiu com uma palestra ministrada pela professora da rede municipal de ensino, e tamb\u00e9m doutoranda em Tecnologia da Educa\u00e7\u00e3o, Lindsai Amaral, que trouxe contribui\u00e7\u00f5es atrav\u00e9s da tem\u00e1tica: &#8216;Metodologias ativas: planejamento para a promo\u00e7\u00e3o de aprendizagem significativa&#8217;, compartilhando estrat\u00e9gias de aprendizagens m\u00faltiplas, inovadoras e assertivas.<\/p>\n<p style=\"font-weight: 400;\">Finalizando o segundo dia da Jornada Pedag\u00f3gica, a palestrante, pedagoga, especialista em sa\u00fade mental, mestra em Educa\u00e7\u00e3o, e tamb\u00e9m professora da rede municipal de ensino, Jussya Rodrigues, falou sobre &#8220;Transtornos da aprendizagem: conceito, condu\u00e7\u00e3o e inclus\u00e3o&#8221;, e enfatizou a necessidade de todas as crian\u00e7as terem o direito ao acesso a educa\u00e7\u00e3o de qualidade, considerando as especificidades e pluralidades do ensino.<\/p>\n<p style=\"font-weight: 400;\">Professor de matem\u00e1tica, na Escola Municipal Graciosa Xavier Ramos Gomes, localizada no interior do munic\u00edpio, em Carna\u00edba do Sert\u00e3o, Maike Oliveira avaliou a iniciativa. &#8220;Entrei para a rede municipal de ensino recentemente atrav\u00e9s da convoca\u00e7\u00e3o do concurso da Educa\u00e7\u00e3o, e estou achando a Jornada Pedag\u00f3gica espetacular. Uma programa\u00e7\u00e3o incr\u00edvel, que est\u00e1 agregando muito conhecimento, al\u00e9m de trazer novidades motivadoras para o exerc\u00edcio de nossas atividades&#8221;, disse Maike.<\/p>\n<p style=\"font-weight: 400;\">Texto: Camila Santana\/ Eneida Trindade \u2013 Ascom\/Seduc\/PMJ<\/p>\n<p style=\"font-weight: 400;\">Fotos: Pedro Angelo \u2013 PMJ<\/p>\n","protected":false},"excerpt":{"rendered":"<p>O segundo dia da Jornada Pedag\u00f3gica 2023, promovida pela Prefeitura de Juazeiro, atrav\u00e9s da Secretaria de Educa\u00e7\u00e3o e Juventude (Seduc), abordou a ludicidade, inclus\u00e3o e aprendizagens m\u00faltiplas na Educa\u00e7\u00e3o Infantil e contou com a participa\u00e7\u00e3o do grupo curitibano Tupi Perer\u00ea. Com o tema \u2018Educar e cuidar no caminho do novo aprender\u2019, o evento acontece na Ch\u00e1cara Bougainville at\u00e9 quinta-feira (9) e re\u00fane cerca de 2 mil servidores da rede municipal de educa\u00e7\u00e3o. A superintendente de Ensino da Seduc, Willany Cunha, falou sobre a felicidade de realizar mais uma Jornada Pedag\u00f3gica. \u201cEstamos muito felizes em dar continuidade \u00e0 Jornada Pedag\u00f3gica com muitas surpresas e an\u00fancios para os professores, mas tamb\u00e9m conte\u00fado. Nossa proposi\u00e7\u00e3o em todo o evento \u00e9 de muita integra\u00e7\u00e3o&hellip; <\/p>\n","protected":false},"author":2,"featured_media":333354,"comment_status":"open","ping_status":"open","sticky":false,"template":"","format":"standard","meta":{"_acf_changed":false,"footnotes":""},"categories":[6],"tags":[],"class_list":["post-333353","post","type-post","status-publish","format-standard","has-post-thumbnail","hentry","category-educacao"],"acf":[],"yoast_head":"<!-- This site is optimized with the Yoast SEO plugin v27.4 - https:\/\/yoast.com\/product\/yoast-seo-wordpress\/ -->\n<title>Segundo dia de Jornada Pedag\u00f3gica em Juazeiro destaca ludicidade, inclus\u00e3o e aprendizagens m\u00faltiplas na Educa\u00e7\u00e3o Infantil - Blog do Farn\u00e9sio<\/title>\n<meta name=\"robots\" content=\"index, follow, max-snippet:-1, max-image-preview:large, max-video-preview:-1\" \/>\n<link rel=\"canonical\" href=\"https:\/\/blogdofarnesio.com.br\/?p=333353\" \/>\n<meta property=\"og:locale\" content=\"pt_BR\" \/>\n<meta property=\"og:type\" content=\"article\" \/>\n<meta property=\"og:title\" content=\"Segundo dia de Jornada Pedag\u00f3gica em Juazeiro destaca ludicidade, inclus\u00e3o e aprendizagens m\u00faltiplas na Educa\u00e7\u00e3o Infantil - Blog do Farn\u00e9sio\" \/>\n<meta property=\"og:description\" content=\"O segundo dia da Jornada Pedag\u00f3gica 2023, promovida pela Prefeitura de Juazeiro, atrav\u00e9s da Secretaria de Educa\u00e7\u00e3o e Juventude (Seduc), abordou a ludicidade, inclus\u00e3o e aprendizagens m\u00faltiplas na Educa\u00e7\u00e3o Infantil e contou com a participa\u00e7\u00e3o do grupo curitibano Tupi Perer\u00ea. Com o tema \u2018Educar e cuidar no caminho do novo aprender\u2019, o evento acontece na Ch\u00e1cara Bougainville at\u00e9 quinta-feira (9) e re\u00fane cerca de 2 mil servidores da rede municipal de educa\u00e7\u00e3o. A superintendente de Ensino da Seduc, Willany Cunha, falou sobre a felicidade de realizar mais uma Jornada Pedag\u00f3gica. \u201cEstamos muito felizes em dar continuidade \u00e0 Jornada Pedag\u00f3gica com muitas surpresas e an\u00fancios para os professores, mas tamb\u00e9m conte\u00fado. Nossa proposi\u00e7\u00e3o em todo o evento \u00e9 de muita integra\u00e7\u00e3o&hellip;\" \/>\n<meta property=\"og:url\" content=\"https:\/\/blogdofarnesio.com.br\/?p=333353\" \/>\n<meta property=\"og:site_name\" content=\"Blog do Farn\u00e9sio\" \/>\n<meta property=\"article:publisher\" content=\"https:\/\/www.facebook.com\/BlogQuerSaberPolitica\/\" \/>\n<meta property=\"article:author\" content=\"https:\/\/www.facebook.com\/?ref=tn_tnmn\" \/>\n<meta property=\"article:published_time\" content=\"2023-02-09T17:00:05+00:00\" \/>\n<meta property=\"og:image\" content=\"https:\/\/blogdofarnesio.com.br\/wp-content\/uploads\/2023\/02\/blogqspjua-jornada-pedagogica-e1675947331925.jpg\" \/>\n\t<meta property=\"og:image:width\" content=\"720\" \/>\n\t<meta property=\"og:image:height\" content=\"480\" \/>\n\t<meta property=\"og:image:type\" content=\"image\/jpeg\" \/>\n<meta name=\"author\" content=\"Farn\u00e9sio\" \/>\n<meta name=\"twitter:card\" content=\"summary_large_image\" \/>\n<meta name=\"twitter:label1\" content=\"Escrito por\" \/>\n\t<meta name=\"twitter:data1\" content=\"Farn\u00e9sio\" \/>\n\t<meta name=\"twitter:label2\" content=\"Est. tempo de leitura\" \/>\n\t<meta name=\"twitter:data2\" content=\"3 minutos\" \/>\n<script type=\"application\/ld+json\" class=\"yoast-schema-graph\">{\"@context\":\"https:\\\/\\\/schema.org\",\"@graph\":[{\"@type\":\"Article\",\"@id\":\"https:\\\/\\\/blogdofarnesio.com.br\\\/?p=333353#article\",\"isPartOf\":{\"@id\":\"https:\\\/\\\/blogdofarnesio.com.br\\\/?p=333353\"},\"author\":{\"name\":\"Farn\u00e9sio\",\"@id\":\"https:\\\/\\\/blogdofarnesio.com.br\\\/#\\\/schema\\\/person\\\/bb9b23ae3ad0609ce8df7b6c9e76824d\"},\"headline\":\"Segundo dia de Jornada Pedag\u00f3gica em Juazeiro destaca ludicidade, inclus\u00e3o e aprendizagens m\u00faltiplas na Educa\u00e7\u00e3o Infantil\",\"datePublished\":\"2023-02-09T17:00:05+00:00\",\"mainEntityOfPage\":{\"@id\":\"https:\\\/\\\/blogdofarnesio.com.br\\\/?p=333353\"},\"wordCount\":587,\"commentCount\":0,\"publisher\":{\"@id\":\"https:\\\/\\\/blogdofarnesio.com.br\\\/#organization\"},\"image\":{\"@id\":\"https:\\\/\\\/blogdofarnesio.com.br\\\/?p=333353#primaryimage\"},\"thumbnailUrl\":\"https:\\\/\\\/blogdofarnesio.com.br\\\/wp-content\\\/uploads\\\/2023\\\/02\\\/blogqspjua-jornada-pedagogica-e1675947331925.jpg\",\"articleSection\":[\"Educa\u00e7\u00e3o\"],\"inLanguage\":\"pt-BR\",\"potentialAction\":[{\"@type\":\"CommentAction\",\"name\":\"Comment\",\"target\":[\"https:\\\/\\\/blogdofarnesio.com.br\\\/?p=333353#respond\"]}]},{\"@type\":\"WebPage\",\"@id\":\"https:\\\/\\\/blogdofarnesio.com.br\\\/?p=333353\",\"url\":\"https:\\\/\\\/blogdofarnesio.com.br\\\/?p=333353\",\"name\":\"Segundo dia de Jornada Pedag\u00f3gica em Juazeiro destaca ludicidade, inclus\u00e3o e aprendizagens m\u00faltiplas na Educa\u00e7\u00e3o Infantil - Blog do Farn\u00e9sio\",\"isPartOf\":{\"@id\":\"https:\\\/\\\/blogdofarnesio.com.br\\\/#website\"},\"primaryImageOfPage\":{\"@id\":\"https:\\\/\\\/blogdofarnesio.com.br\\\/?p=333353#primaryimage\"},\"image\":{\"@id\":\"https:\\\/\\\/blogdofarnesio.com.br\\\/?p=333353#primaryimage\"},\"thumbnailUrl\":\"https:\\\/\\\/blogdofarnesio.com.br\\\/wp-content\\\/uploads\\\/2023\\\/02\\\/blogqspjua-jornada-pedagogica-e1675947331925.jpg\",\"datePublished\":\"2023-02-09T17:00:05+00:00\",\"breadcrumb\":{\"@id\":\"https:\\\/\\\/blogdofarnesio.com.br\\\/?p=333353#breadcrumb\"},\"inLanguage\":\"pt-BR\",\"potentialAction\":[{\"@type\":\"ReadAction\",\"target\":[\"https:\\\/\\\/blogdofarnesio.com.br\\\/?p=333353\"]}]},{\"@type\":\"ImageObject\",\"inLanguage\":\"pt-BR\",\"@id\":\"https:\\\/\\\/blogdofarnesio.com.br\\\/?p=333353#primaryimage\",\"url\":\"https:\\\/\\\/blogdofarnesio.com.br\\\/wp-content\\\/uploads\\\/2023\\\/02\\\/blogqspjua-jornada-pedagogica-e1675947331925.jpg\",\"contentUrl\":\"https:\\\/\\\/blogdofarnesio.com.br\\\/wp-content\\\/uploads\\\/2023\\\/02\\\/blogqspjua-jornada-pedagogica-e1675947331925.jpg\",\"width\":720,\"height\":480},{\"@type\":\"BreadcrumbList\",\"@id\":\"https:\\\/\\\/blogdofarnesio.com.br\\\/?p=333353#breadcrumb\",\"itemListElement\":[{\"@type\":\"ListItem\",\"position\":1,\"name\":\"In\u00edcio\",\"item\":\"https:\\\/\\\/blogdofarnesio.com.br\\\/\"},{\"@type\":\"ListItem\",\"position\":2,\"name\":\"Segundo dia de Jornada Pedag\u00f3gica em Juazeiro destaca ludicidade, inclus\u00e3o e aprendizagens m\u00faltiplas na Educa\u00e7\u00e3o Infantil\"}]},{\"@type\":\"WebSite\",\"@id\":\"https:\\\/\\\/blogdofarnesio.com.br\\\/#website\",\"url\":\"https:\\\/\\\/blogdofarnesio.com.br\\\/\",\"name\":\"Blog do Farn\u00e9sio\",\"description\":\"Quer Saber Pol\u00edtica?\",\"publisher\":{\"@id\":\"https:\\\/\\\/blogdofarnesio.com.br\\\/#organization\"},\"potentialAction\":[{\"@type\":\"SearchAction\",\"target\":{\"@type\":\"EntryPoint\",\"urlTemplate\":\"https:\\\/\\\/blogdofarnesio.com.br\\\/?s={search_term_string}\"},\"query-input\":{\"@type\":\"PropertyValueSpecification\",\"valueRequired\":true,\"valueName\":\"search_term_string\"}}],\"inLanguage\":\"pt-BR\"},{\"@type\":\"Organization\",\"@id\":\"https:\\\/\\\/blogdofarnesio.com.br\\\/#organization\",\"name\":\"Blog do Farn\u00e9sio\",\"url\":\"https:\\\/\\\/blogdofarnesio.com.br\\\/\",\"logo\":{\"@type\":\"ImageObject\",\"inLanguage\":\"pt-BR\",\"@id\":\"https:\\\/\\\/blogdofarnesio.com.br\\\/#\\\/schema\\\/logo\\\/image\\\/\",\"url\":\"https:\\\/\\\/blogdofarnesio.com.br\\\/wp-content\\\/uploads\\\/2026\\\/03\\\/cropped-logo_new-1.png\",\"contentUrl\":\"https:\\\/\\\/blogdofarnesio.com.br\\\/wp-content\\\/uploads\\\/2026\\\/03\\\/cropped-logo_new-1.png\",\"width\":881,\"height\":685,\"caption\":\"Blog do Farn\u00e9sio\"},\"image\":{\"@id\":\"https:\\\/\\\/blogdofarnesio.com.br\\\/#\\\/schema\\\/logo\\\/image\\\/\"},\"sameAs\":[\"https:\\\/\\\/www.facebook.com\\\/BlogQuerSaberPolitica\\\/\"]},{\"@type\":\"Person\",\"@id\":\"https:\\\/\\\/blogdofarnesio.com.br\\\/#\\\/schema\\\/person\\\/bb9b23ae3ad0609ce8df7b6c9e76824d\",\"name\":\"Farn\u00e9sio\",\"image\":{\"@type\":\"ImageObject\",\"inLanguage\":\"pt-BR\",\"@id\":\"https:\\\/\\\/secure.gravatar.com\\\/avatar\\\/986aa4c61ccdb66f8555bf88fc2a65609d00bcabd4d2d94377a727547345cbca?s=96&d=mm&r=g\",\"url\":\"https:\\\/\\\/secure.gravatar.com\\\/avatar\\\/986aa4c61ccdb66f8555bf88fc2a65609d00bcabd4d2d94377a727547345cbca?s=96&d=mm&r=g\",\"contentUrl\":\"https:\\\/\\\/secure.gravatar.com\\\/avatar\\\/986aa4c61ccdb66f8555bf88fc2a65609d00bcabd4d2d94377a727547345cbca?s=96&d=mm&r=g\",\"caption\":\"Farn\u00e9sio\"},\"description\":\"Radialista blogueiro, chegou a Petrolina\\\/Juazeiro em setembro de 1980, Farn\u00e9sio Silva \u00e9 de Arapiraca-Alagoas.\",\"sameAs\":[\"http:\\\/\\\/blogdofarnesio.com.br\",\"https:\\\/\\\/www.facebook.com\\\/?ref=tn_tnmn\",\"https:\\\/\\\/www.instagram.com\\\/?utm_source=pwa_homescreen\",\"https:\\\/\\\/youtube.com.br\\\/\"],\"url\":\"https:\\\/\\\/blogdofarnesio.com.br\\\/?author=2\"}]}<\/script>\n<!-- \/ Yoast SEO plugin. -->","yoast_head_json":{"title":"Segundo dia de Jornada Pedag\u00f3gica em Juazeiro destaca ludicidade, inclus\u00e3o e aprendizagens m\u00faltiplas na Educa\u00e7\u00e3o Infantil - Blog do Farn\u00e9sio","robots":{"index":"index","follow":"follow","max-snippet":"max-snippet:-1","max-image-preview":"max-image-preview:large","max-video-preview":"max-video-preview:-1"},"canonical":"https:\/\/blogdofarnesio.com.br\/?p=333353","og_locale":"pt_BR","og_type":"article","og_title":"Segundo dia de Jornada Pedag\u00f3gica em Juazeiro destaca ludicidade, inclus\u00e3o e aprendizagens m\u00faltiplas na Educa\u00e7\u00e3o Infantil - Blog do Farn\u00e9sio","og_description":"O segundo dia da Jornada Pedag\u00f3gica 2023, promovida pela Prefeitura de Juazeiro, atrav\u00e9s da Secretaria de Educa\u00e7\u00e3o e Juventude (Seduc), abordou a ludicidade, inclus\u00e3o e aprendizagens m\u00faltiplas na Educa\u00e7\u00e3o Infantil e contou com a participa\u00e7\u00e3o do grupo curitibano Tupi Perer\u00ea. Com o tema \u2018Educar e cuidar no caminho do novo aprender\u2019, o evento acontece na Ch\u00e1cara Bougainville at\u00e9 quinta-feira (9) e re\u00fane cerca de 2 mil servidores da rede municipal de educa\u00e7\u00e3o. A superintendente de Ensino da Seduc, Willany Cunha, falou sobre a felicidade de realizar mais uma Jornada Pedag\u00f3gica. \u201cEstamos muito felizes em dar continuidade \u00e0 Jornada Pedag\u00f3gica com muitas surpresas e an\u00fancios para os professores, mas tamb\u00e9m conte\u00fado. Nossa proposi\u00e7\u00e3o em todo o evento \u00e9 de muita integra\u00e7\u00e3o&hellip;","og_url":"https:\/\/blogdofarnesio.com.br\/?p=333353","og_site_name":"Blog do Farn\u00e9sio","article_publisher":"https:\/\/www.facebook.com\/BlogQuerSaberPolitica\/","article_author":"https:\/\/www.facebook.com\/?ref=tn_tnmn","article_published_time":"2023-02-09T17:00:05+00:00","og_image":[{"width":720,"height":480,"url":"https:\/\/blogdofarnesio.com.br\/wp-content\/uploads\/2023\/02\/blogqspjua-jornada-pedagogica-e1675947331925.jpg","type":"image\/jpeg"}],"author":"Farn\u00e9sio","twitter_card":"summary_large_image","twitter_misc":{"Escrito por":"Farn\u00e9sio","Est. tempo de leitura":"3 minutos"},"schema":{"@context":"https:\/\/schema.org","@graph":[{"@type":"Article","@id":"https:\/\/blogdofarnesio.com.br\/?p=333353#article","isPartOf":{"@id":"https:\/\/blogdofarnesio.com.br\/?p=333353"},"author":{"name":"Farn\u00e9sio","@id":"https:\/\/blogdofarnesio.com.br\/#\/schema\/person\/bb9b23ae3ad0609ce8df7b6c9e76824d"},"headline":"Segundo dia de Jornada Pedag\u00f3gica em Juazeiro destaca ludicidade, inclus\u00e3o e aprendizagens m\u00faltiplas na Educa\u00e7\u00e3o Infantil","datePublished":"2023-02-09T17:00:05+00:00","mainEntityOfPage":{"@id":"https:\/\/blogdofarnesio.com.br\/?p=333353"},"wordCount":587,"commentCount":0,"publisher":{"@id":"https:\/\/blogdofarnesio.com.br\/#organization"},"image":{"@id":"https:\/\/blogdofarnesio.com.br\/?p=333353#primaryimage"},"thumbnailUrl":"https:\/\/blogdofarnesio.com.br\/wp-content\/uploads\/2023\/02\/blogqspjua-jornada-pedagogica-e1675947331925.jpg","articleSection":["Educa\u00e7\u00e3o"],"inLanguage":"pt-BR","potentialAction":[{"@type":"CommentAction","name":"Comment","target":["https:\/\/blogdofarnesio.com.br\/?p=333353#respond"]}]},{"@type":"WebPage","@id":"https:\/\/blogdofarnesio.com.br\/?p=333353","url":"https:\/\/blogdofarnesio.com.br\/?p=333353","name":"Segundo dia de Jornada Pedag\u00f3gica em Juazeiro destaca ludicidade, inclus\u00e3o e aprendizagens m\u00faltiplas na Educa\u00e7\u00e3o Infantil - Blog do Farn\u00e9sio","isPartOf":{"@id":"https:\/\/blogdofarnesio.com.br\/#website"},"primaryImageOfPage":{"@id":"https:\/\/blogdofarnesio.com.br\/?p=333353#primaryimage"},"image":{"@id":"https:\/\/blogdofarnesio.com.br\/?p=333353#primaryimage"},"thumbnailUrl":"https:\/\/blogdofarnesio.com.br\/wp-content\/uploads\/2023\/02\/blogqspjua-jornada-pedagogica-e1675947331925.jpg","datePublished":"2023-02-09T17:00:05+00:00","breadcrumb":{"@id":"https:\/\/blogdofarnesio.com.br\/?p=333353#breadcrumb"},"inLanguage":"pt-BR","potentialAction":[{"@type":"ReadAction","target":["https:\/\/blogdofarnesio.com.br\/?p=333353"]}]},{"@type":"ImageObject","inLanguage":"pt-BR","@id":"https:\/\/blogdofarnesio.com.br\/?p=333353#primaryimage","url":"https:\/\/blogdofarnesio.com.br\/wp-content\/uploads\/2023\/02\/blogqspjua-jornada-pedagogica-e1675947331925.jpg","contentUrl":"https:\/\/blogdofarnesio.com.br\/wp-content\/uploads\/2023\/02\/blogqspjua-jornada-pedagogica-e1675947331925.jpg","width":720,"height":480},{"@type":"BreadcrumbList","@id":"https:\/\/blogdofarnesio.com.br\/?p=333353#breadcrumb","itemListElement":[{"@type":"ListItem","position":1,"name":"In\u00edcio","item":"https:\/\/blogdofarnesio.com.br\/"},{"@type":"ListItem","position":2,"name":"Segundo dia de Jornada Pedag\u00f3gica em Juazeiro destaca ludicidade, inclus\u00e3o e aprendizagens m\u00faltiplas na Educa\u00e7\u00e3o Infantil"}]},{"@type":"WebSite","@id":"https:\/\/blogdofarnesio.com.br\/#website","url":"https:\/\/blogdofarnesio.com.br\/","name":"Blog do Farn\u00e9sio","description":"Quer Saber Pol\u00edtica?","publisher":{"@id":"https:\/\/blogdofarnesio.com.br\/#organization"},"potentialAction":[{"@type":"SearchAction","target":{"@type":"EntryPoint","urlTemplate":"https:\/\/blogdofarnesio.com.br\/?s={search_term_string}"},"query-input":{"@type":"PropertyValueSpecification","valueRequired":true,"valueName":"search_term_string"}}],"inLanguage":"pt-BR"},{"@type":"Organization","@id":"https:\/\/blogdofarnesio.com.br\/#organization","name":"Blog do Farn\u00e9sio","url":"https:\/\/blogdofarnesio.com.br\/","logo":{"@type":"ImageObject","inLanguage":"pt-BR","@id":"https:\/\/blogdofarnesio.com.br\/#\/schema\/logo\/image\/","url":"https:\/\/blogdofarnesio.com.br\/wp-content\/uploads\/2026\/03\/cropped-logo_new-1.png","contentUrl":"https:\/\/blogdofarnesio.com.br\/wp-content\/uploads\/2026\/03\/cropped-logo_new-1.png","width":881,"height":685,"caption":"Blog do Farn\u00e9sio"},"image":{"@id":"https:\/\/blogdofarnesio.com.br\/#\/schema\/logo\/image\/"},"sameAs":["https:\/\/www.facebook.com\/BlogQuerSaberPolitica\/"]},{"@type":"Person","@id":"https:\/\/blogdofarnesio.com.br\/#\/schema\/person\/bb9b23ae3ad0609ce8df7b6c9e76824d","name":"Farn\u00e9sio","image":{"@type":"ImageObject","inLanguage":"pt-BR","@id":"https:\/\/secure.gravatar.com\/avatar\/986aa4c61ccdb66f8555bf88fc2a65609d00bcabd4d2d94377a727547345cbca?s=96&d=mm&r=g","url":"https:\/\/secure.gravatar.com\/avatar\/986aa4c61ccdb66f8555bf88fc2a65609d00bcabd4d2d94377a727547345cbca?s=96&d=mm&r=g","contentUrl":"https:\/\/secure.gravatar.com\/avatar\/986aa4c61ccdb66f8555bf88fc2a65609d00bcabd4d2d94377a727547345cbca?s=96&d=mm&r=g","caption":"Farn\u00e9sio"},"description":"Radialista blogueiro, chegou a Petrolina\/Juazeiro em setembro de 1980, Farn\u00e9sio Silva \u00e9 de Arapiraca-Alagoas.","sameAs":["http:\/\/blogdofarnesio.com.br","https:\/\/www.facebook.com\/?ref=tn_tnmn","https:\/\/www.instagram.com\/?utm_source=pwa_homescreen","https:\/\/youtube.com.br\/"],"url":"https:\/\/blogdofarnesio.com.br\/?author=2"}]}},"_links":{"self":[{"href":"https:\/\/blogdofarnesio.com.br\/index.php?rest_route=\/wp\/v2\/posts\/333353","targetHints":{"allow":["GET"]}}],"collection":[{"href":"https:\/\/blogdofarnesio.com.br\/index.php?rest_route=\/wp\/v2\/posts"}],"about":[{"href":"https:\/\/blogdofarnesio.com.br\/index.php?rest_route=\/wp\/v2\/types\/post"}],"author":[{"embeddable":true,"href":"https:\/\/blogdofarnesio.com.br\/index.php?rest_route=\/wp\/v2\/users\/2"}],"replies":[{"embeddable":true,"href":"https:\/\/blogdofarnesio.com.br\/index.php?rest_route=%2Fwp%2Fv2%2Fcomments&post=333353"}],"version-history":[{"count":0,"href":"https:\/\/blogdofarnesio.com.br\/index.php?rest_route=\/wp\/v2\/posts\/333353\/revisions"}],"wp:featuredmedia":[{"embeddable":true,"href":"https:\/\/blogdofarnesio.com.br\/index.php?rest_route=\/wp\/v2\/media\/333354"}],"wp:attachment":[{"href":"https:\/\/blogdofarnesio.com.br\/index.php?rest_route=%2Fwp%2Fv2%2Fmedia&parent=333353"}],"wp:term":[{"taxonomy":"category","embeddable":true,"href":"https:\/\/blogdofarnesio.com.br\/index.php?rest_route=%2Fwp%2Fv2%2Fcategories&post=333353"},{"taxonomy":"post_tag","embeddable":true,"href":"https:\/\/blogdofarnesio.com.br\/index.php?rest_route=%2Fwp%2Fv2%2Ftags&post=333353"}],"curies":[{"name":"wp","href":"https:\/\/api.w.org\/{rel}","templated":true}]}}