{"id":333290,"date":"2023-02-09T11:44:31","date_gmt":"2023-02-09T14:44:31","guid":{"rendered":"https:\/\/blogdofarnesio.com.br\/?p=333290"},"modified":"2023-02-09T12:57:15","modified_gmt":"2023-02-09T15:57:15","slug":"lula-viaja-nesta-quinta-aos-eua-e-tera-ampla-agenda-social-e-economica-com-biden","status":"publish","type":"post","link":"https:\/\/blogdofarnesio.com.br\/2023\/02\/lula-viaja-nesta-quinta-aos-eua-e-tera-ampla-agenda-social-e-economica-com-biden\/","title":{"rendered":"Lula viaja nesta quinta aos EUA e ter\u00e1 ampla agenda social e econ\u00f4mica com Biden"},"content":{"rendered":"<p>Presidente brasileiro ser\u00e1 recebido na Casa Branca na sexta-feira (10\/2). Na pauta, dinamiza\u00e7\u00e3o da economia, quest\u00f5es ambientais, fortalecimento da democracia e direitos humanos<\/p>\n<table class=\"m_-6030037822339698011image\" width=\"768\" align=\"center\">\n<tbody>\n<tr>\n<td><img decoding=\"async\" class=\"CToWUd a6T\" tabindex=\"0\" src=\"https:\/\/ci4.googleusercontent.com\/proxy\/LLANFhFfioDh-j0Ew93Lur8tk6Ti_7GkwH8cgt__bjH7Bz_Hd9lBLcLkehYf3k5w6E1Z_2rAitbyfNqHR82qO6o_oLjY8mab2iVqt6JeFo3scftK3BtzzZeALiLA4tTewiVnj6SxHIxm1MV6UIdgaksohe9CakIPJwmFtALW9ghzkBbSrTsS2uBOw2sDbRghBlE-M_DqvFTJiowMFcxtwO_XH9UPzkVqXrN1BUlOu469R5JQiuKZiT9_zyKBrNvTpdDgBfa-=s0-d-e1-ft#https:\/\/s2302.releasesenvios.com\/55MjOlJzMwQGM602bj5CbpFWbnBEczF3ZvxmY6MTN5kDMwATMzEjOnVGcq5ydvxWNmhDMiZWZjZWZiNTMkJTY5QWOkdDN4IjZ0cjYilTM2YkMlkTM2YkMlEjN0kTMGJTJ2IDMx8VL0ETLfpjN\" alt=\"\" width=\"768\" data-bit=\"iit\" \/><\/p>\n<table border=\"0\" width=\"768\" cellspacing=\"0\" cellpadding=\"0\" align=\"center\">\n<tbody>\n<tr>\n<td width=\"768\">Foto: Ricardo Stuckert\/PR<\/td>\n<\/tr>\n<\/tbody>\n<\/table>\n<\/td>\n<\/tr>\n<\/tbody>\n<\/table>\n<p>O presidente Luiz In\u00e1cio Lula da Silva chega a Washington, nos Estados Unidos, nesta quinta-feira (9\/2), para sua primeira visita ao pa\u00eds ap\u00f3s voltar \u00e0 Presid\u00eancia da Rep\u00fablica. Ele viaja acompanhado dos ministros Mauro Vieira (Rela\u00e7\u00f5es Exteriores), Fernando Haddad (Fazenda), Marina Silva (Meio Ambiente), Anielle Franco (Igualdade Racial), do Assessor Especial embaixador Celso Amorim, e do secret\u00e1rio executivo do Minist\u00e9rio do Desenvolvimento Econ\u00f4mico e Com\u00e9rcio, Marcio Elias Rosa. Eles ser\u00e3o recebidos pelo presidente dos Estados Unidos, Joe Biden, na Casa Branca, na sexta-feira (10\/2).<br \/>\nA visita do Presidente Lula aos Estados Unidos, logo no in\u00edcio de seu mandato e a convite do presidente Biden, marca a retomada das rela\u00e7\u00f5es entre os dois pa\u00edses no ano em que completam 200 anos.<br \/>\nDuas das maiores democracias do mundo, Brasil e Estados Unidos enfrentam desafios semelhantes ligados \u00e0 radicaliza\u00e7\u00e3o pol\u00edtica e ao discurso de \u00f3dio no espa\u00e7o virtual.<br \/>\nTamb\u00e9m no centro da agenda: a reativa\u00e7\u00e3o do compromisso brasileiro com a conserva\u00e7\u00e3o ambiental e a busca de um maior engajamento dos pa\u00edses desenvolvidos no cumprimento de seus compromissos de financiamento na \u00e1rea clim\u00e1tica.<br \/>\nNa esfera econ\u00f4mica, busca-se a dinamiza\u00e7\u00e3o de investimentos, em particular na transi\u00e7\u00e3o energ\u00e9tica e gera\u00e7\u00e3o de energia limpa, e uma maior integra\u00e7\u00e3o das cadeias produtivas. Os Estados Unidos s\u00e3o o segundo maior parceiro comercial do Brasil e principal destino de nossas exporta\u00e7\u00f5es de produtos industrializados.<br \/>\nEspecial aten\u00e7\u00e3o ainda ao impulsionamento da agenda de direitos humanos, em particular em temas como: o combate a fome e \u00e0 pobreza em \u00e2mbito global, os direitos dos povos ind\u00edgenas e o combate ao racismo, al\u00e9m da integra\u00e7\u00e3o dos dois milh\u00f5es de brasileiros que vivem nos Estados Unidos, nossa maior comunidade no exterior.<\/p>\n<p><strong>PROGRAMA\u00c7\u00c3O (hor\u00e1rio de Bras\u00edlia):<\/strong><\/p>\n<p><strong>Quinta-feira (9\/2)<\/strong><br \/>\n18h &#8211; Chegada \u00e0 Base A\u00e9rea Saint Andrews<\/p>\n<p><strong>Sexta-feira (10\/2)<\/strong><br \/>\n12h30 &#8211; Encontro com senador Bernie Sanders, na Blair House<br \/>\n13h15 &#8211; Encontro com deputados e deputadas do partido Democrata, na Blair House<br \/>\n14h &#8211; Encontro com representantes da Federa\u00e7\u00e3o Americana de Trabalho e Congresso de Organiza\u00e7\u00f5es Industriais (AFL-CIO)<br \/>\n17h30 &#8211; Encontro com presidente Joe Biden, na Casa Branca<\/p>\n<p><strong>S\u00e1bado (11\/2)<\/strong><br \/>\n12h30 &#8211; Retorno ao Brasil<\/p>\n<p>&nbsp;<\/p>\n<p><i><strong>Secretaria de Comunica\u00e7\u00e3o Social da Presid\u00eancia da Rep\u00fablica<\/strong><\/i><\/p>\n","protected":false},"excerpt":{"rendered":"<p>Presidente brasileiro ser\u00e1 recebido na Casa Branca na sexta-feira (10\/2). Na pauta, dinamiza\u00e7\u00e3o da economia, quest\u00f5es ambientais, fortalecimento da democracia e direitos humanos Foto: Ricardo Stuckert\/PR O presidente Luiz In\u00e1cio Lula da Silva chega a Washington, nos Estados Unidos, nesta quinta-feira (9\/2), para sua primeira visita ao pa\u00eds ap\u00f3s voltar \u00e0 Presid\u00eancia da Rep\u00fablica. Ele viaja acompanhado dos ministros Mauro Vieira (Rela\u00e7\u00f5es Exteriores), Fernando Haddad (Fazenda), Marina Silva (Meio Ambiente), Anielle Franco (Igualdade Racial), do Assessor Especial embaixador Celso Amorim, e do secret\u00e1rio executivo do Minist\u00e9rio do Desenvolvimento Econ\u00f4mico e Com\u00e9rcio, Marcio Elias Rosa. Eles ser\u00e3o recebidos pelo presidente dos Estados Unidos, Joe Biden, na Casa Branca, na sexta-feira (10\/2). A visita do Presidente Lula aos Estados Unidos, logo no&hellip; <\/p>\n","protected":false},"author":2,"featured_media":316360,"comment_status":"open","ping_status":"open","sticky":false,"template":"","format":"standard","meta":{"_acf_changed":false,"footnotes":""},"categories":[1],"tags":[],"class_list":["post-333290","post","type-post","status-publish","format-standard","has-post-thumbnail","hentry","category-politica"],"acf":[],"yoast_head":"<!-- This site is optimized with the Yoast SEO plugin v27.5 - https:\/\/yoast.com\/product\/yoast-seo-wordpress\/ -->\n<title>Lula viaja nesta quinta aos EUA e ter\u00e1 ampla agenda social e econ\u00f4mica com Biden - Blog do Farn\u00e9sio<\/title>\n<meta name=\"robots\" content=\"index, follow, max-snippet:-1, max-image-preview:large, max-video-preview:-1\" \/>\n<link rel=\"canonical\" href=\"https:\/\/blogdofarnesio.com.br\/2023\/02\/lula-viaja-nesta-quinta-aos-eua-e-tera-ampla-agenda-social-e-economica-com-biden\/\" \/>\n<meta property=\"og:locale\" content=\"pt_BR\" \/>\n<meta property=\"og:type\" content=\"article\" \/>\n<meta property=\"og:title\" content=\"Lula viaja nesta quinta aos EUA e ter\u00e1 ampla agenda social e econ\u00f4mica com Biden - Blog do Farn\u00e9sio\" \/>\n<meta property=\"og:description\" content=\"Presidente brasileiro ser\u00e1 recebido na Casa Branca na sexta-feira (10\/2). Na pauta, dinamiza\u00e7\u00e3o da economia, quest\u00f5es ambientais, fortalecimento da democracia e direitos humanos Foto: Ricardo Stuckert\/PR O presidente Luiz In\u00e1cio Lula da Silva chega a Washington, nos Estados Unidos, nesta quinta-feira (9\/2), para sua primeira visita ao pa\u00eds ap\u00f3s voltar \u00e0 Presid\u00eancia da Rep\u00fablica. Ele viaja acompanhado dos ministros Mauro Vieira (Rela\u00e7\u00f5es Exteriores), Fernando Haddad (Fazenda), Marina Silva (Meio Ambiente), Anielle Franco (Igualdade Racial), do Assessor Especial embaixador Celso Amorim, e do secret\u00e1rio executivo do Minist\u00e9rio do Desenvolvimento Econ\u00f4mico e Com\u00e9rcio, Marcio Elias Rosa. Eles ser\u00e3o recebidos pelo presidente dos Estados Unidos, Joe Biden, na Casa Branca, na sexta-feira (10\/2). A visita do Presidente Lula aos Estados Unidos, logo no&hellip;\" \/>\n<meta property=\"og:url\" content=\"https:\/\/blogdofarnesio.com.br\/2023\/02\/lula-viaja-nesta-quinta-aos-eua-e-tera-ampla-agenda-social-e-economica-com-biden\/\" \/>\n<meta property=\"og:site_name\" content=\"Blog do Farn\u00e9sio\" \/>\n<meta property=\"article:publisher\" content=\"https:\/\/www.facebook.com\/BlogQuerSaberPolitica\/\" \/>\n<meta property=\"article:author\" content=\"https:\/\/www.facebook.com\/?ref=tn_tnmn\" \/>\n<meta property=\"article:published_time\" content=\"2023-02-09T14:44:31+00:00\" \/>\n<meta property=\"article:modified_time\" content=\"2023-02-09T15:57:15+00:00\" \/>\n<meta property=\"og:image\" content=\"https:\/\/blogdofarnesio.com.br\/wp-content\/uploads\/2022\/06\/blogqspLula-07-05-22-600x386-1.jpg\" \/>\n\t<meta property=\"og:image:width\" content=\"600\" \/>\n\t<meta property=\"og:image:height\" content=\"386\" \/>\n\t<meta property=\"og:image:type\" content=\"image\/jpeg\" \/>\n<meta name=\"author\" content=\"Farn\u00e9sio\" \/>\n<meta name=\"twitter:card\" content=\"summary_large_image\" \/>\n<meta name=\"twitter:label1\" content=\"Escrito por\" \/>\n\t<meta name=\"twitter:data1\" content=\"Farn\u00e9sio\" \/>\n\t<meta name=\"twitter:label2\" content=\"Est. tempo de leitura\" \/>\n\t<meta name=\"twitter:data2\" content=\"3 minutos\" \/>\n<script type=\"application\/ld+json\" class=\"yoast-schema-graph\">{\"@context\":\"https:\\\/\\\/schema.org\",\"@graph\":[{\"@type\":\"Article\",\"@id\":\"https:\\\/\\\/blogdofarnesio.com.br\\\/2023\\\/02\\\/lula-viaja-nesta-quinta-aos-eua-e-tera-ampla-agenda-social-e-economica-com-biden\\\/#article\",\"isPartOf\":{\"@id\":\"https:\\\/\\\/blogdofarnesio.com.br\\\/2023\\\/02\\\/lula-viaja-nesta-quinta-aos-eua-e-tera-ampla-agenda-social-e-economica-com-biden\\\/\"},\"author\":{\"name\":\"Farn\u00e9sio\",\"@id\":\"https:\\\/\\\/blogdofarnesio.com.br\\\/#\\\/schema\\\/person\\\/bb9b23ae3ad0609ce8df7b6c9e76824d\"},\"headline\":\"Lula viaja nesta quinta aos EUA e ter\u00e1 ampla agenda social e econ\u00f4mica com Biden\",\"datePublished\":\"2023-02-09T14:44:31+00:00\",\"dateModified\":\"2023-02-09T15:57:15+00:00\",\"mainEntityOfPage\":{\"@id\":\"https:\\\/\\\/blogdofarnesio.com.br\\\/2023\\\/02\\\/lula-viaja-nesta-quinta-aos-eua-e-tera-ampla-agenda-social-e-economica-com-biden\\\/\"},\"wordCount\":437,\"commentCount\":0,\"publisher\":{\"@id\":\"https:\\\/\\\/blogdofarnesio.com.br\\\/#organization\"},\"image\":{\"@id\":\"https:\\\/\\\/blogdofarnesio.com.br\\\/2023\\\/02\\\/lula-viaja-nesta-quinta-aos-eua-e-tera-ampla-agenda-social-e-economica-com-biden\\\/#primaryimage\"},\"thumbnailUrl\":\"https:\\\/\\\/blogdofarnesio.com.br\\\/wp-content\\\/uploads\\\/2022\\\/06\\\/blogqspLula-07-05-22-600x386-1.jpg\",\"articleSection\":[\"Pol\u00edtica\"],\"inLanguage\":\"pt-BR\",\"potentialAction\":[{\"@type\":\"CommentAction\",\"name\":\"Comment\",\"target\":[\"https:\\\/\\\/blogdofarnesio.com.br\\\/2023\\\/02\\\/lula-viaja-nesta-quinta-aos-eua-e-tera-ampla-agenda-social-e-economica-com-biden\\\/#respond\"]}]},{\"@type\":\"WebPage\",\"@id\":\"https:\\\/\\\/blogdofarnesio.com.br\\\/2023\\\/02\\\/lula-viaja-nesta-quinta-aos-eua-e-tera-ampla-agenda-social-e-economica-com-biden\\\/\",\"url\":\"https:\\\/\\\/blogdofarnesio.com.br\\\/2023\\\/02\\\/lula-viaja-nesta-quinta-aos-eua-e-tera-ampla-agenda-social-e-economica-com-biden\\\/\",\"name\":\"Lula viaja nesta quinta aos EUA e ter\u00e1 ampla agenda social e econ\u00f4mica com Biden - Blog do Farn\u00e9sio\",\"isPartOf\":{\"@id\":\"https:\\\/\\\/blogdofarnesio.com.br\\\/#website\"},\"primaryImageOfPage\":{\"@id\":\"https:\\\/\\\/blogdofarnesio.com.br\\\/2023\\\/02\\\/lula-viaja-nesta-quinta-aos-eua-e-tera-ampla-agenda-social-e-economica-com-biden\\\/#primaryimage\"},\"image\":{\"@id\":\"https:\\\/\\\/blogdofarnesio.com.br\\\/2023\\\/02\\\/lula-viaja-nesta-quinta-aos-eua-e-tera-ampla-agenda-social-e-economica-com-biden\\\/#primaryimage\"},\"thumbnailUrl\":\"https:\\\/\\\/blogdofarnesio.com.br\\\/wp-content\\\/uploads\\\/2022\\\/06\\\/blogqspLula-07-05-22-600x386-1.jpg\",\"datePublished\":\"2023-02-09T14:44:31+00:00\",\"dateModified\":\"2023-02-09T15:57:15+00:00\",\"breadcrumb\":{\"@id\":\"https:\\\/\\\/blogdofarnesio.com.br\\\/2023\\\/02\\\/lula-viaja-nesta-quinta-aos-eua-e-tera-ampla-agenda-social-e-economica-com-biden\\\/#breadcrumb\"},\"inLanguage\":\"pt-BR\",\"potentialAction\":[{\"@type\":\"ReadAction\",\"target\":[\"https:\\\/\\\/blogdofarnesio.com.br\\\/2023\\\/02\\\/lula-viaja-nesta-quinta-aos-eua-e-tera-ampla-agenda-social-e-economica-com-biden\\\/\"]}]},{\"@type\":\"ImageObject\",\"inLanguage\":\"pt-BR\",\"@id\":\"https:\\\/\\\/blogdofarnesio.com.br\\\/2023\\\/02\\\/lula-viaja-nesta-quinta-aos-eua-e-tera-ampla-agenda-social-e-economica-com-biden\\\/#primaryimage\",\"url\":\"https:\\\/\\\/blogdofarnesio.com.br\\\/wp-content\\\/uploads\\\/2022\\\/06\\\/blogqspLula-07-05-22-600x386-1.jpg\",\"contentUrl\":\"https:\\\/\\\/blogdofarnesio.com.br\\\/wp-content\\\/uploads\\\/2022\\\/06\\\/blogqspLula-07-05-22-600x386-1.jpg\",\"width\":600,\"height\":386},{\"@type\":\"BreadcrumbList\",\"@id\":\"https:\\\/\\\/blogdofarnesio.com.br\\\/2023\\\/02\\\/lula-viaja-nesta-quinta-aos-eua-e-tera-ampla-agenda-social-e-economica-com-biden\\\/#breadcrumb\",\"itemListElement\":[{\"@type\":\"ListItem\",\"position\":1,\"name\":\"In\u00edcio\",\"item\":\"https:\\\/\\\/blogdofarnesio.com.br\\\/\"},{\"@type\":\"ListItem\",\"position\":2,\"name\":\"Lula viaja nesta quinta aos EUA e ter\u00e1 ampla agenda social e econ\u00f4mica com Biden\"}]},{\"@type\":\"WebSite\",\"@id\":\"https:\\\/\\\/blogdofarnesio.com.br\\\/#website\",\"url\":\"https:\\\/\\\/blogdofarnesio.com.br\\\/\",\"name\":\"Blog do Farn\u00e9sio\",\"description\":\"Quer Saber Pol\u00edtica?\",\"publisher\":{\"@id\":\"https:\\\/\\\/blogdofarnesio.com.br\\\/#organization\"},\"potentialAction\":[{\"@type\":\"SearchAction\",\"target\":{\"@type\":\"EntryPoint\",\"urlTemplate\":\"https:\\\/\\\/blogdofarnesio.com.br\\\/?s={search_term_string}\"},\"query-input\":{\"@type\":\"PropertyValueSpecification\",\"valueRequired\":true,\"valueName\":\"search_term_string\"}}],\"inLanguage\":\"pt-BR\"},{\"@type\":\"Organization\",\"@id\":\"https:\\\/\\\/blogdofarnesio.com.br\\\/#organization\",\"name\":\"Blog do Farn\u00e9sio\",\"url\":\"https:\\\/\\\/blogdofarnesio.com.br\\\/\",\"logo\":{\"@type\":\"ImageObject\",\"inLanguage\":\"pt-BR\",\"@id\":\"https:\\\/\\\/blogdofarnesio.com.br\\\/#\\\/schema\\\/logo\\\/image\\\/\",\"url\":\"https:\\\/\\\/blogdofarnesio.com.br\\\/wp-content\\\/uploads\\\/2026\\\/03\\\/cropped-logo_new-1.png\",\"contentUrl\":\"https:\\\/\\\/blogdofarnesio.com.br\\\/wp-content\\\/uploads\\\/2026\\\/03\\\/cropped-logo_new-1.png\",\"width\":881,\"height\":685,\"caption\":\"Blog do Farn\u00e9sio\"},\"image\":{\"@id\":\"https:\\\/\\\/blogdofarnesio.com.br\\\/#\\\/schema\\\/logo\\\/image\\\/\"},\"sameAs\":[\"https:\\\/\\\/www.facebook.com\\\/BlogQuerSaberPolitica\\\/\"]},{\"@type\":\"Person\",\"@id\":\"https:\\\/\\\/blogdofarnesio.com.br\\\/#\\\/schema\\\/person\\\/bb9b23ae3ad0609ce8df7b6c9e76824d\",\"name\":\"Farn\u00e9sio\",\"image\":{\"@type\":\"ImageObject\",\"inLanguage\":\"pt-BR\",\"@id\":\"https:\\\/\\\/secure.gravatar.com\\\/avatar\\\/986aa4c61ccdb66f8555bf88fc2a65609d00bcabd4d2d94377a727547345cbca?s=96&d=mm&r=g\",\"url\":\"https:\\\/\\\/secure.gravatar.com\\\/avatar\\\/986aa4c61ccdb66f8555bf88fc2a65609d00bcabd4d2d94377a727547345cbca?s=96&d=mm&r=g\",\"contentUrl\":\"https:\\\/\\\/secure.gravatar.com\\\/avatar\\\/986aa4c61ccdb66f8555bf88fc2a65609d00bcabd4d2d94377a727547345cbca?s=96&d=mm&r=g\",\"caption\":\"Farn\u00e9sio\"},\"description\":\"Radialista blogueiro, chegou a Petrolina\\\/Juazeiro em setembro de 1980, Farn\u00e9sio Silva \u00e9 de Arapiraca-Alagoas.\",\"sameAs\":[\"http:\\\/\\\/blogdofarnesio.com.br\",\"https:\\\/\\\/www.facebook.com\\\/?ref=tn_tnmn\",\"https:\\\/\\\/www.instagram.com\\\/?utm_source=pwa_homescreen\",\"https:\\\/\\\/youtube.com.br\\\/\"],\"url\":\"https:\\\/\\\/blogdofarnesio.com.br\\\/author\\\/farnesio-2\\\/\"}]}<\/script>\n<!-- \/ Yoast SEO plugin. -->","yoast_head_json":{"title":"Lula viaja nesta quinta aos EUA e ter\u00e1 ampla agenda social e econ\u00f4mica com Biden - Blog do Farn\u00e9sio","robots":{"index":"index","follow":"follow","max-snippet":"max-snippet:-1","max-image-preview":"max-image-preview:large","max-video-preview":"max-video-preview:-1"},"canonical":"https:\/\/blogdofarnesio.com.br\/2023\/02\/lula-viaja-nesta-quinta-aos-eua-e-tera-ampla-agenda-social-e-economica-com-biden\/","og_locale":"pt_BR","og_type":"article","og_title":"Lula viaja nesta quinta aos EUA e ter\u00e1 ampla agenda social e econ\u00f4mica com Biden - Blog do Farn\u00e9sio","og_description":"Presidente brasileiro ser\u00e1 recebido na Casa Branca na sexta-feira (10\/2). Na pauta, dinamiza\u00e7\u00e3o da economia, quest\u00f5es ambientais, fortalecimento da democracia e direitos humanos Foto: Ricardo Stuckert\/PR O presidente Luiz In\u00e1cio Lula da Silva chega a Washington, nos Estados Unidos, nesta quinta-feira (9\/2), para sua primeira visita ao pa\u00eds ap\u00f3s voltar \u00e0 Presid\u00eancia da Rep\u00fablica. Ele viaja acompanhado dos ministros Mauro Vieira (Rela\u00e7\u00f5es Exteriores), Fernando Haddad (Fazenda), Marina Silva (Meio Ambiente), Anielle Franco (Igualdade Racial), do Assessor Especial embaixador Celso Amorim, e do secret\u00e1rio executivo do Minist\u00e9rio do Desenvolvimento Econ\u00f4mico e Com\u00e9rcio, Marcio Elias Rosa. Eles ser\u00e3o recebidos pelo presidente dos Estados Unidos, Joe Biden, na Casa Branca, na sexta-feira (10\/2). A visita do Presidente Lula aos Estados Unidos, logo no&hellip;","og_url":"https:\/\/blogdofarnesio.com.br\/2023\/02\/lula-viaja-nesta-quinta-aos-eua-e-tera-ampla-agenda-social-e-economica-com-biden\/","og_site_name":"Blog do Farn\u00e9sio","article_publisher":"https:\/\/www.facebook.com\/BlogQuerSaberPolitica\/","article_author":"https:\/\/www.facebook.com\/?ref=tn_tnmn","article_published_time":"2023-02-09T14:44:31+00:00","article_modified_time":"2023-02-09T15:57:15+00:00","og_image":[{"width":600,"height":386,"url":"https:\/\/blogdofarnesio.com.br\/wp-content\/uploads\/2022\/06\/blogqspLula-07-05-22-600x386-1.jpg","type":"image\/jpeg"}],"author":"Farn\u00e9sio","twitter_card":"summary_large_image","twitter_misc":{"Escrito por":"Farn\u00e9sio","Est. tempo de leitura":"3 minutos"},"schema":{"@context":"https:\/\/schema.org","@graph":[{"@type":"Article","@id":"https:\/\/blogdofarnesio.com.br\/2023\/02\/lula-viaja-nesta-quinta-aos-eua-e-tera-ampla-agenda-social-e-economica-com-biden\/#article","isPartOf":{"@id":"https:\/\/blogdofarnesio.com.br\/2023\/02\/lula-viaja-nesta-quinta-aos-eua-e-tera-ampla-agenda-social-e-economica-com-biden\/"},"author":{"name":"Farn\u00e9sio","@id":"https:\/\/blogdofarnesio.com.br\/#\/schema\/person\/bb9b23ae3ad0609ce8df7b6c9e76824d"},"headline":"Lula viaja nesta quinta aos EUA e ter\u00e1 ampla agenda social e econ\u00f4mica com Biden","datePublished":"2023-02-09T14:44:31+00:00","dateModified":"2023-02-09T15:57:15+00:00","mainEntityOfPage":{"@id":"https:\/\/blogdofarnesio.com.br\/2023\/02\/lula-viaja-nesta-quinta-aos-eua-e-tera-ampla-agenda-social-e-economica-com-biden\/"},"wordCount":437,"commentCount":0,"publisher":{"@id":"https:\/\/blogdofarnesio.com.br\/#organization"},"image":{"@id":"https:\/\/blogdofarnesio.com.br\/2023\/02\/lula-viaja-nesta-quinta-aos-eua-e-tera-ampla-agenda-social-e-economica-com-biden\/#primaryimage"},"thumbnailUrl":"https:\/\/blogdofarnesio.com.br\/wp-content\/uploads\/2022\/06\/blogqspLula-07-05-22-600x386-1.jpg","articleSection":["Pol\u00edtica"],"inLanguage":"pt-BR","potentialAction":[{"@type":"CommentAction","name":"Comment","target":["https:\/\/blogdofarnesio.com.br\/2023\/02\/lula-viaja-nesta-quinta-aos-eua-e-tera-ampla-agenda-social-e-economica-com-biden\/#respond"]}]},{"@type":"WebPage","@id":"https:\/\/blogdofarnesio.com.br\/2023\/02\/lula-viaja-nesta-quinta-aos-eua-e-tera-ampla-agenda-social-e-economica-com-biden\/","url":"https:\/\/blogdofarnesio.com.br\/2023\/02\/lula-viaja-nesta-quinta-aos-eua-e-tera-ampla-agenda-social-e-economica-com-biden\/","name":"Lula viaja nesta quinta aos EUA e ter\u00e1 ampla agenda social e econ\u00f4mica com Biden - Blog do Farn\u00e9sio","isPartOf":{"@id":"https:\/\/blogdofarnesio.com.br\/#website"},"primaryImageOfPage":{"@id":"https:\/\/blogdofarnesio.com.br\/2023\/02\/lula-viaja-nesta-quinta-aos-eua-e-tera-ampla-agenda-social-e-economica-com-biden\/#primaryimage"},"image":{"@id":"https:\/\/blogdofarnesio.com.br\/2023\/02\/lula-viaja-nesta-quinta-aos-eua-e-tera-ampla-agenda-social-e-economica-com-biden\/#primaryimage"},"thumbnailUrl":"https:\/\/blogdofarnesio.com.br\/wp-content\/uploads\/2022\/06\/blogqspLula-07-05-22-600x386-1.jpg","datePublished":"2023-02-09T14:44:31+00:00","dateModified":"2023-02-09T15:57:15+00:00","breadcrumb":{"@id":"https:\/\/blogdofarnesio.com.br\/2023\/02\/lula-viaja-nesta-quinta-aos-eua-e-tera-ampla-agenda-social-e-economica-com-biden\/#breadcrumb"},"inLanguage":"pt-BR","potentialAction":[{"@type":"ReadAction","target":["https:\/\/blogdofarnesio.com.br\/2023\/02\/lula-viaja-nesta-quinta-aos-eua-e-tera-ampla-agenda-social-e-economica-com-biden\/"]}]},{"@type":"ImageObject","inLanguage":"pt-BR","@id":"https:\/\/blogdofarnesio.com.br\/2023\/02\/lula-viaja-nesta-quinta-aos-eua-e-tera-ampla-agenda-social-e-economica-com-biden\/#primaryimage","url":"https:\/\/blogdofarnesio.com.br\/wp-content\/uploads\/2022\/06\/blogqspLula-07-05-22-600x386-1.jpg","contentUrl":"https:\/\/blogdofarnesio.com.br\/wp-content\/uploads\/2022\/06\/blogqspLula-07-05-22-600x386-1.jpg","width":600,"height":386},{"@type":"BreadcrumbList","@id":"https:\/\/blogdofarnesio.com.br\/2023\/02\/lula-viaja-nesta-quinta-aos-eua-e-tera-ampla-agenda-social-e-economica-com-biden\/#breadcrumb","itemListElement":[{"@type":"ListItem","position":1,"name":"In\u00edcio","item":"https:\/\/blogdofarnesio.com.br\/"},{"@type":"ListItem","position":2,"name":"Lula viaja nesta quinta aos EUA e ter\u00e1 ampla agenda social e econ\u00f4mica com Biden"}]},{"@type":"WebSite","@id":"https:\/\/blogdofarnesio.com.br\/#website","url":"https:\/\/blogdofarnesio.com.br\/","name":"Blog do Farn\u00e9sio","description":"Quer Saber Pol\u00edtica?","publisher":{"@id":"https:\/\/blogdofarnesio.com.br\/#organization"},"potentialAction":[{"@type":"SearchAction","target":{"@type":"EntryPoint","urlTemplate":"https:\/\/blogdofarnesio.com.br\/?s={search_term_string}"},"query-input":{"@type":"PropertyValueSpecification","valueRequired":true,"valueName":"search_term_string"}}],"inLanguage":"pt-BR"},{"@type":"Organization","@id":"https:\/\/blogdofarnesio.com.br\/#organization","name":"Blog do Farn\u00e9sio","url":"https:\/\/blogdofarnesio.com.br\/","logo":{"@type":"ImageObject","inLanguage":"pt-BR","@id":"https:\/\/blogdofarnesio.com.br\/#\/schema\/logo\/image\/","url":"https:\/\/blogdofarnesio.com.br\/wp-content\/uploads\/2026\/03\/cropped-logo_new-1.png","contentUrl":"https:\/\/blogdofarnesio.com.br\/wp-content\/uploads\/2026\/03\/cropped-logo_new-1.png","width":881,"height":685,"caption":"Blog do Farn\u00e9sio"},"image":{"@id":"https:\/\/blogdofarnesio.com.br\/#\/schema\/logo\/image\/"},"sameAs":["https:\/\/www.facebook.com\/BlogQuerSaberPolitica\/"]},{"@type":"Person","@id":"https:\/\/blogdofarnesio.com.br\/#\/schema\/person\/bb9b23ae3ad0609ce8df7b6c9e76824d","name":"Farn\u00e9sio","image":{"@type":"ImageObject","inLanguage":"pt-BR","@id":"https:\/\/secure.gravatar.com\/avatar\/986aa4c61ccdb66f8555bf88fc2a65609d00bcabd4d2d94377a727547345cbca?s=96&d=mm&r=g","url":"https:\/\/secure.gravatar.com\/avatar\/986aa4c61ccdb66f8555bf88fc2a65609d00bcabd4d2d94377a727547345cbca?s=96&d=mm&r=g","contentUrl":"https:\/\/secure.gravatar.com\/avatar\/986aa4c61ccdb66f8555bf88fc2a65609d00bcabd4d2d94377a727547345cbca?s=96&d=mm&r=g","caption":"Farn\u00e9sio"},"description":"Radialista blogueiro, chegou a Petrolina\/Juazeiro em setembro de 1980, Farn\u00e9sio Silva \u00e9 de Arapiraca-Alagoas.","sameAs":["http:\/\/blogdofarnesio.com.br","https:\/\/www.facebook.com\/?ref=tn_tnmn","https:\/\/www.instagram.com\/?utm_source=pwa_homescreen","https:\/\/youtube.com.br\/"],"url":"https:\/\/blogdofarnesio.com.br\/author\/farnesio-2\/"}]}},"_links":{"self":[{"href":"https:\/\/blogdofarnesio.com.br\/wp-json\/wp\/v2\/posts\/333290","targetHints":{"allow":["GET"]}}],"collection":[{"href":"https:\/\/blogdofarnesio.com.br\/wp-json\/wp\/v2\/posts"}],"about":[{"href":"https:\/\/blogdofarnesio.com.br\/wp-json\/wp\/v2\/types\/post"}],"author":[{"embeddable":true,"href":"https:\/\/blogdofarnesio.com.br\/wp-json\/wp\/v2\/users\/2"}],"replies":[{"embeddable":true,"href":"https:\/\/blogdofarnesio.com.br\/wp-json\/wp\/v2\/comments?post=333290"}],"version-history":[{"count":0,"href":"https:\/\/blogdofarnesio.com.br\/wp-json\/wp\/v2\/posts\/333290\/revisions"}],"wp:featuredmedia":[{"embeddable":true,"href":"https:\/\/blogdofarnesio.com.br\/wp-json\/wp\/v2\/media\/316360"}],"wp:attachment":[{"href":"https:\/\/blogdofarnesio.com.br\/wp-json\/wp\/v2\/media?parent=333290"}],"wp:term":[{"taxonomy":"category","embeddable":true,"href":"https:\/\/blogdofarnesio.com.br\/wp-json\/wp\/v2\/categories?post=333290"},{"taxonomy":"post_tag","embeddable":true,"href":"https:\/\/blogdofarnesio.com.br\/wp-json\/wp\/v2\/tags?post=333290"}],"curies":[{"name":"wp","href":"https:\/\/api.w.org\/{rel}","templated":true}]}}