{"id":332776,"date":"2023-02-01T16:24:51","date_gmt":"2023-02-01T19:24:51","guid":{"rendered":"https:\/\/blogdofarnesio.com.br\/?p=332776"},"modified":"2023-02-01T15:51:25","modified_gmt":"2023-02-01T18:51:25","slug":"fernando-bezerra-sinomino-de-devocao-por-petrolina","status":"publish","type":"post","link":"https:\/\/blogdofarnesio.com.br\/?p=332776","title":{"rendered":"Fernando Bezerra, sin\u00f4mino de devo\u00e7\u00e3o por Petrolina"},"content":{"rendered":"<header class=\"entry-header\"><\/header>\n<div class=\"entry-content\">\n<figure id=\"attachment_114212\" class=\"wp-caption aligncenter\" aria-describedby=\"caption-attachment-114212\">*Sim\u00e3o Durando\u00a0 &#8211;<\/figure>\n<p>Gratid\u00e3o. Essa \u00e9 a palavra que o povo de Petrolina carrega nesses dias por tudo o que Fernando Bezerra Coelho fez por nosso Sert\u00e3o em 40 anos de p\u00fablica. Na condi\u00e7\u00e3o de prefeito, representante pol\u00edtico da capital do S\u00e3o Francisco, sinto-me na obriga\u00e7\u00e3o de externar o orgulho que nosso povo sente por essa ilustre lideran\u00e7a que dedicou a vida em prol de Petrolina.<\/p>\n<p>Fernando Bezerra Coelho \u00e9 sin\u00f4nimo de devo\u00e7\u00e3o por essa cidade. Desde a d\u00e9cada de 80, lutou para fazer Petrolina se tornar uma terra de prosperidade e oportunidade. Foi deputado estadual, secret\u00e1rio de estado na Agricultura, Casa Civil e Desenvolvimento Econ\u00f4mico; deputado federal constituinte, prefeito por tr\u00eas mandatos, ministro da Integra\u00e7\u00e3o Nacional e, por \u00faltimo, senador da Rep\u00fablica. Em todos esses cargos p\u00fablicos, priorizou o povo do Sert\u00e3o, em especial, a sua Petrolina.<\/p>\n<p>Aqui em Petrolina n\u00e3o h\u00e1 um s\u00f3 bairro sem a\u00e7\u00f5es de Fernando Bezerra. Seja por uma obra de infraestrutura, um posto de sa\u00fade, uma escola erguida ou algum sistema de abastecimento de \u00e1gua implantado. Fernando foi o l\u00edder de todos os momentos, um dedicado trabalhador a servi\u00e7o de sua gente, realizando sonhos impens\u00e1veis como viadutos, duplica\u00e7\u00f5es, shopping center a um centro de conven\u00e7\u00f5es. Foi tamb\u00e9m homem de di\u00e1logo, que construiu pontes em Bras\u00edlia, no Recife, para carrear recursos e solucionar in\u00fameros impasses seja para os sertanejos, ou para os brasileiros num \u00e2mbito geral.<\/p>\n<p>Ap\u00f3s 40 anos de dedica\u00e7\u00e3o \u00e0 boa politica, em servi\u00e7o di\u00e1rio e incans\u00e1vel pelos pernambucanos, Fernando Bezerra finaliza um ciclo de sua trajet\u00f3ria. Seu afastamento da pol\u00edtica partid\u00e1ria, contudo, n\u00e3o encerra seu legado, muito menos sua influ\u00eancia na vida dos petrolinenses. Isso porque, agora, n\u00f3s que trabalhamos a servi\u00e7o do povo temos o compromisso de nos inspirar neste exemplo e de alguma forma dar continuidade a tudo que FBC fez por Petrolina, que foi decisivo para nossa regi\u00e3o transpor novas barreiras do desenvolvimento.<\/p>\n<p>A hist\u00f3ria de amor de Fernando por Petrolina nunca ser\u00e1 apagada. Assim como, o povo petrolinense nunca deixar\u00e1 de reconhecer e se orgulhar da trajet\u00f3ria de um dos maiores pol\u00edticos que Pernambuco ofereceu \u00e0 na\u00e7\u00e3o brasileira.<\/p>\n<p><strong>*Sim\u00e3o Durando<\/strong> \u00e9\u00a0 de Prefeito de Petrolina<\/p>\n<\/div>\n","protected":false},"excerpt":{"rendered":"<p>*Sim\u00e3o Durando\u00a0 &#8211; Gratid\u00e3o. Essa \u00e9 a palavra que o povo de Petrolina carrega nesses dias por tudo o que Fernando Bezerra Coelho fez por nosso Sert\u00e3o em 40 anos de p\u00fablica. Na condi\u00e7\u00e3o de prefeito, representante pol\u00edtico da capital do S\u00e3o Francisco, sinto-me na obriga\u00e7\u00e3o de externar o orgulho que nosso povo sente por essa ilustre lideran\u00e7a que dedicou a vida em prol de Petrolina. Fernando Bezerra Coelho \u00e9 sin\u00f4nimo de devo\u00e7\u00e3o por essa cidade. Desde a d\u00e9cada de 80, lutou para fazer Petrolina se tornar uma terra de prosperidade e oportunidade. Foi deputado estadual, secret\u00e1rio de estado na Agricultura, Casa Civil e Desenvolvimento Econ\u00f4mico; deputado federal constituinte, prefeito por tr\u00eas mandatos, ministro da Integra\u00e7\u00e3o Nacional e, por \u00faltimo,&hellip; <\/p>\n","protected":false},"author":2,"featured_media":329156,"comment_status":"open","ping_status":"open","sticky":false,"template":"","format":"standard","meta":{"_acf_changed":false,"footnotes":""},"categories":[30],"tags":[],"class_list":["post-332776","post","type-post","status-publish","format-standard","has-post-thumbnail","hentry","category-artigo"],"acf":[],"yoast_head":"<!-- This site is optimized with the Yoast SEO plugin v27.4 - https:\/\/yoast.com\/product\/yoast-seo-wordpress\/ -->\n<title>Fernando Bezerra, sin\u00f4mino de devo\u00e7\u00e3o por Petrolina - Blog do Farn\u00e9sio<\/title>\n<meta name=\"robots\" content=\"index, follow, max-snippet:-1, max-image-preview:large, max-video-preview:-1\" \/>\n<link rel=\"canonical\" href=\"https:\/\/blogdofarnesio.com.br\/?p=332776\" \/>\n<meta property=\"og:locale\" content=\"pt_BR\" \/>\n<meta property=\"og:type\" content=\"article\" \/>\n<meta property=\"og:title\" content=\"Fernando Bezerra, sin\u00f4mino de devo\u00e7\u00e3o por Petrolina - Blog do Farn\u00e9sio\" \/>\n<meta property=\"og:description\" content=\"*Sim\u00e3o Durando\u00a0 &#8211; Gratid\u00e3o. Essa \u00e9 a palavra que o povo de Petrolina carrega nesses dias por tudo o que Fernando Bezerra Coelho fez por nosso Sert\u00e3o em 40 anos de p\u00fablica. Na condi\u00e7\u00e3o de prefeito, representante pol\u00edtico da capital do S\u00e3o Francisco, sinto-me na obriga\u00e7\u00e3o de externar o orgulho que nosso povo sente por essa ilustre lideran\u00e7a que dedicou a vida em prol de Petrolina. Fernando Bezerra Coelho \u00e9 sin\u00f4nimo de devo\u00e7\u00e3o por essa cidade. Desde a d\u00e9cada de 80, lutou para fazer Petrolina se tornar uma terra de prosperidade e oportunidade. Foi deputado estadual, secret\u00e1rio de estado na Agricultura, Casa Civil e Desenvolvimento Econ\u00f4mico; deputado federal constituinte, prefeito por tr\u00eas mandatos, ministro da Integra\u00e7\u00e3o Nacional e, por \u00faltimo,&hellip;\" \/>\n<meta property=\"og:url\" content=\"https:\/\/blogdofarnesio.com.br\/?p=332776\" \/>\n<meta property=\"og:site_name\" content=\"Blog do Farn\u00e9sio\" \/>\n<meta property=\"article:publisher\" content=\"https:\/\/www.facebook.com\/BlogQuerSaberPolitica\/\" \/>\n<meta property=\"article:author\" content=\"https:\/\/www.facebook.com\/?ref=tn_tnmn\" \/>\n<meta property=\"article:published_time\" content=\"2023-02-01T19:24:51+00:00\" \/>\n<meta property=\"og:image\" content=\"https:\/\/blogdofarnesio.com.br\/wp-content\/uploads\/2022\/12\/blogqspfbc-simao-e1670872782972.jpg\" \/>\n\t<meta property=\"og:image:width\" content=\"680\" \/>\n\t<meta property=\"og:image:height\" content=\"453\" \/>\n\t<meta property=\"og:image:type\" content=\"image\/jpeg\" \/>\n<meta name=\"author\" content=\"Farn\u00e9sio\" \/>\n<meta name=\"twitter:card\" content=\"summary_large_image\" \/>\n<meta name=\"twitter:label1\" content=\"Escrito por\" \/>\n\t<meta name=\"twitter:data1\" content=\"Farn\u00e9sio\" \/>\n\t<meta name=\"twitter:label2\" content=\"Est. tempo de leitura\" \/>\n\t<meta name=\"twitter:data2\" content=\"2 minutos\" \/>\n<script type=\"application\/ld+json\" class=\"yoast-schema-graph\">{\"@context\":\"https:\\\/\\\/schema.org\",\"@graph\":[{\"@type\":\"Article\",\"@id\":\"https:\\\/\\\/blogdofarnesio.com.br\\\/?p=332776#article\",\"isPartOf\":{\"@id\":\"https:\\\/\\\/blogdofarnesio.com.br\\\/?p=332776\"},\"author\":{\"name\":\"Farn\u00e9sio\",\"@id\":\"https:\\\/\\\/blogdofarnesio.com.br\\\/#\\\/schema\\\/person\\\/bb9b23ae3ad0609ce8df7b6c9e76824d\"},\"headline\":\"Fernando Bezerra, sin\u00f4mino de devo\u00e7\u00e3o por Petrolina\",\"datePublished\":\"2023-02-01T19:24:51+00:00\",\"mainEntityOfPage\":{\"@id\":\"https:\\\/\\\/blogdofarnesio.com.br\\\/?p=332776\"},\"wordCount\":407,\"commentCount\":0,\"publisher\":{\"@id\":\"https:\\\/\\\/blogdofarnesio.com.br\\\/#organization\"},\"image\":{\"@id\":\"https:\\\/\\\/blogdofarnesio.com.br\\\/?p=332776#primaryimage\"},\"thumbnailUrl\":\"https:\\\/\\\/blogdofarnesio.com.br\\\/wp-content\\\/uploads\\\/2022\\\/12\\\/blogqspfbc-simao-e1670872782972.jpg\",\"articleSection\":[\"Artigo\"],\"inLanguage\":\"pt-BR\",\"potentialAction\":[{\"@type\":\"CommentAction\",\"name\":\"Comment\",\"target\":[\"https:\\\/\\\/blogdofarnesio.com.br\\\/?p=332776#respond\"]}]},{\"@type\":\"WebPage\",\"@id\":\"https:\\\/\\\/blogdofarnesio.com.br\\\/?p=332776\",\"url\":\"https:\\\/\\\/blogdofarnesio.com.br\\\/?p=332776\",\"name\":\"Fernando Bezerra, sin\u00f4mino de devo\u00e7\u00e3o por Petrolina - Blog do Farn\u00e9sio\",\"isPartOf\":{\"@id\":\"https:\\\/\\\/blogdofarnesio.com.br\\\/#website\"},\"primaryImageOfPage\":{\"@id\":\"https:\\\/\\\/blogdofarnesio.com.br\\\/?p=332776#primaryimage\"},\"image\":{\"@id\":\"https:\\\/\\\/blogdofarnesio.com.br\\\/?p=332776#primaryimage\"},\"thumbnailUrl\":\"https:\\\/\\\/blogdofarnesio.com.br\\\/wp-content\\\/uploads\\\/2022\\\/12\\\/blogqspfbc-simao-e1670872782972.jpg\",\"datePublished\":\"2023-02-01T19:24:51+00:00\",\"breadcrumb\":{\"@id\":\"https:\\\/\\\/blogdofarnesio.com.br\\\/?p=332776#breadcrumb\"},\"inLanguage\":\"pt-BR\",\"potentialAction\":[{\"@type\":\"ReadAction\",\"target\":[\"https:\\\/\\\/blogdofarnesio.com.br\\\/?p=332776\"]}]},{\"@type\":\"ImageObject\",\"inLanguage\":\"pt-BR\",\"@id\":\"https:\\\/\\\/blogdofarnesio.com.br\\\/?p=332776#primaryimage\",\"url\":\"https:\\\/\\\/blogdofarnesio.com.br\\\/wp-content\\\/uploads\\\/2022\\\/12\\\/blogqspfbc-simao-e1670872782972.jpg\",\"contentUrl\":\"https:\\\/\\\/blogdofarnesio.com.br\\\/wp-content\\\/uploads\\\/2022\\\/12\\\/blogqspfbc-simao-e1670872782972.jpg\",\"width\":680,\"height\":453},{\"@type\":\"BreadcrumbList\",\"@id\":\"https:\\\/\\\/blogdofarnesio.com.br\\\/?p=332776#breadcrumb\",\"itemListElement\":[{\"@type\":\"ListItem\",\"position\":1,\"name\":\"In\u00edcio\",\"item\":\"https:\\\/\\\/blogdofarnesio.com.br\\\/\"},{\"@type\":\"ListItem\",\"position\":2,\"name\":\"Fernando Bezerra, sin\u00f4mino de devo\u00e7\u00e3o por Petrolina\"}]},{\"@type\":\"WebSite\",\"@id\":\"https:\\\/\\\/blogdofarnesio.com.br\\\/#website\",\"url\":\"https:\\\/\\\/blogdofarnesio.com.br\\\/\",\"name\":\"Blog do Farn\u00e9sio\",\"description\":\"Quer Saber Pol\u00edtica?\",\"publisher\":{\"@id\":\"https:\\\/\\\/blogdofarnesio.com.br\\\/#organization\"},\"potentialAction\":[{\"@type\":\"SearchAction\",\"target\":{\"@type\":\"EntryPoint\",\"urlTemplate\":\"https:\\\/\\\/blogdofarnesio.com.br\\\/?s={search_term_string}\"},\"query-input\":{\"@type\":\"PropertyValueSpecification\",\"valueRequired\":true,\"valueName\":\"search_term_string\"}}],\"inLanguage\":\"pt-BR\"},{\"@type\":\"Organization\",\"@id\":\"https:\\\/\\\/blogdofarnesio.com.br\\\/#organization\",\"name\":\"Blog do Farn\u00e9sio\",\"url\":\"https:\\\/\\\/blogdofarnesio.com.br\\\/\",\"logo\":{\"@type\":\"ImageObject\",\"inLanguage\":\"pt-BR\",\"@id\":\"https:\\\/\\\/blogdofarnesio.com.br\\\/#\\\/schema\\\/logo\\\/image\\\/\",\"url\":\"https:\\\/\\\/blogdofarnesio.com.br\\\/wp-content\\\/uploads\\\/2026\\\/03\\\/cropped-logo_new-1.png\",\"contentUrl\":\"https:\\\/\\\/blogdofarnesio.com.br\\\/wp-content\\\/uploads\\\/2026\\\/03\\\/cropped-logo_new-1.png\",\"width\":881,\"height\":685,\"caption\":\"Blog do Farn\u00e9sio\"},\"image\":{\"@id\":\"https:\\\/\\\/blogdofarnesio.com.br\\\/#\\\/schema\\\/logo\\\/image\\\/\"},\"sameAs\":[\"https:\\\/\\\/www.facebook.com\\\/BlogQuerSaberPolitica\\\/\"]},{\"@type\":\"Person\",\"@id\":\"https:\\\/\\\/blogdofarnesio.com.br\\\/#\\\/schema\\\/person\\\/bb9b23ae3ad0609ce8df7b6c9e76824d\",\"name\":\"Farn\u00e9sio\",\"image\":{\"@type\":\"ImageObject\",\"inLanguage\":\"pt-BR\",\"@id\":\"https:\\\/\\\/secure.gravatar.com\\\/avatar\\\/986aa4c61ccdb66f8555bf88fc2a65609d00bcabd4d2d94377a727547345cbca?s=96&d=mm&r=g\",\"url\":\"https:\\\/\\\/secure.gravatar.com\\\/avatar\\\/986aa4c61ccdb66f8555bf88fc2a65609d00bcabd4d2d94377a727547345cbca?s=96&d=mm&r=g\",\"contentUrl\":\"https:\\\/\\\/secure.gravatar.com\\\/avatar\\\/986aa4c61ccdb66f8555bf88fc2a65609d00bcabd4d2d94377a727547345cbca?s=96&d=mm&r=g\",\"caption\":\"Farn\u00e9sio\"},\"description\":\"Radialista blogueiro, chegou a Petrolina\\\/Juazeiro em setembro de 1980, Farn\u00e9sio Silva \u00e9 de Arapiraca-Alagoas.\",\"sameAs\":[\"http:\\\/\\\/blogdofarnesio.com.br\",\"https:\\\/\\\/www.facebook.com\\\/?ref=tn_tnmn\",\"https:\\\/\\\/www.instagram.com\\\/?utm_source=pwa_homescreen\",\"https:\\\/\\\/youtube.com.br\\\/\"],\"url\":\"https:\\\/\\\/blogdofarnesio.com.br\\\/?author=2\"}]}<\/script>\n<!-- \/ Yoast SEO plugin. -->","yoast_head_json":{"title":"Fernando Bezerra, sin\u00f4mino de devo\u00e7\u00e3o por Petrolina - Blog do Farn\u00e9sio","robots":{"index":"index","follow":"follow","max-snippet":"max-snippet:-1","max-image-preview":"max-image-preview:large","max-video-preview":"max-video-preview:-1"},"canonical":"https:\/\/blogdofarnesio.com.br\/?p=332776","og_locale":"pt_BR","og_type":"article","og_title":"Fernando Bezerra, sin\u00f4mino de devo\u00e7\u00e3o por Petrolina - Blog do Farn\u00e9sio","og_description":"*Sim\u00e3o Durando\u00a0 &#8211; Gratid\u00e3o. Essa \u00e9 a palavra que o povo de Petrolina carrega nesses dias por tudo o que Fernando Bezerra Coelho fez por nosso Sert\u00e3o em 40 anos de p\u00fablica. Na condi\u00e7\u00e3o de prefeito, representante pol\u00edtico da capital do S\u00e3o Francisco, sinto-me na obriga\u00e7\u00e3o de externar o orgulho que nosso povo sente por essa ilustre lideran\u00e7a que dedicou a vida em prol de Petrolina. Fernando Bezerra Coelho \u00e9 sin\u00f4nimo de devo\u00e7\u00e3o por essa cidade. Desde a d\u00e9cada de 80, lutou para fazer Petrolina se tornar uma terra de prosperidade e oportunidade. Foi deputado estadual, secret\u00e1rio de estado na Agricultura, Casa Civil e Desenvolvimento Econ\u00f4mico; deputado federal constituinte, prefeito por tr\u00eas mandatos, ministro da Integra\u00e7\u00e3o Nacional e, por \u00faltimo,&hellip;","og_url":"https:\/\/blogdofarnesio.com.br\/?p=332776","og_site_name":"Blog do Farn\u00e9sio","article_publisher":"https:\/\/www.facebook.com\/BlogQuerSaberPolitica\/","article_author":"https:\/\/www.facebook.com\/?ref=tn_tnmn","article_published_time":"2023-02-01T19:24:51+00:00","og_image":[{"width":680,"height":453,"url":"https:\/\/blogdofarnesio.com.br\/wp-content\/uploads\/2022\/12\/blogqspfbc-simao-e1670872782972.jpg","type":"image\/jpeg"}],"author":"Farn\u00e9sio","twitter_card":"summary_large_image","twitter_misc":{"Escrito por":"Farn\u00e9sio","Est. tempo de leitura":"2 minutos"},"schema":{"@context":"https:\/\/schema.org","@graph":[{"@type":"Article","@id":"https:\/\/blogdofarnesio.com.br\/?p=332776#article","isPartOf":{"@id":"https:\/\/blogdofarnesio.com.br\/?p=332776"},"author":{"name":"Farn\u00e9sio","@id":"https:\/\/blogdofarnesio.com.br\/#\/schema\/person\/bb9b23ae3ad0609ce8df7b6c9e76824d"},"headline":"Fernando Bezerra, sin\u00f4mino de devo\u00e7\u00e3o por Petrolina","datePublished":"2023-02-01T19:24:51+00:00","mainEntityOfPage":{"@id":"https:\/\/blogdofarnesio.com.br\/?p=332776"},"wordCount":407,"commentCount":0,"publisher":{"@id":"https:\/\/blogdofarnesio.com.br\/#organization"},"image":{"@id":"https:\/\/blogdofarnesio.com.br\/?p=332776#primaryimage"},"thumbnailUrl":"https:\/\/blogdofarnesio.com.br\/wp-content\/uploads\/2022\/12\/blogqspfbc-simao-e1670872782972.jpg","articleSection":["Artigo"],"inLanguage":"pt-BR","potentialAction":[{"@type":"CommentAction","name":"Comment","target":["https:\/\/blogdofarnesio.com.br\/?p=332776#respond"]}]},{"@type":"WebPage","@id":"https:\/\/blogdofarnesio.com.br\/?p=332776","url":"https:\/\/blogdofarnesio.com.br\/?p=332776","name":"Fernando Bezerra, sin\u00f4mino de devo\u00e7\u00e3o por Petrolina - Blog do Farn\u00e9sio","isPartOf":{"@id":"https:\/\/blogdofarnesio.com.br\/#website"},"primaryImageOfPage":{"@id":"https:\/\/blogdofarnesio.com.br\/?p=332776#primaryimage"},"image":{"@id":"https:\/\/blogdofarnesio.com.br\/?p=332776#primaryimage"},"thumbnailUrl":"https:\/\/blogdofarnesio.com.br\/wp-content\/uploads\/2022\/12\/blogqspfbc-simao-e1670872782972.jpg","datePublished":"2023-02-01T19:24:51+00:00","breadcrumb":{"@id":"https:\/\/blogdofarnesio.com.br\/?p=332776#breadcrumb"},"inLanguage":"pt-BR","potentialAction":[{"@type":"ReadAction","target":["https:\/\/blogdofarnesio.com.br\/?p=332776"]}]},{"@type":"ImageObject","inLanguage":"pt-BR","@id":"https:\/\/blogdofarnesio.com.br\/?p=332776#primaryimage","url":"https:\/\/blogdofarnesio.com.br\/wp-content\/uploads\/2022\/12\/blogqspfbc-simao-e1670872782972.jpg","contentUrl":"https:\/\/blogdofarnesio.com.br\/wp-content\/uploads\/2022\/12\/blogqspfbc-simao-e1670872782972.jpg","width":680,"height":453},{"@type":"BreadcrumbList","@id":"https:\/\/blogdofarnesio.com.br\/?p=332776#breadcrumb","itemListElement":[{"@type":"ListItem","position":1,"name":"In\u00edcio","item":"https:\/\/blogdofarnesio.com.br\/"},{"@type":"ListItem","position":2,"name":"Fernando Bezerra, sin\u00f4mino de devo\u00e7\u00e3o por Petrolina"}]},{"@type":"WebSite","@id":"https:\/\/blogdofarnesio.com.br\/#website","url":"https:\/\/blogdofarnesio.com.br\/","name":"Blog do Farn\u00e9sio","description":"Quer Saber Pol\u00edtica?","publisher":{"@id":"https:\/\/blogdofarnesio.com.br\/#organization"},"potentialAction":[{"@type":"SearchAction","target":{"@type":"EntryPoint","urlTemplate":"https:\/\/blogdofarnesio.com.br\/?s={search_term_string}"},"query-input":{"@type":"PropertyValueSpecification","valueRequired":true,"valueName":"search_term_string"}}],"inLanguage":"pt-BR"},{"@type":"Organization","@id":"https:\/\/blogdofarnesio.com.br\/#organization","name":"Blog do Farn\u00e9sio","url":"https:\/\/blogdofarnesio.com.br\/","logo":{"@type":"ImageObject","inLanguage":"pt-BR","@id":"https:\/\/blogdofarnesio.com.br\/#\/schema\/logo\/image\/","url":"https:\/\/blogdofarnesio.com.br\/wp-content\/uploads\/2026\/03\/cropped-logo_new-1.png","contentUrl":"https:\/\/blogdofarnesio.com.br\/wp-content\/uploads\/2026\/03\/cropped-logo_new-1.png","width":881,"height":685,"caption":"Blog do Farn\u00e9sio"},"image":{"@id":"https:\/\/blogdofarnesio.com.br\/#\/schema\/logo\/image\/"},"sameAs":["https:\/\/www.facebook.com\/BlogQuerSaberPolitica\/"]},{"@type":"Person","@id":"https:\/\/blogdofarnesio.com.br\/#\/schema\/person\/bb9b23ae3ad0609ce8df7b6c9e76824d","name":"Farn\u00e9sio","image":{"@type":"ImageObject","inLanguage":"pt-BR","@id":"https:\/\/secure.gravatar.com\/avatar\/986aa4c61ccdb66f8555bf88fc2a65609d00bcabd4d2d94377a727547345cbca?s=96&d=mm&r=g","url":"https:\/\/secure.gravatar.com\/avatar\/986aa4c61ccdb66f8555bf88fc2a65609d00bcabd4d2d94377a727547345cbca?s=96&d=mm&r=g","contentUrl":"https:\/\/secure.gravatar.com\/avatar\/986aa4c61ccdb66f8555bf88fc2a65609d00bcabd4d2d94377a727547345cbca?s=96&d=mm&r=g","caption":"Farn\u00e9sio"},"description":"Radialista blogueiro, chegou a Petrolina\/Juazeiro em setembro de 1980, Farn\u00e9sio Silva \u00e9 de Arapiraca-Alagoas.","sameAs":["http:\/\/blogdofarnesio.com.br","https:\/\/www.facebook.com\/?ref=tn_tnmn","https:\/\/www.instagram.com\/?utm_source=pwa_homescreen","https:\/\/youtube.com.br\/"],"url":"https:\/\/blogdofarnesio.com.br\/?author=2"}]}},"_links":{"self":[{"href":"https:\/\/blogdofarnesio.com.br\/index.php?rest_route=\/wp\/v2\/posts\/332776","targetHints":{"allow":["GET"]}}],"collection":[{"href":"https:\/\/blogdofarnesio.com.br\/index.php?rest_route=\/wp\/v2\/posts"}],"about":[{"href":"https:\/\/blogdofarnesio.com.br\/index.php?rest_route=\/wp\/v2\/types\/post"}],"author":[{"embeddable":true,"href":"https:\/\/blogdofarnesio.com.br\/index.php?rest_route=\/wp\/v2\/users\/2"}],"replies":[{"embeddable":true,"href":"https:\/\/blogdofarnesio.com.br\/index.php?rest_route=%2Fwp%2Fv2%2Fcomments&post=332776"}],"version-history":[{"count":0,"href":"https:\/\/blogdofarnesio.com.br\/index.php?rest_route=\/wp\/v2\/posts\/332776\/revisions"}],"wp:featuredmedia":[{"embeddable":true,"href":"https:\/\/blogdofarnesio.com.br\/index.php?rest_route=\/wp\/v2\/media\/329156"}],"wp:attachment":[{"href":"https:\/\/blogdofarnesio.com.br\/index.php?rest_route=%2Fwp%2Fv2%2Fmedia&parent=332776"}],"wp:term":[{"taxonomy":"category","embeddable":true,"href":"https:\/\/blogdofarnesio.com.br\/index.php?rest_route=%2Fwp%2Fv2%2Fcategories&post=332776"},{"taxonomy":"post_tag","embeddable":true,"href":"https:\/\/blogdofarnesio.com.br\/index.php?rest_route=%2Fwp%2Fv2%2Ftags&post=332776"}],"curies":[{"name":"wp","href":"https:\/\/api.w.org\/{rel}","templated":true}]}}