{"id":332513,"date":"2023-01-28T14:00:32","date_gmt":"2023-01-28T17:00:32","guid":{"rendered":"https:\/\/blogdofarnesio.com.br\/?p=332513"},"modified":"2023-01-28T09:37:12","modified_gmt":"2023-01-28T12:37:12","slug":"secretaria-de-educacao-realiza-encontro-com-gestores-antes-de-inicio-de-ano-letivo","status":"publish","type":"post","link":"https:\/\/blogdofarnesio.com.br\/?p=332513","title":{"rendered":"Secretaria de Educa\u00e7\u00e3o realiza encontro com Gestores antes de in\u00edcio de ano letivo"},"content":{"rendered":"<p style=\"font-weight: 400;\">Com o come\u00e7o do ano letivo marcado para o pr\u00f3ximo dia 6 de fevereiro, a Secretaria de Educa\u00e7\u00e3o, Cultura e Esportes de Petrolina, realizou ontem (27), no audit\u00f3rio da Faculdade de Petrolina (Facape), uma reuni\u00e3o com os 216 gestores das unidades do Nova Semente, dos Centros Municipais de Educa\u00e7\u00e3o Infantil (CMEIs) e das escolas que fazem parte da Rede de Ensino do munic\u00edpio.<\/p>\n<p style=\"font-weight: 400;\">Al\u00e9m da apresenta\u00e7\u00e3o do calend\u00e1rio anual de atividades pedag\u00f3gicas, o encontro teve tamb\u00e9m o objetivo de realizar as \u00faltimas orienta\u00e7\u00f5es, inclusive para consolida\u00e7\u00e3o de matr\u00edcula, bem como, acolher os servidores em suas respectivas unidades antes da data de in\u00edcio das aulas. Ainda durante a reuni\u00e3o, os gestores receberam das m\u00e3os do prefeito Sim\u00e3o Durando um kit contendo mochila, garrafa t\u00e9rmica e camisa, que tamb\u00e9m ser\u00e1 entregue aos professores, coordenadores pedag\u00f3gicos e secret\u00e1rios.<\/p>\n<p style=\"font-weight: 400;\">Para a secret\u00e1ria de Educa\u00e7\u00e3o, Cultura e Esportes, Rosane da Costa, o evento faz parte do calend\u00e1rio de atividades de planejamento da pasta. \u201cEste \u00e9 o nosso primeiro grande encontro de gestores escolares em 2023, com a lideran\u00e7a desse time conseguimos alcan\u00e7ar grandes resultados na educa\u00e7\u00e3o e, a partir disso, projetar novas metas para consolidar a educa\u00e7\u00e3o do nosso munic\u00edpio. Esse encontro faz parte da prepara\u00e7\u00e3o para que tudo esteja devidamente pronto, para que possamos receber as crian\u00e7as e os estudantes em nossas unidades e oferecer o melhor a todos eles e aos nossos servidores\u201d, enfatiza Rosane da Costa.<\/p>\n<p style=\"font-weight: 400;\">\n<p style=\"font-weight: 400;\">__<\/p>\n<p style=\"font-weight: 400;\">Marco Cerqueira &#8211; Assessor de Comunica\u00e7\u00e3o<\/p>\n","protected":false},"excerpt":{"rendered":"<p>Com o come\u00e7o do ano letivo marcado para o pr\u00f3ximo dia 6 de fevereiro, a Secretaria de Educa\u00e7\u00e3o, Cultura e Esportes de Petrolina, realizou ontem (27), no audit\u00f3rio da Faculdade de Petrolina (Facape), uma reuni\u00e3o com os 216 gestores das unidades do Nova Semente, dos Centros Municipais de Educa\u00e7\u00e3o Infantil (CMEIs) e das escolas que fazem parte da Rede de Ensino do munic\u00edpio. Al\u00e9m da apresenta\u00e7\u00e3o do calend\u00e1rio anual de atividades pedag\u00f3gicas, o encontro teve tamb\u00e9m o objetivo de realizar as \u00faltimas orienta\u00e7\u00f5es, inclusive para consolida\u00e7\u00e3o de matr\u00edcula, bem como, acolher os servidores em suas respectivas unidades antes da data de in\u00edcio das aulas. Ainda durante a reuni\u00e3o, os gestores receberam das m\u00e3os do prefeito Sim\u00e3o Durando um kit contendo&hellip; <\/p>\n","protected":false},"author":2,"featured_media":332514,"comment_status":"open","ping_status":"open","sticky":false,"template":"","format":"standard","meta":{"_acf_changed":false,"footnotes":""},"categories":[6],"tags":[],"class_list":["post-332513","post","type-post","status-publish","format-standard","has-post-thumbnail","hentry","category-educacao"],"acf":[],"yoast_head":"<!-- This site is optimized with the Yoast SEO plugin v27.4 - https:\/\/yoast.com\/product\/yoast-seo-wordpress\/ -->\n<title>Secretaria de Educa\u00e7\u00e3o realiza encontro com Gestores antes de in\u00edcio de ano letivo - Blog do Farn\u00e9sio<\/title>\n<meta name=\"robots\" content=\"index, follow, max-snippet:-1, max-image-preview:large, max-video-preview:-1\" \/>\n<link rel=\"canonical\" href=\"https:\/\/blogdofarnesio.com.br\/?p=332513\" \/>\n<meta property=\"og:locale\" content=\"pt_BR\" \/>\n<meta property=\"og:type\" content=\"article\" \/>\n<meta property=\"og:title\" content=\"Secretaria de Educa\u00e7\u00e3o realiza encontro com Gestores antes de in\u00edcio de ano letivo - Blog do Farn\u00e9sio\" \/>\n<meta property=\"og:description\" content=\"Com o come\u00e7o do ano letivo marcado para o pr\u00f3ximo dia 6 de fevereiro, a Secretaria de Educa\u00e7\u00e3o, Cultura e Esportes de Petrolina, realizou ontem (27), no audit\u00f3rio da Faculdade de Petrolina (Facape), uma reuni\u00e3o com os 216 gestores das unidades do Nova Semente, dos Centros Municipais de Educa\u00e7\u00e3o Infantil (CMEIs) e das escolas que fazem parte da Rede de Ensino do munic\u00edpio. Al\u00e9m da apresenta\u00e7\u00e3o do calend\u00e1rio anual de atividades pedag\u00f3gicas, o encontro teve tamb\u00e9m o objetivo de realizar as \u00faltimas orienta\u00e7\u00f5es, inclusive para consolida\u00e7\u00e3o de matr\u00edcula, bem como, acolher os servidores em suas respectivas unidades antes da data de in\u00edcio das aulas. Ainda durante a reuni\u00e3o, os gestores receberam das m\u00e3os do prefeito Sim\u00e3o Durando um kit contendo&hellip;\" \/>\n<meta property=\"og:url\" content=\"https:\/\/blogdofarnesio.com.br\/?p=332513\" \/>\n<meta property=\"og:site_name\" content=\"Blog do Farn\u00e9sio\" \/>\n<meta property=\"article:publisher\" content=\"https:\/\/www.facebook.com\/BlogQuerSaberPolitica\/\" \/>\n<meta property=\"article:author\" content=\"https:\/\/www.facebook.com\/?ref=tn_tnmn\" \/>\n<meta property=\"article:published_time\" content=\"2023-01-28T17:00:32+00:00\" \/>\n<meta property=\"og:image\" content=\"https:\/\/blogdofarnesio.com.br\/wp-content\/uploads\/2023\/01\/Reuniao-Gestores-Facape-3-e1674909369212.jpg\" \/>\n\t<meta property=\"og:image:width\" content=\"599\" \/>\n\t<meta property=\"og:image:height\" content=\"337\" \/>\n\t<meta property=\"og:image:type\" content=\"image\/jpeg\" \/>\n<meta name=\"author\" content=\"Farn\u00e9sio\" \/>\n<meta name=\"twitter:card\" content=\"summary_large_image\" \/>\n<meta name=\"twitter:label1\" content=\"Escrito por\" \/>\n\t<meta name=\"twitter:data1\" content=\"Farn\u00e9sio\" \/>\n\t<meta name=\"twitter:label2\" content=\"Est. tempo de leitura\" \/>\n\t<meta name=\"twitter:data2\" content=\"2 minutos\" \/>\n<script type=\"application\/ld+json\" class=\"yoast-schema-graph\">{\"@context\":\"https:\\\/\\\/schema.org\",\"@graph\":[{\"@type\":\"Article\",\"@id\":\"https:\\\/\\\/blogdofarnesio.com.br\\\/?p=332513#article\",\"isPartOf\":{\"@id\":\"https:\\\/\\\/blogdofarnesio.com.br\\\/?p=332513\"},\"author\":{\"name\":\"Farn\u00e9sio\",\"@id\":\"https:\\\/\\\/blogdofarnesio.com.br\\\/#\\\/schema\\\/person\\\/bb9b23ae3ad0609ce8df7b6c9e76824d\"},\"headline\":\"Secretaria de Educa\u00e7\u00e3o realiza encontro com Gestores antes de in\u00edcio de ano letivo\",\"datePublished\":\"2023-01-28T17:00:32+00:00\",\"mainEntityOfPage\":{\"@id\":\"https:\\\/\\\/blogdofarnesio.com.br\\\/?p=332513\"},\"wordCount\":284,\"commentCount\":0,\"publisher\":{\"@id\":\"https:\\\/\\\/blogdofarnesio.com.br\\\/#organization\"},\"image\":{\"@id\":\"https:\\\/\\\/blogdofarnesio.com.br\\\/?p=332513#primaryimage\"},\"thumbnailUrl\":\"https:\\\/\\\/blogdofarnesio.com.br\\\/wp-content\\\/uploads\\\/2023\\\/01\\\/Reuniao-Gestores-Facape-3-e1674909369212.jpg\",\"articleSection\":[\"Educa\u00e7\u00e3o\"],\"inLanguage\":\"pt-BR\",\"potentialAction\":[{\"@type\":\"CommentAction\",\"name\":\"Comment\",\"target\":[\"https:\\\/\\\/blogdofarnesio.com.br\\\/?p=332513#respond\"]}]},{\"@type\":\"WebPage\",\"@id\":\"https:\\\/\\\/blogdofarnesio.com.br\\\/?p=332513\",\"url\":\"https:\\\/\\\/blogdofarnesio.com.br\\\/?p=332513\",\"name\":\"Secretaria de Educa\u00e7\u00e3o realiza encontro com Gestores antes de in\u00edcio de ano letivo - Blog do Farn\u00e9sio\",\"isPartOf\":{\"@id\":\"https:\\\/\\\/blogdofarnesio.com.br\\\/#website\"},\"primaryImageOfPage\":{\"@id\":\"https:\\\/\\\/blogdofarnesio.com.br\\\/?p=332513#primaryimage\"},\"image\":{\"@id\":\"https:\\\/\\\/blogdofarnesio.com.br\\\/?p=332513#primaryimage\"},\"thumbnailUrl\":\"https:\\\/\\\/blogdofarnesio.com.br\\\/wp-content\\\/uploads\\\/2023\\\/01\\\/Reuniao-Gestores-Facape-3-e1674909369212.jpg\",\"datePublished\":\"2023-01-28T17:00:32+00:00\",\"breadcrumb\":{\"@id\":\"https:\\\/\\\/blogdofarnesio.com.br\\\/?p=332513#breadcrumb\"},\"inLanguage\":\"pt-BR\",\"potentialAction\":[{\"@type\":\"ReadAction\",\"target\":[\"https:\\\/\\\/blogdofarnesio.com.br\\\/?p=332513\"]}]},{\"@type\":\"ImageObject\",\"inLanguage\":\"pt-BR\",\"@id\":\"https:\\\/\\\/blogdofarnesio.com.br\\\/?p=332513#primaryimage\",\"url\":\"https:\\\/\\\/blogdofarnesio.com.br\\\/wp-content\\\/uploads\\\/2023\\\/01\\\/Reuniao-Gestores-Facape-3-e1674909369212.jpg\",\"contentUrl\":\"https:\\\/\\\/blogdofarnesio.com.br\\\/wp-content\\\/uploads\\\/2023\\\/01\\\/Reuniao-Gestores-Facape-3-e1674909369212.jpg\",\"width\":599,\"height\":337},{\"@type\":\"BreadcrumbList\",\"@id\":\"https:\\\/\\\/blogdofarnesio.com.br\\\/?p=332513#breadcrumb\",\"itemListElement\":[{\"@type\":\"ListItem\",\"position\":1,\"name\":\"In\u00edcio\",\"item\":\"https:\\\/\\\/blogdofarnesio.com.br\\\/\"},{\"@type\":\"ListItem\",\"position\":2,\"name\":\"Secretaria de Educa\u00e7\u00e3o realiza encontro com Gestores antes de in\u00edcio de ano letivo\"}]},{\"@type\":\"WebSite\",\"@id\":\"https:\\\/\\\/blogdofarnesio.com.br\\\/#website\",\"url\":\"https:\\\/\\\/blogdofarnesio.com.br\\\/\",\"name\":\"Blog do Farn\u00e9sio\",\"description\":\"Quer Saber Pol\u00edtica?\",\"publisher\":{\"@id\":\"https:\\\/\\\/blogdofarnesio.com.br\\\/#organization\"},\"potentialAction\":[{\"@type\":\"SearchAction\",\"target\":{\"@type\":\"EntryPoint\",\"urlTemplate\":\"https:\\\/\\\/blogdofarnesio.com.br\\\/?s={search_term_string}\"},\"query-input\":{\"@type\":\"PropertyValueSpecification\",\"valueRequired\":true,\"valueName\":\"search_term_string\"}}],\"inLanguage\":\"pt-BR\"},{\"@type\":\"Organization\",\"@id\":\"https:\\\/\\\/blogdofarnesio.com.br\\\/#organization\",\"name\":\"Blog do Farn\u00e9sio\",\"url\":\"https:\\\/\\\/blogdofarnesio.com.br\\\/\",\"logo\":{\"@type\":\"ImageObject\",\"inLanguage\":\"pt-BR\",\"@id\":\"https:\\\/\\\/blogdofarnesio.com.br\\\/#\\\/schema\\\/logo\\\/image\\\/\",\"url\":\"https:\\\/\\\/blogdofarnesio.com.br\\\/wp-content\\\/uploads\\\/2026\\\/03\\\/cropped-logo_new-1.png\",\"contentUrl\":\"https:\\\/\\\/blogdofarnesio.com.br\\\/wp-content\\\/uploads\\\/2026\\\/03\\\/cropped-logo_new-1.png\",\"width\":881,\"height\":685,\"caption\":\"Blog do Farn\u00e9sio\"},\"image\":{\"@id\":\"https:\\\/\\\/blogdofarnesio.com.br\\\/#\\\/schema\\\/logo\\\/image\\\/\"},\"sameAs\":[\"https:\\\/\\\/www.facebook.com\\\/BlogQuerSaberPolitica\\\/\"]},{\"@type\":\"Person\",\"@id\":\"https:\\\/\\\/blogdofarnesio.com.br\\\/#\\\/schema\\\/person\\\/bb9b23ae3ad0609ce8df7b6c9e76824d\",\"name\":\"Farn\u00e9sio\",\"image\":{\"@type\":\"ImageObject\",\"inLanguage\":\"pt-BR\",\"@id\":\"https:\\\/\\\/secure.gravatar.com\\\/avatar\\\/986aa4c61ccdb66f8555bf88fc2a65609d00bcabd4d2d94377a727547345cbca?s=96&d=mm&r=g\",\"url\":\"https:\\\/\\\/secure.gravatar.com\\\/avatar\\\/986aa4c61ccdb66f8555bf88fc2a65609d00bcabd4d2d94377a727547345cbca?s=96&d=mm&r=g\",\"contentUrl\":\"https:\\\/\\\/secure.gravatar.com\\\/avatar\\\/986aa4c61ccdb66f8555bf88fc2a65609d00bcabd4d2d94377a727547345cbca?s=96&d=mm&r=g\",\"caption\":\"Farn\u00e9sio\"},\"description\":\"Radialista blogueiro, chegou a Petrolina\\\/Juazeiro em setembro de 1980, Farn\u00e9sio Silva \u00e9 de Arapiraca-Alagoas.\",\"sameAs\":[\"http:\\\/\\\/blogdofarnesio.com.br\",\"https:\\\/\\\/www.facebook.com\\\/?ref=tn_tnmn\",\"https:\\\/\\\/www.instagram.com\\\/?utm_source=pwa_homescreen\",\"https:\\\/\\\/youtube.com.br\\\/\"],\"url\":\"https:\\\/\\\/blogdofarnesio.com.br\\\/?author=2\"}]}<\/script>\n<!-- \/ Yoast SEO plugin. -->","yoast_head_json":{"title":"Secretaria de Educa\u00e7\u00e3o realiza encontro com Gestores antes de in\u00edcio de ano letivo - Blog do Farn\u00e9sio","robots":{"index":"index","follow":"follow","max-snippet":"max-snippet:-1","max-image-preview":"max-image-preview:large","max-video-preview":"max-video-preview:-1"},"canonical":"https:\/\/blogdofarnesio.com.br\/?p=332513","og_locale":"pt_BR","og_type":"article","og_title":"Secretaria de Educa\u00e7\u00e3o realiza encontro com Gestores antes de in\u00edcio de ano letivo - Blog do Farn\u00e9sio","og_description":"Com o come\u00e7o do ano letivo marcado para o pr\u00f3ximo dia 6 de fevereiro, a Secretaria de Educa\u00e7\u00e3o, Cultura e Esportes de Petrolina, realizou ontem (27), no audit\u00f3rio da Faculdade de Petrolina (Facape), uma reuni\u00e3o com os 216 gestores das unidades do Nova Semente, dos Centros Municipais de Educa\u00e7\u00e3o Infantil (CMEIs) e das escolas que fazem parte da Rede de Ensino do munic\u00edpio. Al\u00e9m da apresenta\u00e7\u00e3o do calend\u00e1rio anual de atividades pedag\u00f3gicas, o encontro teve tamb\u00e9m o objetivo de realizar as \u00faltimas orienta\u00e7\u00f5es, inclusive para consolida\u00e7\u00e3o de matr\u00edcula, bem como, acolher os servidores em suas respectivas unidades antes da data de in\u00edcio das aulas. Ainda durante a reuni\u00e3o, os gestores receberam das m\u00e3os do prefeito Sim\u00e3o Durando um kit contendo&hellip;","og_url":"https:\/\/blogdofarnesio.com.br\/?p=332513","og_site_name":"Blog do Farn\u00e9sio","article_publisher":"https:\/\/www.facebook.com\/BlogQuerSaberPolitica\/","article_author":"https:\/\/www.facebook.com\/?ref=tn_tnmn","article_published_time":"2023-01-28T17:00:32+00:00","og_image":[{"width":599,"height":337,"url":"https:\/\/blogdofarnesio.com.br\/wp-content\/uploads\/2023\/01\/Reuniao-Gestores-Facape-3-e1674909369212.jpg","type":"image\/jpeg"}],"author":"Farn\u00e9sio","twitter_card":"summary_large_image","twitter_misc":{"Escrito por":"Farn\u00e9sio","Est. tempo de leitura":"2 minutos"},"schema":{"@context":"https:\/\/schema.org","@graph":[{"@type":"Article","@id":"https:\/\/blogdofarnesio.com.br\/?p=332513#article","isPartOf":{"@id":"https:\/\/blogdofarnesio.com.br\/?p=332513"},"author":{"name":"Farn\u00e9sio","@id":"https:\/\/blogdofarnesio.com.br\/#\/schema\/person\/bb9b23ae3ad0609ce8df7b6c9e76824d"},"headline":"Secretaria de Educa\u00e7\u00e3o realiza encontro com Gestores antes de in\u00edcio de ano letivo","datePublished":"2023-01-28T17:00:32+00:00","mainEntityOfPage":{"@id":"https:\/\/blogdofarnesio.com.br\/?p=332513"},"wordCount":284,"commentCount":0,"publisher":{"@id":"https:\/\/blogdofarnesio.com.br\/#organization"},"image":{"@id":"https:\/\/blogdofarnesio.com.br\/?p=332513#primaryimage"},"thumbnailUrl":"https:\/\/blogdofarnesio.com.br\/wp-content\/uploads\/2023\/01\/Reuniao-Gestores-Facape-3-e1674909369212.jpg","articleSection":["Educa\u00e7\u00e3o"],"inLanguage":"pt-BR","potentialAction":[{"@type":"CommentAction","name":"Comment","target":["https:\/\/blogdofarnesio.com.br\/?p=332513#respond"]}]},{"@type":"WebPage","@id":"https:\/\/blogdofarnesio.com.br\/?p=332513","url":"https:\/\/blogdofarnesio.com.br\/?p=332513","name":"Secretaria de Educa\u00e7\u00e3o realiza encontro com Gestores antes de in\u00edcio de ano letivo - Blog do Farn\u00e9sio","isPartOf":{"@id":"https:\/\/blogdofarnesio.com.br\/#website"},"primaryImageOfPage":{"@id":"https:\/\/blogdofarnesio.com.br\/?p=332513#primaryimage"},"image":{"@id":"https:\/\/blogdofarnesio.com.br\/?p=332513#primaryimage"},"thumbnailUrl":"https:\/\/blogdofarnesio.com.br\/wp-content\/uploads\/2023\/01\/Reuniao-Gestores-Facape-3-e1674909369212.jpg","datePublished":"2023-01-28T17:00:32+00:00","breadcrumb":{"@id":"https:\/\/blogdofarnesio.com.br\/?p=332513#breadcrumb"},"inLanguage":"pt-BR","potentialAction":[{"@type":"ReadAction","target":["https:\/\/blogdofarnesio.com.br\/?p=332513"]}]},{"@type":"ImageObject","inLanguage":"pt-BR","@id":"https:\/\/blogdofarnesio.com.br\/?p=332513#primaryimage","url":"https:\/\/blogdofarnesio.com.br\/wp-content\/uploads\/2023\/01\/Reuniao-Gestores-Facape-3-e1674909369212.jpg","contentUrl":"https:\/\/blogdofarnesio.com.br\/wp-content\/uploads\/2023\/01\/Reuniao-Gestores-Facape-3-e1674909369212.jpg","width":599,"height":337},{"@type":"BreadcrumbList","@id":"https:\/\/blogdofarnesio.com.br\/?p=332513#breadcrumb","itemListElement":[{"@type":"ListItem","position":1,"name":"In\u00edcio","item":"https:\/\/blogdofarnesio.com.br\/"},{"@type":"ListItem","position":2,"name":"Secretaria de Educa\u00e7\u00e3o realiza encontro com Gestores antes de in\u00edcio de ano letivo"}]},{"@type":"WebSite","@id":"https:\/\/blogdofarnesio.com.br\/#website","url":"https:\/\/blogdofarnesio.com.br\/","name":"Blog do Farn\u00e9sio","description":"Quer Saber Pol\u00edtica?","publisher":{"@id":"https:\/\/blogdofarnesio.com.br\/#organization"},"potentialAction":[{"@type":"SearchAction","target":{"@type":"EntryPoint","urlTemplate":"https:\/\/blogdofarnesio.com.br\/?s={search_term_string}"},"query-input":{"@type":"PropertyValueSpecification","valueRequired":true,"valueName":"search_term_string"}}],"inLanguage":"pt-BR"},{"@type":"Organization","@id":"https:\/\/blogdofarnesio.com.br\/#organization","name":"Blog do Farn\u00e9sio","url":"https:\/\/blogdofarnesio.com.br\/","logo":{"@type":"ImageObject","inLanguage":"pt-BR","@id":"https:\/\/blogdofarnesio.com.br\/#\/schema\/logo\/image\/","url":"https:\/\/blogdofarnesio.com.br\/wp-content\/uploads\/2026\/03\/cropped-logo_new-1.png","contentUrl":"https:\/\/blogdofarnesio.com.br\/wp-content\/uploads\/2026\/03\/cropped-logo_new-1.png","width":881,"height":685,"caption":"Blog do Farn\u00e9sio"},"image":{"@id":"https:\/\/blogdofarnesio.com.br\/#\/schema\/logo\/image\/"},"sameAs":["https:\/\/www.facebook.com\/BlogQuerSaberPolitica\/"]},{"@type":"Person","@id":"https:\/\/blogdofarnesio.com.br\/#\/schema\/person\/bb9b23ae3ad0609ce8df7b6c9e76824d","name":"Farn\u00e9sio","image":{"@type":"ImageObject","inLanguage":"pt-BR","@id":"https:\/\/secure.gravatar.com\/avatar\/986aa4c61ccdb66f8555bf88fc2a65609d00bcabd4d2d94377a727547345cbca?s=96&d=mm&r=g","url":"https:\/\/secure.gravatar.com\/avatar\/986aa4c61ccdb66f8555bf88fc2a65609d00bcabd4d2d94377a727547345cbca?s=96&d=mm&r=g","contentUrl":"https:\/\/secure.gravatar.com\/avatar\/986aa4c61ccdb66f8555bf88fc2a65609d00bcabd4d2d94377a727547345cbca?s=96&d=mm&r=g","caption":"Farn\u00e9sio"},"description":"Radialista blogueiro, chegou a Petrolina\/Juazeiro em setembro de 1980, Farn\u00e9sio Silva \u00e9 de Arapiraca-Alagoas.","sameAs":["http:\/\/blogdofarnesio.com.br","https:\/\/www.facebook.com\/?ref=tn_tnmn","https:\/\/www.instagram.com\/?utm_source=pwa_homescreen","https:\/\/youtube.com.br\/"],"url":"https:\/\/blogdofarnesio.com.br\/?author=2"}]}},"_links":{"self":[{"href":"https:\/\/blogdofarnesio.com.br\/index.php?rest_route=\/wp\/v2\/posts\/332513","targetHints":{"allow":["GET"]}}],"collection":[{"href":"https:\/\/blogdofarnesio.com.br\/index.php?rest_route=\/wp\/v2\/posts"}],"about":[{"href":"https:\/\/blogdofarnesio.com.br\/index.php?rest_route=\/wp\/v2\/types\/post"}],"author":[{"embeddable":true,"href":"https:\/\/blogdofarnesio.com.br\/index.php?rest_route=\/wp\/v2\/users\/2"}],"replies":[{"embeddable":true,"href":"https:\/\/blogdofarnesio.com.br\/index.php?rest_route=%2Fwp%2Fv2%2Fcomments&post=332513"}],"version-history":[{"count":0,"href":"https:\/\/blogdofarnesio.com.br\/index.php?rest_route=\/wp\/v2\/posts\/332513\/revisions"}],"wp:featuredmedia":[{"embeddable":true,"href":"https:\/\/blogdofarnesio.com.br\/index.php?rest_route=\/wp\/v2\/media\/332514"}],"wp:attachment":[{"href":"https:\/\/blogdofarnesio.com.br\/index.php?rest_route=%2Fwp%2Fv2%2Fmedia&parent=332513"}],"wp:term":[{"taxonomy":"category","embeddable":true,"href":"https:\/\/blogdofarnesio.com.br\/index.php?rest_route=%2Fwp%2Fv2%2Fcategories&post=332513"},{"taxonomy":"post_tag","embeddable":true,"href":"https:\/\/blogdofarnesio.com.br\/index.php?rest_route=%2Fwp%2Fv2%2Ftags&post=332513"}],"curies":[{"name":"wp","href":"https:\/\/api.w.org\/{rel}","templated":true}]}}