{"id":332480,"date":"2023-01-28T11:00:02","date_gmt":"2023-01-28T14:00:02","guid":{"rendered":"https:\/\/blogdofarnesio.com.br\/?p=332480"},"modified":"2023-01-27T18:07:02","modified_gmt":"2023-01-27T21:07:02","slug":"coordenacao-do-chapeu-de-palha-divulga-informacoes-sobre-a-edicao-2023","status":"publish","type":"post","link":"https:\/\/blogdofarnesio.com.br\/?p=332480","title":{"rendered":"Coordena\u00e7\u00e3o do Chap\u00e9u de Palha divulga informa\u00e7\u00f5es sobre a edi\u00e7\u00e3o 2023"},"content":{"rendered":"<div dir=\"auto\">O Sindicato dos Trabalhadores e Trabalhadoras Assalariados Rurais de Petrolina (STTAR Petrolina) recebeu do Governo de Pernambuco todas as informa\u00e7\u00f5es do Programa Chap\u00e9u de Palha 2023. O cadastramento ser\u00e1 iniciado na pr\u00f3xima segunda-feira (30) e segue at\u00e9 o dia 10 de fevereiro.<\/div>\n<div dir=\"auto\"><\/div>\n<div dir=\"auto\">No Sert\u00e3o, o programa \u00e9 direcionado aos trabalhadores da Fruticultura Irrigada e da Pesca Artesanal dos munic\u00edpios de Petrolina, Bel\u00e9m do S\u00e3o Francisco, Cabrob\u00f3, Lagoa Grande, Oroc\u00f3, Petrol\u00e2ndia e Santa Maria da Boa Vista. Para receber o benef\u00edcio \u00e9 preciso ser maior de 18 anos; ter trabalhado em fun\u00e7\u00e3o que se enquadre como trabalhador rural nos \u00faltimos 12 meses; estar sem carteira assinada no ato do cadastramento; possuir termo de rescis\u00e3o de trabalho; morar nos munic\u00edpios contemplados e n\u00e3o estar recebendo seguro-desemprego, aposentadoria ou pens\u00e3o do INSS.<\/div>\n<div dir=\"auto\"><\/div>\n<div dir=\"auto\">Vale destacar que os jovens com idade entre 18 e 24 anos que est\u00e3o desempregados em virtude da entressafra, uma vez que atendam aos crit\u00e9rios, tamb\u00e9m poder\u00e3o ser beneficiados com o programa, mesmo que outro membro da fam\u00edlia j\u00e1 seja cadastrado. \u201cSabemos que nesse per\u00edodo quando h\u00e1 essa baixa na demanda de trabalho nas fazendas, os trabalhadores rurais precisam desse aux\u00edlio do Governo do Estado. Por isso, o sindicato segue atento para garantir que os trabalhadores tenham todas as informa\u00e7\u00f5es necess\u00e1rias para acessar esse benef\u00edcio\u201d, destacou a presidente do STTAR, Maria Joelma.<\/div>\n<div dir=\"auto\"><\/div>\n<div dir=\"auto\"><b>Documentos para o cadastramento<\/b><\/div>\n<div dir=\"auto\"><\/div>\n<div dir=\"auto\">Os documentos exigidos no ato do cadastramento s\u00e3o: RG; CPF; Comprovante do PIS-N\u00famero de Identifica\u00e7\u00e3o Social-NIS (Cart\u00e3o Cidad\u00e3o, Cart\u00e3o Bolsa Fam\u00edlia\/Aux\u00edlio Brasil, extrato do NIS ativo emitido pela Caixa Econ\u00f4mica ou pelo APP Caixa Tem); Carteira Digital de Trabalho expedida at\u00e9 15 dias antes do cadastro; termo de rescis\u00e3o contratual; CNIS atualizado at\u00e9 30 dias antes do cadastramento; al\u00e9m de comprovante de resid\u00eancia. Para responder eventuais d\u00favidas, a coordena\u00e7\u00e3o do programa disponibilizou uma Central de Informa\u00e7\u00f5es atrav\u00e9s do telefone 0800 282 5158. O hor\u00e1rio de atendimento \u00e9 das 8h \u00e0s 12h e das 14h \u00e0s 17h.<\/div>\n<div dir=\"auto\"><\/div>\n<div dir=\"auto\">Confira os locais de cadastramento em *Petrolina*, que funcionar\u00e3o entre os dias 30 de janeiro e 10 de fevereiro, das 8h \u00e0s 17h.<\/div>\n<div dir=\"auto\"><\/div>\n<div dir=\"auto\">*Fruticultura e Pesca*<\/div>\n<div dir=\"auto\"><\/div>\n<div dir=\"auto\">*Bebedouro \u2013 Escola Estadual Ant\u00f4nio Nunes Santos (30\/01 a 01\/02)<\/div>\n<div dir=\"auto\"><\/div>\n<div dir=\"auto\">*Bairro Areia Branca \u2013 Escola Estadual Professora Adelina Almeida (30\/01 a 03\/02)<\/div>\n<div dir=\"auto\"><\/div>\n<div dir=\"auto\">*Fruticultura*<\/div>\n<div dir=\"auto\"><\/div>\n<div dir=\"auto\">*Maria Tereza\/Km25 \u2013 Escola Municipal Jos\u00e9 Esmerindo Ribeiro (30\/01 a 03\/02)<\/div>\n<div dir=\"auto\"><\/div>\n<div dir=\"auto\">*N-10 \u2013 Escola Estadual Poeta Carlos Drumond de Andrade (30\/01 a 03\/02)<\/div>\n<div dir=\"auto\"><\/div>\n<div dir=\"auto\">*N-4 \u2013 Escola de Refer\u00eancia do Ensino Fundamental e M\u00e9dio Nossa Senhora Aparecida (30\/01 a 03\/02)<\/div>\n<div dir=\"auto\"><\/div>\n<div dir=\"auto\">*Tapera \u2013 Escola Municipal F\u00e9lix Manoel dos Santos (02\/02 a 03\/02)<\/div>\n<div dir=\"auto\"><\/div>\n<div dir=\"auto\"><a href=\"https:\/\/blogdofarnesio.com.br\/wp-content\/uploads\/2023\/01\/CRONOGRAMA-PCP-2023-1.pdf\">Acesse o\u00a0 CRONOGRAMA PCP 2023 (1)<\/a><\/div>\n<div dir=\"ltr\">\n<div dir=\"ltr\">\n<div><b>\u00a0<\/b><\/div>\n<div>\n<div><span style=\"color: #0b5394;\">Carol Souza Maxim &#8211;\u00a0<\/span>Jornalista respons\u00e1vel (DRT\/BA 3766)<\/div>\n<\/div>\n<\/div>\n<\/div>\n","protected":false},"excerpt":{"rendered":"<p>O Sindicato dos Trabalhadores e Trabalhadoras Assalariados Rurais de Petrolina (STTAR Petrolina) recebeu do Governo de Pernambuco todas as informa\u00e7\u00f5es do Programa Chap\u00e9u de Palha 2023. O cadastramento ser\u00e1 iniciado na pr\u00f3xima segunda-feira (30) e segue at\u00e9 o dia 10 de fevereiro. No Sert\u00e3o, o programa \u00e9 direcionado aos trabalhadores da Fruticultura Irrigada e da Pesca Artesanal dos munic\u00edpios de Petrolina, Bel\u00e9m do S\u00e3o Francisco, Cabrob\u00f3, Lagoa Grande, Oroc\u00f3, Petrol\u00e2ndia e Santa Maria da Boa Vista. Para receber o benef\u00edcio \u00e9 preciso ser maior de 18 anos; ter trabalhado em fun\u00e7\u00e3o que se enquadre como trabalhador rural nos \u00faltimos 12 meses; estar sem carteira assinada no ato do cadastramento; possuir termo de rescis\u00e3o de trabalho; morar nos munic\u00edpios contemplados e&hellip; <\/p>\n","protected":false},"author":2,"featured_media":332481,"comment_status":"open","ping_status":"open","sticky":false,"template":"","format":"standard","meta":{"_acf_changed":false,"footnotes":""},"categories":[13],"tags":[],"class_list":["post-332480","post","type-post","status-publish","format-standard","has-post-thumbnail","hentry","category-fruticultura"],"acf":[],"yoast_head":"<!-- This site is optimized with the Yoast SEO plugin v27.4 - https:\/\/yoast.com\/product\/yoast-seo-wordpress\/ -->\n<title>Coordena\u00e7\u00e3o do Chap\u00e9u de Palha divulga informa\u00e7\u00f5es sobre a edi\u00e7\u00e3o 2023 - Blog do Farn\u00e9sio<\/title>\n<meta name=\"robots\" content=\"index, follow, max-snippet:-1, max-image-preview:large, max-video-preview:-1\" \/>\n<link rel=\"canonical\" href=\"https:\/\/blogdofarnesio.com.br\/?p=332480\" \/>\n<meta property=\"og:locale\" content=\"pt_BR\" \/>\n<meta property=\"og:type\" content=\"article\" \/>\n<meta property=\"og:title\" content=\"Coordena\u00e7\u00e3o do Chap\u00e9u de Palha divulga informa\u00e7\u00f5es sobre a edi\u00e7\u00e3o 2023 - Blog do Farn\u00e9sio\" \/>\n<meta property=\"og:description\" content=\"O Sindicato dos Trabalhadores e Trabalhadoras Assalariados Rurais de Petrolina (STTAR Petrolina) recebeu do Governo de Pernambuco todas as informa\u00e7\u00f5es do Programa Chap\u00e9u de Palha 2023. O cadastramento ser\u00e1 iniciado na pr\u00f3xima segunda-feira (30) e segue at\u00e9 o dia 10 de fevereiro. No Sert\u00e3o, o programa \u00e9 direcionado aos trabalhadores da Fruticultura Irrigada e da Pesca Artesanal dos munic\u00edpios de Petrolina, Bel\u00e9m do S\u00e3o Francisco, Cabrob\u00f3, Lagoa Grande, Oroc\u00f3, Petrol\u00e2ndia e Santa Maria da Boa Vista. Para receber o benef\u00edcio \u00e9 preciso ser maior de 18 anos; ter trabalhado em fun\u00e7\u00e3o que se enquadre como trabalhador rural nos \u00faltimos 12 meses; estar sem carteira assinada no ato do cadastramento; possuir termo de rescis\u00e3o de trabalho; morar nos munic\u00edpios contemplados e&hellip;\" \/>\n<meta property=\"og:url\" content=\"https:\/\/blogdofarnesio.com.br\/?p=332480\" \/>\n<meta property=\"og:site_name\" content=\"Blog do Farn\u00e9sio\" \/>\n<meta property=\"article:publisher\" content=\"https:\/\/www.facebook.com\/BlogQuerSaberPolitica\/\" \/>\n<meta property=\"article:author\" content=\"https:\/\/www.facebook.com\/?ref=tn_tnmn\" \/>\n<meta property=\"article:published_time\" content=\"2023-01-28T14:00:02+00:00\" \/>\n<meta property=\"og:image\" content=\"https:\/\/blogdofarnesio.com.br\/wp-content\/uploads\/2023\/01\/CHAPEU-DE-PALHA-2023-LOGO-MARCA-e1674853492171.jpg\" \/>\n\t<meta property=\"og:image:width\" content=\"750\" \/>\n\t<meta property=\"og:image:height\" content=\"371\" \/>\n\t<meta property=\"og:image:type\" content=\"image\/jpeg\" \/>\n<meta name=\"author\" content=\"Farn\u00e9sio\" \/>\n<meta name=\"twitter:card\" content=\"summary_large_image\" \/>\n<meta name=\"twitter:label1\" content=\"Escrito por\" \/>\n\t<meta name=\"twitter:data1\" content=\"Farn\u00e9sio\" \/>\n\t<meta name=\"twitter:label2\" content=\"Est. tempo de leitura\" \/>\n\t<meta name=\"twitter:data2\" content=\"3 minutos\" \/>\n<script type=\"application\/ld+json\" class=\"yoast-schema-graph\">{\"@context\":\"https:\\\/\\\/schema.org\",\"@graph\":[{\"@type\":\"Article\",\"@id\":\"https:\\\/\\\/blogdofarnesio.com.br\\\/?p=332480#article\",\"isPartOf\":{\"@id\":\"https:\\\/\\\/blogdofarnesio.com.br\\\/?p=332480\"},\"author\":{\"name\":\"Farn\u00e9sio\",\"@id\":\"https:\\\/\\\/blogdofarnesio.com.br\\\/#\\\/schema\\\/person\\\/bb9b23ae3ad0609ce8df7b6c9e76824d\"},\"headline\":\"Coordena\u00e7\u00e3o do Chap\u00e9u de Palha divulga informa\u00e7\u00f5es sobre a edi\u00e7\u00e3o 2023\",\"datePublished\":\"2023-01-28T14:00:02+00:00\",\"mainEntityOfPage\":{\"@id\":\"https:\\\/\\\/blogdofarnesio.com.br\\\/?p=332480\"},\"wordCount\":460,\"commentCount\":0,\"publisher\":{\"@id\":\"https:\\\/\\\/blogdofarnesio.com.br\\\/#organization\"},\"image\":{\"@id\":\"https:\\\/\\\/blogdofarnesio.com.br\\\/?p=332480#primaryimage\"},\"thumbnailUrl\":\"https:\\\/\\\/blogdofarnesio.com.br\\\/wp-content\\\/uploads\\\/2023\\\/01\\\/CHAPEU-DE-PALHA-2023-LOGO-MARCA-e1769256588753.jpg\",\"articleSection\":[\"Fruticultura\"],\"inLanguage\":\"pt-BR\",\"potentialAction\":[{\"@type\":\"CommentAction\",\"name\":\"Comment\",\"target\":[\"https:\\\/\\\/blogdofarnesio.com.br\\\/?p=332480#respond\"]}]},{\"@type\":\"WebPage\",\"@id\":\"https:\\\/\\\/blogdofarnesio.com.br\\\/?p=332480\",\"url\":\"https:\\\/\\\/blogdofarnesio.com.br\\\/?p=332480\",\"name\":\"Coordena\u00e7\u00e3o do Chap\u00e9u de Palha divulga informa\u00e7\u00f5es sobre a edi\u00e7\u00e3o 2023 - Blog do Farn\u00e9sio\",\"isPartOf\":{\"@id\":\"https:\\\/\\\/blogdofarnesio.com.br\\\/#website\"},\"primaryImageOfPage\":{\"@id\":\"https:\\\/\\\/blogdofarnesio.com.br\\\/?p=332480#primaryimage\"},\"image\":{\"@id\":\"https:\\\/\\\/blogdofarnesio.com.br\\\/?p=332480#primaryimage\"},\"thumbnailUrl\":\"https:\\\/\\\/blogdofarnesio.com.br\\\/wp-content\\\/uploads\\\/2023\\\/01\\\/CHAPEU-DE-PALHA-2023-LOGO-MARCA-e1769256588753.jpg\",\"datePublished\":\"2023-01-28T14:00:02+00:00\",\"breadcrumb\":{\"@id\":\"https:\\\/\\\/blogdofarnesio.com.br\\\/?p=332480#breadcrumb\"},\"inLanguage\":\"pt-BR\",\"potentialAction\":[{\"@type\":\"ReadAction\",\"target\":[\"https:\\\/\\\/blogdofarnesio.com.br\\\/?p=332480\"]}]},{\"@type\":\"ImageObject\",\"inLanguage\":\"pt-BR\",\"@id\":\"https:\\\/\\\/blogdofarnesio.com.br\\\/?p=332480#primaryimage\",\"url\":\"https:\\\/\\\/blogdofarnesio.com.br\\\/wp-content\\\/uploads\\\/2023\\\/01\\\/CHAPEU-DE-PALHA-2023-LOGO-MARCA-e1769256588753.jpg\",\"contentUrl\":\"https:\\\/\\\/blogdofarnesio.com.br\\\/wp-content\\\/uploads\\\/2023\\\/01\\\/CHAPEU-DE-PALHA-2023-LOGO-MARCA-e1769256588753.jpg\",\"width\":588,\"height\":274},{\"@type\":\"BreadcrumbList\",\"@id\":\"https:\\\/\\\/blogdofarnesio.com.br\\\/?p=332480#breadcrumb\",\"itemListElement\":[{\"@type\":\"ListItem\",\"position\":1,\"name\":\"In\u00edcio\",\"item\":\"https:\\\/\\\/blogdofarnesio.com.br\\\/\"},{\"@type\":\"ListItem\",\"position\":2,\"name\":\"Coordena\u00e7\u00e3o do Chap\u00e9u de Palha divulga informa\u00e7\u00f5es sobre a edi\u00e7\u00e3o 2023\"}]},{\"@type\":\"WebSite\",\"@id\":\"https:\\\/\\\/blogdofarnesio.com.br\\\/#website\",\"url\":\"https:\\\/\\\/blogdofarnesio.com.br\\\/\",\"name\":\"Blog do Farn\u00e9sio\",\"description\":\"Quer Saber Pol\u00edtica?\",\"publisher\":{\"@id\":\"https:\\\/\\\/blogdofarnesio.com.br\\\/#organization\"},\"potentialAction\":[{\"@type\":\"SearchAction\",\"target\":{\"@type\":\"EntryPoint\",\"urlTemplate\":\"https:\\\/\\\/blogdofarnesio.com.br\\\/?s={search_term_string}\"},\"query-input\":{\"@type\":\"PropertyValueSpecification\",\"valueRequired\":true,\"valueName\":\"search_term_string\"}}],\"inLanguage\":\"pt-BR\"},{\"@type\":\"Organization\",\"@id\":\"https:\\\/\\\/blogdofarnesio.com.br\\\/#organization\",\"name\":\"Blog do Farn\u00e9sio\",\"url\":\"https:\\\/\\\/blogdofarnesio.com.br\\\/\",\"logo\":{\"@type\":\"ImageObject\",\"inLanguage\":\"pt-BR\",\"@id\":\"https:\\\/\\\/blogdofarnesio.com.br\\\/#\\\/schema\\\/logo\\\/image\\\/\",\"url\":\"https:\\\/\\\/blogdofarnesio.com.br\\\/wp-content\\\/uploads\\\/2026\\\/03\\\/cropped-logo_new-1.png\",\"contentUrl\":\"https:\\\/\\\/blogdofarnesio.com.br\\\/wp-content\\\/uploads\\\/2026\\\/03\\\/cropped-logo_new-1.png\",\"width\":881,\"height\":685,\"caption\":\"Blog do Farn\u00e9sio\"},\"image\":{\"@id\":\"https:\\\/\\\/blogdofarnesio.com.br\\\/#\\\/schema\\\/logo\\\/image\\\/\"},\"sameAs\":[\"https:\\\/\\\/www.facebook.com\\\/BlogQuerSaberPolitica\\\/\"]},{\"@type\":\"Person\",\"@id\":\"https:\\\/\\\/blogdofarnesio.com.br\\\/#\\\/schema\\\/person\\\/bb9b23ae3ad0609ce8df7b6c9e76824d\",\"name\":\"Farn\u00e9sio\",\"image\":{\"@type\":\"ImageObject\",\"inLanguage\":\"pt-BR\",\"@id\":\"https:\\\/\\\/secure.gravatar.com\\\/avatar\\\/986aa4c61ccdb66f8555bf88fc2a65609d00bcabd4d2d94377a727547345cbca?s=96&d=mm&r=g\",\"url\":\"https:\\\/\\\/secure.gravatar.com\\\/avatar\\\/986aa4c61ccdb66f8555bf88fc2a65609d00bcabd4d2d94377a727547345cbca?s=96&d=mm&r=g\",\"contentUrl\":\"https:\\\/\\\/secure.gravatar.com\\\/avatar\\\/986aa4c61ccdb66f8555bf88fc2a65609d00bcabd4d2d94377a727547345cbca?s=96&d=mm&r=g\",\"caption\":\"Farn\u00e9sio\"},\"description\":\"Radialista blogueiro, chegou a Petrolina\\\/Juazeiro em setembro de 1980, Farn\u00e9sio Silva \u00e9 de Arapiraca-Alagoas.\",\"sameAs\":[\"http:\\\/\\\/blogdofarnesio.com.br\",\"https:\\\/\\\/www.facebook.com\\\/?ref=tn_tnmn\",\"https:\\\/\\\/www.instagram.com\\\/?utm_source=pwa_homescreen\",\"https:\\\/\\\/youtube.com.br\\\/\"],\"url\":\"https:\\\/\\\/blogdofarnesio.com.br\\\/?author=2\"}]}<\/script>\n<!-- \/ Yoast SEO plugin. -->","yoast_head_json":{"title":"Coordena\u00e7\u00e3o do Chap\u00e9u de Palha divulga informa\u00e7\u00f5es sobre a edi\u00e7\u00e3o 2023 - Blog do Farn\u00e9sio","robots":{"index":"index","follow":"follow","max-snippet":"max-snippet:-1","max-image-preview":"max-image-preview:large","max-video-preview":"max-video-preview:-1"},"canonical":"https:\/\/blogdofarnesio.com.br\/?p=332480","og_locale":"pt_BR","og_type":"article","og_title":"Coordena\u00e7\u00e3o do Chap\u00e9u de Palha divulga informa\u00e7\u00f5es sobre a edi\u00e7\u00e3o 2023 - Blog do Farn\u00e9sio","og_description":"O Sindicato dos Trabalhadores e Trabalhadoras Assalariados Rurais de Petrolina (STTAR Petrolina) recebeu do Governo de Pernambuco todas as informa\u00e7\u00f5es do Programa Chap\u00e9u de Palha 2023. O cadastramento ser\u00e1 iniciado na pr\u00f3xima segunda-feira (30) e segue at\u00e9 o dia 10 de fevereiro. No Sert\u00e3o, o programa \u00e9 direcionado aos trabalhadores da Fruticultura Irrigada e da Pesca Artesanal dos munic\u00edpios de Petrolina, Bel\u00e9m do S\u00e3o Francisco, Cabrob\u00f3, Lagoa Grande, Oroc\u00f3, Petrol\u00e2ndia e Santa Maria da Boa Vista. Para receber o benef\u00edcio \u00e9 preciso ser maior de 18 anos; ter trabalhado em fun\u00e7\u00e3o que se enquadre como trabalhador rural nos \u00faltimos 12 meses; estar sem carteira assinada no ato do cadastramento; possuir termo de rescis\u00e3o de trabalho; morar nos munic\u00edpios contemplados e&hellip;","og_url":"https:\/\/blogdofarnesio.com.br\/?p=332480","og_site_name":"Blog do Farn\u00e9sio","article_publisher":"https:\/\/www.facebook.com\/BlogQuerSaberPolitica\/","article_author":"https:\/\/www.facebook.com\/?ref=tn_tnmn","article_published_time":"2023-01-28T14:00:02+00:00","og_image":[{"width":750,"height":371,"url":"https:\/\/blogdofarnesio.com.br\/wp-content\/uploads\/2023\/01\/CHAPEU-DE-PALHA-2023-LOGO-MARCA-e1674853492171.jpg","type":"image\/jpeg"}],"author":"Farn\u00e9sio","twitter_card":"summary_large_image","twitter_misc":{"Escrito por":"Farn\u00e9sio","Est. tempo de leitura":"3 minutos"},"schema":{"@context":"https:\/\/schema.org","@graph":[{"@type":"Article","@id":"https:\/\/blogdofarnesio.com.br\/?p=332480#article","isPartOf":{"@id":"https:\/\/blogdofarnesio.com.br\/?p=332480"},"author":{"name":"Farn\u00e9sio","@id":"https:\/\/blogdofarnesio.com.br\/#\/schema\/person\/bb9b23ae3ad0609ce8df7b6c9e76824d"},"headline":"Coordena\u00e7\u00e3o do Chap\u00e9u de Palha divulga informa\u00e7\u00f5es sobre a edi\u00e7\u00e3o 2023","datePublished":"2023-01-28T14:00:02+00:00","mainEntityOfPage":{"@id":"https:\/\/blogdofarnesio.com.br\/?p=332480"},"wordCount":460,"commentCount":0,"publisher":{"@id":"https:\/\/blogdofarnesio.com.br\/#organization"},"image":{"@id":"https:\/\/blogdofarnesio.com.br\/?p=332480#primaryimage"},"thumbnailUrl":"https:\/\/blogdofarnesio.com.br\/wp-content\/uploads\/2023\/01\/CHAPEU-DE-PALHA-2023-LOGO-MARCA-e1769256588753.jpg","articleSection":["Fruticultura"],"inLanguage":"pt-BR","potentialAction":[{"@type":"CommentAction","name":"Comment","target":["https:\/\/blogdofarnesio.com.br\/?p=332480#respond"]}]},{"@type":"WebPage","@id":"https:\/\/blogdofarnesio.com.br\/?p=332480","url":"https:\/\/blogdofarnesio.com.br\/?p=332480","name":"Coordena\u00e7\u00e3o do Chap\u00e9u de Palha divulga informa\u00e7\u00f5es sobre a edi\u00e7\u00e3o 2023 - Blog do Farn\u00e9sio","isPartOf":{"@id":"https:\/\/blogdofarnesio.com.br\/#website"},"primaryImageOfPage":{"@id":"https:\/\/blogdofarnesio.com.br\/?p=332480#primaryimage"},"image":{"@id":"https:\/\/blogdofarnesio.com.br\/?p=332480#primaryimage"},"thumbnailUrl":"https:\/\/blogdofarnesio.com.br\/wp-content\/uploads\/2023\/01\/CHAPEU-DE-PALHA-2023-LOGO-MARCA-e1769256588753.jpg","datePublished":"2023-01-28T14:00:02+00:00","breadcrumb":{"@id":"https:\/\/blogdofarnesio.com.br\/?p=332480#breadcrumb"},"inLanguage":"pt-BR","potentialAction":[{"@type":"ReadAction","target":["https:\/\/blogdofarnesio.com.br\/?p=332480"]}]},{"@type":"ImageObject","inLanguage":"pt-BR","@id":"https:\/\/blogdofarnesio.com.br\/?p=332480#primaryimage","url":"https:\/\/blogdofarnesio.com.br\/wp-content\/uploads\/2023\/01\/CHAPEU-DE-PALHA-2023-LOGO-MARCA-e1769256588753.jpg","contentUrl":"https:\/\/blogdofarnesio.com.br\/wp-content\/uploads\/2023\/01\/CHAPEU-DE-PALHA-2023-LOGO-MARCA-e1769256588753.jpg","width":588,"height":274},{"@type":"BreadcrumbList","@id":"https:\/\/blogdofarnesio.com.br\/?p=332480#breadcrumb","itemListElement":[{"@type":"ListItem","position":1,"name":"In\u00edcio","item":"https:\/\/blogdofarnesio.com.br\/"},{"@type":"ListItem","position":2,"name":"Coordena\u00e7\u00e3o do Chap\u00e9u de Palha divulga informa\u00e7\u00f5es sobre a edi\u00e7\u00e3o 2023"}]},{"@type":"WebSite","@id":"https:\/\/blogdofarnesio.com.br\/#website","url":"https:\/\/blogdofarnesio.com.br\/","name":"Blog do Farn\u00e9sio","description":"Quer Saber Pol\u00edtica?","publisher":{"@id":"https:\/\/blogdofarnesio.com.br\/#organization"},"potentialAction":[{"@type":"SearchAction","target":{"@type":"EntryPoint","urlTemplate":"https:\/\/blogdofarnesio.com.br\/?s={search_term_string}"},"query-input":{"@type":"PropertyValueSpecification","valueRequired":true,"valueName":"search_term_string"}}],"inLanguage":"pt-BR"},{"@type":"Organization","@id":"https:\/\/blogdofarnesio.com.br\/#organization","name":"Blog do Farn\u00e9sio","url":"https:\/\/blogdofarnesio.com.br\/","logo":{"@type":"ImageObject","inLanguage":"pt-BR","@id":"https:\/\/blogdofarnesio.com.br\/#\/schema\/logo\/image\/","url":"https:\/\/blogdofarnesio.com.br\/wp-content\/uploads\/2026\/03\/cropped-logo_new-1.png","contentUrl":"https:\/\/blogdofarnesio.com.br\/wp-content\/uploads\/2026\/03\/cropped-logo_new-1.png","width":881,"height":685,"caption":"Blog do Farn\u00e9sio"},"image":{"@id":"https:\/\/blogdofarnesio.com.br\/#\/schema\/logo\/image\/"},"sameAs":["https:\/\/www.facebook.com\/BlogQuerSaberPolitica\/"]},{"@type":"Person","@id":"https:\/\/blogdofarnesio.com.br\/#\/schema\/person\/bb9b23ae3ad0609ce8df7b6c9e76824d","name":"Farn\u00e9sio","image":{"@type":"ImageObject","inLanguage":"pt-BR","@id":"https:\/\/secure.gravatar.com\/avatar\/986aa4c61ccdb66f8555bf88fc2a65609d00bcabd4d2d94377a727547345cbca?s=96&d=mm&r=g","url":"https:\/\/secure.gravatar.com\/avatar\/986aa4c61ccdb66f8555bf88fc2a65609d00bcabd4d2d94377a727547345cbca?s=96&d=mm&r=g","contentUrl":"https:\/\/secure.gravatar.com\/avatar\/986aa4c61ccdb66f8555bf88fc2a65609d00bcabd4d2d94377a727547345cbca?s=96&d=mm&r=g","caption":"Farn\u00e9sio"},"description":"Radialista blogueiro, chegou a Petrolina\/Juazeiro em setembro de 1980, Farn\u00e9sio Silva \u00e9 de Arapiraca-Alagoas.","sameAs":["http:\/\/blogdofarnesio.com.br","https:\/\/www.facebook.com\/?ref=tn_tnmn","https:\/\/www.instagram.com\/?utm_source=pwa_homescreen","https:\/\/youtube.com.br\/"],"url":"https:\/\/blogdofarnesio.com.br\/?author=2"}]}},"_links":{"self":[{"href":"https:\/\/blogdofarnesio.com.br\/index.php?rest_route=\/wp\/v2\/posts\/332480","targetHints":{"allow":["GET"]}}],"collection":[{"href":"https:\/\/blogdofarnesio.com.br\/index.php?rest_route=\/wp\/v2\/posts"}],"about":[{"href":"https:\/\/blogdofarnesio.com.br\/index.php?rest_route=\/wp\/v2\/types\/post"}],"author":[{"embeddable":true,"href":"https:\/\/blogdofarnesio.com.br\/index.php?rest_route=\/wp\/v2\/users\/2"}],"replies":[{"embeddable":true,"href":"https:\/\/blogdofarnesio.com.br\/index.php?rest_route=%2Fwp%2Fv2%2Fcomments&post=332480"}],"version-history":[{"count":0,"href":"https:\/\/blogdofarnesio.com.br\/index.php?rest_route=\/wp\/v2\/posts\/332480\/revisions"}],"wp:featuredmedia":[{"embeddable":true,"href":"https:\/\/blogdofarnesio.com.br\/index.php?rest_route=\/wp\/v2\/media\/332481"}],"wp:attachment":[{"href":"https:\/\/blogdofarnesio.com.br\/index.php?rest_route=%2Fwp%2Fv2%2Fmedia&parent=332480"}],"wp:term":[{"taxonomy":"category","embeddable":true,"href":"https:\/\/blogdofarnesio.com.br\/index.php?rest_route=%2Fwp%2Fv2%2Fcategories&post=332480"},{"taxonomy":"post_tag","embeddable":true,"href":"https:\/\/blogdofarnesio.com.br\/index.php?rest_route=%2Fwp%2Fv2%2Ftags&post=332480"}],"curies":[{"name":"wp","href":"https:\/\/api.w.org\/{rel}","templated":true}]}}