{"id":332456,"date":"2023-01-27T16:45:42","date_gmt":"2023-01-27T19:45:42","guid":{"rendered":"https:\/\/blogdofarnesio.com.br\/?p=332456"},"modified":"2023-01-27T16:45:42","modified_gmt":"2023-01-27T19:45:42","slug":"carta-de-brasilia-documento-em-defesa-da-democracia-e-lancado-durante-reuniao-entre-lula-e-governadores","status":"publish","type":"post","link":"https:\/\/blogdofarnesio.com.br\/?p=332456","title":{"rendered":"Carta de Bras\u00edlia: documento em defesa da democracia \u00e9 lan\u00e7ado durante reuni\u00e3o entre Lula e governadores"},"content":{"rendered":"<div class=\"sc-8a384deb-0 gcFtGo\">\n<div class=\"sc-8a384deb-4 ebUzRt\">Por Nicole Angel, de Bras\u00edlia\u00a0 &#8211;<\/div>\n<\/div>\n<div class=\"sc-b7c477dc-1 gBiGSc\">\n<div class=\"sc-b7c477dc-3 hqHIJE\">\n<p>Uma carta em defesa da democracia foi lan\u00e7ada nesta sexta-feira (27) ap\u00f3s o encontro do presidente Luiz In\u00e1cio Lula da Silva (PT) com os 27 governadores do pa\u00eds, no Pal\u00e1cio do Planalto. A reuni\u00e3o serviu para que os chefes de estado levassem as demandas de cada estado ao governo federal.<\/p>\n<p>&nbsp;<\/p>\n<p>O documento, divulgado pelo Planalto ap\u00f3s o encontro e batizada como \u2018Carta de Bras\u00edlia\u2019, reafirma o compromisso entre os 27 governadores dos estados e do Distrito Federal e o presidente da Rep\u00fablica, com o estado democr\u00e1tico de direito e com a estabilidade institucional e social do pa\u00eds.<\/p>\n<p>&nbsp;<\/p>\n<p>&#8220;A democracia \u00e9 um valor inegoci\u00e1vel. Somente por meio do di\u00e1logo que ela favorece poderemos priorizar um crescimento econ\u00f4mico com redu\u00e7\u00e3o das nossas desigualdades e das mazelas sociais que hoje imp\u00f5em sofrimento e desesperan\u00e7a para uma parcela significativa da popula\u00e7\u00e3o brasileira\u201d, diz trecho do documento.<\/p>\n<p>&nbsp;<\/p>\n<p>Ainda no texto da carta, afirmam que por meio dos Cons\u00f3rcios P\u00fablicos, ir\u00e3o buscar resgatar as ferramentas de pol\u00edticas p\u00fablicas que facilitem uma gest\u00e3o compartilhada dos recursos p\u00fablicos entre a Uni\u00e3o, Estados e munic\u00edpios, e que favore\u00e7am o desenvolvimento regional.<\/p>\n<p>&nbsp;<\/p>\n<p>&#8220;Juntos criaremos um Conselho da Federa\u00e7\u00e3o. Nele ter\u00e3o assento representantes da Uni\u00e3o, dos Estados e dos munic\u00edpios visando definir uma agenda permanente de di\u00e1logo e pactua\u00e7\u00e3o em torno de temas definidos como priorit\u00e1rios pelos entes federados\u201d, explica o documento.<\/p>\n<p>&nbsp;<\/p>\n<p>O Conselho anunciado ser\u00e1 composto da seguinte forma:<\/p>\n<p>&nbsp;<\/p>\n<ul>\n<li>O governo federal ser\u00e1 representado por Lula, pelo vice-presidente Geraldo Alckmin e por Alexandre Padilha;<\/li>\n<li>seis participantes representar\u00e3o os governadores;<\/li>\n<li>seis participantes representar\u00e3o as entidades nacionais de munic\u00edpios: a Frente Nacional de Prefeitos, a Confedera\u00e7\u00e3o Nacional dos Munic\u00edpios e a Associa\u00e7\u00e3o Brasileira de Munic\u00edpios.<\/li>\n<\/ul>\n<p>&nbsp;<\/p>\n<p>De acordo com o documento, os governadores e cons\u00f3rcios ter\u00e3o um prazo entre 3 e 10 de fevereiro para apresentarem ao governo federal os projetos priorit\u00e1rios de cada estado em rela\u00e7\u00e3o \u00e0s obras estruturantes.<\/p>\n<p>&nbsp;<\/p>\n<p>Com a finaliza\u00e7\u00e3o do prazo, o ministro-chefe da Casa Civil, Rui Costa, ir\u00e1 come\u00e7ar a se reunir com cada governador a partir de 13 de fevereiro. Os encontros ir\u00e3o contar tamb\u00e9m com a presen\u00e7a de cada minist\u00e9rio envolvido nos projetos.<\/p>\n<p>&nbsp;<\/p>\n<p>A meta \u00e9 de que a gest\u00e3o federal feche as propostas at\u00e9 o fim de fevereiro. J\u00e1 em mar\u00e7o, Lula ainda far\u00e1 encontros com prefeitos.<\/p>\n<\/div>\n<\/div>\n","protected":false},"excerpt":{"rendered":"<p>Por Nicole Angel, de Bras\u00edlia\u00a0 &#8211; Uma carta em defesa da democracia foi lan\u00e7ada nesta sexta-feira (27) ap\u00f3s o encontro do presidente Luiz In\u00e1cio Lula da Silva (PT) com os 27 governadores do pa\u00eds, no Pal\u00e1cio do Planalto. A reuni\u00e3o serviu para que os chefes de estado levassem as demandas de cada estado ao governo federal. &nbsp; O documento, divulgado pelo Planalto ap\u00f3s o encontro e batizada como \u2018Carta de Bras\u00edlia\u2019, reafirma o compromisso entre os 27 governadores dos estados e do Distrito Federal e o presidente da Rep\u00fablica, com o estado democr\u00e1tico de direito e com a estabilidade institucional e social do pa\u00eds. &nbsp; &#8220;A democracia \u00e9 um valor inegoci\u00e1vel. Somente por meio do di\u00e1logo que ela favorece poderemos&hellip; <\/p>\n","protected":false},"author":2,"featured_media":332457,"comment_status":"open","ping_status":"open","sticky":false,"template":"","format":"standard","meta":{"_acf_changed":false,"footnotes":""},"categories":[1],"tags":[],"class_list":["post-332456","post","type-post","status-publish","format-standard","has-post-thumbnail","hentry","category-politica"],"acf":[],"yoast_head":"<!-- This site is optimized with the Yoast SEO plugin v27.4 - https:\/\/yoast.com\/product\/yoast-seo-wordpress\/ -->\n<title>Carta de Bras\u00edlia: documento em defesa da democracia \u00e9 lan\u00e7ado durante reuni\u00e3o entre Lula e governadores - Blog do Farn\u00e9sio<\/title>\n<meta name=\"robots\" content=\"index, follow, max-snippet:-1, max-image-preview:large, max-video-preview:-1\" \/>\n<link rel=\"canonical\" href=\"https:\/\/blogdofarnesio.com.br\/?p=332456\" \/>\n<meta property=\"og:locale\" content=\"pt_BR\" \/>\n<meta property=\"og:type\" content=\"article\" \/>\n<meta property=\"og:title\" content=\"Carta de Bras\u00edlia: documento em defesa da democracia \u00e9 lan\u00e7ado durante reuni\u00e3o entre Lula e governadores - Blog do Farn\u00e9sio\" \/>\n<meta property=\"og:description\" content=\"Por Nicole Angel, de Bras\u00edlia\u00a0 &#8211; Uma carta em defesa da democracia foi lan\u00e7ada nesta sexta-feira (27) ap\u00f3s o encontro do presidente Luiz In\u00e1cio Lula da Silva (PT) com os 27 governadores do pa\u00eds, no Pal\u00e1cio do Planalto. A reuni\u00e3o serviu para que os chefes de estado levassem as demandas de cada estado ao governo federal. &nbsp; O documento, divulgado pelo Planalto ap\u00f3s o encontro e batizada como \u2018Carta de Bras\u00edlia\u2019, reafirma o compromisso entre os 27 governadores dos estados e do Distrito Federal e o presidente da Rep\u00fablica, com o estado democr\u00e1tico de direito e com a estabilidade institucional e social do pa\u00eds. &nbsp; &#8220;A democracia \u00e9 um valor inegoci\u00e1vel. Somente por meio do di\u00e1logo que ela favorece poderemos&hellip;\" \/>\n<meta property=\"og:url\" content=\"https:\/\/blogdofarnesio.com.br\/?p=332456\" \/>\n<meta property=\"og:site_name\" content=\"Blog do Farn\u00e9sio\" \/>\n<meta property=\"article:publisher\" content=\"https:\/\/www.facebook.com\/BlogQuerSaberPolitica\/\" \/>\n<meta property=\"article:author\" content=\"https:\/\/www.facebook.com\/?ref=tn_tnmn\" \/>\n<meta property=\"article:published_time\" content=\"2023-01-27T19:45:42+00:00\" \/>\n<meta property=\"og:image\" content=\"https:\/\/blogdofarnesio.com.br\/wp-content\/uploads\/2023\/01\/blogqsplula-governadores.png\" \/>\n\t<meta property=\"og:image:width\" content=\"456\" \/>\n\t<meta property=\"og:image:height\" content=\"313\" \/>\n\t<meta property=\"og:image:type\" content=\"image\/png\" \/>\n<meta name=\"author\" content=\"Farn\u00e9sio\" \/>\n<meta name=\"twitter:card\" content=\"summary_large_image\" \/>\n<meta name=\"twitter:label1\" content=\"Escrito por\" \/>\n\t<meta name=\"twitter:data1\" content=\"Farn\u00e9sio\" \/>\n\t<meta name=\"twitter:label2\" content=\"Est. tempo de leitura\" \/>\n\t<meta name=\"twitter:data2\" content=\"3 minutos\" \/>\n<script type=\"application\/ld+json\" class=\"yoast-schema-graph\">{\"@context\":\"https:\\\/\\\/schema.org\",\"@graph\":[{\"@type\":\"Article\",\"@id\":\"https:\\\/\\\/blogdofarnesio.com.br\\\/?p=332456#article\",\"isPartOf\":{\"@id\":\"https:\\\/\\\/blogdofarnesio.com.br\\\/?p=332456\"},\"author\":{\"name\":\"Farn\u00e9sio\",\"@id\":\"https:\\\/\\\/blogdofarnesio.com.br\\\/#\\\/schema\\\/person\\\/bb9b23ae3ad0609ce8df7b6c9e76824d\"},\"headline\":\"Carta de Bras\u00edlia: documento em defesa da democracia \u00e9 lan\u00e7ado durante reuni\u00e3o entre Lula e governadores\",\"datePublished\":\"2023-01-27T19:45:42+00:00\",\"mainEntityOfPage\":{\"@id\":\"https:\\\/\\\/blogdofarnesio.com.br\\\/?p=332456\"},\"wordCount\":452,\"commentCount\":0,\"publisher\":{\"@id\":\"https:\\\/\\\/blogdofarnesio.com.br\\\/#organization\"},\"image\":{\"@id\":\"https:\\\/\\\/blogdofarnesio.com.br\\\/?p=332456#primaryimage\"},\"thumbnailUrl\":\"https:\\\/\\\/blogdofarnesio.com.br\\\/wp-content\\\/uploads\\\/2023\\\/01\\\/blogqsplula-governadores.png\",\"articleSection\":[\"Pol\u00edtica\"],\"inLanguage\":\"pt-BR\",\"potentialAction\":[{\"@type\":\"CommentAction\",\"name\":\"Comment\",\"target\":[\"https:\\\/\\\/blogdofarnesio.com.br\\\/?p=332456#respond\"]}]},{\"@type\":\"WebPage\",\"@id\":\"https:\\\/\\\/blogdofarnesio.com.br\\\/?p=332456\",\"url\":\"https:\\\/\\\/blogdofarnesio.com.br\\\/?p=332456\",\"name\":\"Carta de Bras\u00edlia: documento em defesa da democracia \u00e9 lan\u00e7ado durante reuni\u00e3o entre Lula e governadores - Blog do Farn\u00e9sio\",\"isPartOf\":{\"@id\":\"https:\\\/\\\/blogdofarnesio.com.br\\\/#website\"},\"primaryImageOfPage\":{\"@id\":\"https:\\\/\\\/blogdofarnesio.com.br\\\/?p=332456#primaryimage\"},\"image\":{\"@id\":\"https:\\\/\\\/blogdofarnesio.com.br\\\/?p=332456#primaryimage\"},\"thumbnailUrl\":\"https:\\\/\\\/blogdofarnesio.com.br\\\/wp-content\\\/uploads\\\/2023\\\/01\\\/blogqsplula-governadores.png\",\"datePublished\":\"2023-01-27T19:45:42+00:00\",\"breadcrumb\":{\"@id\":\"https:\\\/\\\/blogdofarnesio.com.br\\\/?p=332456#breadcrumb\"},\"inLanguage\":\"pt-BR\",\"potentialAction\":[{\"@type\":\"ReadAction\",\"target\":[\"https:\\\/\\\/blogdofarnesio.com.br\\\/?p=332456\"]}]},{\"@type\":\"ImageObject\",\"inLanguage\":\"pt-BR\",\"@id\":\"https:\\\/\\\/blogdofarnesio.com.br\\\/?p=332456#primaryimage\",\"url\":\"https:\\\/\\\/blogdofarnesio.com.br\\\/wp-content\\\/uploads\\\/2023\\\/01\\\/blogqsplula-governadores.png\",\"contentUrl\":\"https:\\\/\\\/blogdofarnesio.com.br\\\/wp-content\\\/uploads\\\/2023\\\/01\\\/blogqsplula-governadores.png\",\"width\":456,\"height\":313},{\"@type\":\"BreadcrumbList\",\"@id\":\"https:\\\/\\\/blogdofarnesio.com.br\\\/?p=332456#breadcrumb\",\"itemListElement\":[{\"@type\":\"ListItem\",\"position\":1,\"name\":\"In\u00edcio\",\"item\":\"https:\\\/\\\/blogdofarnesio.com.br\\\/\"},{\"@type\":\"ListItem\",\"position\":2,\"name\":\"Carta de Bras\u00edlia: documento em defesa da democracia \u00e9 lan\u00e7ado durante reuni\u00e3o entre Lula e governadores\"}]},{\"@type\":\"WebSite\",\"@id\":\"https:\\\/\\\/blogdofarnesio.com.br\\\/#website\",\"url\":\"https:\\\/\\\/blogdofarnesio.com.br\\\/\",\"name\":\"Blog do Farn\u00e9sio\",\"description\":\"Quer Saber Pol\u00edtica?\",\"publisher\":{\"@id\":\"https:\\\/\\\/blogdofarnesio.com.br\\\/#organization\"},\"potentialAction\":[{\"@type\":\"SearchAction\",\"target\":{\"@type\":\"EntryPoint\",\"urlTemplate\":\"https:\\\/\\\/blogdofarnesio.com.br\\\/?s={search_term_string}\"},\"query-input\":{\"@type\":\"PropertyValueSpecification\",\"valueRequired\":true,\"valueName\":\"search_term_string\"}}],\"inLanguage\":\"pt-BR\"},{\"@type\":\"Organization\",\"@id\":\"https:\\\/\\\/blogdofarnesio.com.br\\\/#organization\",\"name\":\"Blog do Farn\u00e9sio\",\"url\":\"https:\\\/\\\/blogdofarnesio.com.br\\\/\",\"logo\":{\"@type\":\"ImageObject\",\"inLanguage\":\"pt-BR\",\"@id\":\"https:\\\/\\\/blogdofarnesio.com.br\\\/#\\\/schema\\\/logo\\\/image\\\/\",\"url\":\"https:\\\/\\\/blogdofarnesio.com.br\\\/wp-content\\\/uploads\\\/2026\\\/03\\\/cropped-logo_new-1.png\",\"contentUrl\":\"https:\\\/\\\/blogdofarnesio.com.br\\\/wp-content\\\/uploads\\\/2026\\\/03\\\/cropped-logo_new-1.png\",\"width\":881,\"height\":685,\"caption\":\"Blog do Farn\u00e9sio\"},\"image\":{\"@id\":\"https:\\\/\\\/blogdofarnesio.com.br\\\/#\\\/schema\\\/logo\\\/image\\\/\"},\"sameAs\":[\"https:\\\/\\\/www.facebook.com\\\/BlogQuerSaberPolitica\\\/\"]},{\"@type\":\"Person\",\"@id\":\"https:\\\/\\\/blogdofarnesio.com.br\\\/#\\\/schema\\\/person\\\/bb9b23ae3ad0609ce8df7b6c9e76824d\",\"name\":\"Farn\u00e9sio\",\"image\":{\"@type\":\"ImageObject\",\"inLanguage\":\"pt-BR\",\"@id\":\"https:\\\/\\\/secure.gravatar.com\\\/avatar\\\/986aa4c61ccdb66f8555bf88fc2a65609d00bcabd4d2d94377a727547345cbca?s=96&d=mm&r=g\",\"url\":\"https:\\\/\\\/secure.gravatar.com\\\/avatar\\\/986aa4c61ccdb66f8555bf88fc2a65609d00bcabd4d2d94377a727547345cbca?s=96&d=mm&r=g\",\"contentUrl\":\"https:\\\/\\\/secure.gravatar.com\\\/avatar\\\/986aa4c61ccdb66f8555bf88fc2a65609d00bcabd4d2d94377a727547345cbca?s=96&d=mm&r=g\",\"caption\":\"Farn\u00e9sio\"},\"description\":\"Radialista blogueiro, chegou a Petrolina\\\/Juazeiro em setembro de 1980, Farn\u00e9sio Silva \u00e9 de Arapiraca-Alagoas.\",\"sameAs\":[\"http:\\\/\\\/blogdofarnesio.com.br\",\"https:\\\/\\\/www.facebook.com\\\/?ref=tn_tnmn\",\"https:\\\/\\\/www.instagram.com\\\/?utm_source=pwa_homescreen\",\"https:\\\/\\\/youtube.com.br\\\/\"],\"url\":\"https:\\\/\\\/blogdofarnesio.com.br\\\/?author=2\"}]}<\/script>\n<!-- \/ Yoast SEO plugin. -->","yoast_head_json":{"title":"Carta de Bras\u00edlia: documento em defesa da democracia \u00e9 lan\u00e7ado durante reuni\u00e3o entre Lula e governadores - Blog do Farn\u00e9sio","robots":{"index":"index","follow":"follow","max-snippet":"max-snippet:-1","max-image-preview":"max-image-preview:large","max-video-preview":"max-video-preview:-1"},"canonical":"https:\/\/blogdofarnesio.com.br\/?p=332456","og_locale":"pt_BR","og_type":"article","og_title":"Carta de Bras\u00edlia: documento em defesa da democracia \u00e9 lan\u00e7ado durante reuni\u00e3o entre Lula e governadores - Blog do Farn\u00e9sio","og_description":"Por Nicole Angel, de Bras\u00edlia\u00a0 &#8211; Uma carta em defesa da democracia foi lan\u00e7ada nesta sexta-feira (27) ap\u00f3s o encontro do presidente Luiz In\u00e1cio Lula da Silva (PT) com os 27 governadores do pa\u00eds, no Pal\u00e1cio do Planalto. A reuni\u00e3o serviu para que os chefes de estado levassem as demandas de cada estado ao governo federal. &nbsp; O documento, divulgado pelo Planalto ap\u00f3s o encontro e batizada como \u2018Carta de Bras\u00edlia\u2019, reafirma o compromisso entre os 27 governadores dos estados e do Distrito Federal e o presidente da Rep\u00fablica, com o estado democr\u00e1tico de direito e com a estabilidade institucional e social do pa\u00eds. &nbsp; &#8220;A democracia \u00e9 um valor inegoci\u00e1vel. Somente por meio do di\u00e1logo que ela favorece poderemos&hellip;","og_url":"https:\/\/blogdofarnesio.com.br\/?p=332456","og_site_name":"Blog do Farn\u00e9sio","article_publisher":"https:\/\/www.facebook.com\/BlogQuerSaberPolitica\/","article_author":"https:\/\/www.facebook.com\/?ref=tn_tnmn","article_published_time":"2023-01-27T19:45:42+00:00","og_image":[{"width":456,"height":313,"url":"https:\/\/blogdofarnesio.com.br\/wp-content\/uploads\/2023\/01\/blogqsplula-governadores.png","type":"image\/png"}],"author":"Farn\u00e9sio","twitter_card":"summary_large_image","twitter_misc":{"Escrito por":"Farn\u00e9sio","Est. tempo de leitura":"3 minutos"},"schema":{"@context":"https:\/\/schema.org","@graph":[{"@type":"Article","@id":"https:\/\/blogdofarnesio.com.br\/?p=332456#article","isPartOf":{"@id":"https:\/\/blogdofarnesio.com.br\/?p=332456"},"author":{"name":"Farn\u00e9sio","@id":"https:\/\/blogdofarnesio.com.br\/#\/schema\/person\/bb9b23ae3ad0609ce8df7b6c9e76824d"},"headline":"Carta de Bras\u00edlia: documento em defesa da democracia \u00e9 lan\u00e7ado durante reuni\u00e3o entre Lula e governadores","datePublished":"2023-01-27T19:45:42+00:00","mainEntityOfPage":{"@id":"https:\/\/blogdofarnesio.com.br\/?p=332456"},"wordCount":452,"commentCount":0,"publisher":{"@id":"https:\/\/blogdofarnesio.com.br\/#organization"},"image":{"@id":"https:\/\/blogdofarnesio.com.br\/?p=332456#primaryimage"},"thumbnailUrl":"https:\/\/blogdofarnesio.com.br\/wp-content\/uploads\/2023\/01\/blogqsplula-governadores.png","articleSection":["Pol\u00edtica"],"inLanguage":"pt-BR","potentialAction":[{"@type":"CommentAction","name":"Comment","target":["https:\/\/blogdofarnesio.com.br\/?p=332456#respond"]}]},{"@type":"WebPage","@id":"https:\/\/blogdofarnesio.com.br\/?p=332456","url":"https:\/\/blogdofarnesio.com.br\/?p=332456","name":"Carta de Bras\u00edlia: documento em defesa da democracia \u00e9 lan\u00e7ado durante reuni\u00e3o entre Lula e governadores - Blog do Farn\u00e9sio","isPartOf":{"@id":"https:\/\/blogdofarnesio.com.br\/#website"},"primaryImageOfPage":{"@id":"https:\/\/blogdofarnesio.com.br\/?p=332456#primaryimage"},"image":{"@id":"https:\/\/blogdofarnesio.com.br\/?p=332456#primaryimage"},"thumbnailUrl":"https:\/\/blogdofarnesio.com.br\/wp-content\/uploads\/2023\/01\/blogqsplula-governadores.png","datePublished":"2023-01-27T19:45:42+00:00","breadcrumb":{"@id":"https:\/\/blogdofarnesio.com.br\/?p=332456#breadcrumb"},"inLanguage":"pt-BR","potentialAction":[{"@type":"ReadAction","target":["https:\/\/blogdofarnesio.com.br\/?p=332456"]}]},{"@type":"ImageObject","inLanguage":"pt-BR","@id":"https:\/\/blogdofarnesio.com.br\/?p=332456#primaryimage","url":"https:\/\/blogdofarnesio.com.br\/wp-content\/uploads\/2023\/01\/blogqsplula-governadores.png","contentUrl":"https:\/\/blogdofarnesio.com.br\/wp-content\/uploads\/2023\/01\/blogqsplula-governadores.png","width":456,"height":313},{"@type":"BreadcrumbList","@id":"https:\/\/blogdofarnesio.com.br\/?p=332456#breadcrumb","itemListElement":[{"@type":"ListItem","position":1,"name":"In\u00edcio","item":"https:\/\/blogdofarnesio.com.br\/"},{"@type":"ListItem","position":2,"name":"Carta de Bras\u00edlia: documento em defesa da democracia \u00e9 lan\u00e7ado durante reuni\u00e3o entre Lula e governadores"}]},{"@type":"WebSite","@id":"https:\/\/blogdofarnesio.com.br\/#website","url":"https:\/\/blogdofarnesio.com.br\/","name":"Blog do Farn\u00e9sio","description":"Quer Saber Pol\u00edtica?","publisher":{"@id":"https:\/\/blogdofarnesio.com.br\/#organization"},"potentialAction":[{"@type":"SearchAction","target":{"@type":"EntryPoint","urlTemplate":"https:\/\/blogdofarnesio.com.br\/?s={search_term_string}"},"query-input":{"@type":"PropertyValueSpecification","valueRequired":true,"valueName":"search_term_string"}}],"inLanguage":"pt-BR"},{"@type":"Organization","@id":"https:\/\/blogdofarnesio.com.br\/#organization","name":"Blog do Farn\u00e9sio","url":"https:\/\/blogdofarnesio.com.br\/","logo":{"@type":"ImageObject","inLanguage":"pt-BR","@id":"https:\/\/blogdofarnesio.com.br\/#\/schema\/logo\/image\/","url":"https:\/\/blogdofarnesio.com.br\/wp-content\/uploads\/2026\/03\/cropped-logo_new-1.png","contentUrl":"https:\/\/blogdofarnesio.com.br\/wp-content\/uploads\/2026\/03\/cropped-logo_new-1.png","width":881,"height":685,"caption":"Blog do Farn\u00e9sio"},"image":{"@id":"https:\/\/blogdofarnesio.com.br\/#\/schema\/logo\/image\/"},"sameAs":["https:\/\/www.facebook.com\/BlogQuerSaberPolitica\/"]},{"@type":"Person","@id":"https:\/\/blogdofarnesio.com.br\/#\/schema\/person\/bb9b23ae3ad0609ce8df7b6c9e76824d","name":"Farn\u00e9sio","image":{"@type":"ImageObject","inLanguage":"pt-BR","@id":"https:\/\/secure.gravatar.com\/avatar\/986aa4c61ccdb66f8555bf88fc2a65609d00bcabd4d2d94377a727547345cbca?s=96&d=mm&r=g","url":"https:\/\/secure.gravatar.com\/avatar\/986aa4c61ccdb66f8555bf88fc2a65609d00bcabd4d2d94377a727547345cbca?s=96&d=mm&r=g","contentUrl":"https:\/\/secure.gravatar.com\/avatar\/986aa4c61ccdb66f8555bf88fc2a65609d00bcabd4d2d94377a727547345cbca?s=96&d=mm&r=g","caption":"Farn\u00e9sio"},"description":"Radialista blogueiro, chegou a Petrolina\/Juazeiro em setembro de 1980, Farn\u00e9sio Silva \u00e9 de Arapiraca-Alagoas.","sameAs":["http:\/\/blogdofarnesio.com.br","https:\/\/www.facebook.com\/?ref=tn_tnmn","https:\/\/www.instagram.com\/?utm_source=pwa_homescreen","https:\/\/youtube.com.br\/"],"url":"https:\/\/blogdofarnesio.com.br\/?author=2"}]}},"_links":{"self":[{"href":"https:\/\/blogdofarnesio.com.br\/index.php?rest_route=\/wp\/v2\/posts\/332456","targetHints":{"allow":["GET"]}}],"collection":[{"href":"https:\/\/blogdofarnesio.com.br\/index.php?rest_route=\/wp\/v2\/posts"}],"about":[{"href":"https:\/\/blogdofarnesio.com.br\/index.php?rest_route=\/wp\/v2\/types\/post"}],"author":[{"embeddable":true,"href":"https:\/\/blogdofarnesio.com.br\/index.php?rest_route=\/wp\/v2\/users\/2"}],"replies":[{"embeddable":true,"href":"https:\/\/blogdofarnesio.com.br\/index.php?rest_route=%2Fwp%2Fv2%2Fcomments&post=332456"}],"version-history":[{"count":0,"href":"https:\/\/blogdofarnesio.com.br\/index.php?rest_route=\/wp\/v2\/posts\/332456\/revisions"}],"wp:featuredmedia":[{"embeddable":true,"href":"https:\/\/blogdofarnesio.com.br\/index.php?rest_route=\/wp\/v2\/media\/332457"}],"wp:attachment":[{"href":"https:\/\/blogdofarnesio.com.br\/index.php?rest_route=%2Fwp%2Fv2%2Fmedia&parent=332456"}],"wp:term":[{"taxonomy":"category","embeddable":true,"href":"https:\/\/blogdofarnesio.com.br\/index.php?rest_route=%2Fwp%2Fv2%2Fcategories&post=332456"},{"taxonomy":"post_tag","embeddable":true,"href":"https:\/\/blogdofarnesio.com.br\/index.php?rest_route=%2Fwp%2Fv2%2Ftags&post=332456"}],"curies":[{"name":"wp","href":"https:\/\/api.w.org\/{rel}","templated":true}]}}