{"id":332337,"date":"2023-01-27T15:44:26","date_gmt":"2023-01-27T18:44:26","guid":{"rendered":"https:\/\/blogdofarnesio.com.br\/?p=332337"},"modified":"2023-01-27T11:50:41","modified_gmt":"2023-01-27T14:50:41","slug":"prefeitura-garante-limpeza-de-vilas-e-tapa-buraco-emergencial-em-area-irrigada","status":"publish","type":"post","link":"https:\/\/blogdofarnesio.com.br\/?p=332337","title":{"rendered":"Prefeitura garante limpeza de vilas e tapa-buraco emergencial em \u00e1rea irrigada"},"content":{"rendered":"<p dir=\"ltr\">Mutir\u00f5es de limpeza e servi\u00e7os de tapa-buracos emergenciais continuam a todo vapor na zona rural de Petrolina. As equipes da prefeitura, por meio da Secretaria de Agricultura (Seagri), est\u00e3o dedicadas diariamente para garantir mais seguran\u00e7a e melhor trafegabilidade para quem mora na \u00e1rea irrigada do munic\u00edpio. Os trabalhos incluem limpeza, capina e remo\u00e7\u00e3o, al\u00e9m da opera\u00e7\u00e3o tapa-buraco emergencial em um trecho bastante danificado da PE 639, que liga os N\u00facleos 5, 3 e 1 do Per\u00edmetro Irrigado Senador Nilo Coelho (PISNC).<\/p>\n<p dir=\"ltr\">As vilas dos N\u00facleos 1, 2, 4 e C-3 j\u00e1 foram atendidas pelo mutir\u00e3o, agora as equipes est\u00e3o concentradas, inicialmente, na limpeza do Cemit\u00e9rio do N-5 e depois seguir\u00e3o para Ponta da Serra, retornando ao N-5 para concluir os demais pontos na vila. Para a agricultora aposentada, Maria Nogueira, a a\u00e7\u00e3o de limpeza do cemit\u00e9rio \u00e9 um pedido sempre atendido pela prefeitura e pelo qual ela agradece. \u201cEm nome da comunidade da vila do N-5 eu agrade\u00e7o que as equipes da prefeitura venham fazer esse servi\u00e7o, principalmente depois das chuvas, quando o mato crescer mais ligeiro\u201d, afirmou Maria.<\/p>\n<p>&nbsp;<\/p>\n<p dir=\"ltr\">Al\u00e9m desse mutir\u00e3o de limpeza, outra a\u00e7\u00e3o foi executada nesta quarta-feira (25): uma equipe da prefeitura esteve presente em um trecho da PE 639, que liga o N-5 ao N-1 passando pelo N-3, e realizou a Opera\u00e7\u00e3o Tapa-Buracos emergencial de forma paliativa, j\u00e1 que a via \u00e9 de responsabilidade do Departamento de Estradas e Rodagem de Pernambuco (DER-PE), \u00f3rg\u00e3o integrante da administra\u00e7\u00e3o estadual. \u201cO que estamos fazendo aqui \u00e9 apenas um paliativo para amenizar os transtornos que as crateras t\u00eam provocado, como at\u00e9 j\u00e1 ocasionou acidentes. Vamos continuar solicitando ao DER, ao Governo do Estado, para que possam continuar o servi\u00e7o de pavimenta\u00e7\u00e3o asf\u00e1ltica que foi suspenso\u00a0 ainda em novembro de 2022\u201d, refor\u00e7ou o secret\u00e1rio de Agricultura, Gilberto Melo.<\/p>\n<p>&nbsp;<\/p>\n<p dir=\"ltr\">Texto e fotos: Jaquelyne Costa<\/p>\n<p dir=\"ltr\">Assessora de Comunica\u00e7\u00e3o<\/p>\n","protected":false},"excerpt":{"rendered":"<p>Mutir\u00f5es de limpeza e servi\u00e7os de tapa-buracos emergenciais continuam a todo vapor na zona rural de Petrolina. As equipes da prefeitura, por meio da Secretaria de Agricultura (Seagri), est\u00e3o dedicadas diariamente para garantir mais seguran\u00e7a e melhor trafegabilidade para quem mora na \u00e1rea irrigada do munic\u00edpio. Os trabalhos incluem limpeza, capina e remo\u00e7\u00e3o, al\u00e9m da opera\u00e7\u00e3o tapa-buraco emergencial em um trecho bastante danificado da PE 639, que liga os N\u00facleos 5, 3 e 1 do Per\u00edmetro Irrigado Senador Nilo Coelho (PISNC). As vilas dos N\u00facleos 1, 2, 4 e C-3 j\u00e1 foram atendidas pelo mutir\u00e3o, agora as equipes est\u00e3o concentradas, inicialmente, na limpeza do Cemit\u00e9rio do N-5 e depois seguir\u00e3o para Ponta da Serra, retornando ao N-5 para concluir os&hellip; <\/p>\n","protected":false},"author":2,"featured_media":329165,"comment_status":"open","ping_status":"open","sticky":false,"template":"","format":"standard","meta":{"_acf_changed":false,"footnotes":""},"categories":[44],"tags":[],"class_list":["post-332337","post","type-post","status-publish","format-standard","has-post-thumbnail","hentry","category-administracao"],"acf":[],"yoast_head":"<!-- This site is optimized with the Yoast SEO plugin v27.4 - https:\/\/yoast.com\/product\/yoast-seo-wordpress\/ -->\n<title>Prefeitura garante limpeza de vilas e tapa-buraco emergencial em \u00e1rea irrigada - Blog do Farn\u00e9sio<\/title>\n<meta name=\"robots\" content=\"index, follow, max-snippet:-1, max-image-preview:large, max-video-preview:-1\" \/>\n<link rel=\"canonical\" href=\"https:\/\/blogdofarnesio.com.br\/?p=332337\" \/>\n<meta property=\"og:locale\" content=\"pt_BR\" \/>\n<meta property=\"og:type\" content=\"article\" \/>\n<meta property=\"og:title\" content=\"Prefeitura garante limpeza de vilas e tapa-buraco emergencial em \u00e1rea irrigada - Blog do Farn\u00e9sio\" \/>\n<meta property=\"og:description\" content=\"Mutir\u00f5es de limpeza e servi\u00e7os de tapa-buracos emergenciais continuam a todo vapor na zona rural de Petrolina. As equipes da prefeitura, por meio da Secretaria de Agricultura (Seagri), est\u00e3o dedicadas diariamente para garantir mais seguran\u00e7a e melhor trafegabilidade para quem mora na \u00e1rea irrigada do munic\u00edpio. Os trabalhos incluem limpeza, capina e remo\u00e7\u00e3o, al\u00e9m da opera\u00e7\u00e3o tapa-buraco emergencial em um trecho bastante danificado da PE 639, que liga os N\u00facleos 5, 3 e 1 do Per\u00edmetro Irrigado Senador Nilo Coelho (PISNC). As vilas dos N\u00facleos 1, 2, 4 e C-3 j\u00e1 foram atendidas pelo mutir\u00e3o, agora as equipes est\u00e3o concentradas, inicialmente, na limpeza do Cemit\u00e9rio do N-5 e depois seguir\u00e3o para Ponta da Serra, retornando ao N-5 para concluir os&hellip;\" \/>\n<meta property=\"og:url\" content=\"https:\/\/blogdofarnesio.com.br\/?p=332337\" \/>\n<meta property=\"og:site_name\" content=\"Blog do Farn\u00e9sio\" \/>\n<meta property=\"article:publisher\" content=\"https:\/\/www.facebook.com\/BlogQuerSaberPolitica\/\" \/>\n<meta property=\"article:author\" content=\"https:\/\/www.facebook.com\/?ref=tn_tnmn\" \/>\n<meta property=\"article:published_time\" content=\"2023-01-27T18:44:26+00:00\" \/>\n<meta property=\"og:image\" content=\"https:\/\/blogdofarnesio.com.br\/wp-content\/uploads\/2022\/12\/Limpeza-N1-02-e1670873842418.jpeg\" \/>\n\t<meta property=\"og:image:width\" content=\"599\" \/>\n\t<meta property=\"og:image:height\" content=\"337\" \/>\n\t<meta property=\"og:image:type\" content=\"image\/jpeg\" \/>\n<meta name=\"author\" content=\"Farn\u00e9sio\" \/>\n<meta name=\"twitter:card\" content=\"summary_large_image\" \/>\n<meta name=\"twitter:label1\" content=\"Escrito por\" \/>\n\t<meta name=\"twitter:data1\" content=\"Farn\u00e9sio\" \/>\n\t<meta name=\"twitter:label2\" content=\"Est. tempo de leitura\" \/>\n\t<meta name=\"twitter:data2\" content=\"2 minutos\" \/>\n<script type=\"application\/ld+json\" class=\"yoast-schema-graph\">{\"@context\":\"https:\\\/\\\/schema.org\",\"@graph\":[{\"@type\":\"Article\",\"@id\":\"https:\\\/\\\/blogdofarnesio.com.br\\\/?p=332337#article\",\"isPartOf\":{\"@id\":\"https:\\\/\\\/blogdofarnesio.com.br\\\/?p=332337\"},\"author\":{\"name\":\"Farn\u00e9sio\",\"@id\":\"https:\\\/\\\/blogdofarnesio.com.br\\\/#\\\/schema\\\/person\\\/bb9b23ae3ad0609ce8df7b6c9e76824d\"},\"headline\":\"Prefeitura garante limpeza de vilas e tapa-buraco emergencial em \u00e1rea irrigada\",\"datePublished\":\"2023-01-27T18:44:26+00:00\",\"mainEntityOfPage\":{\"@id\":\"https:\\\/\\\/blogdofarnesio.com.br\\\/?p=332337\"},\"wordCount\":338,\"commentCount\":0,\"publisher\":{\"@id\":\"https:\\\/\\\/blogdofarnesio.com.br\\\/#organization\"},\"image\":{\"@id\":\"https:\\\/\\\/blogdofarnesio.com.br\\\/?p=332337#primaryimage\"},\"thumbnailUrl\":\"https:\\\/\\\/blogdofarnesio.com.br\\\/wp-content\\\/uploads\\\/2022\\\/12\\\/Limpeza-N1-02-e1670873842418.jpeg\",\"articleSection\":[\"Administra\u00e7\u00e3o\"],\"inLanguage\":\"pt-BR\",\"potentialAction\":[{\"@type\":\"CommentAction\",\"name\":\"Comment\",\"target\":[\"https:\\\/\\\/blogdofarnesio.com.br\\\/?p=332337#respond\"]}]},{\"@type\":\"WebPage\",\"@id\":\"https:\\\/\\\/blogdofarnesio.com.br\\\/?p=332337\",\"url\":\"https:\\\/\\\/blogdofarnesio.com.br\\\/?p=332337\",\"name\":\"Prefeitura garante limpeza de vilas e tapa-buraco emergencial em \u00e1rea irrigada - Blog do Farn\u00e9sio\",\"isPartOf\":{\"@id\":\"https:\\\/\\\/blogdofarnesio.com.br\\\/#website\"},\"primaryImageOfPage\":{\"@id\":\"https:\\\/\\\/blogdofarnesio.com.br\\\/?p=332337#primaryimage\"},\"image\":{\"@id\":\"https:\\\/\\\/blogdofarnesio.com.br\\\/?p=332337#primaryimage\"},\"thumbnailUrl\":\"https:\\\/\\\/blogdofarnesio.com.br\\\/wp-content\\\/uploads\\\/2022\\\/12\\\/Limpeza-N1-02-e1670873842418.jpeg\",\"datePublished\":\"2023-01-27T18:44:26+00:00\",\"breadcrumb\":{\"@id\":\"https:\\\/\\\/blogdofarnesio.com.br\\\/?p=332337#breadcrumb\"},\"inLanguage\":\"pt-BR\",\"potentialAction\":[{\"@type\":\"ReadAction\",\"target\":[\"https:\\\/\\\/blogdofarnesio.com.br\\\/?p=332337\"]}]},{\"@type\":\"ImageObject\",\"inLanguage\":\"pt-BR\",\"@id\":\"https:\\\/\\\/blogdofarnesio.com.br\\\/?p=332337#primaryimage\",\"url\":\"https:\\\/\\\/blogdofarnesio.com.br\\\/wp-content\\\/uploads\\\/2022\\\/12\\\/Limpeza-N1-02-e1670873842418.jpeg\",\"contentUrl\":\"https:\\\/\\\/blogdofarnesio.com.br\\\/wp-content\\\/uploads\\\/2022\\\/12\\\/Limpeza-N1-02-e1670873842418.jpeg\",\"width\":599,\"height\":337},{\"@type\":\"BreadcrumbList\",\"@id\":\"https:\\\/\\\/blogdofarnesio.com.br\\\/?p=332337#breadcrumb\",\"itemListElement\":[{\"@type\":\"ListItem\",\"position\":1,\"name\":\"In\u00edcio\",\"item\":\"https:\\\/\\\/blogdofarnesio.com.br\\\/\"},{\"@type\":\"ListItem\",\"position\":2,\"name\":\"Prefeitura garante limpeza de vilas e tapa-buraco emergencial em \u00e1rea irrigada\"}]},{\"@type\":\"WebSite\",\"@id\":\"https:\\\/\\\/blogdofarnesio.com.br\\\/#website\",\"url\":\"https:\\\/\\\/blogdofarnesio.com.br\\\/\",\"name\":\"Blog do Farn\u00e9sio\",\"description\":\"Quer Saber Pol\u00edtica?\",\"publisher\":{\"@id\":\"https:\\\/\\\/blogdofarnesio.com.br\\\/#organization\"},\"potentialAction\":[{\"@type\":\"SearchAction\",\"target\":{\"@type\":\"EntryPoint\",\"urlTemplate\":\"https:\\\/\\\/blogdofarnesio.com.br\\\/?s={search_term_string}\"},\"query-input\":{\"@type\":\"PropertyValueSpecification\",\"valueRequired\":true,\"valueName\":\"search_term_string\"}}],\"inLanguage\":\"pt-BR\"},{\"@type\":\"Organization\",\"@id\":\"https:\\\/\\\/blogdofarnesio.com.br\\\/#organization\",\"name\":\"Blog do Farn\u00e9sio\",\"url\":\"https:\\\/\\\/blogdofarnesio.com.br\\\/\",\"logo\":{\"@type\":\"ImageObject\",\"inLanguage\":\"pt-BR\",\"@id\":\"https:\\\/\\\/blogdofarnesio.com.br\\\/#\\\/schema\\\/logo\\\/image\\\/\",\"url\":\"https:\\\/\\\/blogdofarnesio.com.br\\\/wp-content\\\/uploads\\\/2026\\\/03\\\/cropped-logo_new-1.png\",\"contentUrl\":\"https:\\\/\\\/blogdofarnesio.com.br\\\/wp-content\\\/uploads\\\/2026\\\/03\\\/cropped-logo_new-1.png\",\"width\":881,\"height\":685,\"caption\":\"Blog do Farn\u00e9sio\"},\"image\":{\"@id\":\"https:\\\/\\\/blogdofarnesio.com.br\\\/#\\\/schema\\\/logo\\\/image\\\/\"},\"sameAs\":[\"https:\\\/\\\/www.facebook.com\\\/BlogQuerSaberPolitica\\\/\"]},{\"@type\":\"Person\",\"@id\":\"https:\\\/\\\/blogdofarnesio.com.br\\\/#\\\/schema\\\/person\\\/bb9b23ae3ad0609ce8df7b6c9e76824d\",\"name\":\"Farn\u00e9sio\",\"image\":{\"@type\":\"ImageObject\",\"inLanguage\":\"pt-BR\",\"@id\":\"https:\\\/\\\/secure.gravatar.com\\\/avatar\\\/986aa4c61ccdb66f8555bf88fc2a65609d00bcabd4d2d94377a727547345cbca?s=96&d=mm&r=g\",\"url\":\"https:\\\/\\\/secure.gravatar.com\\\/avatar\\\/986aa4c61ccdb66f8555bf88fc2a65609d00bcabd4d2d94377a727547345cbca?s=96&d=mm&r=g\",\"contentUrl\":\"https:\\\/\\\/secure.gravatar.com\\\/avatar\\\/986aa4c61ccdb66f8555bf88fc2a65609d00bcabd4d2d94377a727547345cbca?s=96&d=mm&r=g\",\"caption\":\"Farn\u00e9sio\"},\"description\":\"Radialista blogueiro, chegou a Petrolina\\\/Juazeiro em setembro de 1980, Farn\u00e9sio Silva \u00e9 de Arapiraca-Alagoas.\",\"sameAs\":[\"http:\\\/\\\/blogdofarnesio.com.br\",\"https:\\\/\\\/www.facebook.com\\\/?ref=tn_tnmn\",\"https:\\\/\\\/www.instagram.com\\\/?utm_source=pwa_homescreen\",\"https:\\\/\\\/youtube.com.br\\\/\"],\"url\":\"https:\\\/\\\/blogdofarnesio.com.br\\\/?author=2\"}]}<\/script>\n<!-- \/ Yoast SEO plugin. -->","yoast_head_json":{"title":"Prefeitura garante limpeza de vilas e tapa-buraco emergencial em \u00e1rea irrigada - Blog do Farn\u00e9sio","robots":{"index":"index","follow":"follow","max-snippet":"max-snippet:-1","max-image-preview":"max-image-preview:large","max-video-preview":"max-video-preview:-1"},"canonical":"https:\/\/blogdofarnesio.com.br\/?p=332337","og_locale":"pt_BR","og_type":"article","og_title":"Prefeitura garante limpeza de vilas e tapa-buraco emergencial em \u00e1rea irrigada - Blog do Farn\u00e9sio","og_description":"Mutir\u00f5es de limpeza e servi\u00e7os de tapa-buracos emergenciais continuam a todo vapor na zona rural de Petrolina. As equipes da prefeitura, por meio da Secretaria de Agricultura (Seagri), est\u00e3o dedicadas diariamente para garantir mais seguran\u00e7a e melhor trafegabilidade para quem mora na \u00e1rea irrigada do munic\u00edpio. Os trabalhos incluem limpeza, capina e remo\u00e7\u00e3o, al\u00e9m da opera\u00e7\u00e3o tapa-buraco emergencial em um trecho bastante danificado da PE 639, que liga os N\u00facleos 5, 3 e 1 do Per\u00edmetro Irrigado Senador Nilo Coelho (PISNC). As vilas dos N\u00facleos 1, 2, 4 e C-3 j\u00e1 foram atendidas pelo mutir\u00e3o, agora as equipes est\u00e3o concentradas, inicialmente, na limpeza do Cemit\u00e9rio do N-5 e depois seguir\u00e3o para Ponta da Serra, retornando ao N-5 para concluir os&hellip;","og_url":"https:\/\/blogdofarnesio.com.br\/?p=332337","og_site_name":"Blog do Farn\u00e9sio","article_publisher":"https:\/\/www.facebook.com\/BlogQuerSaberPolitica\/","article_author":"https:\/\/www.facebook.com\/?ref=tn_tnmn","article_published_time":"2023-01-27T18:44:26+00:00","og_image":[{"width":599,"height":337,"url":"https:\/\/blogdofarnesio.com.br\/wp-content\/uploads\/2022\/12\/Limpeza-N1-02-e1670873842418.jpeg","type":"image\/jpeg"}],"author":"Farn\u00e9sio","twitter_card":"summary_large_image","twitter_misc":{"Escrito por":"Farn\u00e9sio","Est. tempo de leitura":"2 minutos"},"schema":{"@context":"https:\/\/schema.org","@graph":[{"@type":"Article","@id":"https:\/\/blogdofarnesio.com.br\/?p=332337#article","isPartOf":{"@id":"https:\/\/blogdofarnesio.com.br\/?p=332337"},"author":{"name":"Farn\u00e9sio","@id":"https:\/\/blogdofarnesio.com.br\/#\/schema\/person\/bb9b23ae3ad0609ce8df7b6c9e76824d"},"headline":"Prefeitura garante limpeza de vilas e tapa-buraco emergencial em \u00e1rea irrigada","datePublished":"2023-01-27T18:44:26+00:00","mainEntityOfPage":{"@id":"https:\/\/blogdofarnesio.com.br\/?p=332337"},"wordCount":338,"commentCount":0,"publisher":{"@id":"https:\/\/blogdofarnesio.com.br\/#organization"},"image":{"@id":"https:\/\/blogdofarnesio.com.br\/?p=332337#primaryimage"},"thumbnailUrl":"https:\/\/blogdofarnesio.com.br\/wp-content\/uploads\/2022\/12\/Limpeza-N1-02-e1670873842418.jpeg","articleSection":["Administra\u00e7\u00e3o"],"inLanguage":"pt-BR","potentialAction":[{"@type":"CommentAction","name":"Comment","target":["https:\/\/blogdofarnesio.com.br\/?p=332337#respond"]}]},{"@type":"WebPage","@id":"https:\/\/blogdofarnesio.com.br\/?p=332337","url":"https:\/\/blogdofarnesio.com.br\/?p=332337","name":"Prefeitura garante limpeza de vilas e tapa-buraco emergencial em \u00e1rea irrigada - Blog do Farn\u00e9sio","isPartOf":{"@id":"https:\/\/blogdofarnesio.com.br\/#website"},"primaryImageOfPage":{"@id":"https:\/\/blogdofarnesio.com.br\/?p=332337#primaryimage"},"image":{"@id":"https:\/\/blogdofarnesio.com.br\/?p=332337#primaryimage"},"thumbnailUrl":"https:\/\/blogdofarnesio.com.br\/wp-content\/uploads\/2022\/12\/Limpeza-N1-02-e1670873842418.jpeg","datePublished":"2023-01-27T18:44:26+00:00","breadcrumb":{"@id":"https:\/\/blogdofarnesio.com.br\/?p=332337#breadcrumb"},"inLanguage":"pt-BR","potentialAction":[{"@type":"ReadAction","target":["https:\/\/blogdofarnesio.com.br\/?p=332337"]}]},{"@type":"ImageObject","inLanguage":"pt-BR","@id":"https:\/\/blogdofarnesio.com.br\/?p=332337#primaryimage","url":"https:\/\/blogdofarnesio.com.br\/wp-content\/uploads\/2022\/12\/Limpeza-N1-02-e1670873842418.jpeg","contentUrl":"https:\/\/blogdofarnesio.com.br\/wp-content\/uploads\/2022\/12\/Limpeza-N1-02-e1670873842418.jpeg","width":599,"height":337},{"@type":"BreadcrumbList","@id":"https:\/\/blogdofarnesio.com.br\/?p=332337#breadcrumb","itemListElement":[{"@type":"ListItem","position":1,"name":"In\u00edcio","item":"https:\/\/blogdofarnesio.com.br\/"},{"@type":"ListItem","position":2,"name":"Prefeitura garante limpeza de vilas e tapa-buraco emergencial em \u00e1rea irrigada"}]},{"@type":"WebSite","@id":"https:\/\/blogdofarnesio.com.br\/#website","url":"https:\/\/blogdofarnesio.com.br\/","name":"Blog do Farn\u00e9sio","description":"Quer Saber Pol\u00edtica?","publisher":{"@id":"https:\/\/blogdofarnesio.com.br\/#organization"},"potentialAction":[{"@type":"SearchAction","target":{"@type":"EntryPoint","urlTemplate":"https:\/\/blogdofarnesio.com.br\/?s={search_term_string}"},"query-input":{"@type":"PropertyValueSpecification","valueRequired":true,"valueName":"search_term_string"}}],"inLanguage":"pt-BR"},{"@type":"Organization","@id":"https:\/\/blogdofarnesio.com.br\/#organization","name":"Blog do Farn\u00e9sio","url":"https:\/\/blogdofarnesio.com.br\/","logo":{"@type":"ImageObject","inLanguage":"pt-BR","@id":"https:\/\/blogdofarnesio.com.br\/#\/schema\/logo\/image\/","url":"https:\/\/blogdofarnesio.com.br\/wp-content\/uploads\/2026\/03\/cropped-logo_new-1.png","contentUrl":"https:\/\/blogdofarnesio.com.br\/wp-content\/uploads\/2026\/03\/cropped-logo_new-1.png","width":881,"height":685,"caption":"Blog do Farn\u00e9sio"},"image":{"@id":"https:\/\/blogdofarnesio.com.br\/#\/schema\/logo\/image\/"},"sameAs":["https:\/\/www.facebook.com\/BlogQuerSaberPolitica\/"]},{"@type":"Person","@id":"https:\/\/blogdofarnesio.com.br\/#\/schema\/person\/bb9b23ae3ad0609ce8df7b6c9e76824d","name":"Farn\u00e9sio","image":{"@type":"ImageObject","inLanguage":"pt-BR","@id":"https:\/\/secure.gravatar.com\/avatar\/986aa4c61ccdb66f8555bf88fc2a65609d00bcabd4d2d94377a727547345cbca?s=96&d=mm&r=g","url":"https:\/\/secure.gravatar.com\/avatar\/986aa4c61ccdb66f8555bf88fc2a65609d00bcabd4d2d94377a727547345cbca?s=96&d=mm&r=g","contentUrl":"https:\/\/secure.gravatar.com\/avatar\/986aa4c61ccdb66f8555bf88fc2a65609d00bcabd4d2d94377a727547345cbca?s=96&d=mm&r=g","caption":"Farn\u00e9sio"},"description":"Radialista blogueiro, chegou a Petrolina\/Juazeiro em setembro de 1980, Farn\u00e9sio Silva \u00e9 de Arapiraca-Alagoas.","sameAs":["http:\/\/blogdofarnesio.com.br","https:\/\/www.facebook.com\/?ref=tn_tnmn","https:\/\/www.instagram.com\/?utm_source=pwa_homescreen","https:\/\/youtube.com.br\/"],"url":"https:\/\/blogdofarnesio.com.br\/?author=2"}]}},"_links":{"self":[{"href":"https:\/\/blogdofarnesio.com.br\/index.php?rest_route=\/wp\/v2\/posts\/332337","targetHints":{"allow":["GET"]}}],"collection":[{"href":"https:\/\/blogdofarnesio.com.br\/index.php?rest_route=\/wp\/v2\/posts"}],"about":[{"href":"https:\/\/blogdofarnesio.com.br\/index.php?rest_route=\/wp\/v2\/types\/post"}],"author":[{"embeddable":true,"href":"https:\/\/blogdofarnesio.com.br\/index.php?rest_route=\/wp\/v2\/users\/2"}],"replies":[{"embeddable":true,"href":"https:\/\/blogdofarnesio.com.br\/index.php?rest_route=%2Fwp%2Fv2%2Fcomments&post=332337"}],"version-history":[{"count":0,"href":"https:\/\/blogdofarnesio.com.br\/index.php?rest_route=\/wp\/v2\/posts\/332337\/revisions"}],"wp:featuredmedia":[{"embeddable":true,"href":"https:\/\/blogdofarnesio.com.br\/index.php?rest_route=\/wp\/v2\/media\/329165"}],"wp:attachment":[{"href":"https:\/\/blogdofarnesio.com.br\/index.php?rest_route=%2Fwp%2Fv2%2Fmedia&parent=332337"}],"wp:term":[{"taxonomy":"category","embeddable":true,"href":"https:\/\/blogdofarnesio.com.br\/index.php?rest_route=%2Fwp%2Fv2%2Fcategories&post=332337"},{"taxonomy":"post_tag","embeddable":true,"href":"https:\/\/blogdofarnesio.com.br\/index.php?rest_route=%2Fwp%2Fv2%2Ftags&post=332337"}],"curies":[{"name":"wp","href":"https:\/\/api.w.org\/{rel}","templated":true}]}}