{"id":33232,"date":"2013-03-25T08:20:43","date_gmt":"2013-03-25T11:20:43","guid":{"rendered":"http:\/\/www.quersaberpolitica.com.br\/?p=33232"},"modified":"2013-03-24T18:25:00","modified_gmt":"2013-03-24T21:25:00","slug":"univasf-prorroga-inscricoes-para-cursos-de-especializacao-na-modalidade-ead","status":"publish","type":"post","link":"https:\/\/blogdofarnesio.com.br\/?p=33232","title":{"rendered":"UNIVASF PRORROGA INSCRI\u00c7\u00d5ES PARA CURSOS DE ESPECIALIZA\u00c7\u00c3O NA MODALIDADE EAD"},"content":{"rendered":"<p style=\"text-align: justify\"><a href=\"http:\/\/www.quersaberpolitica.com.br\/2016\/wp-content\/uploads\/2013\/02\/blogqspUnivasf-petrolina.jpg\"><img loading=\"lazy\" decoding=\"async\" class=\"alignleft size-full wp-image-27545\" alt=\"blogqspUnivasf-petrolina\" src=\"http:\/\/www.quersaberpolitica.com.br\/2016\/wp-content\/uploads\/2013\/02\/blogqspUnivasf-petrolina.jpg\" width=\"300\" height=\"168\" \/><\/a>As sele\u00e7\u00f5es s\u00e3o para os cursos de Gest\u00e3o em Sa\u00fade, Gest\u00e3o P\u00fablica e Gest\u00e3o P\u00fablica Municipal, com 650 vagas s\u00e3o distribu\u00eddas em sete polos da Bahia e de Pernambuco.<\/p>\n<p style=\"text-align: justify\">A Universidade Federal do Vale do S\u00e3o Francisco (Univasf) informa que prorrogou at\u00e9 o dia 31 de mar\u00e7o, as inscri\u00e7\u00f5es do processo seletivo para os cursos de especializa\u00e7\u00e3o em Gest\u00e3o em Sa\u00fade, Gest\u00e3o P\u00fablica e Gest\u00e3o P\u00fablica Municipal, por meio do Programa Nacional de Forma\u00e7\u00e3o em Administra\u00e7\u00e3o P\u00fablica (Pnap), oferecido na modalidade \u00e0 dist\u00e2ncia (EAD).\u00a0Os interessados devem se inscrever, exclusivamente pela internet<em id=\"__mceDel\">, <\/em>atrav\u00e9s do site <a href=\"http:\/\/www.ead.univasf.edu.br\/pnap\/\">http:\/\/www.ead.univasf.edu.br\/pnap\/<\/a>. A taxa de inscri\u00e7\u00e3o \u00e9 R$ 80,00. Os cursos s\u00e3o gratuitos e ter\u00e3o dura\u00e7\u00e3o de 18 meses.<!--more--><\/p>\n<p style=\"text-align: justify\">O processo seletivo ocorrer\u00e1 em duas fases: an\u00e1lise curricular, com suas respectivas comprova\u00e7\u00f5es e da Carta de Inten\u00e7\u00e3o, documento escrito pelos candidatos elencando os motivos pelos quais est\u00e1 pleiteando a vaga. Ao todo s\u00e3o 650 vagas, distribu\u00eddas nos polos de Juazeiro, Paulo Afonso, Pintadas e Piritiba (BA); e Petrolina, Ouricuri, Trindade e Salgueiro (PE).<\/p>\n<p style=\"text-align: justify\">De acordo com a Secretaria de Educa\u00e7\u00e3o a Distancia (Sead\/Univasf), das 650 vagas, 390 s\u00e3o destinadas a servidores e funcion\u00e1rios p\u00fablicos, conforme edital, com a finalidade de contribuir para a capacita\u00e7\u00e3o dos agentes p\u00fablicos na presta\u00e7\u00e3o de servi\u00e7os \u00e0 sociedade. Mais informa\u00e7\u00f5es sobre o edital podem ser obtidas atrav\u00e9s do site http:\/\/www.sead.univasf.edu.br\/, pelos telefones (87) 2101-6823\/ 6824\/ 6825 ou ainda pelo e-mail: sead@univasf.edu.br.<\/p>\n<p style=\"text-align: justify\">Confira abaixo o cronograma de atividades:<\/p>\n<p style=\"text-align: justify\">Inscri\u00e7\u00f5es: at\u00e9 31\/03\/2013<\/p>\n<p style=\"text-align: justify\">Pagamento da inscri\u00e7\u00e3o: at\u00e9 05\/04\/2013<\/p>\n<p style=\"text-align: justify\">Entrega\/Envio da documenta\u00e7\u00e3o para an\u00e1lise: at\u00e9 05\/04\/2013<\/p>\n<p style=\"text-align: justify\">An\u00e1lise da documenta\u00e7\u00e3o apresentada: at\u00e9 17\/04\/2013<\/p>\n<p style=\"text-align: justify\">Divulga\u00e7\u00e3o do resultado: 19\/04\/2013<\/p>\n<p style=\"text-align: justify\">Prazo para interposi\u00e7\u00e3o de recursos: at\u00e9 23\/04\/2013<\/p>\n<p style=\"text-align: justify\">Divulga\u00e7\u00e3o do resultado final: 26\/04\/2013<\/p>\n<p style=\"text-align: justify\">Matr\u00edculas: 29\/04 a 06\/05\/2013<\/p>\n<p style=\"text-align: justify\">Previs\u00e3o para o in\u00edcio dos cursos: 20\/05\/2013<\/p>\n","protected":false},"excerpt":{"rendered":"<p>As sele\u00e7\u00f5es s\u00e3o para os cursos de Gest\u00e3o em Sa\u00fade, Gest\u00e3o P\u00fablica e Gest\u00e3o P\u00fablica Municipal, com 650 vagas s\u00e3o distribu\u00eddas em sete polos da Bahia e de Pernambuco. A Universidade Federal do Vale do S\u00e3o Francisco (Univasf) informa que prorrogou at\u00e9 o dia 31 de mar\u00e7o, as inscri\u00e7\u00f5es do processo seletivo para os cursos de especializa\u00e7\u00e3o em Gest\u00e3o em Sa\u00fade, Gest\u00e3o P\u00fablica e Gest\u00e3o P\u00fablica Municipal, por meio do Programa Nacional de Forma\u00e7\u00e3o em Administra\u00e7\u00e3o P\u00fablica (Pnap), oferecido na modalidade \u00e0 dist\u00e2ncia (EAD).\u00a0Os interessados devem se inscrever, exclusivamente pela internet, atrav\u00e9s do site http:\/\/www.ead.univasf.edu.br\/pnap\/. A taxa de inscri\u00e7\u00e3o \u00e9 R$ 80,00. Os cursos s\u00e3o gratuitos e ter\u00e3o dura\u00e7\u00e3o de 18 meses.<\/p>\n","protected":false},"author":3,"featured_media":0,"comment_status":"open","ping_status":"open","sticky":false,"template":"","format":"standard","meta":{"_acf_changed":false,"footnotes":""},"categories":[6],"tags":[],"class_list":["post-33232","post","type-post","status-publish","format-standard","hentry","category-educacao"],"acf":[],"yoast_head":"<!-- This site is optimized with the Yoast SEO plugin v27.4 - https:\/\/yoast.com\/product\/yoast-seo-wordpress\/ -->\n<title>UNIVASF PRORROGA INSCRI\u00c7\u00d5ES PARA CURSOS DE ESPECIALIZA\u00c7\u00c3O NA MODALIDADE EAD - Blog do Farn\u00e9sio<\/title>\n<meta name=\"robots\" content=\"index, follow, max-snippet:-1, max-image-preview:large, max-video-preview:-1\" \/>\n<link rel=\"canonical\" href=\"https:\/\/blogdofarnesio.com.br\/?p=33232\" \/>\n<meta property=\"og:locale\" content=\"pt_BR\" \/>\n<meta property=\"og:type\" content=\"article\" \/>\n<meta property=\"og:title\" content=\"UNIVASF PRORROGA INSCRI\u00c7\u00d5ES PARA CURSOS DE ESPECIALIZA\u00c7\u00c3O NA MODALIDADE EAD - Blog do Farn\u00e9sio\" \/>\n<meta property=\"og:description\" content=\"As sele\u00e7\u00f5es s\u00e3o para os cursos de Gest\u00e3o em Sa\u00fade, Gest\u00e3o P\u00fablica e Gest\u00e3o P\u00fablica Municipal, com 650 vagas s\u00e3o distribu\u00eddas em sete polos da Bahia e de Pernambuco. A Universidade Federal do Vale do S\u00e3o Francisco (Univasf) informa que prorrogou at\u00e9 o dia 31 de mar\u00e7o, as inscri\u00e7\u00f5es do processo seletivo para os cursos de especializa\u00e7\u00e3o em Gest\u00e3o em Sa\u00fade, Gest\u00e3o P\u00fablica e Gest\u00e3o P\u00fablica Municipal, por meio do Programa Nacional de Forma\u00e7\u00e3o em Administra\u00e7\u00e3o P\u00fablica (Pnap), oferecido na modalidade \u00e0 dist\u00e2ncia (EAD).\u00a0Os interessados devem se inscrever, exclusivamente pela internet, atrav\u00e9s do site http:\/\/www.ead.univasf.edu.br\/pnap\/. A taxa de inscri\u00e7\u00e3o \u00e9 R$ 80,00. Os cursos s\u00e3o gratuitos e ter\u00e3o dura\u00e7\u00e3o de 18 meses.\" \/>\n<meta property=\"og:url\" content=\"https:\/\/blogdofarnesio.com.br\/?p=33232\" \/>\n<meta property=\"og:site_name\" content=\"Blog do Farn\u00e9sio\" \/>\n<meta property=\"article:publisher\" content=\"https:\/\/www.facebook.com\/BlogQuerSaberPolitica\/\" \/>\n<meta property=\"article:published_time\" content=\"2013-03-25T11:20:43+00:00\" \/>\n<meta property=\"og:image\" content=\"http:\/\/www.quersaberpolitica.com.br\/2016\/wp-content\/uploads\/2013\/02\/blogqspUnivasf-petrolina.jpg\" \/>\n<meta name=\"author\" content=\"teste\" \/>\n<meta name=\"twitter:card\" content=\"summary_large_image\" \/>\n<meta name=\"twitter:label1\" content=\"Escrito por\" \/>\n\t<meta name=\"twitter:data1\" content=\"teste\" \/>\n\t<meta name=\"twitter:label2\" content=\"Est. tempo de leitura\" \/>\n\t<meta name=\"twitter:data2\" content=\"2 minutos\" \/>\n<script type=\"application\/ld+json\" class=\"yoast-schema-graph\">{\"@context\":\"https:\\\/\\\/schema.org\",\"@graph\":[{\"@type\":\"Article\",\"@id\":\"https:\\\/\\\/blogdofarnesio.com.br\\\/?p=33232#article\",\"isPartOf\":{\"@id\":\"https:\\\/\\\/blogdofarnesio.com.br\\\/?p=33232\"},\"author\":{\"name\":\"teste\",\"@id\":\"https:\\\/\\\/blogdofarnesio.com.br\\\/#\\\/schema\\\/person\\\/dd1bf5eba40b687199ba45ca6b97dff9\"},\"headline\":\"UNIVASF PRORROGA INSCRI\u00c7\u00d5ES PARA CURSOS DE ESPECIALIZA\u00c7\u00c3O NA MODALIDADE EAD\",\"datePublished\":\"2013-03-25T11:20:43+00:00\",\"mainEntityOfPage\":{\"@id\":\"https:\\\/\\\/blogdofarnesio.com.br\\\/?p=33232\"},\"wordCount\":345,\"commentCount\":0,\"publisher\":{\"@id\":\"https:\\\/\\\/blogdofarnesio.com.br\\\/#organization\"},\"image\":{\"@id\":\"https:\\\/\\\/blogdofarnesio.com.br\\\/?p=33232#primaryimage\"},\"thumbnailUrl\":\"http:\\\/\\\/www.quersaberpolitica.com.br\\\/2016\\\/wp-content\\\/uploads\\\/2013\\\/02\\\/blogqspUnivasf-petrolina.jpg\",\"articleSection\":[\"Educa\u00e7\u00e3o\"],\"inLanguage\":\"pt-BR\",\"potentialAction\":[{\"@type\":\"CommentAction\",\"name\":\"Comment\",\"target\":[\"https:\\\/\\\/blogdofarnesio.com.br\\\/?p=33232#respond\"]}]},{\"@type\":\"WebPage\",\"@id\":\"https:\\\/\\\/blogdofarnesio.com.br\\\/?p=33232\",\"url\":\"https:\\\/\\\/blogdofarnesio.com.br\\\/?p=33232\",\"name\":\"UNIVASF PRORROGA INSCRI\u00c7\u00d5ES PARA CURSOS DE ESPECIALIZA\u00c7\u00c3O NA MODALIDADE EAD - Blog do Farn\u00e9sio\",\"isPartOf\":{\"@id\":\"https:\\\/\\\/blogdofarnesio.com.br\\\/#website\"},\"primaryImageOfPage\":{\"@id\":\"https:\\\/\\\/blogdofarnesio.com.br\\\/?p=33232#primaryimage\"},\"image\":{\"@id\":\"https:\\\/\\\/blogdofarnesio.com.br\\\/?p=33232#primaryimage\"},\"thumbnailUrl\":\"http:\\\/\\\/www.quersaberpolitica.com.br\\\/2016\\\/wp-content\\\/uploads\\\/2013\\\/02\\\/blogqspUnivasf-petrolina.jpg\",\"datePublished\":\"2013-03-25T11:20:43+00:00\",\"breadcrumb\":{\"@id\":\"https:\\\/\\\/blogdofarnesio.com.br\\\/?p=33232#breadcrumb\"},\"inLanguage\":\"pt-BR\",\"potentialAction\":[{\"@type\":\"ReadAction\",\"target\":[\"https:\\\/\\\/blogdofarnesio.com.br\\\/?p=33232\"]}]},{\"@type\":\"ImageObject\",\"inLanguage\":\"pt-BR\",\"@id\":\"https:\\\/\\\/blogdofarnesio.com.br\\\/?p=33232#primaryimage\",\"url\":\"http:\\\/\\\/www.quersaberpolitica.com.br\\\/2016\\\/wp-content\\\/uploads\\\/2013\\\/02\\\/blogqspUnivasf-petrolina.jpg\",\"contentUrl\":\"http:\\\/\\\/www.quersaberpolitica.com.br\\\/2016\\\/wp-content\\\/uploads\\\/2013\\\/02\\\/blogqspUnivasf-petrolina.jpg\"},{\"@type\":\"BreadcrumbList\",\"@id\":\"https:\\\/\\\/blogdofarnesio.com.br\\\/?p=33232#breadcrumb\",\"itemListElement\":[{\"@type\":\"ListItem\",\"position\":1,\"name\":\"In\u00edcio\",\"item\":\"https:\\\/\\\/blogdofarnesio.com.br\\\/\"},{\"@type\":\"ListItem\",\"position\":2,\"name\":\"UNIVASF PRORROGA INSCRI\u00c7\u00d5ES PARA CURSOS DE ESPECIALIZA\u00c7\u00c3O NA MODALIDADE EAD\"}]},{\"@type\":\"WebSite\",\"@id\":\"https:\\\/\\\/blogdofarnesio.com.br\\\/#website\",\"url\":\"https:\\\/\\\/blogdofarnesio.com.br\\\/\",\"name\":\"Blog do Farn\u00e9sio\",\"description\":\"Quer Saber Pol\u00edtica?\",\"publisher\":{\"@id\":\"https:\\\/\\\/blogdofarnesio.com.br\\\/#organization\"},\"potentialAction\":[{\"@type\":\"SearchAction\",\"target\":{\"@type\":\"EntryPoint\",\"urlTemplate\":\"https:\\\/\\\/blogdofarnesio.com.br\\\/?s={search_term_string}\"},\"query-input\":{\"@type\":\"PropertyValueSpecification\",\"valueRequired\":true,\"valueName\":\"search_term_string\"}}],\"inLanguage\":\"pt-BR\"},{\"@type\":\"Organization\",\"@id\":\"https:\\\/\\\/blogdofarnesio.com.br\\\/#organization\",\"name\":\"Blog do Farn\u00e9sio\",\"url\":\"https:\\\/\\\/blogdofarnesio.com.br\\\/\",\"logo\":{\"@type\":\"ImageObject\",\"inLanguage\":\"pt-BR\",\"@id\":\"https:\\\/\\\/blogdofarnesio.com.br\\\/#\\\/schema\\\/logo\\\/image\\\/\",\"url\":\"https:\\\/\\\/blogdofarnesio.com.br\\\/wp-content\\\/uploads\\\/2026\\\/03\\\/cropped-logo_new-1.png\",\"contentUrl\":\"https:\\\/\\\/blogdofarnesio.com.br\\\/wp-content\\\/uploads\\\/2026\\\/03\\\/cropped-logo_new-1.png\",\"width\":881,\"height\":685,\"caption\":\"Blog do Farn\u00e9sio\"},\"image\":{\"@id\":\"https:\\\/\\\/blogdofarnesio.com.br\\\/#\\\/schema\\\/logo\\\/image\\\/\"},\"sameAs\":[\"https:\\\/\\\/www.facebook.com\\\/BlogQuerSaberPolitica\\\/\"]},{\"@type\":\"Person\",\"@id\":\"https:\\\/\\\/blogdofarnesio.com.br\\\/#\\\/schema\\\/person\\\/dd1bf5eba40b687199ba45ca6b97dff9\",\"name\":\"teste\",\"image\":{\"@type\":\"ImageObject\",\"inLanguage\":\"pt-BR\",\"@id\":\"https:\\\/\\\/secure.gravatar.com\\\/avatar\\\/2172498d4914b51e1d89a0f97957b035ac4938723a5cac208135d389b6972a6d?s=96&d=mm&r=g\",\"url\":\"https:\\\/\\\/secure.gravatar.com\\\/avatar\\\/2172498d4914b51e1d89a0f97957b035ac4938723a5cac208135d389b6972a6d?s=96&d=mm&r=g\",\"contentUrl\":\"https:\\\/\\\/secure.gravatar.com\\\/avatar\\\/2172498d4914b51e1d89a0f97957b035ac4938723a5cac208135d389b6972a6d?s=96&d=mm&r=g\",\"caption\":\"teste\"},\"url\":\"https:\\\/\\\/blogdofarnesio.com.br\\\/?author=3\"}]}<\/script>\n<!-- \/ Yoast SEO plugin. -->","yoast_head_json":{"title":"UNIVASF PRORROGA INSCRI\u00c7\u00d5ES PARA CURSOS DE ESPECIALIZA\u00c7\u00c3O NA MODALIDADE EAD - Blog do Farn\u00e9sio","robots":{"index":"index","follow":"follow","max-snippet":"max-snippet:-1","max-image-preview":"max-image-preview:large","max-video-preview":"max-video-preview:-1"},"canonical":"https:\/\/blogdofarnesio.com.br\/?p=33232","og_locale":"pt_BR","og_type":"article","og_title":"UNIVASF PRORROGA INSCRI\u00c7\u00d5ES PARA CURSOS DE ESPECIALIZA\u00c7\u00c3O NA MODALIDADE EAD - Blog do Farn\u00e9sio","og_description":"As sele\u00e7\u00f5es s\u00e3o para os cursos de Gest\u00e3o em Sa\u00fade, Gest\u00e3o P\u00fablica e Gest\u00e3o P\u00fablica Municipal, com 650 vagas s\u00e3o distribu\u00eddas em sete polos da Bahia e de Pernambuco. A Universidade Federal do Vale do S\u00e3o Francisco (Univasf) informa que prorrogou at\u00e9 o dia 31 de mar\u00e7o, as inscri\u00e7\u00f5es do processo seletivo para os cursos de especializa\u00e7\u00e3o em Gest\u00e3o em Sa\u00fade, Gest\u00e3o P\u00fablica e Gest\u00e3o P\u00fablica Municipal, por meio do Programa Nacional de Forma\u00e7\u00e3o em Administra\u00e7\u00e3o P\u00fablica (Pnap), oferecido na modalidade \u00e0 dist\u00e2ncia (EAD).\u00a0Os interessados devem se inscrever, exclusivamente pela internet, atrav\u00e9s do site http:\/\/www.ead.univasf.edu.br\/pnap\/. A taxa de inscri\u00e7\u00e3o \u00e9 R$ 80,00. Os cursos s\u00e3o gratuitos e ter\u00e3o dura\u00e7\u00e3o de 18 meses.","og_url":"https:\/\/blogdofarnesio.com.br\/?p=33232","og_site_name":"Blog do Farn\u00e9sio","article_publisher":"https:\/\/www.facebook.com\/BlogQuerSaberPolitica\/","article_published_time":"2013-03-25T11:20:43+00:00","og_image":[{"url":"http:\/\/www.quersaberpolitica.com.br\/2016\/wp-content\/uploads\/2013\/02\/blogqspUnivasf-petrolina.jpg","type":"","width":"","height":""}],"author":"teste","twitter_card":"summary_large_image","twitter_misc":{"Escrito por":"teste","Est. tempo de leitura":"2 minutos"},"schema":{"@context":"https:\/\/schema.org","@graph":[{"@type":"Article","@id":"https:\/\/blogdofarnesio.com.br\/?p=33232#article","isPartOf":{"@id":"https:\/\/blogdofarnesio.com.br\/?p=33232"},"author":{"name":"teste","@id":"https:\/\/blogdofarnesio.com.br\/#\/schema\/person\/dd1bf5eba40b687199ba45ca6b97dff9"},"headline":"UNIVASF PRORROGA INSCRI\u00c7\u00d5ES PARA CURSOS DE ESPECIALIZA\u00c7\u00c3O NA MODALIDADE EAD","datePublished":"2013-03-25T11:20:43+00:00","mainEntityOfPage":{"@id":"https:\/\/blogdofarnesio.com.br\/?p=33232"},"wordCount":345,"commentCount":0,"publisher":{"@id":"https:\/\/blogdofarnesio.com.br\/#organization"},"image":{"@id":"https:\/\/blogdofarnesio.com.br\/?p=33232#primaryimage"},"thumbnailUrl":"http:\/\/www.quersaberpolitica.com.br\/2016\/wp-content\/uploads\/2013\/02\/blogqspUnivasf-petrolina.jpg","articleSection":["Educa\u00e7\u00e3o"],"inLanguage":"pt-BR","potentialAction":[{"@type":"CommentAction","name":"Comment","target":["https:\/\/blogdofarnesio.com.br\/?p=33232#respond"]}]},{"@type":"WebPage","@id":"https:\/\/blogdofarnesio.com.br\/?p=33232","url":"https:\/\/blogdofarnesio.com.br\/?p=33232","name":"UNIVASF PRORROGA INSCRI\u00c7\u00d5ES PARA CURSOS DE ESPECIALIZA\u00c7\u00c3O NA MODALIDADE EAD - Blog do Farn\u00e9sio","isPartOf":{"@id":"https:\/\/blogdofarnesio.com.br\/#website"},"primaryImageOfPage":{"@id":"https:\/\/blogdofarnesio.com.br\/?p=33232#primaryimage"},"image":{"@id":"https:\/\/blogdofarnesio.com.br\/?p=33232#primaryimage"},"thumbnailUrl":"http:\/\/www.quersaberpolitica.com.br\/2016\/wp-content\/uploads\/2013\/02\/blogqspUnivasf-petrolina.jpg","datePublished":"2013-03-25T11:20:43+00:00","breadcrumb":{"@id":"https:\/\/blogdofarnesio.com.br\/?p=33232#breadcrumb"},"inLanguage":"pt-BR","potentialAction":[{"@type":"ReadAction","target":["https:\/\/blogdofarnesio.com.br\/?p=33232"]}]},{"@type":"ImageObject","inLanguage":"pt-BR","@id":"https:\/\/blogdofarnesio.com.br\/?p=33232#primaryimage","url":"http:\/\/www.quersaberpolitica.com.br\/2016\/wp-content\/uploads\/2013\/02\/blogqspUnivasf-petrolina.jpg","contentUrl":"http:\/\/www.quersaberpolitica.com.br\/2016\/wp-content\/uploads\/2013\/02\/blogqspUnivasf-petrolina.jpg"},{"@type":"BreadcrumbList","@id":"https:\/\/blogdofarnesio.com.br\/?p=33232#breadcrumb","itemListElement":[{"@type":"ListItem","position":1,"name":"In\u00edcio","item":"https:\/\/blogdofarnesio.com.br\/"},{"@type":"ListItem","position":2,"name":"UNIVASF PRORROGA INSCRI\u00c7\u00d5ES PARA CURSOS DE ESPECIALIZA\u00c7\u00c3O NA MODALIDADE EAD"}]},{"@type":"WebSite","@id":"https:\/\/blogdofarnesio.com.br\/#website","url":"https:\/\/blogdofarnesio.com.br\/","name":"Blog do Farn\u00e9sio","description":"Quer Saber Pol\u00edtica?","publisher":{"@id":"https:\/\/blogdofarnesio.com.br\/#organization"},"potentialAction":[{"@type":"SearchAction","target":{"@type":"EntryPoint","urlTemplate":"https:\/\/blogdofarnesio.com.br\/?s={search_term_string}"},"query-input":{"@type":"PropertyValueSpecification","valueRequired":true,"valueName":"search_term_string"}}],"inLanguage":"pt-BR"},{"@type":"Organization","@id":"https:\/\/blogdofarnesio.com.br\/#organization","name":"Blog do Farn\u00e9sio","url":"https:\/\/blogdofarnesio.com.br\/","logo":{"@type":"ImageObject","inLanguage":"pt-BR","@id":"https:\/\/blogdofarnesio.com.br\/#\/schema\/logo\/image\/","url":"https:\/\/blogdofarnesio.com.br\/wp-content\/uploads\/2026\/03\/cropped-logo_new-1.png","contentUrl":"https:\/\/blogdofarnesio.com.br\/wp-content\/uploads\/2026\/03\/cropped-logo_new-1.png","width":881,"height":685,"caption":"Blog do Farn\u00e9sio"},"image":{"@id":"https:\/\/blogdofarnesio.com.br\/#\/schema\/logo\/image\/"},"sameAs":["https:\/\/www.facebook.com\/BlogQuerSaberPolitica\/"]},{"@type":"Person","@id":"https:\/\/blogdofarnesio.com.br\/#\/schema\/person\/dd1bf5eba40b687199ba45ca6b97dff9","name":"teste","image":{"@type":"ImageObject","inLanguage":"pt-BR","@id":"https:\/\/secure.gravatar.com\/avatar\/2172498d4914b51e1d89a0f97957b035ac4938723a5cac208135d389b6972a6d?s=96&d=mm&r=g","url":"https:\/\/secure.gravatar.com\/avatar\/2172498d4914b51e1d89a0f97957b035ac4938723a5cac208135d389b6972a6d?s=96&d=mm&r=g","contentUrl":"https:\/\/secure.gravatar.com\/avatar\/2172498d4914b51e1d89a0f97957b035ac4938723a5cac208135d389b6972a6d?s=96&d=mm&r=g","caption":"teste"},"url":"https:\/\/blogdofarnesio.com.br\/?author=3"}]}},"_links":{"self":[{"href":"https:\/\/blogdofarnesio.com.br\/index.php?rest_route=\/wp\/v2\/posts\/33232","targetHints":{"allow":["GET"]}}],"collection":[{"href":"https:\/\/blogdofarnesio.com.br\/index.php?rest_route=\/wp\/v2\/posts"}],"about":[{"href":"https:\/\/blogdofarnesio.com.br\/index.php?rest_route=\/wp\/v2\/types\/post"}],"author":[{"embeddable":true,"href":"https:\/\/blogdofarnesio.com.br\/index.php?rest_route=\/wp\/v2\/users\/3"}],"replies":[{"embeddable":true,"href":"https:\/\/blogdofarnesio.com.br\/index.php?rest_route=%2Fwp%2Fv2%2Fcomments&post=33232"}],"version-history":[{"count":0,"href":"https:\/\/blogdofarnesio.com.br\/index.php?rest_route=\/wp\/v2\/posts\/33232\/revisions"}],"wp:attachment":[{"href":"https:\/\/blogdofarnesio.com.br\/index.php?rest_route=%2Fwp%2Fv2%2Fmedia&parent=33232"}],"wp:term":[{"taxonomy":"category","embeddable":true,"href":"https:\/\/blogdofarnesio.com.br\/index.php?rest_route=%2Fwp%2Fv2%2Fcategories&post=33232"},{"taxonomy":"post_tag","embeddable":true,"href":"https:\/\/blogdofarnesio.com.br\/index.php?rest_route=%2Fwp%2Fv2%2Ftags&post=33232"}],"curies":[{"name":"wp","href":"https:\/\/api.w.org\/{rel}","templated":true}]}}