{"id":331956,"date":"2023-01-21T11:30:43","date_gmt":"2023-01-21T14:30:43","guid":{"rendered":"https:\/\/blogdofarnesio.com.br\/?p=331956"},"modified":"2023-01-21T11:21:44","modified_gmt":"2023-01-21T14:21:44","slug":"como-foi-a-primeira-noite-de-daniel-alves-na-prisao","status":"publish","type":"post","link":"https:\/\/blogdofarnesio.com.br\/?p=331956","title":{"rendered":"Como foi a primeira noite de Daniel Alves na pris\u00e3o"},"content":{"rendered":"<div class=\"row content-head featured \">\n<div class=\"title\"><\/div>\n<div class=\"medium-centered subtitle\">\n<h2 class=\"content-head__subtitle\"><span style=\"font-size: 16px;\">Por O Globo \u2014\u00a0<\/span><\/h2>\n<\/div>\n<\/div>\n<div class=\"mc-article-body\">\n<article>\n<div class=\"mc-column content-text active-extra-styles active-capital-letter\" data-block-type=\"unstyled\" data-block-weight=\"58\" data-block-id=\"2\">\n<p class=\"content-text__container theme-color-primary-first-letter\" data-track-category=\"Link no Texto\" data-track-links=\"\">Daniel Alves foi enviado nesta sexta-feira \u00e0 pris\u00e3o Brians I, cerca de 30km de Barcelona. Preso por uma den\u00fancia de agress\u00e3o sexual, o jogador, segundo fontes ouvidas pelo jornal espanhol \u201cEl Peri\u00f3dico\u201d, permaneceu calado e demonstrou bastante abatimento. Neste s\u00e1bado ele passar\u00e1 por entrevistas e procedimentos burocr\u00e1ticos, que definiram em qual parte da pris\u00e3o ele ser\u00e1 transferido.<\/p>\n<\/div>\n<div class=\"wall protected-content\">\n<div class=\"mc-column content-text active-extra-styles\" data-block-type=\"raw\" data-block-weight=\"29\" data-block-id=\"3\">\n<ul class=\"content-unordered-list\">\n<li><strong>Contradi\u00e7\u00e3o:\u00a0<\/strong><a href=\"https:\/\/oglobo.globo.com\/esportes\/futebol\/noticia\/2023\/01\/daniel-alves-muda-versao-admite-sexo-com-mulher-que-o-acusa-de-estupro-mas-diz-que-foi-consensual.ghtml\"><strong>Daniel Alves muda verso<\/strong><\/a><\/li>\n<\/ul>\n<\/div>\n<div class=\"mc-column content-text active-extra-styles \" data-block-type=\"unstyled\" data-block-weight=\"38\" data-block-id=\"4\">\n<p class=\"content-text__container \" data-track-category=\"Link no Texto\" data-track-links=\"\">Nesta sexta-feira, Daniel Alves, assim que chegou ao pres\u00eddio, passou pelo procedimento de coleta de impress\u00f5es digitais e fotos, ainda de acordo com o \u201cEl Peri\u00f3dico\u201d. Durante todo o procedimento ele quase n\u00e3o disse nenhuma palavra.<\/p>\n<\/div>\n<div class=\"mc-column content-text active-extra-styles \" data-block-type=\"unstyled\" data-block-weight=\"37\" data-block-id=\"6\">\n<p class=\"content-text__container \" data-track-category=\"Link no Texto\" data-track-links=\"\">Enquanto n\u00e3o \u00e9 destacado para uma \u00e1rea da pris\u00e3o, ele passar\u00e1 seus dias na ala de presos preventivos. Por protocolo da pr\u00f3pria pris\u00e3o, ele passou a noite acompanhado de outros detentos na mesma condi\u00e7\u00e3o dele.<\/p>\n<\/div>\n<div class=\"mc-column content-text active-extra-styles \" data-block-type=\"unstyled\" data-block-weight=\"78\" data-block-id=\"8\">\n<p class=\"content-text__container \" data-track-category=\"Link no Texto\" data-track-links=\"\">Neste s\u00e1bado o jogador deve receber visita de familiares que lhe levaram objetos pessoais. Al\u00e9m disso, ser\u00e1 examinado por um m\u00e9dico, um psic\u00f3logo, um advogado e monitores da pris\u00e3o. Todas essas entrevistas tamb\u00e9m fazem parte do protocolo. Ser\u00e3o baseadas nelas, que ser\u00e1 designado o local do pres\u00eddio onde Daniel Alves ser\u00e1 enviado. A \u00fanica etapa dispensada foi a entrevista com a assistente social porque j\u00e1 \u00e9 sabido que o jogador n\u00e3o vive em condi\u00e7\u00e3o de vulnerabilidade social.<\/p>\n<\/div>\n<div class=\"mc-column content-text active-extra-styles \" data-block-type=\"unstyled\" data-block-weight=\"60\" data-block-id=\"9\">\n<p class=\"content-text__container \" data-track-category=\"Link no Texto\" data-track-links=\"\">Uma certeza \u00e9 que o jogador n\u00e3o ser\u00e1 enviado para o bloco III do pres\u00eddio. Segundo o jornal, esse setor tem enfrentado momentos tensos nos \u00faltimos dias porque a televis\u00e3o do setor deixou de funcionar e os presos t\u00eam apresentado agita\u00e7\u00e3o. E, al\u00e9m disso, a not\u00edcia da chegada de um jogador de futebol agitou as galerias da pris\u00e3o.<\/p>\n<\/div>\n<div data-track-category=\"multicontent\" data-track-action=\"ultimo chunk conteudo\" data-track-noninteraction=\"false\" data-track-scroll=\"view\">\n<div class=\"mc-column content-text active-extra-styles \" data-block-type=\"unstyled\" data-block-weight=\"48\" data-block-id=\"11\">\n<p class=\"content-text__container \" data-track-category=\"Link no Texto\" data-track-links=\"\">Daniel Alves tamb\u00e9m ter\u00e1 que enfrentar outros problemas corriqueiros na pris\u00e3o. Um deles \u00e9 a falta de privacidade. Ele passar\u00e1 a tomar banho em banheiros coletivos, cujo algumas das duchas n\u00e3o funcionam e tamb\u00e9m n\u00e3o possuem \u00e1gua quente \u2014 vale lembrar que na Europa \u00e9 inverno.<\/p>\n<\/div>\n<\/div>\n<\/div>\n<\/article>\n<\/div>\n","protected":false},"excerpt":{"rendered":"<p>Por O Globo \u2014\u00a0 Daniel Alves foi enviado nesta sexta-feira \u00e0 pris\u00e3o Brians I, cerca de 30km de Barcelona. Preso por uma den\u00fancia de agress\u00e3o sexual, o jogador, segundo fontes ouvidas pelo jornal espanhol \u201cEl Peri\u00f3dico\u201d, permaneceu calado e demonstrou bastante abatimento. Neste s\u00e1bado ele passar\u00e1 por entrevistas e procedimentos burocr\u00e1ticos, que definiram em qual parte da pris\u00e3o ele ser\u00e1 transferido. Contradi\u00e7\u00e3o:\u00a0Daniel Alves muda verso Nesta sexta-feira, Daniel Alves, assim que chegou ao pres\u00eddio, passou pelo procedimento de coleta de impress\u00f5es digitais e fotos, ainda de acordo com o \u201cEl Peri\u00f3dico\u201d. Durante todo o procedimento ele quase n\u00e3o disse nenhuma palavra. Enquanto n\u00e3o \u00e9 destacado para uma \u00e1rea da pris\u00e3o, ele passar\u00e1 seus dias na ala de presos preventivos. Por&hellip; <\/p>\n","protected":false},"author":2,"featured_media":331957,"comment_status":"open","ping_status":"open","sticky":false,"template":"","format":"standard","meta":{"_acf_changed":false,"footnotes":""},"categories":[23],"tags":[],"class_list":["post-331956","post","type-post","status-publish","format-standard","has-post-thumbnail","hentry","category-justica"],"acf":[],"yoast_head":"<!-- This site is optimized with the Yoast SEO plugin v27.4 - https:\/\/yoast.com\/product\/yoast-seo-wordpress\/ -->\n<title>Como foi a primeira noite de Daniel Alves na pris\u00e3o - Blog do Farn\u00e9sio<\/title>\n<meta name=\"robots\" content=\"index, follow, max-snippet:-1, max-image-preview:large, max-video-preview:-1\" \/>\n<link rel=\"canonical\" href=\"https:\/\/blogdofarnesio.com.br\/?p=331956\" \/>\n<meta property=\"og:locale\" content=\"pt_BR\" \/>\n<meta property=\"og:type\" content=\"article\" \/>\n<meta property=\"og:title\" content=\"Como foi a primeira noite de Daniel Alves na pris\u00e3o - Blog do Farn\u00e9sio\" \/>\n<meta property=\"og:description\" content=\"Por O Globo \u2014\u00a0 Daniel Alves foi enviado nesta sexta-feira \u00e0 pris\u00e3o Brians I, cerca de 30km de Barcelona. Preso por uma den\u00fancia de agress\u00e3o sexual, o jogador, segundo fontes ouvidas pelo jornal espanhol \u201cEl Peri\u00f3dico\u201d, permaneceu calado e demonstrou bastante abatimento. Neste s\u00e1bado ele passar\u00e1 por entrevistas e procedimentos burocr\u00e1ticos, que definiram em qual parte da pris\u00e3o ele ser\u00e1 transferido. Contradi\u00e7\u00e3o:\u00a0Daniel Alves muda verso Nesta sexta-feira, Daniel Alves, assim que chegou ao pres\u00eddio, passou pelo procedimento de coleta de impress\u00f5es digitais e fotos, ainda de acordo com o \u201cEl Peri\u00f3dico\u201d. Durante todo o procedimento ele quase n\u00e3o disse nenhuma palavra. Enquanto n\u00e3o \u00e9 destacado para uma \u00e1rea da pris\u00e3o, ele passar\u00e1 seus dias na ala de presos preventivos. Por&hellip;\" \/>\n<meta property=\"og:url\" content=\"https:\/\/blogdofarnesio.com.br\/?p=331956\" \/>\n<meta property=\"og:site_name\" content=\"Blog do Farn\u00e9sio\" \/>\n<meta property=\"article:publisher\" content=\"https:\/\/www.facebook.com\/BlogQuerSaberPolitica\/\" \/>\n<meta property=\"article:author\" content=\"https:\/\/www.facebook.com\/?ref=tn_tnmn\" \/>\n<meta property=\"article:published_time\" content=\"2023-01-21T14:30:43+00:00\" \/>\n<meta property=\"og:image\" content=\"https:\/\/blogdofarnesio.com.br\/wp-content\/uploads\/2023\/01\/blogqspdaniel...jpg\" \/>\n\t<meta property=\"og:image:width\" content=\"716\" \/>\n\t<meta property=\"og:image:height\" content=\"469\" \/>\n\t<meta property=\"og:image:type\" content=\"image\/jpeg\" \/>\n<meta name=\"author\" content=\"Farn\u00e9sio\" \/>\n<meta name=\"twitter:card\" content=\"summary_large_image\" \/>\n<meta name=\"twitter:label1\" content=\"Escrito por\" \/>\n\t<meta name=\"twitter:data1\" content=\"Farn\u00e9sio\" \/>\n\t<meta name=\"twitter:label2\" content=\"Est. tempo de leitura\" \/>\n\t<meta name=\"twitter:data2\" content=\"2 minutos\" \/>\n<script type=\"application\/ld+json\" class=\"yoast-schema-graph\">{\"@context\":\"https:\\\/\\\/schema.org\",\"@graph\":[{\"@type\":\"Article\",\"@id\":\"https:\\\/\\\/blogdofarnesio.com.br\\\/?p=331956#article\",\"isPartOf\":{\"@id\":\"https:\\\/\\\/blogdofarnesio.com.br\\\/?p=331956\"},\"author\":{\"name\":\"Farn\u00e9sio\",\"@id\":\"https:\\\/\\\/blogdofarnesio.com.br\\\/#\\\/schema\\\/person\\\/bb9b23ae3ad0609ce8df7b6c9e76824d\"},\"headline\":\"Como foi a primeira noite de Daniel Alves na pris\u00e3o\",\"datePublished\":\"2023-01-21T14:30:43+00:00\",\"mainEntityOfPage\":{\"@id\":\"https:\\\/\\\/blogdofarnesio.com.br\\\/?p=331956\"},\"wordCount\":361,\"commentCount\":0,\"publisher\":{\"@id\":\"https:\\\/\\\/blogdofarnesio.com.br\\\/#organization\"},\"image\":{\"@id\":\"https:\\\/\\\/blogdofarnesio.com.br\\\/?p=331956#primaryimage\"},\"thumbnailUrl\":\"https:\\\/\\\/blogdofarnesio.com.br\\\/wp-content\\\/uploads\\\/2023\\\/01\\\/blogqspdaniel...jpg\",\"articleSection\":[\"Justi\u00e7a\"],\"inLanguage\":\"pt-BR\",\"potentialAction\":[{\"@type\":\"CommentAction\",\"name\":\"Comment\",\"target\":[\"https:\\\/\\\/blogdofarnesio.com.br\\\/?p=331956#respond\"]}]},{\"@type\":\"WebPage\",\"@id\":\"https:\\\/\\\/blogdofarnesio.com.br\\\/?p=331956\",\"url\":\"https:\\\/\\\/blogdofarnesio.com.br\\\/?p=331956\",\"name\":\"Como foi a primeira noite de Daniel Alves na pris\u00e3o - Blog do Farn\u00e9sio\",\"isPartOf\":{\"@id\":\"https:\\\/\\\/blogdofarnesio.com.br\\\/#website\"},\"primaryImageOfPage\":{\"@id\":\"https:\\\/\\\/blogdofarnesio.com.br\\\/?p=331956#primaryimage\"},\"image\":{\"@id\":\"https:\\\/\\\/blogdofarnesio.com.br\\\/?p=331956#primaryimage\"},\"thumbnailUrl\":\"https:\\\/\\\/blogdofarnesio.com.br\\\/wp-content\\\/uploads\\\/2023\\\/01\\\/blogqspdaniel...jpg\",\"datePublished\":\"2023-01-21T14:30:43+00:00\",\"breadcrumb\":{\"@id\":\"https:\\\/\\\/blogdofarnesio.com.br\\\/?p=331956#breadcrumb\"},\"inLanguage\":\"pt-BR\",\"potentialAction\":[{\"@type\":\"ReadAction\",\"target\":[\"https:\\\/\\\/blogdofarnesio.com.br\\\/?p=331956\"]}]},{\"@type\":\"ImageObject\",\"inLanguage\":\"pt-BR\",\"@id\":\"https:\\\/\\\/blogdofarnesio.com.br\\\/?p=331956#primaryimage\",\"url\":\"https:\\\/\\\/blogdofarnesio.com.br\\\/wp-content\\\/uploads\\\/2023\\\/01\\\/blogqspdaniel...jpg\",\"contentUrl\":\"https:\\\/\\\/blogdofarnesio.com.br\\\/wp-content\\\/uploads\\\/2023\\\/01\\\/blogqspdaniel...jpg\",\"width\":716,\"height\":469},{\"@type\":\"BreadcrumbList\",\"@id\":\"https:\\\/\\\/blogdofarnesio.com.br\\\/?p=331956#breadcrumb\",\"itemListElement\":[{\"@type\":\"ListItem\",\"position\":1,\"name\":\"In\u00edcio\",\"item\":\"https:\\\/\\\/blogdofarnesio.com.br\\\/\"},{\"@type\":\"ListItem\",\"position\":2,\"name\":\"Como foi a primeira noite de Daniel Alves na pris\u00e3o\"}]},{\"@type\":\"WebSite\",\"@id\":\"https:\\\/\\\/blogdofarnesio.com.br\\\/#website\",\"url\":\"https:\\\/\\\/blogdofarnesio.com.br\\\/\",\"name\":\"Blog do Farn\u00e9sio\",\"description\":\"Quer Saber Pol\u00edtica?\",\"publisher\":{\"@id\":\"https:\\\/\\\/blogdofarnesio.com.br\\\/#organization\"},\"potentialAction\":[{\"@type\":\"SearchAction\",\"target\":{\"@type\":\"EntryPoint\",\"urlTemplate\":\"https:\\\/\\\/blogdofarnesio.com.br\\\/?s={search_term_string}\"},\"query-input\":{\"@type\":\"PropertyValueSpecification\",\"valueRequired\":true,\"valueName\":\"search_term_string\"}}],\"inLanguage\":\"pt-BR\"},{\"@type\":\"Organization\",\"@id\":\"https:\\\/\\\/blogdofarnesio.com.br\\\/#organization\",\"name\":\"Blog do Farn\u00e9sio\",\"url\":\"https:\\\/\\\/blogdofarnesio.com.br\\\/\",\"logo\":{\"@type\":\"ImageObject\",\"inLanguage\":\"pt-BR\",\"@id\":\"https:\\\/\\\/blogdofarnesio.com.br\\\/#\\\/schema\\\/logo\\\/image\\\/\",\"url\":\"https:\\\/\\\/blogdofarnesio.com.br\\\/wp-content\\\/uploads\\\/2026\\\/03\\\/cropped-logo_new-1.png\",\"contentUrl\":\"https:\\\/\\\/blogdofarnesio.com.br\\\/wp-content\\\/uploads\\\/2026\\\/03\\\/cropped-logo_new-1.png\",\"width\":881,\"height\":685,\"caption\":\"Blog do Farn\u00e9sio\"},\"image\":{\"@id\":\"https:\\\/\\\/blogdofarnesio.com.br\\\/#\\\/schema\\\/logo\\\/image\\\/\"},\"sameAs\":[\"https:\\\/\\\/www.facebook.com\\\/BlogQuerSaberPolitica\\\/\"]},{\"@type\":\"Person\",\"@id\":\"https:\\\/\\\/blogdofarnesio.com.br\\\/#\\\/schema\\\/person\\\/bb9b23ae3ad0609ce8df7b6c9e76824d\",\"name\":\"Farn\u00e9sio\",\"image\":{\"@type\":\"ImageObject\",\"inLanguage\":\"pt-BR\",\"@id\":\"https:\\\/\\\/secure.gravatar.com\\\/avatar\\\/986aa4c61ccdb66f8555bf88fc2a65609d00bcabd4d2d94377a727547345cbca?s=96&d=mm&r=g\",\"url\":\"https:\\\/\\\/secure.gravatar.com\\\/avatar\\\/986aa4c61ccdb66f8555bf88fc2a65609d00bcabd4d2d94377a727547345cbca?s=96&d=mm&r=g\",\"contentUrl\":\"https:\\\/\\\/secure.gravatar.com\\\/avatar\\\/986aa4c61ccdb66f8555bf88fc2a65609d00bcabd4d2d94377a727547345cbca?s=96&d=mm&r=g\",\"caption\":\"Farn\u00e9sio\"},\"description\":\"Radialista blogueiro, chegou a Petrolina\\\/Juazeiro em setembro de 1980, Farn\u00e9sio Silva \u00e9 de Arapiraca-Alagoas.\",\"sameAs\":[\"http:\\\/\\\/blogdofarnesio.com.br\",\"https:\\\/\\\/www.facebook.com\\\/?ref=tn_tnmn\",\"https:\\\/\\\/www.instagram.com\\\/?utm_source=pwa_homescreen\",\"https:\\\/\\\/youtube.com.br\\\/\"],\"url\":\"https:\\\/\\\/blogdofarnesio.com.br\\\/?author=2\"}]}<\/script>\n<!-- \/ Yoast SEO plugin. -->","yoast_head_json":{"title":"Como foi a primeira noite de Daniel Alves na pris\u00e3o - Blog do Farn\u00e9sio","robots":{"index":"index","follow":"follow","max-snippet":"max-snippet:-1","max-image-preview":"max-image-preview:large","max-video-preview":"max-video-preview:-1"},"canonical":"https:\/\/blogdofarnesio.com.br\/?p=331956","og_locale":"pt_BR","og_type":"article","og_title":"Como foi a primeira noite de Daniel Alves na pris\u00e3o - Blog do Farn\u00e9sio","og_description":"Por O Globo \u2014\u00a0 Daniel Alves foi enviado nesta sexta-feira \u00e0 pris\u00e3o Brians I, cerca de 30km de Barcelona. Preso por uma den\u00fancia de agress\u00e3o sexual, o jogador, segundo fontes ouvidas pelo jornal espanhol \u201cEl Peri\u00f3dico\u201d, permaneceu calado e demonstrou bastante abatimento. Neste s\u00e1bado ele passar\u00e1 por entrevistas e procedimentos burocr\u00e1ticos, que definiram em qual parte da pris\u00e3o ele ser\u00e1 transferido. Contradi\u00e7\u00e3o:\u00a0Daniel Alves muda verso Nesta sexta-feira, Daniel Alves, assim que chegou ao pres\u00eddio, passou pelo procedimento de coleta de impress\u00f5es digitais e fotos, ainda de acordo com o \u201cEl Peri\u00f3dico\u201d. Durante todo o procedimento ele quase n\u00e3o disse nenhuma palavra. Enquanto n\u00e3o \u00e9 destacado para uma \u00e1rea da pris\u00e3o, ele passar\u00e1 seus dias na ala de presos preventivos. Por&hellip;","og_url":"https:\/\/blogdofarnesio.com.br\/?p=331956","og_site_name":"Blog do Farn\u00e9sio","article_publisher":"https:\/\/www.facebook.com\/BlogQuerSaberPolitica\/","article_author":"https:\/\/www.facebook.com\/?ref=tn_tnmn","article_published_time":"2023-01-21T14:30:43+00:00","og_image":[{"width":716,"height":469,"url":"https:\/\/blogdofarnesio.com.br\/wp-content\/uploads\/2023\/01\/blogqspdaniel...jpg","type":"image\/jpeg"}],"author":"Farn\u00e9sio","twitter_card":"summary_large_image","twitter_misc":{"Escrito por":"Farn\u00e9sio","Est. tempo de leitura":"2 minutos"},"schema":{"@context":"https:\/\/schema.org","@graph":[{"@type":"Article","@id":"https:\/\/blogdofarnesio.com.br\/?p=331956#article","isPartOf":{"@id":"https:\/\/blogdofarnesio.com.br\/?p=331956"},"author":{"name":"Farn\u00e9sio","@id":"https:\/\/blogdofarnesio.com.br\/#\/schema\/person\/bb9b23ae3ad0609ce8df7b6c9e76824d"},"headline":"Como foi a primeira noite de Daniel Alves na pris\u00e3o","datePublished":"2023-01-21T14:30:43+00:00","mainEntityOfPage":{"@id":"https:\/\/blogdofarnesio.com.br\/?p=331956"},"wordCount":361,"commentCount":0,"publisher":{"@id":"https:\/\/blogdofarnesio.com.br\/#organization"},"image":{"@id":"https:\/\/blogdofarnesio.com.br\/?p=331956#primaryimage"},"thumbnailUrl":"https:\/\/blogdofarnesio.com.br\/wp-content\/uploads\/2023\/01\/blogqspdaniel...jpg","articleSection":["Justi\u00e7a"],"inLanguage":"pt-BR","potentialAction":[{"@type":"CommentAction","name":"Comment","target":["https:\/\/blogdofarnesio.com.br\/?p=331956#respond"]}]},{"@type":"WebPage","@id":"https:\/\/blogdofarnesio.com.br\/?p=331956","url":"https:\/\/blogdofarnesio.com.br\/?p=331956","name":"Como foi a primeira noite de Daniel Alves na pris\u00e3o - Blog do Farn\u00e9sio","isPartOf":{"@id":"https:\/\/blogdofarnesio.com.br\/#website"},"primaryImageOfPage":{"@id":"https:\/\/blogdofarnesio.com.br\/?p=331956#primaryimage"},"image":{"@id":"https:\/\/blogdofarnesio.com.br\/?p=331956#primaryimage"},"thumbnailUrl":"https:\/\/blogdofarnesio.com.br\/wp-content\/uploads\/2023\/01\/blogqspdaniel...jpg","datePublished":"2023-01-21T14:30:43+00:00","breadcrumb":{"@id":"https:\/\/blogdofarnesio.com.br\/?p=331956#breadcrumb"},"inLanguage":"pt-BR","potentialAction":[{"@type":"ReadAction","target":["https:\/\/blogdofarnesio.com.br\/?p=331956"]}]},{"@type":"ImageObject","inLanguage":"pt-BR","@id":"https:\/\/blogdofarnesio.com.br\/?p=331956#primaryimage","url":"https:\/\/blogdofarnesio.com.br\/wp-content\/uploads\/2023\/01\/blogqspdaniel...jpg","contentUrl":"https:\/\/blogdofarnesio.com.br\/wp-content\/uploads\/2023\/01\/blogqspdaniel...jpg","width":716,"height":469},{"@type":"BreadcrumbList","@id":"https:\/\/blogdofarnesio.com.br\/?p=331956#breadcrumb","itemListElement":[{"@type":"ListItem","position":1,"name":"In\u00edcio","item":"https:\/\/blogdofarnesio.com.br\/"},{"@type":"ListItem","position":2,"name":"Como foi a primeira noite de Daniel Alves na pris\u00e3o"}]},{"@type":"WebSite","@id":"https:\/\/blogdofarnesio.com.br\/#website","url":"https:\/\/blogdofarnesio.com.br\/","name":"Blog do Farn\u00e9sio","description":"Quer Saber Pol\u00edtica?","publisher":{"@id":"https:\/\/blogdofarnesio.com.br\/#organization"},"potentialAction":[{"@type":"SearchAction","target":{"@type":"EntryPoint","urlTemplate":"https:\/\/blogdofarnesio.com.br\/?s={search_term_string}"},"query-input":{"@type":"PropertyValueSpecification","valueRequired":true,"valueName":"search_term_string"}}],"inLanguage":"pt-BR"},{"@type":"Organization","@id":"https:\/\/blogdofarnesio.com.br\/#organization","name":"Blog do Farn\u00e9sio","url":"https:\/\/blogdofarnesio.com.br\/","logo":{"@type":"ImageObject","inLanguage":"pt-BR","@id":"https:\/\/blogdofarnesio.com.br\/#\/schema\/logo\/image\/","url":"https:\/\/blogdofarnesio.com.br\/wp-content\/uploads\/2026\/03\/cropped-logo_new-1.png","contentUrl":"https:\/\/blogdofarnesio.com.br\/wp-content\/uploads\/2026\/03\/cropped-logo_new-1.png","width":881,"height":685,"caption":"Blog do Farn\u00e9sio"},"image":{"@id":"https:\/\/blogdofarnesio.com.br\/#\/schema\/logo\/image\/"},"sameAs":["https:\/\/www.facebook.com\/BlogQuerSaberPolitica\/"]},{"@type":"Person","@id":"https:\/\/blogdofarnesio.com.br\/#\/schema\/person\/bb9b23ae3ad0609ce8df7b6c9e76824d","name":"Farn\u00e9sio","image":{"@type":"ImageObject","inLanguage":"pt-BR","@id":"https:\/\/secure.gravatar.com\/avatar\/986aa4c61ccdb66f8555bf88fc2a65609d00bcabd4d2d94377a727547345cbca?s=96&d=mm&r=g","url":"https:\/\/secure.gravatar.com\/avatar\/986aa4c61ccdb66f8555bf88fc2a65609d00bcabd4d2d94377a727547345cbca?s=96&d=mm&r=g","contentUrl":"https:\/\/secure.gravatar.com\/avatar\/986aa4c61ccdb66f8555bf88fc2a65609d00bcabd4d2d94377a727547345cbca?s=96&d=mm&r=g","caption":"Farn\u00e9sio"},"description":"Radialista blogueiro, chegou a Petrolina\/Juazeiro em setembro de 1980, Farn\u00e9sio Silva \u00e9 de Arapiraca-Alagoas.","sameAs":["http:\/\/blogdofarnesio.com.br","https:\/\/www.facebook.com\/?ref=tn_tnmn","https:\/\/www.instagram.com\/?utm_source=pwa_homescreen","https:\/\/youtube.com.br\/"],"url":"https:\/\/blogdofarnesio.com.br\/?author=2"}]}},"_links":{"self":[{"href":"https:\/\/blogdofarnesio.com.br\/index.php?rest_route=\/wp\/v2\/posts\/331956","targetHints":{"allow":["GET"]}}],"collection":[{"href":"https:\/\/blogdofarnesio.com.br\/index.php?rest_route=\/wp\/v2\/posts"}],"about":[{"href":"https:\/\/blogdofarnesio.com.br\/index.php?rest_route=\/wp\/v2\/types\/post"}],"author":[{"embeddable":true,"href":"https:\/\/blogdofarnesio.com.br\/index.php?rest_route=\/wp\/v2\/users\/2"}],"replies":[{"embeddable":true,"href":"https:\/\/blogdofarnesio.com.br\/index.php?rest_route=%2Fwp%2Fv2%2Fcomments&post=331956"}],"version-history":[{"count":0,"href":"https:\/\/blogdofarnesio.com.br\/index.php?rest_route=\/wp\/v2\/posts\/331956\/revisions"}],"wp:featuredmedia":[{"embeddable":true,"href":"https:\/\/blogdofarnesio.com.br\/index.php?rest_route=\/wp\/v2\/media\/331957"}],"wp:attachment":[{"href":"https:\/\/blogdofarnesio.com.br\/index.php?rest_route=%2Fwp%2Fv2%2Fmedia&parent=331956"}],"wp:term":[{"taxonomy":"category","embeddable":true,"href":"https:\/\/blogdofarnesio.com.br\/index.php?rest_route=%2Fwp%2Fv2%2Fcategories&post=331956"},{"taxonomy":"post_tag","embeddable":true,"href":"https:\/\/blogdofarnesio.com.br\/index.php?rest_route=%2Fwp%2Fv2%2Ftags&post=331956"}],"curies":[{"name":"wp","href":"https:\/\/api.w.org\/{rel}","templated":true}]}}