{"id":331954,"date":"2023-01-21T15:00:52","date_gmt":"2023-01-21T18:00:52","guid":{"rendered":"https:\/\/blogdofarnesio.com.br\/?p=331954"},"modified":"2023-01-21T11:22:49","modified_gmt":"2023-01-21T14:22:49","slug":"governo-de-pernambuco-se-pronuncia-sobre-convocacao-dos-professores-aprovados-em-concurso","status":"publish","type":"post","link":"https:\/\/blogdofarnesio.com.br\/?p=331954","title":{"rendered":"Governo de Pernambuco se pronuncia sobre convoca\u00e7\u00e3o dos professores aprovados em concurso"},"content":{"rendered":"<div class=\"td-post-text-content\">\n<p class=\"texto\">\u00c9 grande a cobran\u00e7a para que o governo de Pernambuco inicie a convoca\u00e7\u00e3o dos 2.907 professores aprovados no concurso p\u00fablico realizado no segundo semestre do ano passado.<\/p>\n<p class=\"texto\">Enquanto a Secretaria Estadual de Educa\u00e7\u00e3o n\u00e3o se posiciona sobre o assunto, a assessoria da vice-governadora Priscila Krause respondeu, nesta sexta-feira (20), questionamento feito pelo\u00a0<strong>JC<\/strong>.<\/p>\n<p class=\"texto\">O<strong>\u00a0JC<\/strong>\u00a0perguntou quando a atual gest\u00e3o planeja iniciar a convoca\u00e7\u00e3o dos professores. O assunto, inclusive,\u00a0<a href=\"https:\/\/jc.ne10.uol.com.br\/colunas\/enem-e-educacao\/2023\/01\/15163482-concurso-da-educacao-secretaria-de-educacao-de-pernambuco-tem-ate-dia-27-para-apresentar-cronograma-de-convocacao-dos-professores-ao-mppe.html\" target=\"_blank\" rel=\"noopener noreferrer\">\u00e9 objeto de um procedimento administrativo instaurado pelo Minist\u00e9rio P\u00fablico Estadual, que deu prazo at\u00e9 dia 27 para apresenta\u00e7\u00e3o de um cronograma.<\/a><\/p>\n<p class=\"texto\">A assessoria de Priscila Krause informou que \u201cos levantamentos est\u00e3o sendo realizados e o assunto \u00e9 uma prioridade\u201d. Disse que o concurso est\u00e1 na pauta das Secretarias de Educa\u00e7\u00e3o e de Administra\u00e7\u00e3o.<\/p>\n<p class=\"texto\">\u201cEst\u00e3o vendo nas GREs (Ger\u00eancias Regionais de Educa\u00e7\u00e3o) lota\u00e7\u00e3o por lota\u00e7\u00e3o dos professores pra saber onde e quais s\u00e3o as vagas mais urgentes para preenchimento. \u00c9 um levantamento de fato, criterioso, t\u00e9cnico e respons\u00e1vel\u201d, explicou a assessoria da vice-governadora.<\/p>\n<p class=\"texto\">Mas a resposta \u00e0 pergunta que os aprovados mais querem saber \u2013 quando come\u00e7a essa convoca\u00e7\u00e3o? \u2013 n\u00e3o existe ainda. \u201cEnquanto os levantamentos n\u00e3o estiverem finalizados, falar da data especificamente infelizmente n\u00e3o d\u00e1\u201d, explicou a assessoria da vice-governadora de Pernambuco.\u00a0<strong>(JC)<\/strong><\/p>\n<\/div>\n","protected":false},"excerpt":{"rendered":"<p>\u00c9 grande a cobran\u00e7a para que o governo de Pernambuco inicie a convoca\u00e7\u00e3o dos 2.907 professores aprovados no concurso p\u00fablico realizado no segundo semestre do ano passado. Enquanto a Secretaria Estadual de Educa\u00e7\u00e3o n\u00e3o se posiciona sobre o assunto, a assessoria da vice-governadora Priscila Krause respondeu, nesta sexta-feira (20), questionamento feito pelo\u00a0JC. O\u00a0JC\u00a0perguntou quando a atual gest\u00e3o planeja iniciar a convoca\u00e7\u00e3o dos professores. O assunto, inclusive,\u00a0\u00e9 objeto de um procedimento administrativo instaurado pelo Minist\u00e9rio P\u00fablico Estadual, que deu prazo at\u00e9 dia 27 para apresenta\u00e7\u00e3o de um cronograma. A assessoria de Priscila Krause informou que \u201cos levantamentos est\u00e3o sendo realizados e o assunto \u00e9 uma prioridade\u201d. Disse que o concurso est\u00e1 na pauta das Secretarias de Educa\u00e7\u00e3o e de Administra\u00e7\u00e3o. \u201cEst\u00e3o&hellip; <\/p>\n","protected":false},"author":2,"featured_media":245889,"comment_status":"open","ping_status":"open","sticky":false,"template":"","format":"standard","meta":{"_acf_changed":false,"footnotes":""},"categories":[31],"tags":[],"class_list":["post-331954","post","type-post","status-publish","format-standard","has-post-thumbnail","hentry","category-concursos"],"acf":[],"yoast_head":"<!-- This site is optimized with the Yoast SEO plugin v27.4 - https:\/\/yoast.com\/product\/yoast-seo-wordpress\/ -->\n<title>Governo de Pernambuco se pronuncia sobre convoca\u00e7\u00e3o dos professores aprovados em concurso - Blog do Farn\u00e9sio<\/title>\n<meta name=\"robots\" content=\"index, follow, max-snippet:-1, max-image-preview:large, max-video-preview:-1\" \/>\n<link rel=\"canonical\" href=\"https:\/\/blogdofarnesio.com.br\/?p=331954\" \/>\n<meta property=\"og:locale\" content=\"pt_BR\" \/>\n<meta property=\"og:type\" content=\"article\" \/>\n<meta property=\"og:title\" content=\"Governo de Pernambuco se pronuncia sobre convoca\u00e7\u00e3o dos professores aprovados em concurso - Blog do Farn\u00e9sio\" \/>\n<meta property=\"og:description\" content=\"\u00c9 grande a cobran\u00e7a para que o governo de Pernambuco inicie a convoca\u00e7\u00e3o dos 2.907 professores aprovados no concurso p\u00fablico realizado no segundo semestre do ano passado. Enquanto a Secretaria Estadual de Educa\u00e7\u00e3o n\u00e3o se posiciona sobre o assunto, a assessoria da vice-governadora Priscila Krause respondeu, nesta sexta-feira (20), questionamento feito pelo\u00a0JC. O\u00a0JC\u00a0perguntou quando a atual gest\u00e3o planeja iniciar a convoca\u00e7\u00e3o dos professores. O assunto, inclusive,\u00a0\u00e9 objeto de um procedimento administrativo instaurado pelo Minist\u00e9rio P\u00fablico Estadual, que deu prazo at\u00e9 dia 27 para apresenta\u00e7\u00e3o de um cronograma. A assessoria de Priscila Krause informou que \u201cos levantamentos est\u00e3o sendo realizados e o assunto \u00e9 uma prioridade\u201d. Disse que o concurso est\u00e1 na pauta das Secretarias de Educa\u00e7\u00e3o e de Administra\u00e7\u00e3o. \u201cEst\u00e3o&hellip;\" \/>\n<meta property=\"og:url\" content=\"https:\/\/blogdofarnesio.com.br\/?p=331954\" \/>\n<meta property=\"og:site_name\" content=\"Blog do Farn\u00e9sio\" \/>\n<meta property=\"article:publisher\" content=\"https:\/\/www.facebook.com\/BlogQuerSaberPolitica\/\" \/>\n<meta property=\"article:author\" content=\"https:\/\/www.facebook.com\/?ref=tn_tnmn\" \/>\n<meta property=\"article:published_time\" content=\"2023-01-21T18:00:52+00:00\" \/>\n<meta property=\"og:image\" content=\"https:\/\/blogdofarnesio.com.br\/wp-content\/uploads\/2019\/12\/blogqspconcursoselecao.jpg\" \/>\n\t<meta property=\"og:image:width\" content=\"400\" \/>\n\t<meta property=\"og:image:height\" content=\"300\" \/>\n\t<meta property=\"og:image:type\" content=\"image\/jpeg\" \/>\n<meta name=\"author\" content=\"Farn\u00e9sio\" \/>\n<meta name=\"twitter:card\" content=\"summary_large_image\" \/>\n<meta name=\"twitter:label1\" content=\"Escrito por\" \/>\n\t<meta name=\"twitter:data1\" content=\"Farn\u00e9sio\" \/>\n\t<meta name=\"twitter:label2\" content=\"Est. tempo de leitura\" \/>\n\t<meta name=\"twitter:data2\" content=\"2 minutos\" \/>\n<script type=\"application\/ld+json\" class=\"yoast-schema-graph\">{\"@context\":\"https:\\\/\\\/schema.org\",\"@graph\":[{\"@type\":\"Article\",\"@id\":\"https:\\\/\\\/blogdofarnesio.com.br\\\/?p=331954#article\",\"isPartOf\":{\"@id\":\"https:\\\/\\\/blogdofarnesio.com.br\\\/?p=331954\"},\"author\":{\"name\":\"Farn\u00e9sio\",\"@id\":\"https:\\\/\\\/blogdofarnesio.com.br\\\/#\\\/schema\\\/person\\\/bb9b23ae3ad0609ce8df7b6c9e76824d\"},\"headline\":\"Governo de Pernambuco se pronuncia sobre convoca\u00e7\u00e3o dos professores aprovados em concurso\",\"datePublished\":\"2023-01-21T18:00:52+00:00\",\"mainEntityOfPage\":{\"@id\":\"https:\\\/\\\/blogdofarnesio.com.br\\\/?p=331954\"},\"wordCount\":232,\"commentCount\":0,\"publisher\":{\"@id\":\"https:\\\/\\\/blogdofarnesio.com.br\\\/#organization\"},\"image\":{\"@id\":\"https:\\\/\\\/blogdofarnesio.com.br\\\/?p=331954#primaryimage\"},\"thumbnailUrl\":\"https:\\\/\\\/blogdofarnesio.com.br\\\/wp-content\\\/uploads\\\/2019\\\/12\\\/blogqspconcursoselecao.jpg\",\"articleSection\":[\"Concursos\"],\"inLanguage\":\"pt-BR\",\"potentialAction\":[{\"@type\":\"CommentAction\",\"name\":\"Comment\",\"target\":[\"https:\\\/\\\/blogdofarnesio.com.br\\\/?p=331954#respond\"]}]},{\"@type\":\"WebPage\",\"@id\":\"https:\\\/\\\/blogdofarnesio.com.br\\\/?p=331954\",\"url\":\"https:\\\/\\\/blogdofarnesio.com.br\\\/?p=331954\",\"name\":\"Governo de Pernambuco se pronuncia sobre convoca\u00e7\u00e3o dos professores aprovados em concurso - Blog do Farn\u00e9sio\",\"isPartOf\":{\"@id\":\"https:\\\/\\\/blogdofarnesio.com.br\\\/#website\"},\"primaryImageOfPage\":{\"@id\":\"https:\\\/\\\/blogdofarnesio.com.br\\\/?p=331954#primaryimage\"},\"image\":{\"@id\":\"https:\\\/\\\/blogdofarnesio.com.br\\\/?p=331954#primaryimage\"},\"thumbnailUrl\":\"https:\\\/\\\/blogdofarnesio.com.br\\\/wp-content\\\/uploads\\\/2019\\\/12\\\/blogqspconcursoselecao.jpg\",\"datePublished\":\"2023-01-21T18:00:52+00:00\",\"breadcrumb\":{\"@id\":\"https:\\\/\\\/blogdofarnesio.com.br\\\/?p=331954#breadcrumb\"},\"inLanguage\":\"pt-BR\",\"potentialAction\":[{\"@type\":\"ReadAction\",\"target\":[\"https:\\\/\\\/blogdofarnesio.com.br\\\/?p=331954\"]}]},{\"@type\":\"ImageObject\",\"inLanguage\":\"pt-BR\",\"@id\":\"https:\\\/\\\/blogdofarnesio.com.br\\\/?p=331954#primaryimage\",\"url\":\"https:\\\/\\\/blogdofarnesio.com.br\\\/wp-content\\\/uploads\\\/2019\\\/12\\\/blogqspconcursoselecao.jpg\",\"contentUrl\":\"https:\\\/\\\/blogdofarnesio.com.br\\\/wp-content\\\/uploads\\\/2019\\\/12\\\/blogqspconcursoselecao.jpg\",\"width\":400,\"height\":300},{\"@type\":\"BreadcrumbList\",\"@id\":\"https:\\\/\\\/blogdofarnesio.com.br\\\/?p=331954#breadcrumb\",\"itemListElement\":[{\"@type\":\"ListItem\",\"position\":1,\"name\":\"In\u00edcio\",\"item\":\"https:\\\/\\\/blogdofarnesio.com.br\\\/\"},{\"@type\":\"ListItem\",\"position\":2,\"name\":\"Governo de Pernambuco se pronuncia sobre convoca\u00e7\u00e3o dos professores aprovados em concurso\"}]},{\"@type\":\"WebSite\",\"@id\":\"https:\\\/\\\/blogdofarnesio.com.br\\\/#website\",\"url\":\"https:\\\/\\\/blogdofarnesio.com.br\\\/\",\"name\":\"Blog do Farn\u00e9sio\",\"description\":\"Quer Saber Pol\u00edtica?\",\"publisher\":{\"@id\":\"https:\\\/\\\/blogdofarnesio.com.br\\\/#organization\"},\"potentialAction\":[{\"@type\":\"SearchAction\",\"target\":{\"@type\":\"EntryPoint\",\"urlTemplate\":\"https:\\\/\\\/blogdofarnesio.com.br\\\/?s={search_term_string}\"},\"query-input\":{\"@type\":\"PropertyValueSpecification\",\"valueRequired\":true,\"valueName\":\"search_term_string\"}}],\"inLanguage\":\"pt-BR\"},{\"@type\":\"Organization\",\"@id\":\"https:\\\/\\\/blogdofarnesio.com.br\\\/#organization\",\"name\":\"Blog do Farn\u00e9sio\",\"url\":\"https:\\\/\\\/blogdofarnesio.com.br\\\/\",\"logo\":{\"@type\":\"ImageObject\",\"inLanguage\":\"pt-BR\",\"@id\":\"https:\\\/\\\/blogdofarnesio.com.br\\\/#\\\/schema\\\/logo\\\/image\\\/\",\"url\":\"https:\\\/\\\/blogdofarnesio.com.br\\\/wp-content\\\/uploads\\\/2026\\\/03\\\/cropped-logo_new-1.png\",\"contentUrl\":\"https:\\\/\\\/blogdofarnesio.com.br\\\/wp-content\\\/uploads\\\/2026\\\/03\\\/cropped-logo_new-1.png\",\"width\":881,\"height\":685,\"caption\":\"Blog do Farn\u00e9sio\"},\"image\":{\"@id\":\"https:\\\/\\\/blogdofarnesio.com.br\\\/#\\\/schema\\\/logo\\\/image\\\/\"},\"sameAs\":[\"https:\\\/\\\/www.facebook.com\\\/BlogQuerSaberPolitica\\\/\"]},{\"@type\":\"Person\",\"@id\":\"https:\\\/\\\/blogdofarnesio.com.br\\\/#\\\/schema\\\/person\\\/bb9b23ae3ad0609ce8df7b6c9e76824d\",\"name\":\"Farn\u00e9sio\",\"image\":{\"@type\":\"ImageObject\",\"inLanguage\":\"pt-BR\",\"@id\":\"https:\\\/\\\/secure.gravatar.com\\\/avatar\\\/986aa4c61ccdb66f8555bf88fc2a65609d00bcabd4d2d94377a727547345cbca?s=96&d=mm&r=g\",\"url\":\"https:\\\/\\\/secure.gravatar.com\\\/avatar\\\/986aa4c61ccdb66f8555bf88fc2a65609d00bcabd4d2d94377a727547345cbca?s=96&d=mm&r=g\",\"contentUrl\":\"https:\\\/\\\/secure.gravatar.com\\\/avatar\\\/986aa4c61ccdb66f8555bf88fc2a65609d00bcabd4d2d94377a727547345cbca?s=96&d=mm&r=g\",\"caption\":\"Farn\u00e9sio\"},\"description\":\"Radialista blogueiro, chegou a Petrolina\\\/Juazeiro em setembro de 1980, Farn\u00e9sio Silva \u00e9 de Arapiraca-Alagoas.\",\"sameAs\":[\"http:\\\/\\\/blogdofarnesio.com.br\",\"https:\\\/\\\/www.facebook.com\\\/?ref=tn_tnmn\",\"https:\\\/\\\/www.instagram.com\\\/?utm_source=pwa_homescreen\",\"https:\\\/\\\/youtube.com.br\\\/\"],\"url\":\"https:\\\/\\\/blogdofarnesio.com.br\\\/?author=2\"}]}<\/script>\n<!-- \/ Yoast SEO plugin. -->","yoast_head_json":{"title":"Governo de Pernambuco se pronuncia sobre convoca\u00e7\u00e3o dos professores aprovados em concurso - Blog do Farn\u00e9sio","robots":{"index":"index","follow":"follow","max-snippet":"max-snippet:-1","max-image-preview":"max-image-preview:large","max-video-preview":"max-video-preview:-1"},"canonical":"https:\/\/blogdofarnesio.com.br\/?p=331954","og_locale":"pt_BR","og_type":"article","og_title":"Governo de Pernambuco se pronuncia sobre convoca\u00e7\u00e3o dos professores aprovados em concurso - Blog do Farn\u00e9sio","og_description":"\u00c9 grande a cobran\u00e7a para que o governo de Pernambuco inicie a convoca\u00e7\u00e3o dos 2.907 professores aprovados no concurso p\u00fablico realizado no segundo semestre do ano passado. Enquanto a Secretaria Estadual de Educa\u00e7\u00e3o n\u00e3o se posiciona sobre o assunto, a assessoria da vice-governadora Priscila Krause respondeu, nesta sexta-feira (20), questionamento feito pelo\u00a0JC. O\u00a0JC\u00a0perguntou quando a atual gest\u00e3o planeja iniciar a convoca\u00e7\u00e3o dos professores. O assunto, inclusive,\u00a0\u00e9 objeto de um procedimento administrativo instaurado pelo Minist\u00e9rio P\u00fablico Estadual, que deu prazo at\u00e9 dia 27 para apresenta\u00e7\u00e3o de um cronograma. A assessoria de Priscila Krause informou que \u201cos levantamentos est\u00e3o sendo realizados e o assunto \u00e9 uma prioridade\u201d. Disse que o concurso est\u00e1 na pauta das Secretarias de Educa\u00e7\u00e3o e de Administra\u00e7\u00e3o. \u201cEst\u00e3o&hellip;","og_url":"https:\/\/blogdofarnesio.com.br\/?p=331954","og_site_name":"Blog do Farn\u00e9sio","article_publisher":"https:\/\/www.facebook.com\/BlogQuerSaberPolitica\/","article_author":"https:\/\/www.facebook.com\/?ref=tn_tnmn","article_published_time":"2023-01-21T18:00:52+00:00","og_image":[{"width":400,"height":300,"url":"https:\/\/blogdofarnesio.com.br\/wp-content\/uploads\/2019\/12\/blogqspconcursoselecao.jpg","type":"image\/jpeg"}],"author":"Farn\u00e9sio","twitter_card":"summary_large_image","twitter_misc":{"Escrito por":"Farn\u00e9sio","Est. tempo de leitura":"2 minutos"},"schema":{"@context":"https:\/\/schema.org","@graph":[{"@type":"Article","@id":"https:\/\/blogdofarnesio.com.br\/?p=331954#article","isPartOf":{"@id":"https:\/\/blogdofarnesio.com.br\/?p=331954"},"author":{"name":"Farn\u00e9sio","@id":"https:\/\/blogdofarnesio.com.br\/#\/schema\/person\/bb9b23ae3ad0609ce8df7b6c9e76824d"},"headline":"Governo de Pernambuco se pronuncia sobre convoca\u00e7\u00e3o dos professores aprovados em concurso","datePublished":"2023-01-21T18:00:52+00:00","mainEntityOfPage":{"@id":"https:\/\/blogdofarnesio.com.br\/?p=331954"},"wordCount":232,"commentCount":0,"publisher":{"@id":"https:\/\/blogdofarnesio.com.br\/#organization"},"image":{"@id":"https:\/\/blogdofarnesio.com.br\/?p=331954#primaryimage"},"thumbnailUrl":"https:\/\/blogdofarnesio.com.br\/wp-content\/uploads\/2019\/12\/blogqspconcursoselecao.jpg","articleSection":["Concursos"],"inLanguage":"pt-BR","potentialAction":[{"@type":"CommentAction","name":"Comment","target":["https:\/\/blogdofarnesio.com.br\/?p=331954#respond"]}]},{"@type":"WebPage","@id":"https:\/\/blogdofarnesio.com.br\/?p=331954","url":"https:\/\/blogdofarnesio.com.br\/?p=331954","name":"Governo de Pernambuco se pronuncia sobre convoca\u00e7\u00e3o dos professores aprovados em concurso - Blog do Farn\u00e9sio","isPartOf":{"@id":"https:\/\/blogdofarnesio.com.br\/#website"},"primaryImageOfPage":{"@id":"https:\/\/blogdofarnesio.com.br\/?p=331954#primaryimage"},"image":{"@id":"https:\/\/blogdofarnesio.com.br\/?p=331954#primaryimage"},"thumbnailUrl":"https:\/\/blogdofarnesio.com.br\/wp-content\/uploads\/2019\/12\/blogqspconcursoselecao.jpg","datePublished":"2023-01-21T18:00:52+00:00","breadcrumb":{"@id":"https:\/\/blogdofarnesio.com.br\/?p=331954#breadcrumb"},"inLanguage":"pt-BR","potentialAction":[{"@type":"ReadAction","target":["https:\/\/blogdofarnesio.com.br\/?p=331954"]}]},{"@type":"ImageObject","inLanguage":"pt-BR","@id":"https:\/\/blogdofarnesio.com.br\/?p=331954#primaryimage","url":"https:\/\/blogdofarnesio.com.br\/wp-content\/uploads\/2019\/12\/blogqspconcursoselecao.jpg","contentUrl":"https:\/\/blogdofarnesio.com.br\/wp-content\/uploads\/2019\/12\/blogqspconcursoselecao.jpg","width":400,"height":300},{"@type":"BreadcrumbList","@id":"https:\/\/blogdofarnesio.com.br\/?p=331954#breadcrumb","itemListElement":[{"@type":"ListItem","position":1,"name":"In\u00edcio","item":"https:\/\/blogdofarnesio.com.br\/"},{"@type":"ListItem","position":2,"name":"Governo de Pernambuco se pronuncia sobre convoca\u00e7\u00e3o dos professores aprovados em concurso"}]},{"@type":"WebSite","@id":"https:\/\/blogdofarnesio.com.br\/#website","url":"https:\/\/blogdofarnesio.com.br\/","name":"Blog do Farn\u00e9sio","description":"Quer Saber Pol\u00edtica?","publisher":{"@id":"https:\/\/blogdofarnesio.com.br\/#organization"},"potentialAction":[{"@type":"SearchAction","target":{"@type":"EntryPoint","urlTemplate":"https:\/\/blogdofarnesio.com.br\/?s={search_term_string}"},"query-input":{"@type":"PropertyValueSpecification","valueRequired":true,"valueName":"search_term_string"}}],"inLanguage":"pt-BR"},{"@type":"Organization","@id":"https:\/\/blogdofarnesio.com.br\/#organization","name":"Blog do Farn\u00e9sio","url":"https:\/\/blogdofarnesio.com.br\/","logo":{"@type":"ImageObject","inLanguage":"pt-BR","@id":"https:\/\/blogdofarnesio.com.br\/#\/schema\/logo\/image\/","url":"https:\/\/blogdofarnesio.com.br\/wp-content\/uploads\/2026\/03\/cropped-logo_new-1.png","contentUrl":"https:\/\/blogdofarnesio.com.br\/wp-content\/uploads\/2026\/03\/cropped-logo_new-1.png","width":881,"height":685,"caption":"Blog do Farn\u00e9sio"},"image":{"@id":"https:\/\/blogdofarnesio.com.br\/#\/schema\/logo\/image\/"},"sameAs":["https:\/\/www.facebook.com\/BlogQuerSaberPolitica\/"]},{"@type":"Person","@id":"https:\/\/blogdofarnesio.com.br\/#\/schema\/person\/bb9b23ae3ad0609ce8df7b6c9e76824d","name":"Farn\u00e9sio","image":{"@type":"ImageObject","inLanguage":"pt-BR","@id":"https:\/\/secure.gravatar.com\/avatar\/986aa4c61ccdb66f8555bf88fc2a65609d00bcabd4d2d94377a727547345cbca?s=96&d=mm&r=g","url":"https:\/\/secure.gravatar.com\/avatar\/986aa4c61ccdb66f8555bf88fc2a65609d00bcabd4d2d94377a727547345cbca?s=96&d=mm&r=g","contentUrl":"https:\/\/secure.gravatar.com\/avatar\/986aa4c61ccdb66f8555bf88fc2a65609d00bcabd4d2d94377a727547345cbca?s=96&d=mm&r=g","caption":"Farn\u00e9sio"},"description":"Radialista blogueiro, chegou a Petrolina\/Juazeiro em setembro de 1980, Farn\u00e9sio Silva \u00e9 de Arapiraca-Alagoas.","sameAs":["http:\/\/blogdofarnesio.com.br","https:\/\/www.facebook.com\/?ref=tn_tnmn","https:\/\/www.instagram.com\/?utm_source=pwa_homescreen","https:\/\/youtube.com.br\/"],"url":"https:\/\/blogdofarnesio.com.br\/?author=2"}]}},"_links":{"self":[{"href":"https:\/\/blogdofarnesio.com.br\/index.php?rest_route=\/wp\/v2\/posts\/331954","targetHints":{"allow":["GET"]}}],"collection":[{"href":"https:\/\/blogdofarnesio.com.br\/index.php?rest_route=\/wp\/v2\/posts"}],"about":[{"href":"https:\/\/blogdofarnesio.com.br\/index.php?rest_route=\/wp\/v2\/types\/post"}],"author":[{"embeddable":true,"href":"https:\/\/blogdofarnesio.com.br\/index.php?rest_route=\/wp\/v2\/users\/2"}],"replies":[{"embeddable":true,"href":"https:\/\/blogdofarnesio.com.br\/index.php?rest_route=%2Fwp%2Fv2%2Fcomments&post=331954"}],"version-history":[{"count":0,"href":"https:\/\/blogdofarnesio.com.br\/index.php?rest_route=\/wp\/v2\/posts\/331954\/revisions"}],"wp:featuredmedia":[{"embeddable":true,"href":"https:\/\/blogdofarnesio.com.br\/index.php?rest_route=\/wp\/v2\/media\/245889"}],"wp:attachment":[{"href":"https:\/\/blogdofarnesio.com.br\/index.php?rest_route=%2Fwp%2Fv2%2Fmedia&parent=331954"}],"wp:term":[{"taxonomy":"category","embeddable":true,"href":"https:\/\/blogdofarnesio.com.br\/index.php?rest_route=%2Fwp%2Fv2%2Fcategories&post=331954"},{"taxonomy":"post_tag","embeddable":true,"href":"https:\/\/blogdofarnesio.com.br\/index.php?rest_route=%2Fwp%2Fv2%2Ftags&post=331954"}],"curies":[{"name":"wp","href":"https:\/\/api.w.org\/{rel}","templated":true}]}}