{"id":331949,"date":"2023-01-21T12:00:36","date_gmt":"2023-01-21T15:00:36","guid":{"rendered":"https:\/\/blogdofarnesio.com.br\/?p=331949"},"modified":"2023-01-21T10:33:45","modified_gmt":"2023-01-21T13:33:45","slug":"comecou-a-corrida-pela-aprefeitura-de-petrolina-para-as-eleicoes-de-2024","status":"publish","type":"post","link":"https:\/\/blogdofarnesio.com.br\/?p=331949","title":{"rendered":"Come\u00e7ou a corrida pela prefeitura de Petrolina, de olho nas elei\u00e7\u00f5es de 2024"},"content":{"rendered":"<p>Considerada a maior cidade do interior de Pernambuco de acordo com dados atualizados do IBGE, ultrapassando Caruaru, Petrolina ter\u00e1 uma elei\u00e7\u00e3o interessante no pr\u00f3ximo ano. Ap\u00f3s quase seis anos de gest\u00e3o de Miguel Coelho, que conquistou expressiva aprova\u00e7\u00e3o ap\u00f3s transformar a cidade, o prefeito Sim\u00e3o Durando assumiu em abril do ano passado com o desafio de manter o elevado ritmo de trabalho de seu antecessor e se cacifar para tentar o segundo mandato. \u00c9 o que relata em sua coluna, o blogueiro Edmar Lyra.<\/p>\n<p><img loading=\"lazy\" decoding=\"async\" class=\"size-full wp-image-113698 jetpack-lazy-image entered jetpack-lazy-image--handled lazyloaded aligncenter\" src=\"https:\/\/i0.wp.com\/www.edmarlyra.com\/wp-content\/uploads\/2023\/01\/8DB6162A-3CDA-4E6C-BB18-1E1908F2F1B8.webp?resize=679%2C452&amp;is-pending-load=1#038;ssl=1\" sizes=\"auto, (max-width: 679px) 100vw, 679px\" srcset=\"https:\/\/i0.wp.com\/www.edmarlyra.com\/wp-content\/uploads\/2023\/01\/8DB6162A-3CDA-4E6C-BB18-1E1908F2F1B8.webp?w=679&amp;ssl=1 679w, https:\/\/i0.wp.com\/www.edmarlyra.com\/wp-content\/uploads\/2023\/01\/8DB6162A-3CDA-4E6C-BB18-1E1908F2F1B8.webp?resize=300%2C200&amp;ssl=1 300w\" alt=\"\" width=\"679\" height=\"452\" data-recalc-dims=\"1\" data-ll-status=\"loaded\" data-lazy-loaded=\"1\" \/>O gestor faz uma administra\u00e7\u00e3o bem-avaliada e conseguiu imprimir uma marca de entregas e a\u00e7\u00f5es. Apesar da boa gest\u00e3o que completar\u00e1 um ano em abril, n\u00e3o se pode menosprezar a for\u00e7a de seus advers\u00e1rios e desconsiderar a possibilidade de segundo turno, uma vez que j\u00e1 em 2020 a cidade j\u00e1 tinha mais de 200 mil eleitores, requisito para a exist\u00eancia de um segundo turno. Naquela ocasi\u00e3o, Miguel e Sim\u00e3o foram eleitos com mais de 76% dos votos v\u00e1lidos num claro reconhecimento aos feitos da gest\u00e3o.<\/p>\n<p><img loading=\"lazy\" decoding=\"async\" class=\"size-medium wp-image-272853 alignleft\" src=\"https:\/\/blogdofarnesio.com.br\/wp-content\/uploads\/2020\/11\/blogqspLUCAS-RAMOS-300x200.jpg\" alt=\"\" width=\"300\" height=\"200\" srcset=\"https:\/\/blogdofarnesio.com.br\/wp-content\/uploads\/2020\/11\/blogqspLUCAS-RAMOS-300x200.jpg 300w, https:\/\/blogdofarnesio.com.br\/wp-content\/uploads\/2020\/11\/blogqspLUCAS-RAMOS-360x240.jpg 360w, https:\/\/blogdofarnesio.com.br\/wp-content\/uploads\/2020\/11\/blogqspLUCAS-RAMOS.jpg 746w\" sizes=\"auto, (max-width: 300px) 100vw, 300px\" \/><img loading=\"lazy\" decoding=\"async\" class=\"alignright size-medium wp-image-192878\" src=\"https:\/\/blogdofarnesio.com.br\/wp-content\/uploads\/2018\/03\/blogqspodacy-amorin-ascom-300x200.jpg\" alt=\"\" width=\"300\" height=\"200\" srcset=\"https:\/\/blogdofarnesio.com.br\/wp-content\/uploads\/2018\/03\/blogqspodacy-amorin-ascom-300x200.jpg 300w, https:\/\/blogdofarnesio.com.br\/wp-content\/uploads\/2018\/03\/blogqspodacy-amorin-ascom-360x240.jpg 360w, https:\/\/blogdofarnesio.com.br\/wp-content\/uploads\/2018\/03\/blogqspodacy-amorin-ascom.jpg 700w\" sizes=\"auto, (max-width: 300px) 100vw, 300px\" \/>Dentre os poss\u00edveis advers\u00e1rios est\u00e3o o deputado federal eleito Lucas Ramos (PSB), que em 2016 perdeu a queda de bra\u00e7o com Miguel, que acabou sendo o nome do partido naquela disputa. O ex-deputado estadual Odacy Amorim (PT), que tamb\u00e9m j\u00e1 foi prefeito de Petrolina surge como uma alternativa para a disputa.<\/p>\n<p><img loading=\"lazy\" decoding=\"async\" class=\"size-medium wp-image-269325 alignleft\" src=\"https:\/\/blogdofarnesio.com.br\/wp-content\/uploads\/2020\/10\/blogqspjulinho-pet-e1602275330188-300x231.jpg\" alt=\"\" width=\"300\" height=\"231\" srcset=\"https:\/\/blogdofarnesio.com.br\/wp-content\/uploads\/2020\/10\/blogqspjulinho-pet-e1602275330188-300x231.jpg 300w, https:\/\/blogdofarnesio.com.br\/wp-content\/uploads\/2020\/10\/blogqspjulinho-pet-e1602275330188-768x590.jpg 768w, https:\/\/blogdofarnesio.com.br\/wp-content\/uploads\/2020\/10\/blogqspjulinho-pet-e1602275330188-360x277.jpg 360w, https:\/\/blogdofarnesio.com.br\/wp-content\/uploads\/2020\/10\/blogqspjulinho-pet-e1602275330188-750x577.jpg 750w, https:\/\/blogdofarnesio.com.br\/wp-content\/uploads\/2020\/10\/blogqspjulinho-pet-e1602275330188.jpg 774w\" sizes=\"auto, (max-width: 300px) 100vw, 300px\" \/>Por fim o jovem advogado Julio Lossio Filho, filho do ex-prefeito Julio Lossio, que disputou as elei\u00e7\u00f5es de 2020 como candidato a prefeito e de 2022 como candidato a deputado estadual, tamb\u00e9m \u00e9 um nome a se considerar<\/p>\n<p>Esses tr\u00eas nomes ter\u00e3o o enorme desafio de evitar que Sim\u00e3o Durando (Uni\u00e3o Brasil) seja reeleito logo no primeiro turno e tentar\u00e3o numa segunda etapa se unir para quebrar a hegemonia do grupo liderado por Miguel Coelho, que poder\u00e1 completar doze anos no comando da cidade em caso de reelei\u00e7\u00e3o de Sim\u00e3o Durando no pr\u00f3ximo ano.<\/p>\n<p><strong>N\u00fameros<\/strong>\u00a0\u2013 O grupo do prefeito Sim\u00e3o Durando teve uma expressiva vota\u00e7\u00e3o dentro de Petrolina em 2022. Candidato a governador, Miguel Coelho obteve 73% dos votos v\u00e1lidos, enquanto Fernando Filho atingiu quase 52 mil votos para federal e Antonio Coelho ficou com quase 43 mil votos para deputado estadual. Tanto Fernando Filho quanto Antonio Coelho tiveram mais do que o dobro dos votos de seus respectivos segundos colocados na cidade.<\/p>\n<p><strong>Advers\u00e1rios<\/strong>\u00a0\u2013 J\u00e1 os advers\u00e1rios do grupo do prefeito ficaram com vota\u00e7\u00f5es bem abaixo, para federal, Lucas Ramos atingiu 20 mil votos, Dulcicleide Amorim, 16 mil e Gonzaga Patriota, 12 mil. J\u00e1 para estadual, Lucinha Mota obteve 17 mil votos, Odacy Amorim, 16 mil e Julio Lossio Filho, 16 mil.<\/p>\n<p><strong>Benefici\u00e1rio<\/strong>\u00a0\u2013 Al\u00e9m de ser filiado ao PSB, Gonzaga Patriota ficou na primeira supl\u00eancia do partido, que poder\u00e1 ter Lucas Ramos na disputa pela prefeitura de Petrolina. Em caso de vit\u00f3ria do socialista, Patriota seria o herdeiro do mandato em Bras\u00edlia, por isso os dois devem caminhar juntos em 2024.<\/p>\n","protected":false},"excerpt":{"rendered":"<p>Considerada a maior cidade do interior de Pernambuco de acordo com dados atualizados do IBGE, ultrapassando Caruaru, Petrolina ter\u00e1 uma elei\u00e7\u00e3o interessante no pr\u00f3ximo ano. Ap\u00f3s quase seis anos de gest\u00e3o de Miguel Coelho, que conquistou expressiva aprova\u00e7\u00e3o ap\u00f3s transformar a cidade, o prefeito Sim\u00e3o Durando assumiu em abril do ano passado com o desafio de manter o elevado ritmo de trabalho de seu antecessor e se cacifar para tentar o segundo mandato. \u00c9 o que relata em sua coluna, o blogueiro Edmar Lyra. O gestor faz uma administra\u00e7\u00e3o bem-avaliada e conseguiu imprimir uma marca de entregas e a\u00e7\u00f5es. Apesar da boa gest\u00e3o que completar\u00e1 um ano em abril, n\u00e3o se pode menosprezar a for\u00e7a de seus advers\u00e1rios e desconsiderar&hellip; <\/p>\n","protected":false},"author":2,"featured_media":327245,"comment_status":"open","ping_status":"open","sticky":false,"template":"","format":"standard","meta":{"_acf_changed":false,"footnotes":""},"categories":[34],"tags":[],"class_list":["post-331949","post","type-post","status-publish","format-standard","has-post-thumbnail","hentry","category-eleicoes"],"acf":[],"yoast_head":"<!-- This site is optimized with the Yoast SEO plugin v27.4 - https:\/\/yoast.com\/product\/yoast-seo-wordpress\/ -->\n<title>Come\u00e7ou a corrida pela prefeitura de Petrolina, de olho nas elei\u00e7\u00f5es de 2024 - Blog do Farn\u00e9sio<\/title>\n<meta name=\"robots\" content=\"index, follow, max-snippet:-1, max-image-preview:large, max-video-preview:-1\" \/>\n<link rel=\"canonical\" href=\"https:\/\/blogdofarnesio.com.br\/?p=331949\" \/>\n<meta property=\"og:locale\" content=\"pt_BR\" \/>\n<meta property=\"og:type\" content=\"article\" \/>\n<meta property=\"og:title\" content=\"Come\u00e7ou a corrida pela prefeitura de Petrolina, de olho nas elei\u00e7\u00f5es de 2024 - Blog do Farn\u00e9sio\" \/>\n<meta property=\"og:description\" content=\"Considerada a maior cidade do interior de Pernambuco de acordo com dados atualizados do IBGE, ultrapassando Caruaru, Petrolina ter\u00e1 uma elei\u00e7\u00e3o interessante no pr\u00f3ximo ano. Ap\u00f3s quase seis anos de gest\u00e3o de Miguel Coelho, que conquistou expressiva aprova\u00e7\u00e3o ap\u00f3s transformar a cidade, o prefeito Sim\u00e3o Durando assumiu em abril do ano passado com o desafio de manter o elevado ritmo de trabalho de seu antecessor e se cacifar para tentar o segundo mandato. \u00c9 o que relata em sua coluna, o blogueiro Edmar Lyra. O gestor faz uma administra\u00e7\u00e3o bem-avaliada e conseguiu imprimir uma marca de entregas e a\u00e7\u00f5es. Apesar da boa gest\u00e3o que completar\u00e1 um ano em abril, n\u00e3o se pode menosprezar a for\u00e7a de seus advers\u00e1rios e desconsiderar&hellip;\" \/>\n<meta property=\"og:url\" content=\"https:\/\/blogdofarnesio.com.br\/?p=331949\" \/>\n<meta property=\"og:site_name\" content=\"Blog do Farn\u00e9sio\" \/>\n<meta property=\"article:publisher\" content=\"https:\/\/www.facebook.com\/BlogQuerSaberPolitica\/\" \/>\n<meta property=\"article:author\" content=\"https:\/\/www.facebook.com\/?ref=tn_tnmn\" \/>\n<meta property=\"article:published_time\" content=\"2023-01-21T15:00:36+00:00\" \/>\n<meta property=\"og:image\" content=\"https:\/\/blogdofarnesio.com.br\/wp-content\/uploads\/2022\/11\/blogqsppet-simao.jpg\" \/>\n\t<meta property=\"og:image:width\" content=\"621\" \/>\n\t<meta property=\"og:image:height\" content=\"412\" \/>\n\t<meta property=\"og:image:type\" content=\"image\/jpeg\" \/>\n<meta name=\"author\" content=\"Farn\u00e9sio\" \/>\n<meta name=\"twitter:card\" content=\"summary_large_image\" \/>\n<meta name=\"twitter:label1\" content=\"Escrito por\" \/>\n\t<meta name=\"twitter:data1\" content=\"Farn\u00e9sio\" \/>\n\t<meta name=\"twitter:label2\" content=\"Est. tempo de leitura\" \/>\n\t<meta name=\"twitter:data2\" content=\"4 minutos\" \/>\n<script type=\"application\/ld+json\" class=\"yoast-schema-graph\">{\"@context\":\"https:\\\/\\\/schema.org\",\"@graph\":[{\"@type\":\"Article\",\"@id\":\"https:\\\/\\\/blogdofarnesio.com.br\\\/?p=331949#article\",\"isPartOf\":{\"@id\":\"https:\\\/\\\/blogdofarnesio.com.br\\\/?p=331949\"},\"author\":{\"name\":\"Farn\u00e9sio\",\"@id\":\"https:\\\/\\\/blogdofarnesio.com.br\\\/#\\\/schema\\\/person\\\/bb9b23ae3ad0609ce8df7b6c9e76824d\"},\"headline\":\"Come\u00e7ou a corrida pela prefeitura de Petrolina, de olho nas elei\u00e7\u00f5es de 2024\",\"datePublished\":\"2023-01-21T15:00:36+00:00\",\"mainEntityOfPage\":{\"@id\":\"https:\\\/\\\/blogdofarnesio.com.br\\\/?p=331949\"},\"wordCount\":521,\"commentCount\":0,\"publisher\":{\"@id\":\"https:\\\/\\\/blogdofarnesio.com.br\\\/#organization\"},\"image\":{\"@id\":\"https:\\\/\\\/blogdofarnesio.com.br\\\/?p=331949#primaryimage\"},\"thumbnailUrl\":\"https:\\\/\\\/blogdofarnesio.com.br\\\/wp-content\\\/uploads\\\/2022\\\/11\\\/blogqsppet-simao.jpg\",\"articleSection\":[\"Elei\u00e7\u00f5es\"],\"inLanguage\":\"pt-BR\",\"potentialAction\":[{\"@type\":\"CommentAction\",\"name\":\"Comment\",\"target\":[\"https:\\\/\\\/blogdofarnesio.com.br\\\/?p=331949#respond\"]}]},{\"@type\":\"WebPage\",\"@id\":\"https:\\\/\\\/blogdofarnesio.com.br\\\/?p=331949\",\"url\":\"https:\\\/\\\/blogdofarnesio.com.br\\\/?p=331949\",\"name\":\"Come\u00e7ou a corrida pela prefeitura de Petrolina, de olho nas elei\u00e7\u00f5es de 2024 - Blog do Farn\u00e9sio\",\"isPartOf\":{\"@id\":\"https:\\\/\\\/blogdofarnesio.com.br\\\/#website\"},\"primaryImageOfPage\":{\"@id\":\"https:\\\/\\\/blogdofarnesio.com.br\\\/?p=331949#primaryimage\"},\"image\":{\"@id\":\"https:\\\/\\\/blogdofarnesio.com.br\\\/?p=331949#primaryimage\"},\"thumbnailUrl\":\"https:\\\/\\\/blogdofarnesio.com.br\\\/wp-content\\\/uploads\\\/2022\\\/11\\\/blogqsppet-simao.jpg\",\"datePublished\":\"2023-01-21T15:00:36+00:00\",\"breadcrumb\":{\"@id\":\"https:\\\/\\\/blogdofarnesio.com.br\\\/?p=331949#breadcrumb\"},\"inLanguage\":\"pt-BR\",\"potentialAction\":[{\"@type\":\"ReadAction\",\"target\":[\"https:\\\/\\\/blogdofarnesio.com.br\\\/?p=331949\"]}]},{\"@type\":\"ImageObject\",\"inLanguage\":\"pt-BR\",\"@id\":\"https:\\\/\\\/blogdofarnesio.com.br\\\/?p=331949#primaryimage\",\"url\":\"https:\\\/\\\/blogdofarnesio.com.br\\\/wp-content\\\/uploads\\\/2022\\\/11\\\/blogqsppet-simao.jpg\",\"contentUrl\":\"https:\\\/\\\/blogdofarnesio.com.br\\\/wp-content\\\/uploads\\\/2022\\\/11\\\/blogqsppet-simao.jpg\",\"width\":621,\"height\":412},{\"@type\":\"BreadcrumbList\",\"@id\":\"https:\\\/\\\/blogdofarnesio.com.br\\\/?p=331949#breadcrumb\",\"itemListElement\":[{\"@type\":\"ListItem\",\"position\":1,\"name\":\"In\u00edcio\",\"item\":\"https:\\\/\\\/blogdofarnesio.com.br\\\/\"},{\"@type\":\"ListItem\",\"position\":2,\"name\":\"Come\u00e7ou a corrida pela prefeitura de Petrolina, de olho nas elei\u00e7\u00f5es de 2024\"}]},{\"@type\":\"WebSite\",\"@id\":\"https:\\\/\\\/blogdofarnesio.com.br\\\/#website\",\"url\":\"https:\\\/\\\/blogdofarnesio.com.br\\\/\",\"name\":\"Blog do Farn\u00e9sio\",\"description\":\"Quer Saber Pol\u00edtica?\",\"publisher\":{\"@id\":\"https:\\\/\\\/blogdofarnesio.com.br\\\/#organization\"},\"potentialAction\":[{\"@type\":\"SearchAction\",\"target\":{\"@type\":\"EntryPoint\",\"urlTemplate\":\"https:\\\/\\\/blogdofarnesio.com.br\\\/?s={search_term_string}\"},\"query-input\":{\"@type\":\"PropertyValueSpecification\",\"valueRequired\":true,\"valueName\":\"search_term_string\"}}],\"inLanguage\":\"pt-BR\"},{\"@type\":\"Organization\",\"@id\":\"https:\\\/\\\/blogdofarnesio.com.br\\\/#organization\",\"name\":\"Blog do Farn\u00e9sio\",\"url\":\"https:\\\/\\\/blogdofarnesio.com.br\\\/\",\"logo\":{\"@type\":\"ImageObject\",\"inLanguage\":\"pt-BR\",\"@id\":\"https:\\\/\\\/blogdofarnesio.com.br\\\/#\\\/schema\\\/logo\\\/image\\\/\",\"url\":\"https:\\\/\\\/blogdofarnesio.com.br\\\/wp-content\\\/uploads\\\/2026\\\/03\\\/cropped-logo_new-1.png\",\"contentUrl\":\"https:\\\/\\\/blogdofarnesio.com.br\\\/wp-content\\\/uploads\\\/2026\\\/03\\\/cropped-logo_new-1.png\",\"width\":881,\"height\":685,\"caption\":\"Blog do Farn\u00e9sio\"},\"image\":{\"@id\":\"https:\\\/\\\/blogdofarnesio.com.br\\\/#\\\/schema\\\/logo\\\/image\\\/\"},\"sameAs\":[\"https:\\\/\\\/www.facebook.com\\\/BlogQuerSaberPolitica\\\/\"]},{\"@type\":\"Person\",\"@id\":\"https:\\\/\\\/blogdofarnesio.com.br\\\/#\\\/schema\\\/person\\\/bb9b23ae3ad0609ce8df7b6c9e76824d\",\"name\":\"Farn\u00e9sio\",\"image\":{\"@type\":\"ImageObject\",\"inLanguage\":\"pt-BR\",\"@id\":\"https:\\\/\\\/secure.gravatar.com\\\/avatar\\\/986aa4c61ccdb66f8555bf88fc2a65609d00bcabd4d2d94377a727547345cbca?s=96&d=mm&r=g\",\"url\":\"https:\\\/\\\/secure.gravatar.com\\\/avatar\\\/986aa4c61ccdb66f8555bf88fc2a65609d00bcabd4d2d94377a727547345cbca?s=96&d=mm&r=g\",\"contentUrl\":\"https:\\\/\\\/secure.gravatar.com\\\/avatar\\\/986aa4c61ccdb66f8555bf88fc2a65609d00bcabd4d2d94377a727547345cbca?s=96&d=mm&r=g\",\"caption\":\"Farn\u00e9sio\"},\"description\":\"Radialista blogueiro, chegou a Petrolina\\\/Juazeiro em setembro de 1980, Farn\u00e9sio Silva \u00e9 de Arapiraca-Alagoas.\",\"sameAs\":[\"http:\\\/\\\/blogdofarnesio.com.br\",\"https:\\\/\\\/www.facebook.com\\\/?ref=tn_tnmn\",\"https:\\\/\\\/www.instagram.com\\\/?utm_source=pwa_homescreen\",\"https:\\\/\\\/youtube.com.br\\\/\"],\"url\":\"https:\\\/\\\/blogdofarnesio.com.br\\\/?author=2\"}]}<\/script>\n<!-- \/ Yoast SEO plugin. -->","yoast_head_json":{"title":"Come\u00e7ou a corrida pela prefeitura de Petrolina, de olho nas elei\u00e7\u00f5es de 2024 - Blog do Farn\u00e9sio","robots":{"index":"index","follow":"follow","max-snippet":"max-snippet:-1","max-image-preview":"max-image-preview:large","max-video-preview":"max-video-preview:-1"},"canonical":"https:\/\/blogdofarnesio.com.br\/?p=331949","og_locale":"pt_BR","og_type":"article","og_title":"Come\u00e7ou a corrida pela prefeitura de Petrolina, de olho nas elei\u00e7\u00f5es de 2024 - Blog do Farn\u00e9sio","og_description":"Considerada a maior cidade do interior de Pernambuco de acordo com dados atualizados do IBGE, ultrapassando Caruaru, Petrolina ter\u00e1 uma elei\u00e7\u00e3o interessante no pr\u00f3ximo ano. Ap\u00f3s quase seis anos de gest\u00e3o de Miguel Coelho, que conquistou expressiva aprova\u00e7\u00e3o ap\u00f3s transformar a cidade, o prefeito Sim\u00e3o Durando assumiu em abril do ano passado com o desafio de manter o elevado ritmo de trabalho de seu antecessor e se cacifar para tentar o segundo mandato. \u00c9 o que relata em sua coluna, o blogueiro Edmar Lyra. O gestor faz uma administra\u00e7\u00e3o bem-avaliada e conseguiu imprimir uma marca de entregas e a\u00e7\u00f5es. Apesar da boa gest\u00e3o que completar\u00e1 um ano em abril, n\u00e3o se pode menosprezar a for\u00e7a de seus advers\u00e1rios e desconsiderar&hellip;","og_url":"https:\/\/blogdofarnesio.com.br\/?p=331949","og_site_name":"Blog do Farn\u00e9sio","article_publisher":"https:\/\/www.facebook.com\/BlogQuerSaberPolitica\/","article_author":"https:\/\/www.facebook.com\/?ref=tn_tnmn","article_published_time":"2023-01-21T15:00:36+00:00","og_image":[{"width":621,"height":412,"url":"https:\/\/blogdofarnesio.com.br\/wp-content\/uploads\/2022\/11\/blogqsppet-simao.jpg","type":"image\/jpeg"}],"author":"Farn\u00e9sio","twitter_card":"summary_large_image","twitter_misc":{"Escrito por":"Farn\u00e9sio","Est. tempo de leitura":"4 minutos"},"schema":{"@context":"https:\/\/schema.org","@graph":[{"@type":"Article","@id":"https:\/\/blogdofarnesio.com.br\/?p=331949#article","isPartOf":{"@id":"https:\/\/blogdofarnesio.com.br\/?p=331949"},"author":{"name":"Farn\u00e9sio","@id":"https:\/\/blogdofarnesio.com.br\/#\/schema\/person\/bb9b23ae3ad0609ce8df7b6c9e76824d"},"headline":"Come\u00e7ou a corrida pela prefeitura de Petrolina, de olho nas elei\u00e7\u00f5es de 2024","datePublished":"2023-01-21T15:00:36+00:00","mainEntityOfPage":{"@id":"https:\/\/blogdofarnesio.com.br\/?p=331949"},"wordCount":521,"commentCount":0,"publisher":{"@id":"https:\/\/blogdofarnesio.com.br\/#organization"},"image":{"@id":"https:\/\/blogdofarnesio.com.br\/?p=331949#primaryimage"},"thumbnailUrl":"https:\/\/blogdofarnesio.com.br\/wp-content\/uploads\/2022\/11\/blogqsppet-simao.jpg","articleSection":["Elei\u00e7\u00f5es"],"inLanguage":"pt-BR","potentialAction":[{"@type":"CommentAction","name":"Comment","target":["https:\/\/blogdofarnesio.com.br\/?p=331949#respond"]}]},{"@type":"WebPage","@id":"https:\/\/blogdofarnesio.com.br\/?p=331949","url":"https:\/\/blogdofarnesio.com.br\/?p=331949","name":"Come\u00e7ou a corrida pela prefeitura de Petrolina, de olho nas elei\u00e7\u00f5es de 2024 - Blog do Farn\u00e9sio","isPartOf":{"@id":"https:\/\/blogdofarnesio.com.br\/#website"},"primaryImageOfPage":{"@id":"https:\/\/blogdofarnesio.com.br\/?p=331949#primaryimage"},"image":{"@id":"https:\/\/blogdofarnesio.com.br\/?p=331949#primaryimage"},"thumbnailUrl":"https:\/\/blogdofarnesio.com.br\/wp-content\/uploads\/2022\/11\/blogqsppet-simao.jpg","datePublished":"2023-01-21T15:00:36+00:00","breadcrumb":{"@id":"https:\/\/blogdofarnesio.com.br\/?p=331949#breadcrumb"},"inLanguage":"pt-BR","potentialAction":[{"@type":"ReadAction","target":["https:\/\/blogdofarnesio.com.br\/?p=331949"]}]},{"@type":"ImageObject","inLanguage":"pt-BR","@id":"https:\/\/blogdofarnesio.com.br\/?p=331949#primaryimage","url":"https:\/\/blogdofarnesio.com.br\/wp-content\/uploads\/2022\/11\/blogqsppet-simao.jpg","contentUrl":"https:\/\/blogdofarnesio.com.br\/wp-content\/uploads\/2022\/11\/blogqsppet-simao.jpg","width":621,"height":412},{"@type":"BreadcrumbList","@id":"https:\/\/blogdofarnesio.com.br\/?p=331949#breadcrumb","itemListElement":[{"@type":"ListItem","position":1,"name":"In\u00edcio","item":"https:\/\/blogdofarnesio.com.br\/"},{"@type":"ListItem","position":2,"name":"Come\u00e7ou a corrida pela prefeitura de Petrolina, de olho nas elei\u00e7\u00f5es de 2024"}]},{"@type":"WebSite","@id":"https:\/\/blogdofarnesio.com.br\/#website","url":"https:\/\/blogdofarnesio.com.br\/","name":"Blog do Farn\u00e9sio","description":"Quer Saber Pol\u00edtica?","publisher":{"@id":"https:\/\/blogdofarnesio.com.br\/#organization"},"potentialAction":[{"@type":"SearchAction","target":{"@type":"EntryPoint","urlTemplate":"https:\/\/blogdofarnesio.com.br\/?s={search_term_string}"},"query-input":{"@type":"PropertyValueSpecification","valueRequired":true,"valueName":"search_term_string"}}],"inLanguage":"pt-BR"},{"@type":"Organization","@id":"https:\/\/blogdofarnesio.com.br\/#organization","name":"Blog do Farn\u00e9sio","url":"https:\/\/blogdofarnesio.com.br\/","logo":{"@type":"ImageObject","inLanguage":"pt-BR","@id":"https:\/\/blogdofarnesio.com.br\/#\/schema\/logo\/image\/","url":"https:\/\/blogdofarnesio.com.br\/wp-content\/uploads\/2026\/03\/cropped-logo_new-1.png","contentUrl":"https:\/\/blogdofarnesio.com.br\/wp-content\/uploads\/2026\/03\/cropped-logo_new-1.png","width":881,"height":685,"caption":"Blog do Farn\u00e9sio"},"image":{"@id":"https:\/\/blogdofarnesio.com.br\/#\/schema\/logo\/image\/"},"sameAs":["https:\/\/www.facebook.com\/BlogQuerSaberPolitica\/"]},{"@type":"Person","@id":"https:\/\/blogdofarnesio.com.br\/#\/schema\/person\/bb9b23ae3ad0609ce8df7b6c9e76824d","name":"Farn\u00e9sio","image":{"@type":"ImageObject","inLanguage":"pt-BR","@id":"https:\/\/secure.gravatar.com\/avatar\/986aa4c61ccdb66f8555bf88fc2a65609d00bcabd4d2d94377a727547345cbca?s=96&d=mm&r=g","url":"https:\/\/secure.gravatar.com\/avatar\/986aa4c61ccdb66f8555bf88fc2a65609d00bcabd4d2d94377a727547345cbca?s=96&d=mm&r=g","contentUrl":"https:\/\/secure.gravatar.com\/avatar\/986aa4c61ccdb66f8555bf88fc2a65609d00bcabd4d2d94377a727547345cbca?s=96&d=mm&r=g","caption":"Farn\u00e9sio"},"description":"Radialista blogueiro, chegou a Petrolina\/Juazeiro em setembro de 1980, Farn\u00e9sio Silva \u00e9 de Arapiraca-Alagoas.","sameAs":["http:\/\/blogdofarnesio.com.br","https:\/\/www.facebook.com\/?ref=tn_tnmn","https:\/\/www.instagram.com\/?utm_source=pwa_homescreen","https:\/\/youtube.com.br\/"],"url":"https:\/\/blogdofarnesio.com.br\/?author=2"}]}},"_links":{"self":[{"href":"https:\/\/blogdofarnesio.com.br\/index.php?rest_route=\/wp\/v2\/posts\/331949","targetHints":{"allow":["GET"]}}],"collection":[{"href":"https:\/\/blogdofarnesio.com.br\/index.php?rest_route=\/wp\/v2\/posts"}],"about":[{"href":"https:\/\/blogdofarnesio.com.br\/index.php?rest_route=\/wp\/v2\/types\/post"}],"author":[{"embeddable":true,"href":"https:\/\/blogdofarnesio.com.br\/index.php?rest_route=\/wp\/v2\/users\/2"}],"replies":[{"embeddable":true,"href":"https:\/\/blogdofarnesio.com.br\/index.php?rest_route=%2Fwp%2Fv2%2Fcomments&post=331949"}],"version-history":[{"count":0,"href":"https:\/\/blogdofarnesio.com.br\/index.php?rest_route=\/wp\/v2\/posts\/331949\/revisions"}],"wp:featuredmedia":[{"embeddable":true,"href":"https:\/\/blogdofarnesio.com.br\/index.php?rest_route=\/wp\/v2\/media\/327245"}],"wp:attachment":[{"href":"https:\/\/blogdofarnesio.com.br\/index.php?rest_route=%2Fwp%2Fv2%2Fmedia&parent=331949"}],"wp:term":[{"taxonomy":"category","embeddable":true,"href":"https:\/\/blogdofarnesio.com.br\/index.php?rest_route=%2Fwp%2Fv2%2Fcategories&post=331949"},{"taxonomy":"post_tag","embeddable":true,"href":"https:\/\/blogdofarnesio.com.br\/index.php?rest_route=%2Fwp%2Fv2%2Ftags&post=331949"}],"curies":[{"name":"wp","href":"https:\/\/api.w.org\/{rel}","templated":true}]}}