{"id":331862,"date":"2023-01-20T07:00:18","date_gmt":"2023-01-20T10:00:18","guid":{"rendered":"https:\/\/blogdofarnesio.com.br\/?p=331862"},"modified":"2023-01-19T19:18:26","modified_gmt":"2023-01-19T22:18:26","slug":"o-centro-mais-54-bairros-de-petrolina-terao-abastecimento-suspenso-nesta-sexta-feira","status":"publish","type":"post","link":"https:\/\/blogdofarnesio.com.br\/?p=331862","title":{"rendered":"O centro mais 54 bairros de Petrolina ter\u00e3o abastecimento suspenso nesta sexta feira"},"content":{"rendered":"<p>A Compesa informa que nesta sexta-feira (20) devido aos servi\u00e7os de manuten\u00e7\u00e3o preventiva nos sistemas el\u00e9tricos da ETA Petrolina-PE v\u00e1rios bairros ficar\u00e3o sem \u00e1gua das 08h00 \u00e0s 17h00.<\/p>\n<p><strong>Confira os bairros:<\/strong><\/p>\n<p>Areia Branca, Terras Do Sul, Vila Das Imbiras, Vila D\u00e9bora, Gercino Coelho, Ouro Preto, Dom Malan, S\u00e3o Jos\u00e9, Dom Avelar, Vila Eduardo, Vale Dourado, Mandacaru, Jardim Amazonas, Km 2, Maria Auxiliadora, Vila Moc\u00f3, Novo Horizonte, Vila Eul\u00e1lia, Cidade Universit\u00e1ria, Alto do Cocar, S\u00e3o Jorge, Caminho Do Sol, Vila dos Ing\u00e1s, Jos\u00e9 e Maria, Vale do Grande Rio, S\u00e3o Joaquim, Centro, Jardim S\u00e3o Paulo, Quati, Santa Luzia, Pedro Raimundo, Ant\u00f4nio Cassimiro, Henrique Leite, Jardim Maravilha, Vila Marcela, Pedra Linda, Loteamento Nossa Senhora Rainha dos Anjos, Vitivinicola, Jatob\u00e1, Carneiros, Condom\u00ednio Agua Viva, Condom\u00ednio Portal das \u00c1guas, Loteamento Arco \u00cdris, Loteamento Recife, Loteamento Padre Cicero, Monsenhor Bernardino, Loteamento Santa B\u00e1rbara, Vivendas L E II, Buona Vita, Novo Tempo, Vila Esperan\u00e7a, Condom\u00ednio Mais Viver, Mas Viver Vinhedos.<\/p>\n","protected":false},"excerpt":{"rendered":"<p>A Compesa informa que nesta sexta-feira (20) devido aos servi\u00e7os de manuten\u00e7\u00e3o preventiva nos sistemas el\u00e9tricos da ETA Petrolina-PE v\u00e1rios bairros ficar\u00e3o sem \u00e1gua das 08h00 \u00e0s 17h00. Confira os bairros: Areia Branca, Terras Do Sul, Vila Das Imbiras, Vila D\u00e9bora, Gercino Coelho, Ouro Preto, Dom Malan, S\u00e3o Jos\u00e9, Dom Avelar, Vila Eduardo, Vale Dourado, Mandacaru, Jardim Amazonas, Km 2, Maria Auxiliadora, Vila Moc\u00f3, Novo Horizonte, Vila Eul\u00e1lia, Cidade Universit\u00e1ria, Alto do Cocar, S\u00e3o Jorge, Caminho Do Sol, Vila dos Ing\u00e1s, Jos\u00e9 e Maria, Vale do Grande Rio, S\u00e3o Joaquim, Centro, Jardim S\u00e3o Paulo, Quati, Santa Luzia, Pedro Raimundo, Ant\u00f4nio Cassimiro, Henrique Leite, Jardim Maravilha, Vila Marcela, Pedra Linda, Loteamento Nossa Senhora Rainha dos Anjos, Vitivinicola, Jatob\u00e1, Carneiros, Condom\u00ednio Agua&hellip; <\/p>\n","protected":false},"author":2,"featured_media":269553,"comment_status":"open","ping_status":"open","sticky":false,"template":"","format":"standard","meta":{"_acf_changed":false,"footnotes":""},"categories":[56],"tags":[],"class_list":["post-331862","post","type-post","status-publish","format-standard","has-post-thumbnail","hentry","category-agua"],"acf":[],"yoast_head":"<!-- This site is optimized with the Yoast SEO plugin v27.4 - https:\/\/yoast.com\/product\/yoast-seo-wordpress\/ -->\n<title>O centro mais 54 bairros de Petrolina ter\u00e3o abastecimento suspenso nesta sexta feira - Blog do Farn\u00e9sio<\/title>\n<meta name=\"robots\" content=\"index, follow, max-snippet:-1, max-image-preview:large, max-video-preview:-1\" \/>\n<link rel=\"canonical\" href=\"https:\/\/blogdofarnesio.com.br\/?p=331862\" \/>\n<meta property=\"og:locale\" content=\"pt_BR\" \/>\n<meta property=\"og:type\" content=\"article\" \/>\n<meta property=\"og:title\" content=\"O centro mais 54 bairros de Petrolina ter\u00e3o abastecimento suspenso nesta sexta feira - Blog do Farn\u00e9sio\" \/>\n<meta property=\"og:description\" content=\"A Compesa informa que nesta sexta-feira (20) devido aos servi\u00e7os de manuten\u00e7\u00e3o preventiva nos sistemas el\u00e9tricos da ETA Petrolina-PE v\u00e1rios bairros ficar\u00e3o sem \u00e1gua das 08h00 \u00e0s 17h00. Confira os bairros: Areia Branca, Terras Do Sul, Vila Das Imbiras, Vila D\u00e9bora, Gercino Coelho, Ouro Preto, Dom Malan, S\u00e3o Jos\u00e9, Dom Avelar, Vila Eduardo, Vale Dourado, Mandacaru, Jardim Amazonas, Km 2, Maria Auxiliadora, Vila Moc\u00f3, Novo Horizonte, Vila Eul\u00e1lia, Cidade Universit\u00e1ria, Alto do Cocar, S\u00e3o Jorge, Caminho Do Sol, Vila dos Ing\u00e1s, Jos\u00e9 e Maria, Vale do Grande Rio, S\u00e3o Joaquim, Centro, Jardim S\u00e3o Paulo, Quati, Santa Luzia, Pedro Raimundo, Ant\u00f4nio Cassimiro, Henrique Leite, Jardim Maravilha, Vila Marcela, Pedra Linda, Loteamento Nossa Senhora Rainha dos Anjos, Vitivinicola, Jatob\u00e1, Carneiros, Condom\u00ednio Agua&hellip;\" \/>\n<meta property=\"og:url\" content=\"https:\/\/blogdofarnesio.com.br\/?p=331862\" \/>\n<meta property=\"og:site_name\" content=\"Blog do Farn\u00e9sio\" \/>\n<meta property=\"article:publisher\" content=\"https:\/\/www.facebook.com\/BlogQuerSaberPolitica\/\" \/>\n<meta property=\"article:author\" content=\"https:\/\/www.facebook.com\/?ref=tn_tnmn\" \/>\n<meta property=\"article:published_time\" content=\"2023-01-20T10:00:18+00:00\" \/>\n<meta property=\"og:image\" content=\"https:\/\/blogdofarnesio.com.br\/wp-content\/uploads\/2020\/10\/blogqspcompesa-saae.jpg\" \/>\n\t<meta property=\"og:image:width\" content=\"366\" \/>\n\t<meta property=\"og:image:height\" content=\"287\" \/>\n\t<meta property=\"og:image:type\" content=\"image\/jpeg\" \/>\n<meta name=\"author\" content=\"Farn\u00e9sio\" \/>\n<meta name=\"twitter:card\" content=\"summary_large_image\" \/>\n<meta name=\"twitter:label1\" content=\"Escrito por\" \/>\n\t<meta name=\"twitter:data1\" content=\"Farn\u00e9sio\" \/>\n\t<meta name=\"twitter:label2\" content=\"Est. tempo de leitura\" \/>\n\t<meta name=\"twitter:data2\" content=\"1 minuto\" \/>\n<script type=\"application\/ld+json\" class=\"yoast-schema-graph\">{\"@context\":\"https:\\\/\\\/schema.org\",\"@graph\":[{\"@type\":\"Article\",\"@id\":\"https:\\\/\\\/blogdofarnesio.com.br\\\/?p=331862#article\",\"isPartOf\":{\"@id\":\"https:\\\/\\\/blogdofarnesio.com.br\\\/?p=331862\"},\"author\":{\"name\":\"Farn\u00e9sio\",\"@id\":\"https:\\\/\\\/blogdofarnesio.com.br\\\/#\\\/schema\\\/person\\\/bb9b23ae3ad0609ce8df7b6c9e76824d\"},\"headline\":\"O centro mais 54 bairros de Petrolina ter\u00e3o abastecimento suspenso nesta sexta feira\",\"datePublished\":\"2023-01-20T10:00:18+00:00\",\"mainEntityOfPage\":{\"@id\":\"https:\\\/\\\/blogdofarnesio.com.br\\\/?p=331862\"},\"wordCount\":184,\"commentCount\":0,\"publisher\":{\"@id\":\"https:\\\/\\\/blogdofarnesio.com.br\\\/#organization\"},\"image\":{\"@id\":\"https:\\\/\\\/blogdofarnesio.com.br\\\/?p=331862#primaryimage\"},\"thumbnailUrl\":\"https:\\\/\\\/blogdofarnesio.com.br\\\/wp-content\\\/uploads\\\/2020\\\/10\\\/blogqspcompesa-saae.jpg\",\"articleSection\":[\"\u00c1gua\"],\"inLanguage\":\"pt-BR\",\"potentialAction\":[{\"@type\":\"CommentAction\",\"name\":\"Comment\",\"target\":[\"https:\\\/\\\/blogdofarnesio.com.br\\\/?p=331862#respond\"]}]},{\"@type\":\"WebPage\",\"@id\":\"https:\\\/\\\/blogdofarnesio.com.br\\\/?p=331862\",\"url\":\"https:\\\/\\\/blogdofarnesio.com.br\\\/?p=331862\",\"name\":\"O centro mais 54 bairros de Petrolina ter\u00e3o abastecimento suspenso nesta sexta feira - Blog do Farn\u00e9sio\",\"isPartOf\":{\"@id\":\"https:\\\/\\\/blogdofarnesio.com.br\\\/#website\"},\"primaryImageOfPage\":{\"@id\":\"https:\\\/\\\/blogdofarnesio.com.br\\\/?p=331862#primaryimage\"},\"image\":{\"@id\":\"https:\\\/\\\/blogdofarnesio.com.br\\\/?p=331862#primaryimage\"},\"thumbnailUrl\":\"https:\\\/\\\/blogdofarnesio.com.br\\\/wp-content\\\/uploads\\\/2020\\\/10\\\/blogqspcompesa-saae.jpg\",\"datePublished\":\"2023-01-20T10:00:18+00:00\",\"breadcrumb\":{\"@id\":\"https:\\\/\\\/blogdofarnesio.com.br\\\/?p=331862#breadcrumb\"},\"inLanguage\":\"pt-BR\",\"potentialAction\":[{\"@type\":\"ReadAction\",\"target\":[\"https:\\\/\\\/blogdofarnesio.com.br\\\/?p=331862\"]}]},{\"@type\":\"ImageObject\",\"inLanguage\":\"pt-BR\",\"@id\":\"https:\\\/\\\/blogdofarnesio.com.br\\\/?p=331862#primaryimage\",\"url\":\"https:\\\/\\\/blogdofarnesio.com.br\\\/wp-content\\\/uploads\\\/2020\\\/10\\\/blogqspcompesa-saae.jpg\",\"contentUrl\":\"https:\\\/\\\/blogdofarnesio.com.br\\\/wp-content\\\/uploads\\\/2020\\\/10\\\/blogqspcompesa-saae.jpg\",\"width\":366,\"height\":287},{\"@type\":\"BreadcrumbList\",\"@id\":\"https:\\\/\\\/blogdofarnesio.com.br\\\/?p=331862#breadcrumb\",\"itemListElement\":[{\"@type\":\"ListItem\",\"position\":1,\"name\":\"In\u00edcio\",\"item\":\"https:\\\/\\\/blogdofarnesio.com.br\\\/\"},{\"@type\":\"ListItem\",\"position\":2,\"name\":\"O centro mais 54 bairros de Petrolina ter\u00e3o abastecimento suspenso nesta sexta feira\"}]},{\"@type\":\"WebSite\",\"@id\":\"https:\\\/\\\/blogdofarnesio.com.br\\\/#website\",\"url\":\"https:\\\/\\\/blogdofarnesio.com.br\\\/\",\"name\":\"Blog do Farn\u00e9sio\",\"description\":\"Quer Saber Pol\u00edtica?\",\"publisher\":{\"@id\":\"https:\\\/\\\/blogdofarnesio.com.br\\\/#organization\"},\"potentialAction\":[{\"@type\":\"SearchAction\",\"target\":{\"@type\":\"EntryPoint\",\"urlTemplate\":\"https:\\\/\\\/blogdofarnesio.com.br\\\/?s={search_term_string}\"},\"query-input\":{\"@type\":\"PropertyValueSpecification\",\"valueRequired\":true,\"valueName\":\"search_term_string\"}}],\"inLanguage\":\"pt-BR\"},{\"@type\":\"Organization\",\"@id\":\"https:\\\/\\\/blogdofarnesio.com.br\\\/#organization\",\"name\":\"Blog do Farn\u00e9sio\",\"url\":\"https:\\\/\\\/blogdofarnesio.com.br\\\/\",\"logo\":{\"@type\":\"ImageObject\",\"inLanguage\":\"pt-BR\",\"@id\":\"https:\\\/\\\/blogdofarnesio.com.br\\\/#\\\/schema\\\/logo\\\/image\\\/\",\"url\":\"https:\\\/\\\/blogdofarnesio.com.br\\\/wp-content\\\/uploads\\\/2026\\\/03\\\/cropped-logo_new-1.png\",\"contentUrl\":\"https:\\\/\\\/blogdofarnesio.com.br\\\/wp-content\\\/uploads\\\/2026\\\/03\\\/cropped-logo_new-1.png\",\"width\":881,\"height\":685,\"caption\":\"Blog do Farn\u00e9sio\"},\"image\":{\"@id\":\"https:\\\/\\\/blogdofarnesio.com.br\\\/#\\\/schema\\\/logo\\\/image\\\/\"},\"sameAs\":[\"https:\\\/\\\/www.facebook.com\\\/BlogQuerSaberPolitica\\\/\"]},{\"@type\":\"Person\",\"@id\":\"https:\\\/\\\/blogdofarnesio.com.br\\\/#\\\/schema\\\/person\\\/bb9b23ae3ad0609ce8df7b6c9e76824d\",\"name\":\"Farn\u00e9sio\",\"image\":{\"@type\":\"ImageObject\",\"inLanguage\":\"pt-BR\",\"@id\":\"https:\\\/\\\/secure.gravatar.com\\\/avatar\\\/986aa4c61ccdb66f8555bf88fc2a65609d00bcabd4d2d94377a727547345cbca?s=96&d=mm&r=g\",\"url\":\"https:\\\/\\\/secure.gravatar.com\\\/avatar\\\/986aa4c61ccdb66f8555bf88fc2a65609d00bcabd4d2d94377a727547345cbca?s=96&d=mm&r=g\",\"contentUrl\":\"https:\\\/\\\/secure.gravatar.com\\\/avatar\\\/986aa4c61ccdb66f8555bf88fc2a65609d00bcabd4d2d94377a727547345cbca?s=96&d=mm&r=g\",\"caption\":\"Farn\u00e9sio\"},\"description\":\"Radialista blogueiro, chegou a Petrolina\\\/Juazeiro em setembro de 1980, Farn\u00e9sio Silva \u00e9 de Arapiraca-Alagoas.\",\"sameAs\":[\"http:\\\/\\\/blogdofarnesio.com.br\",\"https:\\\/\\\/www.facebook.com\\\/?ref=tn_tnmn\",\"https:\\\/\\\/www.instagram.com\\\/?utm_source=pwa_homescreen\",\"https:\\\/\\\/youtube.com.br\\\/\"],\"url\":\"https:\\\/\\\/blogdofarnesio.com.br\\\/?author=2\"}]}<\/script>\n<!-- \/ Yoast SEO plugin. -->","yoast_head_json":{"title":"O centro mais 54 bairros de Petrolina ter\u00e3o abastecimento suspenso nesta sexta feira - Blog do Farn\u00e9sio","robots":{"index":"index","follow":"follow","max-snippet":"max-snippet:-1","max-image-preview":"max-image-preview:large","max-video-preview":"max-video-preview:-1"},"canonical":"https:\/\/blogdofarnesio.com.br\/?p=331862","og_locale":"pt_BR","og_type":"article","og_title":"O centro mais 54 bairros de Petrolina ter\u00e3o abastecimento suspenso nesta sexta feira - Blog do Farn\u00e9sio","og_description":"A Compesa informa que nesta sexta-feira (20) devido aos servi\u00e7os de manuten\u00e7\u00e3o preventiva nos sistemas el\u00e9tricos da ETA Petrolina-PE v\u00e1rios bairros ficar\u00e3o sem \u00e1gua das 08h00 \u00e0s 17h00. Confira os bairros: Areia Branca, Terras Do Sul, Vila Das Imbiras, Vila D\u00e9bora, Gercino Coelho, Ouro Preto, Dom Malan, S\u00e3o Jos\u00e9, Dom Avelar, Vila Eduardo, Vale Dourado, Mandacaru, Jardim Amazonas, Km 2, Maria Auxiliadora, Vila Moc\u00f3, Novo Horizonte, Vila Eul\u00e1lia, Cidade Universit\u00e1ria, Alto do Cocar, S\u00e3o Jorge, Caminho Do Sol, Vila dos Ing\u00e1s, Jos\u00e9 e Maria, Vale do Grande Rio, S\u00e3o Joaquim, Centro, Jardim S\u00e3o Paulo, Quati, Santa Luzia, Pedro Raimundo, Ant\u00f4nio Cassimiro, Henrique Leite, Jardim Maravilha, Vila Marcela, Pedra Linda, Loteamento Nossa Senhora Rainha dos Anjos, Vitivinicola, Jatob\u00e1, Carneiros, Condom\u00ednio Agua&hellip;","og_url":"https:\/\/blogdofarnesio.com.br\/?p=331862","og_site_name":"Blog do Farn\u00e9sio","article_publisher":"https:\/\/www.facebook.com\/BlogQuerSaberPolitica\/","article_author":"https:\/\/www.facebook.com\/?ref=tn_tnmn","article_published_time":"2023-01-20T10:00:18+00:00","og_image":[{"width":366,"height":287,"url":"https:\/\/blogdofarnesio.com.br\/wp-content\/uploads\/2020\/10\/blogqspcompesa-saae.jpg","type":"image\/jpeg"}],"author":"Farn\u00e9sio","twitter_card":"summary_large_image","twitter_misc":{"Escrito por":"Farn\u00e9sio","Est. tempo de leitura":"1 minuto"},"schema":{"@context":"https:\/\/schema.org","@graph":[{"@type":"Article","@id":"https:\/\/blogdofarnesio.com.br\/?p=331862#article","isPartOf":{"@id":"https:\/\/blogdofarnesio.com.br\/?p=331862"},"author":{"name":"Farn\u00e9sio","@id":"https:\/\/blogdofarnesio.com.br\/#\/schema\/person\/bb9b23ae3ad0609ce8df7b6c9e76824d"},"headline":"O centro mais 54 bairros de Petrolina ter\u00e3o abastecimento suspenso nesta sexta feira","datePublished":"2023-01-20T10:00:18+00:00","mainEntityOfPage":{"@id":"https:\/\/blogdofarnesio.com.br\/?p=331862"},"wordCount":184,"commentCount":0,"publisher":{"@id":"https:\/\/blogdofarnesio.com.br\/#organization"},"image":{"@id":"https:\/\/blogdofarnesio.com.br\/?p=331862#primaryimage"},"thumbnailUrl":"https:\/\/blogdofarnesio.com.br\/wp-content\/uploads\/2020\/10\/blogqspcompesa-saae.jpg","articleSection":["\u00c1gua"],"inLanguage":"pt-BR","potentialAction":[{"@type":"CommentAction","name":"Comment","target":["https:\/\/blogdofarnesio.com.br\/?p=331862#respond"]}]},{"@type":"WebPage","@id":"https:\/\/blogdofarnesio.com.br\/?p=331862","url":"https:\/\/blogdofarnesio.com.br\/?p=331862","name":"O centro mais 54 bairros de Petrolina ter\u00e3o abastecimento suspenso nesta sexta feira - Blog do Farn\u00e9sio","isPartOf":{"@id":"https:\/\/blogdofarnesio.com.br\/#website"},"primaryImageOfPage":{"@id":"https:\/\/blogdofarnesio.com.br\/?p=331862#primaryimage"},"image":{"@id":"https:\/\/blogdofarnesio.com.br\/?p=331862#primaryimage"},"thumbnailUrl":"https:\/\/blogdofarnesio.com.br\/wp-content\/uploads\/2020\/10\/blogqspcompesa-saae.jpg","datePublished":"2023-01-20T10:00:18+00:00","breadcrumb":{"@id":"https:\/\/blogdofarnesio.com.br\/?p=331862#breadcrumb"},"inLanguage":"pt-BR","potentialAction":[{"@type":"ReadAction","target":["https:\/\/blogdofarnesio.com.br\/?p=331862"]}]},{"@type":"ImageObject","inLanguage":"pt-BR","@id":"https:\/\/blogdofarnesio.com.br\/?p=331862#primaryimage","url":"https:\/\/blogdofarnesio.com.br\/wp-content\/uploads\/2020\/10\/blogqspcompesa-saae.jpg","contentUrl":"https:\/\/blogdofarnesio.com.br\/wp-content\/uploads\/2020\/10\/blogqspcompesa-saae.jpg","width":366,"height":287},{"@type":"BreadcrumbList","@id":"https:\/\/blogdofarnesio.com.br\/?p=331862#breadcrumb","itemListElement":[{"@type":"ListItem","position":1,"name":"In\u00edcio","item":"https:\/\/blogdofarnesio.com.br\/"},{"@type":"ListItem","position":2,"name":"O centro mais 54 bairros de Petrolina ter\u00e3o abastecimento suspenso nesta sexta feira"}]},{"@type":"WebSite","@id":"https:\/\/blogdofarnesio.com.br\/#website","url":"https:\/\/blogdofarnesio.com.br\/","name":"Blog do Farn\u00e9sio","description":"Quer Saber Pol\u00edtica?","publisher":{"@id":"https:\/\/blogdofarnesio.com.br\/#organization"},"potentialAction":[{"@type":"SearchAction","target":{"@type":"EntryPoint","urlTemplate":"https:\/\/blogdofarnesio.com.br\/?s={search_term_string}"},"query-input":{"@type":"PropertyValueSpecification","valueRequired":true,"valueName":"search_term_string"}}],"inLanguage":"pt-BR"},{"@type":"Organization","@id":"https:\/\/blogdofarnesio.com.br\/#organization","name":"Blog do Farn\u00e9sio","url":"https:\/\/blogdofarnesio.com.br\/","logo":{"@type":"ImageObject","inLanguage":"pt-BR","@id":"https:\/\/blogdofarnesio.com.br\/#\/schema\/logo\/image\/","url":"https:\/\/blogdofarnesio.com.br\/wp-content\/uploads\/2026\/03\/cropped-logo_new-1.png","contentUrl":"https:\/\/blogdofarnesio.com.br\/wp-content\/uploads\/2026\/03\/cropped-logo_new-1.png","width":881,"height":685,"caption":"Blog do Farn\u00e9sio"},"image":{"@id":"https:\/\/blogdofarnesio.com.br\/#\/schema\/logo\/image\/"},"sameAs":["https:\/\/www.facebook.com\/BlogQuerSaberPolitica\/"]},{"@type":"Person","@id":"https:\/\/blogdofarnesio.com.br\/#\/schema\/person\/bb9b23ae3ad0609ce8df7b6c9e76824d","name":"Farn\u00e9sio","image":{"@type":"ImageObject","inLanguage":"pt-BR","@id":"https:\/\/secure.gravatar.com\/avatar\/986aa4c61ccdb66f8555bf88fc2a65609d00bcabd4d2d94377a727547345cbca?s=96&d=mm&r=g","url":"https:\/\/secure.gravatar.com\/avatar\/986aa4c61ccdb66f8555bf88fc2a65609d00bcabd4d2d94377a727547345cbca?s=96&d=mm&r=g","contentUrl":"https:\/\/secure.gravatar.com\/avatar\/986aa4c61ccdb66f8555bf88fc2a65609d00bcabd4d2d94377a727547345cbca?s=96&d=mm&r=g","caption":"Farn\u00e9sio"},"description":"Radialista blogueiro, chegou a Petrolina\/Juazeiro em setembro de 1980, Farn\u00e9sio Silva \u00e9 de Arapiraca-Alagoas.","sameAs":["http:\/\/blogdofarnesio.com.br","https:\/\/www.facebook.com\/?ref=tn_tnmn","https:\/\/www.instagram.com\/?utm_source=pwa_homescreen","https:\/\/youtube.com.br\/"],"url":"https:\/\/blogdofarnesio.com.br\/?author=2"}]}},"_links":{"self":[{"href":"https:\/\/blogdofarnesio.com.br\/index.php?rest_route=\/wp\/v2\/posts\/331862","targetHints":{"allow":["GET"]}}],"collection":[{"href":"https:\/\/blogdofarnesio.com.br\/index.php?rest_route=\/wp\/v2\/posts"}],"about":[{"href":"https:\/\/blogdofarnesio.com.br\/index.php?rest_route=\/wp\/v2\/types\/post"}],"author":[{"embeddable":true,"href":"https:\/\/blogdofarnesio.com.br\/index.php?rest_route=\/wp\/v2\/users\/2"}],"replies":[{"embeddable":true,"href":"https:\/\/blogdofarnesio.com.br\/index.php?rest_route=%2Fwp%2Fv2%2Fcomments&post=331862"}],"version-history":[{"count":0,"href":"https:\/\/blogdofarnesio.com.br\/index.php?rest_route=\/wp\/v2\/posts\/331862\/revisions"}],"wp:featuredmedia":[{"embeddable":true,"href":"https:\/\/blogdofarnesio.com.br\/index.php?rest_route=\/wp\/v2\/media\/269553"}],"wp:attachment":[{"href":"https:\/\/blogdofarnesio.com.br\/index.php?rest_route=%2Fwp%2Fv2%2Fmedia&parent=331862"}],"wp:term":[{"taxonomy":"category","embeddable":true,"href":"https:\/\/blogdofarnesio.com.br\/index.php?rest_route=%2Fwp%2Fv2%2Fcategories&post=331862"},{"taxonomy":"post_tag","embeddable":true,"href":"https:\/\/blogdofarnesio.com.br\/index.php?rest_route=%2Fwp%2Fv2%2Ftags&post=331862"}],"curies":[{"name":"wp","href":"https:\/\/api.w.org\/{rel}","templated":true}]}}