{"id":331417,"date":"2023-01-13T16:23:59","date_gmt":"2023-01-13T19:23:59","guid":{"rendered":"https:\/\/blogdofarnesio.com.br\/?p=331417"},"modified":"2023-01-13T15:38:14","modified_gmt":"2023-01-13T18:38:14","slug":"juazeiro-realiza-acoes-para-identificacao-de-casos-de-hanseniase-e-reforca-a-necessidade-de-combate-a-doenca","status":"publish","type":"post","link":"https:\/\/blogdofarnesio.com.br\/2023\/01\/juazeiro-realiza-acoes-para-identificacao-de-casos-de-hanseniase-e-reforca-a-necessidade-de-combate-a-doenca\/","title":{"rendered":"Juazeiro realiza a\u00e7\u00f5es para identifica\u00e7\u00e3o de casos de hansen\u00edase e refor\u00e7a a necessidade de combate \u00e0 doen\u00e7a"},"content":{"rendered":"<p>A campanha Janeiro Roxo \u00e9 dedicada \u00e0 conscientiza\u00e7\u00e3o sobre os cuidados e a preven\u00e7\u00e3o da hansen\u00edase. A Prefeitura de Juazeiro, atrav\u00e9s da Secretaria de Sa\u00fade (Sesau), refor\u00e7a a necessidade de combate \u00e0 doen\u00e7a e mobiliza equipes de sa\u00fade da fam\u00edlia para fazer busca ativa de casos suspeitos.<\/p>\n<p>Entre os dias 16 a 20 de janeiro, equipes de sa\u00fade estar\u00e3o fazendo visitas \u00e0 comunidade para esclarecer a popula\u00e7\u00e3o sobre a doen\u00e7a e procurar pessoas que apresentem as manchas caracter\u00edsticas da hansen\u00edase. \u201cFaremos a\u00e7\u00f5es de educa\u00e7\u00e3o em sa\u00fade e busca ativa de casos suspeitos e exames de contatos de pacientes com hansen\u00edase, com o objetivo de ampliar a detec\u00e7\u00e3o precoce. Aproveitamos a repercuss\u00e3o da campanha para discutir e refletir sobre a hansen\u00edase como problema de sa\u00fade p\u00fablica e potencializar as a\u00e7\u00f5es para sua elimina\u00e7\u00e3o\u201d, explica a coordenadora de Vigil\u00e2ncia Epidemiol\u00f3gica da Sesau, Paula Teles Vasconcelos.<\/p>\n<p>Os pacientes suspeitos ser\u00e3o encaminhados para avalia\u00e7\u00e3o m\u00e9dica, caso o diagn\u00f3stico aponte a infec\u00e7\u00e3o, o tratamento ser\u00e1 iniciado. A triagem acontecer\u00e1 de 22 de janeiro a 03 de fevereiro no Centro de Refer\u00eancia em Hansen\u00edase, no Centro de Sa\u00fade III.<\/p>\n<p><b>Sobre a Hansen\u00edase<\/b><br \/>\nA doen\u00e7a \u00e9 causada por uma bact\u00e9ria chamada Micobacterium leprae (M.leprae) que se dirige aos nervos, principalmente aqueles localizados na pele, onde come\u00e7a a desenvolver a doen\u00e7a.<br \/>\nA transmiss\u00e3o acontece pelo ar, sobretudo em situa\u00e7\u00f5es de contato pr\u00f3ximo. Apesar disso, a maioria da popula\u00e7\u00e3o consegue se defender naturalmente da bact\u00e9ria, no entanto, cerca de 10% da popula\u00e7\u00e3o n\u00e3o tem esses mecanismos de prote\u00e7\u00e3o e, por isso, pode adoecer. Ainda assim, de acordo com informa\u00e7\u00f5es da Sociedade Brasileira de Dermatologia, no Brasil, cerca de 30 mil novos casos de hansen\u00edase s\u00e3o detectados todos os anos. Juazeiro registrou 101 casos da doen\u00e7a em 2021 e 116 no ano de 2022.<\/p>\n<p>Principais sintomas:<br \/>\n\u2022 Manchas (esbranqui\u00e7adas, amarronzadas e avermelhadas) na pele com mudan\u00e7as na sensibilidade dolorosa, t\u00e9rmica e t\u00e1til.<br \/>\n\u2022 Sensa\u00e7\u00e3o de fisgada, choque, dorm\u00eancia e formigamento ao longo dos nervos dos membros<br \/>\n\u2022 Perda de pelos em algumas \u00e1reas e redu\u00e7\u00e3o da transpira\u00e7\u00e3o<br \/>\n\u2022 Incha\u00e7o e dor nas m\u00e3os, p\u00e9s e articula\u00e7\u00f5es<br \/>\n\u2022 Dor e espessamento nos nervos perif\u00e9ricos<\/p>\n<p><b>Tratamento<\/b><br \/>\nA Prefeitura de Juazeiro oferece o tratamento nas Unidades B\u00e1sicas de Sa\u00fade (UBS). Os pacientes recebem a medica\u00e7\u00e3o e s\u00e3o acompanhados mensalmente pela equipe de sa\u00fade. \u201cAl\u00e9m do monitoramento dos pacientes, os profissionais tamb\u00e9m examinam todos os contatos familiares que residem na mesma casa do paciente, para a interromper a cadeia de transmiss\u00e3o da doen\u00e7a\u201d, explicou Paula Teles Vasconcelos.<br \/>\nO munic\u00edpio de Juazeiro conta com o Centro de Refer\u00eancia em Hansen\u00edase. A unidade \u00e9 refer\u00eancia para nove munic\u00edpios do interior da Bahia e oferece assist\u00eancia para um p\u00fablico espec\u00edfico, como: crian\u00e7as, gestantes ou pacientes que apresentam resist\u00eancia ao tratamento.<\/p>\n<div><\/div>\n<div>Texto: Marcela Cavalcanti &#8211; ASCOM SESAU<\/div>\n","protected":false},"excerpt":{"rendered":"<p>A campanha Janeiro Roxo \u00e9 dedicada \u00e0 conscientiza\u00e7\u00e3o sobre os cuidados e a preven\u00e7\u00e3o da hansen\u00edase. A Prefeitura de Juazeiro, atrav\u00e9s da Secretaria de Sa\u00fade (Sesau), refor\u00e7a a necessidade de combate \u00e0 doen\u00e7a e mobiliza equipes de sa\u00fade da fam\u00edlia para fazer busca ativa de casos suspeitos. Entre os dias 16 a 20 de janeiro, equipes de sa\u00fade estar\u00e3o fazendo visitas \u00e0 comunidade para esclarecer a popula\u00e7\u00e3o sobre a doen\u00e7a e procurar pessoas que apresentem as manchas caracter\u00edsticas da hansen\u00edase. \u201cFaremos a\u00e7\u00f5es de educa\u00e7\u00e3o em sa\u00fade e busca ativa de casos suspeitos e exames de contatos de pacientes com hansen\u00edase, com o objetivo de ampliar a detec\u00e7\u00e3o precoce. Aproveitamos a repercuss\u00e3o da campanha para discutir e refletir sobre a hansen\u00edase&hellip; <\/p>\n","protected":false},"author":2,"featured_media":331418,"comment_status":"open","ping_status":"open","sticky":false,"template":"","format":"standard","meta":{"_acf_changed":false,"footnotes":""},"categories":[22],"tags":[],"class_list":["post-331417","post","type-post","status-publish","format-standard","has-post-thumbnail","hentry","category-acao-social"],"acf":[],"yoast_head":"<!-- This site is optimized with the Yoast SEO plugin v27.5 - https:\/\/yoast.com\/product\/yoast-seo-wordpress\/ -->\n<title>Juazeiro realiza a\u00e7\u00f5es para identifica\u00e7\u00e3o de casos de hansen\u00edase e refor\u00e7a a necessidade de combate \u00e0 doen\u00e7a - Blog do Farn\u00e9sio<\/title>\n<meta name=\"robots\" content=\"index, follow, max-snippet:-1, max-image-preview:large, max-video-preview:-1\" \/>\n<link rel=\"canonical\" href=\"https:\/\/blogdofarnesio.com.br\/2023\/01\/juazeiro-realiza-acoes-para-identificacao-de-casos-de-hanseniase-e-reforca-a-necessidade-de-combate-a-doenca\/\" \/>\n<meta property=\"og:locale\" content=\"pt_BR\" \/>\n<meta property=\"og:type\" content=\"article\" \/>\n<meta property=\"og:title\" content=\"Juazeiro realiza a\u00e7\u00f5es para identifica\u00e7\u00e3o de casos de hansen\u00edase e refor\u00e7a a necessidade de combate \u00e0 doen\u00e7a - Blog do Farn\u00e9sio\" \/>\n<meta property=\"og:description\" content=\"A campanha Janeiro Roxo \u00e9 dedicada \u00e0 conscientiza\u00e7\u00e3o sobre os cuidados e a preven\u00e7\u00e3o da hansen\u00edase. A Prefeitura de Juazeiro, atrav\u00e9s da Secretaria de Sa\u00fade (Sesau), refor\u00e7a a necessidade de combate \u00e0 doen\u00e7a e mobiliza equipes de sa\u00fade da fam\u00edlia para fazer busca ativa de casos suspeitos. Entre os dias 16 a 20 de janeiro, equipes de sa\u00fade estar\u00e3o fazendo visitas \u00e0 comunidade para esclarecer a popula\u00e7\u00e3o sobre a doen\u00e7a e procurar pessoas que apresentem as manchas caracter\u00edsticas da hansen\u00edase. \u201cFaremos a\u00e7\u00f5es de educa\u00e7\u00e3o em sa\u00fade e busca ativa de casos suspeitos e exames de contatos de pacientes com hansen\u00edase, com o objetivo de ampliar a detec\u00e7\u00e3o precoce. Aproveitamos a repercuss\u00e3o da campanha para discutir e refletir sobre a hansen\u00edase&hellip;\" \/>\n<meta property=\"og:url\" content=\"https:\/\/blogdofarnesio.com.br\/2023\/01\/juazeiro-realiza-acoes-para-identificacao-de-casos-de-hanseniase-e-reforca-a-necessidade-de-combate-a-doenca\/\" \/>\n<meta property=\"og:site_name\" content=\"Blog do Farn\u00e9sio\" \/>\n<meta property=\"article:publisher\" content=\"https:\/\/www.facebook.com\/BlogQuerSaberPolitica\/\" \/>\n<meta property=\"article:author\" content=\"https:\/\/www.facebook.com\/?ref=tn_tnmn\" \/>\n<meta property=\"article:published_time\" content=\"2023-01-13T19:23:59+00:00\" \/>\n<meta property=\"og:image\" content=\"https:\/\/blogdofarnesio.com.br\/wp-content\/uploads\/2023\/01\/Janeiro-Roxo-e1673635061453.jpeg\" \/>\n\t<meta property=\"og:image:width\" content=\"680\" \/>\n\t<meta property=\"og:image:height\" content=\"527\" \/>\n\t<meta property=\"og:image:type\" content=\"image\/jpeg\" \/>\n<meta name=\"author\" content=\"Farn\u00e9sio\" \/>\n<meta name=\"twitter:card\" content=\"summary_large_image\" \/>\n<meta name=\"twitter:label1\" content=\"Escrito por\" \/>\n\t<meta name=\"twitter:data1\" content=\"Farn\u00e9sio\" \/>\n\t<meta name=\"twitter:label2\" content=\"Est. tempo de leitura\" \/>\n\t<meta name=\"twitter:data2\" content=\"3 minutos\" \/>\n<script type=\"application\/ld+json\" class=\"yoast-schema-graph\">{\"@context\":\"https:\\\/\\\/schema.org\",\"@graph\":[{\"@type\":\"Article\",\"@id\":\"https:\\\/\\\/blogdofarnesio.com.br\\\/2023\\\/01\\\/juazeiro-realiza-acoes-para-identificacao-de-casos-de-hanseniase-e-reforca-a-necessidade-de-combate-a-doenca\\\/#article\",\"isPartOf\":{\"@id\":\"https:\\\/\\\/blogdofarnesio.com.br\\\/2023\\\/01\\\/juazeiro-realiza-acoes-para-identificacao-de-casos-de-hanseniase-e-reforca-a-necessidade-de-combate-a-doenca\\\/\"},\"author\":{\"name\":\"Farn\u00e9sio\",\"@id\":\"https:\\\/\\\/blogdofarnesio.com.br\\\/#\\\/schema\\\/person\\\/bb9b23ae3ad0609ce8df7b6c9e76824d\"},\"headline\":\"Juazeiro realiza a\u00e7\u00f5es para identifica\u00e7\u00e3o de casos de hansen\u00edase e refor\u00e7a a necessidade de combate \u00e0 doen\u00e7a\",\"datePublished\":\"2023-01-13T19:23:59+00:00\",\"mainEntityOfPage\":{\"@id\":\"https:\\\/\\\/blogdofarnesio.com.br\\\/2023\\\/01\\\/juazeiro-realiza-acoes-para-identificacao-de-casos-de-hanseniase-e-reforca-a-necessidade-de-combate-a-doenca\\\/\"},\"wordCount\":545,\"commentCount\":0,\"publisher\":{\"@id\":\"https:\\\/\\\/blogdofarnesio.com.br\\\/#organization\"},\"image\":{\"@id\":\"https:\\\/\\\/blogdofarnesio.com.br\\\/2023\\\/01\\\/juazeiro-realiza-acoes-para-identificacao-de-casos-de-hanseniase-e-reforca-a-necessidade-de-combate-a-doenca\\\/#primaryimage\"},\"thumbnailUrl\":\"https:\\\/\\\/blogdofarnesio.com.br\\\/wp-content\\\/uploads\\\/2023\\\/01\\\/Janeiro-Roxo-e1673635061453.jpeg\",\"articleSection\":[\"A\u00e7\u00e3o Social\"],\"inLanguage\":\"pt-BR\",\"potentialAction\":[{\"@type\":\"CommentAction\",\"name\":\"Comment\",\"target\":[\"https:\\\/\\\/blogdofarnesio.com.br\\\/2023\\\/01\\\/juazeiro-realiza-acoes-para-identificacao-de-casos-de-hanseniase-e-reforca-a-necessidade-de-combate-a-doenca\\\/#respond\"]}]},{\"@type\":\"WebPage\",\"@id\":\"https:\\\/\\\/blogdofarnesio.com.br\\\/2023\\\/01\\\/juazeiro-realiza-acoes-para-identificacao-de-casos-de-hanseniase-e-reforca-a-necessidade-de-combate-a-doenca\\\/\",\"url\":\"https:\\\/\\\/blogdofarnesio.com.br\\\/2023\\\/01\\\/juazeiro-realiza-acoes-para-identificacao-de-casos-de-hanseniase-e-reforca-a-necessidade-de-combate-a-doenca\\\/\",\"name\":\"Juazeiro realiza a\u00e7\u00f5es para identifica\u00e7\u00e3o de casos de hansen\u00edase e refor\u00e7a a necessidade de combate \u00e0 doen\u00e7a - Blog do Farn\u00e9sio\",\"isPartOf\":{\"@id\":\"https:\\\/\\\/blogdofarnesio.com.br\\\/#website\"},\"primaryImageOfPage\":{\"@id\":\"https:\\\/\\\/blogdofarnesio.com.br\\\/2023\\\/01\\\/juazeiro-realiza-acoes-para-identificacao-de-casos-de-hanseniase-e-reforca-a-necessidade-de-combate-a-doenca\\\/#primaryimage\"},\"image\":{\"@id\":\"https:\\\/\\\/blogdofarnesio.com.br\\\/2023\\\/01\\\/juazeiro-realiza-acoes-para-identificacao-de-casos-de-hanseniase-e-reforca-a-necessidade-de-combate-a-doenca\\\/#primaryimage\"},\"thumbnailUrl\":\"https:\\\/\\\/blogdofarnesio.com.br\\\/wp-content\\\/uploads\\\/2023\\\/01\\\/Janeiro-Roxo-e1673635061453.jpeg\",\"datePublished\":\"2023-01-13T19:23:59+00:00\",\"breadcrumb\":{\"@id\":\"https:\\\/\\\/blogdofarnesio.com.br\\\/2023\\\/01\\\/juazeiro-realiza-acoes-para-identificacao-de-casos-de-hanseniase-e-reforca-a-necessidade-de-combate-a-doenca\\\/#breadcrumb\"},\"inLanguage\":\"pt-BR\",\"potentialAction\":[{\"@type\":\"ReadAction\",\"target\":[\"https:\\\/\\\/blogdofarnesio.com.br\\\/2023\\\/01\\\/juazeiro-realiza-acoes-para-identificacao-de-casos-de-hanseniase-e-reforca-a-necessidade-de-combate-a-doenca\\\/\"]}]},{\"@type\":\"ImageObject\",\"inLanguage\":\"pt-BR\",\"@id\":\"https:\\\/\\\/blogdofarnesio.com.br\\\/2023\\\/01\\\/juazeiro-realiza-acoes-para-identificacao-de-casos-de-hanseniase-e-reforca-a-necessidade-de-combate-a-doenca\\\/#primaryimage\",\"url\":\"https:\\\/\\\/blogdofarnesio.com.br\\\/wp-content\\\/uploads\\\/2023\\\/01\\\/Janeiro-Roxo-e1673635061453.jpeg\",\"contentUrl\":\"https:\\\/\\\/blogdofarnesio.com.br\\\/wp-content\\\/uploads\\\/2023\\\/01\\\/Janeiro-Roxo-e1673635061453.jpeg\",\"width\":680,\"height\":527},{\"@type\":\"BreadcrumbList\",\"@id\":\"https:\\\/\\\/blogdofarnesio.com.br\\\/2023\\\/01\\\/juazeiro-realiza-acoes-para-identificacao-de-casos-de-hanseniase-e-reforca-a-necessidade-de-combate-a-doenca\\\/#breadcrumb\",\"itemListElement\":[{\"@type\":\"ListItem\",\"position\":1,\"name\":\"In\u00edcio\",\"item\":\"https:\\\/\\\/blogdofarnesio.com.br\\\/\"},{\"@type\":\"ListItem\",\"position\":2,\"name\":\"Juazeiro realiza a\u00e7\u00f5es para identifica\u00e7\u00e3o de casos de hansen\u00edase e refor\u00e7a a necessidade de combate \u00e0 doen\u00e7a\"}]},{\"@type\":\"WebSite\",\"@id\":\"https:\\\/\\\/blogdofarnesio.com.br\\\/#website\",\"url\":\"https:\\\/\\\/blogdofarnesio.com.br\\\/\",\"name\":\"Blog do Farn\u00e9sio\",\"description\":\"Quer Saber Pol\u00edtica?\",\"publisher\":{\"@id\":\"https:\\\/\\\/blogdofarnesio.com.br\\\/#organization\"},\"potentialAction\":[{\"@type\":\"SearchAction\",\"target\":{\"@type\":\"EntryPoint\",\"urlTemplate\":\"https:\\\/\\\/blogdofarnesio.com.br\\\/?s={search_term_string}\"},\"query-input\":{\"@type\":\"PropertyValueSpecification\",\"valueRequired\":true,\"valueName\":\"search_term_string\"}}],\"inLanguage\":\"pt-BR\"},{\"@type\":\"Organization\",\"@id\":\"https:\\\/\\\/blogdofarnesio.com.br\\\/#organization\",\"name\":\"Blog do Farn\u00e9sio\",\"url\":\"https:\\\/\\\/blogdofarnesio.com.br\\\/\",\"logo\":{\"@type\":\"ImageObject\",\"inLanguage\":\"pt-BR\",\"@id\":\"https:\\\/\\\/blogdofarnesio.com.br\\\/#\\\/schema\\\/logo\\\/image\\\/\",\"url\":\"https:\\\/\\\/blogdofarnesio.com.br\\\/wp-content\\\/uploads\\\/2026\\\/03\\\/cropped-logo_new-1.png\",\"contentUrl\":\"https:\\\/\\\/blogdofarnesio.com.br\\\/wp-content\\\/uploads\\\/2026\\\/03\\\/cropped-logo_new-1.png\",\"width\":881,\"height\":685,\"caption\":\"Blog do Farn\u00e9sio\"},\"image\":{\"@id\":\"https:\\\/\\\/blogdofarnesio.com.br\\\/#\\\/schema\\\/logo\\\/image\\\/\"},\"sameAs\":[\"https:\\\/\\\/www.facebook.com\\\/BlogQuerSaberPolitica\\\/\"]},{\"@type\":\"Person\",\"@id\":\"https:\\\/\\\/blogdofarnesio.com.br\\\/#\\\/schema\\\/person\\\/bb9b23ae3ad0609ce8df7b6c9e76824d\",\"name\":\"Farn\u00e9sio\",\"image\":{\"@type\":\"ImageObject\",\"inLanguage\":\"pt-BR\",\"@id\":\"https:\\\/\\\/secure.gravatar.com\\\/avatar\\\/986aa4c61ccdb66f8555bf88fc2a65609d00bcabd4d2d94377a727547345cbca?s=96&d=mm&r=g\",\"url\":\"https:\\\/\\\/secure.gravatar.com\\\/avatar\\\/986aa4c61ccdb66f8555bf88fc2a65609d00bcabd4d2d94377a727547345cbca?s=96&d=mm&r=g\",\"contentUrl\":\"https:\\\/\\\/secure.gravatar.com\\\/avatar\\\/986aa4c61ccdb66f8555bf88fc2a65609d00bcabd4d2d94377a727547345cbca?s=96&d=mm&r=g\",\"caption\":\"Farn\u00e9sio\"},\"description\":\"Radialista blogueiro, chegou a Petrolina\\\/Juazeiro em setembro de 1980, Farn\u00e9sio Silva \u00e9 de Arapiraca-Alagoas.\",\"sameAs\":[\"http:\\\/\\\/blogdofarnesio.com.br\",\"https:\\\/\\\/www.facebook.com\\\/?ref=tn_tnmn\",\"https:\\\/\\\/www.instagram.com\\\/?utm_source=pwa_homescreen\",\"https:\\\/\\\/youtube.com.br\\\/\"],\"url\":\"https:\\\/\\\/blogdofarnesio.com.br\\\/author\\\/farnesio-2\\\/\"}]}<\/script>\n<!-- \/ Yoast SEO plugin. -->","yoast_head_json":{"title":"Juazeiro realiza a\u00e7\u00f5es para identifica\u00e7\u00e3o de casos de hansen\u00edase e refor\u00e7a a necessidade de combate \u00e0 doen\u00e7a - Blog do Farn\u00e9sio","robots":{"index":"index","follow":"follow","max-snippet":"max-snippet:-1","max-image-preview":"max-image-preview:large","max-video-preview":"max-video-preview:-1"},"canonical":"https:\/\/blogdofarnesio.com.br\/2023\/01\/juazeiro-realiza-acoes-para-identificacao-de-casos-de-hanseniase-e-reforca-a-necessidade-de-combate-a-doenca\/","og_locale":"pt_BR","og_type":"article","og_title":"Juazeiro realiza a\u00e7\u00f5es para identifica\u00e7\u00e3o de casos de hansen\u00edase e refor\u00e7a a necessidade de combate \u00e0 doen\u00e7a - Blog do Farn\u00e9sio","og_description":"A campanha Janeiro Roxo \u00e9 dedicada \u00e0 conscientiza\u00e7\u00e3o sobre os cuidados e a preven\u00e7\u00e3o da hansen\u00edase. A Prefeitura de Juazeiro, atrav\u00e9s da Secretaria de Sa\u00fade (Sesau), refor\u00e7a a necessidade de combate \u00e0 doen\u00e7a e mobiliza equipes de sa\u00fade da fam\u00edlia para fazer busca ativa de casos suspeitos. Entre os dias 16 a 20 de janeiro, equipes de sa\u00fade estar\u00e3o fazendo visitas \u00e0 comunidade para esclarecer a popula\u00e7\u00e3o sobre a doen\u00e7a e procurar pessoas que apresentem as manchas caracter\u00edsticas da hansen\u00edase. \u201cFaremos a\u00e7\u00f5es de educa\u00e7\u00e3o em sa\u00fade e busca ativa de casos suspeitos e exames de contatos de pacientes com hansen\u00edase, com o objetivo de ampliar a detec\u00e7\u00e3o precoce. Aproveitamos a repercuss\u00e3o da campanha para discutir e refletir sobre a hansen\u00edase&hellip;","og_url":"https:\/\/blogdofarnesio.com.br\/2023\/01\/juazeiro-realiza-acoes-para-identificacao-de-casos-de-hanseniase-e-reforca-a-necessidade-de-combate-a-doenca\/","og_site_name":"Blog do Farn\u00e9sio","article_publisher":"https:\/\/www.facebook.com\/BlogQuerSaberPolitica\/","article_author":"https:\/\/www.facebook.com\/?ref=tn_tnmn","article_published_time":"2023-01-13T19:23:59+00:00","og_image":[{"width":680,"height":527,"url":"https:\/\/blogdofarnesio.com.br\/wp-content\/uploads\/2023\/01\/Janeiro-Roxo-e1673635061453.jpeg","type":"image\/jpeg"}],"author":"Farn\u00e9sio","twitter_card":"summary_large_image","twitter_misc":{"Escrito por":"Farn\u00e9sio","Est. tempo de leitura":"3 minutos"},"schema":{"@context":"https:\/\/schema.org","@graph":[{"@type":"Article","@id":"https:\/\/blogdofarnesio.com.br\/2023\/01\/juazeiro-realiza-acoes-para-identificacao-de-casos-de-hanseniase-e-reforca-a-necessidade-de-combate-a-doenca\/#article","isPartOf":{"@id":"https:\/\/blogdofarnesio.com.br\/2023\/01\/juazeiro-realiza-acoes-para-identificacao-de-casos-de-hanseniase-e-reforca-a-necessidade-de-combate-a-doenca\/"},"author":{"name":"Farn\u00e9sio","@id":"https:\/\/blogdofarnesio.com.br\/#\/schema\/person\/bb9b23ae3ad0609ce8df7b6c9e76824d"},"headline":"Juazeiro realiza a\u00e7\u00f5es para identifica\u00e7\u00e3o de casos de hansen\u00edase e refor\u00e7a a necessidade de combate \u00e0 doen\u00e7a","datePublished":"2023-01-13T19:23:59+00:00","mainEntityOfPage":{"@id":"https:\/\/blogdofarnesio.com.br\/2023\/01\/juazeiro-realiza-acoes-para-identificacao-de-casos-de-hanseniase-e-reforca-a-necessidade-de-combate-a-doenca\/"},"wordCount":545,"commentCount":0,"publisher":{"@id":"https:\/\/blogdofarnesio.com.br\/#organization"},"image":{"@id":"https:\/\/blogdofarnesio.com.br\/2023\/01\/juazeiro-realiza-acoes-para-identificacao-de-casos-de-hanseniase-e-reforca-a-necessidade-de-combate-a-doenca\/#primaryimage"},"thumbnailUrl":"https:\/\/blogdofarnesio.com.br\/wp-content\/uploads\/2023\/01\/Janeiro-Roxo-e1673635061453.jpeg","articleSection":["A\u00e7\u00e3o Social"],"inLanguage":"pt-BR","potentialAction":[{"@type":"CommentAction","name":"Comment","target":["https:\/\/blogdofarnesio.com.br\/2023\/01\/juazeiro-realiza-acoes-para-identificacao-de-casos-de-hanseniase-e-reforca-a-necessidade-de-combate-a-doenca\/#respond"]}]},{"@type":"WebPage","@id":"https:\/\/blogdofarnesio.com.br\/2023\/01\/juazeiro-realiza-acoes-para-identificacao-de-casos-de-hanseniase-e-reforca-a-necessidade-de-combate-a-doenca\/","url":"https:\/\/blogdofarnesio.com.br\/2023\/01\/juazeiro-realiza-acoes-para-identificacao-de-casos-de-hanseniase-e-reforca-a-necessidade-de-combate-a-doenca\/","name":"Juazeiro realiza a\u00e7\u00f5es para identifica\u00e7\u00e3o de casos de hansen\u00edase e refor\u00e7a a necessidade de combate \u00e0 doen\u00e7a - Blog do Farn\u00e9sio","isPartOf":{"@id":"https:\/\/blogdofarnesio.com.br\/#website"},"primaryImageOfPage":{"@id":"https:\/\/blogdofarnesio.com.br\/2023\/01\/juazeiro-realiza-acoes-para-identificacao-de-casos-de-hanseniase-e-reforca-a-necessidade-de-combate-a-doenca\/#primaryimage"},"image":{"@id":"https:\/\/blogdofarnesio.com.br\/2023\/01\/juazeiro-realiza-acoes-para-identificacao-de-casos-de-hanseniase-e-reforca-a-necessidade-de-combate-a-doenca\/#primaryimage"},"thumbnailUrl":"https:\/\/blogdofarnesio.com.br\/wp-content\/uploads\/2023\/01\/Janeiro-Roxo-e1673635061453.jpeg","datePublished":"2023-01-13T19:23:59+00:00","breadcrumb":{"@id":"https:\/\/blogdofarnesio.com.br\/2023\/01\/juazeiro-realiza-acoes-para-identificacao-de-casos-de-hanseniase-e-reforca-a-necessidade-de-combate-a-doenca\/#breadcrumb"},"inLanguage":"pt-BR","potentialAction":[{"@type":"ReadAction","target":["https:\/\/blogdofarnesio.com.br\/2023\/01\/juazeiro-realiza-acoes-para-identificacao-de-casos-de-hanseniase-e-reforca-a-necessidade-de-combate-a-doenca\/"]}]},{"@type":"ImageObject","inLanguage":"pt-BR","@id":"https:\/\/blogdofarnesio.com.br\/2023\/01\/juazeiro-realiza-acoes-para-identificacao-de-casos-de-hanseniase-e-reforca-a-necessidade-de-combate-a-doenca\/#primaryimage","url":"https:\/\/blogdofarnesio.com.br\/wp-content\/uploads\/2023\/01\/Janeiro-Roxo-e1673635061453.jpeg","contentUrl":"https:\/\/blogdofarnesio.com.br\/wp-content\/uploads\/2023\/01\/Janeiro-Roxo-e1673635061453.jpeg","width":680,"height":527},{"@type":"BreadcrumbList","@id":"https:\/\/blogdofarnesio.com.br\/2023\/01\/juazeiro-realiza-acoes-para-identificacao-de-casos-de-hanseniase-e-reforca-a-necessidade-de-combate-a-doenca\/#breadcrumb","itemListElement":[{"@type":"ListItem","position":1,"name":"In\u00edcio","item":"https:\/\/blogdofarnesio.com.br\/"},{"@type":"ListItem","position":2,"name":"Juazeiro realiza a\u00e7\u00f5es para identifica\u00e7\u00e3o de casos de hansen\u00edase e refor\u00e7a a necessidade de combate \u00e0 doen\u00e7a"}]},{"@type":"WebSite","@id":"https:\/\/blogdofarnesio.com.br\/#website","url":"https:\/\/blogdofarnesio.com.br\/","name":"Blog do Farn\u00e9sio","description":"Quer Saber Pol\u00edtica?","publisher":{"@id":"https:\/\/blogdofarnesio.com.br\/#organization"},"potentialAction":[{"@type":"SearchAction","target":{"@type":"EntryPoint","urlTemplate":"https:\/\/blogdofarnesio.com.br\/?s={search_term_string}"},"query-input":{"@type":"PropertyValueSpecification","valueRequired":true,"valueName":"search_term_string"}}],"inLanguage":"pt-BR"},{"@type":"Organization","@id":"https:\/\/blogdofarnesio.com.br\/#organization","name":"Blog do Farn\u00e9sio","url":"https:\/\/blogdofarnesio.com.br\/","logo":{"@type":"ImageObject","inLanguage":"pt-BR","@id":"https:\/\/blogdofarnesio.com.br\/#\/schema\/logo\/image\/","url":"https:\/\/blogdofarnesio.com.br\/wp-content\/uploads\/2026\/03\/cropped-logo_new-1.png","contentUrl":"https:\/\/blogdofarnesio.com.br\/wp-content\/uploads\/2026\/03\/cropped-logo_new-1.png","width":881,"height":685,"caption":"Blog do Farn\u00e9sio"},"image":{"@id":"https:\/\/blogdofarnesio.com.br\/#\/schema\/logo\/image\/"},"sameAs":["https:\/\/www.facebook.com\/BlogQuerSaberPolitica\/"]},{"@type":"Person","@id":"https:\/\/blogdofarnesio.com.br\/#\/schema\/person\/bb9b23ae3ad0609ce8df7b6c9e76824d","name":"Farn\u00e9sio","image":{"@type":"ImageObject","inLanguage":"pt-BR","@id":"https:\/\/secure.gravatar.com\/avatar\/986aa4c61ccdb66f8555bf88fc2a65609d00bcabd4d2d94377a727547345cbca?s=96&d=mm&r=g","url":"https:\/\/secure.gravatar.com\/avatar\/986aa4c61ccdb66f8555bf88fc2a65609d00bcabd4d2d94377a727547345cbca?s=96&d=mm&r=g","contentUrl":"https:\/\/secure.gravatar.com\/avatar\/986aa4c61ccdb66f8555bf88fc2a65609d00bcabd4d2d94377a727547345cbca?s=96&d=mm&r=g","caption":"Farn\u00e9sio"},"description":"Radialista blogueiro, chegou a Petrolina\/Juazeiro em setembro de 1980, Farn\u00e9sio Silva \u00e9 de Arapiraca-Alagoas.","sameAs":["http:\/\/blogdofarnesio.com.br","https:\/\/www.facebook.com\/?ref=tn_tnmn","https:\/\/www.instagram.com\/?utm_source=pwa_homescreen","https:\/\/youtube.com.br\/"],"url":"https:\/\/blogdofarnesio.com.br\/author\/farnesio-2\/"}]}},"_links":{"self":[{"href":"https:\/\/blogdofarnesio.com.br\/wp-json\/wp\/v2\/posts\/331417","targetHints":{"allow":["GET"]}}],"collection":[{"href":"https:\/\/blogdofarnesio.com.br\/wp-json\/wp\/v2\/posts"}],"about":[{"href":"https:\/\/blogdofarnesio.com.br\/wp-json\/wp\/v2\/types\/post"}],"author":[{"embeddable":true,"href":"https:\/\/blogdofarnesio.com.br\/wp-json\/wp\/v2\/users\/2"}],"replies":[{"embeddable":true,"href":"https:\/\/blogdofarnesio.com.br\/wp-json\/wp\/v2\/comments?post=331417"}],"version-history":[{"count":0,"href":"https:\/\/blogdofarnesio.com.br\/wp-json\/wp\/v2\/posts\/331417\/revisions"}],"wp:featuredmedia":[{"embeddable":true,"href":"https:\/\/blogdofarnesio.com.br\/wp-json\/wp\/v2\/media\/331418"}],"wp:attachment":[{"href":"https:\/\/blogdofarnesio.com.br\/wp-json\/wp\/v2\/media?parent=331417"}],"wp:term":[{"taxonomy":"category","embeddable":true,"href":"https:\/\/blogdofarnesio.com.br\/wp-json\/wp\/v2\/categories?post=331417"},{"taxonomy":"post_tag","embeddable":true,"href":"https:\/\/blogdofarnesio.com.br\/wp-json\/wp\/v2\/tags?post=331417"}],"curies":[{"name":"wp","href":"https:\/\/api.w.org\/{rel}","templated":true}]}}