{"id":331249,"date":"2023-01-13T09:41:29","date_gmt":"2023-01-13T12:41:29","guid":{"rendered":"https:\/\/blogdofarnesio.com.br\/?p=331249"},"modified":"2023-01-11T14:42:12","modified_gmt":"2023-01-11T17:42:12","slug":"prefeitura-promove-reuniao-publica-sobre-a-implementacao-da-lei-paulo-gustavo-em-petrolina","status":"publish","type":"post","link":"https:\/\/blogdofarnesio.com.br\/?p=331249","title":{"rendered":"Prefeitura promove reuni\u00e3o p\u00fablica sobre a implementa\u00e7\u00e3o da Lei Paulo Gustavo em Petrolina"},"content":{"rendered":"<p style=\"font-weight: 400;\">A Prefeitura de Petrolina, por meio da Secretaria Executiva de Cultura, convida os artistas, produtores culturais e demais interessados, para participar da primeira reuni\u00e3o p\u00fablica sobre a implementa\u00e7\u00e3o da Lei Paulo Gustavo na cidade. O encontro ser\u00e1 realizado nesta sexta-feira (13), \u00e0s 9h, na sala de ensaios da Philarm\u00f4nica 21 de Setembro, localizado no N\u00facleo Administrativo Municipal, que fica na Avenida Coronel Clementino Coelho, n\u00b0 174, Bairro Parque Bandeirantes.<\/p>\n<p style=\"font-weight: 400;\">A reuni\u00e3o \u00e9 uma forma de estabelecer um di\u00e1logo entre o poder p\u00fablico e a cadeia produtiva cultural, sobre as formas de utilizar os recursos provenientes da Lei Paulo Gustavo. Segundo a diretora de Cultura, B\u00e1rbara Pontes, o encontro servir\u00e1 para ouvir as demandas dos fazedores de cultura de Petrolina, para que a implementa\u00e7\u00e3o da Lei esteja o mais pr\u00f3ximo da realidade local e de reais necessidades desse setor.<\/p>\n<p style=\"font-weight: 400;\">\u201c<em>Essa oitiva, faz parte de uma s\u00e9rie de encontros que est\u00e3o previstos na pr\u00f3pria Lei Paulo Gustavo (LPG). A participa\u00e7\u00e3o dos artistas e de quem promove a cultura e as artes \u00e9 de suma import\u00e2ncia nessa reuni\u00e3o, pois queremos promover a constru\u00e7\u00e3o participativa e assim beneficiar todo o desenvolvimento cultural do munic\u00edpio<\/em>\u201d, destacou B\u00e1rbara.<\/p>\n<p style=\"font-weight: 400;\">Texto: Elaine Barbosa<\/p>\n<p style=\"font-weight: 400;\">Assessora de Imprensa<\/p>\n","protected":false},"excerpt":{"rendered":"<p>A Prefeitura de Petrolina, por meio da Secretaria Executiva de Cultura, convida os artistas, produtores culturais e demais interessados, para participar da primeira reuni\u00e3o p\u00fablica sobre a implementa\u00e7\u00e3o da Lei Paulo Gustavo na cidade. O encontro ser\u00e1 realizado nesta sexta-feira (13), \u00e0s 9h, na sala de ensaios da Philarm\u00f4nica 21 de Setembro, localizado no N\u00facleo Administrativo Municipal, que fica na Avenida Coronel Clementino Coelho, n\u00b0 174, Bairro Parque Bandeirantes. A reuni\u00e3o \u00e9 uma forma de estabelecer um di\u00e1logo entre o poder p\u00fablico e a cadeia produtiva cultural, sobre as formas de utilizar os recursos provenientes da Lei Paulo Gustavo. Segundo a diretora de Cultura, B\u00e1rbara Pontes, o encontro servir\u00e1 para ouvir as demandas dos fazedores de cultura de Petrolina, para&hellip; <\/p>\n","protected":false},"author":2,"featured_media":327895,"comment_status":"open","ping_status":"open","sticky":false,"template":"","format":"standard","meta":{"_acf_changed":false,"footnotes":""},"categories":[10],"tags":[],"class_list":["post-331249","post","type-post","status-publish","format-standard","has-post-thumbnail","hentry","category-cultura"],"acf":[],"yoast_head":"<!-- This site is optimized with the Yoast SEO plugin v27.4 - https:\/\/yoast.com\/product\/yoast-seo-wordpress\/ -->\n<title>Prefeitura promove reuni\u00e3o p\u00fablica sobre a implementa\u00e7\u00e3o da Lei Paulo Gustavo em Petrolina - Blog do Farn\u00e9sio<\/title>\n<meta name=\"robots\" content=\"index, follow, max-snippet:-1, max-image-preview:large, max-video-preview:-1\" \/>\n<link rel=\"canonical\" href=\"https:\/\/blogdofarnesio.com.br\/?p=331249\" \/>\n<meta property=\"og:locale\" content=\"pt_BR\" \/>\n<meta property=\"og:type\" content=\"article\" \/>\n<meta property=\"og:title\" content=\"Prefeitura promove reuni\u00e3o p\u00fablica sobre a implementa\u00e7\u00e3o da Lei Paulo Gustavo em Petrolina - Blog do Farn\u00e9sio\" \/>\n<meta property=\"og:description\" content=\"A Prefeitura de Petrolina, por meio da Secretaria Executiva de Cultura, convida os artistas, produtores culturais e demais interessados, para participar da primeira reuni\u00e3o p\u00fablica sobre a implementa\u00e7\u00e3o da Lei Paulo Gustavo na cidade. O encontro ser\u00e1 realizado nesta sexta-feira (13), \u00e0s 9h, na sala de ensaios da Philarm\u00f4nica 21 de Setembro, localizado no N\u00facleo Administrativo Municipal, que fica na Avenida Coronel Clementino Coelho, n\u00b0 174, Bairro Parque Bandeirantes. A reuni\u00e3o \u00e9 uma forma de estabelecer um di\u00e1logo entre o poder p\u00fablico e a cadeia produtiva cultural, sobre as formas de utilizar os recursos provenientes da Lei Paulo Gustavo. Segundo a diretora de Cultura, B\u00e1rbara Pontes, o encontro servir\u00e1 para ouvir as demandas dos fazedores de cultura de Petrolina, para&hellip;\" \/>\n<meta property=\"og:url\" content=\"https:\/\/blogdofarnesio.com.br\/?p=331249\" \/>\n<meta property=\"og:site_name\" content=\"Blog do Farn\u00e9sio\" \/>\n<meta property=\"article:publisher\" content=\"https:\/\/www.facebook.com\/BlogQuerSaberPolitica\/\" \/>\n<meta property=\"article:author\" content=\"https:\/\/www.facebook.com\/?ref=tn_tnmn\" \/>\n<meta property=\"article:published_time\" content=\"2023-01-13T12:41:29+00:00\" \/>\n<meta property=\"og:image\" content=\"https:\/\/blogdofarnesio.com.br\/wp-content\/uploads\/2022\/11\/blogqsolei-paulo-gustavo-e1669234442337.jpg\" \/>\n\t<meta property=\"og:image:width\" content=\"650\" \/>\n\t<meta property=\"og:image:height\" content=\"347\" \/>\n\t<meta property=\"og:image:type\" content=\"image\/jpeg\" \/>\n<meta name=\"author\" content=\"Farn\u00e9sio\" \/>\n<meta name=\"twitter:card\" content=\"summary_large_image\" \/>\n<meta name=\"twitter:label1\" content=\"Escrito por\" \/>\n\t<meta name=\"twitter:data1\" content=\"Farn\u00e9sio\" \/>\n\t<meta name=\"twitter:label2\" content=\"Est. tempo de leitura\" \/>\n\t<meta name=\"twitter:data2\" content=\"2 minutos\" \/>\n<script type=\"application\/ld+json\" class=\"yoast-schema-graph\">{\"@context\":\"https:\\\/\\\/schema.org\",\"@graph\":[{\"@type\":\"Article\",\"@id\":\"https:\\\/\\\/blogdofarnesio.com.br\\\/?p=331249#article\",\"isPartOf\":{\"@id\":\"https:\\\/\\\/blogdofarnesio.com.br\\\/?p=331249\"},\"author\":{\"name\":\"Farn\u00e9sio\",\"@id\":\"https:\\\/\\\/blogdofarnesio.com.br\\\/#\\\/schema\\\/person\\\/bb9b23ae3ad0609ce8df7b6c9e76824d\"},\"headline\":\"Prefeitura promove reuni\u00e3o p\u00fablica sobre a implementa\u00e7\u00e3o da Lei Paulo Gustavo em Petrolina\",\"datePublished\":\"2023-01-13T12:41:29+00:00\",\"mainEntityOfPage\":{\"@id\":\"https:\\\/\\\/blogdofarnesio.com.br\\\/?p=331249\"},\"wordCount\":229,\"commentCount\":0,\"publisher\":{\"@id\":\"https:\\\/\\\/blogdofarnesio.com.br\\\/#organization\"},\"image\":{\"@id\":\"https:\\\/\\\/blogdofarnesio.com.br\\\/?p=331249#primaryimage\"},\"thumbnailUrl\":\"https:\\\/\\\/blogdofarnesio.com.br\\\/wp-content\\\/uploads\\\/2022\\\/11\\\/blogqsolei-paulo-gustavo-e1669234442337.jpg\",\"articleSection\":[\"Cultura\"],\"inLanguage\":\"pt-BR\",\"potentialAction\":[{\"@type\":\"CommentAction\",\"name\":\"Comment\",\"target\":[\"https:\\\/\\\/blogdofarnesio.com.br\\\/?p=331249#respond\"]}]},{\"@type\":\"WebPage\",\"@id\":\"https:\\\/\\\/blogdofarnesio.com.br\\\/?p=331249\",\"url\":\"https:\\\/\\\/blogdofarnesio.com.br\\\/?p=331249\",\"name\":\"Prefeitura promove reuni\u00e3o p\u00fablica sobre a implementa\u00e7\u00e3o da Lei Paulo Gustavo em Petrolina - Blog do Farn\u00e9sio\",\"isPartOf\":{\"@id\":\"https:\\\/\\\/blogdofarnesio.com.br\\\/#website\"},\"primaryImageOfPage\":{\"@id\":\"https:\\\/\\\/blogdofarnesio.com.br\\\/?p=331249#primaryimage\"},\"image\":{\"@id\":\"https:\\\/\\\/blogdofarnesio.com.br\\\/?p=331249#primaryimage\"},\"thumbnailUrl\":\"https:\\\/\\\/blogdofarnesio.com.br\\\/wp-content\\\/uploads\\\/2022\\\/11\\\/blogqsolei-paulo-gustavo-e1669234442337.jpg\",\"datePublished\":\"2023-01-13T12:41:29+00:00\",\"breadcrumb\":{\"@id\":\"https:\\\/\\\/blogdofarnesio.com.br\\\/?p=331249#breadcrumb\"},\"inLanguage\":\"pt-BR\",\"potentialAction\":[{\"@type\":\"ReadAction\",\"target\":[\"https:\\\/\\\/blogdofarnesio.com.br\\\/?p=331249\"]}]},{\"@type\":\"ImageObject\",\"inLanguage\":\"pt-BR\",\"@id\":\"https:\\\/\\\/blogdofarnesio.com.br\\\/?p=331249#primaryimage\",\"url\":\"https:\\\/\\\/blogdofarnesio.com.br\\\/wp-content\\\/uploads\\\/2022\\\/11\\\/blogqsolei-paulo-gustavo-e1669234442337.jpg\",\"contentUrl\":\"https:\\\/\\\/blogdofarnesio.com.br\\\/wp-content\\\/uploads\\\/2022\\\/11\\\/blogqsolei-paulo-gustavo-e1669234442337.jpg\",\"width\":650,\"height\":347},{\"@type\":\"BreadcrumbList\",\"@id\":\"https:\\\/\\\/blogdofarnesio.com.br\\\/?p=331249#breadcrumb\",\"itemListElement\":[{\"@type\":\"ListItem\",\"position\":1,\"name\":\"In\u00edcio\",\"item\":\"https:\\\/\\\/blogdofarnesio.com.br\\\/\"},{\"@type\":\"ListItem\",\"position\":2,\"name\":\"Prefeitura promove reuni\u00e3o p\u00fablica sobre a implementa\u00e7\u00e3o da Lei Paulo Gustavo em Petrolina\"}]},{\"@type\":\"WebSite\",\"@id\":\"https:\\\/\\\/blogdofarnesio.com.br\\\/#website\",\"url\":\"https:\\\/\\\/blogdofarnesio.com.br\\\/\",\"name\":\"Blog do Farn\u00e9sio\",\"description\":\"Quer Saber Pol\u00edtica?\",\"publisher\":{\"@id\":\"https:\\\/\\\/blogdofarnesio.com.br\\\/#organization\"},\"potentialAction\":[{\"@type\":\"SearchAction\",\"target\":{\"@type\":\"EntryPoint\",\"urlTemplate\":\"https:\\\/\\\/blogdofarnesio.com.br\\\/?s={search_term_string}\"},\"query-input\":{\"@type\":\"PropertyValueSpecification\",\"valueRequired\":true,\"valueName\":\"search_term_string\"}}],\"inLanguage\":\"pt-BR\"},{\"@type\":\"Organization\",\"@id\":\"https:\\\/\\\/blogdofarnesio.com.br\\\/#organization\",\"name\":\"Blog do Farn\u00e9sio\",\"url\":\"https:\\\/\\\/blogdofarnesio.com.br\\\/\",\"logo\":{\"@type\":\"ImageObject\",\"inLanguage\":\"pt-BR\",\"@id\":\"https:\\\/\\\/blogdofarnesio.com.br\\\/#\\\/schema\\\/logo\\\/image\\\/\",\"url\":\"https:\\\/\\\/blogdofarnesio.com.br\\\/wp-content\\\/uploads\\\/2026\\\/03\\\/cropped-logo_new-1.png\",\"contentUrl\":\"https:\\\/\\\/blogdofarnesio.com.br\\\/wp-content\\\/uploads\\\/2026\\\/03\\\/cropped-logo_new-1.png\",\"width\":881,\"height\":685,\"caption\":\"Blog do Farn\u00e9sio\"},\"image\":{\"@id\":\"https:\\\/\\\/blogdofarnesio.com.br\\\/#\\\/schema\\\/logo\\\/image\\\/\"},\"sameAs\":[\"https:\\\/\\\/www.facebook.com\\\/BlogQuerSaberPolitica\\\/\"]},{\"@type\":\"Person\",\"@id\":\"https:\\\/\\\/blogdofarnesio.com.br\\\/#\\\/schema\\\/person\\\/bb9b23ae3ad0609ce8df7b6c9e76824d\",\"name\":\"Farn\u00e9sio\",\"image\":{\"@type\":\"ImageObject\",\"inLanguage\":\"pt-BR\",\"@id\":\"https:\\\/\\\/secure.gravatar.com\\\/avatar\\\/986aa4c61ccdb66f8555bf88fc2a65609d00bcabd4d2d94377a727547345cbca?s=96&d=mm&r=g\",\"url\":\"https:\\\/\\\/secure.gravatar.com\\\/avatar\\\/986aa4c61ccdb66f8555bf88fc2a65609d00bcabd4d2d94377a727547345cbca?s=96&d=mm&r=g\",\"contentUrl\":\"https:\\\/\\\/secure.gravatar.com\\\/avatar\\\/986aa4c61ccdb66f8555bf88fc2a65609d00bcabd4d2d94377a727547345cbca?s=96&d=mm&r=g\",\"caption\":\"Farn\u00e9sio\"},\"description\":\"Radialista blogueiro, chegou a Petrolina\\\/Juazeiro em setembro de 1980, Farn\u00e9sio Silva \u00e9 de Arapiraca-Alagoas.\",\"sameAs\":[\"http:\\\/\\\/blogdofarnesio.com.br\",\"https:\\\/\\\/www.facebook.com\\\/?ref=tn_tnmn\",\"https:\\\/\\\/www.instagram.com\\\/?utm_source=pwa_homescreen\",\"https:\\\/\\\/youtube.com.br\\\/\"],\"url\":\"https:\\\/\\\/blogdofarnesio.com.br\\\/?author=2\"}]}<\/script>\n<!-- \/ Yoast SEO plugin. -->","yoast_head_json":{"title":"Prefeitura promove reuni\u00e3o p\u00fablica sobre a implementa\u00e7\u00e3o da Lei Paulo Gustavo em Petrolina - Blog do Farn\u00e9sio","robots":{"index":"index","follow":"follow","max-snippet":"max-snippet:-1","max-image-preview":"max-image-preview:large","max-video-preview":"max-video-preview:-1"},"canonical":"https:\/\/blogdofarnesio.com.br\/?p=331249","og_locale":"pt_BR","og_type":"article","og_title":"Prefeitura promove reuni\u00e3o p\u00fablica sobre a implementa\u00e7\u00e3o da Lei Paulo Gustavo em Petrolina - Blog do Farn\u00e9sio","og_description":"A Prefeitura de Petrolina, por meio da Secretaria Executiva de Cultura, convida os artistas, produtores culturais e demais interessados, para participar da primeira reuni\u00e3o p\u00fablica sobre a implementa\u00e7\u00e3o da Lei Paulo Gustavo na cidade. O encontro ser\u00e1 realizado nesta sexta-feira (13), \u00e0s 9h, na sala de ensaios da Philarm\u00f4nica 21 de Setembro, localizado no N\u00facleo Administrativo Municipal, que fica na Avenida Coronel Clementino Coelho, n\u00b0 174, Bairro Parque Bandeirantes. A reuni\u00e3o \u00e9 uma forma de estabelecer um di\u00e1logo entre o poder p\u00fablico e a cadeia produtiva cultural, sobre as formas de utilizar os recursos provenientes da Lei Paulo Gustavo. Segundo a diretora de Cultura, B\u00e1rbara Pontes, o encontro servir\u00e1 para ouvir as demandas dos fazedores de cultura de Petrolina, para&hellip;","og_url":"https:\/\/blogdofarnesio.com.br\/?p=331249","og_site_name":"Blog do Farn\u00e9sio","article_publisher":"https:\/\/www.facebook.com\/BlogQuerSaberPolitica\/","article_author":"https:\/\/www.facebook.com\/?ref=tn_tnmn","article_published_time":"2023-01-13T12:41:29+00:00","og_image":[{"width":650,"height":347,"url":"https:\/\/blogdofarnesio.com.br\/wp-content\/uploads\/2022\/11\/blogqsolei-paulo-gustavo-e1669234442337.jpg","type":"image\/jpeg"}],"author":"Farn\u00e9sio","twitter_card":"summary_large_image","twitter_misc":{"Escrito por":"Farn\u00e9sio","Est. tempo de leitura":"2 minutos"},"schema":{"@context":"https:\/\/schema.org","@graph":[{"@type":"Article","@id":"https:\/\/blogdofarnesio.com.br\/?p=331249#article","isPartOf":{"@id":"https:\/\/blogdofarnesio.com.br\/?p=331249"},"author":{"name":"Farn\u00e9sio","@id":"https:\/\/blogdofarnesio.com.br\/#\/schema\/person\/bb9b23ae3ad0609ce8df7b6c9e76824d"},"headline":"Prefeitura promove reuni\u00e3o p\u00fablica sobre a implementa\u00e7\u00e3o da Lei Paulo Gustavo em Petrolina","datePublished":"2023-01-13T12:41:29+00:00","mainEntityOfPage":{"@id":"https:\/\/blogdofarnesio.com.br\/?p=331249"},"wordCount":229,"commentCount":0,"publisher":{"@id":"https:\/\/blogdofarnesio.com.br\/#organization"},"image":{"@id":"https:\/\/blogdofarnesio.com.br\/?p=331249#primaryimage"},"thumbnailUrl":"https:\/\/blogdofarnesio.com.br\/wp-content\/uploads\/2022\/11\/blogqsolei-paulo-gustavo-e1669234442337.jpg","articleSection":["Cultura"],"inLanguage":"pt-BR","potentialAction":[{"@type":"CommentAction","name":"Comment","target":["https:\/\/blogdofarnesio.com.br\/?p=331249#respond"]}]},{"@type":"WebPage","@id":"https:\/\/blogdofarnesio.com.br\/?p=331249","url":"https:\/\/blogdofarnesio.com.br\/?p=331249","name":"Prefeitura promove reuni\u00e3o p\u00fablica sobre a implementa\u00e7\u00e3o da Lei Paulo Gustavo em Petrolina - Blog do Farn\u00e9sio","isPartOf":{"@id":"https:\/\/blogdofarnesio.com.br\/#website"},"primaryImageOfPage":{"@id":"https:\/\/blogdofarnesio.com.br\/?p=331249#primaryimage"},"image":{"@id":"https:\/\/blogdofarnesio.com.br\/?p=331249#primaryimage"},"thumbnailUrl":"https:\/\/blogdofarnesio.com.br\/wp-content\/uploads\/2022\/11\/blogqsolei-paulo-gustavo-e1669234442337.jpg","datePublished":"2023-01-13T12:41:29+00:00","breadcrumb":{"@id":"https:\/\/blogdofarnesio.com.br\/?p=331249#breadcrumb"},"inLanguage":"pt-BR","potentialAction":[{"@type":"ReadAction","target":["https:\/\/blogdofarnesio.com.br\/?p=331249"]}]},{"@type":"ImageObject","inLanguage":"pt-BR","@id":"https:\/\/blogdofarnesio.com.br\/?p=331249#primaryimage","url":"https:\/\/blogdofarnesio.com.br\/wp-content\/uploads\/2022\/11\/blogqsolei-paulo-gustavo-e1669234442337.jpg","contentUrl":"https:\/\/blogdofarnesio.com.br\/wp-content\/uploads\/2022\/11\/blogqsolei-paulo-gustavo-e1669234442337.jpg","width":650,"height":347},{"@type":"BreadcrumbList","@id":"https:\/\/blogdofarnesio.com.br\/?p=331249#breadcrumb","itemListElement":[{"@type":"ListItem","position":1,"name":"In\u00edcio","item":"https:\/\/blogdofarnesio.com.br\/"},{"@type":"ListItem","position":2,"name":"Prefeitura promove reuni\u00e3o p\u00fablica sobre a implementa\u00e7\u00e3o da Lei Paulo Gustavo em Petrolina"}]},{"@type":"WebSite","@id":"https:\/\/blogdofarnesio.com.br\/#website","url":"https:\/\/blogdofarnesio.com.br\/","name":"Blog do Farn\u00e9sio","description":"Quer Saber Pol\u00edtica?","publisher":{"@id":"https:\/\/blogdofarnesio.com.br\/#organization"},"potentialAction":[{"@type":"SearchAction","target":{"@type":"EntryPoint","urlTemplate":"https:\/\/blogdofarnesio.com.br\/?s={search_term_string}"},"query-input":{"@type":"PropertyValueSpecification","valueRequired":true,"valueName":"search_term_string"}}],"inLanguage":"pt-BR"},{"@type":"Organization","@id":"https:\/\/blogdofarnesio.com.br\/#organization","name":"Blog do Farn\u00e9sio","url":"https:\/\/blogdofarnesio.com.br\/","logo":{"@type":"ImageObject","inLanguage":"pt-BR","@id":"https:\/\/blogdofarnesio.com.br\/#\/schema\/logo\/image\/","url":"https:\/\/blogdofarnesio.com.br\/wp-content\/uploads\/2026\/03\/cropped-logo_new-1.png","contentUrl":"https:\/\/blogdofarnesio.com.br\/wp-content\/uploads\/2026\/03\/cropped-logo_new-1.png","width":881,"height":685,"caption":"Blog do Farn\u00e9sio"},"image":{"@id":"https:\/\/blogdofarnesio.com.br\/#\/schema\/logo\/image\/"},"sameAs":["https:\/\/www.facebook.com\/BlogQuerSaberPolitica\/"]},{"@type":"Person","@id":"https:\/\/blogdofarnesio.com.br\/#\/schema\/person\/bb9b23ae3ad0609ce8df7b6c9e76824d","name":"Farn\u00e9sio","image":{"@type":"ImageObject","inLanguage":"pt-BR","@id":"https:\/\/secure.gravatar.com\/avatar\/986aa4c61ccdb66f8555bf88fc2a65609d00bcabd4d2d94377a727547345cbca?s=96&d=mm&r=g","url":"https:\/\/secure.gravatar.com\/avatar\/986aa4c61ccdb66f8555bf88fc2a65609d00bcabd4d2d94377a727547345cbca?s=96&d=mm&r=g","contentUrl":"https:\/\/secure.gravatar.com\/avatar\/986aa4c61ccdb66f8555bf88fc2a65609d00bcabd4d2d94377a727547345cbca?s=96&d=mm&r=g","caption":"Farn\u00e9sio"},"description":"Radialista blogueiro, chegou a Petrolina\/Juazeiro em setembro de 1980, Farn\u00e9sio Silva \u00e9 de Arapiraca-Alagoas.","sameAs":["http:\/\/blogdofarnesio.com.br","https:\/\/www.facebook.com\/?ref=tn_tnmn","https:\/\/www.instagram.com\/?utm_source=pwa_homescreen","https:\/\/youtube.com.br\/"],"url":"https:\/\/blogdofarnesio.com.br\/?author=2"}]}},"_links":{"self":[{"href":"https:\/\/blogdofarnesio.com.br\/index.php?rest_route=\/wp\/v2\/posts\/331249","targetHints":{"allow":["GET"]}}],"collection":[{"href":"https:\/\/blogdofarnesio.com.br\/index.php?rest_route=\/wp\/v2\/posts"}],"about":[{"href":"https:\/\/blogdofarnesio.com.br\/index.php?rest_route=\/wp\/v2\/types\/post"}],"author":[{"embeddable":true,"href":"https:\/\/blogdofarnesio.com.br\/index.php?rest_route=\/wp\/v2\/users\/2"}],"replies":[{"embeddable":true,"href":"https:\/\/blogdofarnesio.com.br\/index.php?rest_route=%2Fwp%2Fv2%2Fcomments&post=331249"}],"version-history":[{"count":0,"href":"https:\/\/blogdofarnesio.com.br\/index.php?rest_route=\/wp\/v2\/posts\/331249\/revisions"}],"wp:featuredmedia":[{"embeddable":true,"href":"https:\/\/blogdofarnesio.com.br\/index.php?rest_route=\/wp\/v2\/media\/327895"}],"wp:attachment":[{"href":"https:\/\/blogdofarnesio.com.br\/index.php?rest_route=%2Fwp%2Fv2%2Fmedia&parent=331249"}],"wp:term":[{"taxonomy":"category","embeddable":true,"href":"https:\/\/blogdofarnesio.com.br\/index.php?rest_route=%2Fwp%2Fv2%2Fcategories&post=331249"},{"taxonomy":"post_tag","embeddable":true,"href":"https:\/\/blogdofarnesio.com.br\/index.php?rest_route=%2Fwp%2Fv2%2Ftags&post=331249"}],"curies":[{"name":"wp","href":"https:\/\/api.w.org\/{rel}","templated":true}]}}