{"id":330560,"date":"2022-12-02T07:30:50","date_gmt":"2022-12-02T10:30:50","guid":{"rendered":"https:\/\/blogdofarnesio.com.br\/?p=330560"},"modified":"2022-12-31T18:41:08","modified_gmt":"2022-12-31T21:41:08","slug":"mulher-acusa-daniel-alves-de-assedio-sexual-em-balada-de-barcelona","status":"publish","type":"post","link":"https:\/\/blogdofarnesio.com.br\/?p=330560","title":{"rendered":"Mulher acusa Daniel Alves de ass\u00e9dio sexual em balada de Barcelona"},"content":{"rendered":"<div class=\"m-head-single\">\n<h2 class=\"m-resume-single\">Segundo informa\u00e7\u00e3o do jornal ABC, o jogador teria introduzido a m\u00e3o por entre as roupas \u00edntimas da mulher<\/h2>\n<\/div>\n<div class=\"m-info-post\">\n<div class=\"m-signature\">\n<div class=\"m-author\">\n<div class=\"m-author-content\"><a class=\"m-name-author\" href=\"https:\/\/www.metropoles.com\/author\/agencia-estado\"><strong>Estad\u00e3o Conte\u00fado<\/strong><\/a><\/div>\n<\/div>\n<\/div>\n<\/div>\n<div class=\"m-image-single \"><picture class=\"\"><img loading=\"lazy\" decoding=\"async\" src=\"https:\/\/uploads.metropoles.com\/wp-content\/uploads\/2022\/12\/31164533\/GettyImages-1446286379-600x400.jpg\" alt=\"Daniel Alves\" width=\"450\" height=\"300\" \/><\/picture><\/div>\n<div class=\"m-image-single \"><span class=\"m-credit\">Stephen Nadler\/ISI Photos\/Getty Images<\/span><\/div>\n<div class=\"m-wrapper\">\n<div class=\"columns is-multiline\">\n<div class=\"column is-full\">\n<article class=\"m-content\">Na noite de sexta-feira, o lateral-direito\u00a0<a href=\"https:\/\/www.metropoles.com\/tag\/daniel-alves\" target=\"_blank\" rel=\"noopener\">Daniel Alves<\/a>\u00a0teria cometido ass\u00e9dio sexual contra uma mulher em uma balada em\u00a0<a href=\"https:\/\/www.metropoles.com\/tag\/barcelona\" target=\"_blank\" rel=\"noopener\">Barcelona<\/a>, na Espanha. A acusa\u00e7\u00e3o foi informada pelo di\u00e1rio ABC e reproduzida pelo Mundo Deportivo. O caso foi informado \u00e0 pol\u00edcia catal\u00e3. O estafe do jogador de 39 anos negou ao jornal que ele tenha cometido ass\u00e9dio e disse que ficou pouco tempo no local.<\/p>\n<div class=\"m-news-list-content m-related-news\">\n<h5>Mais sobre o assunto<\/h5>\n<ul class=\"columns is-multiline\">\n<li class=\"column is-half-tablet is-full\">\n<article class=\"m-feed m-feed-small \"><a href=\"https:\/\/www.metropoles.com\/esportes\/futebol\/daniel-alves-e-sondado-pelo-botafogo-para-retornar-ao-brasil-em-2023\"><picture><source class=\"\" srcset=\"https:\/\/uploads.metropoles.com\/wp-content\/uploads\/2022\/12\/16125858\/foto-Daniel-Alves-Copa-do-Mundo-05122022-960x640.jpg\" media=\"(max-width: 767px)\" data-srcset=\"https:\/\/uploads.metropoles.com\/wp-content\/uploads\/2022\/12\/16125858\/foto-Daniel-Alves-Copa-do-Mundo-05122022-960x640.jpg\" data-was-processed=\"true\" \/><img decoding=\"async\" class=\"loaded\" src=\"https:\/\/uploads.metropoles.com\/wp-content\/uploads\/2022\/12\/16125858\/foto-Daniel-Alves-Copa-do-Mundo-05122022-120x80.jpg\" alt=\"Daniel Alves durante a Copa do Mundo - Metr\u00f3poles\" data-src=\"https:\/\/uploads.metropoles.com\/wp-content\/uploads\/2022\/12\/16125858\/foto-Daniel-Alves-Copa-do-Mundo-05122022-120x80.jpg\" data-was-processed=\"true\" \/><\/picture><\/a><\/p>\n<div class=\"m-box-text\"><\/div>\n<\/article>\n<\/li>\n<\/ul>\n<\/div>\n<p data-gtm-vis-recent-on-screen-8752935_845=\"10128\" data-gtm-vis-first-on-screen-8752935_845=\"10128\" data-gtm-vis-total-visible-time-8752935_845=\"100\" data-gtm-vis-has-fired-8752935_845=\"1\">O caso aconteceu na discoteca Sutton de Barcelona, localizada no rua Tuset. A mulher esteve acompanhada por amigas a todo o instante. O relato aponta que Daniel Alves teria introduzido a m\u00e3o por entre as roupas \u00edntimas da mulher. Espantada com o ass\u00e9dio, ela rapidamente procurou as amigas e, em seguida, os seguran\u00e7as da balada.<\/p>\n<p>A equipe de seguran\u00e7a da casa noturna acionou a pol\u00edcia catal\u00e3 (Mossos d\u2019Esquadra), que colheu depoimento da v\u00edtima. Ela tamb\u00e9m passou por exame m\u00e9dico em um hospital, mas ainda n\u00e3o formalizou boletim de ocorr\u00eancia. Foi aberta investiga\u00e7\u00e3o para esclarecer o ocorrido.<\/p>\n<p>Quando a pol\u00edcia chegou \u00e0 casa noturna, Daniel Alves j\u00e1 teria deixado o local. O lateral-direito defendeu o Brasil na Copa do Mundo do Catar at\u00e9 as quartas de final, em que a sele\u00e7\u00e3o foi eliminada diante da Cro\u00e1cia.<\/p>\n<section class=\"playerfootballco margin-bottom-15\"><\/section>\n<p data-gtm-vis-recent-on-screen-8752935_866=\"12707\" data-gtm-vis-first-on-screen-8752935_866=\"12707\" data-gtm-vis-total-visible-time-8752935_866=\"100\" data-gtm-vis-has-fired-8752935_866=\"1\" data-gtm-vis-recent-on-screen-8752935_862=\"12708\" data-gtm-vis-first-on-screen-8752935_862=\"12708\" data-gtm-vis-total-visible-time-8752935_862=\"100\" data-gtm-vis-has-fired-8752935_862=\"1\">Com uma longa rela\u00e7\u00e3o com o Barcelona, Daniel Alves usou as instala\u00e7\u00f5es do clube para se manter em forma para jogar o Mundial. O jogador est\u00e1 vinculado ao mexicano Pumas, mas n\u00e3o atua pelo clube desde o fim de setembro.<\/p>\n<\/article>\n<\/div>\n<\/div>\n<\/div>\n","protected":false},"excerpt":{"rendered":"<p>Segundo informa\u00e7\u00e3o do jornal ABC, o jogador teria introduzido a m\u00e3o por entre as roupas \u00edntimas da mulher Estad\u00e3o Conte\u00fado Stephen Nadler\/ISI Photos\/Getty Images Na noite de sexta-feira, o lateral-direito\u00a0Daniel Alves\u00a0teria cometido ass\u00e9dio sexual contra uma mulher em uma balada em\u00a0Barcelona, na Espanha. A acusa\u00e7\u00e3o foi informada pelo di\u00e1rio ABC e reproduzida pelo Mundo Deportivo. O caso foi informado \u00e0 pol\u00edcia catal\u00e3. O estafe do jogador de 39 anos negou ao jornal que ele tenha cometido ass\u00e9dio e disse que ficou pouco tempo no local. Mais sobre o assunto O caso aconteceu na discoteca Sutton de Barcelona, localizada no rua Tuset. A mulher esteve acompanhada por amigas a todo o instante. O relato aponta que Daniel Alves teria introduzido a&hellip; <\/p>\n","protected":false},"author":2,"featured_media":238973,"comment_status":"open","ping_status":"open","sticky":false,"template":"","format":"standard","meta":{"_acf_changed":false,"footnotes":""},"categories":[8],"tags":[],"class_list":["post-330560","post","type-post","status-publish","format-standard","has-post-thumbnail","hentry","category-esportes"],"acf":[],"yoast_head":"<!-- This site is optimized with the Yoast SEO plugin v27.4 - https:\/\/yoast.com\/product\/yoast-seo-wordpress\/ -->\n<title>Mulher acusa Daniel Alves de ass\u00e9dio sexual em balada de Barcelona - Blog do Farn\u00e9sio<\/title>\n<meta name=\"robots\" content=\"index, follow, max-snippet:-1, max-image-preview:large, max-video-preview:-1\" \/>\n<link rel=\"canonical\" href=\"https:\/\/blogdofarnesio.com.br\/?p=330560\" \/>\n<meta property=\"og:locale\" content=\"pt_BR\" \/>\n<meta property=\"og:type\" content=\"article\" \/>\n<meta property=\"og:title\" content=\"Mulher acusa Daniel Alves de ass\u00e9dio sexual em balada de Barcelona - Blog do Farn\u00e9sio\" \/>\n<meta property=\"og:description\" content=\"Segundo informa\u00e7\u00e3o do jornal ABC, o jogador teria introduzido a m\u00e3o por entre as roupas \u00edntimas da mulher Estad\u00e3o Conte\u00fado Stephen Nadler\/ISI Photos\/Getty Images Na noite de sexta-feira, o lateral-direito\u00a0Daniel Alves\u00a0teria cometido ass\u00e9dio sexual contra uma mulher em uma balada em\u00a0Barcelona, na Espanha. A acusa\u00e7\u00e3o foi informada pelo di\u00e1rio ABC e reproduzida pelo Mundo Deportivo. O caso foi informado \u00e0 pol\u00edcia catal\u00e3. O estafe do jogador de 39 anos negou ao jornal que ele tenha cometido ass\u00e9dio e disse que ficou pouco tempo no local. Mais sobre o assunto O caso aconteceu na discoteca Sutton de Barcelona, localizada no rua Tuset. A mulher esteve acompanhada por amigas a todo o instante. O relato aponta que Daniel Alves teria introduzido a&hellip;\" \/>\n<meta property=\"og:url\" content=\"https:\/\/blogdofarnesio.com.br\/?p=330560\" \/>\n<meta property=\"og:site_name\" content=\"Blog do Farn\u00e9sio\" \/>\n<meta property=\"article:publisher\" content=\"https:\/\/www.facebook.com\/BlogQuerSaberPolitica\/\" \/>\n<meta property=\"article:author\" content=\"https:\/\/www.facebook.com\/?ref=tn_tnmn\" \/>\n<meta property=\"article:published_time\" content=\"2022-12-02T10:30:50+00:00\" \/>\n<meta property=\"article:modified_time\" content=\"2022-12-31T21:41:08+00:00\" \/>\n<meta property=\"og:image\" content=\"https:\/\/blogdofarnesio.com.br\/wp-content\/uploads\/2019\/09\/blogqspdaniel-alves-GE-e1569153881512.jpg\" \/>\n\t<meta property=\"og:image:width\" content=\"680\" \/>\n\t<meta property=\"og:image:height\" content=\"383\" \/>\n\t<meta property=\"og:image:type\" content=\"image\/jpeg\" \/>\n<meta name=\"author\" content=\"Farn\u00e9sio\" \/>\n<meta name=\"twitter:card\" content=\"summary_large_image\" \/>\n<meta name=\"twitter:label1\" content=\"Escrito por\" \/>\n\t<meta name=\"twitter:data1\" content=\"Farn\u00e9sio\" \/>\n\t<meta name=\"twitter:label2\" content=\"Est. tempo de leitura\" \/>\n\t<meta name=\"twitter:data2\" content=\"2 minutos\" \/>\n<script type=\"application\/ld+json\" class=\"yoast-schema-graph\">{\"@context\":\"https:\\\/\\\/schema.org\",\"@graph\":[{\"@type\":\"Article\",\"@id\":\"https:\\\/\\\/blogdofarnesio.com.br\\\/?p=330560#article\",\"isPartOf\":{\"@id\":\"https:\\\/\\\/blogdofarnesio.com.br\\\/?p=330560\"},\"author\":{\"name\":\"Farn\u00e9sio\",\"@id\":\"https:\\\/\\\/blogdofarnesio.com.br\\\/#\\\/schema\\\/person\\\/bb9b23ae3ad0609ce8df7b6c9e76824d\"},\"headline\":\"Mulher acusa Daniel Alves de ass\u00e9dio sexual em balada de Barcelona\",\"datePublished\":\"2022-12-02T10:30:50+00:00\",\"dateModified\":\"2022-12-31T21:41:08+00:00\",\"mainEntityOfPage\":{\"@id\":\"https:\\\/\\\/blogdofarnesio.com.br\\\/?p=330560\"},\"wordCount\":305,\"commentCount\":0,\"publisher\":{\"@id\":\"https:\\\/\\\/blogdofarnesio.com.br\\\/#organization\"},\"image\":{\"@id\":\"https:\\\/\\\/blogdofarnesio.com.br\\\/?p=330560#primaryimage\"},\"thumbnailUrl\":\"https:\\\/\\\/blogdofarnesio.com.br\\\/wp-content\\\/uploads\\\/2019\\\/09\\\/blogqspdaniel-alves-GE-e1569153881512.jpg\",\"articleSection\":[\"Esportes\"],\"inLanguage\":\"pt-BR\",\"potentialAction\":[{\"@type\":\"CommentAction\",\"name\":\"Comment\",\"target\":[\"https:\\\/\\\/blogdofarnesio.com.br\\\/?p=330560#respond\"]}]},{\"@type\":\"WebPage\",\"@id\":\"https:\\\/\\\/blogdofarnesio.com.br\\\/?p=330560\",\"url\":\"https:\\\/\\\/blogdofarnesio.com.br\\\/?p=330560\",\"name\":\"Mulher acusa Daniel Alves de ass\u00e9dio sexual em balada de Barcelona - Blog do Farn\u00e9sio\",\"isPartOf\":{\"@id\":\"https:\\\/\\\/blogdofarnesio.com.br\\\/#website\"},\"primaryImageOfPage\":{\"@id\":\"https:\\\/\\\/blogdofarnesio.com.br\\\/?p=330560#primaryimage\"},\"image\":{\"@id\":\"https:\\\/\\\/blogdofarnesio.com.br\\\/?p=330560#primaryimage\"},\"thumbnailUrl\":\"https:\\\/\\\/blogdofarnesio.com.br\\\/wp-content\\\/uploads\\\/2019\\\/09\\\/blogqspdaniel-alves-GE-e1569153881512.jpg\",\"datePublished\":\"2022-12-02T10:30:50+00:00\",\"dateModified\":\"2022-12-31T21:41:08+00:00\",\"breadcrumb\":{\"@id\":\"https:\\\/\\\/blogdofarnesio.com.br\\\/?p=330560#breadcrumb\"},\"inLanguage\":\"pt-BR\",\"potentialAction\":[{\"@type\":\"ReadAction\",\"target\":[\"https:\\\/\\\/blogdofarnesio.com.br\\\/?p=330560\"]}]},{\"@type\":\"ImageObject\",\"inLanguage\":\"pt-BR\",\"@id\":\"https:\\\/\\\/blogdofarnesio.com.br\\\/?p=330560#primaryimage\",\"url\":\"https:\\\/\\\/blogdofarnesio.com.br\\\/wp-content\\\/uploads\\\/2019\\\/09\\\/blogqspdaniel-alves-GE-e1569153881512.jpg\",\"contentUrl\":\"https:\\\/\\\/blogdofarnesio.com.br\\\/wp-content\\\/uploads\\\/2019\\\/09\\\/blogqspdaniel-alves-GE-e1569153881512.jpg\",\"width\":680,\"height\":383},{\"@type\":\"BreadcrumbList\",\"@id\":\"https:\\\/\\\/blogdofarnesio.com.br\\\/?p=330560#breadcrumb\",\"itemListElement\":[{\"@type\":\"ListItem\",\"position\":1,\"name\":\"In\u00edcio\",\"item\":\"https:\\\/\\\/blogdofarnesio.com.br\\\/\"},{\"@type\":\"ListItem\",\"position\":2,\"name\":\"Mulher acusa Daniel Alves de ass\u00e9dio sexual em balada de Barcelona\"}]},{\"@type\":\"WebSite\",\"@id\":\"https:\\\/\\\/blogdofarnesio.com.br\\\/#website\",\"url\":\"https:\\\/\\\/blogdofarnesio.com.br\\\/\",\"name\":\"Blog do Farn\u00e9sio\",\"description\":\"Quer Saber Pol\u00edtica?\",\"publisher\":{\"@id\":\"https:\\\/\\\/blogdofarnesio.com.br\\\/#organization\"},\"potentialAction\":[{\"@type\":\"SearchAction\",\"target\":{\"@type\":\"EntryPoint\",\"urlTemplate\":\"https:\\\/\\\/blogdofarnesio.com.br\\\/?s={search_term_string}\"},\"query-input\":{\"@type\":\"PropertyValueSpecification\",\"valueRequired\":true,\"valueName\":\"search_term_string\"}}],\"inLanguage\":\"pt-BR\"},{\"@type\":\"Organization\",\"@id\":\"https:\\\/\\\/blogdofarnesio.com.br\\\/#organization\",\"name\":\"Blog do Farn\u00e9sio\",\"url\":\"https:\\\/\\\/blogdofarnesio.com.br\\\/\",\"logo\":{\"@type\":\"ImageObject\",\"inLanguage\":\"pt-BR\",\"@id\":\"https:\\\/\\\/blogdofarnesio.com.br\\\/#\\\/schema\\\/logo\\\/image\\\/\",\"url\":\"https:\\\/\\\/blogdofarnesio.com.br\\\/wp-content\\\/uploads\\\/2026\\\/03\\\/cropped-logo_new-1.png\",\"contentUrl\":\"https:\\\/\\\/blogdofarnesio.com.br\\\/wp-content\\\/uploads\\\/2026\\\/03\\\/cropped-logo_new-1.png\",\"width\":881,\"height\":685,\"caption\":\"Blog do Farn\u00e9sio\"},\"image\":{\"@id\":\"https:\\\/\\\/blogdofarnesio.com.br\\\/#\\\/schema\\\/logo\\\/image\\\/\"},\"sameAs\":[\"https:\\\/\\\/www.facebook.com\\\/BlogQuerSaberPolitica\\\/\"]},{\"@type\":\"Person\",\"@id\":\"https:\\\/\\\/blogdofarnesio.com.br\\\/#\\\/schema\\\/person\\\/bb9b23ae3ad0609ce8df7b6c9e76824d\",\"name\":\"Farn\u00e9sio\",\"image\":{\"@type\":\"ImageObject\",\"inLanguage\":\"pt-BR\",\"@id\":\"https:\\\/\\\/secure.gravatar.com\\\/avatar\\\/986aa4c61ccdb66f8555bf88fc2a65609d00bcabd4d2d94377a727547345cbca?s=96&d=mm&r=g\",\"url\":\"https:\\\/\\\/secure.gravatar.com\\\/avatar\\\/986aa4c61ccdb66f8555bf88fc2a65609d00bcabd4d2d94377a727547345cbca?s=96&d=mm&r=g\",\"contentUrl\":\"https:\\\/\\\/secure.gravatar.com\\\/avatar\\\/986aa4c61ccdb66f8555bf88fc2a65609d00bcabd4d2d94377a727547345cbca?s=96&d=mm&r=g\",\"caption\":\"Farn\u00e9sio\"},\"description\":\"Radialista blogueiro, chegou a Petrolina\\\/Juazeiro em setembro de 1980, Farn\u00e9sio Silva \u00e9 de Arapiraca-Alagoas.\",\"sameAs\":[\"http:\\\/\\\/blogdofarnesio.com.br\",\"https:\\\/\\\/www.facebook.com\\\/?ref=tn_tnmn\",\"https:\\\/\\\/www.instagram.com\\\/?utm_source=pwa_homescreen\",\"https:\\\/\\\/youtube.com.br\\\/\"],\"url\":\"https:\\\/\\\/blogdofarnesio.com.br\\\/?author=2\"}]}<\/script>\n<!-- \/ Yoast SEO plugin. -->","yoast_head_json":{"title":"Mulher acusa Daniel Alves de ass\u00e9dio sexual em balada de Barcelona - Blog do Farn\u00e9sio","robots":{"index":"index","follow":"follow","max-snippet":"max-snippet:-1","max-image-preview":"max-image-preview:large","max-video-preview":"max-video-preview:-1"},"canonical":"https:\/\/blogdofarnesio.com.br\/?p=330560","og_locale":"pt_BR","og_type":"article","og_title":"Mulher acusa Daniel Alves de ass\u00e9dio sexual em balada de Barcelona - Blog do Farn\u00e9sio","og_description":"Segundo informa\u00e7\u00e3o do jornal ABC, o jogador teria introduzido a m\u00e3o por entre as roupas \u00edntimas da mulher Estad\u00e3o Conte\u00fado Stephen Nadler\/ISI Photos\/Getty Images Na noite de sexta-feira, o lateral-direito\u00a0Daniel Alves\u00a0teria cometido ass\u00e9dio sexual contra uma mulher em uma balada em\u00a0Barcelona, na Espanha. A acusa\u00e7\u00e3o foi informada pelo di\u00e1rio ABC e reproduzida pelo Mundo Deportivo. O caso foi informado \u00e0 pol\u00edcia catal\u00e3. O estafe do jogador de 39 anos negou ao jornal que ele tenha cometido ass\u00e9dio e disse que ficou pouco tempo no local. Mais sobre o assunto O caso aconteceu na discoteca Sutton de Barcelona, localizada no rua Tuset. A mulher esteve acompanhada por amigas a todo o instante. O relato aponta que Daniel Alves teria introduzido a&hellip;","og_url":"https:\/\/blogdofarnesio.com.br\/?p=330560","og_site_name":"Blog do Farn\u00e9sio","article_publisher":"https:\/\/www.facebook.com\/BlogQuerSaberPolitica\/","article_author":"https:\/\/www.facebook.com\/?ref=tn_tnmn","article_published_time":"2022-12-02T10:30:50+00:00","article_modified_time":"2022-12-31T21:41:08+00:00","og_image":[{"width":680,"height":383,"url":"https:\/\/blogdofarnesio.com.br\/wp-content\/uploads\/2019\/09\/blogqspdaniel-alves-GE-e1569153881512.jpg","type":"image\/jpeg"}],"author":"Farn\u00e9sio","twitter_card":"summary_large_image","twitter_misc":{"Escrito por":"Farn\u00e9sio","Est. tempo de leitura":"2 minutos"},"schema":{"@context":"https:\/\/schema.org","@graph":[{"@type":"Article","@id":"https:\/\/blogdofarnesio.com.br\/?p=330560#article","isPartOf":{"@id":"https:\/\/blogdofarnesio.com.br\/?p=330560"},"author":{"name":"Farn\u00e9sio","@id":"https:\/\/blogdofarnesio.com.br\/#\/schema\/person\/bb9b23ae3ad0609ce8df7b6c9e76824d"},"headline":"Mulher acusa Daniel Alves de ass\u00e9dio sexual em balada de Barcelona","datePublished":"2022-12-02T10:30:50+00:00","dateModified":"2022-12-31T21:41:08+00:00","mainEntityOfPage":{"@id":"https:\/\/blogdofarnesio.com.br\/?p=330560"},"wordCount":305,"commentCount":0,"publisher":{"@id":"https:\/\/blogdofarnesio.com.br\/#organization"},"image":{"@id":"https:\/\/blogdofarnesio.com.br\/?p=330560#primaryimage"},"thumbnailUrl":"https:\/\/blogdofarnesio.com.br\/wp-content\/uploads\/2019\/09\/blogqspdaniel-alves-GE-e1569153881512.jpg","articleSection":["Esportes"],"inLanguage":"pt-BR","potentialAction":[{"@type":"CommentAction","name":"Comment","target":["https:\/\/blogdofarnesio.com.br\/?p=330560#respond"]}]},{"@type":"WebPage","@id":"https:\/\/blogdofarnesio.com.br\/?p=330560","url":"https:\/\/blogdofarnesio.com.br\/?p=330560","name":"Mulher acusa Daniel Alves de ass\u00e9dio sexual em balada de Barcelona - Blog do Farn\u00e9sio","isPartOf":{"@id":"https:\/\/blogdofarnesio.com.br\/#website"},"primaryImageOfPage":{"@id":"https:\/\/blogdofarnesio.com.br\/?p=330560#primaryimage"},"image":{"@id":"https:\/\/blogdofarnesio.com.br\/?p=330560#primaryimage"},"thumbnailUrl":"https:\/\/blogdofarnesio.com.br\/wp-content\/uploads\/2019\/09\/blogqspdaniel-alves-GE-e1569153881512.jpg","datePublished":"2022-12-02T10:30:50+00:00","dateModified":"2022-12-31T21:41:08+00:00","breadcrumb":{"@id":"https:\/\/blogdofarnesio.com.br\/?p=330560#breadcrumb"},"inLanguage":"pt-BR","potentialAction":[{"@type":"ReadAction","target":["https:\/\/blogdofarnesio.com.br\/?p=330560"]}]},{"@type":"ImageObject","inLanguage":"pt-BR","@id":"https:\/\/blogdofarnesio.com.br\/?p=330560#primaryimage","url":"https:\/\/blogdofarnesio.com.br\/wp-content\/uploads\/2019\/09\/blogqspdaniel-alves-GE-e1569153881512.jpg","contentUrl":"https:\/\/blogdofarnesio.com.br\/wp-content\/uploads\/2019\/09\/blogqspdaniel-alves-GE-e1569153881512.jpg","width":680,"height":383},{"@type":"BreadcrumbList","@id":"https:\/\/blogdofarnesio.com.br\/?p=330560#breadcrumb","itemListElement":[{"@type":"ListItem","position":1,"name":"In\u00edcio","item":"https:\/\/blogdofarnesio.com.br\/"},{"@type":"ListItem","position":2,"name":"Mulher acusa Daniel Alves de ass\u00e9dio sexual em balada de Barcelona"}]},{"@type":"WebSite","@id":"https:\/\/blogdofarnesio.com.br\/#website","url":"https:\/\/blogdofarnesio.com.br\/","name":"Blog do Farn\u00e9sio","description":"Quer Saber Pol\u00edtica?","publisher":{"@id":"https:\/\/blogdofarnesio.com.br\/#organization"},"potentialAction":[{"@type":"SearchAction","target":{"@type":"EntryPoint","urlTemplate":"https:\/\/blogdofarnesio.com.br\/?s={search_term_string}"},"query-input":{"@type":"PropertyValueSpecification","valueRequired":true,"valueName":"search_term_string"}}],"inLanguage":"pt-BR"},{"@type":"Organization","@id":"https:\/\/blogdofarnesio.com.br\/#organization","name":"Blog do Farn\u00e9sio","url":"https:\/\/blogdofarnesio.com.br\/","logo":{"@type":"ImageObject","inLanguage":"pt-BR","@id":"https:\/\/blogdofarnesio.com.br\/#\/schema\/logo\/image\/","url":"https:\/\/blogdofarnesio.com.br\/wp-content\/uploads\/2026\/03\/cropped-logo_new-1.png","contentUrl":"https:\/\/blogdofarnesio.com.br\/wp-content\/uploads\/2026\/03\/cropped-logo_new-1.png","width":881,"height":685,"caption":"Blog do Farn\u00e9sio"},"image":{"@id":"https:\/\/blogdofarnesio.com.br\/#\/schema\/logo\/image\/"},"sameAs":["https:\/\/www.facebook.com\/BlogQuerSaberPolitica\/"]},{"@type":"Person","@id":"https:\/\/blogdofarnesio.com.br\/#\/schema\/person\/bb9b23ae3ad0609ce8df7b6c9e76824d","name":"Farn\u00e9sio","image":{"@type":"ImageObject","inLanguage":"pt-BR","@id":"https:\/\/secure.gravatar.com\/avatar\/986aa4c61ccdb66f8555bf88fc2a65609d00bcabd4d2d94377a727547345cbca?s=96&d=mm&r=g","url":"https:\/\/secure.gravatar.com\/avatar\/986aa4c61ccdb66f8555bf88fc2a65609d00bcabd4d2d94377a727547345cbca?s=96&d=mm&r=g","contentUrl":"https:\/\/secure.gravatar.com\/avatar\/986aa4c61ccdb66f8555bf88fc2a65609d00bcabd4d2d94377a727547345cbca?s=96&d=mm&r=g","caption":"Farn\u00e9sio"},"description":"Radialista blogueiro, chegou a Petrolina\/Juazeiro em setembro de 1980, Farn\u00e9sio Silva \u00e9 de Arapiraca-Alagoas.","sameAs":["http:\/\/blogdofarnesio.com.br","https:\/\/www.facebook.com\/?ref=tn_tnmn","https:\/\/www.instagram.com\/?utm_source=pwa_homescreen","https:\/\/youtube.com.br\/"],"url":"https:\/\/blogdofarnesio.com.br\/?author=2"}]}},"_links":{"self":[{"href":"https:\/\/blogdofarnesio.com.br\/index.php?rest_route=\/wp\/v2\/posts\/330560","targetHints":{"allow":["GET"]}}],"collection":[{"href":"https:\/\/blogdofarnesio.com.br\/index.php?rest_route=\/wp\/v2\/posts"}],"about":[{"href":"https:\/\/blogdofarnesio.com.br\/index.php?rest_route=\/wp\/v2\/types\/post"}],"author":[{"embeddable":true,"href":"https:\/\/blogdofarnesio.com.br\/index.php?rest_route=\/wp\/v2\/users\/2"}],"replies":[{"embeddable":true,"href":"https:\/\/blogdofarnesio.com.br\/index.php?rest_route=%2Fwp%2Fv2%2Fcomments&post=330560"}],"version-history":[{"count":0,"href":"https:\/\/blogdofarnesio.com.br\/index.php?rest_route=\/wp\/v2\/posts\/330560\/revisions"}],"wp:featuredmedia":[{"embeddable":true,"href":"https:\/\/blogdofarnesio.com.br\/index.php?rest_route=\/wp\/v2\/media\/238973"}],"wp:attachment":[{"href":"https:\/\/blogdofarnesio.com.br\/index.php?rest_route=%2Fwp%2Fv2%2Fmedia&parent=330560"}],"wp:term":[{"taxonomy":"category","embeddable":true,"href":"https:\/\/blogdofarnesio.com.br\/index.php?rest_route=%2Fwp%2Fv2%2Fcategories&post=330560"},{"taxonomy":"post_tag","embeddable":true,"href":"https:\/\/blogdofarnesio.com.br\/index.php?rest_route=%2Fwp%2Fv2%2Ftags&post=330560"}],"curies":[{"name":"wp","href":"https:\/\/api.w.org\/{rel}","templated":true}]}}