{"id":330484,"date":"2022-01-01T08:00:36","date_gmt":"2022-01-01T11:00:36","guid":{"rendered":"https:\/\/blogdofarnesio.com.br\/?p=330484"},"modified":"2022-12-30T13:43:33","modified_gmt":"2022-12-30T16:43:33","slug":"cerimonia-de-posse-de-jeronimo-rodrigues-sera-realizada-neste-domingo-saiba-mais","status":"publish","type":"post","link":"https:\/\/blogdofarnesio.com.br\/?p=330484","title":{"rendered":"Cerim\u00f4nia de posse de Jer\u00f4nimo Rodrigues ser\u00e1 realizada neste domingo; saiba mais"},"content":{"rendered":"<div class=\"sc-45a20580-0 flGdbz\">\n<div class=\"sc-45a20580-1 ePCpw\">\n<div>A sess\u00e3o solene <a href=\"https:\/\/www.portalsalvadorfm.com.br\/noticias\/105922,jeronimo-rodrigues-e-o-novo-governador-da-bahia-com-5258percent-dos-votos\" target=\"_blank\" rel=\"noopener\">de posse de Jer\u00f4nimo Rodrigues e Geraldo J\u00fanior<\/a>, nos cargos de governador e vice-governador do Estado da Bahia, respectivamente, acontece na manh\u00e3 deste domingo (1\u00ba), na Assembleia Legislativa da Bahia (Alba).<\/div>\n<\/div>\n<\/div>\n<div class=\"sc-da6135f6-0 gBWqPr\">\n<article class=\"sc-da6135f6-1 ghEcDr\">Jer\u00f4nimo Rodrigues chegar\u00e1 ao local \u00e0s 7h30, acompanhado da pr\u00f3xima primeira-dama, a professora Tatiana Velloso, e ser\u00e1 recebido pelo presidente da Alba, o deputado estadual Adolfo Menezes. O novo chefe do Executivo baiano far\u00e1 o primeiro pronunciamento \u00e0 imprensa neste momento, em \u00e1rea reservada exclusivamente \u00e0s equipes de reportagem.<\/p>\n<p>O in\u00edcio da sess\u00e3o solene acontecer\u00e1 no plen\u00e1rio da Assembleia e est\u00e1 programado para as 8h, com participa\u00e7\u00e3o de outras autoridades, a exemplo do presidente do Tribunal de Justi\u00e7a da Bahia, desembargador Nilson Castelo Branco, e da procuradora-geral de Justi\u00e7a, Norma Ang\u00e9lica Cavalcanti. A abertura da cerim\u00f4nia caber\u00e1 ao presidente da Assembleia Legislativa, que designar\u00e1 uma comiss\u00e3o de deputados para conduzir o governador e o vice-governador ao Plen\u00e1rio.<\/p>\n<p>Ap\u00f3s a execu\u00e7\u00e3o do Hino Nacional pela banda de m\u00fasica Maestro Wanderley, da Pol\u00edcia Militar, o deputado Adolfo Menezes convidar\u00e1 Jer\u00f4nimo Rodrigues a proferir a leitura do Compromisso Constitucional (juramento). Na sequ\u00eancia, far\u00e1 o mesmo procedimento com Geraldo J\u00fanior. Em seguida, o presidente da Alba convidar\u00e1 o 1\u00ba secret\u00e1rio da Mesa Diretora, deputado estadual J\u00fanior Muniz, para ler o Termo de Posse e a declara\u00e7\u00e3o de bens do Governador, que ser\u00e3o assinados por Jer\u00f4nimo Rodrigues. Neste momento, ele ser\u00e1 declarado empossado pelo presidente da Alba. O rito se repetir\u00e1 com o vice-governador.<\/p>\n<p>J\u00e1 empossado, Jer\u00f4nimo Rodrigues far\u00e1 seu primeiro discurso como governador da Bahia no plen\u00e1rio da Assembleia Legislativa. A cerim\u00f4nia ser\u00e1 conclu\u00edda com a execu\u00e7\u00e3o do Hino da Bahia e ter\u00e1 transmiss\u00e3o ao vivo pela TV Alba e pelo canal do Governo no Youtube<\/p>\n<p><strong>Passagem em revista<\/strong><br \/>\nAp\u00f3s a sess\u00e3o solene dentro do plen\u00e1rio da Assembleia, o governador Jer\u00f4nimo Rodrigues ser\u00e1 conduzido \u00e0 \u00e1rea externa da Assembleia Legislativa, onde passar\u00e1 em revista \u00e0 tropa, composta por cadetes e integrantes da banda de m\u00fasica Maestro Wanderley, que desfilar\u00e3o prestando contin\u00eancia ao governador empossado.<\/p>\n<p>Ao final deste ato, no mesmo local, Jer\u00f4nimo Rodrigues falar\u00e1 novamente \u00e0 imprensa, agora na condi\u00e7\u00e3o de chefe do executivo estadual.<\/p>\n<p><strong>Transmiss\u00e3o de cargo\u00a0<\/strong><br \/>\nO ato seguinte \u00e0 sess\u00e3o solene ser\u00e1<a href=\"https:\/\/www.portalsalvadorfm.com.br\/noticias\/106126,jeronimo-e-rui-se-reunem-nesta-quinta-para-definir-transicao-de-governo\" target=\"_blank\" rel=\"noopener\">\u00a0a transmiss\u00e3o do cargo de Rui Costa para o j\u00e1 empossado Jer\u00f4nimo Rodrigues<\/a>. O evento ocorrer\u00e1 em uma grande tenda climatizada instalada na \u00e1rea verde da Assembleia Legislativa.<\/p>\n<p>O ato tamb\u00e9m ter\u00e1 transmiss\u00e3o ao vivo pela TV Alba e pelo YouTube do Governo da Bahia e contar\u00e1 com a presen\u00e7a de senadores, prefeitos, deputados estaduais e federais, vereadores, representa\u00e7\u00f5es de movimentos sociais, do setor produtivo e dos mais diversos segmentos da sociedade civil.<\/p>\n<p>Nesta segunda cerim\u00f4nia, Rui Costa far\u00e1 um pronunciamento ao p\u00fablico presente antes de assinar o Termo de Transmiss\u00e3o de Cargo de Governador do Estado junto com o governador Jer\u00f4nimo Rodrigues, que tamb\u00e9m discursar\u00e1. A execu\u00e7\u00e3o do Hino oficial da Bahia encerrar\u00e1 o evento, que deve ser conclu\u00eddo \u00e0s 11h. N\u00e3o haver\u00e1 entrevista coletiva ao final, em virtude do deslocamento da comitiva para Bras\u00edlia, onde ocorrer\u00e1, tamb\u00e9m neste domingo, a posse do presidente Luiz In\u00e1cio Lula da Silva.<\/p>\n<p><strong>Posse dos secret\u00e1rios<\/strong><br \/>\nOs secret\u00e1rios de Estado ser\u00e3o empossados pelo governador Jer\u00f4nimo Rodrigues apenas no dia 3 de janeiro, na mesma tenda onde ocorrer\u00e1 a cerim\u00f4nia de transmiss\u00e3o de cargo, na \u00e1rea verde da Assembleia Legislativa da Bahia, em Salvador.<\/p>\n<p>No local, haver\u00e1 entrevista coletiva com os novos secret\u00e1rios, governador e vice-governador. Os detalhes sobre a cerim\u00f4nia do dia 3 ser\u00e3o informados em breve\u00a0\u00e0\u00a0imprensa.<\/p>\n<\/article>\n<\/div>\n","protected":false},"excerpt":{"rendered":"<p>A sess\u00e3o solene de posse de Jer\u00f4nimo Rodrigues e Geraldo J\u00fanior, nos cargos de governador e vice-governador do Estado da Bahia, respectivamente, acontece na manh\u00e3 deste domingo (1\u00ba), na Assembleia Legislativa da Bahia (Alba). Jer\u00f4nimo Rodrigues chegar\u00e1 ao local \u00e0s 7h30, acompanhado da pr\u00f3xima primeira-dama, a professora Tatiana Velloso, e ser\u00e1 recebido pelo presidente da Alba, o deputado estadual Adolfo Menezes. O novo chefe do Executivo baiano far\u00e1 o primeiro pronunciamento \u00e0 imprensa neste momento, em \u00e1rea reservada exclusivamente \u00e0s equipes de reportagem. O in\u00edcio da sess\u00e3o solene acontecer\u00e1 no plen\u00e1rio da Assembleia e est\u00e1 programado para as 8h, com participa\u00e7\u00e3o de outras autoridades, a exemplo do presidente do Tribunal de Justi\u00e7a da Bahia, desembargador Nilson Castelo Branco, e da&hellip; <\/p>\n","protected":false},"author":2,"featured_media":329907,"comment_status":"open","ping_status":"open","sticky":false,"template":"","format":"standard","meta":{"_acf_changed":false,"footnotes":""},"categories":[44],"tags":[],"class_list":["post-330484","post","type-post","status-publish","format-standard","has-post-thumbnail","hentry","category-administracao"],"acf":[],"yoast_head":"<!-- This site is optimized with the Yoast SEO plugin v27.4 - https:\/\/yoast.com\/product\/yoast-seo-wordpress\/ -->\n<title>Cerim\u00f4nia de posse de Jer\u00f4nimo Rodrigues ser\u00e1 realizada neste domingo; saiba mais - Blog do Farn\u00e9sio<\/title>\n<meta name=\"robots\" content=\"index, follow, max-snippet:-1, max-image-preview:large, max-video-preview:-1\" \/>\n<link rel=\"canonical\" href=\"https:\/\/blogdofarnesio.com.br\/?p=330484\" \/>\n<meta property=\"og:locale\" content=\"pt_BR\" \/>\n<meta property=\"og:type\" content=\"article\" \/>\n<meta property=\"og:title\" content=\"Cerim\u00f4nia de posse de Jer\u00f4nimo Rodrigues ser\u00e1 realizada neste domingo; saiba mais - Blog do Farn\u00e9sio\" \/>\n<meta property=\"og:description\" content=\"A sess\u00e3o solene de posse de Jer\u00f4nimo Rodrigues e Geraldo J\u00fanior, nos cargos de governador e vice-governador do Estado da Bahia, respectivamente, acontece na manh\u00e3 deste domingo (1\u00ba), na Assembleia Legislativa da Bahia (Alba). Jer\u00f4nimo Rodrigues chegar\u00e1 ao local \u00e0s 7h30, acompanhado da pr\u00f3xima primeira-dama, a professora Tatiana Velloso, e ser\u00e1 recebido pelo presidente da Alba, o deputado estadual Adolfo Menezes. O novo chefe do Executivo baiano far\u00e1 o primeiro pronunciamento \u00e0 imprensa neste momento, em \u00e1rea reservada exclusivamente \u00e0s equipes de reportagem. O in\u00edcio da sess\u00e3o solene acontecer\u00e1 no plen\u00e1rio da Assembleia e est\u00e1 programado para as 8h, com participa\u00e7\u00e3o de outras autoridades, a exemplo do presidente do Tribunal de Justi\u00e7a da Bahia, desembargador Nilson Castelo Branco, e da&hellip;\" \/>\n<meta property=\"og:url\" content=\"https:\/\/blogdofarnesio.com.br\/?p=330484\" \/>\n<meta property=\"og:site_name\" content=\"Blog do Farn\u00e9sio\" \/>\n<meta property=\"article:publisher\" content=\"https:\/\/www.facebook.com\/BlogQuerSaberPolitica\/\" \/>\n<meta property=\"article:author\" content=\"https:\/\/www.facebook.com\/?ref=tn_tnmn\" \/>\n<meta property=\"article:published_time\" content=\"2022-01-01T11:00:36+00:00\" \/>\n<meta property=\"article:modified_time\" content=\"2022-12-30T16:43:33+00:00\" \/>\n<meta property=\"og:image\" content=\"https:\/\/blogdofarnesio.com.br\/wp-content\/uploads\/2022\/12\/blogqspjeronimo-secretarios.jpg\" \/>\n\t<meta property=\"og:image:width\" content=\"445\" \/>\n\t<meta property=\"og:image:height\" content=\"306\" \/>\n\t<meta property=\"og:image:type\" content=\"image\/jpeg\" \/>\n<meta name=\"author\" content=\"Farn\u00e9sio\" \/>\n<meta name=\"twitter:card\" content=\"summary_large_image\" \/>\n<meta name=\"twitter:label1\" content=\"Escrito por\" \/>\n\t<meta name=\"twitter:data1\" content=\"Farn\u00e9sio\" \/>\n\t<meta name=\"twitter:label2\" content=\"Est. tempo de leitura\" \/>\n\t<meta name=\"twitter:data2\" content=\"4 minutos\" \/>\n<script type=\"application\/ld+json\" class=\"yoast-schema-graph\">{\"@context\":\"https:\\\/\\\/schema.org\",\"@graph\":[{\"@type\":\"Article\",\"@id\":\"https:\\\/\\\/blogdofarnesio.com.br\\\/?p=330484#article\",\"isPartOf\":{\"@id\":\"https:\\\/\\\/blogdofarnesio.com.br\\\/?p=330484\"},\"author\":{\"name\":\"Farn\u00e9sio\",\"@id\":\"https:\\\/\\\/blogdofarnesio.com.br\\\/#\\\/schema\\\/person\\\/bb9b23ae3ad0609ce8df7b6c9e76824d\"},\"headline\":\"Cerim\u00f4nia de posse de Jer\u00f4nimo Rodrigues ser\u00e1 realizada neste domingo; saiba mais\",\"datePublished\":\"2022-01-01T11:00:36+00:00\",\"dateModified\":\"2022-12-30T16:43:33+00:00\",\"mainEntityOfPage\":{\"@id\":\"https:\\\/\\\/blogdofarnesio.com.br\\\/?p=330484\"},\"wordCount\":655,\"commentCount\":0,\"publisher\":{\"@id\":\"https:\\\/\\\/blogdofarnesio.com.br\\\/#organization\"},\"image\":{\"@id\":\"https:\\\/\\\/blogdofarnesio.com.br\\\/?p=330484#primaryimage\"},\"thumbnailUrl\":\"https:\\\/\\\/blogdofarnesio.com.br\\\/wp-content\\\/uploads\\\/2022\\\/12\\\/blogqspjeronimo-secretarios.jpg\",\"articleSection\":[\"Administra\u00e7\u00e3o\"],\"inLanguage\":\"pt-BR\",\"potentialAction\":[{\"@type\":\"CommentAction\",\"name\":\"Comment\",\"target\":[\"https:\\\/\\\/blogdofarnesio.com.br\\\/?p=330484#respond\"]}]},{\"@type\":\"WebPage\",\"@id\":\"https:\\\/\\\/blogdofarnesio.com.br\\\/?p=330484\",\"url\":\"https:\\\/\\\/blogdofarnesio.com.br\\\/?p=330484\",\"name\":\"Cerim\u00f4nia de posse de Jer\u00f4nimo Rodrigues ser\u00e1 realizada neste domingo; saiba mais - Blog do Farn\u00e9sio\",\"isPartOf\":{\"@id\":\"https:\\\/\\\/blogdofarnesio.com.br\\\/#website\"},\"primaryImageOfPage\":{\"@id\":\"https:\\\/\\\/blogdofarnesio.com.br\\\/?p=330484#primaryimage\"},\"image\":{\"@id\":\"https:\\\/\\\/blogdofarnesio.com.br\\\/?p=330484#primaryimage\"},\"thumbnailUrl\":\"https:\\\/\\\/blogdofarnesio.com.br\\\/wp-content\\\/uploads\\\/2022\\\/12\\\/blogqspjeronimo-secretarios.jpg\",\"datePublished\":\"2022-01-01T11:00:36+00:00\",\"dateModified\":\"2022-12-30T16:43:33+00:00\",\"breadcrumb\":{\"@id\":\"https:\\\/\\\/blogdofarnesio.com.br\\\/?p=330484#breadcrumb\"},\"inLanguage\":\"pt-BR\",\"potentialAction\":[{\"@type\":\"ReadAction\",\"target\":[\"https:\\\/\\\/blogdofarnesio.com.br\\\/?p=330484\"]}]},{\"@type\":\"ImageObject\",\"inLanguage\":\"pt-BR\",\"@id\":\"https:\\\/\\\/blogdofarnesio.com.br\\\/?p=330484#primaryimage\",\"url\":\"https:\\\/\\\/blogdofarnesio.com.br\\\/wp-content\\\/uploads\\\/2022\\\/12\\\/blogqspjeronimo-secretarios.jpg\",\"contentUrl\":\"https:\\\/\\\/blogdofarnesio.com.br\\\/wp-content\\\/uploads\\\/2022\\\/12\\\/blogqspjeronimo-secretarios.jpg\",\"width\":445,\"height\":306},{\"@type\":\"BreadcrumbList\",\"@id\":\"https:\\\/\\\/blogdofarnesio.com.br\\\/?p=330484#breadcrumb\",\"itemListElement\":[{\"@type\":\"ListItem\",\"position\":1,\"name\":\"In\u00edcio\",\"item\":\"https:\\\/\\\/blogdofarnesio.com.br\\\/\"},{\"@type\":\"ListItem\",\"position\":2,\"name\":\"Cerim\u00f4nia de posse de Jer\u00f4nimo Rodrigues ser\u00e1 realizada neste domingo; saiba mais\"}]},{\"@type\":\"WebSite\",\"@id\":\"https:\\\/\\\/blogdofarnesio.com.br\\\/#website\",\"url\":\"https:\\\/\\\/blogdofarnesio.com.br\\\/\",\"name\":\"Blog do Farn\u00e9sio\",\"description\":\"Quer Saber Pol\u00edtica?\",\"publisher\":{\"@id\":\"https:\\\/\\\/blogdofarnesio.com.br\\\/#organization\"},\"potentialAction\":[{\"@type\":\"SearchAction\",\"target\":{\"@type\":\"EntryPoint\",\"urlTemplate\":\"https:\\\/\\\/blogdofarnesio.com.br\\\/?s={search_term_string}\"},\"query-input\":{\"@type\":\"PropertyValueSpecification\",\"valueRequired\":true,\"valueName\":\"search_term_string\"}}],\"inLanguage\":\"pt-BR\"},{\"@type\":\"Organization\",\"@id\":\"https:\\\/\\\/blogdofarnesio.com.br\\\/#organization\",\"name\":\"Blog do Farn\u00e9sio\",\"url\":\"https:\\\/\\\/blogdofarnesio.com.br\\\/\",\"logo\":{\"@type\":\"ImageObject\",\"inLanguage\":\"pt-BR\",\"@id\":\"https:\\\/\\\/blogdofarnesio.com.br\\\/#\\\/schema\\\/logo\\\/image\\\/\",\"url\":\"https:\\\/\\\/blogdofarnesio.com.br\\\/wp-content\\\/uploads\\\/2026\\\/03\\\/cropped-logo_new-1.png\",\"contentUrl\":\"https:\\\/\\\/blogdofarnesio.com.br\\\/wp-content\\\/uploads\\\/2026\\\/03\\\/cropped-logo_new-1.png\",\"width\":881,\"height\":685,\"caption\":\"Blog do Farn\u00e9sio\"},\"image\":{\"@id\":\"https:\\\/\\\/blogdofarnesio.com.br\\\/#\\\/schema\\\/logo\\\/image\\\/\"},\"sameAs\":[\"https:\\\/\\\/www.facebook.com\\\/BlogQuerSaberPolitica\\\/\"]},{\"@type\":\"Person\",\"@id\":\"https:\\\/\\\/blogdofarnesio.com.br\\\/#\\\/schema\\\/person\\\/bb9b23ae3ad0609ce8df7b6c9e76824d\",\"name\":\"Farn\u00e9sio\",\"image\":{\"@type\":\"ImageObject\",\"inLanguage\":\"pt-BR\",\"@id\":\"https:\\\/\\\/secure.gravatar.com\\\/avatar\\\/986aa4c61ccdb66f8555bf88fc2a65609d00bcabd4d2d94377a727547345cbca?s=96&d=mm&r=g\",\"url\":\"https:\\\/\\\/secure.gravatar.com\\\/avatar\\\/986aa4c61ccdb66f8555bf88fc2a65609d00bcabd4d2d94377a727547345cbca?s=96&d=mm&r=g\",\"contentUrl\":\"https:\\\/\\\/secure.gravatar.com\\\/avatar\\\/986aa4c61ccdb66f8555bf88fc2a65609d00bcabd4d2d94377a727547345cbca?s=96&d=mm&r=g\",\"caption\":\"Farn\u00e9sio\"},\"description\":\"Radialista blogueiro, chegou a Petrolina\\\/Juazeiro em setembro de 1980, Farn\u00e9sio Silva \u00e9 de Arapiraca-Alagoas.\",\"sameAs\":[\"http:\\\/\\\/blogdofarnesio.com.br\",\"https:\\\/\\\/www.facebook.com\\\/?ref=tn_tnmn\",\"https:\\\/\\\/www.instagram.com\\\/?utm_source=pwa_homescreen\",\"https:\\\/\\\/youtube.com.br\\\/\"],\"url\":\"https:\\\/\\\/blogdofarnesio.com.br\\\/?author=2\"}]}<\/script>\n<!-- \/ Yoast SEO plugin. -->","yoast_head_json":{"title":"Cerim\u00f4nia de posse de Jer\u00f4nimo Rodrigues ser\u00e1 realizada neste domingo; saiba mais - Blog do Farn\u00e9sio","robots":{"index":"index","follow":"follow","max-snippet":"max-snippet:-1","max-image-preview":"max-image-preview:large","max-video-preview":"max-video-preview:-1"},"canonical":"https:\/\/blogdofarnesio.com.br\/?p=330484","og_locale":"pt_BR","og_type":"article","og_title":"Cerim\u00f4nia de posse de Jer\u00f4nimo Rodrigues ser\u00e1 realizada neste domingo; saiba mais - Blog do Farn\u00e9sio","og_description":"A sess\u00e3o solene de posse de Jer\u00f4nimo Rodrigues e Geraldo J\u00fanior, nos cargos de governador e vice-governador do Estado da Bahia, respectivamente, acontece na manh\u00e3 deste domingo (1\u00ba), na Assembleia Legislativa da Bahia (Alba). Jer\u00f4nimo Rodrigues chegar\u00e1 ao local \u00e0s 7h30, acompanhado da pr\u00f3xima primeira-dama, a professora Tatiana Velloso, e ser\u00e1 recebido pelo presidente da Alba, o deputado estadual Adolfo Menezes. O novo chefe do Executivo baiano far\u00e1 o primeiro pronunciamento \u00e0 imprensa neste momento, em \u00e1rea reservada exclusivamente \u00e0s equipes de reportagem. O in\u00edcio da sess\u00e3o solene acontecer\u00e1 no plen\u00e1rio da Assembleia e est\u00e1 programado para as 8h, com participa\u00e7\u00e3o de outras autoridades, a exemplo do presidente do Tribunal de Justi\u00e7a da Bahia, desembargador Nilson Castelo Branco, e da&hellip;","og_url":"https:\/\/blogdofarnesio.com.br\/?p=330484","og_site_name":"Blog do Farn\u00e9sio","article_publisher":"https:\/\/www.facebook.com\/BlogQuerSaberPolitica\/","article_author":"https:\/\/www.facebook.com\/?ref=tn_tnmn","article_published_time":"2022-01-01T11:00:36+00:00","article_modified_time":"2022-12-30T16:43:33+00:00","og_image":[{"width":445,"height":306,"url":"https:\/\/blogdofarnesio.com.br\/wp-content\/uploads\/2022\/12\/blogqspjeronimo-secretarios.jpg","type":"image\/jpeg"}],"author":"Farn\u00e9sio","twitter_card":"summary_large_image","twitter_misc":{"Escrito por":"Farn\u00e9sio","Est. tempo de leitura":"4 minutos"},"schema":{"@context":"https:\/\/schema.org","@graph":[{"@type":"Article","@id":"https:\/\/blogdofarnesio.com.br\/?p=330484#article","isPartOf":{"@id":"https:\/\/blogdofarnesio.com.br\/?p=330484"},"author":{"name":"Farn\u00e9sio","@id":"https:\/\/blogdofarnesio.com.br\/#\/schema\/person\/bb9b23ae3ad0609ce8df7b6c9e76824d"},"headline":"Cerim\u00f4nia de posse de Jer\u00f4nimo Rodrigues ser\u00e1 realizada neste domingo; saiba mais","datePublished":"2022-01-01T11:00:36+00:00","dateModified":"2022-12-30T16:43:33+00:00","mainEntityOfPage":{"@id":"https:\/\/blogdofarnesio.com.br\/?p=330484"},"wordCount":655,"commentCount":0,"publisher":{"@id":"https:\/\/blogdofarnesio.com.br\/#organization"},"image":{"@id":"https:\/\/blogdofarnesio.com.br\/?p=330484#primaryimage"},"thumbnailUrl":"https:\/\/blogdofarnesio.com.br\/wp-content\/uploads\/2022\/12\/blogqspjeronimo-secretarios.jpg","articleSection":["Administra\u00e7\u00e3o"],"inLanguage":"pt-BR","potentialAction":[{"@type":"CommentAction","name":"Comment","target":["https:\/\/blogdofarnesio.com.br\/?p=330484#respond"]}]},{"@type":"WebPage","@id":"https:\/\/blogdofarnesio.com.br\/?p=330484","url":"https:\/\/blogdofarnesio.com.br\/?p=330484","name":"Cerim\u00f4nia de posse de Jer\u00f4nimo Rodrigues ser\u00e1 realizada neste domingo; saiba mais - Blog do Farn\u00e9sio","isPartOf":{"@id":"https:\/\/blogdofarnesio.com.br\/#website"},"primaryImageOfPage":{"@id":"https:\/\/blogdofarnesio.com.br\/?p=330484#primaryimage"},"image":{"@id":"https:\/\/blogdofarnesio.com.br\/?p=330484#primaryimage"},"thumbnailUrl":"https:\/\/blogdofarnesio.com.br\/wp-content\/uploads\/2022\/12\/blogqspjeronimo-secretarios.jpg","datePublished":"2022-01-01T11:00:36+00:00","dateModified":"2022-12-30T16:43:33+00:00","breadcrumb":{"@id":"https:\/\/blogdofarnesio.com.br\/?p=330484#breadcrumb"},"inLanguage":"pt-BR","potentialAction":[{"@type":"ReadAction","target":["https:\/\/blogdofarnesio.com.br\/?p=330484"]}]},{"@type":"ImageObject","inLanguage":"pt-BR","@id":"https:\/\/blogdofarnesio.com.br\/?p=330484#primaryimage","url":"https:\/\/blogdofarnesio.com.br\/wp-content\/uploads\/2022\/12\/blogqspjeronimo-secretarios.jpg","contentUrl":"https:\/\/blogdofarnesio.com.br\/wp-content\/uploads\/2022\/12\/blogqspjeronimo-secretarios.jpg","width":445,"height":306},{"@type":"BreadcrumbList","@id":"https:\/\/blogdofarnesio.com.br\/?p=330484#breadcrumb","itemListElement":[{"@type":"ListItem","position":1,"name":"In\u00edcio","item":"https:\/\/blogdofarnesio.com.br\/"},{"@type":"ListItem","position":2,"name":"Cerim\u00f4nia de posse de Jer\u00f4nimo Rodrigues ser\u00e1 realizada neste domingo; saiba mais"}]},{"@type":"WebSite","@id":"https:\/\/blogdofarnesio.com.br\/#website","url":"https:\/\/blogdofarnesio.com.br\/","name":"Blog do Farn\u00e9sio","description":"Quer Saber Pol\u00edtica?","publisher":{"@id":"https:\/\/blogdofarnesio.com.br\/#organization"},"potentialAction":[{"@type":"SearchAction","target":{"@type":"EntryPoint","urlTemplate":"https:\/\/blogdofarnesio.com.br\/?s={search_term_string}"},"query-input":{"@type":"PropertyValueSpecification","valueRequired":true,"valueName":"search_term_string"}}],"inLanguage":"pt-BR"},{"@type":"Organization","@id":"https:\/\/blogdofarnesio.com.br\/#organization","name":"Blog do Farn\u00e9sio","url":"https:\/\/blogdofarnesio.com.br\/","logo":{"@type":"ImageObject","inLanguage":"pt-BR","@id":"https:\/\/blogdofarnesio.com.br\/#\/schema\/logo\/image\/","url":"https:\/\/blogdofarnesio.com.br\/wp-content\/uploads\/2026\/03\/cropped-logo_new-1.png","contentUrl":"https:\/\/blogdofarnesio.com.br\/wp-content\/uploads\/2026\/03\/cropped-logo_new-1.png","width":881,"height":685,"caption":"Blog do Farn\u00e9sio"},"image":{"@id":"https:\/\/blogdofarnesio.com.br\/#\/schema\/logo\/image\/"},"sameAs":["https:\/\/www.facebook.com\/BlogQuerSaberPolitica\/"]},{"@type":"Person","@id":"https:\/\/blogdofarnesio.com.br\/#\/schema\/person\/bb9b23ae3ad0609ce8df7b6c9e76824d","name":"Farn\u00e9sio","image":{"@type":"ImageObject","inLanguage":"pt-BR","@id":"https:\/\/secure.gravatar.com\/avatar\/986aa4c61ccdb66f8555bf88fc2a65609d00bcabd4d2d94377a727547345cbca?s=96&d=mm&r=g","url":"https:\/\/secure.gravatar.com\/avatar\/986aa4c61ccdb66f8555bf88fc2a65609d00bcabd4d2d94377a727547345cbca?s=96&d=mm&r=g","contentUrl":"https:\/\/secure.gravatar.com\/avatar\/986aa4c61ccdb66f8555bf88fc2a65609d00bcabd4d2d94377a727547345cbca?s=96&d=mm&r=g","caption":"Farn\u00e9sio"},"description":"Radialista blogueiro, chegou a Petrolina\/Juazeiro em setembro de 1980, Farn\u00e9sio Silva \u00e9 de Arapiraca-Alagoas.","sameAs":["http:\/\/blogdofarnesio.com.br","https:\/\/www.facebook.com\/?ref=tn_tnmn","https:\/\/www.instagram.com\/?utm_source=pwa_homescreen","https:\/\/youtube.com.br\/"],"url":"https:\/\/blogdofarnesio.com.br\/?author=2"}]}},"_links":{"self":[{"href":"https:\/\/blogdofarnesio.com.br\/index.php?rest_route=\/wp\/v2\/posts\/330484","targetHints":{"allow":["GET"]}}],"collection":[{"href":"https:\/\/blogdofarnesio.com.br\/index.php?rest_route=\/wp\/v2\/posts"}],"about":[{"href":"https:\/\/blogdofarnesio.com.br\/index.php?rest_route=\/wp\/v2\/types\/post"}],"author":[{"embeddable":true,"href":"https:\/\/blogdofarnesio.com.br\/index.php?rest_route=\/wp\/v2\/users\/2"}],"replies":[{"embeddable":true,"href":"https:\/\/blogdofarnesio.com.br\/index.php?rest_route=%2Fwp%2Fv2%2Fcomments&post=330484"}],"version-history":[{"count":0,"href":"https:\/\/blogdofarnesio.com.br\/index.php?rest_route=\/wp\/v2\/posts\/330484\/revisions"}],"wp:featuredmedia":[{"embeddable":true,"href":"https:\/\/blogdofarnesio.com.br\/index.php?rest_route=\/wp\/v2\/media\/329907"}],"wp:attachment":[{"href":"https:\/\/blogdofarnesio.com.br\/index.php?rest_route=%2Fwp%2Fv2%2Fmedia&parent=330484"}],"wp:term":[{"taxonomy":"category","embeddable":true,"href":"https:\/\/blogdofarnesio.com.br\/index.php?rest_route=%2Fwp%2Fv2%2Fcategories&post=330484"},{"taxonomy":"post_tag","embeddable":true,"href":"https:\/\/blogdofarnesio.com.br\/index.php?rest_route=%2Fwp%2Fv2%2Ftags&post=330484"}],"curies":[{"name":"wp","href":"https:\/\/api.w.org\/{rel}","templated":true}]}}