{"id":330393,"date":"2022-12-29T12:00:36","date_gmt":"2022-12-29T15:00:36","guid":{"rendered":"https:\/\/blogdofarnesio.com.br\/?p=330393"},"modified":"2022-12-29T09:07:56","modified_gmt":"2022-12-29T12:07:56","slug":"orla-de-petrolina-recebe-mutirao-de-servicos-publicos-em-preparacao-para-a-virada-petrolina","status":"publish","type":"post","link":"https:\/\/blogdofarnesio.com.br\/?p=330393","title":{"rendered":"Orla de Petrolina recebe mutir\u00e3o de servi\u00e7os p\u00fablicos em prepara\u00e7\u00e3o para a Virada Petrolina"},"content":{"rendered":"<p style=\"font-weight: 400;\">Como parte dos preparativos da chegada do novo ano, a gest\u00e3o municipal iniciou, nesta quarta-feira (28), um grande mutir\u00e3o de servi\u00e7os p\u00fablicos na Porta do Rio, palco dos festejos de boas-vindas a 2023. A limpeza por toda extens\u00e3o do local, bem como nas margens do Velho Chico, est\u00e1 sendo intensificada pelas equipes da Secretaria de Infraestrutura e Mobilidade (Seinfra). Ao todo, cerca de 30 trabalhadores est\u00e3o envolvidos na a\u00e7\u00e3o que deve durar cerca de tr\u00eas dias.<\/p>\n<p style=\"font-weight: 400;\">As equipes est\u00e3o executando os servi\u00e7os de capina manual e mecanizada; remo\u00e7\u00e3o de plantas aqu\u00e1ticas; manuten\u00e7\u00e3o dos jardins; pintura de meio-fio; remo\u00e7\u00e3o de lixo descartado de forma incorreta nas margens do rio, al\u00e9m de outras interven\u00e7\u00f5es. O objetivo da Prefeitura de Petrolina \u00e9 proporcionar aos milhares de visitantes que s\u00e3o esperados para o evento, um espa\u00e7o confort\u00e1vel, acolhedor e seguro. A festa contar\u00e1 com um palco de aproximadamente 200 m\u00b2, dois camarins e 25 banheiros qu\u00edmicos.<\/p>\n<p style=\"font-weight: 400;\"><em>\u201cEstamos retornando com as festividades em nosso munic\u00edpio depois de dois anos dif\u00edceis em virtude da pandemia. E, por isso, o prefeito Sim\u00e3o Durando nos pediu dedica\u00e7\u00e3o total em cada detalhe da Virada Petrolina. Vamos trabalhar nos pr\u00f3ximos dias para deixar o ambiente com as condi\u00e7\u00f5es necess\u00e1rias para a realiza\u00e7\u00e3o de um evento organizado, limpo e confort\u00e1vel para petrolinenses e visitantes\u201d,<\/em>\u00a0destaca Alisson Oliveira, secret\u00e1rio executivo de Servi\u00e7os P\u00fablicos.<\/p>\n<p style=\"font-weight: 400;\"><strong>Programa\u00e7\u00e3o<\/strong><\/p>\n<p style=\"font-weight: 400;\">A celebra\u00e7\u00e3o das conquistas de 2022 e as boas-vindas ao novo ano se dar\u00e3o com shows dos cantores no s\u00e1bado (31), a partir das 20h30 com Fabinho Testado, Diego Souza e Pisadinha de Luxo e Ana Costa. J\u00e1 no domingo (1), \u00e0s 17h30, a popula\u00e7\u00e3o vai poder curtir o som de Elisson Castro, Zezo e S\u00e9rgio do Forr\u00f3.<\/p>\n<p style=\"font-weight: 400;\">&#8212;&#8212;&#8212;&#8211;<\/p>\n<p style=\"font-weight: 400;\">Adailma Gomes &#8211; Assessora de imprensa<\/p>\n<p style=\"font-weight: 400;\">Fotos:\u00a0Ayrton\u00a0Latapiat<\/p>\n","protected":false},"excerpt":{"rendered":"<p>Como parte dos preparativos da chegada do novo ano, a gest\u00e3o municipal iniciou, nesta quarta-feira (28), um grande mutir\u00e3o de servi\u00e7os p\u00fablicos na Porta do Rio, palco dos festejos de boas-vindas a 2023. A limpeza por toda extens\u00e3o do local, bem como nas margens do Velho Chico, est\u00e1 sendo intensificada pelas equipes da Secretaria de Infraestrutura e Mobilidade (Seinfra). Ao todo, cerca de 30 trabalhadores est\u00e3o envolvidos na a\u00e7\u00e3o que deve durar cerca de tr\u00eas dias. As equipes est\u00e3o executando os servi\u00e7os de capina manual e mecanizada; remo\u00e7\u00e3o de plantas aqu\u00e1ticas; manuten\u00e7\u00e3o dos jardins; pintura de meio-fio; remo\u00e7\u00e3o de lixo descartado de forma incorreta nas margens do rio, al\u00e9m de outras interven\u00e7\u00f5es. O objetivo da Prefeitura de Petrolina \u00e9 proporcionar&hellip; <\/p>\n","protected":false},"author":2,"featured_media":253146,"comment_status":"open","ping_status":"open","sticky":false,"template":"","format":"standard","meta":{"_acf_changed":false,"footnotes":""},"categories":[12],"tags":[],"class_list":["post-330393","post","type-post","status-publish","format-standard","has-post-thumbnail","hentry","category-confraternizacoes"],"acf":[],"yoast_head":"<!-- This site is optimized with the Yoast SEO plugin v27.4 - https:\/\/yoast.com\/product\/yoast-seo-wordpress\/ -->\n<title>Orla de Petrolina recebe mutir\u00e3o de servi\u00e7os p\u00fablicos em prepara\u00e7\u00e3o para a Virada Petrolina - Blog do Farn\u00e9sio<\/title>\n<meta name=\"robots\" content=\"index, follow, max-snippet:-1, max-image-preview:large, max-video-preview:-1\" \/>\n<link rel=\"canonical\" href=\"https:\/\/blogdofarnesio.com.br\/?p=330393\" \/>\n<meta property=\"og:locale\" content=\"pt_BR\" \/>\n<meta property=\"og:type\" content=\"article\" \/>\n<meta property=\"og:title\" content=\"Orla de Petrolina recebe mutir\u00e3o de servi\u00e7os p\u00fablicos em prepara\u00e7\u00e3o para a Virada Petrolina - Blog do Farn\u00e9sio\" \/>\n<meta property=\"og:description\" content=\"Como parte dos preparativos da chegada do novo ano, a gest\u00e3o municipal iniciou, nesta quarta-feira (28), um grande mutir\u00e3o de servi\u00e7os p\u00fablicos na Porta do Rio, palco dos festejos de boas-vindas a 2023. A limpeza por toda extens\u00e3o do local, bem como nas margens do Velho Chico, est\u00e1 sendo intensificada pelas equipes da Secretaria de Infraestrutura e Mobilidade (Seinfra). Ao todo, cerca de 30 trabalhadores est\u00e3o envolvidos na a\u00e7\u00e3o que deve durar cerca de tr\u00eas dias. As equipes est\u00e3o executando os servi\u00e7os de capina manual e mecanizada; remo\u00e7\u00e3o de plantas aqu\u00e1ticas; manuten\u00e7\u00e3o dos jardins; pintura de meio-fio; remo\u00e7\u00e3o de lixo descartado de forma incorreta nas margens do rio, al\u00e9m de outras interven\u00e7\u00f5es. O objetivo da Prefeitura de Petrolina \u00e9 proporcionar&hellip;\" \/>\n<meta property=\"og:url\" content=\"https:\/\/blogdofarnesio.com.br\/?p=330393\" \/>\n<meta property=\"og:site_name\" content=\"Blog do Farn\u00e9sio\" \/>\n<meta property=\"article:publisher\" content=\"https:\/\/www.facebook.com\/BlogQuerSaberPolitica\/\" \/>\n<meta property=\"article:author\" content=\"https:\/\/www.facebook.com\/?ref=tn_tnmn\" \/>\n<meta property=\"article:published_time\" content=\"2022-12-29T15:00:36+00:00\" \/>\n<meta property=\"og:image\" content=\"https:\/\/blogdofarnesio.com.br\/wp-content\/uploads\/2020\/03\/blogqsppet-INTERDITA-ORLA-4-e1584992339538.jpeg\" \/>\n\t<meta property=\"og:image:width\" content=\"680\" \/>\n\t<meta property=\"og:image:height\" content=\"453\" \/>\n\t<meta property=\"og:image:type\" content=\"image\/jpeg\" \/>\n<meta name=\"author\" content=\"Farn\u00e9sio\" \/>\n<meta name=\"twitter:card\" content=\"summary_large_image\" \/>\n<meta name=\"twitter:label1\" content=\"Escrito por\" \/>\n\t<meta name=\"twitter:data1\" content=\"Farn\u00e9sio\" \/>\n\t<meta name=\"twitter:label2\" content=\"Est. tempo de leitura\" \/>\n\t<meta name=\"twitter:data2\" content=\"2 minutos\" \/>\n<script type=\"application\/ld+json\" class=\"yoast-schema-graph\">{\"@context\":\"https:\\\/\\\/schema.org\",\"@graph\":[{\"@type\":\"Article\",\"@id\":\"https:\\\/\\\/blogdofarnesio.com.br\\\/?p=330393#article\",\"isPartOf\":{\"@id\":\"https:\\\/\\\/blogdofarnesio.com.br\\\/?p=330393\"},\"author\":{\"name\":\"Farn\u00e9sio\",\"@id\":\"https:\\\/\\\/blogdofarnesio.com.br\\\/#\\\/schema\\\/person\\\/bb9b23ae3ad0609ce8df7b6c9e76824d\"},\"headline\":\"Orla de Petrolina recebe mutir\u00e3o de servi\u00e7os p\u00fablicos em prepara\u00e7\u00e3o para a Virada Petrolina\",\"datePublished\":\"2022-12-29T15:00:36+00:00\",\"mainEntityOfPage\":{\"@id\":\"https:\\\/\\\/blogdofarnesio.com.br\\\/?p=330393\"},\"wordCount\":337,\"commentCount\":0,\"publisher\":{\"@id\":\"https:\\\/\\\/blogdofarnesio.com.br\\\/#organization\"},\"image\":{\"@id\":\"https:\\\/\\\/blogdofarnesio.com.br\\\/?p=330393#primaryimage\"},\"thumbnailUrl\":\"https:\\\/\\\/blogdofarnesio.com.br\\\/wp-content\\\/uploads\\\/2020\\\/03\\\/blogqsppet-INTERDITA-ORLA-4-e1584992339538.jpeg\",\"articleSection\":[\"Confraterniza\u00e7\u00f5es\"],\"inLanguage\":\"pt-BR\",\"potentialAction\":[{\"@type\":\"CommentAction\",\"name\":\"Comment\",\"target\":[\"https:\\\/\\\/blogdofarnesio.com.br\\\/?p=330393#respond\"]}]},{\"@type\":\"WebPage\",\"@id\":\"https:\\\/\\\/blogdofarnesio.com.br\\\/?p=330393\",\"url\":\"https:\\\/\\\/blogdofarnesio.com.br\\\/?p=330393\",\"name\":\"Orla de Petrolina recebe mutir\u00e3o de servi\u00e7os p\u00fablicos em prepara\u00e7\u00e3o para a Virada Petrolina - Blog do Farn\u00e9sio\",\"isPartOf\":{\"@id\":\"https:\\\/\\\/blogdofarnesio.com.br\\\/#website\"},\"primaryImageOfPage\":{\"@id\":\"https:\\\/\\\/blogdofarnesio.com.br\\\/?p=330393#primaryimage\"},\"image\":{\"@id\":\"https:\\\/\\\/blogdofarnesio.com.br\\\/?p=330393#primaryimage\"},\"thumbnailUrl\":\"https:\\\/\\\/blogdofarnesio.com.br\\\/wp-content\\\/uploads\\\/2020\\\/03\\\/blogqsppet-INTERDITA-ORLA-4-e1584992339538.jpeg\",\"datePublished\":\"2022-12-29T15:00:36+00:00\",\"breadcrumb\":{\"@id\":\"https:\\\/\\\/blogdofarnesio.com.br\\\/?p=330393#breadcrumb\"},\"inLanguage\":\"pt-BR\",\"potentialAction\":[{\"@type\":\"ReadAction\",\"target\":[\"https:\\\/\\\/blogdofarnesio.com.br\\\/?p=330393\"]}]},{\"@type\":\"ImageObject\",\"inLanguage\":\"pt-BR\",\"@id\":\"https:\\\/\\\/blogdofarnesio.com.br\\\/?p=330393#primaryimage\",\"url\":\"https:\\\/\\\/blogdofarnesio.com.br\\\/wp-content\\\/uploads\\\/2020\\\/03\\\/blogqsppet-INTERDITA-ORLA-4-e1584992339538.jpeg\",\"contentUrl\":\"https:\\\/\\\/blogdofarnesio.com.br\\\/wp-content\\\/uploads\\\/2020\\\/03\\\/blogqsppet-INTERDITA-ORLA-4-e1584992339538.jpeg\",\"width\":680,\"height\":453},{\"@type\":\"BreadcrumbList\",\"@id\":\"https:\\\/\\\/blogdofarnesio.com.br\\\/?p=330393#breadcrumb\",\"itemListElement\":[{\"@type\":\"ListItem\",\"position\":1,\"name\":\"In\u00edcio\",\"item\":\"https:\\\/\\\/blogdofarnesio.com.br\\\/\"},{\"@type\":\"ListItem\",\"position\":2,\"name\":\"Orla de Petrolina recebe mutir\u00e3o de servi\u00e7os p\u00fablicos em prepara\u00e7\u00e3o para a Virada Petrolina\"}]},{\"@type\":\"WebSite\",\"@id\":\"https:\\\/\\\/blogdofarnesio.com.br\\\/#website\",\"url\":\"https:\\\/\\\/blogdofarnesio.com.br\\\/\",\"name\":\"Blog do Farn\u00e9sio\",\"description\":\"Quer Saber Pol\u00edtica?\",\"publisher\":{\"@id\":\"https:\\\/\\\/blogdofarnesio.com.br\\\/#organization\"},\"potentialAction\":[{\"@type\":\"SearchAction\",\"target\":{\"@type\":\"EntryPoint\",\"urlTemplate\":\"https:\\\/\\\/blogdofarnesio.com.br\\\/?s={search_term_string}\"},\"query-input\":{\"@type\":\"PropertyValueSpecification\",\"valueRequired\":true,\"valueName\":\"search_term_string\"}}],\"inLanguage\":\"pt-BR\"},{\"@type\":\"Organization\",\"@id\":\"https:\\\/\\\/blogdofarnesio.com.br\\\/#organization\",\"name\":\"Blog do Farn\u00e9sio\",\"url\":\"https:\\\/\\\/blogdofarnesio.com.br\\\/\",\"logo\":{\"@type\":\"ImageObject\",\"inLanguage\":\"pt-BR\",\"@id\":\"https:\\\/\\\/blogdofarnesio.com.br\\\/#\\\/schema\\\/logo\\\/image\\\/\",\"url\":\"https:\\\/\\\/blogdofarnesio.com.br\\\/wp-content\\\/uploads\\\/2026\\\/03\\\/cropped-logo_new-1.png\",\"contentUrl\":\"https:\\\/\\\/blogdofarnesio.com.br\\\/wp-content\\\/uploads\\\/2026\\\/03\\\/cropped-logo_new-1.png\",\"width\":881,\"height\":685,\"caption\":\"Blog do Farn\u00e9sio\"},\"image\":{\"@id\":\"https:\\\/\\\/blogdofarnesio.com.br\\\/#\\\/schema\\\/logo\\\/image\\\/\"},\"sameAs\":[\"https:\\\/\\\/www.facebook.com\\\/BlogQuerSaberPolitica\\\/\"]},{\"@type\":\"Person\",\"@id\":\"https:\\\/\\\/blogdofarnesio.com.br\\\/#\\\/schema\\\/person\\\/bb9b23ae3ad0609ce8df7b6c9e76824d\",\"name\":\"Farn\u00e9sio\",\"image\":{\"@type\":\"ImageObject\",\"inLanguage\":\"pt-BR\",\"@id\":\"https:\\\/\\\/secure.gravatar.com\\\/avatar\\\/986aa4c61ccdb66f8555bf88fc2a65609d00bcabd4d2d94377a727547345cbca?s=96&d=mm&r=g\",\"url\":\"https:\\\/\\\/secure.gravatar.com\\\/avatar\\\/986aa4c61ccdb66f8555bf88fc2a65609d00bcabd4d2d94377a727547345cbca?s=96&d=mm&r=g\",\"contentUrl\":\"https:\\\/\\\/secure.gravatar.com\\\/avatar\\\/986aa4c61ccdb66f8555bf88fc2a65609d00bcabd4d2d94377a727547345cbca?s=96&d=mm&r=g\",\"caption\":\"Farn\u00e9sio\"},\"description\":\"Radialista blogueiro, chegou a Petrolina\\\/Juazeiro em setembro de 1980, Farn\u00e9sio Silva \u00e9 de Arapiraca-Alagoas.\",\"sameAs\":[\"http:\\\/\\\/blogdofarnesio.com.br\",\"https:\\\/\\\/www.facebook.com\\\/?ref=tn_tnmn\",\"https:\\\/\\\/www.instagram.com\\\/?utm_source=pwa_homescreen\",\"https:\\\/\\\/youtube.com.br\\\/\"],\"url\":\"https:\\\/\\\/blogdofarnesio.com.br\\\/?author=2\"}]}<\/script>\n<!-- \/ Yoast SEO plugin. -->","yoast_head_json":{"title":"Orla de Petrolina recebe mutir\u00e3o de servi\u00e7os p\u00fablicos em prepara\u00e7\u00e3o para a Virada Petrolina - Blog do Farn\u00e9sio","robots":{"index":"index","follow":"follow","max-snippet":"max-snippet:-1","max-image-preview":"max-image-preview:large","max-video-preview":"max-video-preview:-1"},"canonical":"https:\/\/blogdofarnesio.com.br\/?p=330393","og_locale":"pt_BR","og_type":"article","og_title":"Orla de Petrolina recebe mutir\u00e3o de servi\u00e7os p\u00fablicos em prepara\u00e7\u00e3o para a Virada Petrolina - Blog do Farn\u00e9sio","og_description":"Como parte dos preparativos da chegada do novo ano, a gest\u00e3o municipal iniciou, nesta quarta-feira (28), um grande mutir\u00e3o de servi\u00e7os p\u00fablicos na Porta do Rio, palco dos festejos de boas-vindas a 2023. A limpeza por toda extens\u00e3o do local, bem como nas margens do Velho Chico, est\u00e1 sendo intensificada pelas equipes da Secretaria de Infraestrutura e Mobilidade (Seinfra). Ao todo, cerca de 30 trabalhadores est\u00e3o envolvidos na a\u00e7\u00e3o que deve durar cerca de tr\u00eas dias. As equipes est\u00e3o executando os servi\u00e7os de capina manual e mecanizada; remo\u00e7\u00e3o de plantas aqu\u00e1ticas; manuten\u00e7\u00e3o dos jardins; pintura de meio-fio; remo\u00e7\u00e3o de lixo descartado de forma incorreta nas margens do rio, al\u00e9m de outras interven\u00e7\u00f5es. O objetivo da Prefeitura de Petrolina \u00e9 proporcionar&hellip;","og_url":"https:\/\/blogdofarnesio.com.br\/?p=330393","og_site_name":"Blog do Farn\u00e9sio","article_publisher":"https:\/\/www.facebook.com\/BlogQuerSaberPolitica\/","article_author":"https:\/\/www.facebook.com\/?ref=tn_tnmn","article_published_time":"2022-12-29T15:00:36+00:00","og_image":[{"width":680,"height":453,"url":"https:\/\/blogdofarnesio.com.br\/wp-content\/uploads\/2020\/03\/blogqsppet-INTERDITA-ORLA-4-e1584992339538.jpeg","type":"image\/jpeg"}],"author":"Farn\u00e9sio","twitter_card":"summary_large_image","twitter_misc":{"Escrito por":"Farn\u00e9sio","Est. tempo de leitura":"2 minutos"},"schema":{"@context":"https:\/\/schema.org","@graph":[{"@type":"Article","@id":"https:\/\/blogdofarnesio.com.br\/?p=330393#article","isPartOf":{"@id":"https:\/\/blogdofarnesio.com.br\/?p=330393"},"author":{"name":"Farn\u00e9sio","@id":"https:\/\/blogdofarnesio.com.br\/#\/schema\/person\/bb9b23ae3ad0609ce8df7b6c9e76824d"},"headline":"Orla de Petrolina recebe mutir\u00e3o de servi\u00e7os p\u00fablicos em prepara\u00e7\u00e3o para a Virada Petrolina","datePublished":"2022-12-29T15:00:36+00:00","mainEntityOfPage":{"@id":"https:\/\/blogdofarnesio.com.br\/?p=330393"},"wordCount":337,"commentCount":0,"publisher":{"@id":"https:\/\/blogdofarnesio.com.br\/#organization"},"image":{"@id":"https:\/\/blogdofarnesio.com.br\/?p=330393#primaryimage"},"thumbnailUrl":"https:\/\/blogdofarnesio.com.br\/wp-content\/uploads\/2020\/03\/blogqsppet-INTERDITA-ORLA-4-e1584992339538.jpeg","articleSection":["Confraterniza\u00e7\u00f5es"],"inLanguage":"pt-BR","potentialAction":[{"@type":"CommentAction","name":"Comment","target":["https:\/\/blogdofarnesio.com.br\/?p=330393#respond"]}]},{"@type":"WebPage","@id":"https:\/\/blogdofarnesio.com.br\/?p=330393","url":"https:\/\/blogdofarnesio.com.br\/?p=330393","name":"Orla de Petrolina recebe mutir\u00e3o de servi\u00e7os p\u00fablicos em prepara\u00e7\u00e3o para a Virada Petrolina - Blog do Farn\u00e9sio","isPartOf":{"@id":"https:\/\/blogdofarnesio.com.br\/#website"},"primaryImageOfPage":{"@id":"https:\/\/blogdofarnesio.com.br\/?p=330393#primaryimage"},"image":{"@id":"https:\/\/blogdofarnesio.com.br\/?p=330393#primaryimage"},"thumbnailUrl":"https:\/\/blogdofarnesio.com.br\/wp-content\/uploads\/2020\/03\/blogqsppet-INTERDITA-ORLA-4-e1584992339538.jpeg","datePublished":"2022-12-29T15:00:36+00:00","breadcrumb":{"@id":"https:\/\/blogdofarnesio.com.br\/?p=330393#breadcrumb"},"inLanguage":"pt-BR","potentialAction":[{"@type":"ReadAction","target":["https:\/\/blogdofarnesio.com.br\/?p=330393"]}]},{"@type":"ImageObject","inLanguage":"pt-BR","@id":"https:\/\/blogdofarnesio.com.br\/?p=330393#primaryimage","url":"https:\/\/blogdofarnesio.com.br\/wp-content\/uploads\/2020\/03\/blogqsppet-INTERDITA-ORLA-4-e1584992339538.jpeg","contentUrl":"https:\/\/blogdofarnesio.com.br\/wp-content\/uploads\/2020\/03\/blogqsppet-INTERDITA-ORLA-4-e1584992339538.jpeg","width":680,"height":453},{"@type":"BreadcrumbList","@id":"https:\/\/blogdofarnesio.com.br\/?p=330393#breadcrumb","itemListElement":[{"@type":"ListItem","position":1,"name":"In\u00edcio","item":"https:\/\/blogdofarnesio.com.br\/"},{"@type":"ListItem","position":2,"name":"Orla de Petrolina recebe mutir\u00e3o de servi\u00e7os p\u00fablicos em prepara\u00e7\u00e3o para a Virada Petrolina"}]},{"@type":"WebSite","@id":"https:\/\/blogdofarnesio.com.br\/#website","url":"https:\/\/blogdofarnesio.com.br\/","name":"Blog do Farn\u00e9sio","description":"Quer Saber Pol\u00edtica?","publisher":{"@id":"https:\/\/blogdofarnesio.com.br\/#organization"},"potentialAction":[{"@type":"SearchAction","target":{"@type":"EntryPoint","urlTemplate":"https:\/\/blogdofarnesio.com.br\/?s={search_term_string}"},"query-input":{"@type":"PropertyValueSpecification","valueRequired":true,"valueName":"search_term_string"}}],"inLanguage":"pt-BR"},{"@type":"Organization","@id":"https:\/\/blogdofarnesio.com.br\/#organization","name":"Blog do Farn\u00e9sio","url":"https:\/\/blogdofarnesio.com.br\/","logo":{"@type":"ImageObject","inLanguage":"pt-BR","@id":"https:\/\/blogdofarnesio.com.br\/#\/schema\/logo\/image\/","url":"https:\/\/blogdofarnesio.com.br\/wp-content\/uploads\/2026\/03\/cropped-logo_new-1.png","contentUrl":"https:\/\/blogdofarnesio.com.br\/wp-content\/uploads\/2026\/03\/cropped-logo_new-1.png","width":881,"height":685,"caption":"Blog do Farn\u00e9sio"},"image":{"@id":"https:\/\/blogdofarnesio.com.br\/#\/schema\/logo\/image\/"},"sameAs":["https:\/\/www.facebook.com\/BlogQuerSaberPolitica\/"]},{"@type":"Person","@id":"https:\/\/blogdofarnesio.com.br\/#\/schema\/person\/bb9b23ae3ad0609ce8df7b6c9e76824d","name":"Farn\u00e9sio","image":{"@type":"ImageObject","inLanguage":"pt-BR","@id":"https:\/\/secure.gravatar.com\/avatar\/986aa4c61ccdb66f8555bf88fc2a65609d00bcabd4d2d94377a727547345cbca?s=96&d=mm&r=g","url":"https:\/\/secure.gravatar.com\/avatar\/986aa4c61ccdb66f8555bf88fc2a65609d00bcabd4d2d94377a727547345cbca?s=96&d=mm&r=g","contentUrl":"https:\/\/secure.gravatar.com\/avatar\/986aa4c61ccdb66f8555bf88fc2a65609d00bcabd4d2d94377a727547345cbca?s=96&d=mm&r=g","caption":"Farn\u00e9sio"},"description":"Radialista blogueiro, chegou a Petrolina\/Juazeiro em setembro de 1980, Farn\u00e9sio Silva \u00e9 de Arapiraca-Alagoas.","sameAs":["http:\/\/blogdofarnesio.com.br","https:\/\/www.facebook.com\/?ref=tn_tnmn","https:\/\/www.instagram.com\/?utm_source=pwa_homescreen","https:\/\/youtube.com.br\/"],"url":"https:\/\/blogdofarnesio.com.br\/?author=2"}]}},"_links":{"self":[{"href":"https:\/\/blogdofarnesio.com.br\/index.php?rest_route=\/wp\/v2\/posts\/330393","targetHints":{"allow":["GET"]}}],"collection":[{"href":"https:\/\/blogdofarnesio.com.br\/index.php?rest_route=\/wp\/v2\/posts"}],"about":[{"href":"https:\/\/blogdofarnesio.com.br\/index.php?rest_route=\/wp\/v2\/types\/post"}],"author":[{"embeddable":true,"href":"https:\/\/blogdofarnesio.com.br\/index.php?rest_route=\/wp\/v2\/users\/2"}],"replies":[{"embeddable":true,"href":"https:\/\/blogdofarnesio.com.br\/index.php?rest_route=%2Fwp%2Fv2%2Fcomments&post=330393"}],"version-history":[{"count":0,"href":"https:\/\/blogdofarnesio.com.br\/index.php?rest_route=\/wp\/v2\/posts\/330393\/revisions"}],"wp:featuredmedia":[{"embeddable":true,"href":"https:\/\/blogdofarnesio.com.br\/index.php?rest_route=\/wp\/v2\/media\/253146"}],"wp:attachment":[{"href":"https:\/\/blogdofarnesio.com.br\/index.php?rest_route=%2Fwp%2Fv2%2Fmedia&parent=330393"}],"wp:term":[{"taxonomy":"category","embeddable":true,"href":"https:\/\/blogdofarnesio.com.br\/index.php?rest_route=%2Fwp%2Fv2%2Fcategories&post=330393"},{"taxonomy":"post_tag","embeddable":true,"href":"https:\/\/blogdofarnesio.com.br\/index.php?rest_route=%2Fwp%2Fv2%2Ftags&post=330393"}],"curies":[{"name":"wp","href":"https:\/\/api.w.org\/{rel}","templated":true}]}}