{"id":330352,"date":"2022-12-29T09:30:50","date_gmt":"2022-12-29T12:30:50","guid":{"rendered":"https:\/\/blogdofarnesio.com.br\/?p=330352"},"modified":"2022-12-28T16:05:11","modified_gmt":"2022-12-28T19:05:11","slug":"educacao-de-pernambuco-anuncia-3o-concurso-com-155-vagas-e-salario-de-ate-r-3-900","status":"publish","type":"post","link":"https:\/\/blogdofarnesio.com.br\/?p=330352","title":{"rendered":"Educa\u00e7\u00e3o de Pernambuco anuncia 3\u00ba concurso com 155 vagas e sal\u00e1rio de at\u00e9 R$ 3.900"},"content":{"rendered":"<p>Mais uma oportunidade para professores ingressarem na rede estadual de Pernambuco. Foi publicado no Di\u00e1rio Oficial de ter\u00e7a-feira (27) edital do concurso p\u00fablico para selecionar 155 docentes, sendo 101 para professores de m\u00fasica e 54 para educa\u00e7\u00e3o especial.<\/p>\n<p>S\u00e3o 101 vagas para professor de m\u00fasica que v\u00e3o lecionar no Conservat\u00f3rio Pernambucano de M\u00fasica, em Santo Amaro, e no Centro de Criatividade Musical, que fica na Boa Vista, ambos na \u00e1rea central do Recife. Outras 54 vagas s\u00e3o para professor de educa\u00e7\u00e3o especial: 29 para professor de Braille e 25 para int\u00e9rprete de Libras, a L\u00edngua Brasileira de Sinais.<\/p>\n<p>O Centro Brasileiro de Pesquisa em Avalia\u00e7\u00e3o e Sele\u00e7\u00e3o e de Promo\u00e7\u00e3o de Eventos (Cebraspe) ser\u00e1 a banca que aplicar\u00e1 esse terceiro certame.<\/p>\n<p>COMO SE INSCREVER<\/p>\n<p>As inscri\u00e7\u00f5es come\u00e7ar\u00e3o no dia 30 de janeiro e v\u00e3o at\u00e9 1\u00ba de mar\u00e7o, no site do Cebraspe. A taxa de inscri\u00e7\u00e3o ter\u00e1 o mesmo valor dos outros dois concursos, R$ 130. As provas objetivas est\u00e3o previstas para 2 de abril.<\/p>\n<p>Depois haver\u00e1 testes pr\u00e1ticos e em seguida prova de t\u00edtulos. Conforme Marcelo Barros, a previs\u00e3o \u00e9 que o resultado final desse concurso seja divulgado em setembro de 2023. A rede estadual de ensino tem 1.059 escolas, 534 mil estudantes e 43 mil profissionais, dos quais 36 mil s\u00e3o professores, entre efetivos e tempor\u00e1rios.<\/p>\n<p>&nbsp;<\/p>\n<p>Fonte: JC online<\/p>\n","protected":false},"excerpt":{"rendered":"<p>Mais uma oportunidade para professores ingressarem na rede estadual de Pernambuco. Foi publicado no Di\u00e1rio Oficial de ter\u00e7a-feira (27) edital do concurso p\u00fablico para selecionar 155 docentes, sendo 101 para professores de m\u00fasica e 54 para educa\u00e7\u00e3o especial. S\u00e3o 101 vagas para professor de m\u00fasica que v\u00e3o lecionar no Conservat\u00f3rio Pernambucano de M\u00fasica, em Santo Amaro, e no Centro de Criatividade Musical, que fica na Boa Vista, ambos na \u00e1rea central do Recife. Outras 54 vagas s\u00e3o para professor de educa\u00e7\u00e3o especial: 29 para professor de Braille e 25 para int\u00e9rprete de Libras, a L\u00edngua Brasileira de Sinais. O Centro Brasileiro de Pesquisa em Avalia\u00e7\u00e3o e Sele\u00e7\u00e3o e de Promo\u00e7\u00e3o de Eventos (Cebraspe) ser\u00e1 a banca que aplicar\u00e1 esse terceiro&hellip; <\/p>\n","protected":false},"author":2,"featured_media":180789,"comment_status":"open","ping_status":"open","sticky":false,"template":"","format":"standard","meta":{"_acf_changed":false,"footnotes":""},"categories":[31],"tags":[],"class_list":["post-330352","post","type-post","status-publish","format-standard","has-post-thumbnail","hentry","category-concursos"],"acf":[],"yoast_head":"<!-- This site is optimized with the Yoast SEO plugin v27.4 - https:\/\/yoast.com\/product\/yoast-seo-wordpress\/ -->\n<title>Educa\u00e7\u00e3o de Pernambuco anuncia 3\u00ba concurso com 155 vagas e sal\u00e1rio de at\u00e9 R$ 3.900 - Blog do Farn\u00e9sio<\/title>\n<meta name=\"robots\" content=\"index, follow, max-snippet:-1, max-image-preview:large, max-video-preview:-1\" \/>\n<link rel=\"canonical\" href=\"https:\/\/blogdofarnesio.com.br\/?p=330352\" \/>\n<meta property=\"og:locale\" content=\"pt_BR\" \/>\n<meta property=\"og:type\" content=\"article\" \/>\n<meta property=\"og:title\" content=\"Educa\u00e7\u00e3o de Pernambuco anuncia 3\u00ba concurso com 155 vagas e sal\u00e1rio de at\u00e9 R$ 3.900 - Blog do Farn\u00e9sio\" \/>\n<meta property=\"og:description\" content=\"Mais uma oportunidade para professores ingressarem na rede estadual de Pernambuco. Foi publicado no Di\u00e1rio Oficial de ter\u00e7a-feira (27) edital do concurso p\u00fablico para selecionar 155 docentes, sendo 101 para professores de m\u00fasica e 54 para educa\u00e7\u00e3o especial. S\u00e3o 101 vagas para professor de m\u00fasica que v\u00e3o lecionar no Conservat\u00f3rio Pernambucano de M\u00fasica, em Santo Amaro, e no Centro de Criatividade Musical, que fica na Boa Vista, ambos na \u00e1rea central do Recife. Outras 54 vagas s\u00e3o para professor de educa\u00e7\u00e3o especial: 29 para professor de Braille e 25 para int\u00e9rprete de Libras, a L\u00edngua Brasileira de Sinais. O Centro Brasileiro de Pesquisa em Avalia\u00e7\u00e3o e Sele\u00e7\u00e3o e de Promo\u00e7\u00e3o de Eventos (Cebraspe) ser\u00e1 a banca que aplicar\u00e1 esse terceiro&hellip;\" \/>\n<meta property=\"og:url\" content=\"https:\/\/blogdofarnesio.com.br\/?p=330352\" \/>\n<meta property=\"og:site_name\" content=\"Blog do Farn\u00e9sio\" \/>\n<meta property=\"article:publisher\" content=\"https:\/\/www.facebook.com\/BlogQuerSaberPolitica\/\" \/>\n<meta property=\"article:author\" content=\"https:\/\/www.facebook.com\/?ref=tn_tnmn\" \/>\n<meta property=\"article:published_time\" content=\"2022-12-29T12:30:50+00:00\" \/>\n<meta property=\"og:image\" content=\"https:\/\/blogdofarnesio.com.br\/wp-content\/uploads\/2017\/11\/blogqspselecao_professor.jpg\" \/>\n\t<meta property=\"og:image:width\" content=\"640\" \/>\n\t<meta property=\"og:image:height\" content=\"365\" \/>\n\t<meta property=\"og:image:type\" content=\"image\/jpeg\" \/>\n<meta name=\"author\" content=\"Farn\u00e9sio\" \/>\n<meta name=\"twitter:card\" content=\"summary_large_image\" \/>\n<meta name=\"twitter:label1\" content=\"Escrito por\" \/>\n\t<meta name=\"twitter:data1\" content=\"Farn\u00e9sio\" \/>\n\t<meta name=\"twitter:label2\" content=\"Est. tempo de leitura\" \/>\n\t<meta name=\"twitter:data2\" content=\"2 minutos\" \/>\n<script type=\"application\/ld+json\" class=\"yoast-schema-graph\">{\"@context\":\"https:\\\/\\\/schema.org\",\"@graph\":[{\"@type\":\"Article\",\"@id\":\"https:\\\/\\\/blogdofarnesio.com.br\\\/?p=330352#article\",\"isPartOf\":{\"@id\":\"https:\\\/\\\/blogdofarnesio.com.br\\\/?p=330352\"},\"author\":{\"name\":\"Farn\u00e9sio\",\"@id\":\"https:\\\/\\\/blogdofarnesio.com.br\\\/#\\\/schema\\\/person\\\/bb9b23ae3ad0609ce8df7b6c9e76824d\"},\"headline\":\"Educa\u00e7\u00e3o de Pernambuco anuncia 3\u00ba concurso com 155 vagas e sal\u00e1rio de at\u00e9 R$ 3.900\",\"datePublished\":\"2022-12-29T12:30:50+00:00\",\"mainEntityOfPage\":{\"@id\":\"https:\\\/\\\/blogdofarnesio.com.br\\\/?p=330352\"},\"wordCount\":247,\"commentCount\":0,\"publisher\":{\"@id\":\"https:\\\/\\\/blogdofarnesio.com.br\\\/#organization\"},\"image\":{\"@id\":\"https:\\\/\\\/blogdofarnesio.com.br\\\/?p=330352#primaryimage\"},\"thumbnailUrl\":\"https:\\\/\\\/blogdofarnesio.com.br\\\/wp-content\\\/uploads\\\/2017\\\/11\\\/blogqspselecao_professor.jpg\",\"articleSection\":[\"Concursos\"],\"inLanguage\":\"pt-BR\",\"potentialAction\":[{\"@type\":\"CommentAction\",\"name\":\"Comment\",\"target\":[\"https:\\\/\\\/blogdofarnesio.com.br\\\/?p=330352#respond\"]}]},{\"@type\":\"WebPage\",\"@id\":\"https:\\\/\\\/blogdofarnesio.com.br\\\/?p=330352\",\"url\":\"https:\\\/\\\/blogdofarnesio.com.br\\\/?p=330352\",\"name\":\"Educa\u00e7\u00e3o de Pernambuco anuncia 3\u00ba concurso com 155 vagas e sal\u00e1rio de at\u00e9 R$ 3.900 - Blog do Farn\u00e9sio\",\"isPartOf\":{\"@id\":\"https:\\\/\\\/blogdofarnesio.com.br\\\/#website\"},\"primaryImageOfPage\":{\"@id\":\"https:\\\/\\\/blogdofarnesio.com.br\\\/?p=330352#primaryimage\"},\"image\":{\"@id\":\"https:\\\/\\\/blogdofarnesio.com.br\\\/?p=330352#primaryimage\"},\"thumbnailUrl\":\"https:\\\/\\\/blogdofarnesio.com.br\\\/wp-content\\\/uploads\\\/2017\\\/11\\\/blogqspselecao_professor.jpg\",\"datePublished\":\"2022-12-29T12:30:50+00:00\",\"breadcrumb\":{\"@id\":\"https:\\\/\\\/blogdofarnesio.com.br\\\/?p=330352#breadcrumb\"},\"inLanguage\":\"pt-BR\",\"potentialAction\":[{\"@type\":\"ReadAction\",\"target\":[\"https:\\\/\\\/blogdofarnesio.com.br\\\/?p=330352\"]}]},{\"@type\":\"ImageObject\",\"inLanguage\":\"pt-BR\",\"@id\":\"https:\\\/\\\/blogdofarnesio.com.br\\\/?p=330352#primaryimage\",\"url\":\"https:\\\/\\\/blogdofarnesio.com.br\\\/wp-content\\\/uploads\\\/2017\\\/11\\\/blogqspselecao_professor.jpg\",\"contentUrl\":\"https:\\\/\\\/blogdofarnesio.com.br\\\/wp-content\\\/uploads\\\/2017\\\/11\\\/blogqspselecao_professor.jpg\",\"width\":640,\"height\":365},{\"@type\":\"BreadcrumbList\",\"@id\":\"https:\\\/\\\/blogdofarnesio.com.br\\\/?p=330352#breadcrumb\",\"itemListElement\":[{\"@type\":\"ListItem\",\"position\":1,\"name\":\"In\u00edcio\",\"item\":\"https:\\\/\\\/blogdofarnesio.com.br\\\/\"},{\"@type\":\"ListItem\",\"position\":2,\"name\":\"Educa\u00e7\u00e3o de Pernambuco anuncia 3\u00ba concurso com 155 vagas e sal\u00e1rio de at\u00e9 R$ 3.900\"}]},{\"@type\":\"WebSite\",\"@id\":\"https:\\\/\\\/blogdofarnesio.com.br\\\/#website\",\"url\":\"https:\\\/\\\/blogdofarnesio.com.br\\\/\",\"name\":\"Blog do Farn\u00e9sio\",\"description\":\"Quer Saber Pol\u00edtica?\",\"publisher\":{\"@id\":\"https:\\\/\\\/blogdofarnesio.com.br\\\/#organization\"},\"potentialAction\":[{\"@type\":\"SearchAction\",\"target\":{\"@type\":\"EntryPoint\",\"urlTemplate\":\"https:\\\/\\\/blogdofarnesio.com.br\\\/?s={search_term_string}\"},\"query-input\":{\"@type\":\"PropertyValueSpecification\",\"valueRequired\":true,\"valueName\":\"search_term_string\"}}],\"inLanguage\":\"pt-BR\"},{\"@type\":\"Organization\",\"@id\":\"https:\\\/\\\/blogdofarnesio.com.br\\\/#organization\",\"name\":\"Blog do Farn\u00e9sio\",\"url\":\"https:\\\/\\\/blogdofarnesio.com.br\\\/\",\"logo\":{\"@type\":\"ImageObject\",\"inLanguage\":\"pt-BR\",\"@id\":\"https:\\\/\\\/blogdofarnesio.com.br\\\/#\\\/schema\\\/logo\\\/image\\\/\",\"url\":\"https:\\\/\\\/blogdofarnesio.com.br\\\/wp-content\\\/uploads\\\/2026\\\/03\\\/cropped-logo_new-1.png\",\"contentUrl\":\"https:\\\/\\\/blogdofarnesio.com.br\\\/wp-content\\\/uploads\\\/2026\\\/03\\\/cropped-logo_new-1.png\",\"width\":881,\"height\":685,\"caption\":\"Blog do Farn\u00e9sio\"},\"image\":{\"@id\":\"https:\\\/\\\/blogdofarnesio.com.br\\\/#\\\/schema\\\/logo\\\/image\\\/\"},\"sameAs\":[\"https:\\\/\\\/www.facebook.com\\\/BlogQuerSaberPolitica\\\/\"]},{\"@type\":\"Person\",\"@id\":\"https:\\\/\\\/blogdofarnesio.com.br\\\/#\\\/schema\\\/person\\\/bb9b23ae3ad0609ce8df7b6c9e76824d\",\"name\":\"Farn\u00e9sio\",\"image\":{\"@type\":\"ImageObject\",\"inLanguage\":\"pt-BR\",\"@id\":\"https:\\\/\\\/secure.gravatar.com\\\/avatar\\\/986aa4c61ccdb66f8555bf88fc2a65609d00bcabd4d2d94377a727547345cbca?s=96&d=mm&r=g\",\"url\":\"https:\\\/\\\/secure.gravatar.com\\\/avatar\\\/986aa4c61ccdb66f8555bf88fc2a65609d00bcabd4d2d94377a727547345cbca?s=96&d=mm&r=g\",\"contentUrl\":\"https:\\\/\\\/secure.gravatar.com\\\/avatar\\\/986aa4c61ccdb66f8555bf88fc2a65609d00bcabd4d2d94377a727547345cbca?s=96&d=mm&r=g\",\"caption\":\"Farn\u00e9sio\"},\"description\":\"Radialista blogueiro, chegou a Petrolina\\\/Juazeiro em setembro de 1980, Farn\u00e9sio Silva \u00e9 de Arapiraca-Alagoas.\",\"sameAs\":[\"http:\\\/\\\/blogdofarnesio.com.br\",\"https:\\\/\\\/www.facebook.com\\\/?ref=tn_tnmn\",\"https:\\\/\\\/www.instagram.com\\\/?utm_source=pwa_homescreen\",\"https:\\\/\\\/youtube.com.br\\\/\"],\"url\":\"https:\\\/\\\/blogdofarnesio.com.br\\\/?author=2\"}]}<\/script>\n<!-- \/ Yoast SEO plugin. -->","yoast_head_json":{"title":"Educa\u00e7\u00e3o de Pernambuco anuncia 3\u00ba concurso com 155 vagas e sal\u00e1rio de at\u00e9 R$ 3.900 - Blog do Farn\u00e9sio","robots":{"index":"index","follow":"follow","max-snippet":"max-snippet:-1","max-image-preview":"max-image-preview:large","max-video-preview":"max-video-preview:-1"},"canonical":"https:\/\/blogdofarnesio.com.br\/?p=330352","og_locale":"pt_BR","og_type":"article","og_title":"Educa\u00e7\u00e3o de Pernambuco anuncia 3\u00ba concurso com 155 vagas e sal\u00e1rio de at\u00e9 R$ 3.900 - Blog do Farn\u00e9sio","og_description":"Mais uma oportunidade para professores ingressarem na rede estadual de Pernambuco. Foi publicado no Di\u00e1rio Oficial de ter\u00e7a-feira (27) edital do concurso p\u00fablico para selecionar 155 docentes, sendo 101 para professores de m\u00fasica e 54 para educa\u00e7\u00e3o especial. S\u00e3o 101 vagas para professor de m\u00fasica que v\u00e3o lecionar no Conservat\u00f3rio Pernambucano de M\u00fasica, em Santo Amaro, e no Centro de Criatividade Musical, que fica na Boa Vista, ambos na \u00e1rea central do Recife. Outras 54 vagas s\u00e3o para professor de educa\u00e7\u00e3o especial: 29 para professor de Braille e 25 para int\u00e9rprete de Libras, a L\u00edngua Brasileira de Sinais. O Centro Brasileiro de Pesquisa em Avalia\u00e7\u00e3o e Sele\u00e7\u00e3o e de Promo\u00e7\u00e3o de Eventos (Cebraspe) ser\u00e1 a banca que aplicar\u00e1 esse terceiro&hellip;","og_url":"https:\/\/blogdofarnesio.com.br\/?p=330352","og_site_name":"Blog do Farn\u00e9sio","article_publisher":"https:\/\/www.facebook.com\/BlogQuerSaberPolitica\/","article_author":"https:\/\/www.facebook.com\/?ref=tn_tnmn","article_published_time":"2022-12-29T12:30:50+00:00","og_image":[{"width":640,"height":365,"url":"https:\/\/blogdofarnesio.com.br\/wp-content\/uploads\/2017\/11\/blogqspselecao_professor.jpg","type":"image\/jpeg"}],"author":"Farn\u00e9sio","twitter_card":"summary_large_image","twitter_misc":{"Escrito por":"Farn\u00e9sio","Est. tempo de leitura":"2 minutos"},"schema":{"@context":"https:\/\/schema.org","@graph":[{"@type":"Article","@id":"https:\/\/blogdofarnesio.com.br\/?p=330352#article","isPartOf":{"@id":"https:\/\/blogdofarnesio.com.br\/?p=330352"},"author":{"name":"Farn\u00e9sio","@id":"https:\/\/blogdofarnesio.com.br\/#\/schema\/person\/bb9b23ae3ad0609ce8df7b6c9e76824d"},"headline":"Educa\u00e7\u00e3o de Pernambuco anuncia 3\u00ba concurso com 155 vagas e sal\u00e1rio de at\u00e9 R$ 3.900","datePublished":"2022-12-29T12:30:50+00:00","mainEntityOfPage":{"@id":"https:\/\/blogdofarnesio.com.br\/?p=330352"},"wordCount":247,"commentCount":0,"publisher":{"@id":"https:\/\/blogdofarnesio.com.br\/#organization"},"image":{"@id":"https:\/\/blogdofarnesio.com.br\/?p=330352#primaryimage"},"thumbnailUrl":"https:\/\/blogdofarnesio.com.br\/wp-content\/uploads\/2017\/11\/blogqspselecao_professor.jpg","articleSection":["Concursos"],"inLanguage":"pt-BR","potentialAction":[{"@type":"CommentAction","name":"Comment","target":["https:\/\/blogdofarnesio.com.br\/?p=330352#respond"]}]},{"@type":"WebPage","@id":"https:\/\/blogdofarnesio.com.br\/?p=330352","url":"https:\/\/blogdofarnesio.com.br\/?p=330352","name":"Educa\u00e7\u00e3o de Pernambuco anuncia 3\u00ba concurso com 155 vagas e sal\u00e1rio de at\u00e9 R$ 3.900 - Blog do Farn\u00e9sio","isPartOf":{"@id":"https:\/\/blogdofarnesio.com.br\/#website"},"primaryImageOfPage":{"@id":"https:\/\/blogdofarnesio.com.br\/?p=330352#primaryimage"},"image":{"@id":"https:\/\/blogdofarnesio.com.br\/?p=330352#primaryimage"},"thumbnailUrl":"https:\/\/blogdofarnesio.com.br\/wp-content\/uploads\/2017\/11\/blogqspselecao_professor.jpg","datePublished":"2022-12-29T12:30:50+00:00","breadcrumb":{"@id":"https:\/\/blogdofarnesio.com.br\/?p=330352#breadcrumb"},"inLanguage":"pt-BR","potentialAction":[{"@type":"ReadAction","target":["https:\/\/blogdofarnesio.com.br\/?p=330352"]}]},{"@type":"ImageObject","inLanguage":"pt-BR","@id":"https:\/\/blogdofarnesio.com.br\/?p=330352#primaryimage","url":"https:\/\/blogdofarnesio.com.br\/wp-content\/uploads\/2017\/11\/blogqspselecao_professor.jpg","contentUrl":"https:\/\/blogdofarnesio.com.br\/wp-content\/uploads\/2017\/11\/blogqspselecao_professor.jpg","width":640,"height":365},{"@type":"BreadcrumbList","@id":"https:\/\/blogdofarnesio.com.br\/?p=330352#breadcrumb","itemListElement":[{"@type":"ListItem","position":1,"name":"In\u00edcio","item":"https:\/\/blogdofarnesio.com.br\/"},{"@type":"ListItem","position":2,"name":"Educa\u00e7\u00e3o de Pernambuco anuncia 3\u00ba concurso com 155 vagas e sal\u00e1rio de at\u00e9 R$ 3.900"}]},{"@type":"WebSite","@id":"https:\/\/blogdofarnesio.com.br\/#website","url":"https:\/\/blogdofarnesio.com.br\/","name":"Blog do Farn\u00e9sio","description":"Quer Saber Pol\u00edtica?","publisher":{"@id":"https:\/\/blogdofarnesio.com.br\/#organization"},"potentialAction":[{"@type":"SearchAction","target":{"@type":"EntryPoint","urlTemplate":"https:\/\/blogdofarnesio.com.br\/?s={search_term_string}"},"query-input":{"@type":"PropertyValueSpecification","valueRequired":true,"valueName":"search_term_string"}}],"inLanguage":"pt-BR"},{"@type":"Organization","@id":"https:\/\/blogdofarnesio.com.br\/#organization","name":"Blog do Farn\u00e9sio","url":"https:\/\/blogdofarnesio.com.br\/","logo":{"@type":"ImageObject","inLanguage":"pt-BR","@id":"https:\/\/blogdofarnesio.com.br\/#\/schema\/logo\/image\/","url":"https:\/\/blogdofarnesio.com.br\/wp-content\/uploads\/2026\/03\/cropped-logo_new-1.png","contentUrl":"https:\/\/blogdofarnesio.com.br\/wp-content\/uploads\/2026\/03\/cropped-logo_new-1.png","width":881,"height":685,"caption":"Blog do Farn\u00e9sio"},"image":{"@id":"https:\/\/blogdofarnesio.com.br\/#\/schema\/logo\/image\/"},"sameAs":["https:\/\/www.facebook.com\/BlogQuerSaberPolitica\/"]},{"@type":"Person","@id":"https:\/\/blogdofarnesio.com.br\/#\/schema\/person\/bb9b23ae3ad0609ce8df7b6c9e76824d","name":"Farn\u00e9sio","image":{"@type":"ImageObject","inLanguage":"pt-BR","@id":"https:\/\/secure.gravatar.com\/avatar\/986aa4c61ccdb66f8555bf88fc2a65609d00bcabd4d2d94377a727547345cbca?s=96&d=mm&r=g","url":"https:\/\/secure.gravatar.com\/avatar\/986aa4c61ccdb66f8555bf88fc2a65609d00bcabd4d2d94377a727547345cbca?s=96&d=mm&r=g","contentUrl":"https:\/\/secure.gravatar.com\/avatar\/986aa4c61ccdb66f8555bf88fc2a65609d00bcabd4d2d94377a727547345cbca?s=96&d=mm&r=g","caption":"Farn\u00e9sio"},"description":"Radialista blogueiro, chegou a Petrolina\/Juazeiro em setembro de 1980, Farn\u00e9sio Silva \u00e9 de Arapiraca-Alagoas.","sameAs":["http:\/\/blogdofarnesio.com.br","https:\/\/www.facebook.com\/?ref=tn_tnmn","https:\/\/www.instagram.com\/?utm_source=pwa_homescreen","https:\/\/youtube.com.br\/"],"url":"https:\/\/blogdofarnesio.com.br\/?author=2"}]}},"_links":{"self":[{"href":"https:\/\/blogdofarnesio.com.br\/index.php?rest_route=\/wp\/v2\/posts\/330352","targetHints":{"allow":["GET"]}}],"collection":[{"href":"https:\/\/blogdofarnesio.com.br\/index.php?rest_route=\/wp\/v2\/posts"}],"about":[{"href":"https:\/\/blogdofarnesio.com.br\/index.php?rest_route=\/wp\/v2\/types\/post"}],"author":[{"embeddable":true,"href":"https:\/\/blogdofarnesio.com.br\/index.php?rest_route=\/wp\/v2\/users\/2"}],"replies":[{"embeddable":true,"href":"https:\/\/blogdofarnesio.com.br\/index.php?rest_route=%2Fwp%2Fv2%2Fcomments&post=330352"}],"version-history":[{"count":0,"href":"https:\/\/blogdofarnesio.com.br\/index.php?rest_route=\/wp\/v2\/posts\/330352\/revisions"}],"wp:featuredmedia":[{"embeddable":true,"href":"https:\/\/blogdofarnesio.com.br\/index.php?rest_route=\/wp\/v2\/media\/180789"}],"wp:attachment":[{"href":"https:\/\/blogdofarnesio.com.br\/index.php?rest_route=%2Fwp%2Fv2%2Fmedia&parent=330352"}],"wp:term":[{"taxonomy":"category","embeddable":true,"href":"https:\/\/blogdofarnesio.com.br\/index.php?rest_route=%2Fwp%2Fv2%2Fcategories&post=330352"},{"taxonomy":"post_tag","embeddable":true,"href":"https:\/\/blogdofarnesio.com.br\/index.php?rest_route=%2Fwp%2Fv2%2Ftags&post=330352"}],"curies":[{"name":"wp","href":"https:\/\/api.w.org\/{rel}","templated":true}]}}